{"id":42741,"date":"2024-04-18T13:54:07","date_gmt":"2024-04-18T16:54:07","guid":{"rendered":"https:\/\/www.jornalboasnoticias.com.br\/?p=42741"},"modified":"2024-04-18T13:54:07","modified_gmt":"2024-04-18T16:54:07","slug":"com-doses-proximas-do-vencimento-saude-amplia-vacinacao-contra-dengue","status":"publish","type":"post","link":"https:\/\/jornalboasnoticias.com.br\/home\/com-doses-proximas-do-vencimento-saude-amplia-vacinacao-contra-dengue\/","title":{"rendered":"Com doses pr\u00f3ximas do vencimento, Sa\u00fade amplia vacina\u00e7\u00e3o contra dengue"},"content":{"rendered":"<blockquote>\n<p class=\"col-10 offset-1 animated fadeInDown dealy-900 display-8 display-md-8 alt-font font-italic my-1 text-center\" style=\"text-align: center;\">Crian\u00e7a e adolescente de 6 a 16 anos podem se vacinar at\u00e9 30 de abril<\/p>\n<\/blockquote>\n<figure id=\"attachment_40293\" aria-describedby=\"caption-attachment-40293\" style=\"width: 610px\" class=\"wp-caption aligncenter\"><img loading=\"lazy\" decoding=\"async\" class=\"wp-image-40293 size-medium\" src=\"https:\/\/jornalboasnoticias.com.br\/home\/wp-content\/uploads\/2023\/07\/IMG_6488-e1689693651604-610x365.jpeg\" alt=\"\" width=\"610\" height=\"365\" \/><figcaption id=\"caption-attachment-40293\" class=\"wp-caption-text\">\u00a9 Fabio Rodrigues-Pozzebom\/ Ag\u00eancia Brasil<\/figcaption><\/figure>\n<p>O Minist\u00e9rio da Sa\u00fade ampliou o p\u00fablico-alvo da vacina\u00e7\u00e3o contra a dengue para evitar perdas de estoques de vacinas que est\u00e3o pr\u00f3ximas do vencimento. Doses com validade at\u00e9 30 de abril poder\u00e3o ser aplicadas, preferencialmente, em crian\u00e7as e adolescente de 6 a 16 anos.<\/p>\n<p>A crit\u00e9rio dos gestores municipais, a imuniza\u00e7\u00e3o poder\u00e1 ser estendida a pessoas de 4 a 59 anos, que \u00e9 o limite et\u00e1rio especificado na bula da vacina Qdenga, aprovada pela Ag\u00eancia Nacional de Vigil\u00e2ncia Sanit\u00e1ria (Anvisa).<\/p>\n<p>\u201cOs munic\u00edpios que tiverem muitas vacinas contra dengue com validade at\u00e9 30\/04, representando um risco de perda f\u00edsica, poder\u00e3o aplic\u00e1-las em faixa et\u00e1ria ampliada, de 6 a 16 anos. Em caso de necessidade, munic\u00edpios poder\u00e3o ampliar a estrat\u00e9gia para a faixa et\u00e1ria aprovada pela Anvisa, entre 4 a 59 anos, conforme disponibilidade de doses que vencer\u00e3o at\u00e9 30 de abril de 2024\u201d, escreveu a Secret\u00e1ria de Vigil\u00e2ncia em Sa\u00fade e Ambiente, Ethel Maciel, em publica\u00e7\u00e3o nas redes sociais nesta quinta-feira (18).<\/p>\n<p>Ela destacou que a modifica\u00e7\u00e3o da estrat\u00e9gia \u00e9 tempor\u00e1ria, em raz\u00e3o da data de vencimento das vacinas. Mas quem se vacinar nesse cen\u00e1rio, ter\u00e1 sua segunda dose garantida.<\/p>\n<p>\u201cLembrando que cada munic\u00edpio est\u00e1 em uma situa\u00e7\u00e3o em rela\u00e7\u00e3o ao estoque e busca pelas vacinas, ent\u00e3o \u00e9 importante verificar junto ao munic\u00edpio a faixa et\u00e1ria liberada. Neste momento \u00e9 de extrema import\u00e2ncia levar as crian\u00e7as para a atualiza\u00e7\u00e3o da caderneta vacinal, para proteg\u00ea-las e reduzir os riscos de dengue\u201d, acrescentou.<\/p>\n<p>A campanha de vacina\u00e7\u00e3o contra a dengue teve in\u00edcio em fevereiro, com a distribui\u00e7\u00e3o de doses a 521 munic\u00edpios selecionados pelo <a href=\"https:\/\/agenciabrasil.ebc.com.br\/saude\/noticia\/2024-03\/saude-amplia-vacinacao-contra-dengue-para-mais-154-municipios\" target=\"_blank\" rel=\"noopener\">Minist\u00e9rio da Sa\u00fade<\/a>. O p\u00fablico-alvo priorit\u00e1rio s\u00e3o crian\u00e7as e adolescentes com idade entre 10 e 14 anos, conforme estabelecido pelo Minist\u00e9rio da Sa\u00fade.<\/p>\n<p>\u201cEmbora exista a vacina contra a dengue, o controle do vetor <em>Aedes aegypti<\/em> \u00e9 o principal m\u00e9todo para a preven\u00e7\u00e3o e controle para a dengue e outras arboviroses urbanas (como <em>chikungunya<\/em> e z<em>ika<\/em>), seja pelo manejo integrado de vetores ou pela preven\u00e7\u00e3o pessoal dentro dos domic\u00edlios\u201d, alerta o Minist\u00e9rio da Sa\u00fade.<\/p>\n<p><img loading=\"lazy\" decoding=\"async\" class=\"wp-image-42742 size-full\" src=\"https:\/\/jornalboasnoticias.com.br\/home\/wp-content\/uploads\/2024\/04\/IMG_2701.jpeg\" alt=\"\" width=\"670\" height=\"900\" srcset=\"https:\/\/jornalboasnoticias.com.br\/home\/wp-content\/uploads\/2024\/04\/IMG_2701.jpeg 670w, https:\/\/jornalboasnoticias.com.br\/home\/wp-content\/uploads\/2024\/04\/IMG_2701-223x300.jpeg 223w\" sizes=\"auto, (max-width: 670px) 100vw, 670px\" \/><\/p>\n<h2>Vacina\u00e7\u00e3o no DF<\/h2>\n<p>A Secretaria de Sa\u00fade do Distrito Federal j\u00e1 confirmou a amplia\u00e7\u00e3o da vacina\u00e7\u00e3o nas unidades de sa\u00fade. \u201cEssa expans\u00e3o da faixa et\u00e1ria ser\u00e1 v\u00e1lida at\u00e9 o fim do estoque de vacinas contra dengue ainda dispon\u00edveis na rede. Ainda h\u00e1 cerca de 2,8 mil dispon\u00edveis\u201d, informou.<\/p>\n<p>De acordo com a pasta, j\u00e1 foram aplicadas 54.214 doses, cerca de 92% do total distribu\u00eddo no DF.<\/p>\n<p><em>Ag\u00eancia Brasil<\/em><\/p>\n","protected":false},"excerpt":{"rendered":"<p>Crian\u00e7a e adolescente de 6 a 16 anos podem se vacinar at\u00e9 30 de abril<\/p>\n","protected":false},"author":2,"featured_media":40293,"comment_status":"open","ping_status":"open","sticky":false,"template":"","format":"standard","meta":{"footnotes":""},"categories":[7],"tags":[],"class_list":["post-42741","post","type-post","status-publish","format-standard","has-post-thumbnail","hentry","category-saude"],"yoast_head":"<!-- This site is optimized with the Yoast SEO plugin v27.5 - https:\/\/yoast.com\/product\/yoast-seo-wordpress\/ -->\n<title>Com doses pr\u00f3ximas do vencimento, Sa\u00fade amplia vacina\u00e7\u00e3o contra dengue - Jornal<\/title>\n<meta name=\"description\" content=\"Com doses pr\u00f3ximas do vencimento, Sa\u00fade amplia vacina\u00e7\u00e3o contra dengue\" \/>\n<meta name=\"robots\" content=\"index, follow, max-snippet:-1, max-image-preview:large, max-video-preview:-1\" \/>\n<link rel=\"canonical\" href=\"https:\/\/jornalboasnoticias.com.br\/home\/com-doses-proximas-do-vencimento-saude-amplia-vacinacao-contra-dengue\/\" \/>\n<meta property=\"og:locale\" content=\"pt_BR\" \/>\n<meta property=\"og:type\" content=\"article\" \/>\n<meta property=\"og:title\" content=\"Com doses pr\u00f3ximas do vencimento, Sa\u00fade amplia vacina\u00e7\u00e3o contra dengue - Jornal\" \/>\n<meta property=\"og:description\" content=\"Com doses pr\u00f3ximas do vencimento, Sa\u00fade amplia vacina\u00e7\u00e3o contra dengue\" \/>\n<meta property=\"og:url\" content=\"https:\/\/jornalboasnoticias.com.br\/home\/com-doses-proximas-do-vencimento-saude-amplia-vacinacao-contra-dengue\/\" \/>\n<meta property=\"og:site_name\" content=\"Jornal\" \/>\n<meta property=\"article:publisher\" content=\"https:\/\/www.facebook.com\/boasnoticiasjornal\" \/>\n<meta property=\"article:published_time\" content=\"2024-04-18T16:54:07+00:00\" \/>\n<meta property=\"og:image\" content=\"https:\/\/jornalboasnoticias.com.br\/home\/wp-content\/uploads\/2023\/07\/IMG_6488-e1689693651604.jpeg\" \/>\n\t<meta property=\"og:image:width\" content=\"1000\" \/>\n\t<meta property=\"og:image:height\" content=\"598\" \/>\n\t<meta property=\"og:image:type\" content=\"image\/jpeg\" \/>\n<meta name=\"author\" content=\"Maria Bonatto\" \/>\n<meta name=\"twitter:card\" content=\"summary_large_image\" \/>\n<meta name=\"twitter:label1\" content=\"Escrito por\" \/>\n\t<meta name=\"twitter:data1\" content=\"Maria Bonatto\" \/>\n\t<meta name=\"twitter:label2\" content=\"Est. tempo de leitura\" \/>\n\t<meta name=\"twitter:data2\" content=\"2 minutos\" \/>\n<script type=\"application\/ld+json\" class=\"yoast-schema-graph\">{\"@context\":\"https:\\\/\\\/schema.org\",\"@graph\":[{\"@type\":\"Article\",\"@id\":\"https:\\\/\\\/jornalboasnoticias.com.br\\\/home\\\/com-doses-proximas-do-vencimento-saude-amplia-vacinacao-contra-dengue\\\/#article\",\"isPartOf\":{\"@id\":\"https:\\\/\\\/jornalboasnoticias.com.br\\\/home\\\/com-doses-proximas-do-vencimento-saude-amplia-vacinacao-contra-dengue\\\/\"},\"author\":{\"name\":\"Maria Bonatto\",\"@id\":\"https:\\\/\\\/jornalboasnoticias.com.br\\\/home\\\/#\\\/schema\\\/person\\\/71a4be4d1685617d6d00f15f0f2952ee\"},\"headline\":\"Com doses pr\u00f3ximas do vencimento, Sa\u00fade amplia vacina\u00e7\u00e3o contra dengue\",\"datePublished\":\"2024-04-18T16:54:07+00:00\",\"mainEntityOfPage\":{\"@id\":\"https:\\\/\\\/jornalboasnoticias.com.br\\\/home\\\/com-doses-proximas-do-vencimento-saude-amplia-vacinacao-contra-dengue\\\/\"},\"wordCount\":490,\"commentCount\":0,\"publisher\":{\"@id\":\"https:\\\/\\\/jornalboasnoticias.com.br\\\/home\\\/#organization\"},\"image\":{\"@id\":\"https:\\\/\\\/jornalboasnoticias.com.br\\\/home\\\/com-doses-proximas-do-vencimento-saude-amplia-vacinacao-contra-dengue\\\/#primaryimage\"},\"thumbnailUrl\":\"https:\\\/\\\/jornalboasnoticias.com.br\\\/home\\\/wp-content\\\/uploads\\\/2023\\\/07\\\/IMG_6488-e1689693651604.jpeg\",\"articleSection\":[\"SA\u00daDE\"],\"inLanguage\":\"pt-BR\",\"potentialAction\":[{\"@type\":\"CommentAction\",\"name\":\"Comment\",\"target\":[\"https:\\\/\\\/jornalboasnoticias.com.br\\\/home\\\/com-doses-proximas-do-vencimento-saude-amplia-vacinacao-contra-dengue\\\/#respond\"]}]},{\"@type\":\"WebPage\",\"@id\":\"https:\\\/\\\/jornalboasnoticias.com.br\\\/home\\\/com-doses-proximas-do-vencimento-saude-amplia-vacinacao-contra-dengue\\\/\",\"url\":\"https:\\\/\\\/jornalboasnoticias.com.br\\\/home\\\/com-doses-proximas-do-vencimento-saude-amplia-vacinacao-contra-dengue\\\/\",\"name\":\"Com doses pr\u00f3ximas do vencimento, Sa\u00fade amplia vacina\u00e7\u00e3o contra dengue - Jornal\",\"isPartOf\":{\"@id\":\"https:\\\/\\\/jornalboasnoticias.com.br\\\/home\\\/#website\"},\"primaryImageOfPage\":{\"@id\":\"https:\\\/\\\/jornalboasnoticias.com.br\\\/home\\\/com-doses-proximas-do-vencimento-saude-amplia-vacinacao-contra-dengue\\\/#primaryimage\"},\"image\":{\"@id\":\"https:\\\/\\\/jornalboasnoticias.com.br\\\/home\\\/com-doses-proximas-do-vencimento-saude-amplia-vacinacao-contra-dengue\\\/#primaryimage\"},\"thumbnailUrl\":\"https:\\\/\\\/jornalboasnoticias.com.br\\\/home\\\/wp-content\\\/uploads\\\/2023\\\/07\\\/IMG_6488-e1689693651604.jpeg\",\"datePublished\":\"2024-04-18T16:54:07+00:00\",\"description\":\"Com doses pr\u00f3ximas do vencimento, Sa\u00fade amplia vacina\u00e7\u00e3o contra dengue\",\"breadcrumb\":{\"@id\":\"https:\\\/\\\/jornalboasnoticias.com.br\\\/home\\\/com-doses-proximas-do-vencimento-saude-amplia-vacinacao-contra-dengue\\\/#breadcrumb\"},\"inLanguage\":\"pt-BR\",\"potentialAction\":[{\"@type\":\"ReadAction\",\"target\":[\"https:\\\/\\\/jornalboasnoticias.com.br\\\/home\\\/com-doses-proximas-do-vencimento-saude-amplia-vacinacao-contra-dengue\\\/\"]}]},{\"@type\":\"ImageObject\",\"inLanguage\":\"pt-BR\",\"@id\":\"https:\\\/\\\/jornalboasnoticias.com.br\\\/home\\\/com-doses-proximas-do-vencimento-saude-amplia-vacinacao-contra-dengue\\\/#primaryimage\",\"url\":\"https:\\\/\\\/jornalboasnoticias.com.br\\\/home\\\/wp-content\\\/uploads\\\/2023\\\/07\\\/IMG_6488-e1689693651604.jpeg\",\"contentUrl\":\"https:\\\/\\\/jornalboasnoticias.com.br\\\/home\\\/wp-content\\\/uploads\\\/2023\\\/07\\\/IMG_6488-e1689693651604.jpeg\",\"width\":1000,\"height\":598,\"caption\":\"\u00a9 Fabio Rodrigues-Pozzebom\\\/ Ag\u00eancia Brasil\"},{\"@type\":\"BreadcrumbList\",\"@id\":\"https:\\\/\\\/jornalboasnoticias.com.br\\\/home\\\/com-doses-proximas-do-vencimento-saude-amplia-vacinacao-contra-dengue\\\/#breadcrumb\",\"itemListElement\":[{\"@type\":\"ListItem\",\"position\":1,\"name\":\"In\u00edcio\",\"item\":\"https:\\\/\\\/jornalboasnoticias.com.br\\\/home\\\/\"},{\"@type\":\"ListItem\",\"position\":2,\"name\":\"Com doses pr\u00f3ximas do vencimento, Sa\u00fade amplia vacina\u00e7\u00e3o contra dengue\"}]},{\"@type\":\"WebSite\",\"@id\":\"https:\\\/\\\/jornalboasnoticias.com.br\\\/home\\\/#website\",\"url\":\"https:\\\/\\\/jornalboasnoticias.com.br\\\/home\\\/\",\"name\":\"Jornal Boas Not\u00edcias\",\"description\":\"Boas not\u00edcias\",\"publisher\":{\"@id\":\"https:\\\/\\\/jornalboasnoticias.com.br\\\/home\\\/#organization\"},\"potentialAction\":[{\"@type\":\"SearchAction\",\"target\":{\"@type\":\"EntryPoint\",\"urlTemplate\":\"https:\\\/\\\/jornalboasnoticias.com.br\\\/home\\\/?s={search_term_string}\"},\"query-input\":{\"@type\":\"PropertyValueSpecification\",\"valueRequired\":true,\"valueName\":\"search_term_string\"}}],\"inLanguage\":\"pt-BR\"},{\"@type\":\"Organization\",\"@id\":\"https:\\\/\\\/jornalboasnoticias.com.br\\\/home\\\/#organization\",\"name\":\"Coq Editora Ltda\",\"alternateName\":\"Jornal Boas Noticias\",\"url\":\"https:\\\/\\\/jornalboasnoticias.com.br\\\/home\\\/\",\"logo\":{\"@type\":\"ImageObject\",\"inLanguage\":\"pt-BR\",\"@id\":\"https:\\\/\\\/jornalboasnoticias.com.br\\\/home\\\/#\\\/schema\\\/logo\\\/image\\\/\",\"url\":\"https:\\\/\\\/jornalboasnoticias.com.br\\\/home\\\/wp-content\\\/uploads\\\/2024\\\/07\\\/cropped-logo.jpg\",\"contentUrl\":\"https:\\\/\\\/jornalboasnoticias.com.br\\\/home\\\/wp-content\\\/uploads\\\/2024\\\/07\\\/cropped-logo.jpg\",\"width\":290,\"height\":142,\"caption\":\"Coq Editora Ltda\"},\"image\":{\"@id\":\"https:\\\/\\\/jornalboasnoticias.com.br\\\/home\\\/#\\\/schema\\\/logo\\\/image\\\/\"},\"sameAs\":[\"https:\\\/\\\/www.facebook.com\\\/boasnoticiasjornal\"]},{\"@type\":\"Person\",\"@id\":\"https:\\\/\\\/jornalboasnoticias.com.br\\\/home\\\/#\\\/schema\\\/person\\\/71a4be4d1685617d6d00f15f0f2952ee\",\"name\":\"Maria Bonatto\",\"image\":{\"@type\":\"ImageObject\",\"inLanguage\":\"pt-BR\",\"@id\":\"https:\\\/\\\/secure.gravatar.com\\\/avatar\\\/61bdbd92f7d53dd2fedfe556279602d97507ae906fdeb9624602488dcdcd042f?s=96&d=mm&r=g\",\"url\":\"https:\\\/\\\/secure.gravatar.com\\\/avatar\\\/61bdbd92f7d53dd2fedfe556279602d97507ae906fdeb9624602488dcdcd042f?s=96&d=mm&r=g\",\"contentUrl\":\"https:\\\/\\\/secure.gravatar.com\\\/avatar\\\/61bdbd92f7d53dd2fedfe556279602d97507ae906fdeb9624602488dcdcd042f?s=96&d=mm&r=g\",\"caption\":\"Maria Bonatto\"},\"url\":\"https:\\\/\\\/jornalboasnoticias.com.br\\\/home\\\/author\\\/ana-bonatto\\\/\"}]}<\/script>\n<!-- \/ Yoast SEO plugin. -->","yoast_head_json":{"title":"Com doses pr\u00f3ximas do vencimento, Sa\u00fade amplia vacina\u00e7\u00e3o contra dengue - Jornal","description":"Com doses pr\u00f3ximas do vencimento, Sa\u00fade amplia vacina\u00e7\u00e3o contra dengue","robots":{"index":"index","follow":"follow","max-snippet":"max-snippet:-1","max-image-preview":"max-image-preview:large","max-video-preview":"max-video-preview:-1"},"canonical":"https:\/\/jornalboasnoticias.com.br\/home\/com-doses-proximas-do-vencimento-saude-amplia-vacinacao-contra-dengue\/","og_locale":"pt_BR","og_type":"article","og_title":"Com doses pr\u00f3ximas do vencimento, Sa\u00fade amplia vacina\u00e7\u00e3o contra dengue - Jornal","og_description":"Com doses pr\u00f3ximas do vencimento, Sa\u00fade amplia vacina\u00e7\u00e3o contra dengue","og_url":"https:\/\/jornalboasnoticias.com.br\/home\/com-doses-proximas-do-vencimento-saude-amplia-vacinacao-contra-dengue\/","og_site_name":"Jornal","article_publisher":"https:\/\/www.facebook.com\/boasnoticiasjornal","article_published_time":"2024-04-18T16:54:07+00:00","og_image":[{"width":1000,"height":598,"url":"https:\/\/jornalboasnoticias.com.br\/home\/wp-content\/uploads\/2023\/07\/IMG_6488-e1689693651604.jpeg","type":"image\/jpeg"}],"author":"Maria Bonatto","twitter_card":"summary_large_image","twitter_misc":{"Escrito por":"Maria Bonatto","Est. tempo de leitura":"2 minutos"},"schema":{"@context":"https:\/\/schema.org","@graph":[{"@type":"Article","@id":"https:\/\/jornalboasnoticias.com.br\/home\/com-doses-proximas-do-vencimento-saude-amplia-vacinacao-contra-dengue\/#article","isPartOf":{"@id":"https:\/\/jornalboasnoticias.com.br\/home\/com-doses-proximas-do-vencimento-saude-amplia-vacinacao-contra-dengue\/"},"author":{"name":"Maria Bonatto","@id":"https:\/\/jornalboasnoticias.com.br\/home\/#\/schema\/person\/71a4be4d1685617d6d00f15f0f2952ee"},"headline":"Com doses pr\u00f3ximas do vencimento, Sa\u00fade amplia vacina\u00e7\u00e3o contra dengue","datePublished":"2024-04-18T16:54:07+00:00","mainEntityOfPage":{"@id":"https:\/\/jornalboasnoticias.com.br\/home\/com-doses-proximas-do-vencimento-saude-amplia-vacinacao-contra-dengue\/"},"wordCount":490,"commentCount":0,"publisher":{"@id":"https:\/\/jornalboasnoticias.com.br\/home\/#organization"},"image":{"@id":"https:\/\/jornalboasnoticias.com.br\/home\/com-doses-proximas-do-vencimento-saude-amplia-vacinacao-contra-dengue\/#primaryimage"},"thumbnailUrl":"https:\/\/jornalboasnoticias.com.br\/home\/wp-content\/uploads\/2023\/07\/IMG_6488-e1689693651604.jpeg","articleSection":["SA\u00daDE"],"inLanguage":"pt-BR","potentialAction":[{"@type":"CommentAction","name":"Comment","target":["https:\/\/jornalboasnoticias.com.br\/home\/com-doses-proximas-do-vencimento-saude-amplia-vacinacao-contra-dengue\/#respond"]}]},{"@type":"WebPage","@id":"https:\/\/jornalboasnoticias.com.br\/home\/com-doses-proximas-do-vencimento-saude-amplia-vacinacao-contra-dengue\/","url":"https:\/\/jornalboasnoticias.com.br\/home\/com-doses-proximas-do-vencimento-saude-amplia-vacinacao-contra-dengue\/","name":"Com doses pr\u00f3ximas do vencimento, Sa\u00fade amplia vacina\u00e7\u00e3o contra dengue - Jornal","isPartOf":{"@id":"https:\/\/jornalboasnoticias.com.br\/home\/#website"},"primaryImageOfPage":{"@id":"https:\/\/jornalboasnoticias.com.br\/home\/com-doses-proximas-do-vencimento-saude-amplia-vacinacao-contra-dengue\/#primaryimage"},"image":{"@id":"https:\/\/jornalboasnoticias.com.br\/home\/com-doses-proximas-do-vencimento-saude-amplia-vacinacao-contra-dengue\/#primaryimage"},"thumbnailUrl":"https:\/\/jornalboasnoticias.com.br\/home\/wp-content\/uploads\/2023\/07\/IMG_6488-e1689693651604.jpeg","datePublished":"2024-04-18T16:54:07+00:00","description":"Com doses pr\u00f3ximas do vencimento, Sa\u00fade amplia vacina\u00e7\u00e3o contra dengue","breadcrumb":{"@id":"https:\/\/jornalboasnoticias.com.br\/home\/com-doses-proximas-do-vencimento-saude-amplia-vacinacao-contra-dengue\/#breadcrumb"},"inLanguage":"pt-BR","potentialAction":[{"@type":"ReadAction","target":["https:\/\/jornalboasnoticias.com.br\/home\/com-doses-proximas-do-vencimento-saude-amplia-vacinacao-contra-dengue\/"]}]},{"@type":"ImageObject","inLanguage":"pt-BR","@id":"https:\/\/jornalboasnoticias.com.br\/home\/com-doses-proximas-do-vencimento-saude-amplia-vacinacao-contra-dengue\/#primaryimage","url":"https:\/\/jornalboasnoticias.com.br\/home\/wp-content\/uploads\/2023\/07\/IMG_6488-e1689693651604.jpeg","contentUrl":"https:\/\/jornalboasnoticias.com.br\/home\/wp-content\/uploads\/2023\/07\/IMG_6488-e1689693651604.jpeg","width":1000,"height":598,"caption":"\u00a9 Fabio Rodrigues-Pozzebom\/ Ag\u00eancia Brasil"},{"@type":"BreadcrumbList","@id":"https:\/\/jornalboasnoticias.com.br\/home\/com-doses-proximas-do-vencimento-saude-amplia-vacinacao-contra-dengue\/#breadcrumb","itemListElement":[{"@type":"ListItem","position":1,"name":"In\u00edcio","item":"https:\/\/jornalboasnoticias.com.br\/home\/"},{"@type":"ListItem","position":2,"name":"Com doses pr\u00f3ximas do vencimento, Sa\u00fade amplia vacina\u00e7\u00e3o contra dengue"}]},{"@type":"WebSite","@id":"https:\/\/jornalboasnoticias.com.br\/home\/#website","url":"https:\/\/jornalboasnoticias.com.br\/home\/","name":"Jornal Boas Not\u00edcias","description":"Boas not\u00edcias","publisher":{"@id":"https:\/\/jornalboasnoticias.com.br\/home\/#organization"},"potentialAction":[{"@type":"SearchAction","target":{"@type":"EntryPoint","urlTemplate":"https:\/\/jornalboasnoticias.com.br\/home\/?s={search_term_string}"},"query-input":{"@type":"PropertyValueSpecification","valueRequired":true,"valueName":"search_term_string"}}],"inLanguage":"pt-BR"},{"@type":"Organization","@id":"https:\/\/jornalboasnoticias.com.br\/home\/#organization","name":"Coq Editora Ltda","alternateName":"Jornal Boas Noticias","url":"https:\/\/jornalboasnoticias.com.br\/home\/","logo":{"@type":"ImageObject","inLanguage":"pt-BR","@id":"https:\/\/jornalboasnoticias.com.br\/home\/#\/schema\/logo\/image\/","url":"https:\/\/jornalboasnoticias.com.br\/home\/wp-content\/uploads\/2024\/07\/cropped-logo.jpg","contentUrl":"https:\/\/jornalboasnoticias.com.br\/home\/wp-content\/uploads\/2024\/07\/cropped-logo.jpg","width":290,"height":142,"caption":"Coq Editora Ltda"},"image":{"@id":"https:\/\/jornalboasnoticias.com.br\/home\/#\/schema\/logo\/image\/"},"sameAs":["https:\/\/www.facebook.com\/boasnoticiasjornal"]},{"@type":"Person","@id":"https:\/\/jornalboasnoticias.com.br\/home\/#\/schema\/person\/71a4be4d1685617d6d00f15f0f2952ee","name":"Maria Bonatto","image":{"@type":"ImageObject","inLanguage":"pt-BR","@id":"https:\/\/secure.gravatar.com\/avatar\/61bdbd92f7d53dd2fedfe556279602d97507ae906fdeb9624602488dcdcd042f?s=96&d=mm&r=g","url":"https:\/\/secure.gravatar.com\/avatar\/61bdbd92f7d53dd2fedfe556279602d97507ae906fdeb9624602488dcdcd042f?s=96&d=mm&r=g","contentUrl":"https:\/\/secure.gravatar.com\/avatar\/61bdbd92f7d53dd2fedfe556279602d97507ae906fdeb9624602488dcdcd042f?s=96&d=mm&r=g","caption":"Maria Bonatto"},"url":"https:\/\/jornalboasnoticias.com.br\/home\/author\/ana-bonatto\/"}]}},"_links":{"self":[{"href":"https:\/\/jornalboasnoticias.com.br\/home\/wp-json\/wp\/v2\/posts\/42741","targetHints":{"allow":["GET"]}}],"collection":[{"href":"https:\/\/jornalboasnoticias.com.br\/home\/wp-json\/wp\/v2\/posts"}],"about":[{"href":"https:\/\/jornalboasnoticias.com.br\/home\/wp-json\/wp\/v2\/types\/post"}],"author":[{"embeddable":true,"href":"https:\/\/jornalboasnoticias.com.br\/home\/wp-json\/wp\/v2\/users\/2"}],"replies":[{"embeddable":true,"href":"https:\/\/jornalboasnoticias.com.br\/home\/wp-json\/wp\/v2\/comments?post=42741"}],"version-history":[{"count":0,"href":"https:\/\/jornalboasnoticias.com.br\/home\/wp-json\/wp\/v2\/posts\/42741\/revisions"}],"wp:featuredmedia":[{"embeddable":true,"href":"https:\/\/jornalboasnoticias.com.br\/home\/wp-json\/wp\/v2\/media\/40293"}],"wp:attachment":[{"href":"https:\/\/jornalboasnoticias.com.br\/home\/wp-json\/wp\/v2\/media?parent=42741"}],"wp:term":[{"taxonomy":"category","embeddable":true,"href":"https:\/\/jornalboasnoticias.com.br\/home\/wp-json\/wp\/v2\/categories?post=42741"},{"taxonomy":"post_tag","embeddable":true,"href":"https:\/\/jornalboasnoticias.com.br\/home\/wp-json\/wp\/v2\/tags?post=42741"}],"curies":[{"name":"wp","href":"https:\/\/api.w.org\/{rel}","templated":true}]}}