{"id":42721,"date":"2024-03-15T15:17:29","date_gmt":"2024-03-15T18:17:29","guid":{"rendered":"https:\/\/www.jornalboasnoticias.com.br\/?p=42721"},"modified":"2024-03-15T15:17:29","modified_gmt":"2024-03-15T18:17:29","slug":"dia-do-consumidor-aplicativo-menor-preco-e-o-maior-aliado-do-paranaense","status":"publish","type":"post","link":"https:\/\/jornalboasnoticias.com.br\/home\/dia-do-consumidor-aplicativo-menor-preco-e-o-maior-aliado-do-paranaense\/","title":{"rendered":"Dia do Consumidor: aplicativo Menor Pre\u00e7o \u00e9 o maior aliado do paranaense"},"content":{"rendered":"<blockquote>\n<p style=\"text-align: center;\">O uso do aplicativo \u00e9 simples: basta digitar o nome do produto ou escanear o c\u00f3digo de barras.<\/p>\n<\/blockquote>\n<figure id=\"attachment_42722\" aria-describedby=\"caption-attachment-42722\" style=\"width: 800px\" class=\"wp-caption aligncenter\"><img loading=\"lazy\" decoding=\"async\" class=\"wp-image-42722 size-full\" src=\"https:\/\/jornalboasnoticias.com.br\/home\/wp-content\/uploads\/2024\/03\/IMG_2058-scaled-e1710526606257.jpeg\" alt=\"Menor pre\u00e7o \" width=\"800\" height=\"534\" srcset=\"https:\/\/jornalboasnoticias.com.br\/home\/wp-content\/uploads\/2024\/03\/IMG_2058-scaled-e1710526606257.jpeg 800w, https:\/\/jornalboasnoticias.com.br\/home\/wp-content\/uploads\/2024\/03\/IMG_2058-scaled-e1710526606257-300x200.jpeg 300w, https:\/\/jornalboasnoticias.com.br\/home\/wp-content\/uploads\/2024\/03\/IMG_2058-scaled-e1710526606257-768x513.jpeg 768w\" sizes=\"auto, (max-width: 800px) 100vw, 800px\" \/><figcaption id=\"caption-attachment-42722\" class=\"wp-caption-text\">Foto: Geraldo Bubniak\/AEN<\/figcaption><\/figure>\n<p>Neste Dia do Consumidor, 15 de mar\u00e7o, o\u00a0aplicativo Menor Pre\u00e7o, desenvolvido pela Celepar para a Secretaria de Estado da Fazenda, que mostra ao usu\u00e1rio os pre\u00e7os de um determinado produto em todos os estabelecimentos ao seu redor, segue sendo uma das grandes op\u00e7\u00f5es para garantir que a popula\u00e7\u00e3o do Paran\u00e1 economize dinheiro.<\/p>\n<p>O uso do aplicativo \u00e9 simples: basta digitar o nome do produto ou escanear o c\u00f3digo de barras. Ent\u00e3o, o app ir\u00e1 mostrar os pre\u00e7os existentes nos estabelecimentos pr\u00f3ximos \u00e0 sua localiza\u00e7\u00e3o (\u00e9 preciso estar com o GPS habilitado).\u00a0A plataforma \u00e9 interligada ao Nota Paran\u00e1, do Governo do Estado, que devolve ao consumidor parte do ICMS cobrado nas compras no com\u00e9rcio, desde que coloque o CPF na nota fiscal. Assim, a cada nota emitida, informa\u00e7\u00f5es como o nome do estabelecimento, endere\u00e7o, produto vendido e valor s\u00e3o repassados em tempo real ao Menor Pre\u00e7o.<\/p>\n<p>\u201cO Menor Pre\u00e7o, do ponto de vista do direito do consumidor, traz muitas vantagens, pois a pessoa tem ideia do pre\u00e7o cobrado em cada local. Ent\u00e3o, se eu quero comprar um medicamento, um alimento ou outro item, posso ter uma ideia do valor, saber se o local perto de mim tem um pre\u00e7o competitivo\u201d, diz a coordenadora da Coordena\u00e7\u00e3o Estadual de Prote\u00e7\u00e3o e Defesa do Consumidor \u2013 Procon-Paran\u00e1, Claudia Silvano.<\/p>\n<p>\u201cVinte anos atr\u00e1s, para fazer pesquisa de pre\u00e7os, voc\u00ea tinha que ir de mercado em mercado. Hoje, o que as pessoas querem \u00e9 a facilidade na palma da m\u00e3o, o que \u00e9 um desejo leg\u00edtimo, porque facilita a vida\u201d, afirma a coordenadora. \u201cEnt\u00e3o, com o Menor Pre\u00e7o, voc\u00ea consegue avaliar, tomar uma decis\u00e3o mais informada, qualificada\u201d.<\/p>\n<p>Ela tamb\u00e9m destaca a integra\u00e7\u00e3o com o Nota Paran\u00e1.\u00a0\u201cQuanto mais notas voc\u00ea pedir na hora da compra, mais robusto fica o banco de dados. Al\u00e9m disso, existe, \u00e9 claro, a vantagem do ponto de vista da cidadania, j\u00e1 que o est\u00edmulo para emitir a nota fiscal tamb\u00e9m \u00e9 uma forma de combate \u00e0 sonega\u00e7\u00e3o\u201d, observa. \u201cIsso \u00e9 \u00f3timo, porque \u00e9 a a\u00e7\u00e3o do indiv\u00edduo em prol da coletividade\u201d.<\/p>\n<p>Gustavo Garbosa, diretor-presidente da Celepar, lembra que o Menor Pre\u00e7o pode ser um aliado do consumidor tamb\u00e9m neste m\u00eas de P\u00e1scoa. \u201c\u00c9 um momento em que muitas pessoas procuram presentes para familiares e amigos. O app pode ajudar a comparar os pre\u00e7os de chocolates e fazer a melhor escolha\u201d, complementa.<\/p>\n<p><strong>O Menor Pre\u00e7o \u00e9 gratuito e pode ser baixado pela\u00a0<a class=\"0\" href=\"https:\/\/play.google.com\/store\/apps\/details?id=br.gov.pr.celepar.sefa.mp&amp;hl=pt_BR&amp;gl=US\" target=\"_blank\" rel=\"noopener\">Play Store\u00a0<\/a>(para dispositivos Android) ou\u00a0<a class=\"0\" href=\"https:\/\/apps.apple.com\/br\/app\/menor-pre%C3%A7o\/id1164088000\" target=\"_blank\" rel=\"noopener\">App Store\u00a0<\/a>(para iOS).<\/strong><\/p>\n<p>(AEN)<\/p>\n","protected":false},"excerpt":{"rendered":"<p>O uso do aplicativo \u00e9 simples: basta digitar o nome do produto ou escanear o<\/p>\n","protected":false},"author":2,"featured_media":42722,"comment_status":"open","ping_status":"open","sticky":false,"template":"","format":"standard","meta":{"footnotes":""},"categories":[4],"tags":[],"class_list":["post-42721","post","type-post","status-publish","format-standard","has-post-thumbnail","hentry","category-parana"],"yoast_head":"<!-- This site is optimized with the Yoast SEO plugin v27.5 - https:\/\/yoast.com\/product\/yoast-seo-wordpress\/ -->\n<title>Dia do Consumidor: aplicativo Menor Pre\u00e7o \u00e9 o maior aliado do paranaense - Jornal<\/title>\n<meta name=\"description\" content=\"Dia do Consumidor: aplicativo Menor Pre\u00e7o \u00e9 o maior aliado do paranaense\" \/>\n<meta name=\"robots\" content=\"index, follow, max-snippet:-1, max-image-preview:large, max-video-preview:-1\" \/>\n<link rel=\"canonical\" href=\"https:\/\/jornalboasnoticias.com.br\/home\/dia-do-consumidor-aplicativo-menor-preco-e-o-maior-aliado-do-paranaense\/\" \/>\n<meta property=\"og:locale\" content=\"pt_BR\" \/>\n<meta property=\"og:type\" content=\"article\" \/>\n<meta property=\"og:title\" content=\"Dia do Consumidor: aplicativo Menor Pre\u00e7o \u00e9 o maior aliado do paranaense - Jornal\" \/>\n<meta property=\"og:description\" content=\"Dia do Consumidor: aplicativo Menor Pre\u00e7o \u00e9 o maior aliado do paranaense\" \/>\n<meta property=\"og:url\" content=\"https:\/\/jornalboasnoticias.com.br\/home\/dia-do-consumidor-aplicativo-menor-preco-e-o-maior-aliado-do-paranaense\/\" \/>\n<meta property=\"og:site_name\" content=\"Jornal\" \/>\n<meta property=\"article:publisher\" content=\"https:\/\/www.facebook.com\/boasnoticiasjornal\" \/>\n<meta property=\"article:published_time\" content=\"2024-03-15T18:17:29+00:00\" \/>\n<meta property=\"og:image\" content=\"https:\/\/jornalboasnoticias.com.br\/home\/wp-content\/uploads\/2024\/03\/IMG_2058-scaled-e1710526606257.jpeg\" \/>\n\t<meta property=\"og:image:width\" content=\"800\" \/>\n\t<meta property=\"og:image:height\" content=\"534\" \/>\n\t<meta property=\"og:image:type\" content=\"image\/jpeg\" \/>\n<meta name=\"author\" content=\"Maria Bonatto\" \/>\n<meta name=\"twitter:card\" content=\"summary_large_image\" \/>\n<meta name=\"twitter:label1\" content=\"Escrito por\" \/>\n\t<meta name=\"twitter:data1\" content=\"Maria Bonatto\" \/>\n\t<meta name=\"twitter:label2\" content=\"Est. tempo de leitura\" \/>\n\t<meta name=\"twitter:data2\" content=\"2 minutos\" \/>\n<script type=\"application\/ld+json\" class=\"yoast-schema-graph\">{\"@context\":\"https:\\\/\\\/schema.org\",\"@graph\":[{\"@type\":\"Article\",\"@id\":\"https:\\\/\\\/jornalboasnoticias.com.br\\\/home\\\/dia-do-consumidor-aplicativo-menor-preco-e-o-maior-aliado-do-paranaense\\\/#article\",\"isPartOf\":{\"@id\":\"https:\\\/\\\/jornalboasnoticias.com.br\\\/home\\\/dia-do-consumidor-aplicativo-menor-preco-e-o-maior-aliado-do-paranaense\\\/\"},\"author\":{\"name\":\"Maria Bonatto\",\"@id\":\"https:\\\/\\\/jornalboasnoticias.com.br\\\/home\\\/#\\\/schema\\\/person\\\/71a4be4d1685617d6d00f15f0f2952ee\"},\"headline\":\"Dia do Consumidor: aplicativo Menor Pre\u00e7o \u00e9 o maior aliado do paranaense\",\"datePublished\":\"2024-03-15T18:17:29+00:00\",\"mainEntityOfPage\":{\"@id\":\"https:\\\/\\\/jornalboasnoticias.com.br\\\/home\\\/dia-do-consumidor-aplicativo-menor-preco-e-o-maior-aliado-do-paranaense\\\/\"},\"wordCount\":482,\"commentCount\":0,\"publisher\":{\"@id\":\"https:\\\/\\\/jornalboasnoticias.com.br\\\/home\\\/#organization\"},\"image\":{\"@id\":\"https:\\\/\\\/jornalboasnoticias.com.br\\\/home\\\/dia-do-consumidor-aplicativo-menor-preco-e-o-maior-aliado-do-paranaense\\\/#primaryimage\"},\"thumbnailUrl\":\"https:\\\/\\\/jornalboasnoticias.com.br\\\/home\\\/wp-content\\\/uploads\\\/2024\\\/03\\\/IMG_2058-scaled-e1710526606257.jpeg\",\"articleSection\":[\"PARAN\u00c1\"],\"inLanguage\":\"pt-BR\",\"potentialAction\":[{\"@type\":\"CommentAction\",\"name\":\"Comment\",\"target\":[\"https:\\\/\\\/jornalboasnoticias.com.br\\\/home\\\/dia-do-consumidor-aplicativo-menor-preco-e-o-maior-aliado-do-paranaense\\\/#respond\"]}]},{\"@type\":\"WebPage\",\"@id\":\"https:\\\/\\\/jornalboasnoticias.com.br\\\/home\\\/dia-do-consumidor-aplicativo-menor-preco-e-o-maior-aliado-do-paranaense\\\/\",\"url\":\"https:\\\/\\\/jornalboasnoticias.com.br\\\/home\\\/dia-do-consumidor-aplicativo-menor-preco-e-o-maior-aliado-do-paranaense\\\/\",\"name\":\"Dia do Consumidor: aplicativo Menor Pre\u00e7o \u00e9 o maior aliado do paranaense - Jornal\",\"isPartOf\":{\"@id\":\"https:\\\/\\\/jornalboasnoticias.com.br\\\/home\\\/#website\"},\"primaryImageOfPage\":{\"@id\":\"https:\\\/\\\/jornalboasnoticias.com.br\\\/home\\\/dia-do-consumidor-aplicativo-menor-preco-e-o-maior-aliado-do-paranaense\\\/#primaryimage\"},\"image\":{\"@id\":\"https:\\\/\\\/jornalboasnoticias.com.br\\\/home\\\/dia-do-consumidor-aplicativo-menor-preco-e-o-maior-aliado-do-paranaense\\\/#primaryimage\"},\"thumbnailUrl\":\"https:\\\/\\\/jornalboasnoticias.com.br\\\/home\\\/wp-content\\\/uploads\\\/2024\\\/03\\\/IMG_2058-scaled-e1710526606257.jpeg\",\"datePublished\":\"2024-03-15T18:17:29+00:00\",\"description\":\"Dia do Consumidor: aplicativo Menor Pre\u00e7o \u00e9 o maior aliado do paranaense\",\"breadcrumb\":{\"@id\":\"https:\\\/\\\/jornalboasnoticias.com.br\\\/home\\\/dia-do-consumidor-aplicativo-menor-preco-e-o-maior-aliado-do-paranaense\\\/#breadcrumb\"},\"inLanguage\":\"pt-BR\",\"potentialAction\":[{\"@type\":\"ReadAction\",\"target\":[\"https:\\\/\\\/jornalboasnoticias.com.br\\\/home\\\/dia-do-consumidor-aplicativo-menor-preco-e-o-maior-aliado-do-paranaense\\\/\"]}]},{\"@type\":\"ImageObject\",\"inLanguage\":\"pt-BR\",\"@id\":\"https:\\\/\\\/jornalboasnoticias.com.br\\\/home\\\/dia-do-consumidor-aplicativo-menor-preco-e-o-maior-aliado-do-paranaense\\\/#primaryimage\",\"url\":\"https:\\\/\\\/jornalboasnoticias.com.br\\\/home\\\/wp-content\\\/uploads\\\/2024\\\/03\\\/IMG_2058-scaled-e1710526606257.jpeg\",\"contentUrl\":\"https:\\\/\\\/jornalboasnoticias.com.br\\\/home\\\/wp-content\\\/uploads\\\/2024\\\/03\\\/IMG_2058-scaled-e1710526606257.jpeg\",\"width\":800,\"height\":534,\"caption\":\"Foto: Geraldo Bubniak\\\/AEN\"},{\"@type\":\"BreadcrumbList\",\"@id\":\"https:\\\/\\\/jornalboasnoticias.com.br\\\/home\\\/dia-do-consumidor-aplicativo-menor-preco-e-o-maior-aliado-do-paranaense\\\/#breadcrumb\",\"itemListElement\":[{\"@type\":\"ListItem\",\"position\":1,\"name\":\"In\u00edcio\",\"item\":\"https:\\\/\\\/jornalboasnoticias.com.br\\\/home\\\/\"},{\"@type\":\"ListItem\",\"position\":2,\"name\":\"Dia do Consumidor: aplicativo Menor Pre\u00e7o \u00e9 o maior aliado do paranaense\"}]},{\"@type\":\"WebSite\",\"@id\":\"https:\\\/\\\/jornalboasnoticias.com.br\\\/home\\\/#website\",\"url\":\"https:\\\/\\\/jornalboasnoticias.com.br\\\/home\\\/\",\"name\":\"Jornal Boas Not\u00edcias\",\"description\":\"Boas not\u00edcias\",\"publisher\":{\"@id\":\"https:\\\/\\\/jornalboasnoticias.com.br\\\/home\\\/#organization\"},\"potentialAction\":[{\"@type\":\"SearchAction\",\"target\":{\"@type\":\"EntryPoint\",\"urlTemplate\":\"https:\\\/\\\/jornalboasnoticias.com.br\\\/home\\\/?s={search_term_string}\"},\"query-input\":{\"@type\":\"PropertyValueSpecification\",\"valueRequired\":true,\"valueName\":\"search_term_string\"}}],\"inLanguage\":\"pt-BR\"},{\"@type\":\"Organization\",\"@id\":\"https:\\\/\\\/jornalboasnoticias.com.br\\\/home\\\/#organization\",\"name\":\"Coq Editora Ltda\",\"alternateName\":\"Jornal Boas Noticias\",\"url\":\"https:\\\/\\\/jornalboasnoticias.com.br\\\/home\\\/\",\"logo\":{\"@type\":\"ImageObject\",\"inLanguage\":\"pt-BR\",\"@id\":\"https:\\\/\\\/jornalboasnoticias.com.br\\\/home\\\/#\\\/schema\\\/logo\\\/image\\\/\",\"url\":\"https:\\\/\\\/jornalboasnoticias.com.br\\\/home\\\/wp-content\\\/uploads\\\/2024\\\/07\\\/cropped-logo.jpg\",\"contentUrl\":\"https:\\\/\\\/jornalboasnoticias.com.br\\\/home\\\/wp-content\\\/uploads\\\/2024\\\/07\\\/cropped-logo.jpg\",\"width\":290,\"height\":142,\"caption\":\"Coq Editora Ltda\"},\"image\":{\"@id\":\"https:\\\/\\\/jornalboasnoticias.com.br\\\/home\\\/#\\\/schema\\\/logo\\\/image\\\/\"},\"sameAs\":[\"https:\\\/\\\/www.facebook.com\\\/boasnoticiasjornal\"]},{\"@type\":\"Person\",\"@id\":\"https:\\\/\\\/jornalboasnoticias.com.br\\\/home\\\/#\\\/schema\\\/person\\\/71a4be4d1685617d6d00f15f0f2952ee\",\"name\":\"Maria Bonatto\",\"image\":{\"@type\":\"ImageObject\",\"inLanguage\":\"pt-BR\",\"@id\":\"https:\\\/\\\/secure.gravatar.com\\\/avatar\\\/61bdbd92f7d53dd2fedfe556279602d97507ae906fdeb9624602488dcdcd042f?s=96&d=mm&r=g\",\"url\":\"https:\\\/\\\/secure.gravatar.com\\\/avatar\\\/61bdbd92f7d53dd2fedfe556279602d97507ae906fdeb9624602488dcdcd042f?s=96&d=mm&r=g\",\"contentUrl\":\"https:\\\/\\\/secure.gravatar.com\\\/avatar\\\/61bdbd92f7d53dd2fedfe556279602d97507ae906fdeb9624602488dcdcd042f?s=96&d=mm&r=g\",\"caption\":\"Maria Bonatto\"},\"url\":\"https:\\\/\\\/jornalboasnoticias.com.br\\\/home\\\/author\\\/ana-bonatto\\\/\"}]}<\/script>\n<!-- \/ Yoast SEO plugin. -->","yoast_head_json":{"title":"Dia do Consumidor: aplicativo Menor Pre\u00e7o \u00e9 o maior aliado do paranaense - Jornal","description":"Dia do Consumidor: aplicativo Menor Pre\u00e7o \u00e9 o maior aliado do paranaense","robots":{"index":"index","follow":"follow","max-snippet":"max-snippet:-1","max-image-preview":"max-image-preview:large","max-video-preview":"max-video-preview:-1"},"canonical":"https:\/\/jornalboasnoticias.com.br\/home\/dia-do-consumidor-aplicativo-menor-preco-e-o-maior-aliado-do-paranaense\/","og_locale":"pt_BR","og_type":"article","og_title":"Dia do Consumidor: aplicativo Menor Pre\u00e7o \u00e9 o maior aliado do paranaense - Jornal","og_description":"Dia do Consumidor: aplicativo Menor Pre\u00e7o \u00e9 o maior aliado do paranaense","og_url":"https:\/\/jornalboasnoticias.com.br\/home\/dia-do-consumidor-aplicativo-menor-preco-e-o-maior-aliado-do-paranaense\/","og_site_name":"Jornal","article_publisher":"https:\/\/www.facebook.com\/boasnoticiasjornal","article_published_time":"2024-03-15T18:17:29+00:00","og_image":[{"width":800,"height":534,"url":"https:\/\/jornalboasnoticias.com.br\/home\/wp-content\/uploads\/2024\/03\/IMG_2058-scaled-e1710526606257.jpeg","type":"image\/jpeg"}],"author":"Maria Bonatto","twitter_card":"summary_large_image","twitter_misc":{"Escrito por":"Maria Bonatto","Est. tempo de leitura":"2 minutos"},"schema":{"@context":"https:\/\/schema.org","@graph":[{"@type":"Article","@id":"https:\/\/jornalboasnoticias.com.br\/home\/dia-do-consumidor-aplicativo-menor-preco-e-o-maior-aliado-do-paranaense\/#article","isPartOf":{"@id":"https:\/\/jornalboasnoticias.com.br\/home\/dia-do-consumidor-aplicativo-menor-preco-e-o-maior-aliado-do-paranaense\/"},"author":{"name":"Maria Bonatto","@id":"https:\/\/jornalboasnoticias.com.br\/home\/#\/schema\/person\/71a4be4d1685617d6d00f15f0f2952ee"},"headline":"Dia do Consumidor: aplicativo Menor Pre\u00e7o \u00e9 o maior aliado do paranaense","datePublished":"2024-03-15T18:17:29+00:00","mainEntityOfPage":{"@id":"https:\/\/jornalboasnoticias.com.br\/home\/dia-do-consumidor-aplicativo-menor-preco-e-o-maior-aliado-do-paranaense\/"},"wordCount":482,"commentCount":0,"publisher":{"@id":"https:\/\/jornalboasnoticias.com.br\/home\/#organization"},"image":{"@id":"https:\/\/jornalboasnoticias.com.br\/home\/dia-do-consumidor-aplicativo-menor-preco-e-o-maior-aliado-do-paranaense\/#primaryimage"},"thumbnailUrl":"https:\/\/jornalboasnoticias.com.br\/home\/wp-content\/uploads\/2024\/03\/IMG_2058-scaled-e1710526606257.jpeg","articleSection":["PARAN\u00c1"],"inLanguage":"pt-BR","potentialAction":[{"@type":"CommentAction","name":"Comment","target":["https:\/\/jornalboasnoticias.com.br\/home\/dia-do-consumidor-aplicativo-menor-preco-e-o-maior-aliado-do-paranaense\/#respond"]}]},{"@type":"WebPage","@id":"https:\/\/jornalboasnoticias.com.br\/home\/dia-do-consumidor-aplicativo-menor-preco-e-o-maior-aliado-do-paranaense\/","url":"https:\/\/jornalboasnoticias.com.br\/home\/dia-do-consumidor-aplicativo-menor-preco-e-o-maior-aliado-do-paranaense\/","name":"Dia do Consumidor: aplicativo Menor Pre\u00e7o \u00e9 o maior aliado do paranaense - Jornal","isPartOf":{"@id":"https:\/\/jornalboasnoticias.com.br\/home\/#website"},"primaryImageOfPage":{"@id":"https:\/\/jornalboasnoticias.com.br\/home\/dia-do-consumidor-aplicativo-menor-preco-e-o-maior-aliado-do-paranaense\/#primaryimage"},"image":{"@id":"https:\/\/jornalboasnoticias.com.br\/home\/dia-do-consumidor-aplicativo-menor-preco-e-o-maior-aliado-do-paranaense\/#primaryimage"},"thumbnailUrl":"https:\/\/jornalboasnoticias.com.br\/home\/wp-content\/uploads\/2024\/03\/IMG_2058-scaled-e1710526606257.jpeg","datePublished":"2024-03-15T18:17:29+00:00","description":"Dia do Consumidor: aplicativo Menor Pre\u00e7o \u00e9 o maior aliado do paranaense","breadcrumb":{"@id":"https:\/\/jornalboasnoticias.com.br\/home\/dia-do-consumidor-aplicativo-menor-preco-e-o-maior-aliado-do-paranaense\/#breadcrumb"},"inLanguage":"pt-BR","potentialAction":[{"@type":"ReadAction","target":["https:\/\/jornalboasnoticias.com.br\/home\/dia-do-consumidor-aplicativo-menor-preco-e-o-maior-aliado-do-paranaense\/"]}]},{"@type":"ImageObject","inLanguage":"pt-BR","@id":"https:\/\/jornalboasnoticias.com.br\/home\/dia-do-consumidor-aplicativo-menor-preco-e-o-maior-aliado-do-paranaense\/#primaryimage","url":"https:\/\/jornalboasnoticias.com.br\/home\/wp-content\/uploads\/2024\/03\/IMG_2058-scaled-e1710526606257.jpeg","contentUrl":"https:\/\/jornalboasnoticias.com.br\/home\/wp-content\/uploads\/2024\/03\/IMG_2058-scaled-e1710526606257.jpeg","width":800,"height":534,"caption":"Foto: Geraldo Bubniak\/AEN"},{"@type":"BreadcrumbList","@id":"https:\/\/jornalboasnoticias.com.br\/home\/dia-do-consumidor-aplicativo-menor-preco-e-o-maior-aliado-do-paranaense\/#breadcrumb","itemListElement":[{"@type":"ListItem","position":1,"name":"In\u00edcio","item":"https:\/\/jornalboasnoticias.com.br\/home\/"},{"@type":"ListItem","position":2,"name":"Dia do Consumidor: aplicativo Menor Pre\u00e7o \u00e9 o maior aliado do paranaense"}]},{"@type":"WebSite","@id":"https:\/\/jornalboasnoticias.com.br\/home\/#website","url":"https:\/\/jornalboasnoticias.com.br\/home\/","name":"Jornal Boas Not\u00edcias","description":"Boas not\u00edcias","publisher":{"@id":"https:\/\/jornalboasnoticias.com.br\/home\/#organization"},"potentialAction":[{"@type":"SearchAction","target":{"@type":"EntryPoint","urlTemplate":"https:\/\/jornalboasnoticias.com.br\/home\/?s={search_term_string}"},"query-input":{"@type":"PropertyValueSpecification","valueRequired":true,"valueName":"search_term_string"}}],"inLanguage":"pt-BR"},{"@type":"Organization","@id":"https:\/\/jornalboasnoticias.com.br\/home\/#organization","name":"Coq Editora Ltda","alternateName":"Jornal Boas Noticias","url":"https:\/\/jornalboasnoticias.com.br\/home\/","logo":{"@type":"ImageObject","inLanguage":"pt-BR","@id":"https:\/\/jornalboasnoticias.com.br\/home\/#\/schema\/logo\/image\/","url":"https:\/\/jornalboasnoticias.com.br\/home\/wp-content\/uploads\/2024\/07\/cropped-logo.jpg","contentUrl":"https:\/\/jornalboasnoticias.com.br\/home\/wp-content\/uploads\/2024\/07\/cropped-logo.jpg","width":290,"height":142,"caption":"Coq Editora Ltda"},"image":{"@id":"https:\/\/jornalboasnoticias.com.br\/home\/#\/schema\/logo\/image\/"},"sameAs":["https:\/\/www.facebook.com\/boasnoticiasjornal"]},{"@type":"Person","@id":"https:\/\/jornalboasnoticias.com.br\/home\/#\/schema\/person\/71a4be4d1685617d6d00f15f0f2952ee","name":"Maria Bonatto","image":{"@type":"ImageObject","inLanguage":"pt-BR","@id":"https:\/\/secure.gravatar.com\/avatar\/61bdbd92f7d53dd2fedfe556279602d97507ae906fdeb9624602488dcdcd042f?s=96&d=mm&r=g","url":"https:\/\/secure.gravatar.com\/avatar\/61bdbd92f7d53dd2fedfe556279602d97507ae906fdeb9624602488dcdcd042f?s=96&d=mm&r=g","contentUrl":"https:\/\/secure.gravatar.com\/avatar\/61bdbd92f7d53dd2fedfe556279602d97507ae906fdeb9624602488dcdcd042f?s=96&d=mm&r=g","caption":"Maria Bonatto"},"url":"https:\/\/jornalboasnoticias.com.br\/home\/author\/ana-bonatto\/"}]}},"_links":{"self":[{"href":"https:\/\/jornalboasnoticias.com.br\/home\/wp-json\/wp\/v2\/posts\/42721","targetHints":{"allow":["GET"]}}],"collection":[{"href":"https:\/\/jornalboasnoticias.com.br\/home\/wp-json\/wp\/v2\/posts"}],"about":[{"href":"https:\/\/jornalboasnoticias.com.br\/home\/wp-json\/wp\/v2\/types\/post"}],"author":[{"embeddable":true,"href":"https:\/\/jornalboasnoticias.com.br\/home\/wp-json\/wp\/v2\/users\/2"}],"replies":[{"embeddable":true,"href":"https:\/\/jornalboasnoticias.com.br\/home\/wp-json\/wp\/v2\/comments?post=42721"}],"version-history":[{"count":0,"href":"https:\/\/jornalboasnoticias.com.br\/home\/wp-json\/wp\/v2\/posts\/42721\/revisions"}],"wp:featuredmedia":[{"embeddable":true,"href":"https:\/\/jornalboasnoticias.com.br\/home\/wp-json\/wp\/v2\/media\/42722"}],"wp:attachment":[{"href":"https:\/\/jornalboasnoticias.com.br\/home\/wp-json\/wp\/v2\/media?parent=42721"}],"wp:term":[{"taxonomy":"category","embeddable":true,"href":"https:\/\/jornalboasnoticias.com.br\/home\/wp-json\/wp\/v2\/categories?post=42721"},{"taxonomy":"post_tag","embeddable":true,"href":"https:\/\/jornalboasnoticias.com.br\/home\/wp-json\/wp\/v2\/tags?post=42721"}],"curies":[{"name":"wp","href":"https:\/\/api.w.org\/{rel}","templated":true}]}}