{"id":42713,"date":"2024-03-13T18:04:08","date_gmt":"2024-03-13T21:04:08","guid":{"rendered":"https:\/\/www.jornalboasnoticias.com.br\/?p=42713"},"modified":"2024-03-13T18:04:08","modified_gmt":"2024-03-13T21:04:08","slug":"tributo-a-cidadania-campanha-incentiva-contribuinte-a-destinar-parte-do-imposto-de-renda-as-entidades-sociais","status":"publish","type":"post","link":"https:\/\/jornalboasnoticias.com.br\/home\/tributo-a-cidadania-campanha-incentiva-contribuinte-a-destinar-parte-do-imposto-de-renda-as-entidades-sociais\/","title":{"rendered":"TRIBUTO \u00c0 CIDADANIA: Campanha incentiva contribuinte a destinar parte do Imposto de Renda \u00e0s entidades sociais"},"content":{"rendered":"<p style=\"text-align: center;\"><em><strong>Lan\u00e7amento da campanha aconteceu na manh\u00e3 desta quarta-feira na C\u00e2mara de Vereadores<\/strong><\/em><\/p>\n<p>&nbsp;<\/p>\n<figure id=\"attachment_42714\" aria-describedby=\"caption-attachment-42714\" style=\"width: 1024px\" class=\"wp-caption alignnone\"><img loading=\"lazy\" decoding=\"async\" class=\"size-full wp-image-42714\" src=\"https:\/\/jornalboasnoticias.com.br\/home\/wp-content\/uploads\/2024\/03\/img_913A888DBABC8112DADFBDD1623464877B25DDC2.jpeg\" alt=\"\" width=\"1024\" height=\"682\" srcset=\"https:\/\/jornalboasnoticias.com.br\/home\/wp-content\/uploads\/2024\/03\/img_913A888DBABC8112DADFBDD1623464877B25DDC2.jpeg 1024w, https:\/\/jornalboasnoticias.com.br\/home\/wp-content\/uploads\/2024\/03\/img_913A888DBABC8112DADFBDD1623464877B25DDC2-300x200.jpeg 300w, https:\/\/jornalboasnoticias.com.br\/home\/wp-content\/uploads\/2024\/03\/img_913A888DBABC8112DADFBDD1623464877B25DDC2-768x512.jpeg 768w\" sizes=\"auto, (max-width: 1024px) 100vw, 1024px\" \/><figcaption id=\"caption-attachment-42714\" class=\"wp-caption-text\">Fotos: Vanderlei Faria\/Secom<\/figcaption><\/figure>\n<p>Com o prop\u00f3sito de incentivar os contribuintes a destinarem parte do Imposto de Renda de Renda \u00e0s entidades sociais que atendem pessoas em vulnerabilidade social, foi lan\u00e7ada na manh\u00e3 desta quarta-feira (13) a Campanha Tributo \u00e0 Cidadania, que neste ano tem como lema \u201cContribui\u00e7\u00e3o com prop\u00f3sito\u201d. A campanha \u00e9 promovida pelo Sincovel (Sindicato dos Contabilistas de Cascavel e regi\u00e3o), IDM (Instituto D\u00e9cio Mertz), C\u00e2mara de Vereadores e Prefeitura de Cascavel.<\/p>\n<p>O secret\u00e1rio de Assist\u00eancia Social Hudson Moreschi destaca a uni\u00e3o de for\u00e7as para aumentar a destina\u00e7\u00e3o \u00e0s entidades. Ele ressalta que os valores destinados n\u00e3o v\u00e3o para a Prefeitura, mas diretamente para o Fundo Municipal da Crian\u00e7a e do Adolescente (FIA) e ao Fundo Municipal dos Direitos da Pessoa Idosa.<\/p>\n<p>\u201cEsses fundos s\u00e3o geridos por conselhos que t\u00eam autonomia e o poder de destinar para onde ir\u00e3o ser investidos esses recursos, seja para entidades como a Apae, Recanto da Crian\u00e7a, Cemic, Abrigo S\u00e3o Vicente de Paulo e, assim, fortalecer o atendimento muito bem prestado por essas entidades em Cascavel\u201d, afirma.<\/p>\n<p>Willian Fischer, presidente do Sincovel, explica que a classe cont\u00e1bil est\u00e1 unida para realizar a maior campanha de arrecada\u00e7\u00e3o da hist\u00f3ria da Campanha Tributo \u00e0 Cidadania. Ele diz que Cascavel tem potencial para destinar at\u00e9 R$ 20 milh\u00f5es do Imposto de Renda \u00e0s entidades, mas a m\u00e9dia tem sido de apenas R$ 2 milh\u00f5es.<\/p>\n<p>\u201cIsso \u00e9 muito ruim para o munic\u00edpio, porque deixamos de atender crian\u00e7as, idosos, adolescentes em situa\u00e7\u00e3o de vulnerabilidade social e basta apenas que o cidad\u00e3o e a cidad\u00e3, o contribuinte cascavelense, destinem parte do seu imposto\u201d, observa.<\/p>\n<p>No ano passado, foram arrecadados R$ 1.121.352,27 para o Fundo da Inf\u00e2ncia e Adolesc\u00eancia e R$ 936.589,47 para o Fundo dos Direitos da Pessoa Idosa.<\/p>\n<p>O per\u00edodo de declara\u00e7\u00e3o do Imposto de Renda da Pessoas F\u00edsica (IRPF)\u00e9 de 15 de mar\u00e7o at\u00e9 31 de maio e o contribuinte poder\u00e1 optar, se tiver a pagar, e deduzir 3% para cada um dos fundos, totalizando 6%.<\/p>\n<p>\u201cPrecisamos promover isso de uma maneira muito solid\u00e1ria e eficaz, para que os recursos sejam ampliados e, qui\u00e7\u00e1, possamos ter grandes arrecada\u00e7\u00f5es a partir deste ano\u201d, enfatiza Fischer.<\/p>\n<p>&nbsp;<\/p>\n<p>&nbsp;<\/p>\n","protected":false},"excerpt":{"rendered":"<p>Lan\u00e7amento da campanha aconteceu na manh\u00e3 desta quarta-feira na C\u00e2mara de Vereadores &nbsp; Com o<\/p>\n","protected":false},"author":3,"featured_media":42714,"comment_status":"open","ping_status":"open","sticky":false,"template":"","format":"standard","meta":{"footnotes":""},"categories":[2,3],"tags":[10],"class_list":["post-42713","post","type-post","status-publish","format-standard","has-post-thumbnail","hentry","category-cascavel","category-destaques","tag-cascavel"],"yoast_head":"<!-- This site is optimized with the Yoast SEO plugin v27.5 - https:\/\/yoast.com\/product\/yoast-seo-wordpress\/ -->\n<title>TRIBUTO \u00c0 CIDADANIA: Campanha incentiva contribuinte a destinar parte do Imposto de Renda \u00e0s entidades sociais - Jornal<\/title>\n<meta name=\"description\" content=\"TRIBUTO \u00c0 CIDADANIA: Campanha incentiva contribuinte a destinar parte do Imposto de Renda \u00e0s entidades sociais\" \/>\n<meta name=\"robots\" content=\"index, follow, max-snippet:-1, max-image-preview:large, max-video-preview:-1\" \/>\n<link rel=\"canonical\" href=\"https:\/\/jornalboasnoticias.com.br\/home\/tributo-a-cidadania-campanha-incentiva-contribuinte-a-destinar-parte-do-imposto-de-renda-as-entidades-sociais\/\" \/>\n<meta property=\"og:locale\" content=\"pt_BR\" \/>\n<meta property=\"og:type\" content=\"article\" \/>\n<meta property=\"og:title\" content=\"TRIBUTO \u00c0 CIDADANIA: Campanha incentiva contribuinte a destinar parte do Imposto de Renda \u00e0s entidades sociais - Jornal\" \/>\n<meta property=\"og:description\" content=\"TRIBUTO \u00c0 CIDADANIA: Campanha incentiva contribuinte a destinar parte do Imposto de Renda \u00e0s entidades sociais\" \/>\n<meta property=\"og:url\" content=\"https:\/\/jornalboasnoticias.com.br\/home\/tributo-a-cidadania-campanha-incentiva-contribuinte-a-destinar-parte-do-imposto-de-renda-as-entidades-sociais\/\" \/>\n<meta property=\"og:site_name\" content=\"Jornal\" \/>\n<meta property=\"article:publisher\" content=\"https:\/\/www.facebook.com\/boasnoticiasjornal\" \/>\n<meta property=\"article:published_time\" content=\"2024-03-13T21:04:08+00:00\" \/>\n<meta property=\"og:image\" content=\"https:\/\/jornalboasnoticias.com.br\/home\/wp-content\/uploads\/2024\/03\/img_913A888DBABC8112DADFBDD1623464877B25DDC2.jpeg\" \/>\n\t<meta property=\"og:image:width\" content=\"1024\" \/>\n\t<meta property=\"og:image:height\" content=\"682\" \/>\n\t<meta property=\"og:image:type\" content=\"image\/jpeg\" \/>\n<meta name=\"author\" content=\"Luiz Carlos da Cruz\" \/>\n<meta name=\"twitter:card\" content=\"summary_large_image\" \/>\n<meta name=\"twitter:label1\" content=\"Escrito por\" \/>\n\t<meta name=\"twitter:data1\" content=\"Luiz Carlos da Cruz\" \/>\n\t<meta name=\"twitter:label2\" content=\"Est. tempo de leitura\" \/>\n\t<meta name=\"twitter:data2\" content=\"2 minutos\" \/>\n<script type=\"application\/ld+json\" class=\"yoast-schema-graph\">{\"@context\":\"https:\\\/\\\/schema.org\",\"@graph\":[{\"@type\":\"Article\",\"@id\":\"https:\\\/\\\/jornalboasnoticias.com.br\\\/home\\\/tributo-a-cidadania-campanha-incentiva-contribuinte-a-destinar-parte-do-imposto-de-renda-as-entidades-sociais\\\/#article\",\"isPartOf\":{\"@id\":\"https:\\\/\\\/jornalboasnoticias.com.br\\\/home\\\/tributo-a-cidadania-campanha-incentiva-contribuinte-a-destinar-parte-do-imposto-de-renda-as-entidades-sociais\\\/\"},\"author\":{\"name\":\"Luiz Carlos da Cruz\",\"@id\":\"https:\\\/\\\/jornalboasnoticias.com.br\\\/home\\\/#\\\/schema\\\/person\\\/75f9ebde398c998c166475fb446bda62\"},\"headline\":\"TRIBUTO \u00c0 CIDADANIA: Campanha incentiva contribuinte a destinar parte do Imposto de Renda \u00e0s entidades sociais\",\"datePublished\":\"2024-03-13T21:04:08+00:00\",\"mainEntityOfPage\":{\"@id\":\"https:\\\/\\\/jornalboasnoticias.com.br\\\/home\\\/tributo-a-cidadania-campanha-incentiva-contribuinte-a-destinar-parte-do-imposto-de-renda-as-entidades-sociais\\\/\"},\"wordCount\":421,\"commentCount\":0,\"publisher\":{\"@id\":\"https:\\\/\\\/jornalboasnoticias.com.br\\\/home\\\/#organization\"},\"image\":{\"@id\":\"https:\\\/\\\/jornalboasnoticias.com.br\\\/home\\\/tributo-a-cidadania-campanha-incentiva-contribuinte-a-destinar-parte-do-imposto-de-renda-as-entidades-sociais\\\/#primaryimage\"},\"thumbnailUrl\":\"https:\\\/\\\/jornalboasnoticias.com.br\\\/home\\\/wp-content\\\/uploads\\\/2024\\\/03\\\/img_913A888DBABC8112DADFBDD1623464877B25DDC2.jpeg\",\"keywords\":[\"cascavel\"],\"articleSection\":[\"CASCAVEL\",\"DESTAQUE\"],\"inLanguage\":\"pt-BR\",\"potentialAction\":[{\"@type\":\"CommentAction\",\"name\":\"Comment\",\"target\":[\"https:\\\/\\\/jornalboasnoticias.com.br\\\/home\\\/tributo-a-cidadania-campanha-incentiva-contribuinte-a-destinar-parte-do-imposto-de-renda-as-entidades-sociais\\\/#respond\"]}]},{\"@type\":\"WebPage\",\"@id\":\"https:\\\/\\\/jornalboasnoticias.com.br\\\/home\\\/tributo-a-cidadania-campanha-incentiva-contribuinte-a-destinar-parte-do-imposto-de-renda-as-entidades-sociais\\\/\",\"url\":\"https:\\\/\\\/jornalboasnoticias.com.br\\\/home\\\/tributo-a-cidadania-campanha-incentiva-contribuinte-a-destinar-parte-do-imposto-de-renda-as-entidades-sociais\\\/\",\"name\":\"TRIBUTO \u00c0 CIDADANIA: Campanha incentiva contribuinte a destinar parte do Imposto de Renda \u00e0s entidades sociais - Jornal\",\"isPartOf\":{\"@id\":\"https:\\\/\\\/jornalboasnoticias.com.br\\\/home\\\/#website\"},\"primaryImageOfPage\":{\"@id\":\"https:\\\/\\\/jornalboasnoticias.com.br\\\/home\\\/tributo-a-cidadania-campanha-incentiva-contribuinte-a-destinar-parte-do-imposto-de-renda-as-entidades-sociais\\\/#primaryimage\"},\"image\":{\"@id\":\"https:\\\/\\\/jornalboasnoticias.com.br\\\/home\\\/tributo-a-cidadania-campanha-incentiva-contribuinte-a-destinar-parte-do-imposto-de-renda-as-entidades-sociais\\\/#primaryimage\"},\"thumbnailUrl\":\"https:\\\/\\\/jornalboasnoticias.com.br\\\/home\\\/wp-content\\\/uploads\\\/2024\\\/03\\\/img_913A888DBABC8112DADFBDD1623464877B25DDC2.jpeg\",\"datePublished\":\"2024-03-13T21:04:08+00:00\",\"description\":\"TRIBUTO \u00c0 CIDADANIA: Campanha incentiva contribuinte a destinar parte do Imposto de Renda \u00e0s entidades sociais\",\"breadcrumb\":{\"@id\":\"https:\\\/\\\/jornalboasnoticias.com.br\\\/home\\\/tributo-a-cidadania-campanha-incentiva-contribuinte-a-destinar-parte-do-imposto-de-renda-as-entidades-sociais\\\/#breadcrumb\"},\"inLanguage\":\"pt-BR\",\"potentialAction\":[{\"@type\":\"ReadAction\",\"target\":[\"https:\\\/\\\/jornalboasnoticias.com.br\\\/home\\\/tributo-a-cidadania-campanha-incentiva-contribuinte-a-destinar-parte-do-imposto-de-renda-as-entidades-sociais\\\/\"]}]},{\"@type\":\"ImageObject\",\"inLanguage\":\"pt-BR\",\"@id\":\"https:\\\/\\\/jornalboasnoticias.com.br\\\/home\\\/tributo-a-cidadania-campanha-incentiva-contribuinte-a-destinar-parte-do-imposto-de-renda-as-entidades-sociais\\\/#primaryimage\",\"url\":\"https:\\\/\\\/jornalboasnoticias.com.br\\\/home\\\/wp-content\\\/uploads\\\/2024\\\/03\\\/img_913A888DBABC8112DADFBDD1623464877B25DDC2.jpeg\",\"contentUrl\":\"https:\\\/\\\/jornalboasnoticias.com.br\\\/home\\\/wp-content\\\/uploads\\\/2024\\\/03\\\/img_913A888DBABC8112DADFBDD1623464877B25DDC2.jpeg\",\"width\":1024,\"height\":682,\"caption\":\"Fotos: Vanderlei Faria\\\/Secom\"},{\"@type\":\"BreadcrumbList\",\"@id\":\"https:\\\/\\\/jornalboasnoticias.com.br\\\/home\\\/tributo-a-cidadania-campanha-incentiva-contribuinte-a-destinar-parte-do-imposto-de-renda-as-entidades-sociais\\\/#breadcrumb\",\"itemListElement\":[{\"@type\":\"ListItem\",\"position\":1,\"name\":\"In\u00edcio\",\"item\":\"https:\\\/\\\/jornalboasnoticias.com.br\\\/home\\\/\"},{\"@type\":\"ListItem\",\"position\":2,\"name\":\"TRIBUTO \u00c0 CIDADANIA: Campanha incentiva contribuinte a destinar parte do Imposto de Renda \u00e0s entidades sociais\"}]},{\"@type\":\"WebSite\",\"@id\":\"https:\\\/\\\/jornalboasnoticias.com.br\\\/home\\\/#website\",\"url\":\"https:\\\/\\\/jornalboasnoticias.com.br\\\/home\\\/\",\"name\":\"Jornal Boas Not\u00edcias\",\"description\":\"Boas not\u00edcias\",\"publisher\":{\"@id\":\"https:\\\/\\\/jornalboasnoticias.com.br\\\/home\\\/#organization\"},\"potentialAction\":[{\"@type\":\"SearchAction\",\"target\":{\"@type\":\"EntryPoint\",\"urlTemplate\":\"https:\\\/\\\/jornalboasnoticias.com.br\\\/home\\\/?s={search_term_string}\"},\"query-input\":{\"@type\":\"PropertyValueSpecification\",\"valueRequired\":true,\"valueName\":\"search_term_string\"}}],\"inLanguage\":\"pt-BR\"},{\"@type\":\"Organization\",\"@id\":\"https:\\\/\\\/jornalboasnoticias.com.br\\\/home\\\/#organization\",\"name\":\"Coq Editora Ltda\",\"alternateName\":\"Jornal Boas Noticias\",\"url\":\"https:\\\/\\\/jornalboasnoticias.com.br\\\/home\\\/\",\"logo\":{\"@type\":\"ImageObject\",\"inLanguage\":\"pt-BR\",\"@id\":\"https:\\\/\\\/jornalboasnoticias.com.br\\\/home\\\/#\\\/schema\\\/logo\\\/image\\\/\",\"url\":\"https:\\\/\\\/jornalboasnoticias.com.br\\\/home\\\/wp-content\\\/uploads\\\/2024\\\/07\\\/cropped-logo.jpg\",\"contentUrl\":\"https:\\\/\\\/jornalboasnoticias.com.br\\\/home\\\/wp-content\\\/uploads\\\/2024\\\/07\\\/cropped-logo.jpg\",\"width\":290,\"height\":142,\"caption\":\"Coq Editora Ltda\"},\"image\":{\"@id\":\"https:\\\/\\\/jornalboasnoticias.com.br\\\/home\\\/#\\\/schema\\\/logo\\\/image\\\/\"},\"sameAs\":[\"https:\\\/\\\/www.facebook.com\\\/boasnoticiasjornal\"]},{\"@type\":\"Person\",\"@id\":\"https:\\\/\\\/jornalboasnoticias.com.br\\\/home\\\/#\\\/schema\\\/person\\\/75f9ebde398c998c166475fb446bda62\",\"name\":\"Luiz Carlos da Cruz\",\"image\":{\"@type\":\"ImageObject\",\"inLanguage\":\"pt-BR\",\"@id\":\"https:\\\/\\\/secure.gravatar.com\\\/avatar\\\/e6f4f45301b6cb8572f7b076572e8ac11c1db80e805d8c8d0858cf286ce3ac3b?s=96&d=mm&r=g\",\"url\":\"https:\\\/\\\/secure.gravatar.com\\\/avatar\\\/e6f4f45301b6cb8572f7b076572e8ac11c1db80e805d8c8d0858cf286ce3ac3b?s=96&d=mm&r=g\",\"contentUrl\":\"https:\\\/\\\/secure.gravatar.com\\\/avatar\\\/e6f4f45301b6cb8572f7b076572e8ac11c1db80e805d8c8d0858cf286ce3ac3b?s=96&d=mm&r=g\",\"caption\":\"Luiz Carlos da Cruz\"},\"url\":\"https:\\\/\\\/jornalboasnoticias.com.br\\\/home\\\/author\\\/luiz-carlos-da-cruz\\\/\"}]}<\/script>\n<!-- \/ Yoast SEO plugin. -->","yoast_head_json":{"title":"TRIBUTO \u00c0 CIDADANIA: Campanha incentiva contribuinte a destinar parte do Imposto de Renda \u00e0s entidades sociais - Jornal","description":"TRIBUTO \u00c0 CIDADANIA: Campanha incentiva contribuinte a destinar parte do Imposto de Renda \u00e0s entidades sociais","robots":{"index":"index","follow":"follow","max-snippet":"max-snippet:-1","max-image-preview":"max-image-preview:large","max-video-preview":"max-video-preview:-1"},"canonical":"https:\/\/jornalboasnoticias.com.br\/home\/tributo-a-cidadania-campanha-incentiva-contribuinte-a-destinar-parte-do-imposto-de-renda-as-entidades-sociais\/","og_locale":"pt_BR","og_type":"article","og_title":"TRIBUTO \u00c0 CIDADANIA: Campanha incentiva contribuinte a destinar parte do Imposto de Renda \u00e0s entidades sociais - Jornal","og_description":"TRIBUTO \u00c0 CIDADANIA: Campanha incentiva contribuinte a destinar parte do Imposto de Renda \u00e0s entidades sociais","og_url":"https:\/\/jornalboasnoticias.com.br\/home\/tributo-a-cidadania-campanha-incentiva-contribuinte-a-destinar-parte-do-imposto-de-renda-as-entidades-sociais\/","og_site_name":"Jornal","article_publisher":"https:\/\/www.facebook.com\/boasnoticiasjornal","article_published_time":"2024-03-13T21:04:08+00:00","og_image":[{"width":1024,"height":682,"url":"https:\/\/jornalboasnoticias.com.br\/home\/wp-content\/uploads\/2024\/03\/img_913A888DBABC8112DADFBDD1623464877B25DDC2.jpeg","type":"image\/jpeg"}],"author":"Luiz Carlos da Cruz","twitter_card":"summary_large_image","twitter_misc":{"Escrito por":"Luiz Carlos da Cruz","Est. tempo de leitura":"2 minutos"},"schema":{"@context":"https:\/\/schema.org","@graph":[{"@type":"Article","@id":"https:\/\/jornalboasnoticias.com.br\/home\/tributo-a-cidadania-campanha-incentiva-contribuinte-a-destinar-parte-do-imposto-de-renda-as-entidades-sociais\/#article","isPartOf":{"@id":"https:\/\/jornalboasnoticias.com.br\/home\/tributo-a-cidadania-campanha-incentiva-contribuinte-a-destinar-parte-do-imposto-de-renda-as-entidades-sociais\/"},"author":{"name":"Luiz Carlos da Cruz","@id":"https:\/\/jornalboasnoticias.com.br\/home\/#\/schema\/person\/75f9ebde398c998c166475fb446bda62"},"headline":"TRIBUTO \u00c0 CIDADANIA: Campanha incentiva contribuinte a destinar parte do Imposto de Renda \u00e0s entidades sociais","datePublished":"2024-03-13T21:04:08+00:00","mainEntityOfPage":{"@id":"https:\/\/jornalboasnoticias.com.br\/home\/tributo-a-cidadania-campanha-incentiva-contribuinte-a-destinar-parte-do-imposto-de-renda-as-entidades-sociais\/"},"wordCount":421,"commentCount":0,"publisher":{"@id":"https:\/\/jornalboasnoticias.com.br\/home\/#organization"},"image":{"@id":"https:\/\/jornalboasnoticias.com.br\/home\/tributo-a-cidadania-campanha-incentiva-contribuinte-a-destinar-parte-do-imposto-de-renda-as-entidades-sociais\/#primaryimage"},"thumbnailUrl":"https:\/\/jornalboasnoticias.com.br\/home\/wp-content\/uploads\/2024\/03\/img_913A888DBABC8112DADFBDD1623464877B25DDC2.jpeg","keywords":["cascavel"],"articleSection":["CASCAVEL","DESTAQUE"],"inLanguage":"pt-BR","potentialAction":[{"@type":"CommentAction","name":"Comment","target":["https:\/\/jornalboasnoticias.com.br\/home\/tributo-a-cidadania-campanha-incentiva-contribuinte-a-destinar-parte-do-imposto-de-renda-as-entidades-sociais\/#respond"]}]},{"@type":"WebPage","@id":"https:\/\/jornalboasnoticias.com.br\/home\/tributo-a-cidadania-campanha-incentiva-contribuinte-a-destinar-parte-do-imposto-de-renda-as-entidades-sociais\/","url":"https:\/\/jornalboasnoticias.com.br\/home\/tributo-a-cidadania-campanha-incentiva-contribuinte-a-destinar-parte-do-imposto-de-renda-as-entidades-sociais\/","name":"TRIBUTO \u00c0 CIDADANIA: Campanha incentiva contribuinte a destinar parte do Imposto de Renda \u00e0s entidades sociais - Jornal","isPartOf":{"@id":"https:\/\/jornalboasnoticias.com.br\/home\/#website"},"primaryImageOfPage":{"@id":"https:\/\/jornalboasnoticias.com.br\/home\/tributo-a-cidadania-campanha-incentiva-contribuinte-a-destinar-parte-do-imposto-de-renda-as-entidades-sociais\/#primaryimage"},"image":{"@id":"https:\/\/jornalboasnoticias.com.br\/home\/tributo-a-cidadania-campanha-incentiva-contribuinte-a-destinar-parte-do-imposto-de-renda-as-entidades-sociais\/#primaryimage"},"thumbnailUrl":"https:\/\/jornalboasnoticias.com.br\/home\/wp-content\/uploads\/2024\/03\/img_913A888DBABC8112DADFBDD1623464877B25DDC2.jpeg","datePublished":"2024-03-13T21:04:08+00:00","description":"TRIBUTO \u00c0 CIDADANIA: Campanha incentiva contribuinte a destinar parte do Imposto de Renda \u00e0s entidades sociais","breadcrumb":{"@id":"https:\/\/jornalboasnoticias.com.br\/home\/tributo-a-cidadania-campanha-incentiva-contribuinte-a-destinar-parte-do-imposto-de-renda-as-entidades-sociais\/#breadcrumb"},"inLanguage":"pt-BR","potentialAction":[{"@type":"ReadAction","target":["https:\/\/jornalboasnoticias.com.br\/home\/tributo-a-cidadania-campanha-incentiva-contribuinte-a-destinar-parte-do-imposto-de-renda-as-entidades-sociais\/"]}]},{"@type":"ImageObject","inLanguage":"pt-BR","@id":"https:\/\/jornalboasnoticias.com.br\/home\/tributo-a-cidadania-campanha-incentiva-contribuinte-a-destinar-parte-do-imposto-de-renda-as-entidades-sociais\/#primaryimage","url":"https:\/\/jornalboasnoticias.com.br\/home\/wp-content\/uploads\/2024\/03\/img_913A888DBABC8112DADFBDD1623464877B25DDC2.jpeg","contentUrl":"https:\/\/jornalboasnoticias.com.br\/home\/wp-content\/uploads\/2024\/03\/img_913A888DBABC8112DADFBDD1623464877B25DDC2.jpeg","width":1024,"height":682,"caption":"Fotos: Vanderlei Faria\/Secom"},{"@type":"BreadcrumbList","@id":"https:\/\/jornalboasnoticias.com.br\/home\/tributo-a-cidadania-campanha-incentiva-contribuinte-a-destinar-parte-do-imposto-de-renda-as-entidades-sociais\/#breadcrumb","itemListElement":[{"@type":"ListItem","position":1,"name":"In\u00edcio","item":"https:\/\/jornalboasnoticias.com.br\/home\/"},{"@type":"ListItem","position":2,"name":"TRIBUTO \u00c0 CIDADANIA: Campanha incentiva contribuinte a destinar parte do Imposto de Renda \u00e0s entidades sociais"}]},{"@type":"WebSite","@id":"https:\/\/jornalboasnoticias.com.br\/home\/#website","url":"https:\/\/jornalboasnoticias.com.br\/home\/","name":"Jornal Boas Not\u00edcias","description":"Boas not\u00edcias","publisher":{"@id":"https:\/\/jornalboasnoticias.com.br\/home\/#organization"},"potentialAction":[{"@type":"SearchAction","target":{"@type":"EntryPoint","urlTemplate":"https:\/\/jornalboasnoticias.com.br\/home\/?s={search_term_string}"},"query-input":{"@type":"PropertyValueSpecification","valueRequired":true,"valueName":"search_term_string"}}],"inLanguage":"pt-BR"},{"@type":"Organization","@id":"https:\/\/jornalboasnoticias.com.br\/home\/#organization","name":"Coq Editora Ltda","alternateName":"Jornal Boas Noticias","url":"https:\/\/jornalboasnoticias.com.br\/home\/","logo":{"@type":"ImageObject","inLanguage":"pt-BR","@id":"https:\/\/jornalboasnoticias.com.br\/home\/#\/schema\/logo\/image\/","url":"https:\/\/jornalboasnoticias.com.br\/home\/wp-content\/uploads\/2024\/07\/cropped-logo.jpg","contentUrl":"https:\/\/jornalboasnoticias.com.br\/home\/wp-content\/uploads\/2024\/07\/cropped-logo.jpg","width":290,"height":142,"caption":"Coq Editora Ltda"},"image":{"@id":"https:\/\/jornalboasnoticias.com.br\/home\/#\/schema\/logo\/image\/"},"sameAs":["https:\/\/www.facebook.com\/boasnoticiasjornal"]},{"@type":"Person","@id":"https:\/\/jornalboasnoticias.com.br\/home\/#\/schema\/person\/75f9ebde398c998c166475fb446bda62","name":"Luiz Carlos da Cruz","image":{"@type":"ImageObject","inLanguage":"pt-BR","@id":"https:\/\/secure.gravatar.com\/avatar\/e6f4f45301b6cb8572f7b076572e8ac11c1db80e805d8c8d0858cf286ce3ac3b?s=96&d=mm&r=g","url":"https:\/\/secure.gravatar.com\/avatar\/e6f4f45301b6cb8572f7b076572e8ac11c1db80e805d8c8d0858cf286ce3ac3b?s=96&d=mm&r=g","contentUrl":"https:\/\/secure.gravatar.com\/avatar\/e6f4f45301b6cb8572f7b076572e8ac11c1db80e805d8c8d0858cf286ce3ac3b?s=96&d=mm&r=g","caption":"Luiz Carlos da Cruz"},"url":"https:\/\/jornalboasnoticias.com.br\/home\/author\/luiz-carlos-da-cruz\/"}]}},"_links":{"self":[{"href":"https:\/\/jornalboasnoticias.com.br\/home\/wp-json\/wp\/v2\/posts\/42713","targetHints":{"allow":["GET"]}}],"collection":[{"href":"https:\/\/jornalboasnoticias.com.br\/home\/wp-json\/wp\/v2\/posts"}],"about":[{"href":"https:\/\/jornalboasnoticias.com.br\/home\/wp-json\/wp\/v2\/types\/post"}],"author":[{"embeddable":true,"href":"https:\/\/jornalboasnoticias.com.br\/home\/wp-json\/wp\/v2\/users\/3"}],"replies":[{"embeddable":true,"href":"https:\/\/jornalboasnoticias.com.br\/home\/wp-json\/wp\/v2\/comments?post=42713"}],"version-history":[{"count":0,"href":"https:\/\/jornalboasnoticias.com.br\/home\/wp-json\/wp\/v2\/posts\/42713\/revisions"}],"wp:featuredmedia":[{"embeddable":true,"href":"https:\/\/jornalboasnoticias.com.br\/home\/wp-json\/wp\/v2\/media\/42714"}],"wp:attachment":[{"href":"https:\/\/jornalboasnoticias.com.br\/home\/wp-json\/wp\/v2\/media?parent=42713"}],"wp:term":[{"taxonomy":"category","embeddable":true,"href":"https:\/\/jornalboasnoticias.com.br\/home\/wp-json\/wp\/v2\/categories?post=42713"},{"taxonomy":"post_tag","embeddable":true,"href":"https:\/\/jornalboasnoticias.com.br\/home\/wp-json\/wp\/v2\/tags?post=42713"}],"curies":[{"name":"wp","href":"https:\/\/api.w.org\/{rel}","templated":true}]}}