{"id":42711,"date":"2024-03-13T18:00:30","date_gmt":"2024-03-13T21:00:30","guid":{"rendered":"https:\/\/www.jornalboasnoticias.com.br\/?p=42711"},"modified":"2024-03-13T18:00:30","modified_gmt":"2024-03-13T21:00:30","slug":"stf-reconhece-licenca-maternidade-a-nao-gestante-em-uniao-homoafetiva","status":"publish","type":"post","link":"https:\/\/jornalboasnoticias.com.br\/home\/stf-reconhece-licenca-maternidade-a-nao-gestante-em-uniao-homoafetiva\/","title":{"rendered":"STF reconhece licen\u00e7a-maternidade a n\u00e3o gestante em uni\u00e3o homoafetiva"},"content":{"rendered":"<p class=\"col-10 offset-1 animated fadeInDown dealy-900 display-8 display-md-8 alt-font font-italic my-1 text-center\" style=\"text-align: center;\"><strong><em>Tese dever\u00e1 ser aplicada a todos os processos semelhantes<\/em><\/strong><\/p>\n<figure id=\"attachment_37241\" aria-describedby=\"caption-attachment-37241\" style=\"width: 1170px\" class=\"wp-caption alignnone\"><img loading=\"lazy\" decoding=\"async\" class=\"size-full wp-image-37241\" src=\"https:\/\/jornalboasnoticias.com.br\/home\/wp-content\/uploads\/2023\/03\/stf_1908200973.jpg\" alt=\"\" width=\"1170\" height=\"700\" srcset=\"https:\/\/jornalboasnoticias.com.br\/home\/wp-content\/uploads\/2023\/03\/stf_1908200973.jpg 1170w, https:\/\/jornalboasnoticias.com.br\/home\/wp-content\/uploads\/2023\/03\/stf_1908200973-300x179.jpg 300w, https:\/\/jornalboasnoticias.com.br\/home\/wp-content\/uploads\/2023\/03\/stf_1908200973-1024x613.jpg 1024w, https:\/\/jornalboasnoticias.com.br\/home\/wp-content\/uploads\/2023\/03\/stf_1908200973-768x459.jpg 768w\" sizes=\"auto, (max-width: 1170px) 100vw, 1170px\" \/><figcaption id=\"caption-attachment-37241\" class=\"wp-caption-text\">Fachada do edif\u00edcio sede do Supremo Tribunal Federal &#8211; STF<\/figcaption><\/figure>\n<p>O Supremo Tribunal Federal (STF) decidiu nesta quarta-feira (13) reconhecer a licen\u00e7a-maternidade para m\u00e3es n\u00e3o gestantes nos casos de uni\u00e3o est\u00e1vel homoafetiva.<img decoding=\"async\" src=\"https:\/\/agenciabrasil.ebc.com.br\/ebc.png?id=1585556&amp;o=node\" \/><img decoding=\"async\" src=\"https:\/\/agenciabrasil.ebc.com.br\/ebc.gif?id=1585556&amp;o=node\" \/><\/p>\n<p>A decis\u00e3o vale para o caso de uma servidora p\u00fablica que utilizou o m\u00e9todo de insemina\u00e7\u00e3o artificial.<\/p>\n<p>A Corte julgou\u00a0o caso de uma servidora municipal de S\u00e3o Bernardo do Campo (SP) que pediu licen\u00e7a-maternidade de 120 dias em fun\u00e7\u00e3o do nascimento do filho gerado a partir de insemina\u00e7\u00e3o artificial heter\u00f3loga (com \u00f3vulo da m\u00e3e n\u00e3o gestante).<\/p>\n<p>Apesar de comprovar o nascimento do filho, a licen\u00e7a foi negada pela administra\u00e7\u00e3o p\u00fablica diante da falta de previs\u00e3o legal.<\/p>\n<p>Inconformada com a negativa, a servidora recorreu \u00e0 Justi\u00e7a de S\u00e3o Paulo e ganhou direito \u00e0 licen\u00e7a. Contudo, o munic\u00edpio de S\u00e3o Bernardo tamb\u00e9m recorreu da decis\u00e3o ao Supremo.<\/p>\n<p>\u200bA decis\u00e3o do STF\u00a0ser\u00e1 v\u00e1lida para casos de servidoras p\u00fablicas e trabalhadoras da iniciativa privada que estiverem na mesma situa\u00e7\u00e3o do caso analisado.<\/p>\n<p>Conforme a tese que dever\u00e1 ser aplicada a todos os processos semelhantes, se a m\u00e3e pedir a licen\u00e7a-maternidade de 120 dias, a companheira poder\u00e1 usufruir de licen\u00e7a de cinco dias, per\u00edodo equivalente \u00e0 licen\u00e7a-paternidade.<\/p>\n<p>Ao votar sobre a quest\u00e3o, o ministro Luiz Fux, relator do processo, afirmou que, apesar de n\u00e3o estar expressa na lei, o Supremo deve garantir o cumprimento constitucional de prote\u00e7\u00e3o \u00e0 crian\u00e7a. Para o ministro, m\u00e3e n\u00e3o gestante tamb\u00e9m tem direito \u00e0 licen\u00e7a. Decis\u00e3o que for tomada pelo STF dever\u00e1 ser aplicada por todos os tribunais do pa\u00eds.<\/p>\n<p>&#8220;A licen\u00e7a tamb\u00e9m se destina \u00e0 prote\u00e7\u00e3o de m\u00e3es adotivas e de m\u00e3e n\u00e3o gestante em uni\u00e3o homoafetiva, que apesar de n\u00e3o vivenciarem as altera\u00e7\u00f5es t\u00edpicas da gravidez, arcam com todos os demais papeis e tarefas que lhe incubem ap\u00f3s a forma\u00e7\u00e3o do novo v\u00ednculo familiar&#8221;, afirmou.<\/p>\n<p>O ministro Alexandre de Moraes tamb\u00e9m reconheceu o direito \u00e0 licen\u00e7a, mas divergiu do relator para garantir que as duas mulheres da uni\u00e3o est\u00e1vel tenham o benef\u00edcio.<\/p>\n<p>&#8220;A Constitui\u00e7\u00e3o estabeleceu uma licen\u00e7a maior para a m\u00e3e, vislumbrando a condi\u00e7\u00e3o de mulher. Se as duas s\u00e3o mulheres, as duas s\u00e3o m\u00e3es, \u00e9 o Supremo que vai dizer uma pode e a outra est\u00e1 equiparando a licen\u00e7a-paternidade?\u00a0Estamos replicando o modelo tradicional, homem e mulher&#8221;, concluiu.<\/p>\n<p><em>Ag\u00eancia Brasil<\/em><\/p>\n","protected":false},"excerpt":{"rendered":"<p>Tese dever\u00e1 ser aplicada a todos os processos semelhantes O Supremo Tribunal Federal (STF) decidiu<\/p>\n","protected":false},"author":3,"featured_media":40523,"comment_status":"open","ping_status":"open","sticky":false,"template":"","format":"standard","meta":{"footnotes":""},"categories":[6,3],"tags":[],"class_list":["post-42711","post","type-post","status-publish","format-standard","has-post-thumbnail","hentry","category-brasil","category-destaques"],"yoast_head":"<!-- This site is optimized with the Yoast SEO plugin v27.5 - https:\/\/yoast.com\/product\/yoast-seo-wordpress\/ -->\n<title>STF reconhece licen\u00e7a-maternidade a n\u00e3o gestante em uni\u00e3o homoafetiva - Jornal<\/title>\n<meta name=\"description\" content=\"STF reconhece licen\u00e7a-maternidade a n\u00e3o gestante em uni\u00e3o homoafetiva\" \/>\n<meta name=\"robots\" content=\"index, follow, max-snippet:-1, max-image-preview:large, max-video-preview:-1\" \/>\n<link rel=\"canonical\" href=\"https:\/\/jornalboasnoticias.com.br\/home\/stf-reconhece-licenca-maternidade-a-nao-gestante-em-uniao-homoafetiva\/\" \/>\n<meta property=\"og:locale\" content=\"pt_BR\" \/>\n<meta property=\"og:type\" content=\"article\" \/>\n<meta property=\"og:title\" content=\"STF reconhece licen\u00e7a-maternidade a n\u00e3o gestante em uni\u00e3o homoafetiva - Jornal\" \/>\n<meta property=\"og:description\" content=\"STF reconhece licen\u00e7a-maternidade a n\u00e3o gestante em uni\u00e3o homoafetiva\" \/>\n<meta property=\"og:url\" content=\"https:\/\/jornalboasnoticias.com.br\/home\/stf-reconhece-licenca-maternidade-a-nao-gestante-em-uniao-homoafetiva\/\" \/>\n<meta property=\"og:site_name\" content=\"Jornal\" \/>\n<meta property=\"article:publisher\" content=\"https:\/\/www.facebook.com\/boasnoticiasjornal\" \/>\n<meta property=\"article:published_time\" content=\"2024-03-13T21:00:30+00:00\" \/>\n<meta property=\"og:image\" content=\"https:\/\/jornalboasnoticias.com.br\/home\/wp-content\/uploads\/2023\/08\/IMG_6754-e1690891280413.jpeg\" \/>\n\t<meta property=\"og:image:width\" content=\"1000\" \/>\n\t<meta property=\"og:image:height\" content=\"598\" \/>\n\t<meta property=\"og:image:type\" content=\"image\/jpeg\" \/>\n<meta name=\"author\" content=\"Luiz Carlos da Cruz\" \/>\n<meta name=\"twitter:card\" content=\"summary_large_image\" \/>\n<meta name=\"twitter:label1\" content=\"Escrito por\" \/>\n\t<meta name=\"twitter:data1\" content=\"Luiz Carlos da Cruz\" \/>\n\t<meta name=\"twitter:label2\" content=\"Est. tempo de leitura\" \/>\n\t<meta name=\"twitter:data2\" content=\"2 minutos\" \/>\n<script type=\"application\/ld+json\" class=\"yoast-schema-graph\">{\"@context\":\"https:\\\/\\\/schema.org\",\"@graph\":[{\"@type\":\"Article\",\"@id\":\"https:\\\/\\\/jornalboasnoticias.com.br\\\/home\\\/stf-reconhece-licenca-maternidade-a-nao-gestante-em-uniao-homoafetiva\\\/#article\",\"isPartOf\":{\"@id\":\"https:\\\/\\\/jornalboasnoticias.com.br\\\/home\\\/stf-reconhece-licenca-maternidade-a-nao-gestante-em-uniao-homoafetiva\\\/\"},\"author\":{\"name\":\"Luiz Carlos da Cruz\",\"@id\":\"https:\\\/\\\/jornalboasnoticias.com.br\\\/home\\\/#\\\/schema\\\/person\\\/75f9ebde398c998c166475fb446bda62\"},\"headline\":\"STF reconhece licen\u00e7a-maternidade a n\u00e3o gestante em uni\u00e3o homoafetiva\",\"datePublished\":\"2024-03-13T21:00:30+00:00\",\"mainEntityOfPage\":{\"@id\":\"https:\\\/\\\/jornalboasnoticias.com.br\\\/home\\\/stf-reconhece-licenca-maternidade-a-nao-gestante-em-uniao-homoafetiva\\\/\"},\"wordCount\":468,\"commentCount\":0,\"publisher\":{\"@id\":\"https:\\\/\\\/jornalboasnoticias.com.br\\\/home\\\/#organization\"},\"image\":{\"@id\":\"https:\\\/\\\/jornalboasnoticias.com.br\\\/home\\\/stf-reconhece-licenca-maternidade-a-nao-gestante-em-uniao-homoafetiva\\\/#primaryimage\"},\"thumbnailUrl\":\"https:\\\/\\\/jornalboasnoticias.com.br\\\/home\\\/wp-content\\\/uploads\\\/2023\\\/08\\\/IMG_6754-e1690891280413.jpeg\",\"articleSection\":[\"BRASIL\",\"DESTAQUE\"],\"inLanguage\":\"pt-BR\",\"potentialAction\":[{\"@type\":\"CommentAction\",\"name\":\"Comment\",\"target\":[\"https:\\\/\\\/jornalboasnoticias.com.br\\\/home\\\/stf-reconhece-licenca-maternidade-a-nao-gestante-em-uniao-homoafetiva\\\/#respond\"]}]},{\"@type\":\"WebPage\",\"@id\":\"https:\\\/\\\/jornalboasnoticias.com.br\\\/home\\\/stf-reconhece-licenca-maternidade-a-nao-gestante-em-uniao-homoafetiva\\\/\",\"url\":\"https:\\\/\\\/jornalboasnoticias.com.br\\\/home\\\/stf-reconhece-licenca-maternidade-a-nao-gestante-em-uniao-homoafetiva\\\/\",\"name\":\"STF reconhece licen\u00e7a-maternidade a n\u00e3o gestante em uni\u00e3o homoafetiva - Jornal\",\"isPartOf\":{\"@id\":\"https:\\\/\\\/jornalboasnoticias.com.br\\\/home\\\/#website\"},\"primaryImageOfPage\":{\"@id\":\"https:\\\/\\\/jornalboasnoticias.com.br\\\/home\\\/stf-reconhece-licenca-maternidade-a-nao-gestante-em-uniao-homoafetiva\\\/#primaryimage\"},\"image\":{\"@id\":\"https:\\\/\\\/jornalboasnoticias.com.br\\\/home\\\/stf-reconhece-licenca-maternidade-a-nao-gestante-em-uniao-homoafetiva\\\/#primaryimage\"},\"thumbnailUrl\":\"https:\\\/\\\/jornalboasnoticias.com.br\\\/home\\\/wp-content\\\/uploads\\\/2023\\\/08\\\/IMG_6754-e1690891280413.jpeg\",\"datePublished\":\"2024-03-13T21:00:30+00:00\",\"description\":\"STF reconhece licen\u00e7a-maternidade a n\u00e3o gestante em uni\u00e3o homoafetiva\",\"breadcrumb\":{\"@id\":\"https:\\\/\\\/jornalboasnoticias.com.br\\\/home\\\/stf-reconhece-licenca-maternidade-a-nao-gestante-em-uniao-homoafetiva\\\/#breadcrumb\"},\"inLanguage\":\"pt-BR\",\"potentialAction\":[{\"@type\":\"ReadAction\",\"target\":[\"https:\\\/\\\/jornalboasnoticias.com.br\\\/home\\\/stf-reconhece-licenca-maternidade-a-nao-gestante-em-uniao-homoafetiva\\\/\"]}]},{\"@type\":\"ImageObject\",\"inLanguage\":\"pt-BR\",\"@id\":\"https:\\\/\\\/jornalboasnoticias.com.br\\\/home\\\/stf-reconhece-licenca-maternidade-a-nao-gestante-em-uniao-homoafetiva\\\/#primaryimage\",\"url\":\"https:\\\/\\\/jornalboasnoticias.com.br\\\/home\\\/wp-content\\\/uploads\\\/2023\\\/08\\\/IMG_6754-e1690891280413.jpeg\",\"contentUrl\":\"https:\\\/\\\/jornalboasnoticias.com.br\\\/home\\\/wp-content\\\/uploads\\\/2023\\\/08\\\/IMG_6754-e1690891280413.jpeg\",\"width\":1000,\"height\":598,\"caption\":\"\u00a9 Fabio Rodrigues-Pozzebom\\\/ Ag\u00eancia Brasil\"},{\"@type\":\"BreadcrumbList\",\"@id\":\"https:\\\/\\\/jornalboasnoticias.com.br\\\/home\\\/stf-reconhece-licenca-maternidade-a-nao-gestante-em-uniao-homoafetiva\\\/#breadcrumb\",\"itemListElement\":[{\"@type\":\"ListItem\",\"position\":1,\"name\":\"In\u00edcio\",\"item\":\"https:\\\/\\\/jornalboasnoticias.com.br\\\/home\\\/\"},{\"@type\":\"ListItem\",\"position\":2,\"name\":\"STF reconhece licen\u00e7a-maternidade a n\u00e3o gestante em uni\u00e3o homoafetiva\"}]},{\"@type\":\"WebSite\",\"@id\":\"https:\\\/\\\/jornalboasnoticias.com.br\\\/home\\\/#website\",\"url\":\"https:\\\/\\\/jornalboasnoticias.com.br\\\/home\\\/\",\"name\":\"Jornal Boas Not\u00edcias\",\"description\":\"Boas not\u00edcias\",\"publisher\":{\"@id\":\"https:\\\/\\\/jornalboasnoticias.com.br\\\/home\\\/#organization\"},\"potentialAction\":[{\"@type\":\"SearchAction\",\"target\":{\"@type\":\"EntryPoint\",\"urlTemplate\":\"https:\\\/\\\/jornalboasnoticias.com.br\\\/home\\\/?s={search_term_string}\"},\"query-input\":{\"@type\":\"PropertyValueSpecification\",\"valueRequired\":true,\"valueName\":\"search_term_string\"}}],\"inLanguage\":\"pt-BR\"},{\"@type\":\"Organization\",\"@id\":\"https:\\\/\\\/jornalboasnoticias.com.br\\\/home\\\/#organization\",\"name\":\"Coq Editora Ltda\",\"alternateName\":\"Jornal Boas Noticias\",\"url\":\"https:\\\/\\\/jornalboasnoticias.com.br\\\/home\\\/\",\"logo\":{\"@type\":\"ImageObject\",\"inLanguage\":\"pt-BR\",\"@id\":\"https:\\\/\\\/jornalboasnoticias.com.br\\\/home\\\/#\\\/schema\\\/logo\\\/image\\\/\",\"url\":\"https:\\\/\\\/jornalboasnoticias.com.br\\\/home\\\/wp-content\\\/uploads\\\/2024\\\/07\\\/cropped-logo.jpg\",\"contentUrl\":\"https:\\\/\\\/jornalboasnoticias.com.br\\\/home\\\/wp-content\\\/uploads\\\/2024\\\/07\\\/cropped-logo.jpg\",\"width\":290,\"height\":142,\"caption\":\"Coq Editora Ltda\"},\"image\":{\"@id\":\"https:\\\/\\\/jornalboasnoticias.com.br\\\/home\\\/#\\\/schema\\\/logo\\\/image\\\/\"},\"sameAs\":[\"https:\\\/\\\/www.facebook.com\\\/boasnoticiasjornal\"]},{\"@type\":\"Person\",\"@id\":\"https:\\\/\\\/jornalboasnoticias.com.br\\\/home\\\/#\\\/schema\\\/person\\\/75f9ebde398c998c166475fb446bda62\",\"name\":\"Luiz Carlos da Cruz\",\"image\":{\"@type\":\"ImageObject\",\"inLanguage\":\"pt-BR\",\"@id\":\"https:\\\/\\\/secure.gravatar.com\\\/avatar\\\/e6f4f45301b6cb8572f7b076572e8ac11c1db80e805d8c8d0858cf286ce3ac3b?s=96&d=mm&r=g\",\"url\":\"https:\\\/\\\/secure.gravatar.com\\\/avatar\\\/e6f4f45301b6cb8572f7b076572e8ac11c1db80e805d8c8d0858cf286ce3ac3b?s=96&d=mm&r=g\",\"contentUrl\":\"https:\\\/\\\/secure.gravatar.com\\\/avatar\\\/e6f4f45301b6cb8572f7b076572e8ac11c1db80e805d8c8d0858cf286ce3ac3b?s=96&d=mm&r=g\",\"caption\":\"Luiz Carlos da Cruz\"},\"url\":\"https:\\\/\\\/jornalboasnoticias.com.br\\\/home\\\/author\\\/luiz-carlos-da-cruz\\\/\"}]}<\/script>\n<!-- \/ Yoast SEO plugin. -->","yoast_head_json":{"title":"STF reconhece licen\u00e7a-maternidade a n\u00e3o gestante em uni\u00e3o homoafetiva - Jornal","description":"STF reconhece licen\u00e7a-maternidade a n\u00e3o gestante em uni\u00e3o homoafetiva","robots":{"index":"index","follow":"follow","max-snippet":"max-snippet:-1","max-image-preview":"max-image-preview:large","max-video-preview":"max-video-preview:-1"},"canonical":"https:\/\/jornalboasnoticias.com.br\/home\/stf-reconhece-licenca-maternidade-a-nao-gestante-em-uniao-homoafetiva\/","og_locale":"pt_BR","og_type":"article","og_title":"STF reconhece licen\u00e7a-maternidade a n\u00e3o gestante em uni\u00e3o homoafetiva - Jornal","og_description":"STF reconhece licen\u00e7a-maternidade a n\u00e3o gestante em uni\u00e3o homoafetiva","og_url":"https:\/\/jornalboasnoticias.com.br\/home\/stf-reconhece-licenca-maternidade-a-nao-gestante-em-uniao-homoafetiva\/","og_site_name":"Jornal","article_publisher":"https:\/\/www.facebook.com\/boasnoticiasjornal","article_published_time":"2024-03-13T21:00:30+00:00","og_image":[{"width":1000,"height":598,"url":"https:\/\/jornalboasnoticias.com.br\/home\/wp-content\/uploads\/2023\/08\/IMG_6754-e1690891280413.jpeg","type":"image\/jpeg"}],"author":"Luiz Carlos da Cruz","twitter_card":"summary_large_image","twitter_misc":{"Escrito por":"Luiz Carlos da Cruz","Est. tempo de leitura":"2 minutos"},"schema":{"@context":"https:\/\/schema.org","@graph":[{"@type":"Article","@id":"https:\/\/jornalboasnoticias.com.br\/home\/stf-reconhece-licenca-maternidade-a-nao-gestante-em-uniao-homoafetiva\/#article","isPartOf":{"@id":"https:\/\/jornalboasnoticias.com.br\/home\/stf-reconhece-licenca-maternidade-a-nao-gestante-em-uniao-homoafetiva\/"},"author":{"name":"Luiz Carlos da Cruz","@id":"https:\/\/jornalboasnoticias.com.br\/home\/#\/schema\/person\/75f9ebde398c998c166475fb446bda62"},"headline":"STF reconhece licen\u00e7a-maternidade a n\u00e3o gestante em uni\u00e3o homoafetiva","datePublished":"2024-03-13T21:00:30+00:00","mainEntityOfPage":{"@id":"https:\/\/jornalboasnoticias.com.br\/home\/stf-reconhece-licenca-maternidade-a-nao-gestante-em-uniao-homoafetiva\/"},"wordCount":468,"commentCount":0,"publisher":{"@id":"https:\/\/jornalboasnoticias.com.br\/home\/#organization"},"image":{"@id":"https:\/\/jornalboasnoticias.com.br\/home\/stf-reconhece-licenca-maternidade-a-nao-gestante-em-uniao-homoafetiva\/#primaryimage"},"thumbnailUrl":"https:\/\/jornalboasnoticias.com.br\/home\/wp-content\/uploads\/2023\/08\/IMG_6754-e1690891280413.jpeg","articleSection":["BRASIL","DESTAQUE"],"inLanguage":"pt-BR","potentialAction":[{"@type":"CommentAction","name":"Comment","target":["https:\/\/jornalboasnoticias.com.br\/home\/stf-reconhece-licenca-maternidade-a-nao-gestante-em-uniao-homoafetiva\/#respond"]}]},{"@type":"WebPage","@id":"https:\/\/jornalboasnoticias.com.br\/home\/stf-reconhece-licenca-maternidade-a-nao-gestante-em-uniao-homoafetiva\/","url":"https:\/\/jornalboasnoticias.com.br\/home\/stf-reconhece-licenca-maternidade-a-nao-gestante-em-uniao-homoafetiva\/","name":"STF reconhece licen\u00e7a-maternidade a n\u00e3o gestante em uni\u00e3o homoafetiva - Jornal","isPartOf":{"@id":"https:\/\/jornalboasnoticias.com.br\/home\/#website"},"primaryImageOfPage":{"@id":"https:\/\/jornalboasnoticias.com.br\/home\/stf-reconhece-licenca-maternidade-a-nao-gestante-em-uniao-homoafetiva\/#primaryimage"},"image":{"@id":"https:\/\/jornalboasnoticias.com.br\/home\/stf-reconhece-licenca-maternidade-a-nao-gestante-em-uniao-homoafetiva\/#primaryimage"},"thumbnailUrl":"https:\/\/jornalboasnoticias.com.br\/home\/wp-content\/uploads\/2023\/08\/IMG_6754-e1690891280413.jpeg","datePublished":"2024-03-13T21:00:30+00:00","description":"STF reconhece licen\u00e7a-maternidade a n\u00e3o gestante em uni\u00e3o homoafetiva","breadcrumb":{"@id":"https:\/\/jornalboasnoticias.com.br\/home\/stf-reconhece-licenca-maternidade-a-nao-gestante-em-uniao-homoafetiva\/#breadcrumb"},"inLanguage":"pt-BR","potentialAction":[{"@type":"ReadAction","target":["https:\/\/jornalboasnoticias.com.br\/home\/stf-reconhece-licenca-maternidade-a-nao-gestante-em-uniao-homoafetiva\/"]}]},{"@type":"ImageObject","inLanguage":"pt-BR","@id":"https:\/\/jornalboasnoticias.com.br\/home\/stf-reconhece-licenca-maternidade-a-nao-gestante-em-uniao-homoafetiva\/#primaryimage","url":"https:\/\/jornalboasnoticias.com.br\/home\/wp-content\/uploads\/2023\/08\/IMG_6754-e1690891280413.jpeg","contentUrl":"https:\/\/jornalboasnoticias.com.br\/home\/wp-content\/uploads\/2023\/08\/IMG_6754-e1690891280413.jpeg","width":1000,"height":598,"caption":"\u00a9 Fabio Rodrigues-Pozzebom\/ Ag\u00eancia Brasil"},{"@type":"BreadcrumbList","@id":"https:\/\/jornalboasnoticias.com.br\/home\/stf-reconhece-licenca-maternidade-a-nao-gestante-em-uniao-homoafetiva\/#breadcrumb","itemListElement":[{"@type":"ListItem","position":1,"name":"In\u00edcio","item":"https:\/\/jornalboasnoticias.com.br\/home\/"},{"@type":"ListItem","position":2,"name":"STF reconhece licen\u00e7a-maternidade a n\u00e3o gestante em uni\u00e3o homoafetiva"}]},{"@type":"WebSite","@id":"https:\/\/jornalboasnoticias.com.br\/home\/#website","url":"https:\/\/jornalboasnoticias.com.br\/home\/","name":"Jornal Boas Not\u00edcias","description":"Boas not\u00edcias","publisher":{"@id":"https:\/\/jornalboasnoticias.com.br\/home\/#organization"},"potentialAction":[{"@type":"SearchAction","target":{"@type":"EntryPoint","urlTemplate":"https:\/\/jornalboasnoticias.com.br\/home\/?s={search_term_string}"},"query-input":{"@type":"PropertyValueSpecification","valueRequired":true,"valueName":"search_term_string"}}],"inLanguage":"pt-BR"},{"@type":"Organization","@id":"https:\/\/jornalboasnoticias.com.br\/home\/#organization","name":"Coq Editora Ltda","alternateName":"Jornal Boas Noticias","url":"https:\/\/jornalboasnoticias.com.br\/home\/","logo":{"@type":"ImageObject","inLanguage":"pt-BR","@id":"https:\/\/jornalboasnoticias.com.br\/home\/#\/schema\/logo\/image\/","url":"https:\/\/jornalboasnoticias.com.br\/home\/wp-content\/uploads\/2024\/07\/cropped-logo.jpg","contentUrl":"https:\/\/jornalboasnoticias.com.br\/home\/wp-content\/uploads\/2024\/07\/cropped-logo.jpg","width":290,"height":142,"caption":"Coq Editora Ltda"},"image":{"@id":"https:\/\/jornalboasnoticias.com.br\/home\/#\/schema\/logo\/image\/"},"sameAs":["https:\/\/www.facebook.com\/boasnoticiasjornal"]},{"@type":"Person","@id":"https:\/\/jornalboasnoticias.com.br\/home\/#\/schema\/person\/75f9ebde398c998c166475fb446bda62","name":"Luiz Carlos da Cruz","image":{"@type":"ImageObject","inLanguage":"pt-BR","@id":"https:\/\/secure.gravatar.com\/avatar\/e6f4f45301b6cb8572f7b076572e8ac11c1db80e805d8c8d0858cf286ce3ac3b?s=96&d=mm&r=g","url":"https:\/\/secure.gravatar.com\/avatar\/e6f4f45301b6cb8572f7b076572e8ac11c1db80e805d8c8d0858cf286ce3ac3b?s=96&d=mm&r=g","contentUrl":"https:\/\/secure.gravatar.com\/avatar\/e6f4f45301b6cb8572f7b076572e8ac11c1db80e805d8c8d0858cf286ce3ac3b?s=96&d=mm&r=g","caption":"Luiz Carlos da Cruz"},"url":"https:\/\/jornalboasnoticias.com.br\/home\/author\/luiz-carlos-da-cruz\/"}]}},"_links":{"self":[{"href":"https:\/\/jornalboasnoticias.com.br\/home\/wp-json\/wp\/v2\/posts\/42711","targetHints":{"allow":["GET"]}}],"collection":[{"href":"https:\/\/jornalboasnoticias.com.br\/home\/wp-json\/wp\/v2\/posts"}],"about":[{"href":"https:\/\/jornalboasnoticias.com.br\/home\/wp-json\/wp\/v2\/types\/post"}],"author":[{"embeddable":true,"href":"https:\/\/jornalboasnoticias.com.br\/home\/wp-json\/wp\/v2\/users\/3"}],"replies":[{"embeddable":true,"href":"https:\/\/jornalboasnoticias.com.br\/home\/wp-json\/wp\/v2\/comments?post=42711"}],"version-history":[{"count":0,"href":"https:\/\/jornalboasnoticias.com.br\/home\/wp-json\/wp\/v2\/posts\/42711\/revisions"}],"wp:featuredmedia":[{"embeddable":true,"href":"https:\/\/jornalboasnoticias.com.br\/home\/wp-json\/wp\/v2\/media\/40523"}],"wp:attachment":[{"href":"https:\/\/jornalboasnoticias.com.br\/home\/wp-json\/wp\/v2\/media?parent=42711"}],"wp:term":[{"taxonomy":"category","embeddable":true,"href":"https:\/\/jornalboasnoticias.com.br\/home\/wp-json\/wp\/v2\/categories?post=42711"},{"taxonomy":"post_tag","embeddable":true,"href":"https:\/\/jornalboasnoticias.com.br\/home\/wp-json\/wp\/v2\/tags?post=42711"}],"curies":[{"name":"wp","href":"https:\/\/api.w.org\/{rel}","templated":true}]}}