{"id":42708,"date":"2024-03-13T17:56:54","date_gmt":"2024-03-13T20:56:54","guid":{"rendered":"https:\/\/www.jornalboasnoticias.com.br\/?p=42708"},"modified":"2024-03-13T17:56:54","modified_gmt":"2024-03-13T20:56:54","slug":"producao-industrial-cresce-no-parana-em-janeiro","status":"publish","type":"post","link":"https:\/\/jornalboasnoticias.com.br\/home\/producao-industrial-cresce-no-parana-em-janeiro\/","title":{"rendered":"Produ\u00e7\u00e3o industrial cresce no Paran\u00e1 em janeiro"},"content":{"rendered":"<p style=\"text-align: center;\"><strong><em>Indicador ficou acima da m\u00e9dia nacional, puxado principalmente pelos setores de alimentos, madeira, petr\u00f3leo e m\u00e1quinas, aparelhos e materiais el\u00e9tricos<\/em><\/strong><\/p>\n<p><img loading=\"lazy\" decoding=\"async\" class=\"alignnone size-full wp-image-42709\" src=\"https:\/\/jornalboasnoticias.com.br\/home\/wp-content\/uploads\/2024\/03\/producao-industrial.jpg\" alt=\"\" width=\"1000\" height=\"666\" srcset=\"https:\/\/jornalboasnoticias.com.br\/home\/wp-content\/uploads\/2024\/03\/producao-industrial.jpg 1000w, https:\/\/jornalboasnoticias.com.br\/home\/wp-content\/uploads\/2024\/03\/producao-industrial-300x200.jpg 300w, https:\/\/jornalboasnoticias.com.br\/home\/wp-content\/uploads\/2024\/03\/producao-industrial-768x511.jpg 768w\" sizes=\"auto, (max-width: 1000px) 100vw, 1000px\" \/><\/p>\n<div>\n<p>O ano come\u00e7ou com desempenho positivo da produ\u00e7\u00e3o industrial do Paran\u00e1. O indicador divulgado esta manh\u00e3 (13\/3), pelo Instituto Brasileiro de Geografia e Estat\u00edstica (IBGE), teve crescimento de 3,9%, valor pouco acima do nacional, em 3,6%. No Sul, Santa Catarina obteve maior alta, com 6,3%. J\u00e1 o Rio Grande do Sul registrou retra\u00e7\u00e3o de 4,5%.<\/p>\n<p>Entre os estados mais industrializados do pa\u00eds, Rio de Janeiro (7,1%) e Minas Gerais (5,5%) cresceram bem, seguidos por S\u00e3o Paulo (4,6%). Por\u00e9m, o bom resultado nos dois primeiros pode estar atrelado ao desempenho dos setores extrativo e de petr\u00f3leo, que s\u00e3o fortes nessas regi\u00f5es.<\/p>\n<p>Nos \u00faltimos 12 meses, a ind\u00fastria paranaense acumula alta de 1,9%, enquanto a brasileira evoluiu apenas 0,4%. Nesta mesma an\u00e1lise, o estado obteve o melhor resultado da regi\u00e3o Sul, j\u00e1 no que Rio Grande do Sul (-4,5%) e em Santa Catarina (-0,5%) a atividade encolheu no per\u00edodo de fevereiro de 2023 at\u00e9 janeiro deste ano.<\/p>\n<p>\u201cA produ\u00e7\u00e3o industrial no Paran\u00e1 \u00e9 influenciada pelas condi\u00e7\u00f5es macroecon\u00f4micas do pa\u00eds. Percebe-se que o mercado de consumo vem se recuperando como consequ\u00eancia da melhora na empregabilidade, especialmente aqui no Paran\u00e1. Essa condi\u00e7\u00e3o favorece o aumento nas vendas do com\u00e9rcio e impacta nos n\u00edveis de produ\u00e7\u00e3o aqui no estado\u201d, avalia o presidente do Sistema Fiep, Edson Vasconcelos. \u201cPor\u00e9m, \u00e9 preciso observar como esses elementos v\u00e3o se comportar nos pr\u00f3ximos meses\u201d, acrescenta.<\/p>\n<p>Para Vasconcelos, em longo prazo, \u00e9 fundamental que tanto o pa\u00eds quanto o Paran\u00e1 aprimorem seu ambiente de neg\u00f3cios para garantir um crescimento sustentado da produ\u00e7\u00e3o. \u201cA Fiep vem trabalhando junto a outras entidades do setor produtivo e ao poder p\u00fablico para contribuir com caminhos que resultem em um ambiente mais favor\u00e1vel \u00e0 atividade industrial. Exemplo dessa articula\u00e7\u00e3o s\u00e3o os F\u00f3runs Permanentes Regionais da Ind\u00fastria, que a Fiep promove a partir desta semana\u201d, diz o presidente da Fiep. \u201cTemos certeza de que, assim, a ind\u00fastria poder\u00e1 contribuir ainda mais para a gera\u00e7\u00e3o de riquezas no Paran\u00e1\u201d, completa.<\/p>\n<p>&nbsp;<\/p>\n<p><strong><u>Influ\u00eancia dos segmentos industriais<\/u><\/strong><\/p>\n<p>Das 13 atividades industriais analisadas pelo IBGE, sete ficaram positivas e seis tiveram queda de produ\u00e7\u00e3o na ind\u00fastria estadual. Ao avaliar a composi\u00e7\u00e3o da taxa de crescimento, as que mais contribu\u00edram para a alta foram alimentos, madeira, petr\u00f3leo e m\u00e1quinas, aparelhos e materiais el\u00e9tricos. Por outro lado, m\u00e1quinas e equipamentos, minerais n\u00e3o-met\u00e1licos, celulose e papel e automotivo tiveram maior retra\u00e7\u00e3o.<\/p>\n<p>Para entender a performance paranaense comparada aos resultados nacionais, por atividade, alimentos e petr\u00f3leo, tiveram produ\u00e7\u00e3o menor do que a m\u00e9dia nacional em janeiro, com 3,8% e 9,1% de eleva\u00e7\u00e3o no Brasil frente a 3% e 7,3% no Paran\u00e1, respectivamente. Madeira cresceu 22% no estado e 16% no pa\u00eds. E m\u00e1quinas, aparelhos e materiais el\u00e9tricos aumentou 56% contra 3,1% no pa\u00eds. Os resultados s\u00e3o considerados bons, mas principalmente no \u00faltimo segmento citado \u00e9 preciso analisar a base de compara\u00e7\u00e3o, j\u00e1 que se trata se um setor que teve dificuldades nos \u00faltimos meses e est\u00e1 em recupera\u00e7\u00e3o.<\/p>\n<p><em>Assessoria\/FIEP<\/em><\/p>\n<\/div>\n","protected":false},"excerpt":{"rendered":"<p>Indicador ficou acima da m\u00e9dia nacional, puxado principalmente pelos setores de alimentos, madeira, petr\u00f3leo e<\/p>\n","protected":false},"author":3,"featured_media":42709,"comment_status":"open","ping_status":"open","sticky":false,"template":"","format":"standard","meta":{"footnotes":""},"categories":[3,4],"tags":[24,25],"class_list":["post-42708","post","type-post","status-publish","format-standard","has-post-thumbnail","hentry","category-destaques","category-parana","tag-industria","tag-parana"],"yoast_head":"<!-- This site is optimized with the Yoast SEO plugin v27.5 - https:\/\/yoast.com\/product\/yoast-seo-wordpress\/ -->\n<title>Produ\u00e7\u00e3o industrial cresce no Paran\u00e1 em janeiro - Jornal<\/title>\n<meta name=\"description\" content=\"Produ\u00e7\u00e3o industrial cresce no Paran\u00e1 em janeiro\" \/>\n<meta name=\"robots\" content=\"index, follow, max-snippet:-1, max-image-preview:large, max-video-preview:-1\" \/>\n<link rel=\"canonical\" href=\"https:\/\/jornalboasnoticias.com.br\/home\/producao-industrial-cresce-no-parana-em-janeiro\/\" \/>\n<meta property=\"og:locale\" content=\"pt_BR\" \/>\n<meta property=\"og:type\" content=\"article\" \/>\n<meta property=\"og:title\" content=\"Produ\u00e7\u00e3o industrial cresce no Paran\u00e1 em janeiro - Jornal\" \/>\n<meta property=\"og:description\" content=\"Produ\u00e7\u00e3o industrial cresce no Paran\u00e1 em janeiro\" \/>\n<meta property=\"og:url\" content=\"https:\/\/jornalboasnoticias.com.br\/home\/producao-industrial-cresce-no-parana-em-janeiro\/\" \/>\n<meta property=\"og:site_name\" content=\"Jornal\" \/>\n<meta property=\"article:publisher\" content=\"https:\/\/www.facebook.com\/boasnoticiasjornal\" \/>\n<meta property=\"article:published_time\" content=\"2024-03-13T20:56:54+00:00\" \/>\n<meta property=\"og:image\" content=\"https:\/\/jornalboasnoticias.com.br\/home\/wp-content\/uploads\/2024\/03\/producao-industrial.jpg\" \/>\n\t<meta property=\"og:image:width\" content=\"1000\" \/>\n\t<meta property=\"og:image:height\" content=\"666\" \/>\n\t<meta property=\"og:image:type\" content=\"image\/jpeg\" \/>\n<meta name=\"author\" content=\"Luiz Carlos da Cruz\" \/>\n<meta name=\"twitter:card\" content=\"summary_large_image\" \/>\n<meta name=\"twitter:label1\" content=\"Escrito por\" \/>\n\t<meta name=\"twitter:data1\" content=\"Luiz Carlos da Cruz\" \/>\n\t<meta name=\"twitter:label2\" content=\"Est. tempo de leitura\" \/>\n\t<meta name=\"twitter:data2\" content=\"3 minutos\" \/>\n<script type=\"application\/ld+json\" class=\"yoast-schema-graph\">{\"@context\":\"https:\\\/\\\/schema.org\",\"@graph\":[{\"@type\":\"Article\",\"@id\":\"https:\\\/\\\/jornalboasnoticias.com.br\\\/home\\\/producao-industrial-cresce-no-parana-em-janeiro\\\/#article\",\"isPartOf\":{\"@id\":\"https:\\\/\\\/jornalboasnoticias.com.br\\\/home\\\/producao-industrial-cresce-no-parana-em-janeiro\\\/\"},\"author\":{\"name\":\"Luiz Carlos da Cruz\",\"@id\":\"https:\\\/\\\/jornalboasnoticias.com.br\\\/home\\\/#\\\/schema\\\/person\\\/75f9ebde398c998c166475fb446bda62\"},\"headline\":\"Produ\u00e7\u00e3o industrial cresce no Paran\u00e1 em janeiro\",\"datePublished\":\"2024-03-13T20:56:54+00:00\",\"mainEntityOfPage\":{\"@id\":\"https:\\\/\\\/jornalboasnoticias.com.br\\\/home\\\/producao-industrial-cresce-no-parana-em-janeiro\\\/\"},\"wordCount\":552,\"commentCount\":0,\"publisher\":{\"@id\":\"https:\\\/\\\/jornalboasnoticias.com.br\\\/home\\\/#organization\"},\"image\":{\"@id\":\"https:\\\/\\\/jornalboasnoticias.com.br\\\/home\\\/producao-industrial-cresce-no-parana-em-janeiro\\\/#primaryimage\"},\"thumbnailUrl\":\"https:\\\/\\\/jornalboasnoticias.com.br\\\/home\\\/wp-content\\\/uploads\\\/2024\\\/03\\\/producao-industrial.jpg\",\"keywords\":[\"ind\u00fastria\",\"paran\u00e1\"],\"articleSection\":[\"DESTAQUE\",\"PARAN\u00c1\"],\"inLanguage\":\"pt-BR\",\"potentialAction\":[{\"@type\":\"CommentAction\",\"name\":\"Comment\",\"target\":[\"https:\\\/\\\/jornalboasnoticias.com.br\\\/home\\\/producao-industrial-cresce-no-parana-em-janeiro\\\/#respond\"]}]},{\"@type\":\"WebPage\",\"@id\":\"https:\\\/\\\/jornalboasnoticias.com.br\\\/home\\\/producao-industrial-cresce-no-parana-em-janeiro\\\/\",\"url\":\"https:\\\/\\\/jornalboasnoticias.com.br\\\/home\\\/producao-industrial-cresce-no-parana-em-janeiro\\\/\",\"name\":\"Produ\u00e7\u00e3o industrial cresce no Paran\u00e1 em janeiro - Jornal\",\"isPartOf\":{\"@id\":\"https:\\\/\\\/jornalboasnoticias.com.br\\\/home\\\/#website\"},\"primaryImageOfPage\":{\"@id\":\"https:\\\/\\\/jornalboasnoticias.com.br\\\/home\\\/producao-industrial-cresce-no-parana-em-janeiro\\\/#primaryimage\"},\"image\":{\"@id\":\"https:\\\/\\\/jornalboasnoticias.com.br\\\/home\\\/producao-industrial-cresce-no-parana-em-janeiro\\\/#primaryimage\"},\"thumbnailUrl\":\"https:\\\/\\\/jornalboasnoticias.com.br\\\/home\\\/wp-content\\\/uploads\\\/2024\\\/03\\\/producao-industrial.jpg\",\"datePublished\":\"2024-03-13T20:56:54+00:00\",\"description\":\"Produ\u00e7\u00e3o industrial cresce no Paran\u00e1 em janeiro\",\"breadcrumb\":{\"@id\":\"https:\\\/\\\/jornalboasnoticias.com.br\\\/home\\\/producao-industrial-cresce-no-parana-em-janeiro\\\/#breadcrumb\"},\"inLanguage\":\"pt-BR\",\"potentialAction\":[{\"@type\":\"ReadAction\",\"target\":[\"https:\\\/\\\/jornalboasnoticias.com.br\\\/home\\\/producao-industrial-cresce-no-parana-em-janeiro\\\/\"]}]},{\"@type\":\"ImageObject\",\"inLanguage\":\"pt-BR\",\"@id\":\"https:\\\/\\\/jornalboasnoticias.com.br\\\/home\\\/producao-industrial-cresce-no-parana-em-janeiro\\\/#primaryimage\",\"url\":\"https:\\\/\\\/jornalboasnoticias.com.br\\\/home\\\/wp-content\\\/uploads\\\/2024\\\/03\\\/producao-industrial.jpg\",\"contentUrl\":\"https:\\\/\\\/jornalboasnoticias.com.br\\\/home\\\/wp-content\\\/uploads\\\/2024\\\/03\\\/producao-industrial.jpg\",\"width\":1000,\"height\":666},{\"@type\":\"BreadcrumbList\",\"@id\":\"https:\\\/\\\/jornalboasnoticias.com.br\\\/home\\\/producao-industrial-cresce-no-parana-em-janeiro\\\/#breadcrumb\",\"itemListElement\":[{\"@type\":\"ListItem\",\"position\":1,\"name\":\"In\u00edcio\",\"item\":\"https:\\\/\\\/jornalboasnoticias.com.br\\\/home\\\/\"},{\"@type\":\"ListItem\",\"position\":2,\"name\":\"Produ\u00e7\u00e3o industrial cresce no Paran\u00e1 em janeiro\"}]},{\"@type\":\"WebSite\",\"@id\":\"https:\\\/\\\/jornalboasnoticias.com.br\\\/home\\\/#website\",\"url\":\"https:\\\/\\\/jornalboasnoticias.com.br\\\/home\\\/\",\"name\":\"Jornal Boas Not\u00edcias\",\"description\":\"Boas not\u00edcias\",\"publisher\":{\"@id\":\"https:\\\/\\\/jornalboasnoticias.com.br\\\/home\\\/#organization\"},\"potentialAction\":[{\"@type\":\"SearchAction\",\"target\":{\"@type\":\"EntryPoint\",\"urlTemplate\":\"https:\\\/\\\/jornalboasnoticias.com.br\\\/home\\\/?s={search_term_string}\"},\"query-input\":{\"@type\":\"PropertyValueSpecification\",\"valueRequired\":true,\"valueName\":\"search_term_string\"}}],\"inLanguage\":\"pt-BR\"},{\"@type\":\"Organization\",\"@id\":\"https:\\\/\\\/jornalboasnoticias.com.br\\\/home\\\/#organization\",\"name\":\"Coq Editora Ltda\",\"alternateName\":\"Jornal Boas Noticias\",\"url\":\"https:\\\/\\\/jornalboasnoticias.com.br\\\/home\\\/\",\"logo\":{\"@type\":\"ImageObject\",\"inLanguage\":\"pt-BR\",\"@id\":\"https:\\\/\\\/jornalboasnoticias.com.br\\\/home\\\/#\\\/schema\\\/logo\\\/image\\\/\",\"url\":\"https:\\\/\\\/jornalboasnoticias.com.br\\\/home\\\/wp-content\\\/uploads\\\/2024\\\/07\\\/cropped-logo.jpg\",\"contentUrl\":\"https:\\\/\\\/jornalboasnoticias.com.br\\\/home\\\/wp-content\\\/uploads\\\/2024\\\/07\\\/cropped-logo.jpg\",\"width\":290,\"height\":142,\"caption\":\"Coq Editora Ltda\"},\"image\":{\"@id\":\"https:\\\/\\\/jornalboasnoticias.com.br\\\/home\\\/#\\\/schema\\\/logo\\\/image\\\/\"},\"sameAs\":[\"https:\\\/\\\/www.facebook.com\\\/boasnoticiasjornal\"]},{\"@type\":\"Person\",\"@id\":\"https:\\\/\\\/jornalboasnoticias.com.br\\\/home\\\/#\\\/schema\\\/person\\\/75f9ebde398c998c166475fb446bda62\",\"name\":\"Luiz Carlos da Cruz\",\"image\":{\"@type\":\"ImageObject\",\"inLanguage\":\"pt-BR\",\"@id\":\"https:\\\/\\\/secure.gravatar.com\\\/avatar\\\/e6f4f45301b6cb8572f7b076572e8ac11c1db80e805d8c8d0858cf286ce3ac3b?s=96&d=mm&r=g\",\"url\":\"https:\\\/\\\/secure.gravatar.com\\\/avatar\\\/e6f4f45301b6cb8572f7b076572e8ac11c1db80e805d8c8d0858cf286ce3ac3b?s=96&d=mm&r=g\",\"contentUrl\":\"https:\\\/\\\/secure.gravatar.com\\\/avatar\\\/e6f4f45301b6cb8572f7b076572e8ac11c1db80e805d8c8d0858cf286ce3ac3b?s=96&d=mm&r=g\",\"caption\":\"Luiz Carlos da Cruz\"},\"url\":\"https:\\\/\\\/jornalboasnoticias.com.br\\\/home\\\/author\\\/luiz-carlos-da-cruz\\\/\"}]}<\/script>\n<!-- \/ Yoast SEO plugin. -->","yoast_head_json":{"title":"Produ\u00e7\u00e3o industrial cresce no Paran\u00e1 em janeiro - Jornal","description":"Produ\u00e7\u00e3o industrial cresce no Paran\u00e1 em janeiro","robots":{"index":"index","follow":"follow","max-snippet":"max-snippet:-1","max-image-preview":"max-image-preview:large","max-video-preview":"max-video-preview:-1"},"canonical":"https:\/\/jornalboasnoticias.com.br\/home\/producao-industrial-cresce-no-parana-em-janeiro\/","og_locale":"pt_BR","og_type":"article","og_title":"Produ\u00e7\u00e3o industrial cresce no Paran\u00e1 em janeiro - Jornal","og_description":"Produ\u00e7\u00e3o industrial cresce no Paran\u00e1 em janeiro","og_url":"https:\/\/jornalboasnoticias.com.br\/home\/producao-industrial-cresce-no-parana-em-janeiro\/","og_site_name":"Jornal","article_publisher":"https:\/\/www.facebook.com\/boasnoticiasjornal","article_published_time":"2024-03-13T20:56:54+00:00","og_image":[{"width":1000,"height":666,"url":"https:\/\/jornalboasnoticias.com.br\/home\/wp-content\/uploads\/2024\/03\/producao-industrial.jpg","type":"image\/jpeg"}],"author":"Luiz Carlos da Cruz","twitter_card":"summary_large_image","twitter_misc":{"Escrito por":"Luiz Carlos da Cruz","Est. tempo de leitura":"3 minutos"},"schema":{"@context":"https:\/\/schema.org","@graph":[{"@type":"Article","@id":"https:\/\/jornalboasnoticias.com.br\/home\/producao-industrial-cresce-no-parana-em-janeiro\/#article","isPartOf":{"@id":"https:\/\/jornalboasnoticias.com.br\/home\/producao-industrial-cresce-no-parana-em-janeiro\/"},"author":{"name":"Luiz Carlos da Cruz","@id":"https:\/\/jornalboasnoticias.com.br\/home\/#\/schema\/person\/75f9ebde398c998c166475fb446bda62"},"headline":"Produ\u00e7\u00e3o industrial cresce no Paran\u00e1 em janeiro","datePublished":"2024-03-13T20:56:54+00:00","mainEntityOfPage":{"@id":"https:\/\/jornalboasnoticias.com.br\/home\/producao-industrial-cresce-no-parana-em-janeiro\/"},"wordCount":552,"commentCount":0,"publisher":{"@id":"https:\/\/jornalboasnoticias.com.br\/home\/#organization"},"image":{"@id":"https:\/\/jornalboasnoticias.com.br\/home\/producao-industrial-cresce-no-parana-em-janeiro\/#primaryimage"},"thumbnailUrl":"https:\/\/jornalboasnoticias.com.br\/home\/wp-content\/uploads\/2024\/03\/producao-industrial.jpg","keywords":["ind\u00fastria","paran\u00e1"],"articleSection":["DESTAQUE","PARAN\u00c1"],"inLanguage":"pt-BR","potentialAction":[{"@type":"CommentAction","name":"Comment","target":["https:\/\/jornalboasnoticias.com.br\/home\/producao-industrial-cresce-no-parana-em-janeiro\/#respond"]}]},{"@type":"WebPage","@id":"https:\/\/jornalboasnoticias.com.br\/home\/producao-industrial-cresce-no-parana-em-janeiro\/","url":"https:\/\/jornalboasnoticias.com.br\/home\/producao-industrial-cresce-no-parana-em-janeiro\/","name":"Produ\u00e7\u00e3o industrial cresce no Paran\u00e1 em janeiro - Jornal","isPartOf":{"@id":"https:\/\/jornalboasnoticias.com.br\/home\/#website"},"primaryImageOfPage":{"@id":"https:\/\/jornalboasnoticias.com.br\/home\/producao-industrial-cresce-no-parana-em-janeiro\/#primaryimage"},"image":{"@id":"https:\/\/jornalboasnoticias.com.br\/home\/producao-industrial-cresce-no-parana-em-janeiro\/#primaryimage"},"thumbnailUrl":"https:\/\/jornalboasnoticias.com.br\/home\/wp-content\/uploads\/2024\/03\/producao-industrial.jpg","datePublished":"2024-03-13T20:56:54+00:00","description":"Produ\u00e7\u00e3o industrial cresce no Paran\u00e1 em janeiro","breadcrumb":{"@id":"https:\/\/jornalboasnoticias.com.br\/home\/producao-industrial-cresce-no-parana-em-janeiro\/#breadcrumb"},"inLanguage":"pt-BR","potentialAction":[{"@type":"ReadAction","target":["https:\/\/jornalboasnoticias.com.br\/home\/producao-industrial-cresce-no-parana-em-janeiro\/"]}]},{"@type":"ImageObject","inLanguage":"pt-BR","@id":"https:\/\/jornalboasnoticias.com.br\/home\/producao-industrial-cresce-no-parana-em-janeiro\/#primaryimage","url":"https:\/\/jornalboasnoticias.com.br\/home\/wp-content\/uploads\/2024\/03\/producao-industrial.jpg","contentUrl":"https:\/\/jornalboasnoticias.com.br\/home\/wp-content\/uploads\/2024\/03\/producao-industrial.jpg","width":1000,"height":666},{"@type":"BreadcrumbList","@id":"https:\/\/jornalboasnoticias.com.br\/home\/producao-industrial-cresce-no-parana-em-janeiro\/#breadcrumb","itemListElement":[{"@type":"ListItem","position":1,"name":"In\u00edcio","item":"https:\/\/jornalboasnoticias.com.br\/home\/"},{"@type":"ListItem","position":2,"name":"Produ\u00e7\u00e3o industrial cresce no Paran\u00e1 em janeiro"}]},{"@type":"WebSite","@id":"https:\/\/jornalboasnoticias.com.br\/home\/#website","url":"https:\/\/jornalboasnoticias.com.br\/home\/","name":"Jornal Boas Not\u00edcias","description":"Boas not\u00edcias","publisher":{"@id":"https:\/\/jornalboasnoticias.com.br\/home\/#organization"},"potentialAction":[{"@type":"SearchAction","target":{"@type":"EntryPoint","urlTemplate":"https:\/\/jornalboasnoticias.com.br\/home\/?s={search_term_string}"},"query-input":{"@type":"PropertyValueSpecification","valueRequired":true,"valueName":"search_term_string"}}],"inLanguage":"pt-BR"},{"@type":"Organization","@id":"https:\/\/jornalboasnoticias.com.br\/home\/#organization","name":"Coq Editora Ltda","alternateName":"Jornal Boas Noticias","url":"https:\/\/jornalboasnoticias.com.br\/home\/","logo":{"@type":"ImageObject","inLanguage":"pt-BR","@id":"https:\/\/jornalboasnoticias.com.br\/home\/#\/schema\/logo\/image\/","url":"https:\/\/jornalboasnoticias.com.br\/home\/wp-content\/uploads\/2024\/07\/cropped-logo.jpg","contentUrl":"https:\/\/jornalboasnoticias.com.br\/home\/wp-content\/uploads\/2024\/07\/cropped-logo.jpg","width":290,"height":142,"caption":"Coq Editora Ltda"},"image":{"@id":"https:\/\/jornalboasnoticias.com.br\/home\/#\/schema\/logo\/image\/"},"sameAs":["https:\/\/www.facebook.com\/boasnoticiasjornal"]},{"@type":"Person","@id":"https:\/\/jornalboasnoticias.com.br\/home\/#\/schema\/person\/75f9ebde398c998c166475fb446bda62","name":"Luiz Carlos da Cruz","image":{"@type":"ImageObject","inLanguage":"pt-BR","@id":"https:\/\/secure.gravatar.com\/avatar\/e6f4f45301b6cb8572f7b076572e8ac11c1db80e805d8c8d0858cf286ce3ac3b?s=96&d=mm&r=g","url":"https:\/\/secure.gravatar.com\/avatar\/e6f4f45301b6cb8572f7b076572e8ac11c1db80e805d8c8d0858cf286ce3ac3b?s=96&d=mm&r=g","contentUrl":"https:\/\/secure.gravatar.com\/avatar\/e6f4f45301b6cb8572f7b076572e8ac11c1db80e805d8c8d0858cf286ce3ac3b?s=96&d=mm&r=g","caption":"Luiz Carlos da Cruz"},"url":"https:\/\/jornalboasnoticias.com.br\/home\/author\/luiz-carlos-da-cruz\/"}]}},"_links":{"self":[{"href":"https:\/\/jornalboasnoticias.com.br\/home\/wp-json\/wp\/v2\/posts\/42708","targetHints":{"allow":["GET"]}}],"collection":[{"href":"https:\/\/jornalboasnoticias.com.br\/home\/wp-json\/wp\/v2\/posts"}],"about":[{"href":"https:\/\/jornalboasnoticias.com.br\/home\/wp-json\/wp\/v2\/types\/post"}],"author":[{"embeddable":true,"href":"https:\/\/jornalboasnoticias.com.br\/home\/wp-json\/wp\/v2\/users\/3"}],"replies":[{"embeddable":true,"href":"https:\/\/jornalboasnoticias.com.br\/home\/wp-json\/wp\/v2\/comments?post=42708"}],"version-history":[{"count":0,"href":"https:\/\/jornalboasnoticias.com.br\/home\/wp-json\/wp\/v2\/posts\/42708\/revisions"}],"wp:featuredmedia":[{"embeddable":true,"href":"https:\/\/jornalboasnoticias.com.br\/home\/wp-json\/wp\/v2\/media\/42709"}],"wp:attachment":[{"href":"https:\/\/jornalboasnoticias.com.br\/home\/wp-json\/wp\/v2\/media?parent=42708"}],"wp:term":[{"taxonomy":"category","embeddable":true,"href":"https:\/\/jornalboasnoticias.com.br\/home\/wp-json\/wp\/v2\/categories?post=42708"},{"taxonomy":"post_tag","embeddable":true,"href":"https:\/\/jornalboasnoticias.com.br\/home\/wp-json\/wp\/v2\/tags?post=42708"}],"curies":[{"name":"wp","href":"https:\/\/api.w.org\/{rel}","templated":true}]}}