{"id":42705,"date":"2024-03-13T17:52:04","date_gmt":"2024-03-13T20:52:04","guid":{"rendered":"https:\/\/www.jornalboasnoticias.com.br\/?p=42705"},"modified":"2024-03-13T17:52:04","modified_gmt":"2024-03-13T20:52:04","slug":"cine-araujo-inicia-a-pre-venda-de-the-chosen-os-escolhidos-com-estreia-para-o-dia-21-de-marco","status":"publish","type":"post","link":"https:\/\/jornalboasnoticias.com.br\/home\/cine-araujo-inicia-a-pre-venda-de-the-chosen-os-escolhidos-com-estreia-para-o-dia-21-de-marco\/","title":{"rendered":"Cine Ara\u00fajo inicia a pr\u00e9-venda de The\u00a0Chosen\u00a0\u2013 Os Escolhidos, com estreia para o dia 21 de mar\u00e7o"},"content":{"rendered":"<p dir=\"ltr\" style=\"text-align: center;\"><strong><em>S\u00e9rie de sucesso ter\u00e1 os dois primeiros epis\u00f3dios da quarta temporada exibidos nos cinemas<\/em><\/strong><\/p>\n<p dir=\"ltr\"><img loading=\"lazy\" decoding=\"async\" class=\"alignnone size-full wp-image-42706\" src=\"https:\/\/jornalboasnoticias.com.br\/home\/wp-content\/uploads\/2024\/03\/jesus-cristo-em-the-chosen-696x464-1.webp\" alt=\"\" width=\"696\" height=\"464\" srcset=\"https:\/\/jornalboasnoticias.com.br\/home\/wp-content\/uploads\/2024\/03\/jesus-cristo-em-the-chosen-696x464-1.webp 696w, https:\/\/jornalboasnoticias.com.br\/home\/wp-content\/uploads\/2024\/03\/jesus-cristo-em-the-chosen-696x464-1-300x200.webp 300w\" sizes=\"auto, (max-width: 696px) 100vw, 696px\" \/><\/p>\n<p dir=\"ltr\">O\u00a0<strong>Cine Ara\u00fajo<\/strong>\u00a0iniciou a pr\u00e9-venda de ingressos para\u00a0<strong>The\u00a0<span class=\"il\">Chosen<\/span>\u00a0\u2013 Os Escolhidos<\/strong>, s\u00e9rie de sucesso baseada na vida de Jesus Cristo, que estreia em todas as salas de cinema da rede, no dia 21 de mar\u00e7o.<\/p>\n<p dir=\"ltr\">A exibi\u00e7\u00e3o contar\u00e1 com os dois primeiros epis\u00f3dios da quarta temporada da produ\u00e7\u00e3o, uma das s\u00e9ries mais vistas nas plataformas de streaming Prime Video, Peacock e Netflix, e que soma mais de 770 milh\u00f5es de exibi\u00e7\u00f5es como um todo. A dura\u00e7\u00e3o dos dois cap\u00edtulos juntos ser\u00e1 de, aproximadamente, 2 horas e 15 minutos.<\/p>\n<p dir=\"ltr\">A produ\u00e7\u00e3o estar\u00e1 dispon\u00edvel nas 28 unidades do Cine Ara\u00fajo. A programa\u00e7\u00e3o est\u00e1 sujeita a altera\u00e7\u00e3o. Grupos acima de 20 pessoas ter\u00e3o desconto direto na bilheteria. Para isso, ser\u00e1 necess\u00e1rio efetuar a transa\u00e7\u00e3o em apenas uma \u00fanica compra para que todos paguem meia entrada.<\/p>\n<p dir=\"ltr\">Para adquirir o seu ingresso, acesse o link\u00a0<a href=\"https:\/\/cinearaujo.com.br\/\" target=\"_blank\" rel=\"noopener\" data-saferedirecturl=\"https:\/\/www.google.com\/url?q=https:\/\/cinearaujo.com.br\/&amp;source=gmail&amp;ust=1710449387358000&amp;usg=AOvVaw1yFhby8kjI4H9UwjQp8dhi\">https:\/\/cinearaujo.com.br\/<\/a>\u00a0.<\/p>\n<p dir=\"ltr\"><strong>Sobre The\u00a0<span class=\"il\">Chosen<\/span>\u00a0\u2013 Os Escolhidos<\/strong><\/p>\n<p dir=\"ltr\">Criado, dirigido e co-roteirizado por Dallas Jenkins e distribu\u00eddo globalmente pela Lionsgate, The\u00a0<span class=\"il\">Chosen<\/span>\u00a0\u2013 Os Escolhidos \u00e9 um drama hist\u00f3rico, baseado nas verdadeiras hist\u00f3rias dos Evangelhos, que narra a trajet\u00f3ria de Jesus Cristo, interpretado por Jonathan Roumie, na companhia de 12 homens, escolhidos para serem seus disc\u00edpulos.<\/p>\n","protected":false},"excerpt":{"rendered":"<p>S\u00e9rie de sucesso ter\u00e1 os dois primeiros epis\u00f3dios da quarta temporada exibidos nos cinemas O\u00a0Cine<\/p>\n","protected":false},"author":3,"featured_media":42706,"comment_status":"open","ping_status":"open","sticky":false,"template":"","format":"standard","meta":{"footnotes":""},"categories":[6],"tags":[23],"class_list":["post-42705","post","type-post","status-publish","format-standard","has-post-thumbnail","hentry","category-brasil","tag-the-chosen"],"yoast_head":"<!-- This site is optimized with the Yoast SEO plugin v27.5 - https:\/\/yoast.com\/product\/yoast-seo-wordpress\/ -->\n<title>Cine Ara\u00fajo inicia a pr\u00e9-venda de The\u00a0Chosen\u00a0\u2013 Os Escolhidos, com estreia para o dia 21 de mar\u00e7o - Jornal<\/title>\n<meta name=\"description\" content=\"Cine Ara\u00fajo inicia a pr\u00e9-venda de The\u00a0Chosen\u00a0\u2013 Os Escolhidos, com estreia para o dia 21 de mar\u00e7o\" \/>\n<meta name=\"robots\" content=\"index, follow, max-snippet:-1, max-image-preview:large, max-video-preview:-1\" \/>\n<link rel=\"canonical\" href=\"https:\/\/jornalboasnoticias.com.br\/home\/cine-araujo-inicia-a-pre-venda-de-the-chosen-os-escolhidos-com-estreia-para-o-dia-21-de-marco\/\" \/>\n<meta property=\"og:locale\" content=\"pt_BR\" \/>\n<meta property=\"og:type\" content=\"article\" \/>\n<meta property=\"og:title\" content=\"Cine Ara\u00fajo inicia a pr\u00e9-venda de The\u00a0Chosen\u00a0\u2013 Os Escolhidos, com estreia para o dia 21 de mar\u00e7o - Jornal\" \/>\n<meta property=\"og:description\" content=\"Cine Ara\u00fajo inicia a pr\u00e9-venda de The\u00a0Chosen\u00a0\u2013 Os Escolhidos, com estreia para o dia 21 de mar\u00e7o\" \/>\n<meta property=\"og:url\" content=\"https:\/\/jornalboasnoticias.com.br\/home\/cine-araujo-inicia-a-pre-venda-de-the-chosen-os-escolhidos-com-estreia-para-o-dia-21-de-marco\/\" \/>\n<meta property=\"og:site_name\" content=\"Jornal\" \/>\n<meta property=\"article:publisher\" content=\"https:\/\/www.facebook.com\/boasnoticiasjornal\" \/>\n<meta property=\"article:published_time\" content=\"2024-03-13T20:52:04+00:00\" \/>\n<meta property=\"og:image\" content=\"https:\/\/jornalboasnoticias.com.br\/home\/wp-content\/uploads\/2024\/03\/jesus-cristo-em-the-chosen-696x464-1.webp\" \/>\n\t<meta property=\"og:image:width\" content=\"696\" \/>\n\t<meta property=\"og:image:height\" content=\"464\" \/>\n\t<meta property=\"og:image:type\" content=\"image\/webp\" \/>\n<meta name=\"author\" content=\"Luiz Carlos da Cruz\" \/>\n<meta name=\"twitter:card\" content=\"summary_large_image\" \/>\n<meta name=\"twitter:label1\" content=\"Escrito por\" \/>\n\t<meta name=\"twitter:data1\" content=\"Luiz Carlos da Cruz\" \/>\n\t<meta name=\"twitter:label2\" content=\"Est. tempo de leitura\" \/>\n\t<meta name=\"twitter:data2\" content=\"1 minuto\" \/>\n<script type=\"application\/ld+json\" class=\"yoast-schema-graph\">{\"@context\":\"https:\\\/\\\/schema.org\",\"@graph\":[{\"@type\":\"Article\",\"@id\":\"https:\\\/\\\/jornalboasnoticias.com.br\\\/home\\\/cine-araujo-inicia-a-pre-venda-de-the-chosen-os-escolhidos-com-estreia-para-o-dia-21-de-marco\\\/#article\",\"isPartOf\":{\"@id\":\"https:\\\/\\\/jornalboasnoticias.com.br\\\/home\\\/cine-araujo-inicia-a-pre-venda-de-the-chosen-os-escolhidos-com-estreia-para-o-dia-21-de-marco\\\/\"},\"author\":{\"name\":\"Luiz Carlos da Cruz\",\"@id\":\"https:\\\/\\\/jornalboasnoticias.com.br\\\/home\\\/#\\\/schema\\\/person\\\/75f9ebde398c998c166475fb446bda62\"},\"headline\":\"Cine Ara\u00fajo inicia a pr\u00e9-venda de The\u00a0Chosen\u00a0\u2013 Os Escolhidos, com estreia para o dia 21 de mar\u00e7o\",\"datePublished\":\"2024-03-13T20:52:04+00:00\",\"mainEntityOfPage\":{\"@id\":\"https:\\\/\\\/jornalboasnoticias.com.br\\\/home\\\/cine-araujo-inicia-a-pre-venda-de-the-chosen-os-escolhidos-com-estreia-para-o-dia-21-de-marco\\\/\"},\"wordCount\":251,\"commentCount\":0,\"publisher\":{\"@id\":\"https:\\\/\\\/jornalboasnoticias.com.br\\\/home\\\/#organization\"},\"image\":{\"@id\":\"https:\\\/\\\/jornalboasnoticias.com.br\\\/home\\\/cine-araujo-inicia-a-pre-venda-de-the-chosen-os-escolhidos-com-estreia-para-o-dia-21-de-marco\\\/#primaryimage\"},\"thumbnailUrl\":\"https:\\\/\\\/jornalboasnoticias.com.br\\\/home\\\/wp-content\\\/uploads\\\/2024\\\/03\\\/jesus-cristo-em-the-chosen-696x464-1.webp\",\"keywords\":[\"The Chosen\"],\"articleSection\":[\"BRASIL\"],\"inLanguage\":\"pt-BR\",\"potentialAction\":[{\"@type\":\"CommentAction\",\"name\":\"Comment\",\"target\":[\"https:\\\/\\\/jornalboasnoticias.com.br\\\/home\\\/cine-araujo-inicia-a-pre-venda-de-the-chosen-os-escolhidos-com-estreia-para-o-dia-21-de-marco\\\/#respond\"]}]},{\"@type\":\"WebPage\",\"@id\":\"https:\\\/\\\/jornalboasnoticias.com.br\\\/home\\\/cine-araujo-inicia-a-pre-venda-de-the-chosen-os-escolhidos-com-estreia-para-o-dia-21-de-marco\\\/\",\"url\":\"https:\\\/\\\/jornalboasnoticias.com.br\\\/home\\\/cine-araujo-inicia-a-pre-venda-de-the-chosen-os-escolhidos-com-estreia-para-o-dia-21-de-marco\\\/\",\"name\":\"Cine Ara\u00fajo inicia a pr\u00e9-venda de The\u00a0Chosen\u00a0\u2013 Os Escolhidos, com estreia para o dia 21 de mar\u00e7o - Jornal\",\"isPartOf\":{\"@id\":\"https:\\\/\\\/jornalboasnoticias.com.br\\\/home\\\/#website\"},\"primaryImageOfPage\":{\"@id\":\"https:\\\/\\\/jornalboasnoticias.com.br\\\/home\\\/cine-araujo-inicia-a-pre-venda-de-the-chosen-os-escolhidos-com-estreia-para-o-dia-21-de-marco\\\/#primaryimage\"},\"image\":{\"@id\":\"https:\\\/\\\/jornalboasnoticias.com.br\\\/home\\\/cine-araujo-inicia-a-pre-venda-de-the-chosen-os-escolhidos-com-estreia-para-o-dia-21-de-marco\\\/#primaryimage\"},\"thumbnailUrl\":\"https:\\\/\\\/jornalboasnoticias.com.br\\\/home\\\/wp-content\\\/uploads\\\/2024\\\/03\\\/jesus-cristo-em-the-chosen-696x464-1.webp\",\"datePublished\":\"2024-03-13T20:52:04+00:00\",\"description\":\"Cine Ara\u00fajo inicia a pr\u00e9-venda de The\u00a0Chosen\u00a0\u2013 Os Escolhidos, com estreia para o dia 21 de mar\u00e7o\",\"breadcrumb\":{\"@id\":\"https:\\\/\\\/jornalboasnoticias.com.br\\\/home\\\/cine-araujo-inicia-a-pre-venda-de-the-chosen-os-escolhidos-com-estreia-para-o-dia-21-de-marco\\\/#breadcrumb\"},\"inLanguage\":\"pt-BR\",\"potentialAction\":[{\"@type\":\"ReadAction\",\"target\":[\"https:\\\/\\\/jornalboasnoticias.com.br\\\/home\\\/cine-araujo-inicia-a-pre-venda-de-the-chosen-os-escolhidos-com-estreia-para-o-dia-21-de-marco\\\/\"]}]},{\"@type\":\"ImageObject\",\"inLanguage\":\"pt-BR\",\"@id\":\"https:\\\/\\\/jornalboasnoticias.com.br\\\/home\\\/cine-araujo-inicia-a-pre-venda-de-the-chosen-os-escolhidos-com-estreia-para-o-dia-21-de-marco\\\/#primaryimage\",\"url\":\"https:\\\/\\\/jornalboasnoticias.com.br\\\/home\\\/wp-content\\\/uploads\\\/2024\\\/03\\\/jesus-cristo-em-the-chosen-696x464-1.webp\",\"contentUrl\":\"https:\\\/\\\/jornalboasnoticias.com.br\\\/home\\\/wp-content\\\/uploads\\\/2024\\\/03\\\/jesus-cristo-em-the-chosen-696x464-1.webp\",\"width\":696,\"height\":464},{\"@type\":\"BreadcrumbList\",\"@id\":\"https:\\\/\\\/jornalboasnoticias.com.br\\\/home\\\/cine-araujo-inicia-a-pre-venda-de-the-chosen-os-escolhidos-com-estreia-para-o-dia-21-de-marco\\\/#breadcrumb\",\"itemListElement\":[{\"@type\":\"ListItem\",\"position\":1,\"name\":\"In\u00edcio\",\"item\":\"https:\\\/\\\/jornalboasnoticias.com.br\\\/home\\\/\"},{\"@type\":\"ListItem\",\"position\":2,\"name\":\"Cine Ara\u00fajo inicia a pr\u00e9-venda de The\u00a0Chosen\u00a0\u2013 Os Escolhidos, com estreia para o dia 21 de mar\u00e7o\"}]},{\"@type\":\"WebSite\",\"@id\":\"https:\\\/\\\/jornalboasnoticias.com.br\\\/home\\\/#website\",\"url\":\"https:\\\/\\\/jornalboasnoticias.com.br\\\/home\\\/\",\"name\":\"Jornal Boas Not\u00edcias\",\"description\":\"Boas not\u00edcias\",\"publisher\":{\"@id\":\"https:\\\/\\\/jornalboasnoticias.com.br\\\/home\\\/#organization\"},\"potentialAction\":[{\"@type\":\"SearchAction\",\"target\":{\"@type\":\"EntryPoint\",\"urlTemplate\":\"https:\\\/\\\/jornalboasnoticias.com.br\\\/home\\\/?s={search_term_string}\"},\"query-input\":{\"@type\":\"PropertyValueSpecification\",\"valueRequired\":true,\"valueName\":\"search_term_string\"}}],\"inLanguage\":\"pt-BR\"},{\"@type\":\"Organization\",\"@id\":\"https:\\\/\\\/jornalboasnoticias.com.br\\\/home\\\/#organization\",\"name\":\"Coq Editora Ltda\",\"alternateName\":\"Jornal Boas Noticias\",\"url\":\"https:\\\/\\\/jornalboasnoticias.com.br\\\/home\\\/\",\"logo\":{\"@type\":\"ImageObject\",\"inLanguage\":\"pt-BR\",\"@id\":\"https:\\\/\\\/jornalboasnoticias.com.br\\\/home\\\/#\\\/schema\\\/logo\\\/image\\\/\",\"url\":\"https:\\\/\\\/jornalboasnoticias.com.br\\\/home\\\/wp-content\\\/uploads\\\/2024\\\/07\\\/cropped-logo.jpg\",\"contentUrl\":\"https:\\\/\\\/jornalboasnoticias.com.br\\\/home\\\/wp-content\\\/uploads\\\/2024\\\/07\\\/cropped-logo.jpg\",\"width\":290,\"height\":142,\"caption\":\"Coq Editora Ltda\"},\"image\":{\"@id\":\"https:\\\/\\\/jornalboasnoticias.com.br\\\/home\\\/#\\\/schema\\\/logo\\\/image\\\/\"},\"sameAs\":[\"https:\\\/\\\/www.facebook.com\\\/boasnoticiasjornal\"]},{\"@type\":\"Person\",\"@id\":\"https:\\\/\\\/jornalboasnoticias.com.br\\\/home\\\/#\\\/schema\\\/person\\\/75f9ebde398c998c166475fb446bda62\",\"name\":\"Luiz Carlos da Cruz\",\"image\":{\"@type\":\"ImageObject\",\"inLanguage\":\"pt-BR\",\"@id\":\"https:\\\/\\\/secure.gravatar.com\\\/avatar\\\/e6f4f45301b6cb8572f7b076572e8ac11c1db80e805d8c8d0858cf286ce3ac3b?s=96&d=mm&r=g\",\"url\":\"https:\\\/\\\/secure.gravatar.com\\\/avatar\\\/e6f4f45301b6cb8572f7b076572e8ac11c1db80e805d8c8d0858cf286ce3ac3b?s=96&d=mm&r=g\",\"contentUrl\":\"https:\\\/\\\/secure.gravatar.com\\\/avatar\\\/e6f4f45301b6cb8572f7b076572e8ac11c1db80e805d8c8d0858cf286ce3ac3b?s=96&d=mm&r=g\",\"caption\":\"Luiz Carlos da Cruz\"},\"url\":\"https:\\\/\\\/jornalboasnoticias.com.br\\\/home\\\/author\\\/luiz-carlos-da-cruz\\\/\"}]}<\/script>\n<!-- \/ Yoast SEO plugin. -->","yoast_head_json":{"title":"Cine Ara\u00fajo inicia a pr\u00e9-venda de The\u00a0Chosen\u00a0\u2013 Os Escolhidos, com estreia para o dia 21 de mar\u00e7o - Jornal","description":"Cine Ara\u00fajo inicia a pr\u00e9-venda de The\u00a0Chosen\u00a0\u2013 Os Escolhidos, com estreia para o dia 21 de mar\u00e7o","robots":{"index":"index","follow":"follow","max-snippet":"max-snippet:-1","max-image-preview":"max-image-preview:large","max-video-preview":"max-video-preview:-1"},"canonical":"https:\/\/jornalboasnoticias.com.br\/home\/cine-araujo-inicia-a-pre-venda-de-the-chosen-os-escolhidos-com-estreia-para-o-dia-21-de-marco\/","og_locale":"pt_BR","og_type":"article","og_title":"Cine Ara\u00fajo inicia a pr\u00e9-venda de The\u00a0Chosen\u00a0\u2013 Os Escolhidos, com estreia para o dia 21 de mar\u00e7o - Jornal","og_description":"Cine Ara\u00fajo inicia a pr\u00e9-venda de The\u00a0Chosen\u00a0\u2013 Os Escolhidos, com estreia para o dia 21 de mar\u00e7o","og_url":"https:\/\/jornalboasnoticias.com.br\/home\/cine-araujo-inicia-a-pre-venda-de-the-chosen-os-escolhidos-com-estreia-para-o-dia-21-de-marco\/","og_site_name":"Jornal","article_publisher":"https:\/\/www.facebook.com\/boasnoticiasjornal","article_published_time":"2024-03-13T20:52:04+00:00","og_image":[{"width":696,"height":464,"url":"https:\/\/jornalboasnoticias.com.br\/home\/wp-content\/uploads\/2024\/03\/jesus-cristo-em-the-chosen-696x464-1.webp","type":"image\/webp"}],"author":"Luiz Carlos da Cruz","twitter_card":"summary_large_image","twitter_misc":{"Escrito por":"Luiz Carlos da Cruz","Est. tempo de leitura":"1 minuto"},"schema":{"@context":"https:\/\/schema.org","@graph":[{"@type":"Article","@id":"https:\/\/jornalboasnoticias.com.br\/home\/cine-araujo-inicia-a-pre-venda-de-the-chosen-os-escolhidos-com-estreia-para-o-dia-21-de-marco\/#article","isPartOf":{"@id":"https:\/\/jornalboasnoticias.com.br\/home\/cine-araujo-inicia-a-pre-venda-de-the-chosen-os-escolhidos-com-estreia-para-o-dia-21-de-marco\/"},"author":{"name":"Luiz Carlos da Cruz","@id":"https:\/\/jornalboasnoticias.com.br\/home\/#\/schema\/person\/75f9ebde398c998c166475fb446bda62"},"headline":"Cine Ara\u00fajo inicia a pr\u00e9-venda de The\u00a0Chosen\u00a0\u2013 Os Escolhidos, com estreia para o dia 21 de mar\u00e7o","datePublished":"2024-03-13T20:52:04+00:00","mainEntityOfPage":{"@id":"https:\/\/jornalboasnoticias.com.br\/home\/cine-araujo-inicia-a-pre-venda-de-the-chosen-os-escolhidos-com-estreia-para-o-dia-21-de-marco\/"},"wordCount":251,"commentCount":0,"publisher":{"@id":"https:\/\/jornalboasnoticias.com.br\/home\/#organization"},"image":{"@id":"https:\/\/jornalboasnoticias.com.br\/home\/cine-araujo-inicia-a-pre-venda-de-the-chosen-os-escolhidos-com-estreia-para-o-dia-21-de-marco\/#primaryimage"},"thumbnailUrl":"https:\/\/jornalboasnoticias.com.br\/home\/wp-content\/uploads\/2024\/03\/jesus-cristo-em-the-chosen-696x464-1.webp","keywords":["The Chosen"],"articleSection":["BRASIL"],"inLanguage":"pt-BR","potentialAction":[{"@type":"CommentAction","name":"Comment","target":["https:\/\/jornalboasnoticias.com.br\/home\/cine-araujo-inicia-a-pre-venda-de-the-chosen-os-escolhidos-com-estreia-para-o-dia-21-de-marco\/#respond"]}]},{"@type":"WebPage","@id":"https:\/\/jornalboasnoticias.com.br\/home\/cine-araujo-inicia-a-pre-venda-de-the-chosen-os-escolhidos-com-estreia-para-o-dia-21-de-marco\/","url":"https:\/\/jornalboasnoticias.com.br\/home\/cine-araujo-inicia-a-pre-venda-de-the-chosen-os-escolhidos-com-estreia-para-o-dia-21-de-marco\/","name":"Cine Ara\u00fajo inicia a pr\u00e9-venda de The\u00a0Chosen\u00a0\u2013 Os Escolhidos, com estreia para o dia 21 de mar\u00e7o - Jornal","isPartOf":{"@id":"https:\/\/jornalboasnoticias.com.br\/home\/#website"},"primaryImageOfPage":{"@id":"https:\/\/jornalboasnoticias.com.br\/home\/cine-araujo-inicia-a-pre-venda-de-the-chosen-os-escolhidos-com-estreia-para-o-dia-21-de-marco\/#primaryimage"},"image":{"@id":"https:\/\/jornalboasnoticias.com.br\/home\/cine-araujo-inicia-a-pre-venda-de-the-chosen-os-escolhidos-com-estreia-para-o-dia-21-de-marco\/#primaryimage"},"thumbnailUrl":"https:\/\/jornalboasnoticias.com.br\/home\/wp-content\/uploads\/2024\/03\/jesus-cristo-em-the-chosen-696x464-1.webp","datePublished":"2024-03-13T20:52:04+00:00","description":"Cine Ara\u00fajo inicia a pr\u00e9-venda de The\u00a0Chosen\u00a0\u2013 Os Escolhidos, com estreia para o dia 21 de mar\u00e7o","breadcrumb":{"@id":"https:\/\/jornalboasnoticias.com.br\/home\/cine-araujo-inicia-a-pre-venda-de-the-chosen-os-escolhidos-com-estreia-para-o-dia-21-de-marco\/#breadcrumb"},"inLanguage":"pt-BR","potentialAction":[{"@type":"ReadAction","target":["https:\/\/jornalboasnoticias.com.br\/home\/cine-araujo-inicia-a-pre-venda-de-the-chosen-os-escolhidos-com-estreia-para-o-dia-21-de-marco\/"]}]},{"@type":"ImageObject","inLanguage":"pt-BR","@id":"https:\/\/jornalboasnoticias.com.br\/home\/cine-araujo-inicia-a-pre-venda-de-the-chosen-os-escolhidos-com-estreia-para-o-dia-21-de-marco\/#primaryimage","url":"https:\/\/jornalboasnoticias.com.br\/home\/wp-content\/uploads\/2024\/03\/jesus-cristo-em-the-chosen-696x464-1.webp","contentUrl":"https:\/\/jornalboasnoticias.com.br\/home\/wp-content\/uploads\/2024\/03\/jesus-cristo-em-the-chosen-696x464-1.webp","width":696,"height":464},{"@type":"BreadcrumbList","@id":"https:\/\/jornalboasnoticias.com.br\/home\/cine-araujo-inicia-a-pre-venda-de-the-chosen-os-escolhidos-com-estreia-para-o-dia-21-de-marco\/#breadcrumb","itemListElement":[{"@type":"ListItem","position":1,"name":"In\u00edcio","item":"https:\/\/jornalboasnoticias.com.br\/home\/"},{"@type":"ListItem","position":2,"name":"Cine Ara\u00fajo inicia a pr\u00e9-venda de The\u00a0Chosen\u00a0\u2013 Os Escolhidos, com estreia para o dia 21 de mar\u00e7o"}]},{"@type":"WebSite","@id":"https:\/\/jornalboasnoticias.com.br\/home\/#website","url":"https:\/\/jornalboasnoticias.com.br\/home\/","name":"Jornal Boas Not\u00edcias","description":"Boas not\u00edcias","publisher":{"@id":"https:\/\/jornalboasnoticias.com.br\/home\/#organization"},"potentialAction":[{"@type":"SearchAction","target":{"@type":"EntryPoint","urlTemplate":"https:\/\/jornalboasnoticias.com.br\/home\/?s={search_term_string}"},"query-input":{"@type":"PropertyValueSpecification","valueRequired":true,"valueName":"search_term_string"}}],"inLanguage":"pt-BR"},{"@type":"Organization","@id":"https:\/\/jornalboasnoticias.com.br\/home\/#organization","name":"Coq Editora Ltda","alternateName":"Jornal Boas Noticias","url":"https:\/\/jornalboasnoticias.com.br\/home\/","logo":{"@type":"ImageObject","inLanguage":"pt-BR","@id":"https:\/\/jornalboasnoticias.com.br\/home\/#\/schema\/logo\/image\/","url":"https:\/\/jornalboasnoticias.com.br\/home\/wp-content\/uploads\/2024\/07\/cropped-logo.jpg","contentUrl":"https:\/\/jornalboasnoticias.com.br\/home\/wp-content\/uploads\/2024\/07\/cropped-logo.jpg","width":290,"height":142,"caption":"Coq Editora Ltda"},"image":{"@id":"https:\/\/jornalboasnoticias.com.br\/home\/#\/schema\/logo\/image\/"},"sameAs":["https:\/\/www.facebook.com\/boasnoticiasjornal"]},{"@type":"Person","@id":"https:\/\/jornalboasnoticias.com.br\/home\/#\/schema\/person\/75f9ebde398c998c166475fb446bda62","name":"Luiz Carlos da Cruz","image":{"@type":"ImageObject","inLanguage":"pt-BR","@id":"https:\/\/secure.gravatar.com\/avatar\/e6f4f45301b6cb8572f7b076572e8ac11c1db80e805d8c8d0858cf286ce3ac3b?s=96&d=mm&r=g","url":"https:\/\/secure.gravatar.com\/avatar\/e6f4f45301b6cb8572f7b076572e8ac11c1db80e805d8c8d0858cf286ce3ac3b?s=96&d=mm&r=g","contentUrl":"https:\/\/secure.gravatar.com\/avatar\/e6f4f45301b6cb8572f7b076572e8ac11c1db80e805d8c8d0858cf286ce3ac3b?s=96&d=mm&r=g","caption":"Luiz Carlos da Cruz"},"url":"https:\/\/jornalboasnoticias.com.br\/home\/author\/luiz-carlos-da-cruz\/"}]}},"_links":{"self":[{"href":"https:\/\/jornalboasnoticias.com.br\/home\/wp-json\/wp\/v2\/posts\/42705","targetHints":{"allow":["GET"]}}],"collection":[{"href":"https:\/\/jornalboasnoticias.com.br\/home\/wp-json\/wp\/v2\/posts"}],"about":[{"href":"https:\/\/jornalboasnoticias.com.br\/home\/wp-json\/wp\/v2\/types\/post"}],"author":[{"embeddable":true,"href":"https:\/\/jornalboasnoticias.com.br\/home\/wp-json\/wp\/v2\/users\/3"}],"replies":[{"embeddable":true,"href":"https:\/\/jornalboasnoticias.com.br\/home\/wp-json\/wp\/v2\/comments?post=42705"}],"version-history":[{"count":0,"href":"https:\/\/jornalboasnoticias.com.br\/home\/wp-json\/wp\/v2\/posts\/42705\/revisions"}],"wp:featuredmedia":[{"embeddable":true,"href":"https:\/\/jornalboasnoticias.com.br\/home\/wp-json\/wp\/v2\/media\/42706"}],"wp:attachment":[{"href":"https:\/\/jornalboasnoticias.com.br\/home\/wp-json\/wp\/v2\/media?parent=42705"}],"wp:term":[{"taxonomy":"category","embeddable":true,"href":"https:\/\/jornalboasnoticias.com.br\/home\/wp-json\/wp\/v2\/categories?post=42705"},{"taxonomy":"post_tag","embeddable":true,"href":"https:\/\/jornalboasnoticias.com.br\/home\/wp-json\/wp\/v2\/tags?post=42705"}],"curies":[{"name":"wp","href":"https:\/\/api.w.org\/{rel}","templated":true}]}}