{"id":42701,"date":"2024-03-13T14:22:25","date_gmt":"2024-03-13T17:22:25","guid":{"rendered":"https:\/\/www.jornalboasnoticias.com.br\/?p=42701"},"modified":"2024-03-13T14:22:25","modified_gmt":"2024-03-13T17:22:25","slug":"carro-voador-da-embraer-passa-por-regulamentacao-e-ja-esta-com-quase-3-mil-encomendas","status":"publish","type":"post","link":"https:\/\/jornalboasnoticias.com.br\/home\/carro-voador-da-embraer-passa-por-regulamentacao-e-ja-esta-com-quase-3-mil-encomendas\/","title":{"rendered":"Carro voador da Embraer passa por regulamenta\u00e7\u00e3o e j\u00e1 est\u00e1 com quase 3 mil encomendas"},"content":{"rendered":"<blockquote>\n<p style=\"text-align: center;\">O EVE-100, conhecido como &#8220;carro voador&#8221;, ser\u00e1 produzido em Taubat\u00e9 (SP) e tem como objetivo tornar os voos urbanos mais acess\u00edveis \u00e0 popula\u00e7\u00e3o<\/p>\n<\/blockquote>\n<figure id=\"attachment_25227\" aria-describedby=\"caption-attachment-25227\" style=\"width: 766px\" class=\"wp-caption aligncenter\"><img loading=\"lazy\" decoding=\"async\" class=\"wp-image-25227 size-full\" src=\"https:\/\/portalcantagalo.com.br\/wp-content\/uploads\/2024\/03\/IMG_1988.jpeg\" alt=\"\" width=\"766\" height=\"514\" \/><figcaption id=\"caption-attachment-25227\" class=\"wp-caption-text\">Reprodu\u00e7\u00e3o\/Twitter @embraer<\/figcaption><\/figure>\n<p>Os carros voadores da Embraer passaram pela regulamenta\u00e7\u00e3o da Ag\u00eancia Nacional de Avia\u00e7\u00e3o Civil (Anac), respons\u00e1vel por supervisionar as atividades da avia\u00e7\u00e3o civil no Brasil, e j\u00e1 est\u00e3o com quase tr\u00eas mil encomendas.<\/p>\n<p>A ag\u00eancia abriu uma consulta setorial para apresenta\u00e7\u00e3o de sugest\u00f5es e ideias que podem integrar a certifica\u00e7\u00e3o dos &#8220;eVTOLs&#8221;, sigla para &#8220;ve\u00edculo el\u00e9trico de pouso de decolagem vertical&#8221;, que ser\u00e3o fabricados pela empresa brasileira.<\/p>\n<p>O EVE-100, conhecido como &#8220;carro voador&#8221;, da Eve Air Mobility, empresa de mobilidade urbana da Embraer, ser\u00e1 produzido em Taubat\u00e9 (SP) e tem como objetivo tornar os voos urbanos mais acess\u00edveis \u00e0 popula\u00e7\u00e3o.<\/p>\n<p>(Informa\u00e7\u00f5es <a href=\"https:\/\/cultura.uol.com.br\/noticias\/64967_carro-voador-da-embraer-passa-por-regulamentacao-e-ja-esta-com-quase-3-mil-encomendas.html\">TV Cultura<\/a>)<\/p>\n","protected":false},"excerpt":{"rendered":"<p>O EVE-100, conhecido como &#8220;carro voador&#8221;, ser\u00e1 produzido em Taubat\u00e9 (SP) e tem como objetivo<\/p>\n","protected":false},"author":2,"featured_media":42702,"comment_status":"open","ping_status":"open","sticky":false,"template":"","format":"standard","meta":{"footnotes":""},"categories":[6,3],"tags":[],"class_list":["post-42701","post","type-post","status-publish","format-standard","has-post-thumbnail","hentry","category-brasil","category-destaques"],"yoast_head":"<!-- This site is optimized with the Yoast SEO plugin v27.5 - https:\/\/yoast.com\/product\/yoast-seo-wordpress\/ -->\n<title>Carro voador da Embraer passa por regulamenta\u00e7\u00e3o e j\u00e1 est\u00e1 com quase 3 mil encomendas - Jornal<\/title>\n<meta name=\"description\" content=\"Carro voador da Embraer passa por regulamenta\u00e7\u00e3o e j\u00e1 est\u00e1 com quase 3 mil encomendas\" \/>\n<meta name=\"robots\" content=\"index, follow, max-snippet:-1, max-image-preview:large, max-video-preview:-1\" \/>\n<link rel=\"canonical\" href=\"https:\/\/jornalboasnoticias.com.br\/home\/carro-voador-da-embraer-passa-por-regulamentacao-e-ja-esta-com-quase-3-mil-encomendas\/\" \/>\n<meta property=\"og:locale\" content=\"pt_BR\" \/>\n<meta property=\"og:type\" content=\"article\" \/>\n<meta property=\"og:title\" content=\"Carro voador da Embraer passa por regulamenta\u00e7\u00e3o e j\u00e1 est\u00e1 com quase 3 mil encomendas - Jornal\" \/>\n<meta property=\"og:description\" content=\"Carro voador da Embraer passa por regulamenta\u00e7\u00e3o e j\u00e1 est\u00e1 com quase 3 mil encomendas\" \/>\n<meta property=\"og:url\" content=\"https:\/\/jornalboasnoticias.com.br\/home\/carro-voador-da-embraer-passa-por-regulamentacao-e-ja-esta-com-quase-3-mil-encomendas\/\" \/>\n<meta property=\"og:site_name\" content=\"Jornal\" \/>\n<meta property=\"article:publisher\" content=\"https:\/\/www.facebook.com\/boasnoticiasjornal\" \/>\n<meta property=\"article:published_time\" content=\"2024-03-13T17:22:25+00:00\" \/>\n<meta property=\"og:image\" content=\"https:\/\/jornalboasnoticias.com.br\/home\/wp-content\/uploads\/2024\/03\/IMG_1988.jpeg\" \/>\n\t<meta property=\"og:image:width\" content=\"766\" \/>\n\t<meta property=\"og:image:height\" content=\"514\" \/>\n\t<meta property=\"og:image:type\" content=\"image\/jpeg\" \/>\n<meta name=\"author\" content=\"Maria Bonatto\" \/>\n<meta name=\"twitter:card\" content=\"summary_large_image\" \/>\n<meta name=\"twitter:label1\" content=\"Escrito por\" \/>\n\t<meta name=\"twitter:data1\" content=\"Maria Bonatto\" \/>\n\t<meta name=\"twitter:label2\" content=\"Est. tempo de leitura\" \/>\n\t<meta name=\"twitter:data2\" content=\"1 minuto\" \/>\n<script type=\"application\/ld+json\" class=\"yoast-schema-graph\">{\"@context\":\"https:\\\/\\\/schema.org\",\"@graph\":[{\"@type\":\"Article\",\"@id\":\"https:\\\/\\\/jornalboasnoticias.com.br\\\/home\\\/carro-voador-da-embraer-passa-por-regulamentacao-e-ja-esta-com-quase-3-mil-encomendas\\\/#article\",\"isPartOf\":{\"@id\":\"https:\\\/\\\/jornalboasnoticias.com.br\\\/home\\\/carro-voador-da-embraer-passa-por-regulamentacao-e-ja-esta-com-quase-3-mil-encomendas\\\/\"},\"author\":{\"name\":\"Maria Bonatto\",\"@id\":\"https:\\\/\\\/jornalboasnoticias.com.br\\\/home\\\/#\\\/schema\\\/person\\\/71a4be4d1685617d6d00f15f0f2952ee\"},\"headline\":\"Carro voador da Embraer passa por regulamenta\u00e7\u00e3o e j\u00e1 est\u00e1 com quase 3 mil encomendas\",\"datePublished\":\"2024-03-13T17:22:25+00:00\",\"mainEntityOfPage\":{\"@id\":\"https:\\\/\\\/jornalboasnoticias.com.br\\\/home\\\/carro-voador-da-embraer-passa-por-regulamentacao-e-ja-esta-com-quase-3-mil-encomendas\\\/\"},\"wordCount\":169,\"commentCount\":0,\"publisher\":{\"@id\":\"https:\\\/\\\/jornalboasnoticias.com.br\\\/home\\\/#organization\"},\"image\":{\"@id\":\"https:\\\/\\\/jornalboasnoticias.com.br\\\/home\\\/carro-voador-da-embraer-passa-por-regulamentacao-e-ja-esta-com-quase-3-mil-encomendas\\\/#primaryimage\"},\"thumbnailUrl\":\"https:\\\/\\\/jornalboasnoticias.com.br\\\/home\\\/wp-content\\\/uploads\\\/2024\\\/03\\\/IMG_1988.jpeg\",\"articleSection\":[\"BRASIL\",\"DESTAQUE\"],\"inLanguage\":\"pt-BR\",\"potentialAction\":[{\"@type\":\"CommentAction\",\"name\":\"Comment\",\"target\":[\"https:\\\/\\\/jornalboasnoticias.com.br\\\/home\\\/carro-voador-da-embraer-passa-por-regulamentacao-e-ja-esta-com-quase-3-mil-encomendas\\\/#respond\"]}]},{\"@type\":\"WebPage\",\"@id\":\"https:\\\/\\\/jornalboasnoticias.com.br\\\/home\\\/carro-voador-da-embraer-passa-por-regulamentacao-e-ja-esta-com-quase-3-mil-encomendas\\\/\",\"url\":\"https:\\\/\\\/jornalboasnoticias.com.br\\\/home\\\/carro-voador-da-embraer-passa-por-regulamentacao-e-ja-esta-com-quase-3-mil-encomendas\\\/\",\"name\":\"Carro voador da Embraer passa por regulamenta\u00e7\u00e3o e j\u00e1 est\u00e1 com quase 3 mil encomendas - Jornal\",\"isPartOf\":{\"@id\":\"https:\\\/\\\/jornalboasnoticias.com.br\\\/home\\\/#website\"},\"primaryImageOfPage\":{\"@id\":\"https:\\\/\\\/jornalboasnoticias.com.br\\\/home\\\/carro-voador-da-embraer-passa-por-regulamentacao-e-ja-esta-com-quase-3-mil-encomendas\\\/#primaryimage\"},\"image\":{\"@id\":\"https:\\\/\\\/jornalboasnoticias.com.br\\\/home\\\/carro-voador-da-embraer-passa-por-regulamentacao-e-ja-esta-com-quase-3-mil-encomendas\\\/#primaryimage\"},\"thumbnailUrl\":\"https:\\\/\\\/jornalboasnoticias.com.br\\\/home\\\/wp-content\\\/uploads\\\/2024\\\/03\\\/IMG_1988.jpeg\",\"datePublished\":\"2024-03-13T17:22:25+00:00\",\"description\":\"Carro voador da Embraer passa por regulamenta\u00e7\u00e3o e j\u00e1 est\u00e1 com quase 3 mil encomendas\",\"breadcrumb\":{\"@id\":\"https:\\\/\\\/jornalboasnoticias.com.br\\\/home\\\/carro-voador-da-embraer-passa-por-regulamentacao-e-ja-esta-com-quase-3-mil-encomendas\\\/#breadcrumb\"},\"inLanguage\":\"pt-BR\",\"potentialAction\":[{\"@type\":\"ReadAction\",\"target\":[\"https:\\\/\\\/jornalboasnoticias.com.br\\\/home\\\/carro-voador-da-embraer-passa-por-regulamentacao-e-ja-esta-com-quase-3-mil-encomendas\\\/\"]}]},{\"@type\":\"ImageObject\",\"inLanguage\":\"pt-BR\",\"@id\":\"https:\\\/\\\/jornalboasnoticias.com.br\\\/home\\\/carro-voador-da-embraer-passa-por-regulamentacao-e-ja-esta-com-quase-3-mil-encomendas\\\/#primaryimage\",\"url\":\"https:\\\/\\\/jornalboasnoticias.com.br\\\/home\\\/wp-content\\\/uploads\\\/2024\\\/03\\\/IMG_1988.jpeg\",\"contentUrl\":\"https:\\\/\\\/jornalboasnoticias.com.br\\\/home\\\/wp-content\\\/uploads\\\/2024\\\/03\\\/IMG_1988.jpeg\",\"width\":766,\"height\":514},{\"@type\":\"BreadcrumbList\",\"@id\":\"https:\\\/\\\/jornalboasnoticias.com.br\\\/home\\\/carro-voador-da-embraer-passa-por-regulamentacao-e-ja-esta-com-quase-3-mil-encomendas\\\/#breadcrumb\",\"itemListElement\":[{\"@type\":\"ListItem\",\"position\":1,\"name\":\"In\u00edcio\",\"item\":\"https:\\\/\\\/jornalboasnoticias.com.br\\\/home\\\/\"},{\"@type\":\"ListItem\",\"position\":2,\"name\":\"Carro voador da Embraer passa por regulamenta\u00e7\u00e3o e j\u00e1 est\u00e1 com quase 3 mil encomendas\"}]},{\"@type\":\"WebSite\",\"@id\":\"https:\\\/\\\/jornalboasnoticias.com.br\\\/home\\\/#website\",\"url\":\"https:\\\/\\\/jornalboasnoticias.com.br\\\/home\\\/\",\"name\":\"Jornal Boas Not\u00edcias\",\"description\":\"Boas not\u00edcias\",\"publisher\":{\"@id\":\"https:\\\/\\\/jornalboasnoticias.com.br\\\/home\\\/#organization\"},\"potentialAction\":[{\"@type\":\"SearchAction\",\"target\":{\"@type\":\"EntryPoint\",\"urlTemplate\":\"https:\\\/\\\/jornalboasnoticias.com.br\\\/home\\\/?s={search_term_string}\"},\"query-input\":{\"@type\":\"PropertyValueSpecification\",\"valueRequired\":true,\"valueName\":\"search_term_string\"}}],\"inLanguage\":\"pt-BR\"},{\"@type\":\"Organization\",\"@id\":\"https:\\\/\\\/jornalboasnoticias.com.br\\\/home\\\/#organization\",\"name\":\"Coq Editora Ltda\",\"alternateName\":\"Jornal Boas Noticias\",\"url\":\"https:\\\/\\\/jornalboasnoticias.com.br\\\/home\\\/\",\"logo\":{\"@type\":\"ImageObject\",\"inLanguage\":\"pt-BR\",\"@id\":\"https:\\\/\\\/jornalboasnoticias.com.br\\\/home\\\/#\\\/schema\\\/logo\\\/image\\\/\",\"url\":\"https:\\\/\\\/jornalboasnoticias.com.br\\\/home\\\/wp-content\\\/uploads\\\/2024\\\/07\\\/cropped-logo.jpg\",\"contentUrl\":\"https:\\\/\\\/jornalboasnoticias.com.br\\\/home\\\/wp-content\\\/uploads\\\/2024\\\/07\\\/cropped-logo.jpg\",\"width\":290,\"height\":142,\"caption\":\"Coq Editora Ltda\"},\"image\":{\"@id\":\"https:\\\/\\\/jornalboasnoticias.com.br\\\/home\\\/#\\\/schema\\\/logo\\\/image\\\/\"},\"sameAs\":[\"https:\\\/\\\/www.facebook.com\\\/boasnoticiasjornal\"]},{\"@type\":\"Person\",\"@id\":\"https:\\\/\\\/jornalboasnoticias.com.br\\\/home\\\/#\\\/schema\\\/person\\\/71a4be4d1685617d6d00f15f0f2952ee\",\"name\":\"Maria Bonatto\",\"image\":{\"@type\":\"ImageObject\",\"inLanguage\":\"pt-BR\",\"@id\":\"https:\\\/\\\/secure.gravatar.com\\\/avatar\\\/61bdbd92f7d53dd2fedfe556279602d97507ae906fdeb9624602488dcdcd042f?s=96&d=mm&r=g\",\"url\":\"https:\\\/\\\/secure.gravatar.com\\\/avatar\\\/61bdbd92f7d53dd2fedfe556279602d97507ae906fdeb9624602488dcdcd042f?s=96&d=mm&r=g\",\"contentUrl\":\"https:\\\/\\\/secure.gravatar.com\\\/avatar\\\/61bdbd92f7d53dd2fedfe556279602d97507ae906fdeb9624602488dcdcd042f?s=96&d=mm&r=g\",\"caption\":\"Maria Bonatto\"},\"url\":\"https:\\\/\\\/jornalboasnoticias.com.br\\\/home\\\/author\\\/ana-bonatto\\\/\"}]}<\/script>\n<!-- \/ Yoast SEO plugin. -->","yoast_head_json":{"title":"Carro voador da Embraer passa por regulamenta\u00e7\u00e3o e j\u00e1 est\u00e1 com quase 3 mil encomendas - Jornal","description":"Carro voador da Embraer passa por regulamenta\u00e7\u00e3o e j\u00e1 est\u00e1 com quase 3 mil encomendas","robots":{"index":"index","follow":"follow","max-snippet":"max-snippet:-1","max-image-preview":"max-image-preview:large","max-video-preview":"max-video-preview:-1"},"canonical":"https:\/\/jornalboasnoticias.com.br\/home\/carro-voador-da-embraer-passa-por-regulamentacao-e-ja-esta-com-quase-3-mil-encomendas\/","og_locale":"pt_BR","og_type":"article","og_title":"Carro voador da Embraer passa por regulamenta\u00e7\u00e3o e j\u00e1 est\u00e1 com quase 3 mil encomendas - Jornal","og_description":"Carro voador da Embraer passa por regulamenta\u00e7\u00e3o e j\u00e1 est\u00e1 com quase 3 mil encomendas","og_url":"https:\/\/jornalboasnoticias.com.br\/home\/carro-voador-da-embraer-passa-por-regulamentacao-e-ja-esta-com-quase-3-mil-encomendas\/","og_site_name":"Jornal","article_publisher":"https:\/\/www.facebook.com\/boasnoticiasjornal","article_published_time":"2024-03-13T17:22:25+00:00","og_image":[{"width":766,"height":514,"url":"https:\/\/jornalboasnoticias.com.br\/home\/wp-content\/uploads\/2024\/03\/IMG_1988.jpeg","type":"image\/jpeg"}],"author":"Maria Bonatto","twitter_card":"summary_large_image","twitter_misc":{"Escrito por":"Maria Bonatto","Est. tempo de leitura":"1 minuto"},"schema":{"@context":"https:\/\/schema.org","@graph":[{"@type":"Article","@id":"https:\/\/jornalboasnoticias.com.br\/home\/carro-voador-da-embraer-passa-por-regulamentacao-e-ja-esta-com-quase-3-mil-encomendas\/#article","isPartOf":{"@id":"https:\/\/jornalboasnoticias.com.br\/home\/carro-voador-da-embraer-passa-por-regulamentacao-e-ja-esta-com-quase-3-mil-encomendas\/"},"author":{"name":"Maria Bonatto","@id":"https:\/\/jornalboasnoticias.com.br\/home\/#\/schema\/person\/71a4be4d1685617d6d00f15f0f2952ee"},"headline":"Carro voador da Embraer passa por regulamenta\u00e7\u00e3o e j\u00e1 est\u00e1 com quase 3 mil encomendas","datePublished":"2024-03-13T17:22:25+00:00","mainEntityOfPage":{"@id":"https:\/\/jornalboasnoticias.com.br\/home\/carro-voador-da-embraer-passa-por-regulamentacao-e-ja-esta-com-quase-3-mil-encomendas\/"},"wordCount":169,"commentCount":0,"publisher":{"@id":"https:\/\/jornalboasnoticias.com.br\/home\/#organization"},"image":{"@id":"https:\/\/jornalboasnoticias.com.br\/home\/carro-voador-da-embraer-passa-por-regulamentacao-e-ja-esta-com-quase-3-mil-encomendas\/#primaryimage"},"thumbnailUrl":"https:\/\/jornalboasnoticias.com.br\/home\/wp-content\/uploads\/2024\/03\/IMG_1988.jpeg","articleSection":["BRASIL","DESTAQUE"],"inLanguage":"pt-BR","potentialAction":[{"@type":"CommentAction","name":"Comment","target":["https:\/\/jornalboasnoticias.com.br\/home\/carro-voador-da-embraer-passa-por-regulamentacao-e-ja-esta-com-quase-3-mil-encomendas\/#respond"]}]},{"@type":"WebPage","@id":"https:\/\/jornalboasnoticias.com.br\/home\/carro-voador-da-embraer-passa-por-regulamentacao-e-ja-esta-com-quase-3-mil-encomendas\/","url":"https:\/\/jornalboasnoticias.com.br\/home\/carro-voador-da-embraer-passa-por-regulamentacao-e-ja-esta-com-quase-3-mil-encomendas\/","name":"Carro voador da Embraer passa por regulamenta\u00e7\u00e3o e j\u00e1 est\u00e1 com quase 3 mil encomendas - Jornal","isPartOf":{"@id":"https:\/\/jornalboasnoticias.com.br\/home\/#website"},"primaryImageOfPage":{"@id":"https:\/\/jornalboasnoticias.com.br\/home\/carro-voador-da-embraer-passa-por-regulamentacao-e-ja-esta-com-quase-3-mil-encomendas\/#primaryimage"},"image":{"@id":"https:\/\/jornalboasnoticias.com.br\/home\/carro-voador-da-embraer-passa-por-regulamentacao-e-ja-esta-com-quase-3-mil-encomendas\/#primaryimage"},"thumbnailUrl":"https:\/\/jornalboasnoticias.com.br\/home\/wp-content\/uploads\/2024\/03\/IMG_1988.jpeg","datePublished":"2024-03-13T17:22:25+00:00","description":"Carro voador da Embraer passa por regulamenta\u00e7\u00e3o e j\u00e1 est\u00e1 com quase 3 mil encomendas","breadcrumb":{"@id":"https:\/\/jornalboasnoticias.com.br\/home\/carro-voador-da-embraer-passa-por-regulamentacao-e-ja-esta-com-quase-3-mil-encomendas\/#breadcrumb"},"inLanguage":"pt-BR","potentialAction":[{"@type":"ReadAction","target":["https:\/\/jornalboasnoticias.com.br\/home\/carro-voador-da-embraer-passa-por-regulamentacao-e-ja-esta-com-quase-3-mil-encomendas\/"]}]},{"@type":"ImageObject","inLanguage":"pt-BR","@id":"https:\/\/jornalboasnoticias.com.br\/home\/carro-voador-da-embraer-passa-por-regulamentacao-e-ja-esta-com-quase-3-mil-encomendas\/#primaryimage","url":"https:\/\/jornalboasnoticias.com.br\/home\/wp-content\/uploads\/2024\/03\/IMG_1988.jpeg","contentUrl":"https:\/\/jornalboasnoticias.com.br\/home\/wp-content\/uploads\/2024\/03\/IMG_1988.jpeg","width":766,"height":514},{"@type":"BreadcrumbList","@id":"https:\/\/jornalboasnoticias.com.br\/home\/carro-voador-da-embraer-passa-por-regulamentacao-e-ja-esta-com-quase-3-mil-encomendas\/#breadcrumb","itemListElement":[{"@type":"ListItem","position":1,"name":"In\u00edcio","item":"https:\/\/jornalboasnoticias.com.br\/home\/"},{"@type":"ListItem","position":2,"name":"Carro voador da Embraer passa por regulamenta\u00e7\u00e3o e j\u00e1 est\u00e1 com quase 3 mil encomendas"}]},{"@type":"WebSite","@id":"https:\/\/jornalboasnoticias.com.br\/home\/#website","url":"https:\/\/jornalboasnoticias.com.br\/home\/","name":"Jornal Boas Not\u00edcias","description":"Boas not\u00edcias","publisher":{"@id":"https:\/\/jornalboasnoticias.com.br\/home\/#organization"},"potentialAction":[{"@type":"SearchAction","target":{"@type":"EntryPoint","urlTemplate":"https:\/\/jornalboasnoticias.com.br\/home\/?s={search_term_string}"},"query-input":{"@type":"PropertyValueSpecification","valueRequired":true,"valueName":"search_term_string"}}],"inLanguage":"pt-BR"},{"@type":"Organization","@id":"https:\/\/jornalboasnoticias.com.br\/home\/#organization","name":"Coq Editora Ltda","alternateName":"Jornal Boas Noticias","url":"https:\/\/jornalboasnoticias.com.br\/home\/","logo":{"@type":"ImageObject","inLanguage":"pt-BR","@id":"https:\/\/jornalboasnoticias.com.br\/home\/#\/schema\/logo\/image\/","url":"https:\/\/jornalboasnoticias.com.br\/home\/wp-content\/uploads\/2024\/07\/cropped-logo.jpg","contentUrl":"https:\/\/jornalboasnoticias.com.br\/home\/wp-content\/uploads\/2024\/07\/cropped-logo.jpg","width":290,"height":142,"caption":"Coq Editora Ltda"},"image":{"@id":"https:\/\/jornalboasnoticias.com.br\/home\/#\/schema\/logo\/image\/"},"sameAs":["https:\/\/www.facebook.com\/boasnoticiasjornal"]},{"@type":"Person","@id":"https:\/\/jornalboasnoticias.com.br\/home\/#\/schema\/person\/71a4be4d1685617d6d00f15f0f2952ee","name":"Maria Bonatto","image":{"@type":"ImageObject","inLanguage":"pt-BR","@id":"https:\/\/secure.gravatar.com\/avatar\/61bdbd92f7d53dd2fedfe556279602d97507ae906fdeb9624602488dcdcd042f?s=96&d=mm&r=g","url":"https:\/\/secure.gravatar.com\/avatar\/61bdbd92f7d53dd2fedfe556279602d97507ae906fdeb9624602488dcdcd042f?s=96&d=mm&r=g","contentUrl":"https:\/\/secure.gravatar.com\/avatar\/61bdbd92f7d53dd2fedfe556279602d97507ae906fdeb9624602488dcdcd042f?s=96&d=mm&r=g","caption":"Maria Bonatto"},"url":"https:\/\/jornalboasnoticias.com.br\/home\/author\/ana-bonatto\/"}]}},"_links":{"self":[{"href":"https:\/\/jornalboasnoticias.com.br\/home\/wp-json\/wp\/v2\/posts\/42701","targetHints":{"allow":["GET"]}}],"collection":[{"href":"https:\/\/jornalboasnoticias.com.br\/home\/wp-json\/wp\/v2\/posts"}],"about":[{"href":"https:\/\/jornalboasnoticias.com.br\/home\/wp-json\/wp\/v2\/types\/post"}],"author":[{"embeddable":true,"href":"https:\/\/jornalboasnoticias.com.br\/home\/wp-json\/wp\/v2\/users\/2"}],"replies":[{"embeddable":true,"href":"https:\/\/jornalboasnoticias.com.br\/home\/wp-json\/wp\/v2\/comments?post=42701"}],"version-history":[{"count":0,"href":"https:\/\/jornalboasnoticias.com.br\/home\/wp-json\/wp\/v2\/posts\/42701\/revisions"}],"wp:featuredmedia":[{"embeddable":true,"href":"https:\/\/jornalboasnoticias.com.br\/home\/wp-json\/wp\/v2\/media\/42702"}],"wp:attachment":[{"href":"https:\/\/jornalboasnoticias.com.br\/home\/wp-json\/wp\/v2\/media?parent=42701"}],"wp:term":[{"taxonomy":"category","embeddable":true,"href":"https:\/\/jornalboasnoticias.com.br\/home\/wp-json\/wp\/v2\/categories?post=42701"},{"taxonomy":"post_tag","embeddable":true,"href":"https:\/\/jornalboasnoticias.com.br\/home\/wp-json\/wp\/v2\/tags?post=42701"}],"curies":[{"name":"wp","href":"https:\/\/api.w.org\/{rel}","templated":true}]}}