{"id":42691,"date":"2024-03-11T14:46:12","date_gmt":"2024-03-11T17:46:12","guid":{"rendered":"https:\/\/www.jornalboasnoticias.com.br\/?p=42691"},"modified":"2024-03-11T14:46:12","modified_gmt":"2024-03-11T17:46:12","slug":"por-melhorias-reabertura-da-biblioteca-publica-municipal-de-cascavel-e-prorrogada-para-o-dia-18-de-marco","status":"publish","type":"post","link":"https:\/\/jornalboasnoticias.com.br\/home\/por-melhorias-reabertura-da-biblioteca-publica-municipal-de-cascavel-e-prorrogada-para-o-dia-18-de-marco\/","title":{"rendered":"Por melhorias, reabertura da Biblioteca P\u00fablica Municipal de Cascavel \u00e9 prorrogada para o dia 18 de mar\u00e7o"},"content":{"rendered":"<blockquote>\n<p style=\"text-align: center;\">A fachada do pr\u00e9dio receber\u00e1 detalhes em pintura e a \u00e1rea externa ganhar\u00e1 nova ilumina\u00e7\u00e3o<\/p>\n<\/blockquote>\n<figure id=\"attachment_42692\" aria-describedby=\"caption-attachment-42692\" style=\"width: 487px\" class=\"wp-caption aligncenter\"><img loading=\"lazy\" decoding=\"async\" class=\"size-medium wp-image-42692\" src=\"https:\/\/www.jornalboasnoticias.com.br\/wp-content\/uploads\/2024\/03\/IMG_1952-487x365.jpeg\" alt=\"\" width=\"487\" height=\"365\" \/><figcaption id=\"caption-attachment-42692\" class=\"wp-caption-text\">Divulga\u00e7\u00e3o<\/figcaption><\/figure>\n<p>A Prefeitura Municipal de Cascavel, por meio da Secretaria de Cultura, anuncia que a reabertura da Biblioteca P\u00fablica Municipal Sand\u00e1lio dos Santos, prevista para a pr\u00f3xima ter\u00e7a-feira, 12 de mar\u00e7o, foi adiada para a pr\u00f3xima segunda-feira, dia 18 de mar\u00e7o. O adiamento se deve ao volume de servi\u00e7o que foi maior do que o esperado para as melhorias que est\u00e3o sendo realizadas no pr\u00e9dio.<\/p>\n<p>As melhorias, que incluem a reorganiza\u00e7\u00e3o de todo o acervo de livros e a altera\u00e7\u00e3o de alguns aspectos do layout interno da biblioteca, continuar\u00e3o acontecendo mesmo com o espa\u00e7o reaberto. Al\u00e9m disso, a fachada do pr\u00e9dio receber\u00e1 detalhes em pintura e a \u00e1rea externa ganhar\u00e1 ilumina\u00e7\u00e3o, garantindo que todo o entorno do edif\u00edcio fique bem iluminado ao anoitecer.<\/p>\n<p>A Biblioteca P\u00fablica Municipal Sand\u00e1lio conta com um acervo riqu\u00edssimo, com cerca de 85 mil exemplares, entre livros, revistas, artigos, jornais e outros, no ano passado realizou mais de 9 mil empr\u00e9stimos de livros.<\/p>\n<p>O compromisso da Secretaria de Cultura com essas melhorias \u00e9 de proporcionar uma experi\u00eancia cultural cada vez mais enriquecedora para todos os cidad\u00e3os de Cascavel.<\/p>\n","protected":false},"excerpt":{"rendered":"<p>A fachada do pr\u00e9dio receber\u00e1 detalhes em pintura e a \u00e1rea externa ganhar\u00e1 nova ilumina\u00e7\u00e3o<\/p>\n","protected":false},"author":2,"featured_media":42692,"comment_status":"open","ping_status":"open","sticky":false,"template":"","format":"standard","meta":{"footnotes":""},"categories":[2],"tags":[],"class_list":["post-42691","post","type-post","status-publish","format-standard","has-post-thumbnail","hentry","category-cascavel"],"yoast_head":"<!-- This site is optimized with the Yoast SEO plugin v27.5 - https:\/\/yoast.com\/product\/yoast-seo-wordpress\/ -->\n<title>Por melhorias, reabertura da Biblioteca P\u00fablica Municipal de Cascavel \u00e9 prorrogada para o dia 18 de mar\u00e7o - Jornal<\/title>\n<meta name=\"description\" content=\"Por melhorias, reabertura da Biblioteca P\u00fablica Municipal de Cascavel \u00e9 prorrogada para o dia 18 de mar\u00e7o\" \/>\n<meta name=\"robots\" content=\"index, follow, max-snippet:-1, max-image-preview:large, max-video-preview:-1\" \/>\n<link rel=\"canonical\" href=\"https:\/\/jornalboasnoticias.com.br\/home\/por-melhorias-reabertura-da-biblioteca-publica-municipal-de-cascavel-e-prorrogada-para-o-dia-18-de-marco\/\" \/>\n<meta property=\"og:locale\" content=\"pt_BR\" \/>\n<meta property=\"og:type\" content=\"article\" \/>\n<meta property=\"og:title\" content=\"Por melhorias, reabertura da Biblioteca P\u00fablica Municipal de Cascavel \u00e9 prorrogada para o dia 18 de mar\u00e7o - Jornal\" \/>\n<meta property=\"og:description\" content=\"Por melhorias, reabertura da Biblioteca P\u00fablica Municipal de Cascavel \u00e9 prorrogada para o dia 18 de mar\u00e7o\" \/>\n<meta property=\"og:url\" content=\"https:\/\/jornalboasnoticias.com.br\/home\/por-melhorias-reabertura-da-biblioteca-publica-municipal-de-cascavel-e-prorrogada-para-o-dia-18-de-marco\/\" \/>\n<meta property=\"og:site_name\" content=\"Jornal\" \/>\n<meta property=\"article:publisher\" content=\"https:\/\/www.facebook.com\/boasnoticiasjornal\" \/>\n<meta property=\"article:published_time\" content=\"2024-03-11T17:46:12+00:00\" \/>\n<meta property=\"og:image\" content=\"https:\/\/jornalboasnoticias.com.br\/home\/wp-content\/uploads\/2024\/03\/IMG_1952-e1710179069317.jpeg\" \/>\n\t<meta property=\"og:image:width\" content=\"800\" \/>\n\t<meta property=\"og:image:height\" content=\"600\" \/>\n\t<meta property=\"og:image:type\" content=\"image\/jpeg\" \/>\n<meta name=\"author\" content=\"Maria Bonatto\" \/>\n<meta name=\"twitter:card\" content=\"summary_large_image\" \/>\n<meta name=\"twitter:label1\" content=\"Escrito por\" \/>\n\t<meta name=\"twitter:data1\" content=\"Maria Bonatto\" \/>\n\t<meta name=\"twitter:label2\" content=\"Est. tempo de leitura\" \/>\n\t<meta name=\"twitter:data2\" content=\"1 minuto\" \/>\n<script type=\"application\/ld+json\" class=\"yoast-schema-graph\">{\"@context\":\"https:\\\/\\\/schema.org\",\"@graph\":[{\"@type\":\"Article\",\"@id\":\"https:\\\/\\\/jornalboasnoticias.com.br\\\/home\\\/por-melhorias-reabertura-da-biblioteca-publica-municipal-de-cascavel-e-prorrogada-para-o-dia-18-de-marco\\\/#article\",\"isPartOf\":{\"@id\":\"https:\\\/\\\/jornalboasnoticias.com.br\\\/home\\\/por-melhorias-reabertura-da-biblioteca-publica-municipal-de-cascavel-e-prorrogada-para-o-dia-18-de-marco\\\/\"},\"author\":{\"name\":\"Maria Bonatto\",\"@id\":\"https:\\\/\\\/jornalboasnoticias.com.br\\\/home\\\/#\\\/schema\\\/person\\\/71a4be4d1685617d6d00f15f0f2952ee\"},\"headline\":\"Por melhorias, reabertura da Biblioteca P\u00fablica Municipal de Cascavel \u00e9 prorrogada para o dia 18 de mar\u00e7o\",\"datePublished\":\"2024-03-11T17:46:12+00:00\",\"mainEntityOfPage\":{\"@id\":\"https:\\\/\\\/jornalboasnoticias.com.br\\\/home\\\/por-melhorias-reabertura-da-biblioteca-publica-municipal-de-cascavel-e-prorrogada-para-o-dia-18-de-marco\\\/\"},\"wordCount\":243,\"commentCount\":0,\"publisher\":{\"@id\":\"https:\\\/\\\/jornalboasnoticias.com.br\\\/home\\\/#organization\"},\"image\":{\"@id\":\"https:\\\/\\\/jornalboasnoticias.com.br\\\/home\\\/por-melhorias-reabertura-da-biblioteca-publica-municipal-de-cascavel-e-prorrogada-para-o-dia-18-de-marco\\\/#primaryimage\"},\"thumbnailUrl\":\"https:\\\/\\\/jornalboasnoticias.com.br\\\/home\\\/wp-content\\\/uploads\\\/2024\\\/03\\\/IMG_1952-e1710179069317.jpeg\",\"articleSection\":[\"CASCAVEL\"],\"inLanguage\":\"pt-BR\",\"potentialAction\":[{\"@type\":\"CommentAction\",\"name\":\"Comment\",\"target\":[\"https:\\\/\\\/jornalboasnoticias.com.br\\\/home\\\/por-melhorias-reabertura-da-biblioteca-publica-municipal-de-cascavel-e-prorrogada-para-o-dia-18-de-marco\\\/#respond\"]}]},{\"@type\":\"WebPage\",\"@id\":\"https:\\\/\\\/jornalboasnoticias.com.br\\\/home\\\/por-melhorias-reabertura-da-biblioteca-publica-municipal-de-cascavel-e-prorrogada-para-o-dia-18-de-marco\\\/\",\"url\":\"https:\\\/\\\/jornalboasnoticias.com.br\\\/home\\\/por-melhorias-reabertura-da-biblioteca-publica-municipal-de-cascavel-e-prorrogada-para-o-dia-18-de-marco\\\/\",\"name\":\"Por melhorias, reabertura da Biblioteca P\u00fablica Municipal de Cascavel \u00e9 prorrogada para o dia 18 de mar\u00e7o - Jornal\",\"isPartOf\":{\"@id\":\"https:\\\/\\\/jornalboasnoticias.com.br\\\/home\\\/#website\"},\"primaryImageOfPage\":{\"@id\":\"https:\\\/\\\/jornalboasnoticias.com.br\\\/home\\\/por-melhorias-reabertura-da-biblioteca-publica-municipal-de-cascavel-e-prorrogada-para-o-dia-18-de-marco\\\/#primaryimage\"},\"image\":{\"@id\":\"https:\\\/\\\/jornalboasnoticias.com.br\\\/home\\\/por-melhorias-reabertura-da-biblioteca-publica-municipal-de-cascavel-e-prorrogada-para-o-dia-18-de-marco\\\/#primaryimage\"},\"thumbnailUrl\":\"https:\\\/\\\/jornalboasnoticias.com.br\\\/home\\\/wp-content\\\/uploads\\\/2024\\\/03\\\/IMG_1952-e1710179069317.jpeg\",\"datePublished\":\"2024-03-11T17:46:12+00:00\",\"description\":\"Por melhorias, reabertura da Biblioteca P\u00fablica Municipal de Cascavel \u00e9 prorrogada para o dia 18 de mar\u00e7o\",\"breadcrumb\":{\"@id\":\"https:\\\/\\\/jornalboasnoticias.com.br\\\/home\\\/por-melhorias-reabertura-da-biblioteca-publica-municipal-de-cascavel-e-prorrogada-para-o-dia-18-de-marco\\\/#breadcrumb\"},\"inLanguage\":\"pt-BR\",\"potentialAction\":[{\"@type\":\"ReadAction\",\"target\":[\"https:\\\/\\\/jornalboasnoticias.com.br\\\/home\\\/por-melhorias-reabertura-da-biblioteca-publica-municipal-de-cascavel-e-prorrogada-para-o-dia-18-de-marco\\\/\"]}]},{\"@type\":\"ImageObject\",\"inLanguage\":\"pt-BR\",\"@id\":\"https:\\\/\\\/jornalboasnoticias.com.br\\\/home\\\/por-melhorias-reabertura-da-biblioteca-publica-municipal-de-cascavel-e-prorrogada-para-o-dia-18-de-marco\\\/#primaryimage\",\"url\":\"https:\\\/\\\/jornalboasnoticias.com.br\\\/home\\\/wp-content\\\/uploads\\\/2024\\\/03\\\/IMG_1952-e1710179069317.jpeg\",\"contentUrl\":\"https:\\\/\\\/jornalboasnoticias.com.br\\\/home\\\/wp-content\\\/uploads\\\/2024\\\/03\\\/IMG_1952-e1710179069317.jpeg\",\"width\":800,\"height\":600,\"caption\":\"Divulga\u00e7\u00e3o\"},{\"@type\":\"BreadcrumbList\",\"@id\":\"https:\\\/\\\/jornalboasnoticias.com.br\\\/home\\\/por-melhorias-reabertura-da-biblioteca-publica-municipal-de-cascavel-e-prorrogada-para-o-dia-18-de-marco\\\/#breadcrumb\",\"itemListElement\":[{\"@type\":\"ListItem\",\"position\":1,\"name\":\"In\u00edcio\",\"item\":\"https:\\\/\\\/jornalboasnoticias.com.br\\\/home\\\/\"},{\"@type\":\"ListItem\",\"position\":2,\"name\":\"Por melhorias, reabertura da Biblioteca P\u00fablica Municipal de Cascavel \u00e9 prorrogada para o dia 18 de mar\u00e7o\"}]},{\"@type\":\"WebSite\",\"@id\":\"https:\\\/\\\/jornalboasnoticias.com.br\\\/home\\\/#website\",\"url\":\"https:\\\/\\\/jornalboasnoticias.com.br\\\/home\\\/\",\"name\":\"Jornal Boas Not\u00edcias\",\"description\":\"Boas not\u00edcias\",\"publisher\":{\"@id\":\"https:\\\/\\\/jornalboasnoticias.com.br\\\/home\\\/#organization\"},\"potentialAction\":[{\"@type\":\"SearchAction\",\"target\":{\"@type\":\"EntryPoint\",\"urlTemplate\":\"https:\\\/\\\/jornalboasnoticias.com.br\\\/home\\\/?s={search_term_string}\"},\"query-input\":{\"@type\":\"PropertyValueSpecification\",\"valueRequired\":true,\"valueName\":\"search_term_string\"}}],\"inLanguage\":\"pt-BR\"},{\"@type\":\"Organization\",\"@id\":\"https:\\\/\\\/jornalboasnoticias.com.br\\\/home\\\/#organization\",\"name\":\"Coq Editora Ltda\",\"alternateName\":\"Jornal Boas Noticias\",\"url\":\"https:\\\/\\\/jornalboasnoticias.com.br\\\/home\\\/\",\"logo\":{\"@type\":\"ImageObject\",\"inLanguage\":\"pt-BR\",\"@id\":\"https:\\\/\\\/jornalboasnoticias.com.br\\\/home\\\/#\\\/schema\\\/logo\\\/image\\\/\",\"url\":\"https:\\\/\\\/jornalboasnoticias.com.br\\\/home\\\/wp-content\\\/uploads\\\/2024\\\/07\\\/cropped-logo.jpg\",\"contentUrl\":\"https:\\\/\\\/jornalboasnoticias.com.br\\\/home\\\/wp-content\\\/uploads\\\/2024\\\/07\\\/cropped-logo.jpg\",\"width\":290,\"height\":142,\"caption\":\"Coq Editora Ltda\"},\"image\":{\"@id\":\"https:\\\/\\\/jornalboasnoticias.com.br\\\/home\\\/#\\\/schema\\\/logo\\\/image\\\/\"},\"sameAs\":[\"https:\\\/\\\/www.facebook.com\\\/boasnoticiasjornal\"]},{\"@type\":\"Person\",\"@id\":\"https:\\\/\\\/jornalboasnoticias.com.br\\\/home\\\/#\\\/schema\\\/person\\\/71a4be4d1685617d6d00f15f0f2952ee\",\"name\":\"Maria Bonatto\",\"image\":{\"@type\":\"ImageObject\",\"inLanguage\":\"pt-BR\",\"@id\":\"https:\\\/\\\/secure.gravatar.com\\\/avatar\\\/61bdbd92f7d53dd2fedfe556279602d97507ae906fdeb9624602488dcdcd042f?s=96&d=mm&r=g\",\"url\":\"https:\\\/\\\/secure.gravatar.com\\\/avatar\\\/61bdbd92f7d53dd2fedfe556279602d97507ae906fdeb9624602488dcdcd042f?s=96&d=mm&r=g\",\"contentUrl\":\"https:\\\/\\\/secure.gravatar.com\\\/avatar\\\/61bdbd92f7d53dd2fedfe556279602d97507ae906fdeb9624602488dcdcd042f?s=96&d=mm&r=g\",\"caption\":\"Maria Bonatto\"},\"url\":\"https:\\\/\\\/jornalboasnoticias.com.br\\\/home\\\/author\\\/ana-bonatto\\\/\"}]}<\/script>\n<!-- \/ Yoast SEO plugin. -->","yoast_head_json":{"title":"Por melhorias, reabertura da Biblioteca P\u00fablica Municipal de Cascavel \u00e9 prorrogada para o dia 18 de mar\u00e7o - Jornal","description":"Por melhorias, reabertura da Biblioteca P\u00fablica Municipal de Cascavel \u00e9 prorrogada para o dia 18 de mar\u00e7o","robots":{"index":"index","follow":"follow","max-snippet":"max-snippet:-1","max-image-preview":"max-image-preview:large","max-video-preview":"max-video-preview:-1"},"canonical":"https:\/\/jornalboasnoticias.com.br\/home\/por-melhorias-reabertura-da-biblioteca-publica-municipal-de-cascavel-e-prorrogada-para-o-dia-18-de-marco\/","og_locale":"pt_BR","og_type":"article","og_title":"Por melhorias, reabertura da Biblioteca P\u00fablica Municipal de Cascavel \u00e9 prorrogada para o dia 18 de mar\u00e7o - Jornal","og_description":"Por melhorias, reabertura da Biblioteca P\u00fablica Municipal de Cascavel \u00e9 prorrogada para o dia 18 de mar\u00e7o","og_url":"https:\/\/jornalboasnoticias.com.br\/home\/por-melhorias-reabertura-da-biblioteca-publica-municipal-de-cascavel-e-prorrogada-para-o-dia-18-de-marco\/","og_site_name":"Jornal","article_publisher":"https:\/\/www.facebook.com\/boasnoticiasjornal","article_published_time":"2024-03-11T17:46:12+00:00","og_image":[{"width":800,"height":600,"url":"https:\/\/jornalboasnoticias.com.br\/home\/wp-content\/uploads\/2024\/03\/IMG_1952-e1710179069317.jpeg","type":"image\/jpeg"}],"author":"Maria Bonatto","twitter_card":"summary_large_image","twitter_misc":{"Escrito por":"Maria Bonatto","Est. tempo de leitura":"1 minuto"},"schema":{"@context":"https:\/\/schema.org","@graph":[{"@type":"Article","@id":"https:\/\/jornalboasnoticias.com.br\/home\/por-melhorias-reabertura-da-biblioteca-publica-municipal-de-cascavel-e-prorrogada-para-o-dia-18-de-marco\/#article","isPartOf":{"@id":"https:\/\/jornalboasnoticias.com.br\/home\/por-melhorias-reabertura-da-biblioteca-publica-municipal-de-cascavel-e-prorrogada-para-o-dia-18-de-marco\/"},"author":{"name":"Maria Bonatto","@id":"https:\/\/jornalboasnoticias.com.br\/home\/#\/schema\/person\/71a4be4d1685617d6d00f15f0f2952ee"},"headline":"Por melhorias, reabertura da Biblioteca P\u00fablica Municipal de Cascavel \u00e9 prorrogada para o dia 18 de mar\u00e7o","datePublished":"2024-03-11T17:46:12+00:00","mainEntityOfPage":{"@id":"https:\/\/jornalboasnoticias.com.br\/home\/por-melhorias-reabertura-da-biblioteca-publica-municipal-de-cascavel-e-prorrogada-para-o-dia-18-de-marco\/"},"wordCount":243,"commentCount":0,"publisher":{"@id":"https:\/\/jornalboasnoticias.com.br\/home\/#organization"},"image":{"@id":"https:\/\/jornalboasnoticias.com.br\/home\/por-melhorias-reabertura-da-biblioteca-publica-municipal-de-cascavel-e-prorrogada-para-o-dia-18-de-marco\/#primaryimage"},"thumbnailUrl":"https:\/\/jornalboasnoticias.com.br\/home\/wp-content\/uploads\/2024\/03\/IMG_1952-e1710179069317.jpeg","articleSection":["CASCAVEL"],"inLanguage":"pt-BR","potentialAction":[{"@type":"CommentAction","name":"Comment","target":["https:\/\/jornalboasnoticias.com.br\/home\/por-melhorias-reabertura-da-biblioteca-publica-municipal-de-cascavel-e-prorrogada-para-o-dia-18-de-marco\/#respond"]}]},{"@type":"WebPage","@id":"https:\/\/jornalboasnoticias.com.br\/home\/por-melhorias-reabertura-da-biblioteca-publica-municipal-de-cascavel-e-prorrogada-para-o-dia-18-de-marco\/","url":"https:\/\/jornalboasnoticias.com.br\/home\/por-melhorias-reabertura-da-biblioteca-publica-municipal-de-cascavel-e-prorrogada-para-o-dia-18-de-marco\/","name":"Por melhorias, reabertura da Biblioteca P\u00fablica Municipal de Cascavel \u00e9 prorrogada para o dia 18 de mar\u00e7o - Jornal","isPartOf":{"@id":"https:\/\/jornalboasnoticias.com.br\/home\/#website"},"primaryImageOfPage":{"@id":"https:\/\/jornalboasnoticias.com.br\/home\/por-melhorias-reabertura-da-biblioteca-publica-municipal-de-cascavel-e-prorrogada-para-o-dia-18-de-marco\/#primaryimage"},"image":{"@id":"https:\/\/jornalboasnoticias.com.br\/home\/por-melhorias-reabertura-da-biblioteca-publica-municipal-de-cascavel-e-prorrogada-para-o-dia-18-de-marco\/#primaryimage"},"thumbnailUrl":"https:\/\/jornalboasnoticias.com.br\/home\/wp-content\/uploads\/2024\/03\/IMG_1952-e1710179069317.jpeg","datePublished":"2024-03-11T17:46:12+00:00","description":"Por melhorias, reabertura da Biblioteca P\u00fablica Municipal de Cascavel \u00e9 prorrogada para o dia 18 de mar\u00e7o","breadcrumb":{"@id":"https:\/\/jornalboasnoticias.com.br\/home\/por-melhorias-reabertura-da-biblioteca-publica-municipal-de-cascavel-e-prorrogada-para-o-dia-18-de-marco\/#breadcrumb"},"inLanguage":"pt-BR","potentialAction":[{"@type":"ReadAction","target":["https:\/\/jornalboasnoticias.com.br\/home\/por-melhorias-reabertura-da-biblioteca-publica-municipal-de-cascavel-e-prorrogada-para-o-dia-18-de-marco\/"]}]},{"@type":"ImageObject","inLanguage":"pt-BR","@id":"https:\/\/jornalboasnoticias.com.br\/home\/por-melhorias-reabertura-da-biblioteca-publica-municipal-de-cascavel-e-prorrogada-para-o-dia-18-de-marco\/#primaryimage","url":"https:\/\/jornalboasnoticias.com.br\/home\/wp-content\/uploads\/2024\/03\/IMG_1952-e1710179069317.jpeg","contentUrl":"https:\/\/jornalboasnoticias.com.br\/home\/wp-content\/uploads\/2024\/03\/IMG_1952-e1710179069317.jpeg","width":800,"height":600,"caption":"Divulga\u00e7\u00e3o"},{"@type":"BreadcrumbList","@id":"https:\/\/jornalboasnoticias.com.br\/home\/por-melhorias-reabertura-da-biblioteca-publica-municipal-de-cascavel-e-prorrogada-para-o-dia-18-de-marco\/#breadcrumb","itemListElement":[{"@type":"ListItem","position":1,"name":"In\u00edcio","item":"https:\/\/jornalboasnoticias.com.br\/home\/"},{"@type":"ListItem","position":2,"name":"Por melhorias, reabertura da Biblioteca P\u00fablica Municipal de Cascavel \u00e9 prorrogada para o dia 18 de mar\u00e7o"}]},{"@type":"WebSite","@id":"https:\/\/jornalboasnoticias.com.br\/home\/#website","url":"https:\/\/jornalboasnoticias.com.br\/home\/","name":"Jornal Boas Not\u00edcias","description":"Boas not\u00edcias","publisher":{"@id":"https:\/\/jornalboasnoticias.com.br\/home\/#organization"},"potentialAction":[{"@type":"SearchAction","target":{"@type":"EntryPoint","urlTemplate":"https:\/\/jornalboasnoticias.com.br\/home\/?s={search_term_string}"},"query-input":{"@type":"PropertyValueSpecification","valueRequired":true,"valueName":"search_term_string"}}],"inLanguage":"pt-BR"},{"@type":"Organization","@id":"https:\/\/jornalboasnoticias.com.br\/home\/#organization","name":"Coq Editora Ltda","alternateName":"Jornal Boas Noticias","url":"https:\/\/jornalboasnoticias.com.br\/home\/","logo":{"@type":"ImageObject","inLanguage":"pt-BR","@id":"https:\/\/jornalboasnoticias.com.br\/home\/#\/schema\/logo\/image\/","url":"https:\/\/jornalboasnoticias.com.br\/home\/wp-content\/uploads\/2024\/07\/cropped-logo.jpg","contentUrl":"https:\/\/jornalboasnoticias.com.br\/home\/wp-content\/uploads\/2024\/07\/cropped-logo.jpg","width":290,"height":142,"caption":"Coq Editora Ltda"},"image":{"@id":"https:\/\/jornalboasnoticias.com.br\/home\/#\/schema\/logo\/image\/"},"sameAs":["https:\/\/www.facebook.com\/boasnoticiasjornal"]},{"@type":"Person","@id":"https:\/\/jornalboasnoticias.com.br\/home\/#\/schema\/person\/71a4be4d1685617d6d00f15f0f2952ee","name":"Maria Bonatto","image":{"@type":"ImageObject","inLanguage":"pt-BR","@id":"https:\/\/secure.gravatar.com\/avatar\/61bdbd92f7d53dd2fedfe556279602d97507ae906fdeb9624602488dcdcd042f?s=96&d=mm&r=g","url":"https:\/\/secure.gravatar.com\/avatar\/61bdbd92f7d53dd2fedfe556279602d97507ae906fdeb9624602488dcdcd042f?s=96&d=mm&r=g","contentUrl":"https:\/\/secure.gravatar.com\/avatar\/61bdbd92f7d53dd2fedfe556279602d97507ae906fdeb9624602488dcdcd042f?s=96&d=mm&r=g","caption":"Maria Bonatto"},"url":"https:\/\/jornalboasnoticias.com.br\/home\/author\/ana-bonatto\/"}]}},"_links":{"self":[{"href":"https:\/\/jornalboasnoticias.com.br\/home\/wp-json\/wp\/v2\/posts\/42691","targetHints":{"allow":["GET"]}}],"collection":[{"href":"https:\/\/jornalboasnoticias.com.br\/home\/wp-json\/wp\/v2\/posts"}],"about":[{"href":"https:\/\/jornalboasnoticias.com.br\/home\/wp-json\/wp\/v2\/types\/post"}],"author":[{"embeddable":true,"href":"https:\/\/jornalboasnoticias.com.br\/home\/wp-json\/wp\/v2\/users\/2"}],"replies":[{"embeddable":true,"href":"https:\/\/jornalboasnoticias.com.br\/home\/wp-json\/wp\/v2\/comments?post=42691"}],"version-history":[{"count":0,"href":"https:\/\/jornalboasnoticias.com.br\/home\/wp-json\/wp\/v2\/posts\/42691\/revisions"}],"wp:featuredmedia":[{"embeddable":true,"href":"https:\/\/jornalboasnoticias.com.br\/home\/wp-json\/wp\/v2\/media\/42692"}],"wp:attachment":[{"href":"https:\/\/jornalboasnoticias.com.br\/home\/wp-json\/wp\/v2\/media?parent=42691"}],"wp:term":[{"taxonomy":"category","embeddable":true,"href":"https:\/\/jornalboasnoticias.com.br\/home\/wp-json\/wp\/v2\/categories?post=42691"},{"taxonomy":"post_tag","embeddable":true,"href":"https:\/\/jornalboasnoticias.com.br\/home\/wp-json\/wp\/v2\/tags?post=42691"}],"curies":[{"name":"wp","href":"https:\/\/api.w.org\/{rel}","templated":true}]}}