{"id":42682,"date":"2024-03-06T18:23:31","date_gmt":"2024-03-06T21:23:31","guid":{"rendered":"https:\/\/www.jornalboasnoticias.com.br\/?p=42682"},"modified":"2024-03-06T18:23:31","modified_gmt":"2024-03-06T21:23:31","slug":"mendonca-vota-contra-descriminalizacao-do-porte-de-drogas","status":"publish","type":"post","link":"https:\/\/jornalboasnoticias.com.br\/home\/mendonca-vota-contra-descriminalizacao-do-porte-de-drogas\/","title":{"rendered":"Mendon\u00e7a vota contra descriminaliza\u00e7\u00e3o do porte de drogas"},"content":{"rendered":"<p class=\"col-10 offset-1 animated fadeInDown dealy-900 display-8 display-md-8 alt-font font-italic my-1 text-center\" style=\"text-align: center;\"><strong><em>Julgamento foi retomado nesta tarde com o voto do ministro<\/em><\/strong><\/p>\n<p><img loading=\"lazy\" decoding=\"async\" class=\"alignnone size-full wp-image-42683\" src=\"https:\/\/jornalboasnoticias.com.br\/home\/wp-content\/uploads\/2024\/03\/Mendonca.webp\" alt=\"\" width=\"1170\" height=\"700\" srcset=\"https:\/\/jornalboasnoticias.com.br\/home\/wp-content\/uploads\/2024\/03\/Mendonca.webp 1170w, https:\/\/jornalboasnoticias.com.br\/home\/wp-content\/uploads\/2024\/03\/Mendonca-300x179.webp 300w, https:\/\/jornalboasnoticias.com.br\/home\/wp-content\/uploads\/2024\/03\/Mendonca-1024x613.webp 1024w, https:\/\/jornalboasnoticias.com.br\/home\/wp-content\/uploads\/2024\/03\/Mendonca-768x459.webp 768w\" sizes=\"auto, (max-width: 1170px) 100vw, 1170px\" \/><\/p>\n<p>O ministro Andr\u00e9 Mendon\u00e7a, do Supremo Tribunal Federal (STF), votou nesta quarta-feira (6) contra a descriminaliza\u00e7\u00e3o do porte de drogas. Suspenso em agosto do ano passado, o\u00a0julgamento foi retomado nesta tarde com o voto do ministro.<img decoding=\"async\" src=\"https:\/\/agenciabrasil.ebc.com.br\/ebc.png?id=1584531&amp;o=node\" \/><img decoding=\"async\" src=\"https:\/\/agenciabrasil.ebc.com.br\/ebc.gif?id=1584531&amp;o=node\" \/><\/p>\n<p>No in\u00edcio de sua manifesta\u00e7\u00e3o, Mendon\u00e7a citou estudos que mostram os malef\u00edcios do uso da maconha, como problemas psicol\u00f3gicos.<\/p>\n<p>&#8220;H\u00e1 uma imagem falsa na sociedade de que a maconha n\u00e3o faz mal. Se fala em uso recreativo. Causa danos, danos s\u00e9rios, maiores que o \u00a0cigarro&#8221;, afirmou.<\/p>\n<p>Com o voto de Mendon\u00e7a,\u00a0o placar do julgamento est\u00e1 5 votos a 2 a favor da descriminaliza\u00e7\u00e3o somente do porte de maconha para uso pessoal.<\/p>\n<p>Ao votar contra a descriminaliza\u00e7\u00e3o, o ministro disse que a quest\u00e3o deve ser tratada pelo Congresso.\u00a0&#8220;Vamos jogar para um il\u00edcito administrativo. Qual autoridade administrativa? Quem vai conduzir quem? Quem vai aplicar a pena? Na pr\u00e1tica, estamos liberando o uso&#8221;, completou.<\/p>\n<p>Em seu voto, o ministro tamb\u00e9m concede prazo de 180 dias para o Congresso aprovar uma norma para distinguir usu\u00e1rios de traficantes, conforme a diferencia\u00e7\u00e3o realizada pela Lei de Drogas, em 2006. Enquanto a lei n\u00e3o for aprovada, Mendon\u00e7a\u00a0sugeriu que deve ser levada em conta a quantidade de 10 gramas de maconha.<\/p>\n<p>Em 2015, quando o julgamento come\u00e7ou, os ministros come\u00e7aram a analisar a possibilidade de descriminaliza\u00e7\u00e3o do porte de qualquer tipo de droga para uso pessoal. No entanto, ap\u00f3s os votos proferidos, a Corte caminha para restringir somente para a maconha.<\/p>\n<h2>Flagrante<\/h2>\n<p>Durante a manifesta\u00e7\u00e3o de Mendon\u00e7a, o ministro Alexandre de Moraes fez um aparte e destacou as consequ\u00eancias da decis\u00e3o da Corte a favor da descriminaliza\u00e7\u00e3o.<\/p>\n<p>&#8220;A pol\u00edcia n\u00e3o poder\u00e1 entrar no domic\u00edlio de algu\u00e9m que esteja com maconha para uso pr\u00f3prio, porque n\u00e3o \u00e9 mais flagrante. Tamb\u00e9m n\u00e3o permite que a pessoa fume maconha dentro do cinema&#8221;, afirmou.<\/p>\n<h2>Entenda<\/h2>\n<p>O Supremo julga a constitucionalidade do Artigo 28 da Lei de\u00a0Drogas (Lei 11.343\/2006), que cria a figura do usu\u00e1rio (diferenciado do traficante), que \u00e9 alvo de penas mais brandas. Para diferenciar usu\u00e1rios e traficantes, a norma prev\u00ea penas alternativas de presta\u00e7\u00e3o de servi\u00e7os \u00e0 comunidade, advert\u00eancia sobre os efeitos das drogas e comparecimento obrigat\u00f3rio a curso educativo para quem adquirir, transportar ou portar drogas para consumo pessoal.<\/p>\n<p>A lei deixou de prever a pena de pris\u00e3o, mas manteve a criminaliza\u00e7\u00e3o. Dessa forma, usu\u00e1rios de drogas ainda s\u00e3o alvos de inqu\u00e9rito policial e processos judiciais que buscam o cumprimento das penas alternativas.<\/p>\n<p>No caso concreto que motivou o julgamento, a defesa de um condenado pede que o porte de maconha para uso pr\u00f3prio deixe de ser considerado crime. O acusado foi detido com 3\u00a0gramas de maconha.<\/p>\n<p><em>Ag\u00eancia Brasil<\/em><\/p>\n","protected":false},"excerpt":{"rendered":"<p>Julgamento foi retomado nesta tarde com o voto do ministro O ministro Andr\u00e9 Mendon\u00e7a, do<\/p>\n","protected":false},"author":3,"featured_media":42683,"comment_status":"open","ping_status":"open","sticky":false,"template":"","format":"standard","meta":{"footnotes":""},"categories":[3,22],"tags":[21],"class_list":["post-42682","post","type-post","status-publish","format-standard","has-post-thumbnail","hentry","category-destaques","category-justica","tag-drogas"],"yoast_head":"<!-- This site is optimized with the Yoast SEO plugin v27.5 - https:\/\/yoast.com\/product\/yoast-seo-wordpress\/ -->\n<title>Mendon\u00e7a vota contra descriminaliza\u00e7\u00e3o do porte de drogas - Jornal<\/title>\n<meta name=\"description\" content=\"Mendon\u00e7a vota contra descriminaliza\u00e7\u00e3o do porte de drogas\" \/>\n<meta name=\"robots\" content=\"index, follow, max-snippet:-1, max-image-preview:large, max-video-preview:-1\" \/>\n<link rel=\"canonical\" href=\"https:\/\/jornalboasnoticias.com.br\/home\/mendonca-vota-contra-descriminalizacao-do-porte-de-drogas\/\" \/>\n<meta property=\"og:locale\" content=\"pt_BR\" \/>\n<meta property=\"og:type\" content=\"article\" \/>\n<meta property=\"og:title\" content=\"Mendon\u00e7a vota contra descriminaliza\u00e7\u00e3o do porte de drogas - Jornal\" \/>\n<meta property=\"og:description\" content=\"Mendon\u00e7a vota contra descriminaliza\u00e7\u00e3o do porte de drogas\" \/>\n<meta property=\"og:url\" content=\"https:\/\/jornalboasnoticias.com.br\/home\/mendonca-vota-contra-descriminalizacao-do-porte-de-drogas\/\" \/>\n<meta property=\"og:site_name\" content=\"Jornal\" \/>\n<meta property=\"article:publisher\" content=\"https:\/\/www.facebook.com\/boasnoticiasjornal\" \/>\n<meta property=\"article:published_time\" content=\"2024-03-06T21:23:31+00:00\" \/>\n<meta property=\"og:image\" content=\"https:\/\/jornalboasnoticias.com.br\/home\/wp-content\/uploads\/2024\/03\/Mendonca.webp\" \/>\n\t<meta property=\"og:image:width\" content=\"1170\" \/>\n\t<meta property=\"og:image:height\" content=\"700\" \/>\n\t<meta property=\"og:image:type\" content=\"image\/webp\" \/>\n<meta name=\"author\" content=\"Luiz Carlos da Cruz\" \/>\n<meta name=\"twitter:card\" content=\"summary_large_image\" \/>\n<meta name=\"twitter:label1\" content=\"Escrito por\" \/>\n\t<meta name=\"twitter:data1\" content=\"Luiz Carlos da Cruz\" \/>\n\t<meta name=\"twitter:label2\" content=\"Est. tempo de leitura\" \/>\n\t<meta name=\"twitter:data2\" content=\"2 minutos\" \/>\n<script type=\"application\/ld+json\" class=\"yoast-schema-graph\">{\"@context\":\"https:\\\/\\\/schema.org\",\"@graph\":[{\"@type\":\"Article\",\"@id\":\"https:\\\/\\\/jornalboasnoticias.com.br\\\/home\\\/mendonca-vota-contra-descriminalizacao-do-porte-de-drogas\\\/#article\",\"isPartOf\":{\"@id\":\"https:\\\/\\\/jornalboasnoticias.com.br\\\/home\\\/mendonca-vota-contra-descriminalizacao-do-porte-de-drogas\\\/\"},\"author\":{\"name\":\"Luiz Carlos da Cruz\",\"@id\":\"https:\\\/\\\/jornalboasnoticias.com.br\\\/home\\\/#\\\/schema\\\/person\\\/75f9ebde398c998c166475fb446bda62\"},\"headline\":\"Mendon\u00e7a vota contra descriminaliza\u00e7\u00e3o do porte de drogas\",\"datePublished\":\"2024-03-06T21:23:31+00:00\",\"mainEntityOfPage\":{\"@id\":\"https:\\\/\\\/jornalboasnoticias.com.br\\\/home\\\/mendonca-vota-contra-descriminalizacao-do-porte-de-drogas\\\/\"},\"wordCount\":499,\"commentCount\":0,\"publisher\":{\"@id\":\"https:\\\/\\\/jornalboasnoticias.com.br\\\/home\\\/#organization\"},\"image\":{\"@id\":\"https:\\\/\\\/jornalboasnoticias.com.br\\\/home\\\/mendonca-vota-contra-descriminalizacao-do-porte-de-drogas\\\/#primaryimage\"},\"thumbnailUrl\":\"https:\\\/\\\/jornalboasnoticias.com.br\\\/home\\\/wp-content\\\/uploads\\\/2024\\\/03\\\/Mendonca.webp\",\"keywords\":[\"drogas\"],\"articleSection\":[\"DESTAQUE\",\"JUSTI\u00c7A\"],\"inLanguage\":\"pt-BR\",\"potentialAction\":[{\"@type\":\"CommentAction\",\"name\":\"Comment\",\"target\":[\"https:\\\/\\\/jornalboasnoticias.com.br\\\/home\\\/mendonca-vota-contra-descriminalizacao-do-porte-de-drogas\\\/#respond\"]}]},{\"@type\":\"WebPage\",\"@id\":\"https:\\\/\\\/jornalboasnoticias.com.br\\\/home\\\/mendonca-vota-contra-descriminalizacao-do-porte-de-drogas\\\/\",\"url\":\"https:\\\/\\\/jornalboasnoticias.com.br\\\/home\\\/mendonca-vota-contra-descriminalizacao-do-porte-de-drogas\\\/\",\"name\":\"Mendon\u00e7a vota contra descriminaliza\u00e7\u00e3o do porte de drogas - Jornal\",\"isPartOf\":{\"@id\":\"https:\\\/\\\/jornalboasnoticias.com.br\\\/home\\\/#website\"},\"primaryImageOfPage\":{\"@id\":\"https:\\\/\\\/jornalboasnoticias.com.br\\\/home\\\/mendonca-vota-contra-descriminalizacao-do-porte-de-drogas\\\/#primaryimage\"},\"image\":{\"@id\":\"https:\\\/\\\/jornalboasnoticias.com.br\\\/home\\\/mendonca-vota-contra-descriminalizacao-do-porte-de-drogas\\\/#primaryimage\"},\"thumbnailUrl\":\"https:\\\/\\\/jornalboasnoticias.com.br\\\/home\\\/wp-content\\\/uploads\\\/2024\\\/03\\\/Mendonca.webp\",\"datePublished\":\"2024-03-06T21:23:31+00:00\",\"description\":\"Mendon\u00e7a vota contra descriminaliza\u00e7\u00e3o do porte de drogas\",\"breadcrumb\":{\"@id\":\"https:\\\/\\\/jornalboasnoticias.com.br\\\/home\\\/mendonca-vota-contra-descriminalizacao-do-porte-de-drogas\\\/#breadcrumb\"},\"inLanguage\":\"pt-BR\",\"potentialAction\":[{\"@type\":\"ReadAction\",\"target\":[\"https:\\\/\\\/jornalboasnoticias.com.br\\\/home\\\/mendonca-vota-contra-descriminalizacao-do-porte-de-drogas\\\/\"]}]},{\"@type\":\"ImageObject\",\"inLanguage\":\"pt-BR\",\"@id\":\"https:\\\/\\\/jornalboasnoticias.com.br\\\/home\\\/mendonca-vota-contra-descriminalizacao-do-porte-de-drogas\\\/#primaryimage\",\"url\":\"https:\\\/\\\/jornalboasnoticias.com.br\\\/home\\\/wp-content\\\/uploads\\\/2024\\\/03\\\/Mendonca.webp\",\"contentUrl\":\"https:\\\/\\\/jornalboasnoticias.com.br\\\/home\\\/wp-content\\\/uploads\\\/2024\\\/03\\\/Mendonca.webp\",\"width\":1170,\"height\":700},{\"@type\":\"BreadcrumbList\",\"@id\":\"https:\\\/\\\/jornalboasnoticias.com.br\\\/home\\\/mendonca-vota-contra-descriminalizacao-do-porte-de-drogas\\\/#breadcrumb\",\"itemListElement\":[{\"@type\":\"ListItem\",\"position\":1,\"name\":\"In\u00edcio\",\"item\":\"https:\\\/\\\/jornalboasnoticias.com.br\\\/home\\\/\"},{\"@type\":\"ListItem\",\"position\":2,\"name\":\"Mendon\u00e7a vota contra descriminaliza\u00e7\u00e3o do porte de drogas\"}]},{\"@type\":\"WebSite\",\"@id\":\"https:\\\/\\\/jornalboasnoticias.com.br\\\/home\\\/#website\",\"url\":\"https:\\\/\\\/jornalboasnoticias.com.br\\\/home\\\/\",\"name\":\"Jornal Boas Not\u00edcias\",\"description\":\"Boas not\u00edcias\",\"publisher\":{\"@id\":\"https:\\\/\\\/jornalboasnoticias.com.br\\\/home\\\/#organization\"},\"potentialAction\":[{\"@type\":\"SearchAction\",\"target\":{\"@type\":\"EntryPoint\",\"urlTemplate\":\"https:\\\/\\\/jornalboasnoticias.com.br\\\/home\\\/?s={search_term_string}\"},\"query-input\":{\"@type\":\"PropertyValueSpecification\",\"valueRequired\":true,\"valueName\":\"search_term_string\"}}],\"inLanguage\":\"pt-BR\"},{\"@type\":\"Organization\",\"@id\":\"https:\\\/\\\/jornalboasnoticias.com.br\\\/home\\\/#organization\",\"name\":\"Coq Editora Ltda\",\"alternateName\":\"Jornal Boas Noticias\",\"url\":\"https:\\\/\\\/jornalboasnoticias.com.br\\\/home\\\/\",\"logo\":{\"@type\":\"ImageObject\",\"inLanguage\":\"pt-BR\",\"@id\":\"https:\\\/\\\/jornalboasnoticias.com.br\\\/home\\\/#\\\/schema\\\/logo\\\/image\\\/\",\"url\":\"https:\\\/\\\/jornalboasnoticias.com.br\\\/home\\\/wp-content\\\/uploads\\\/2024\\\/07\\\/cropped-logo.jpg\",\"contentUrl\":\"https:\\\/\\\/jornalboasnoticias.com.br\\\/home\\\/wp-content\\\/uploads\\\/2024\\\/07\\\/cropped-logo.jpg\",\"width\":290,\"height\":142,\"caption\":\"Coq Editora Ltda\"},\"image\":{\"@id\":\"https:\\\/\\\/jornalboasnoticias.com.br\\\/home\\\/#\\\/schema\\\/logo\\\/image\\\/\"},\"sameAs\":[\"https:\\\/\\\/www.facebook.com\\\/boasnoticiasjornal\"]},{\"@type\":\"Person\",\"@id\":\"https:\\\/\\\/jornalboasnoticias.com.br\\\/home\\\/#\\\/schema\\\/person\\\/75f9ebde398c998c166475fb446bda62\",\"name\":\"Luiz Carlos da Cruz\",\"image\":{\"@type\":\"ImageObject\",\"inLanguage\":\"pt-BR\",\"@id\":\"https:\\\/\\\/secure.gravatar.com\\\/avatar\\\/e6f4f45301b6cb8572f7b076572e8ac11c1db80e805d8c8d0858cf286ce3ac3b?s=96&d=mm&r=g\",\"url\":\"https:\\\/\\\/secure.gravatar.com\\\/avatar\\\/e6f4f45301b6cb8572f7b076572e8ac11c1db80e805d8c8d0858cf286ce3ac3b?s=96&d=mm&r=g\",\"contentUrl\":\"https:\\\/\\\/secure.gravatar.com\\\/avatar\\\/e6f4f45301b6cb8572f7b076572e8ac11c1db80e805d8c8d0858cf286ce3ac3b?s=96&d=mm&r=g\",\"caption\":\"Luiz Carlos da Cruz\"},\"url\":\"https:\\\/\\\/jornalboasnoticias.com.br\\\/home\\\/author\\\/luiz-carlos-da-cruz\\\/\"}]}<\/script>\n<!-- \/ Yoast SEO plugin. -->","yoast_head_json":{"title":"Mendon\u00e7a vota contra descriminaliza\u00e7\u00e3o do porte de drogas - Jornal","description":"Mendon\u00e7a vota contra descriminaliza\u00e7\u00e3o do porte de drogas","robots":{"index":"index","follow":"follow","max-snippet":"max-snippet:-1","max-image-preview":"max-image-preview:large","max-video-preview":"max-video-preview:-1"},"canonical":"https:\/\/jornalboasnoticias.com.br\/home\/mendonca-vota-contra-descriminalizacao-do-porte-de-drogas\/","og_locale":"pt_BR","og_type":"article","og_title":"Mendon\u00e7a vota contra descriminaliza\u00e7\u00e3o do porte de drogas - Jornal","og_description":"Mendon\u00e7a vota contra descriminaliza\u00e7\u00e3o do porte de drogas","og_url":"https:\/\/jornalboasnoticias.com.br\/home\/mendonca-vota-contra-descriminalizacao-do-porte-de-drogas\/","og_site_name":"Jornal","article_publisher":"https:\/\/www.facebook.com\/boasnoticiasjornal","article_published_time":"2024-03-06T21:23:31+00:00","og_image":[{"width":1170,"height":700,"url":"https:\/\/jornalboasnoticias.com.br\/home\/wp-content\/uploads\/2024\/03\/Mendonca.webp","type":"image\/webp"}],"author":"Luiz Carlos da Cruz","twitter_card":"summary_large_image","twitter_misc":{"Escrito por":"Luiz Carlos da Cruz","Est. tempo de leitura":"2 minutos"},"schema":{"@context":"https:\/\/schema.org","@graph":[{"@type":"Article","@id":"https:\/\/jornalboasnoticias.com.br\/home\/mendonca-vota-contra-descriminalizacao-do-porte-de-drogas\/#article","isPartOf":{"@id":"https:\/\/jornalboasnoticias.com.br\/home\/mendonca-vota-contra-descriminalizacao-do-porte-de-drogas\/"},"author":{"name":"Luiz Carlos da Cruz","@id":"https:\/\/jornalboasnoticias.com.br\/home\/#\/schema\/person\/75f9ebde398c998c166475fb446bda62"},"headline":"Mendon\u00e7a vota contra descriminaliza\u00e7\u00e3o do porte de drogas","datePublished":"2024-03-06T21:23:31+00:00","mainEntityOfPage":{"@id":"https:\/\/jornalboasnoticias.com.br\/home\/mendonca-vota-contra-descriminalizacao-do-porte-de-drogas\/"},"wordCount":499,"commentCount":0,"publisher":{"@id":"https:\/\/jornalboasnoticias.com.br\/home\/#organization"},"image":{"@id":"https:\/\/jornalboasnoticias.com.br\/home\/mendonca-vota-contra-descriminalizacao-do-porte-de-drogas\/#primaryimage"},"thumbnailUrl":"https:\/\/jornalboasnoticias.com.br\/home\/wp-content\/uploads\/2024\/03\/Mendonca.webp","keywords":["drogas"],"articleSection":["DESTAQUE","JUSTI\u00c7A"],"inLanguage":"pt-BR","potentialAction":[{"@type":"CommentAction","name":"Comment","target":["https:\/\/jornalboasnoticias.com.br\/home\/mendonca-vota-contra-descriminalizacao-do-porte-de-drogas\/#respond"]}]},{"@type":"WebPage","@id":"https:\/\/jornalboasnoticias.com.br\/home\/mendonca-vota-contra-descriminalizacao-do-porte-de-drogas\/","url":"https:\/\/jornalboasnoticias.com.br\/home\/mendonca-vota-contra-descriminalizacao-do-porte-de-drogas\/","name":"Mendon\u00e7a vota contra descriminaliza\u00e7\u00e3o do porte de drogas - Jornal","isPartOf":{"@id":"https:\/\/jornalboasnoticias.com.br\/home\/#website"},"primaryImageOfPage":{"@id":"https:\/\/jornalboasnoticias.com.br\/home\/mendonca-vota-contra-descriminalizacao-do-porte-de-drogas\/#primaryimage"},"image":{"@id":"https:\/\/jornalboasnoticias.com.br\/home\/mendonca-vota-contra-descriminalizacao-do-porte-de-drogas\/#primaryimage"},"thumbnailUrl":"https:\/\/jornalboasnoticias.com.br\/home\/wp-content\/uploads\/2024\/03\/Mendonca.webp","datePublished":"2024-03-06T21:23:31+00:00","description":"Mendon\u00e7a vota contra descriminaliza\u00e7\u00e3o do porte de drogas","breadcrumb":{"@id":"https:\/\/jornalboasnoticias.com.br\/home\/mendonca-vota-contra-descriminalizacao-do-porte-de-drogas\/#breadcrumb"},"inLanguage":"pt-BR","potentialAction":[{"@type":"ReadAction","target":["https:\/\/jornalboasnoticias.com.br\/home\/mendonca-vota-contra-descriminalizacao-do-porte-de-drogas\/"]}]},{"@type":"ImageObject","inLanguage":"pt-BR","@id":"https:\/\/jornalboasnoticias.com.br\/home\/mendonca-vota-contra-descriminalizacao-do-porte-de-drogas\/#primaryimage","url":"https:\/\/jornalboasnoticias.com.br\/home\/wp-content\/uploads\/2024\/03\/Mendonca.webp","contentUrl":"https:\/\/jornalboasnoticias.com.br\/home\/wp-content\/uploads\/2024\/03\/Mendonca.webp","width":1170,"height":700},{"@type":"BreadcrumbList","@id":"https:\/\/jornalboasnoticias.com.br\/home\/mendonca-vota-contra-descriminalizacao-do-porte-de-drogas\/#breadcrumb","itemListElement":[{"@type":"ListItem","position":1,"name":"In\u00edcio","item":"https:\/\/jornalboasnoticias.com.br\/home\/"},{"@type":"ListItem","position":2,"name":"Mendon\u00e7a vota contra descriminaliza\u00e7\u00e3o do porte de drogas"}]},{"@type":"WebSite","@id":"https:\/\/jornalboasnoticias.com.br\/home\/#website","url":"https:\/\/jornalboasnoticias.com.br\/home\/","name":"Jornal Boas Not\u00edcias","description":"Boas not\u00edcias","publisher":{"@id":"https:\/\/jornalboasnoticias.com.br\/home\/#organization"},"potentialAction":[{"@type":"SearchAction","target":{"@type":"EntryPoint","urlTemplate":"https:\/\/jornalboasnoticias.com.br\/home\/?s={search_term_string}"},"query-input":{"@type":"PropertyValueSpecification","valueRequired":true,"valueName":"search_term_string"}}],"inLanguage":"pt-BR"},{"@type":"Organization","@id":"https:\/\/jornalboasnoticias.com.br\/home\/#organization","name":"Coq Editora Ltda","alternateName":"Jornal Boas Noticias","url":"https:\/\/jornalboasnoticias.com.br\/home\/","logo":{"@type":"ImageObject","inLanguage":"pt-BR","@id":"https:\/\/jornalboasnoticias.com.br\/home\/#\/schema\/logo\/image\/","url":"https:\/\/jornalboasnoticias.com.br\/home\/wp-content\/uploads\/2024\/07\/cropped-logo.jpg","contentUrl":"https:\/\/jornalboasnoticias.com.br\/home\/wp-content\/uploads\/2024\/07\/cropped-logo.jpg","width":290,"height":142,"caption":"Coq Editora Ltda"},"image":{"@id":"https:\/\/jornalboasnoticias.com.br\/home\/#\/schema\/logo\/image\/"},"sameAs":["https:\/\/www.facebook.com\/boasnoticiasjornal"]},{"@type":"Person","@id":"https:\/\/jornalboasnoticias.com.br\/home\/#\/schema\/person\/75f9ebde398c998c166475fb446bda62","name":"Luiz Carlos da Cruz","image":{"@type":"ImageObject","inLanguage":"pt-BR","@id":"https:\/\/secure.gravatar.com\/avatar\/e6f4f45301b6cb8572f7b076572e8ac11c1db80e805d8c8d0858cf286ce3ac3b?s=96&d=mm&r=g","url":"https:\/\/secure.gravatar.com\/avatar\/e6f4f45301b6cb8572f7b076572e8ac11c1db80e805d8c8d0858cf286ce3ac3b?s=96&d=mm&r=g","contentUrl":"https:\/\/secure.gravatar.com\/avatar\/e6f4f45301b6cb8572f7b076572e8ac11c1db80e805d8c8d0858cf286ce3ac3b?s=96&d=mm&r=g","caption":"Luiz Carlos da Cruz"},"url":"https:\/\/jornalboasnoticias.com.br\/home\/author\/luiz-carlos-da-cruz\/"}]}},"_links":{"self":[{"href":"https:\/\/jornalboasnoticias.com.br\/home\/wp-json\/wp\/v2\/posts\/42682","targetHints":{"allow":["GET"]}}],"collection":[{"href":"https:\/\/jornalboasnoticias.com.br\/home\/wp-json\/wp\/v2\/posts"}],"about":[{"href":"https:\/\/jornalboasnoticias.com.br\/home\/wp-json\/wp\/v2\/types\/post"}],"author":[{"embeddable":true,"href":"https:\/\/jornalboasnoticias.com.br\/home\/wp-json\/wp\/v2\/users\/3"}],"replies":[{"embeddable":true,"href":"https:\/\/jornalboasnoticias.com.br\/home\/wp-json\/wp\/v2\/comments?post=42682"}],"version-history":[{"count":0,"href":"https:\/\/jornalboasnoticias.com.br\/home\/wp-json\/wp\/v2\/posts\/42682\/revisions"}],"wp:featuredmedia":[{"embeddable":true,"href":"https:\/\/jornalboasnoticias.com.br\/home\/wp-json\/wp\/v2\/media\/42683"}],"wp:attachment":[{"href":"https:\/\/jornalboasnoticias.com.br\/home\/wp-json\/wp\/v2\/media?parent=42682"}],"wp:term":[{"taxonomy":"category","embeddable":true,"href":"https:\/\/jornalboasnoticias.com.br\/home\/wp-json\/wp\/v2\/categories?post=42682"},{"taxonomy":"post_tag","embeddable":true,"href":"https:\/\/jornalboasnoticias.com.br\/home\/wp-json\/wp\/v2\/tags?post=42682"}],"curies":[{"name":"wp","href":"https:\/\/api.w.org\/{rel}","templated":true}]}}