{"id":42680,"date":"2024-03-06T18:18:16","date_gmt":"2024-03-06T21:18:16","guid":{"rendered":"https:\/\/www.jornalboasnoticias.com.br\/?p=42680"},"modified":"2024-03-06T18:18:16","modified_gmt":"2024-03-06T21:18:16","slug":"quaest-desaprovacao-do-trabalho-de-lula-entre-os-evangelicos-cresce-e-chega-a-62","status":"publish","type":"post","link":"https:\/\/jornalboasnoticias.com.br\/home\/quaest-desaprovacao-do-trabalho-de-lula-entre-os-evangelicos-cresce-e-chega-a-62\/","title":{"rendered":"Quaest: Desaprova\u00e7\u00e3o do trabalho de Lula entre os evang\u00e9licos cresce e chega a 62%"},"content":{"rendered":"<p class=\"content-head__subtitle\" style=\"text-align: center;\"><strong><em>Aprova\u00e7\u00e3o caiu 6 pontos percentuais e est\u00e1 em 35% entre os evang\u00e9licos. O levantamento ouviu eleitores de 120 munic\u00edpios, entre 25 e 27 de fevereiro. A margem de erro neste recorte \u00e9 de 4 pontos percentuais para mais ou para menos.<\/em><\/strong><\/p>\n<figure id=\"attachment_40312\" aria-describedby=\"caption-attachment-40312\" style=\"width: 1170px\" class=\"wp-caption alignnone\"><img loading=\"lazy\" decoding=\"async\" class=\"size-full wp-image-40312\" src=\"https:\/\/jornalboasnoticias.com.br\/home\/wp-content\/uploads\/2023\/07\/lula.jpeg\" alt=\"\" width=\"1170\" height=\"700\" srcset=\"https:\/\/jornalboasnoticias.com.br\/home\/wp-content\/uploads\/2023\/07\/lula.jpeg 1170w, https:\/\/jornalboasnoticias.com.br\/home\/wp-content\/uploads\/2023\/07\/lula-300x179.jpeg 300w, https:\/\/jornalboasnoticias.com.br\/home\/wp-content\/uploads\/2023\/07\/lula-1024x613.jpeg 1024w, https:\/\/jornalboasnoticias.com.br\/home\/wp-content\/uploads\/2023\/07\/lula-768x459.jpeg 768w\" sizes=\"auto, (max-width: 1170px) 100vw, 1170px\" \/><figcaption id=\"caption-attachment-40312\" class=\"wp-caption-text\">\u00a9 Ricardo Stuckert\/PR<\/figcaption><\/figure>\n<div id=\"chunk-68jeo\">\n<div class=\"mc-column content-text active-extra-styles \" data-block-type=\"unstyled\" data-block-weight=\"42\" data-block-id=\"3\">\n<p class=\" content-text__container \" data-track-category=\"Link no Texto\" data-track-links=\"\" data-mrf-recirculation=\"Article links\">Pesquisa Quaest divulgada nesta quarta-feira (6) indica que,\u00a0<strong>entre os evang\u00e9licos<\/strong>, o \u00edndice de\u00a0<strong>desaprova\u00e7\u00e3o<\/strong>\u00a0do trabalho de Luiz In\u00e1cio\u00a0Lula\u00a0da Silva (PT) \u00e9 de\u00a0<strong>62%<\/strong>. Enquanto isso,\u00a0<strong>35%<\/strong>\u00a0dos entrevistados deste p\u00fablico\u00a0<strong>aprovam<\/strong>\u00a0o trabalho que o presidente est\u00e1 fazendo.<\/p>\n<\/div>\n<\/div>\n<div class=\"wall protected-content\">\n<div id=\"chunk-bd1da\">\n<div class=\"mc-column content-text active-extra-styles \" data-block-type=\"unstyled\" data-block-weight=\"37\" data-block-id=\"5\">\n<p class=\" content-text__container \" data-track-category=\"Link no Texto\" data-track-links=\"\" data-mrf-recirculation=\"Article links\">O levantamento ouviu eleitores de 120 munic\u00edpios, entre os dias 25 e 27 de fevereiro, e foi encomendado pela Genial Investimentos. A margem de erro neste recorte \u00e9 de 4 pontos percentuais para mais ou para menos.<\/p>\n<\/div>\n<\/div>\n<div id=\"chunk-b7ju\">\n<div class=\"mc-column content-text active-extra-styles \" data-block-type=\"unstyled\" data-block-weight=\"36\" data-block-id=\"6\">\n<p class=\" content-text__container \" data-track-category=\"Link no Texto\" data-track-links=\"\" data-mrf-recirculation=\"Article links\">A desaprova\u00e7\u00e3o do trabalho de Lula entre os evang\u00e9licos vem crescendo desde outubro do ano passado, atingindo o maior patamar desde que foi realizada a primeira pesquisa Quaest sobre o atual governo, em fevereiro de 2023.<\/p>\n<\/div>\n<\/div>\n<div id=\"chunk-fg4ul\">\n<div class=\"content-ads content-ads--reveal\" data-block-type=\"ads\" data-block-id=\"7\">Em rela\u00e7\u00e3o ao levantamento anterior, divulgado em dezembro de 2023, a desaprova\u00e7\u00e3o entre os evang\u00e9licos cresceu 6 pontos percentuais, passando de <strong>56%<\/strong>\u00a0para\u00a0<strong>62%<\/strong>. J\u00e1 a aprova\u00e7\u00e3o caiu 6 pontos percentuais, indo de\u00a0<strong>41%<\/strong>\u00a0para\u00a0<strong>35%<\/strong>.<\/div>\n<\/div>\n<div data-block-type=\"ads\" data-block-id=\"7\"><\/div>\n<div data-block-type=\"ads\" data-block-id=\"7\"><em>As informa\u00e7\u00f5es s\u00e3o do Portal G1<\/em><\/div>\n<\/div>\n","protected":false},"excerpt":{"rendered":"<p>Aprova\u00e7\u00e3o caiu 6 pontos percentuais e est\u00e1 em 35% entre os evang\u00e9licos. O levantamento ouviu<\/p>\n","protected":false},"author":3,"featured_media":40312,"comment_status":"open","ping_status":"open","sticky":false,"template":"","format":"standard","meta":{"footnotes":""},"categories":[6,3],"tags":[16,17],"class_list":["post-42680","post","type-post","status-publish","format-standard","has-post-thumbnail","hentry","category-brasil","category-destaques","tag-evangelicos","tag-lula"],"yoast_head":"<!-- This site is optimized with the Yoast SEO plugin v27.5 - https:\/\/yoast.com\/product\/yoast-seo-wordpress\/ -->\n<title>Quaest: Desaprova\u00e7\u00e3o do trabalho de Lula entre os evang\u00e9licos cresce e chega a 62% - Jornal<\/title>\n<meta name=\"description\" content=\"Quaest: Desaprova\u00e7\u00e3o do trabalho de Lula entre os evang\u00e9licos cresce e chega a 62%\" \/>\n<meta name=\"robots\" content=\"index, follow, max-snippet:-1, max-image-preview:large, max-video-preview:-1\" \/>\n<link rel=\"canonical\" href=\"https:\/\/jornalboasnoticias.com.br\/home\/quaest-desaprovacao-do-trabalho-de-lula-entre-os-evangelicos-cresce-e-chega-a-62\/\" \/>\n<meta property=\"og:locale\" content=\"pt_BR\" \/>\n<meta property=\"og:type\" content=\"article\" \/>\n<meta property=\"og:title\" content=\"Quaest: Desaprova\u00e7\u00e3o do trabalho de Lula entre os evang\u00e9licos cresce e chega a 62% - Jornal\" \/>\n<meta property=\"og:description\" content=\"Quaest: Desaprova\u00e7\u00e3o do trabalho de Lula entre os evang\u00e9licos cresce e chega a 62%\" \/>\n<meta property=\"og:url\" content=\"https:\/\/jornalboasnoticias.com.br\/home\/quaest-desaprovacao-do-trabalho-de-lula-entre-os-evangelicos-cresce-e-chega-a-62\/\" \/>\n<meta property=\"og:site_name\" content=\"Jornal\" \/>\n<meta property=\"article:publisher\" content=\"https:\/\/www.facebook.com\/boasnoticiasjornal\" \/>\n<meta property=\"article:published_time\" content=\"2024-03-06T21:18:16+00:00\" \/>\n<meta property=\"og:image\" content=\"https:\/\/jornalboasnoticias.com.br\/home\/wp-content\/uploads\/2023\/07\/lula.jpeg\" \/>\n\t<meta property=\"og:image:width\" content=\"1170\" \/>\n\t<meta property=\"og:image:height\" content=\"700\" \/>\n\t<meta property=\"og:image:type\" content=\"image\/jpeg\" \/>\n<meta name=\"author\" content=\"Luiz Carlos da Cruz\" \/>\n<meta name=\"twitter:card\" content=\"summary_large_image\" \/>\n<meta name=\"twitter:label1\" content=\"Escrito por\" \/>\n\t<meta name=\"twitter:data1\" content=\"Luiz Carlos da Cruz\" \/>\n\t<meta name=\"twitter:label2\" content=\"Est. tempo de leitura\" \/>\n\t<meta name=\"twitter:data2\" content=\"1 minuto\" \/>\n<script type=\"application\/ld+json\" class=\"yoast-schema-graph\">{\"@context\":\"https:\\\/\\\/schema.org\",\"@graph\":[{\"@type\":\"Article\",\"@id\":\"https:\\\/\\\/jornalboasnoticias.com.br\\\/home\\\/quaest-desaprovacao-do-trabalho-de-lula-entre-os-evangelicos-cresce-e-chega-a-62\\\/#article\",\"isPartOf\":{\"@id\":\"https:\\\/\\\/jornalboasnoticias.com.br\\\/home\\\/quaest-desaprovacao-do-trabalho-de-lula-entre-os-evangelicos-cresce-e-chega-a-62\\\/\"},\"author\":{\"name\":\"Luiz Carlos da Cruz\",\"@id\":\"https:\\\/\\\/jornalboasnoticias.com.br\\\/home\\\/#\\\/schema\\\/person\\\/75f9ebde398c998c166475fb446bda62\"},\"headline\":\"Quaest: Desaprova\u00e7\u00e3o do trabalho de Lula entre os evang\u00e9licos cresce e chega a 62%\",\"datePublished\":\"2024-03-06T21:18:16+00:00\",\"mainEntityOfPage\":{\"@id\":\"https:\\\/\\\/jornalboasnoticias.com.br\\\/home\\\/quaest-desaprovacao-do-trabalho-de-lula-entre-os-evangelicos-cresce-e-chega-a-62\\\/\"},\"wordCount\":215,\"commentCount\":0,\"publisher\":{\"@id\":\"https:\\\/\\\/jornalboasnoticias.com.br\\\/home\\\/#organization\"},\"image\":{\"@id\":\"https:\\\/\\\/jornalboasnoticias.com.br\\\/home\\\/quaest-desaprovacao-do-trabalho-de-lula-entre-os-evangelicos-cresce-e-chega-a-62\\\/#primaryimage\"},\"thumbnailUrl\":\"https:\\\/\\\/jornalboasnoticias.com.br\\\/home\\\/wp-content\\\/uploads\\\/2023\\\/07\\\/lula.jpeg\",\"keywords\":[\"evang\u00e9licos\",\"lula\"],\"articleSection\":[\"BRASIL\",\"DESTAQUE\"],\"inLanguage\":\"pt-BR\",\"potentialAction\":[{\"@type\":\"CommentAction\",\"name\":\"Comment\",\"target\":[\"https:\\\/\\\/jornalboasnoticias.com.br\\\/home\\\/quaest-desaprovacao-do-trabalho-de-lula-entre-os-evangelicos-cresce-e-chega-a-62\\\/#respond\"]}]},{\"@type\":\"WebPage\",\"@id\":\"https:\\\/\\\/jornalboasnoticias.com.br\\\/home\\\/quaest-desaprovacao-do-trabalho-de-lula-entre-os-evangelicos-cresce-e-chega-a-62\\\/\",\"url\":\"https:\\\/\\\/jornalboasnoticias.com.br\\\/home\\\/quaest-desaprovacao-do-trabalho-de-lula-entre-os-evangelicos-cresce-e-chega-a-62\\\/\",\"name\":\"Quaest: Desaprova\u00e7\u00e3o do trabalho de Lula entre os evang\u00e9licos cresce e chega a 62% - Jornal\",\"isPartOf\":{\"@id\":\"https:\\\/\\\/jornalboasnoticias.com.br\\\/home\\\/#website\"},\"primaryImageOfPage\":{\"@id\":\"https:\\\/\\\/jornalboasnoticias.com.br\\\/home\\\/quaest-desaprovacao-do-trabalho-de-lula-entre-os-evangelicos-cresce-e-chega-a-62\\\/#primaryimage\"},\"image\":{\"@id\":\"https:\\\/\\\/jornalboasnoticias.com.br\\\/home\\\/quaest-desaprovacao-do-trabalho-de-lula-entre-os-evangelicos-cresce-e-chega-a-62\\\/#primaryimage\"},\"thumbnailUrl\":\"https:\\\/\\\/jornalboasnoticias.com.br\\\/home\\\/wp-content\\\/uploads\\\/2023\\\/07\\\/lula.jpeg\",\"datePublished\":\"2024-03-06T21:18:16+00:00\",\"description\":\"Quaest: Desaprova\u00e7\u00e3o do trabalho de Lula entre os evang\u00e9licos cresce e chega a 62%\",\"breadcrumb\":{\"@id\":\"https:\\\/\\\/jornalboasnoticias.com.br\\\/home\\\/quaest-desaprovacao-do-trabalho-de-lula-entre-os-evangelicos-cresce-e-chega-a-62\\\/#breadcrumb\"},\"inLanguage\":\"pt-BR\",\"potentialAction\":[{\"@type\":\"ReadAction\",\"target\":[\"https:\\\/\\\/jornalboasnoticias.com.br\\\/home\\\/quaest-desaprovacao-do-trabalho-de-lula-entre-os-evangelicos-cresce-e-chega-a-62\\\/\"]}]},{\"@type\":\"ImageObject\",\"inLanguage\":\"pt-BR\",\"@id\":\"https:\\\/\\\/jornalboasnoticias.com.br\\\/home\\\/quaest-desaprovacao-do-trabalho-de-lula-entre-os-evangelicos-cresce-e-chega-a-62\\\/#primaryimage\",\"url\":\"https:\\\/\\\/jornalboasnoticias.com.br\\\/home\\\/wp-content\\\/uploads\\\/2023\\\/07\\\/lula.jpeg\",\"contentUrl\":\"https:\\\/\\\/jornalboasnoticias.com.br\\\/home\\\/wp-content\\\/uploads\\\/2023\\\/07\\\/lula.jpeg\",\"width\":1170,\"height\":700,\"caption\":\"\u00a9 Ricardo Stuckert\\\/PR\"},{\"@type\":\"BreadcrumbList\",\"@id\":\"https:\\\/\\\/jornalboasnoticias.com.br\\\/home\\\/quaest-desaprovacao-do-trabalho-de-lula-entre-os-evangelicos-cresce-e-chega-a-62\\\/#breadcrumb\",\"itemListElement\":[{\"@type\":\"ListItem\",\"position\":1,\"name\":\"In\u00edcio\",\"item\":\"https:\\\/\\\/jornalboasnoticias.com.br\\\/home\\\/\"},{\"@type\":\"ListItem\",\"position\":2,\"name\":\"Quaest: Desaprova\u00e7\u00e3o do trabalho de Lula entre os evang\u00e9licos cresce e chega a 62%\"}]},{\"@type\":\"WebSite\",\"@id\":\"https:\\\/\\\/jornalboasnoticias.com.br\\\/home\\\/#website\",\"url\":\"https:\\\/\\\/jornalboasnoticias.com.br\\\/home\\\/\",\"name\":\"Jornal Boas Not\u00edcias\",\"description\":\"Boas not\u00edcias\",\"publisher\":{\"@id\":\"https:\\\/\\\/jornalboasnoticias.com.br\\\/home\\\/#organization\"},\"potentialAction\":[{\"@type\":\"SearchAction\",\"target\":{\"@type\":\"EntryPoint\",\"urlTemplate\":\"https:\\\/\\\/jornalboasnoticias.com.br\\\/home\\\/?s={search_term_string}\"},\"query-input\":{\"@type\":\"PropertyValueSpecification\",\"valueRequired\":true,\"valueName\":\"search_term_string\"}}],\"inLanguage\":\"pt-BR\"},{\"@type\":\"Organization\",\"@id\":\"https:\\\/\\\/jornalboasnoticias.com.br\\\/home\\\/#organization\",\"name\":\"Coq Editora Ltda\",\"alternateName\":\"Jornal Boas Noticias\",\"url\":\"https:\\\/\\\/jornalboasnoticias.com.br\\\/home\\\/\",\"logo\":{\"@type\":\"ImageObject\",\"inLanguage\":\"pt-BR\",\"@id\":\"https:\\\/\\\/jornalboasnoticias.com.br\\\/home\\\/#\\\/schema\\\/logo\\\/image\\\/\",\"url\":\"https:\\\/\\\/jornalboasnoticias.com.br\\\/home\\\/wp-content\\\/uploads\\\/2024\\\/07\\\/cropped-logo.jpg\",\"contentUrl\":\"https:\\\/\\\/jornalboasnoticias.com.br\\\/home\\\/wp-content\\\/uploads\\\/2024\\\/07\\\/cropped-logo.jpg\",\"width\":290,\"height\":142,\"caption\":\"Coq Editora Ltda\"},\"image\":{\"@id\":\"https:\\\/\\\/jornalboasnoticias.com.br\\\/home\\\/#\\\/schema\\\/logo\\\/image\\\/\"},\"sameAs\":[\"https:\\\/\\\/www.facebook.com\\\/boasnoticiasjornal\"]},{\"@type\":\"Person\",\"@id\":\"https:\\\/\\\/jornalboasnoticias.com.br\\\/home\\\/#\\\/schema\\\/person\\\/75f9ebde398c998c166475fb446bda62\",\"name\":\"Luiz Carlos da Cruz\",\"image\":{\"@type\":\"ImageObject\",\"inLanguage\":\"pt-BR\",\"@id\":\"https:\\\/\\\/secure.gravatar.com\\\/avatar\\\/e6f4f45301b6cb8572f7b076572e8ac11c1db80e805d8c8d0858cf286ce3ac3b?s=96&d=mm&r=g\",\"url\":\"https:\\\/\\\/secure.gravatar.com\\\/avatar\\\/e6f4f45301b6cb8572f7b076572e8ac11c1db80e805d8c8d0858cf286ce3ac3b?s=96&d=mm&r=g\",\"contentUrl\":\"https:\\\/\\\/secure.gravatar.com\\\/avatar\\\/e6f4f45301b6cb8572f7b076572e8ac11c1db80e805d8c8d0858cf286ce3ac3b?s=96&d=mm&r=g\",\"caption\":\"Luiz Carlos da Cruz\"},\"url\":\"https:\\\/\\\/jornalboasnoticias.com.br\\\/home\\\/author\\\/luiz-carlos-da-cruz\\\/\"}]}<\/script>\n<!-- \/ Yoast SEO plugin. -->","yoast_head_json":{"title":"Quaest: Desaprova\u00e7\u00e3o do trabalho de Lula entre os evang\u00e9licos cresce e chega a 62% - Jornal","description":"Quaest: Desaprova\u00e7\u00e3o do trabalho de Lula entre os evang\u00e9licos cresce e chega a 62%","robots":{"index":"index","follow":"follow","max-snippet":"max-snippet:-1","max-image-preview":"max-image-preview:large","max-video-preview":"max-video-preview:-1"},"canonical":"https:\/\/jornalboasnoticias.com.br\/home\/quaest-desaprovacao-do-trabalho-de-lula-entre-os-evangelicos-cresce-e-chega-a-62\/","og_locale":"pt_BR","og_type":"article","og_title":"Quaest: Desaprova\u00e7\u00e3o do trabalho de Lula entre os evang\u00e9licos cresce e chega a 62% - Jornal","og_description":"Quaest: Desaprova\u00e7\u00e3o do trabalho de Lula entre os evang\u00e9licos cresce e chega a 62%","og_url":"https:\/\/jornalboasnoticias.com.br\/home\/quaest-desaprovacao-do-trabalho-de-lula-entre-os-evangelicos-cresce-e-chega-a-62\/","og_site_name":"Jornal","article_publisher":"https:\/\/www.facebook.com\/boasnoticiasjornal","article_published_time":"2024-03-06T21:18:16+00:00","og_image":[{"width":1170,"height":700,"url":"https:\/\/jornalboasnoticias.com.br\/home\/wp-content\/uploads\/2023\/07\/lula.jpeg","type":"image\/jpeg"}],"author":"Luiz Carlos da Cruz","twitter_card":"summary_large_image","twitter_misc":{"Escrito por":"Luiz Carlos da Cruz","Est. tempo de leitura":"1 minuto"},"schema":{"@context":"https:\/\/schema.org","@graph":[{"@type":"Article","@id":"https:\/\/jornalboasnoticias.com.br\/home\/quaest-desaprovacao-do-trabalho-de-lula-entre-os-evangelicos-cresce-e-chega-a-62\/#article","isPartOf":{"@id":"https:\/\/jornalboasnoticias.com.br\/home\/quaest-desaprovacao-do-trabalho-de-lula-entre-os-evangelicos-cresce-e-chega-a-62\/"},"author":{"name":"Luiz Carlos da Cruz","@id":"https:\/\/jornalboasnoticias.com.br\/home\/#\/schema\/person\/75f9ebde398c998c166475fb446bda62"},"headline":"Quaest: Desaprova\u00e7\u00e3o do trabalho de Lula entre os evang\u00e9licos cresce e chega a 62%","datePublished":"2024-03-06T21:18:16+00:00","mainEntityOfPage":{"@id":"https:\/\/jornalboasnoticias.com.br\/home\/quaest-desaprovacao-do-trabalho-de-lula-entre-os-evangelicos-cresce-e-chega-a-62\/"},"wordCount":215,"commentCount":0,"publisher":{"@id":"https:\/\/jornalboasnoticias.com.br\/home\/#organization"},"image":{"@id":"https:\/\/jornalboasnoticias.com.br\/home\/quaest-desaprovacao-do-trabalho-de-lula-entre-os-evangelicos-cresce-e-chega-a-62\/#primaryimage"},"thumbnailUrl":"https:\/\/jornalboasnoticias.com.br\/home\/wp-content\/uploads\/2023\/07\/lula.jpeg","keywords":["evang\u00e9licos","lula"],"articleSection":["BRASIL","DESTAQUE"],"inLanguage":"pt-BR","potentialAction":[{"@type":"CommentAction","name":"Comment","target":["https:\/\/jornalboasnoticias.com.br\/home\/quaest-desaprovacao-do-trabalho-de-lula-entre-os-evangelicos-cresce-e-chega-a-62\/#respond"]}]},{"@type":"WebPage","@id":"https:\/\/jornalboasnoticias.com.br\/home\/quaest-desaprovacao-do-trabalho-de-lula-entre-os-evangelicos-cresce-e-chega-a-62\/","url":"https:\/\/jornalboasnoticias.com.br\/home\/quaest-desaprovacao-do-trabalho-de-lula-entre-os-evangelicos-cresce-e-chega-a-62\/","name":"Quaest: Desaprova\u00e7\u00e3o do trabalho de Lula entre os evang\u00e9licos cresce e chega a 62% - Jornal","isPartOf":{"@id":"https:\/\/jornalboasnoticias.com.br\/home\/#website"},"primaryImageOfPage":{"@id":"https:\/\/jornalboasnoticias.com.br\/home\/quaest-desaprovacao-do-trabalho-de-lula-entre-os-evangelicos-cresce-e-chega-a-62\/#primaryimage"},"image":{"@id":"https:\/\/jornalboasnoticias.com.br\/home\/quaest-desaprovacao-do-trabalho-de-lula-entre-os-evangelicos-cresce-e-chega-a-62\/#primaryimage"},"thumbnailUrl":"https:\/\/jornalboasnoticias.com.br\/home\/wp-content\/uploads\/2023\/07\/lula.jpeg","datePublished":"2024-03-06T21:18:16+00:00","description":"Quaest: Desaprova\u00e7\u00e3o do trabalho de Lula entre os evang\u00e9licos cresce e chega a 62%","breadcrumb":{"@id":"https:\/\/jornalboasnoticias.com.br\/home\/quaest-desaprovacao-do-trabalho-de-lula-entre-os-evangelicos-cresce-e-chega-a-62\/#breadcrumb"},"inLanguage":"pt-BR","potentialAction":[{"@type":"ReadAction","target":["https:\/\/jornalboasnoticias.com.br\/home\/quaest-desaprovacao-do-trabalho-de-lula-entre-os-evangelicos-cresce-e-chega-a-62\/"]}]},{"@type":"ImageObject","inLanguage":"pt-BR","@id":"https:\/\/jornalboasnoticias.com.br\/home\/quaest-desaprovacao-do-trabalho-de-lula-entre-os-evangelicos-cresce-e-chega-a-62\/#primaryimage","url":"https:\/\/jornalboasnoticias.com.br\/home\/wp-content\/uploads\/2023\/07\/lula.jpeg","contentUrl":"https:\/\/jornalboasnoticias.com.br\/home\/wp-content\/uploads\/2023\/07\/lula.jpeg","width":1170,"height":700,"caption":"\u00a9 Ricardo Stuckert\/PR"},{"@type":"BreadcrumbList","@id":"https:\/\/jornalboasnoticias.com.br\/home\/quaest-desaprovacao-do-trabalho-de-lula-entre-os-evangelicos-cresce-e-chega-a-62\/#breadcrumb","itemListElement":[{"@type":"ListItem","position":1,"name":"In\u00edcio","item":"https:\/\/jornalboasnoticias.com.br\/home\/"},{"@type":"ListItem","position":2,"name":"Quaest: Desaprova\u00e7\u00e3o do trabalho de Lula entre os evang\u00e9licos cresce e chega a 62%"}]},{"@type":"WebSite","@id":"https:\/\/jornalboasnoticias.com.br\/home\/#website","url":"https:\/\/jornalboasnoticias.com.br\/home\/","name":"Jornal Boas Not\u00edcias","description":"Boas not\u00edcias","publisher":{"@id":"https:\/\/jornalboasnoticias.com.br\/home\/#organization"},"potentialAction":[{"@type":"SearchAction","target":{"@type":"EntryPoint","urlTemplate":"https:\/\/jornalboasnoticias.com.br\/home\/?s={search_term_string}"},"query-input":{"@type":"PropertyValueSpecification","valueRequired":true,"valueName":"search_term_string"}}],"inLanguage":"pt-BR"},{"@type":"Organization","@id":"https:\/\/jornalboasnoticias.com.br\/home\/#organization","name":"Coq Editora Ltda","alternateName":"Jornal Boas Noticias","url":"https:\/\/jornalboasnoticias.com.br\/home\/","logo":{"@type":"ImageObject","inLanguage":"pt-BR","@id":"https:\/\/jornalboasnoticias.com.br\/home\/#\/schema\/logo\/image\/","url":"https:\/\/jornalboasnoticias.com.br\/home\/wp-content\/uploads\/2024\/07\/cropped-logo.jpg","contentUrl":"https:\/\/jornalboasnoticias.com.br\/home\/wp-content\/uploads\/2024\/07\/cropped-logo.jpg","width":290,"height":142,"caption":"Coq Editora Ltda"},"image":{"@id":"https:\/\/jornalboasnoticias.com.br\/home\/#\/schema\/logo\/image\/"},"sameAs":["https:\/\/www.facebook.com\/boasnoticiasjornal"]},{"@type":"Person","@id":"https:\/\/jornalboasnoticias.com.br\/home\/#\/schema\/person\/75f9ebde398c998c166475fb446bda62","name":"Luiz Carlos da Cruz","image":{"@type":"ImageObject","inLanguage":"pt-BR","@id":"https:\/\/secure.gravatar.com\/avatar\/e6f4f45301b6cb8572f7b076572e8ac11c1db80e805d8c8d0858cf286ce3ac3b?s=96&d=mm&r=g","url":"https:\/\/secure.gravatar.com\/avatar\/e6f4f45301b6cb8572f7b076572e8ac11c1db80e805d8c8d0858cf286ce3ac3b?s=96&d=mm&r=g","contentUrl":"https:\/\/secure.gravatar.com\/avatar\/e6f4f45301b6cb8572f7b076572e8ac11c1db80e805d8c8d0858cf286ce3ac3b?s=96&d=mm&r=g","caption":"Luiz Carlos da Cruz"},"url":"https:\/\/jornalboasnoticias.com.br\/home\/author\/luiz-carlos-da-cruz\/"}]}},"_links":{"self":[{"href":"https:\/\/jornalboasnoticias.com.br\/home\/wp-json\/wp\/v2\/posts\/42680","targetHints":{"allow":["GET"]}}],"collection":[{"href":"https:\/\/jornalboasnoticias.com.br\/home\/wp-json\/wp\/v2\/posts"}],"about":[{"href":"https:\/\/jornalboasnoticias.com.br\/home\/wp-json\/wp\/v2\/types\/post"}],"author":[{"embeddable":true,"href":"https:\/\/jornalboasnoticias.com.br\/home\/wp-json\/wp\/v2\/users\/3"}],"replies":[{"embeddable":true,"href":"https:\/\/jornalboasnoticias.com.br\/home\/wp-json\/wp\/v2\/comments?post=42680"}],"version-history":[{"count":0,"href":"https:\/\/jornalboasnoticias.com.br\/home\/wp-json\/wp\/v2\/posts\/42680\/revisions"}],"wp:featuredmedia":[{"embeddable":true,"href":"https:\/\/jornalboasnoticias.com.br\/home\/wp-json\/wp\/v2\/media\/40312"}],"wp:attachment":[{"href":"https:\/\/jornalboasnoticias.com.br\/home\/wp-json\/wp\/v2\/media?parent=42680"}],"wp:term":[{"taxonomy":"category","embeddable":true,"href":"https:\/\/jornalboasnoticias.com.br\/home\/wp-json\/wp\/v2\/categories?post=42680"},{"taxonomy":"post_tag","embeddable":true,"href":"https:\/\/jornalboasnoticias.com.br\/home\/wp-json\/wp\/v2\/tags?post=42680"}],"curies":[{"name":"wp","href":"https:\/\/api.w.org\/{rel}","templated":true}]}}