{"id":42676,"date":"2024-02-25T20:09:54","date_gmt":"2024-02-25T23:09:54","guid":{"rendered":"https:\/\/www.jornalboasnoticias.com.br\/?p=42676"},"modified":"2024-02-25T20:09:54","modified_gmt":"2024-02-25T23:09:54","slug":"quem-e-aymee-rocha-cantora-que-viralizou-com-musica-sobre-exploracao-infantil-em-marajo","status":"publish","type":"post","link":"https:\/\/jornalboasnoticias.com.br\/home\/quem-e-aymee-rocha-cantora-que-viralizou-com-musica-sobre-exploracao-infantil-em-marajo\/","title":{"rendered":"Quem \u00e9 Ayme\u00ea Rocha, cantora que viralizou com m\u00fasica sobre explora\u00e7\u00e3o infantil em Maraj\u00f3"},"content":{"rendered":"<p class=\"bigode\" style=\"text-align: center;\"><strong><em>A artista crist\u00e3, de 28 anos, \u00e9 compositora da can\u00e7\u00e3o &#8216;Evangelho de Fariseus&#8217;<\/em><\/strong><\/p>\n<p><img loading=\"lazy\" decoding=\"async\" class=\"alignnone size-full wp-image-42677\" src=\"https:\/\/jornalboasnoticias.com.br\/home\/wp-content\/uploads\/2024\/02\/aymee.webp\" alt=\"\" width=\"750\" height=\"375\" srcset=\"https:\/\/jornalboasnoticias.com.br\/home\/wp-content\/uploads\/2024\/02\/aymee.webp 750w, https:\/\/jornalboasnoticias.com.br\/home\/wp-content\/uploads\/2024\/02\/aymee-300x150.webp 300w\" sizes=\"auto, (max-width: 750px) 100vw, 750px\" \/><\/p>\n<p>Nos \u00faltimos dias,\u00a0o nome da cantora Ayme\u00ea Rocha viralizou nas redes sociais,\u00a0ap\u00f3s um v\u00eddeo de sua apresenta\u00e7\u00e3o na semifinal do\u00a0Dom Reality, show de talentos que tem como objetivo de revelar novos artistas evang\u00e9licos.<\/p>\n<p>Na ocasi\u00e3o,\u00a0a artista soltou a voz e emocionou o time de jurados e o p\u00fablico com a can\u00e7\u00e3o\u00a0\u2018Evangelho de Fariseus\u2019, que faz uma reflex\u00e3o sobre v\u00e1rios problemas na sociedade, e\u00a0trouxe men\u00e7\u00e3o \u00e0 Ilha do Maraj\u00f3, localizada nas proximidades de Bel\u00e9m, no Par\u00e1,\u00a0onde crian\u00e7as s\u00e3o v\u00edtima de crimes, como prostitui\u00e7\u00e3o infantil e tr\u00e1fico de \u00f3rg\u00e3os, al\u00e9m de cr\u00edticas \u00e0 igreja brasileira sobre a forma em que a situa\u00e7\u00e3o \u00e9 ocultada.<\/p>\n<p>Com a forte repercuss\u00e3o da can\u00e7\u00e3o de Ayme\u00ea Rocha,\u00a0a cantora crist\u00e3 atingiu a marca de 1 milh\u00e3o de seguidores no Instagram, e\u00a0abriu margem para uma discuss\u00e3o necess\u00e1ria entre os internautas pelos in\u00fameros crimes que ocorrem na Ilha do Maraj\u00f3.<\/p>\n<p>Mas afinal, quem \u00e9 Ayme\u00ea Rocha?<\/p>\n<p>Ayme\u00ea Rocha possui 28 anos, \u00e9 natural de Bel\u00e9m, no Par\u00e1, e atualmente mora em Reden\u00e7\u00e3o, no sul do estado, onde trabalha como cantora e compositora crist\u00e3, e \u00e9 congrega em um igreja evang\u00e9lica da regi\u00e3o.<\/p>\n<p>Com mais de 200 composi\u00e7\u00f5es, ela ganhou notoriedade\u00a0desde que foi anunciada\u00a0como participante do reality show\u00a0Dom Reality, em novembro de 2023, e se tornou finalista.\u00a0Em suas redes sociais, Ayme\u00ea compartilha mais sobre sua paix\u00e3o pela m\u00fasica, natureza, animais, dan\u00e7a, e pelo Brasil.<\/p>\n<p><em>As informa\u00e7\u00f5es s\u00e3o do Jornal O Tempo<\/em><\/p>\n","protected":false},"excerpt":{"rendered":"<p>A artista crist\u00e3, de 28 anos, \u00e9 compositora da can\u00e7\u00e3o &#8216;Evangelho de Fariseus&#8217; Nos \u00faltimos<\/p>\n","protected":false},"author":3,"featured_media":42677,"comment_status":"open","ping_status":"open","sticky":false,"template":"","format":"standard","meta":{"footnotes":""},"categories":[3,18],"tags":[],"class_list":["post-42676","post","type-post","status-publish","format-standard","has-post-thumbnail","hentry","category-destaques","category-musica"],"yoast_head":"<!-- This site is optimized with the Yoast SEO plugin v27.5 - https:\/\/yoast.com\/product\/yoast-seo-wordpress\/ -->\n<title>Quem \u00e9 Ayme\u00ea Rocha, cantora que viralizou com m\u00fasica sobre explora\u00e7\u00e3o infantil em Maraj\u00f3 - Jornal<\/title>\n<meta name=\"description\" content=\"Quem \u00e9 Ayme\u00ea Rocha, cantora que viralizou com m\u00fasica sobre explora\u00e7\u00e3o infantil em Maraj\u00f3\" \/>\n<meta name=\"robots\" content=\"index, follow, max-snippet:-1, max-image-preview:large, max-video-preview:-1\" \/>\n<link rel=\"canonical\" href=\"https:\/\/jornalboasnoticias.com.br\/home\/quem-e-aymee-rocha-cantora-que-viralizou-com-musica-sobre-exploracao-infantil-em-marajo\/\" \/>\n<meta property=\"og:locale\" content=\"pt_BR\" \/>\n<meta property=\"og:type\" content=\"article\" \/>\n<meta property=\"og:title\" content=\"Quem \u00e9 Ayme\u00ea Rocha, cantora que viralizou com m\u00fasica sobre explora\u00e7\u00e3o infantil em Maraj\u00f3 - Jornal\" \/>\n<meta property=\"og:description\" content=\"Quem \u00e9 Ayme\u00ea Rocha, cantora que viralizou com m\u00fasica sobre explora\u00e7\u00e3o infantil em Maraj\u00f3\" \/>\n<meta property=\"og:url\" content=\"https:\/\/jornalboasnoticias.com.br\/home\/quem-e-aymee-rocha-cantora-que-viralizou-com-musica-sobre-exploracao-infantil-em-marajo\/\" \/>\n<meta property=\"og:site_name\" content=\"Jornal\" \/>\n<meta property=\"article:publisher\" content=\"https:\/\/www.facebook.com\/boasnoticiasjornal\" \/>\n<meta property=\"article:published_time\" content=\"2024-02-25T23:09:54+00:00\" \/>\n<meta property=\"og:image\" content=\"https:\/\/jornalboasnoticias.com.br\/home\/wp-content\/uploads\/2024\/02\/aymee.webp\" \/>\n\t<meta property=\"og:image:width\" content=\"750\" \/>\n\t<meta property=\"og:image:height\" content=\"375\" \/>\n\t<meta property=\"og:image:type\" content=\"image\/webp\" \/>\n<meta name=\"author\" content=\"Luiz Carlos da Cruz\" \/>\n<meta name=\"twitter:card\" content=\"summary_large_image\" \/>\n<meta name=\"twitter:label1\" content=\"Escrito por\" \/>\n\t<meta name=\"twitter:data1\" content=\"Luiz Carlos da Cruz\" \/>\n\t<meta name=\"twitter:label2\" content=\"Est. tempo de leitura\" \/>\n\t<meta name=\"twitter:data2\" content=\"1 minuto\" \/>\n<script type=\"application\/ld+json\" class=\"yoast-schema-graph\">{\"@context\":\"https:\\\/\\\/schema.org\",\"@graph\":[{\"@type\":\"Article\",\"@id\":\"https:\\\/\\\/jornalboasnoticias.com.br\\\/home\\\/quem-e-aymee-rocha-cantora-que-viralizou-com-musica-sobre-exploracao-infantil-em-marajo\\\/#article\",\"isPartOf\":{\"@id\":\"https:\\\/\\\/jornalboasnoticias.com.br\\\/home\\\/quem-e-aymee-rocha-cantora-que-viralizou-com-musica-sobre-exploracao-infantil-em-marajo\\\/\"},\"author\":{\"name\":\"Luiz Carlos da Cruz\",\"@id\":\"https:\\\/\\\/jornalboasnoticias.com.br\\\/home\\\/#\\\/schema\\\/person\\\/75f9ebde398c998c166475fb446bda62\"},\"headline\":\"Quem \u00e9 Ayme\u00ea Rocha, cantora que viralizou com m\u00fasica sobre explora\u00e7\u00e3o infantil em Maraj\u00f3\",\"datePublished\":\"2024-02-25T23:09:54+00:00\",\"mainEntityOfPage\":{\"@id\":\"https:\\\/\\\/jornalboasnoticias.com.br\\\/home\\\/quem-e-aymee-rocha-cantora-que-viralizou-com-musica-sobre-exploracao-infantil-em-marajo\\\/\"},\"wordCount\":297,\"commentCount\":0,\"publisher\":{\"@id\":\"https:\\\/\\\/jornalboasnoticias.com.br\\\/home\\\/#organization\"},\"image\":{\"@id\":\"https:\\\/\\\/jornalboasnoticias.com.br\\\/home\\\/quem-e-aymee-rocha-cantora-que-viralizou-com-musica-sobre-exploracao-infantil-em-marajo\\\/#primaryimage\"},\"thumbnailUrl\":\"https:\\\/\\\/jornalboasnoticias.com.br\\\/home\\\/wp-content\\\/uploads\\\/2024\\\/02\\\/aymee.webp\",\"articleSection\":[\"DESTAQUE\",\"M\u00daSICA\"],\"inLanguage\":\"pt-BR\",\"potentialAction\":[{\"@type\":\"CommentAction\",\"name\":\"Comment\",\"target\":[\"https:\\\/\\\/jornalboasnoticias.com.br\\\/home\\\/quem-e-aymee-rocha-cantora-que-viralizou-com-musica-sobre-exploracao-infantil-em-marajo\\\/#respond\"]}]},{\"@type\":\"WebPage\",\"@id\":\"https:\\\/\\\/jornalboasnoticias.com.br\\\/home\\\/quem-e-aymee-rocha-cantora-que-viralizou-com-musica-sobre-exploracao-infantil-em-marajo\\\/\",\"url\":\"https:\\\/\\\/jornalboasnoticias.com.br\\\/home\\\/quem-e-aymee-rocha-cantora-que-viralizou-com-musica-sobre-exploracao-infantil-em-marajo\\\/\",\"name\":\"Quem \u00e9 Ayme\u00ea Rocha, cantora que viralizou com m\u00fasica sobre explora\u00e7\u00e3o infantil em Maraj\u00f3 - Jornal\",\"isPartOf\":{\"@id\":\"https:\\\/\\\/jornalboasnoticias.com.br\\\/home\\\/#website\"},\"primaryImageOfPage\":{\"@id\":\"https:\\\/\\\/jornalboasnoticias.com.br\\\/home\\\/quem-e-aymee-rocha-cantora-que-viralizou-com-musica-sobre-exploracao-infantil-em-marajo\\\/#primaryimage\"},\"image\":{\"@id\":\"https:\\\/\\\/jornalboasnoticias.com.br\\\/home\\\/quem-e-aymee-rocha-cantora-que-viralizou-com-musica-sobre-exploracao-infantil-em-marajo\\\/#primaryimage\"},\"thumbnailUrl\":\"https:\\\/\\\/jornalboasnoticias.com.br\\\/home\\\/wp-content\\\/uploads\\\/2024\\\/02\\\/aymee.webp\",\"datePublished\":\"2024-02-25T23:09:54+00:00\",\"description\":\"Quem \u00e9 Ayme\u00ea Rocha, cantora que viralizou com m\u00fasica sobre explora\u00e7\u00e3o infantil em Maraj\u00f3\",\"breadcrumb\":{\"@id\":\"https:\\\/\\\/jornalboasnoticias.com.br\\\/home\\\/quem-e-aymee-rocha-cantora-que-viralizou-com-musica-sobre-exploracao-infantil-em-marajo\\\/#breadcrumb\"},\"inLanguage\":\"pt-BR\",\"potentialAction\":[{\"@type\":\"ReadAction\",\"target\":[\"https:\\\/\\\/jornalboasnoticias.com.br\\\/home\\\/quem-e-aymee-rocha-cantora-que-viralizou-com-musica-sobre-exploracao-infantil-em-marajo\\\/\"]}]},{\"@type\":\"ImageObject\",\"inLanguage\":\"pt-BR\",\"@id\":\"https:\\\/\\\/jornalboasnoticias.com.br\\\/home\\\/quem-e-aymee-rocha-cantora-que-viralizou-com-musica-sobre-exploracao-infantil-em-marajo\\\/#primaryimage\",\"url\":\"https:\\\/\\\/jornalboasnoticias.com.br\\\/home\\\/wp-content\\\/uploads\\\/2024\\\/02\\\/aymee.webp\",\"contentUrl\":\"https:\\\/\\\/jornalboasnoticias.com.br\\\/home\\\/wp-content\\\/uploads\\\/2024\\\/02\\\/aymee.webp\",\"width\":750,\"height\":375},{\"@type\":\"BreadcrumbList\",\"@id\":\"https:\\\/\\\/jornalboasnoticias.com.br\\\/home\\\/quem-e-aymee-rocha-cantora-que-viralizou-com-musica-sobre-exploracao-infantil-em-marajo\\\/#breadcrumb\",\"itemListElement\":[{\"@type\":\"ListItem\",\"position\":1,\"name\":\"In\u00edcio\",\"item\":\"https:\\\/\\\/jornalboasnoticias.com.br\\\/home\\\/\"},{\"@type\":\"ListItem\",\"position\":2,\"name\":\"Quem \u00e9 Ayme\u00ea Rocha, cantora que viralizou com m\u00fasica sobre explora\u00e7\u00e3o infantil em Maraj\u00f3\"}]},{\"@type\":\"WebSite\",\"@id\":\"https:\\\/\\\/jornalboasnoticias.com.br\\\/home\\\/#website\",\"url\":\"https:\\\/\\\/jornalboasnoticias.com.br\\\/home\\\/\",\"name\":\"Jornal Boas Not\u00edcias\",\"description\":\"Boas not\u00edcias\",\"publisher\":{\"@id\":\"https:\\\/\\\/jornalboasnoticias.com.br\\\/home\\\/#organization\"},\"potentialAction\":[{\"@type\":\"SearchAction\",\"target\":{\"@type\":\"EntryPoint\",\"urlTemplate\":\"https:\\\/\\\/jornalboasnoticias.com.br\\\/home\\\/?s={search_term_string}\"},\"query-input\":{\"@type\":\"PropertyValueSpecification\",\"valueRequired\":true,\"valueName\":\"search_term_string\"}}],\"inLanguage\":\"pt-BR\"},{\"@type\":\"Organization\",\"@id\":\"https:\\\/\\\/jornalboasnoticias.com.br\\\/home\\\/#organization\",\"name\":\"Coq Editora Ltda\",\"alternateName\":\"Jornal Boas Noticias\",\"url\":\"https:\\\/\\\/jornalboasnoticias.com.br\\\/home\\\/\",\"logo\":{\"@type\":\"ImageObject\",\"inLanguage\":\"pt-BR\",\"@id\":\"https:\\\/\\\/jornalboasnoticias.com.br\\\/home\\\/#\\\/schema\\\/logo\\\/image\\\/\",\"url\":\"https:\\\/\\\/jornalboasnoticias.com.br\\\/home\\\/wp-content\\\/uploads\\\/2024\\\/07\\\/cropped-logo.jpg\",\"contentUrl\":\"https:\\\/\\\/jornalboasnoticias.com.br\\\/home\\\/wp-content\\\/uploads\\\/2024\\\/07\\\/cropped-logo.jpg\",\"width\":290,\"height\":142,\"caption\":\"Coq Editora Ltda\"},\"image\":{\"@id\":\"https:\\\/\\\/jornalboasnoticias.com.br\\\/home\\\/#\\\/schema\\\/logo\\\/image\\\/\"},\"sameAs\":[\"https:\\\/\\\/www.facebook.com\\\/boasnoticiasjornal\"]},{\"@type\":\"Person\",\"@id\":\"https:\\\/\\\/jornalboasnoticias.com.br\\\/home\\\/#\\\/schema\\\/person\\\/75f9ebde398c998c166475fb446bda62\",\"name\":\"Luiz Carlos da Cruz\",\"image\":{\"@type\":\"ImageObject\",\"inLanguage\":\"pt-BR\",\"@id\":\"https:\\\/\\\/secure.gravatar.com\\\/avatar\\\/e6f4f45301b6cb8572f7b076572e8ac11c1db80e805d8c8d0858cf286ce3ac3b?s=96&d=mm&r=g\",\"url\":\"https:\\\/\\\/secure.gravatar.com\\\/avatar\\\/e6f4f45301b6cb8572f7b076572e8ac11c1db80e805d8c8d0858cf286ce3ac3b?s=96&d=mm&r=g\",\"contentUrl\":\"https:\\\/\\\/secure.gravatar.com\\\/avatar\\\/e6f4f45301b6cb8572f7b076572e8ac11c1db80e805d8c8d0858cf286ce3ac3b?s=96&d=mm&r=g\",\"caption\":\"Luiz Carlos da Cruz\"},\"url\":\"https:\\\/\\\/jornalboasnoticias.com.br\\\/home\\\/author\\\/luiz-carlos-da-cruz\\\/\"}]}<\/script>\n<!-- \/ Yoast SEO plugin. -->","yoast_head_json":{"title":"Quem \u00e9 Ayme\u00ea Rocha, cantora que viralizou com m\u00fasica sobre explora\u00e7\u00e3o infantil em Maraj\u00f3 - Jornal","description":"Quem \u00e9 Ayme\u00ea Rocha, cantora que viralizou com m\u00fasica sobre explora\u00e7\u00e3o infantil em Maraj\u00f3","robots":{"index":"index","follow":"follow","max-snippet":"max-snippet:-1","max-image-preview":"max-image-preview:large","max-video-preview":"max-video-preview:-1"},"canonical":"https:\/\/jornalboasnoticias.com.br\/home\/quem-e-aymee-rocha-cantora-que-viralizou-com-musica-sobre-exploracao-infantil-em-marajo\/","og_locale":"pt_BR","og_type":"article","og_title":"Quem \u00e9 Ayme\u00ea Rocha, cantora que viralizou com m\u00fasica sobre explora\u00e7\u00e3o infantil em Maraj\u00f3 - Jornal","og_description":"Quem \u00e9 Ayme\u00ea Rocha, cantora que viralizou com m\u00fasica sobre explora\u00e7\u00e3o infantil em Maraj\u00f3","og_url":"https:\/\/jornalboasnoticias.com.br\/home\/quem-e-aymee-rocha-cantora-que-viralizou-com-musica-sobre-exploracao-infantil-em-marajo\/","og_site_name":"Jornal","article_publisher":"https:\/\/www.facebook.com\/boasnoticiasjornal","article_published_time":"2024-02-25T23:09:54+00:00","og_image":[{"width":750,"height":375,"url":"https:\/\/jornalboasnoticias.com.br\/home\/wp-content\/uploads\/2024\/02\/aymee.webp","type":"image\/webp"}],"author":"Luiz Carlos da Cruz","twitter_card":"summary_large_image","twitter_misc":{"Escrito por":"Luiz Carlos da Cruz","Est. tempo de leitura":"1 minuto"},"schema":{"@context":"https:\/\/schema.org","@graph":[{"@type":"Article","@id":"https:\/\/jornalboasnoticias.com.br\/home\/quem-e-aymee-rocha-cantora-que-viralizou-com-musica-sobre-exploracao-infantil-em-marajo\/#article","isPartOf":{"@id":"https:\/\/jornalboasnoticias.com.br\/home\/quem-e-aymee-rocha-cantora-que-viralizou-com-musica-sobre-exploracao-infantil-em-marajo\/"},"author":{"name":"Luiz Carlos da Cruz","@id":"https:\/\/jornalboasnoticias.com.br\/home\/#\/schema\/person\/75f9ebde398c998c166475fb446bda62"},"headline":"Quem \u00e9 Ayme\u00ea Rocha, cantora que viralizou com m\u00fasica sobre explora\u00e7\u00e3o infantil em Maraj\u00f3","datePublished":"2024-02-25T23:09:54+00:00","mainEntityOfPage":{"@id":"https:\/\/jornalboasnoticias.com.br\/home\/quem-e-aymee-rocha-cantora-que-viralizou-com-musica-sobre-exploracao-infantil-em-marajo\/"},"wordCount":297,"commentCount":0,"publisher":{"@id":"https:\/\/jornalboasnoticias.com.br\/home\/#organization"},"image":{"@id":"https:\/\/jornalboasnoticias.com.br\/home\/quem-e-aymee-rocha-cantora-que-viralizou-com-musica-sobre-exploracao-infantil-em-marajo\/#primaryimage"},"thumbnailUrl":"https:\/\/jornalboasnoticias.com.br\/home\/wp-content\/uploads\/2024\/02\/aymee.webp","articleSection":["DESTAQUE","M\u00daSICA"],"inLanguage":"pt-BR","potentialAction":[{"@type":"CommentAction","name":"Comment","target":["https:\/\/jornalboasnoticias.com.br\/home\/quem-e-aymee-rocha-cantora-que-viralizou-com-musica-sobre-exploracao-infantil-em-marajo\/#respond"]}]},{"@type":"WebPage","@id":"https:\/\/jornalboasnoticias.com.br\/home\/quem-e-aymee-rocha-cantora-que-viralizou-com-musica-sobre-exploracao-infantil-em-marajo\/","url":"https:\/\/jornalboasnoticias.com.br\/home\/quem-e-aymee-rocha-cantora-que-viralizou-com-musica-sobre-exploracao-infantil-em-marajo\/","name":"Quem \u00e9 Ayme\u00ea Rocha, cantora que viralizou com m\u00fasica sobre explora\u00e7\u00e3o infantil em Maraj\u00f3 - Jornal","isPartOf":{"@id":"https:\/\/jornalboasnoticias.com.br\/home\/#website"},"primaryImageOfPage":{"@id":"https:\/\/jornalboasnoticias.com.br\/home\/quem-e-aymee-rocha-cantora-que-viralizou-com-musica-sobre-exploracao-infantil-em-marajo\/#primaryimage"},"image":{"@id":"https:\/\/jornalboasnoticias.com.br\/home\/quem-e-aymee-rocha-cantora-que-viralizou-com-musica-sobre-exploracao-infantil-em-marajo\/#primaryimage"},"thumbnailUrl":"https:\/\/jornalboasnoticias.com.br\/home\/wp-content\/uploads\/2024\/02\/aymee.webp","datePublished":"2024-02-25T23:09:54+00:00","description":"Quem \u00e9 Ayme\u00ea Rocha, cantora que viralizou com m\u00fasica sobre explora\u00e7\u00e3o infantil em Maraj\u00f3","breadcrumb":{"@id":"https:\/\/jornalboasnoticias.com.br\/home\/quem-e-aymee-rocha-cantora-que-viralizou-com-musica-sobre-exploracao-infantil-em-marajo\/#breadcrumb"},"inLanguage":"pt-BR","potentialAction":[{"@type":"ReadAction","target":["https:\/\/jornalboasnoticias.com.br\/home\/quem-e-aymee-rocha-cantora-que-viralizou-com-musica-sobre-exploracao-infantil-em-marajo\/"]}]},{"@type":"ImageObject","inLanguage":"pt-BR","@id":"https:\/\/jornalboasnoticias.com.br\/home\/quem-e-aymee-rocha-cantora-que-viralizou-com-musica-sobre-exploracao-infantil-em-marajo\/#primaryimage","url":"https:\/\/jornalboasnoticias.com.br\/home\/wp-content\/uploads\/2024\/02\/aymee.webp","contentUrl":"https:\/\/jornalboasnoticias.com.br\/home\/wp-content\/uploads\/2024\/02\/aymee.webp","width":750,"height":375},{"@type":"BreadcrumbList","@id":"https:\/\/jornalboasnoticias.com.br\/home\/quem-e-aymee-rocha-cantora-que-viralizou-com-musica-sobre-exploracao-infantil-em-marajo\/#breadcrumb","itemListElement":[{"@type":"ListItem","position":1,"name":"In\u00edcio","item":"https:\/\/jornalboasnoticias.com.br\/home\/"},{"@type":"ListItem","position":2,"name":"Quem \u00e9 Ayme\u00ea Rocha, cantora que viralizou com m\u00fasica sobre explora\u00e7\u00e3o infantil em Maraj\u00f3"}]},{"@type":"WebSite","@id":"https:\/\/jornalboasnoticias.com.br\/home\/#website","url":"https:\/\/jornalboasnoticias.com.br\/home\/","name":"Jornal Boas Not\u00edcias","description":"Boas not\u00edcias","publisher":{"@id":"https:\/\/jornalboasnoticias.com.br\/home\/#organization"},"potentialAction":[{"@type":"SearchAction","target":{"@type":"EntryPoint","urlTemplate":"https:\/\/jornalboasnoticias.com.br\/home\/?s={search_term_string}"},"query-input":{"@type":"PropertyValueSpecification","valueRequired":true,"valueName":"search_term_string"}}],"inLanguage":"pt-BR"},{"@type":"Organization","@id":"https:\/\/jornalboasnoticias.com.br\/home\/#organization","name":"Coq Editora Ltda","alternateName":"Jornal Boas Noticias","url":"https:\/\/jornalboasnoticias.com.br\/home\/","logo":{"@type":"ImageObject","inLanguage":"pt-BR","@id":"https:\/\/jornalboasnoticias.com.br\/home\/#\/schema\/logo\/image\/","url":"https:\/\/jornalboasnoticias.com.br\/home\/wp-content\/uploads\/2024\/07\/cropped-logo.jpg","contentUrl":"https:\/\/jornalboasnoticias.com.br\/home\/wp-content\/uploads\/2024\/07\/cropped-logo.jpg","width":290,"height":142,"caption":"Coq Editora Ltda"},"image":{"@id":"https:\/\/jornalboasnoticias.com.br\/home\/#\/schema\/logo\/image\/"},"sameAs":["https:\/\/www.facebook.com\/boasnoticiasjornal"]},{"@type":"Person","@id":"https:\/\/jornalboasnoticias.com.br\/home\/#\/schema\/person\/75f9ebde398c998c166475fb446bda62","name":"Luiz Carlos da Cruz","image":{"@type":"ImageObject","inLanguage":"pt-BR","@id":"https:\/\/secure.gravatar.com\/avatar\/e6f4f45301b6cb8572f7b076572e8ac11c1db80e805d8c8d0858cf286ce3ac3b?s=96&d=mm&r=g","url":"https:\/\/secure.gravatar.com\/avatar\/e6f4f45301b6cb8572f7b076572e8ac11c1db80e805d8c8d0858cf286ce3ac3b?s=96&d=mm&r=g","contentUrl":"https:\/\/secure.gravatar.com\/avatar\/e6f4f45301b6cb8572f7b076572e8ac11c1db80e805d8c8d0858cf286ce3ac3b?s=96&d=mm&r=g","caption":"Luiz Carlos da Cruz"},"url":"https:\/\/jornalboasnoticias.com.br\/home\/author\/luiz-carlos-da-cruz\/"}]}},"_links":{"self":[{"href":"https:\/\/jornalboasnoticias.com.br\/home\/wp-json\/wp\/v2\/posts\/42676","targetHints":{"allow":["GET"]}}],"collection":[{"href":"https:\/\/jornalboasnoticias.com.br\/home\/wp-json\/wp\/v2\/posts"}],"about":[{"href":"https:\/\/jornalboasnoticias.com.br\/home\/wp-json\/wp\/v2\/types\/post"}],"author":[{"embeddable":true,"href":"https:\/\/jornalboasnoticias.com.br\/home\/wp-json\/wp\/v2\/users\/3"}],"replies":[{"embeddable":true,"href":"https:\/\/jornalboasnoticias.com.br\/home\/wp-json\/wp\/v2\/comments?post=42676"}],"version-history":[{"count":0,"href":"https:\/\/jornalboasnoticias.com.br\/home\/wp-json\/wp\/v2\/posts\/42676\/revisions"}],"wp:featuredmedia":[{"embeddable":true,"href":"https:\/\/jornalboasnoticias.com.br\/home\/wp-json\/wp\/v2\/media\/42677"}],"wp:attachment":[{"href":"https:\/\/jornalboasnoticias.com.br\/home\/wp-json\/wp\/v2\/media?parent=42676"}],"wp:term":[{"taxonomy":"category","embeddable":true,"href":"https:\/\/jornalboasnoticias.com.br\/home\/wp-json\/wp\/v2\/categories?post=42676"},{"taxonomy":"post_tag","embeddable":true,"href":"https:\/\/jornalboasnoticias.com.br\/home\/wp-json\/wp\/v2\/tags?post=42676"}],"curies":[{"name":"wp","href":"https:\/\/api.w.org\/{rel}","templated":true}]}}