{"id":42673,"date":"2024-02-25T19:32:43","date_gmt":"2024-02-25T22:32:43","guid":{"rendered":"https:\/\/www.jornalboasnoticias.com.br\/?p=42673"},"modified":"2024-02-25T19:32:43","modified_gmt":"2024-02-25T22:32:43","slug":"pastor-silas-malafaia-critica-stf-e-tse-durante-manifestacao-na-avenida-paulista","status":"publish","type":"post","link":"https:\/\/jornalboasnoticias.com.br\/home\/pastor-silas-malafaia-critica-stf-e-tse-durante-manifestacao-na-avenida-paulista\/","title":{"rendered":"Pastor Silas Malafaia critica STF e TSE durante manifesta\u00e7\u00e3o na Avenida Paulista"},"content":{"rendered":"<figure id=\"attachment_42674\" aria-describedby=\"caption-attachment-42674\" style=\"width: 1000px\" class=\"wp-caption alignnone\"><img loading=\"lazy\" decoding=\"async\" class=\"wp-image-42674 size-full\" src=\"https:\/\/jornalboasnoticias.com.br\/home\/wp-content\/uploads\/2024\/02\/paulista.jpg\" alt=\"\" width=\"1000\" height=\"666\" srcset=\"https:\/\/jornalboasnoticias.com.br\/home\/wp-content\/uploads\/2024\/02\/paulista.jpg 1000w, https:\/\/jornalboasnoticias.com.br\/home\/wp-content\/uploads\/2024\/02\/paulista-300x200.jpg 300w, https:\/\/jornalboasnoticias.com.br\/home\/wp-content\/uploads\/2024\/02\/paulista-768x511.jpg 768w\" sizes=\"auto, (max-width: 1000px) 100vw, 1000px\" \/><figcaption id=\"caption-attachment-42674\" class=\"wp-caption-text\">Foto: Reprodu\u00e7\u00e3o\/Facebook\/Silas Malafaia<\/figcaption><\/figure>\n<p>No domingo (25), durante um ato na Avenida Paulista, em S\u00e3o Paulo, em apoio ao ex-presidente Jair Bolsonaro (PL), o pastor Silas Malafaia, um dos organizadores do evento, proferiu cr\u00edticas contundentes tanto ao Supremo Tribunal Federal (STF) quanto ao Tribunal Superior Eleitoral (TSE). Em seu discurso, Malafaia dirigiu cr\u00edticas especialmente ao ministro Alexandre de Moraes, do STF, al\u00e9m de fazer insinua\u00e7\u00f5es sobre um poss\u00edvel envolvimento do presidente Lula (PT) no ataque ocorrido em 8 de janeiro de 2023, organizado por apoiadores de Bolsonaro.<\/p>\n<p>Durante o evento, que reuniu uma consider\u00e1vel multid\u00e3o de apoiadores, o pastor Malafaia aproveitou o palco para expressar sua insatisfa\u00e7\u00e3o com as institui\u00e7\u00f5es judiciais, levantando quest\u00f5es sobre a imparcialidade e a conduta dos ministros do STF e do TSE. Em particular, Malafaia destacou o papel do ministro Alexandre de Moraes, que tem sido alvo frequente de cr\u00edticas por parte de bolsonaristas e de setores conservadores.<\/p>\n<p>Al\u00e9m disso, em um momento de seu discurso, Malafaia fez insinua\u00e7\u00f5es sugerindo uma poss\u00edvel implica\u00e7\u00e3o do presidente Lula no ataque ocorrido em janeiro de 2023, atribu\u00eddo a bolsonaristas. Essas insinua\u00e7\u00f5es refletem a persistente polariza\u00e7\u00e3o pol\u00edtica e as tens\u00f5es que permeiam o cen\u00e1rio nacional, especialmente em rela\u00e7\u00e3o \u00e0s disputas entre apoiadores de Bolsonaro e seus opositores.<\/p>\n<p>O evento na Avenida Paulista foi marcado por discursos inflamados e manifesta\u00e7\u00f5es de apoio ao ex-presidente Bolsonaro, revelando a complexidade e a intensidade das divis\u00f5es pol\u00edticas que atualmente caracterizam o Brasil.<\/p>\n","protected":false},"excerpt":{"rendered":"<p>No domingo (25), durante um ato na Avenida Paulista, em S\u00e3o Paulo, em apoio ao<\/p>\n","protected":false},"author":3,"featured_media":42674,"comment_status":"open","ping_status":"open","sticky":false,"template":"","format":"standard","meta":{"footnotes":""},"categories":[6,3],"tags":[],"class_list":["post-42673","post","type-post","status-publish","format-standard","has-post-thumbnail","hentry","category-brasil","category-destaques"],"yoast_head":"<!-- This site is optimized with the Yoast SEO plugin v27.5 - https:\/\/yoast.com\/product\/yoast-seo-wordpress\/ -->\n<title>Pastor Silas Malafaia critica STF e TSE durante manifesta\u00e7\u00e3o na Avenida Paulista - Jornal<\/title>\n<meta name=\"description\" content=\"Pastor Silas Malafaia critica STF e TSE durante manifesta\u00e7\u00e3o na Avenida Paulista\" \/>\n<meta name=\"robots\" content=\"index, follow, max-snippet:-1, max-image-preview:large, max-video-preview:-1\" \/>\n<link rel=\"canonical\" href=\"https:\/\/jornalboasnoticias.com.br\/home\/pastor-silas-malafaia-critica-stf-e-tse-durante-manifestacao-na-avenida-paulista\/\" \/>\n<meta property=\"og:locale\" content=\"pt_BR\" \/>\n<meta property=\"og:type\" content=\"article\" \/>\n<meta property=\"og:title\" content=\"Pastor Silas Malafaia critica STF e TSE durante manifesta\u00e7\u00e3o na Avenida Paulista - Jornal\" \/>\n<meta property=\"og:description\" content=\"Pastor Silas Malafaia critica STF e TSE durante manifesta\u00e7\u00e3o na Avenida Paulista\" \/>\n<meta property=\"og:url\" content=\"https:\/\/jornalboasnoticias.com.br\/home\/pastor-silas-malafaia-critica-stf-e-tse-durante-manifestacao-na-avenida-paulista\/\" \/>\n<meta property=\"og:site_name\" content=\"Jornal\" \/>\n<meta property=\"article:publisher\" content=\"https:\/\/www.facebook.com\/boasnoticiasjornal\" \/>\n<meta property=\"article:published_time\" content=\"2024-02-25T22:32:43+00:00\" \/>\n<meta property=\"og:image\" content=\"https:\/\/jornalboasnoticias.com.br\/home\/wp-content\/uploads\/2024\/02\/paulista.jpg\" \/>\n\t<meta property=\"og:image:width\" content=\"1000\" \/>\n\t<meta property=\"og:image:height\" content=\"666\" \/>\n\t<meta property=\"og:image:type\" content=\"image\/jpeg\" \/>\n<meta name=\"author\" content=\"Luiz Carlos da Cruz\" \/>\n<meta name=\"twitter:card\" content=\"summary_large_image\" \/>\n<meta name=\"twitter:label1\" content=\"Escrito por\" \/>\n\t<meta name=\"twitter:data1\" content=\"Luiz Carlos da Cruz\" \/>\n\t<meta name=\"twitter:label2\" content=\"Est. tempo de leitura\" \/>\n\t<meta name=\"twitter:data2\" content=\"1 minuto\" \/>\n<script type=\"application\/ld+json\" class=\"yoast-schema-graph\">{\"@context\":\"https:\\\/\\\/schema.org\",\"@graph\":[{\"@type\":\"Article\",\"@id\":\"https:\\\/\\\/jornalboasnoticias.com.br\\\/home\\\/pastor-silas-malafaia-critica-stf-e-tse-durante-manifestacao-na-avenida-paulista\\\/#article\",\"isPartOf\":{\"@id\":\"https:\\\/\\\/jornalboasnoticias.com.br\\\/home\\\/pastor-silas-malafaia-critica-stf-e-tse-durante-manifestacao-na-avenida-paulista\\\/\"},\"author\":{\"name\":\"Luiz Carlos da Cruz\",\"@id\":\"https:\\\/\\\/jornalboasnoticias.com.br\\\/home\\\/#\\\/schema\\\/person\\\/75f9ebde398c998c166475fb446bda62\"},\"headline\":\"Pastor Silas Malafaia critica STF e TSE durante manifesta\u00e7\u00e3o na Avenida Paulista\",\"datePublished\":\"2024-02-25T22:32:43+00:00\",\"mainEntityOfPage\":{\"@id\":\"https:\\\/\\\/jornalboasnoticias.com.br\\\/home\\\/pastor-silas-malafaia-critica-stf-e-tse-durante-manifestacao-na-avenida-paulista\\\/\"},\"wordCount\":282,\"commentCount\":0,\"publisher\":{\"@id\":\"https:\\\/\\\/jornalboasnoticias.com.br\\\/home\\\/#organization\"},\"image\":{\"@id\":\"https:\\\/\\\/jornalboasnoticias.com.br\\\/home\\\/pastor-silas-malafaia-critica-stf-e-tse-durante-manifestacao-na-avenida-paulista\\\/#primaryimage\"},\"thumbnailUrl\":\"https:\\\/\\\/jornalboasnoticias.com.br\\\/home\\\/wp-content\\\/uploads\\\/2024\\\/02\\\/paulista.jpg\",\"articleSection\":[\"BRASIL\",\"DESTAQUE\"],\"inLanguage\":\"pt-BR\",\"potentialAction\":[{\"@type\":\"CommentAction\",\"name\":\"Comment\",\"target\":[\"https:\\\/\\\/jornalboasnoticias.com.br\\\/home\\\/pastor-silas-malafaia-critica-stf-e-tse-durante-manifestacao-na-avenida-paulista\\\/#respond\"]}]},{\"@type\":\"WebPage\",\"@id\":\"https:\\\/\\\/jornalboasnoticias.com.br\\\/home\\\/pastor-silas-malafaia-critica-stf-e-tse-durante-manifestacao-na-avenida-paulista\\\/\",\"url\":\"https:\\\/\\\/jornalboasnoticias.com.br\\\/home\\\/pastor-silas-malafaia-critica-stf-e-tse-durante-manifestacao-na-avenida-paulista\\\/\",\"name\":\"Pastor Silas Malafaia critica STF e TSE durante manifesta\u00e7\u00e3o na Avenida Paulista - Jornal\",\"isPartOf\":{\"@id\":\"https:\\\/\\\/jornalboasnoticias.com.br\\\/home\\\/#website\"},\"primaryImageOfPage\":{\"@id\":\"https:\\\/\\\/jornalboasnoticias.com.br\\\/home\\\/pastor-silas-malafaia-critica-stf-e-tse-durante-manifestacao-na-avenida-paulista\\\/#primaryimage\"},\"image\":{\"@id\":\"https:\\\/\\\/jornalboasnoticias.com.br\\\/home\\\/pastor-silas-malafaia-critica-stf-e-tse-durante-manifestacao-na-avenida-paulista\\\/#primaryimage\"},\"thumbnailUrl\":\"https:\\\/\\\/jornalboasnoticias.com.br\\\/home\\\/wp-content\\\/uploads\\\/2024\\\/02\\\/paulista.jpg\",\"datePublished\":\"2024-02-25T22:32:43+00:00\",\"description\":\"Pastor Silas Malafaia critica STF e TSE durante manifesta\u00e7\u00e3o na Avenida Paulista\",\"breadcrumb\":{\"@id\":\"https:\\\/\\\/jornalboasnoticias.com.br\\\/home\\\/pastor-silas-malafaia-critica-stf-e-tse-durante-manifestacao-na-avenida-paulista\\\/#breadcrumb\"},\"inLanguage\":\"pt-BR\",\"potentialAction\":[{\"@type\":\"ReadAction\",\"target\":[\"https:\\\/\\\/jornalboasnoticias.com.br\\\/home\\\/pastor-silas-malafaia-critica-stf-e-tse-durante-manifestacao-na-avenida-paulista\\\/\"]}]},{\"@type\":\"ImageObject\",\"inLanguage\":\"pt-BR\",\"@id\":\"https:\\\/\\\/jornalboasnoticias.com.br\\\/home\\\/pastor-silas-malafaia-critica-stf-e-tse-durante-manifestacao-na-avenida-paulista\\\/#primaryimage\",\"url\":\"https:\\\/\\\/jornalboasnoticias.com.br\\\/home\\\/wp-content\\\/uploads\\\/2024\\\/02\\\/paulista.jpg\",\"contentUrl\":\"https:\\\/\\\/jornalboasnoticias.com.br\\\/home\\\/wp-content\\\/uploads\\\/2024\\\/02\\\/paulista.jpg\",\"width\":1000,\"height\":666},{\"@type\":\"BreadcrumbList\",\"@id\":\"https:\\\/\\\/jornalboasnoticias.com.br\\\/home\\\/pastor-silas-malafaia-critica-stf-e-tse-durante-manifestacao-na-avenida-paulista\\\/#breadcrumb\",\"itemListElement\":[{\"@type\":\"ListItem\",\"position\":1,\"name\":\"In\u00edcio\",\"item\":\"https:\\\/\\\/jornalboasnoticias.com.br\\\/home\\\/\"},{\"@type\":\"ListItem\",\"position\":2,\"name\":\"Pastor Silas Malafaia critica STF e TSE durante manifesta\u00e7\u00e3o na Avenida Paulista\"}]},{\"@type\":\"WebSite\",\"@id\":\"https:\\\/\\\/jornalboasnoticias.com.br\\\/home\\\/#website\",\"url\":\"https:\\\/\\\/jornalboasnoticias.com.br\\\/home\\\/\",\"name\":\"Jornal Boas Not\u00edcias\",\"description\":\"Boas not\u00edcias\",\"publisher\":{\"@id\":\"https:\\\/\\\/jornalboasnoticias.com.br\\\/home\\\/#organization\"},\"potentialAction\":[{\"@type\":\"SearchAction\",\"target\":{\"@type\":\"EntryPoint\",\"urlTemplate\":\"https:\\\/\\\/jornalboasnoticias.com.br\\\/home\\\/?s={search_term_string}\"},\"query-input\":{\"@type\":\"PropertyValueSpecification\",\"valueRequired\":true,\"valueName\":\"search_term_string\"}}],\"inLanguage\":\"pt-BR\"},{\"@type\":\"Organization\",\"@id\":\"https:\\\/\\\/jornalboasnoticias.com.br\\\/home\\\/#organization\",\"name\":\"Coq Editora Ltda\",\"alternateName\":\"Jornal Boas Noticias\",\"url\":\"https:\\\/\\\/jornalboasnoticias.com.br\\\/home\\\/\",\"logo\":{\"@type\":\"ImageObject\",\"inLanguage\":\"pt-BR\",\"@id\":\"https:\\\/\\\/jornalboasnoticias.com.br\\\/home\\\/#\\\/schema\\\/logo\\\/image\\\/\",\"url\":\"https:\\\/\\\/jornalboasnoticias.com.br\\\/home\\\/wp-content\\\/uploads\\\/2024\\\/07\\\/cropped-logo.jpg\",\"contentUrl\":\"https:\\\/\\\/jornalboasnoticias.com.br\\\/home\\\/wp-content\\\/uploads\\\/2024\\\/07\\\/cropped-logo.jpg\",\"width\":290,\"height\":142,\"caption\":\"Coq Editora Ltda\"},\"image\":{\"@id\":\"https:\\\/\\\/jornalboasnoticias.com.br\\\/home\\\/#\\\/schema\\\/logo\\\/image\\\/\"},\"sameAs\":[\"https:\\\/\\\/www.facebook.com\\\/boasnoticiasjornal\"]},{\"@type\":\"Person\",\"@id\":\"https:\\\/\\\/jornalboasnoticias.com.br\\\/home\\\/#\\\/schema\\\/person\\\/75f9ebde398c998c166475fb446bda62\",\"name\":\"Luiz Carlos da Cruz\",\"image\":{\"@type\":\"ImageObject\",\"inLanguage\":\"pt-BR\",\"@id\":\"https:\\\/\\\/secure.gravatar.com\\\/avatar\\\/e6f4f45301b6cb8572f7b076572e8ac11c1db80e805d8c8d0858cf286ce3ac3b?s=96&d=mm&r=g\",\"url\":\"https:\\\/\\\/secure.gravatar.com\\\/avatar\\\/e6f4f45301b6cb8572f7b076572e8ac11c1db80e805d8c8d0858cf286ce3ac3b?s=96&d=mm&r=g\",\"contentUrl\":\"https:\\\/\\\/secure.gravatar.com\\\/avatar\\\/e6f4f45301b6cb8572f7b076572e8ac11c1db80e805d8c8d0858cf286ce3ac3b?s=96&d=mm&r=g\",\"caption\":\"Luiz Carlos da Cruz\"},\"url\":\"https:\\\/\\\/jornalboasnoticias.com.br\\\/home\\\/author\\\/luiz-carlos-da-cruz\\\/\"}]}<\/script>\n<!-- \/ Yoast SEO plugin. -->","yoast_head_json":{"title":"Pastor Silas Malafaia critica STF e TSE durante manifesta\u00e7\u00e3o na Avenida Paulista - Jornal","description":"Pastor Silas Malafaia critica STF e TSE durante manifesta\u00e7\u00e3o na Avenida Paulista","robots":{"index":"index","follow":"follow","max-snippet":"max-snippet:-1","max-image-preview":"max-image-preview:large","max-video-preview":"max-video-preview:-1"},"canonical":"https:\/\/jornalboasnoticias.com.br\/home\/pastor-silas-malafaia-critica-stf-e-tse-durante-manifestacao-na-avenida-paulista\/","og_locale":"pt_BR","og_type":"article","og_title":"Pastor Silas Malafaia critica STF e TSE durante manifesta\u00e7\u00e3o na Avenida Paulista - Jornal","og_description":"Pastor Silas Malafaia critica STF e TSE durante manifesta\u00e7\u00e3o na Avenida Paulista","og_url":"https:\/\/jornalboasnoticias.com.br\/home\/pastor-silas-malafaia-critica-stf-e-tse-durante-manifestacao-na-avenida-paulista\/","og_site_name":"Jornal","article_publisher":"https:\/\/www.facebook.com\/boasnoticiasjornal","article_published_time":"2024-02-25T22:32:43+00:00","og_image":[{"width":1000,"height":666,"url":"https:\/\/jornalboasnoticias.com.br\/home\/wp-content\/uploads\/2024\/02\/paulista.jpg","type":"image\/jpeg"}],"author":"Luiz Carlos da Cruz","twitter_card":"summary_large_image","twitter_misc":{"Escrito por":"Luiz Carlos da Cruz","Est. tempo de leitura":"1 minuto"},"schema":{"@context":"https:\/\/schema.org","@graph":[{"@type":"Article","@id":"https:\/\/jornalboasnoticias.com.br\/home\/pastor-silas-malafaia-critica-stf-e-tse-durante-manifestacao-na-avenida-paulista\/#article","isPartOf":{"@id":"https:\/\/jornalboasnoticias.com.br\/home\/pastor-silas-malafaia-critica-stf-e-tse-durante-manifestacao-na-avenida-paulista\/"},"author":{"name":"Luiz Carlos da Cruz","@id":"https:\/\/jornalboasnoticias.com.br\/home\/#\/schema\/person\/75f9ebde398c998c166475fb446bda62"},"headline":"Pastor Silas Malafaia critica STF e TSE durante manifesta\u00e7\u00e3o na Avenida Paulista","datePublished":"2024-02-25T22:32:43+00:00","mainEntityOfPage":{"@id":"https:\/\/jornalboasnoticias.com.br\/home\/pastor-silas-malafaia-critica-stf-e-tse-durante-manifestacao-na-avenida-paulista\/"},"wordCount":282,"commentCount":0,"publisher":{"@id":"https:\/\/jornalboasnoticias.com.br\/home\/#organization"},"image":{"@id":"https:\/\/jornalboasnoticias.com.br\/home\/pastor-silas-malafaia-critica-stf-e-tse-durante-manifestacao-na-avenida-paulista\/#primaryimage"},"thumbnailUrl":"https:\/\/jornalboasnoticias.com.br\/home\/wp-content\/uploads\/2024\/02\/paulista.jpg","articleSection":["BRASIL","DESTAQUE"],"inLanguage":"pt-BR","potentialAction":[{"@type":"CommentAction","name":"Comment","target":["https:\/\/jornalboasnoticias.com.br\/home\/pastor-silas-malafaia-critica-stf-e-tse-durante-manifestacao-na-avenida-paulista\/#respond"]}]},{"@type":"WebPage","@id":"https:\/\/jornalboasnoticias.com.br\/home\/pastor-silas-malafaia-critica-stf-e-tse-durante-manifestacao-na-avenida-paulista\/","url":"https:\/\/jornalboasnoticias.com.br\/home\/pastor-silas-malafaia-critica-stf-e-tse-durante-manifestacao-na-avenida-paulista\/","name":"Pastor Silas Malafaia critica STF e TSE durante manifesta\u00e7\u00e3o na Avenida Paulista - Jornal","isPartOf":{"@id":"https:\/\/jornalboasnoticias.com.br\/home\/#website"},"primaryImageOfPage":{"@id":"https:\/\/jornalboasnoticias.com.br\/home\/pastor-silas-malafaia-critica-stf-e-tse-durante-manifestacao-na-avenida-paulista\/#primaryimage"},"image":{"@id":"https:\/\/jornalboasnoticias.com.br\/home\/pastor-silas-malafaia-critica-stf-e-tse-durante-manifestacao-na-avenida-paulista\/#primaryimage"},"thumbnailUrl":"https:\/\/jornalboasnoticias.com.br\/home\/wp-content\/uploads\/2024\/02\/paulista.jpg","datePublished":"2024-02-25T22:32:43+00:00","description":"Pastor Silas Malafaia critica STF e TSE durante manifesta\u00e7\u00e3o na Avenida Paulista","breadcrumb":{"@id":"https:\/\/jornalboasnoticias.com.br\/home\/pastor-silas-malafaia-critica-stf-e-tse-durante-manifestacao-na-avenida-paulista\/#breadcrumb"},"inLanguage":"pt-BR","potentialAction":[{"@type":"ReadAction","target":["https:\/\/jornalboasnoticias.com.br\/home\/pastor-silas-malafaia-critica-stf-e-tse-durante-manifestacao-na-avenida-paulista\/"]}]},{"@type":"ImageObject","inLanguage":"pt-BR","@id":"https:\/\/jornalboasnoticias.com.br\/home\/pastor-silas-malafaia-critica-stf-e-tse-durante-manifestacao-na-avenida-paulista\/#primaryimage","url":"https:\/\/jornalboasnoticias.com.br\/home\/wp-content\/uploads\/2024\/02\/paulista.jpg","contentUrl":"https:\/\/jornalboasnoticias.com.br\/home\/wp-content\/uploads\/2024\/02\/paulista.jpg","width":1000,"height":666},{"@type":"BreadcrumbList","@id":"https:\/\/jornalboasnoticias.com.br\/home\/pastor-silas-malafaia-critica-stf-e-tse-durante-manifestacao-na-avenida-paulista\/#breadcrumb","itemListElement":[{"@type":"ListItem","position":1,"name":"In\u00edcio","item":"https:\/\/jornalboasnoticias.com.br\/home\/"},{"@type":"ListItem","position":2,"name":"Pastor Silas Malafaia critica STF e TSE durante manifesta\u00e7\u00e3o na Avenida Paulista"}]},{"@type":"WebSite","@id":"https:\/\/jornalboasnoticias.com.br\/home\/#website","url":"https:\/\/jornalboasnoticias.com.br\/home\/","name":"Jornal Boas Not\u00edcias","description":"Boas not\u00edcias","publisher":{"@id":"https:\/\/jornalboasnoticias.com.br\/home\/#organization"},"potentialAction":[{"@type":"SearchAction","target":{"@type":"EntryPoint","urlTemplate":"https:\/\/jornalboasnoticias.com.br\/home\/?s={search_term_string}"},"query-input":{"@type":"PropertyValueSpecification","valueRequired":true,"valueName":"search_term_string"}}],"inLanguage":"pt-BR"},{"@type":"Organization","@id":"https:\/\/jornalboasnoticias.com.br\/home\/#organization","name":"Coq Editora Ltda","alternateName":"Jornal Boas Noticias","url":"https:\/\/jornalboasnoticias.com.br\/home\/","logo":{"@type":"ImageObject","inLanguage":"pt-BR","@id":"https:\/\/jornalboasnoticias.com.br\/home\/#\/schema\/logo\/image\/","url":"https:\/\/jornalboasnoticias.com.br\/home\/wp-content\/uploads\/2024\/07\/cropped-logo.jpg","contentUrl":"https:\/\/jornalboasnoticias.com.br\/home\/wp-content\/uploads\/2024\/07\/cropped-logo.jpg","width":290,"height":142,"caption":"Coq Editora Ltda"},"image":{"@id":"https:\/\/jornalboasnoticias.com.br\/home\/#\/schema\/logo\/image\/"},"sameAs":["https:\/\/www.facebook.com\/boasnoticiasjornal"]},{"@type":"Person","@id":"https:\/\/jornalboasnoticias.com.br\/home\/#\/schema\/person\/75f9ebde398c998c166475fb446bda62","name":"Luiz Carlos da Cruz","image":{"@type":"ImageObject","inLanguage":"pt-BR","@id":"https:\/\/secure.gravatar.com\/avatar\/e6f4f45301b6cb8572f7b076572e8ac11c1db80e805d8c8d0858cf286ce3ac3b?s=96&d=mm&r=g","url":"https:\/\/secure.gravatar.com\/avatar\/e6f4f45301b6cb8572f7b076572e8ac11c1db80e805d8c8d0858cf286ce3ac3b?s=96&d=mm&r=g","contentUrl":"https:\/\/secure.gravatar.com\/avatar\/e6f4f45301b6cb8572f7b076572e8ac11c1db80e805d8c8d0858cf286ce3ac3b?s=96&d=mm&r=g","caption":"Luiz Carlos da Cruz"},"url":"https:\/\/jornalboasnoticias.com.br\/home\/author\/luiz-carlos-da-cruz\/"}]}},"_links":{"self":[{"href":"https:\/\/jornalboasnoticias.com.br\/home\/wp-json\/wp\/v2\/posts\/42673","targetHints":{"allow":["GET"]}}],"collection":[{"href":"https:\/\/jornalboasnoticias.com.br\/home\/wp-json\/wp\/v2\/posts"}],"about":[{"href":"https:\/\/jornalboasnoticias.com.br\/home\/wp-json\/wp\/v2\/types\/post"}],"author":[{"embeddable":true,"href":"https:\/\/jornalboasnoticias.com.br\/home\/wp-json\/wp\/v2\/users\/3"}],"replies":[{"embeddable":true,"href":"https:\/\/jornalboasnoticias.com.br\/home\/wp-json\/wp\/v2\/comments?post=42673"}],"version-history":[{"count":0,"href":"https:\/\/jornalboasnoticias.com.br\/home\/wp-json\/wp\/v2\/posts\/42673\/revisions"}],"wp:featuredmedia":[{"embeddable":true,"href":"https:\/\/jornalboasnoticias.com.br\/home\/wp-json\/wp\/v2\/media\/42674"}],"wp:attachment":[{"href":"https:\/\/jornalboasnoticias.com.br\/home\/wp-json\/wp\/v2\/media?parent=42673"}],"wp:term":[{"taxonomy":"category","embeddable":true,"href":"https:\/\/jornalboasnoticias.com.br\/home\/wp-json\/wp\/v2\/categories?post=42673"},{"taxonomy":"post_tag","embeddable":true,"href":"https:\/\/jornalboasnoticias.com.br\/home\/wp-json\/wp\/v2\/tags?post=42673"}],"curies":[{"name":"wp","href":"https:\/\/api.w.org\/{rel}","templated":true}]}}