{"id":42664,"date":"2024-02-20T18:33:38","date_gmt":"2024-02-20T21:33:38","guid":{"rendered":"https:\/\/www.jornalboasnoticias.com.br\/?p=42664"},"modified":"2024-02-20T18:33:38","modified_gmt":"2024-02-20T21:33:38","slug":"juristas-evangelicos-criticam-propostas-para-a-educacao","status":"publish","type":"post","link":"https:\/\/jornalboasnoticias.com.br\/home\/juristas-evangelicos-criticam-propostas-para-a-educacao\/","title":{"rendered":"Juristas evang\u00e9licos criticam propostas para a educa\u00e7\u00e3o"},"content":{"rendered":"<p style=\"text-align: center;\"><strong><em>O \u201cPlano Nacional de Educa\u00e7\u00e3o 2024-2034\u201d ser\u00e1 discutido, entre os dias 28 e 30 de janeiro, em Bras\u00edlia (DF), durante a CONAE<\/em><\/strong><\/p>\n<p><img loading=\"lazy\" decoding=\"async\" class=\"alignnone size-full wp-image-42665\" src=\"https:\/\/jornalboasnoticias.com.br\/home\/wp-content\/uploads\/2024\/02\/1-2.jpg\" alt=\"\" width=\"1068\" height=\"668\" srcset=\"https:\/\/jornalboasnoticias.com.br\/home\/wp-content\/uploads\/2024\/02\/1-2.jpg 1068w, https:\/\/jornalboasnoticias.com.br\/home\/wp-content\/uploads\/2024\/02\/1-2-300x188.jpg 300w, https:\/\/jornalboasnoticias.com.br\/home\/wp-content\/uploads\/2024\/02\/1-2-1024x640.jpg 1024w, https:\/\/jornalboasnoticias.com.br\/home\/wp-content\/uploads\/2024\/02\/1-2-768x480.jpg 768w\" sizes=\"auto, (max-width: 1068px) 100vw, 1068px\" \/><\/p>\n<p>O \u201cPlano Nacional de Educa\u00e7\u00e3o 2024-2034\u201d, que orienta as pol\u00edticas educacionais para a pr\u00f3xima d\u00e9cada no Brasil, ser\u00e1 discutido na Confer\u00eancia Nacional de Educa\u00e7\u00e3o (CONAE). O evento acontecer\u00e1 entre os dias 28 e 30 de janeiro, em Bras\u00edlia (DF).<\/p>\n<p>Antecipadamente, a Associa\u00e7\u00e3o Nacional de Juristas Evang\u00e9licos (ANAJURE) divulgou uma nota de manifesta\u00e7\u00e3o p\u00fablica, destacando pontos que considerou cr\u00edticos no Documento Refer\u00eancia, que servir\u00e1 de base para a elabora\u00e7\u00e3o do \u201cPlano Nacional de Educa\u00e7\u00e3o 2024-2034\u201d. O texto, segundo a institui\u00e7\u00e3o, n\u00e3o est\u00e1 imparcial como deve ser as pol\u00edticas de Estado, al\u00e9m de propor para a \u201ceduca\u00e7\u00e3o nacional a imposi\u00e7\u00e3o de concep\u00e7\u00f5es ideol\u00f3gicas radicais e controversas, contr\u00e1rias \u00e0s presentes disposi\u00e7\u00f5es da legisla\u00e7\u00e3o nacional e \u00e0 vontade da parcela majorit\u00e1ria da popula\u00e7\u00e3o\u201d.<\/p>\n<p>Desse modo, os juristas evang\u00e9licos, que t\u00eam o compromisso com a defesa dos direitos fundamentais, em especial, a liberdade religiosa e educacional, expuseram\u00a0 preocupa\u00e7\u00e3o com as diretrizes, metas, proposi\u00e7\u00f5es e estrat\u00e9gias apresentadas no Documento Refer\u00eancia para a constru\u00e7\u00e3o do Plano Nacional de Educa\u00e7\u00e3o 2024-2034. A ANAJURE afirmou que h\u00e1 \u201capontamentos contr\u00e1rios \u00e0 liberdade religiosa das escolas confessionais e \u00e0 tentativa de ado\u00e7\u00e3o e institucionaliza\u00e7\u00e3o de teorias cr\u00edticas e p\u00f3s-estruturalistas de g\u00eanero no sistema educacional brasileiro\u201d.<\/p>\n<p>Leia a mat\u00e9ria completa no <a href=\"https:\/\/comunhao.com.br\/juristas-evangelicos-criticam-propostas-para-a-educacao\/\">Portal Comunh\u00e3o<\/a><\/p>\n","protected":false},"excerpt":{"rendered":"<p>O \u201cPlano Nacional de Educa\u00e7\u00e3o 2024-2034\u201d ser\u00e1 discutido, entre os dias 28 e 30 de<\/p>\n","protected":false},"author":3,"featured_media":42665,"comment_status":"open","ping_status":"open","sticky":false,"template":"","format":"standard","meta":{"footnotes":""},"categories":[6],"tags":[],"class_list":["post-42664","post","type-post","status-publish","format-standard","has-post-thumbnail","hentry","category-brasil"],"yoast_head":"<!-- This site is optimized with the Yoast SEO plugin v27.5 - https:\/\/yoast.com\/product\/yoast-seo-wordpress\/ -->\n<title>Juristas evang\u00e9licos criticam propostas para a educa\u00e7\u00e3o - Jornal<\/title>\n<meta name=\"description\" content=\"Juristas evang\u00e9licos criticam propostas para a educa\u00e7\u00e3o\" \/>\n<meta name=\"robots\" content=\"index, follow, max-snippet:-1, max-image-preview:large, max-video-preview:-1\" \/>\n<link rel=\"canonical\" href=\"https:\/\/jornalboasnoticias.com.br\/home\/juristas-evangelicos-criticam-propostas-para-a-educacao\/\" \/>\n<meta property=\"og:locale\" content=\"pt_BR\" \/>\n<meta property=\"og:type\" content=\"article\" \/>\n<meta property=\"og:title\" content=\"Juristas evang\u00e9licos criticam propostas para a educa\u00e7\u00e3o - Jornal\" \/>\n<meta property=\"og:description\" content=\"Juristas evang\u00e9licos criticam propostas para a educa\u00e7\u00e3o\" \/>\n<meta property=\"og:url\" content=\"https:\/\/jornalboasnoticias.com.br\/home\/juristas-evangelicos-criticam-propostas-para-a-educacao\/\" \/>\n<meta property=\"og:site_name\" content=\"Jornal\" \/>\n<meta property=\"article:publisher\" content=\"https:\/\/www.facebook.com\/boasnoticiasjornal\" \/>\n<meta property=\"article:published_time\" content=\"2024-02-20T21:33:38+00:00\" \/>\n<meta property=\"og:image\" content=\"https:\/\/jornalboasnoticias.com.br\/home\/wp-content\/uploads\/2024\/02\/1-2.jpg\" \/>\n\t<meta property=\"og:image:width\" content=\"1068\" \/>\n\t<meta property=\"og:image:height\" content=\"668\" \/>\n\t<meta property=\"og:image:type\" content=\"image\/jpeg\" \/>\n<meta name=\"author\" content=\"Luiz Carlos da Cruz\" \/>\n<meta name=\"twitter:card\" content=\"summary_large_image\" \/>\n<meta name=\"twitter:label1\" content=\"Escrito por\" \/>\n\t<meta name=\"twitter:data1\" content=\"Luiz Carlos da Cruz\" \/>\n\t<meta name=\"twitter:label2\" content=\"Est. tempo de leitura\" \/>\n\t<meta name=\"twitter:data2\" content=\"1 minuto\" \/>\n<script type=\"application\/ld+json\" class=\"yoast-schema-graph\">{\"@context\":\"https:\\\/\\\/schema.org\",\"@graph\":[{\"@type\":\"Article\",\"@id\":\"https:\\\/\\\/jornalboasnoticias.com.br\\\/home\\\/juristas-evangelicos-criticam-propostas-para-a-educacao\\\/#article\",\"isPartOf\":{\"@id\":\"https:\\\/\\\/jornalboasnoticias.com.br\\\/home\\\/juristas-evangelicos-criticam-propostas-para-a-educacao\\\/\"},\"author\":{\"name\":\"Luiz Carlos da Cruz\",\"@id\":\"https:\\\/\\\/jornalboasnoticias.com.br\\\/home\\\/#\\\/schema\\\/person\\\/75f9ebde398c998c166475fb446bda62\"},\"headline\":\"Juristas evang\u00e9licos criticam propostas para a educa\u00e7\u00e3o\",\"datePublished\":\"2024-02-20T21:33:38+00:00\",\"mainEntityOfPage\":{\"@id\":\"https:\\\/\\\/jornalboasnoticias.com.br\\\/home\\\/juristas-evangelicos-criticam-propostas-para-a-educacao\\\/\"},\"wordCount\":271,\"commentCount\":0,\"publisher\":{\"@id\":\"https:\\\/\\\/jornalboasnoticias.com.br\\\/home\\\/#organization\"},\"image\":{\"@id\":\"https:\\\/\\\/jornalboasnoticias.com.br\\\/home\\\/juristas-evangelicos-criticam-propostas-para-a-educacao\\\/#primaryimage\"},\"thumbnailUrl\":\"https:\\\/\\\/jornalboasnoticias.com.br\\\/home\\\/wp-content\\\/uploads\\\/2024\\\/02\\\/1-2.jpg\",\"articleSection\":[\"BRASIL\"],\"inLanguage\":\"pt-BR\",\"potentialAction\":[{\"@type\":\"CommentAction\",\"name\":\"Comment\",\"target\":[\"https:\\\/\\\/jornalboasnoticias.com.br\\\/home\\\/juristas-evangelicos-criticam-propostas-para-a-educacao\\\/#respond\"]}]},{\"@type\":\"WebPage\",\"@id\":\"https:\\\/\\\/jornalboasnoticias.com.br\\\/home\\\/juristas-evangelicos-criticam-propostas-para-a-educacao\\\/\",\"url\":\"https:\\\/\\\/jornalboasnoticias.com.br\\\/home\\\/juristas-evangelicos-criticam-propostas-para-a-educacao\\\/\",\"name\":\"Juristas evang\u00e9licos criticam propostas para a educa\u00e7\u00e3o - Jornal\",\"isPartOf\":{\"@id\":\"https:\\\/\\\/jornalboasnoticias.com.br\\\/home\\\/#website\"},\"primaryImageOfPage\":{\"@id\":\"https:\\\/\\\/jornalboasnoticias.com.br\\\/home\\\/juristas-evangelicos-criticam-propostas-para-a-educacao\\\/#primaryimage\"},\"image\":{\"@id\":\"https:\\\/\\\/jornalboasnoticias.com.br\\\/home\\\/juristas-evangelicos-criticam-propostas-para-a-educacao\\\/#primaryimage\"},\"thumbnailUrl\":\"https:\\\/\\\/jornalboasnoticias.com.br\\\/home\\\/wp-content\\\/uploads\\\/2024\\\/02\\\/1-2.jpg\",\"datePublished\":\"2024-02-20T21:33:38+00:00\",\"description\":\"Juristas evang\u00e9licos criticam propostas para a educa\u00e7\u00e3o\",\"breadcrumb\":{\"@id\":\"https:\\\/\\\/jornalboasnoticias.com.br\\\/home\\\/juristas-evangelicos-criticam-propostas-para-a-educacao\\\/#breadcrumb\"},\"inLanguage\":\"pt-BR\",\"potentialAction\":[{\"@type\":\"ReadAction\",\"target\":[\"https:\\\/\\\/jornalboasnoticias.com.br\\\/home\\\/juristas-evangelicos-criticam-propostas-para-a-educacao\\\/\"]}]},{\"@type\":\"ImageObject\",\"inLanguage\":\"pt-BR\",\"@id\":\"https:\\\/\\\/jornalboasnoticias.com.br\\\/home\\\/juristas-evangelicos-criticam-propostas-para-a-educacao\\\/#primaryimage\",\"url\":\"https:\\\/\\\/jornalboasnoticias.com.br\\\/home\\\/wp-content\\\/uploads\\\/2024\\\/02\\\/1-2.jpg\",\"contentUrl\":\"https:\\\/\\\/jornalboasnoticias.com.br\\\/home\\\/wp-content\\\/uploads\\\/2024\\\/02\\\/1-2.jpg\",\"width\":1068,\"height\":668},{\"@type\":\"BreadcrumbList\",\"@id\":\"https:\\\/\\\/jornalboasnoticias.com.br\\\/home\\\/juristas-evangelicos-criticam-propostas-para-a-educacao\\\/#breadcrumb\",\"itemListElement\":[{\"@type\":\"ListItem\",\"position\":1,\"name\":\"In\u00edcio\",\"item\":\"https:\\\/\\\/jornalboasnoticias.com.br\\\/home\\\/\"},{\"@type\":\"ListItem\",\"position\":2,\"name\":\"Juristas evang\u00e9licos criticam propostas para a educa\u00e7\u00e3o\"}]},{\"@type\":\"WebSite\",\"@id\":\"https:\\\/\\\/jornalboasnoticias.com.br\\\/home\\\/#website\",\"url\":\"https:\\\/\\\/jornalboasnoticias.com.br\\\/home\\\/\",\"name\":\"Jornal Boas Not\u00edcias\",\"description\":\"Boas not\u00edcias\",\"publisher\":{\"@id\":\"https:\\\/\\\/jornalboasnoticias.com.br\\\/home\\\/#organization\"},\"potentialAction\":[{\"@type\":\"SearchAction\",\"target\":{\"@type\":\"EntryPoint\",\"urlTemplate\":\"https:\\\/\\\/jornalboasnoticias.com.br\\\/home\\\/?s={search_term_string}\"},\"query-input\":{\"@type\":\"PropertyValueSpecification\",\"valueRequired\":true,\"valueName\":\"search_term_string\"}}],\"inLanguage\":\"pt-BR\"},{\"@type\":\"Organization\",\"@id\":\"https:\\\/\\\/jornalboasnoticias.com.br\\\/home\\\/#organization\",\"name\":\"Coq Editora Ltda\",\"alternateName\":\"Jornal Boas Noticias\",\"url\":\"https:\\\/\\\/jornalboasnoticias.com.br\\\/home\\\/\",\"logo\":{\"@type\":\"ImageObject\",\"inLanguage\":\"pt-BR\",\"@id\":\"https:\\\/\\\/jornalboasnoticias.com.br\\\/home\\\/#\\\/schema\\\/logo\\\/image\\\/\",\"url\":\"https:\\\/\\\/jornalboasnoticias.com.br\\\/home\\\/wp-content\\\/uploads\\\/2024\\\/07\\\/cropped-logo.jpg\",\"contentUrl\":\"https:\\\/\\\/jornalboasnoticias.com.br\\\/home\\\/wp-content\\\/uploads\\\/2024\\\/07\\\/cropped-logo.jpg\",\"width\":290,\"height\":142,\"caption\":\"Coq Editora Ltda\"},\"image\":{\"@id\":\"https:\\\/\\\/jornalboasnoticias.com.br\\\/home\\\/#\\\/schema\\\/logo\\\/image\\\/\"},\"sameAs\":[\"https:\\\/\\\/www.facebook.com\\\/boasnoticiasjornal\"]},{\"@type\":\"Person\",\"@id\":\"https:\\\/\\\/jornalboasnoticias.com.br\\\/home\\\/#\\\/schema\\\/person\\\/75f9ebde398c998c166475fb446bda62\",\"name\":\"Luiz Carlos da Cruz\",\"image\":{\"@type\":\"ImageObject\",\"inLanguage\":\"pt-BR\",\"@id\":\"https:\\\/\\\/secure.gravatar.com\\\/avatar\\\/e6f4f45301b6cb8572f7b076572e8ac11c1db80e805d8c8d0858cf286ce3ac3b?s=96&d=mm&r=g\",\"url\":\"https:\\\/\\\/secure.gravatar.com\\\/avatar\\\/e6f4f45301b6cb8572f7b076572e8ac11c1db80e805d8c8d0858cf286ce3ac3b?s=96&d=mm&r=g\",\"contentUrl\":\"https:\\\/\\\/secure.gravatar.com\\\/avatar\\\/e6f4f45301b6cb8572f7b076572e8ac11c1db80e805d8c8d0858cf286ce3ac3b?s=96&d=mm&r=g\",\"caption\":\"Luiz Carlos da Cruz\"},\"url\":\"https:\\\/\\\/jornalboasnoticias.com.br\\\/home\\\/author\\\/luiz-carlos-da-cruz\\\/\"}]}<\/script>\n<!-- \/ Yoast SEO plugin. -->","yoast_head_json":{"title":"Juristas evang\u00e9licos criticam propostas para a educa\u00e7\u00e3o - Jornal","description":"Juristas evang\u00e9licos criticam propostas para a educa\u00e7\u00e3o","robots":{"index":"index","follow":"follow","max-snippet":"max-snippet:-1","max-image-preview":"max-image-preview:large","max-video-preview":"max-video-preview:-1"},"canonical":"https:\/\/jornalboasnoticias.com.br\/home\/juristas-evangelicos-criticam-propostas-para-a-educacao\/","og_locale":"pt_BR","og_type":"article","og_title":"Juristas evang\u00e9licos criticam propostas para a educa\u00e7\u00e3o - Jornal","og_description":"Juristas evang\u00e9licos criticam propostas para a educa\u00e7\u00e3o","og_url":"https:\/\/jornalboasnoticias.com.br\/home\/juristas-evangelicos-criticam-propostas-para-a-educacao\/","og_site_name":"Jornal","article_publisher":"https:\/\/www.facebook.com\/boasnoticiasjornal","article_published_time":"2024-02-20T21:33:38+00:00","og_image":[{"width":1068,"height":668,"url":"https:\/\/jornalboasnoticias.com.br\/home\/wp-content\/uploads\/2024\/02\/1-2.jpg","type":"image\/jpeg"}],"author":"Luiz Carlos da Cruz","twitter_card":"summary_large_image","twitter_misc":{"Escrito por":"Luiz Carlos da Cruz","Est. tempo de leitura":"1 minuto"},"schema":{"@context":"https:\/\/schema.org","@graph":[{"@type":"Article","@id":"https:\/\/jornalboasnoticias.com.br\/home\/juristas-evangelicos-criticam-propostas-para-a-educacao\/#article","isPartOf":{"@id":"https:\/\/jornalboasnoticias.com.br\/home\/juristas-evangelicos-criticam-propostas-para-a-educacao\/"},"author":{"name":"Luiz Carlos da Cruz","@id":"https:\/\/jornalboasnoticias.com.br\/home\/#\/schema\/person\/75f9ebde398c998c166475fb446bda62"},"headline":"Juristas evang\u00e9licos criticam propostas para a educa\u00e7\u00e3o","datePublished":"2024-02-20T21:33:38+00:00","mainEntityOfPage":{"@id":"https:\/\/jornalboasnoticias.com.br\/home\/juristas-evangelicos-criticam-propostas-para-a-educacao\/"},"wordCount":271,"commentCount":0,"publisher":{"@id":"https:\/\/jornalboasnoticias.com.br\/home\/#organization"},"image":{"@id":"https:\/\/jornalboasnoticias.com.br\/home\/juristas-evangelicos-criticam-propostas-para-a-educacao\/#primaryimage"},"thumbnailUrl":"https:\/\/jornalboasnoticias.com.br\/home\/wp-content\/uploads\/2024\/02\/1-2.jpg","articleSection":["BRASIL"],"inLanguage":"pt-BR","potentialAction":[{"@type":"CommentAction","name":"Comment","target":["https:\/\/jornalboasnoticias.com.br\/home\/juristas-evangelicos-criticam-propostas-para-a-educacao\/#respond"]}]},{"@type":"WebPage","@id":"https:\/\/jornalboasnoticias.com.br\/home\/juristas-evangelicos-criticam-propostas-para-a-educacao\/","url":"https:\/\/jornalboasnoticias.com.br\/home\/juristas-evangelicos-criticam-propostas-para-a-educacao\/","name":"Juristas evang\u00e9licos criticam propostas para a educa\u00e7\u00e3o - Jornal","isPartOf":{"@id":"https:\/\/jornalboasnoticias.com.br\/home\/#website"},"primaryImageOfPage":{"@id":"https:\/\/jornalboasnoticias.com.br\/home\/juristas-evangelicos-criticam-propostas-para-a-educacao\/#primaryimage"},"image":{"@id":"https:\/\/jornalboasnoticias.com.br\/home\/juristas-evangelicos-criticam-propostas-para-a-educacao\/#primaryimage"},"thumbnailUrl":"https:\/\/jornalboasnoticias.com.br\/home\/wp-content\/uploads\/2024\/02\/1-2.jpg","datePublished":"2024-02-20T21:33:38+00:00","description":"Juristas evang\u00e9licos criticam propostas para a educa\u00e7\u00e3o","breadcrumb":{"@id":"https:\/\/jornalboasnoticias.com.br\/home\/juristas-evangelicos-criticam-propostas-para-a-educacao\/#breadcrumb"},"inLanguage":"pt-BR","potentialAction":[{"@type":"ReadAction","target":["https:\/\/jornalboasnoticias.com.br\/home\/juristas-evangelicos-criticam-propostas-para-a-educacao\/"]}]},{"@type":"ImageObject","inLanguage":"pt-BR","@id":"https:\/\/jornalboasnoticias.com.br\/home\/juristas-evangelicos-criticam-propostas-para-a-educacao\/#primaryimage","url":"https:\/\/jornalboasnoticias.com.br\/home\/wp-content\/uploads\/2024\/02\/1-2.jpg","contentUrl":"https:\/\/jornalboasnoticias.com.br\/home\/wp-content\/uploads\/2024\/02\/1-2.jpg","width":1068,"height":668},{"@type":"BreadcrumbList","@id":"https:\/\/jornalboasnoticias.com.br\/home\/juristas-evangelicos-criticam-propostas-para-a-educacao\/#breadcrumb","itemListElement":[{"@type":"ListItem","position":1,"name":"In\u00edcio","item":"https:\/\/jornalboasnoticias.com.br\/home\/"},{"@type":"ListItem","position":2,"name":"Juristas evang\u00e9licos criticam propostas para a educa\u00e7\u00e3o"}]},{"@type":"WebSite","@id":"https:\/\/jornalboasnoticias.com.br\/home\/#website","url":"https:\/\/jornalboasnoticias.com.br\/home\/","name":"Jornal Boas Not\u00edcias","description":"Boas not\u00edcias","publisher":{"@id":"https:\/\/jornalboasnoticias.com.br\/home\/#organization"},"potentialAction":[{"@type":"SearchAction","target":{"@type":"EntryPoint","urlTemplate":"https:\/\/jornalboasnoticias.com.br\/home\/?s={search_term_string}"},"query-input":{"@type":"PropertyValueSpecification","valueRequired":true,"valueName":"search_term_string"}}],"inLanguage":"pt-BR"},{"@type":"Organization","@id":"https:\/\/jornalboasnoticias.com.br\/home\/#organization","name":"Coq Editora Ltda","alternateName":"Jornal Boas Noticias","url":"https:\/\/jornalboasnoticias.com.br\/home\/","logo":{"@type":"ImageObject","inLanguage":"pt-BR","@id":"https:\/\/jornalboasnoticias.com.br\/home\/#\/schema\/logo\/image\/","url":"https:\/\/jornalboasnoticias.com.br\/home\/wp-content\/uploads\/2024\/07\/cropped-logo.jpg","contentUrl":"https:\/\/jornalboasnoticias.com.br\/home\/wp-content\/uploads\/2024\/07\/cropped-logo.jpg","width":290,"height":142,"caption":"Coq Editora Ltda"},"image":{"@id":"https:\/\/jornalboasnoticias.com.br\/home\/#\/schema\/logo\/image\/"},"sameAs":["https:\/\/www.facebook.com\/boasnoticiasjornal"]},{"@type":"Person","@id":"https:\/\/jornalboasnoticias.com.br\/home\/#\/schema\/person\/75f9ebde398c998c166475fb446bda62","name":"Luiz Carlos da Cruz","image":{"@type":"ImageObject","inLanguage":"pt-BR","@id":"https:\/\/secure.gravatar.com\/avatar\/e6f4f45301b6cb8572f7b076572e8ac11c1db80e805d8c8d0858cf286ce3ac3b?s=96&d=mm&r=g","url":"https:\/\/secure.gravatar.com\/avatar\/e6f4f45301b6cb8572f7b076572e8ac11c1db80e805d8c8d0858cf286ce3ac3b?s=96&d=mm&r=g","contentUrl":"https:\/\/secure.gravatar.com\/avatar\/e6f4f45301b6cb8572f7b076572e8ac11c1db80e805d8c8d0858cf286ce3ac3b?s=96&d=mm&r=g","caption":"Luiz Carlos da Cruz"},"url":"https:\/\/jornalboasnoticias.com.br\/home\/author\/luiz-carlos-da-cruz\/"}]}},"_links":{"self":[{"href":"https:\/\/jornalboasnoticias.com.br\/home\/wp-json\/wp\/v2\/posts\/42664","targetHints":{"allow":["GET"]}}],"collection":[{"href":"https:\/\/jornalboasnoticias.com.br\/home\/wp-json\/wp\/v2\/posts"}],"about":[{"href":"https:\/\/jornalboasnoticias.com.br\/home\/wp-json\/wp\/v2\/types\/post"}],"author":[{"embeddable":true,"href":"https:\/\/jornalboasnoticias.com.br\/home\/wp-json\/wp\/v2\/users\/3"}],"replies":[{"embeddable":true,"href":"https:\/\/jornalboasnoticias.com.br\/home\/wp-json\/wp\/v2\/comments?post=42664"}],"version-history":[{"count":0,"href":"https:\/\/jornalboasnoticias.com.br\/home\/wp-json\/wp\/v2\/posts\/42664\/revisions"}],"wp:featuredmedia":[{"embeddable":true,"href":"https:\/\/jornalboasnoticias.com.br\/home\/wp-json\/wp\/v2\/media\/42665"}],"wp:attachment":[{"href":"https:\/\/jornalboasnoticias.com.br\/home\/wp-json\/wp\/v2\/media?parent=42664"}],"wp:term":[{"taxonomy":"category","embeddable":true,"href":"https:\/\/jornalboasnoticias.com.br\/home\/wp-json\/wp\/v2\/categories?post=42664"},{"taxonomy":"post_tag","embeddable":true,"href":"https:\/\/jornalboasnoticias.com.br\/home\/wp-json\/wp\/v2\/tags?post=42664"}],"curies":[{"name":"wp","href":"https:\/\/api.w.org\/{rel}","templated":true}]}}