{"id":42653,"date":"2024-02-18T18:44:09","date_gmt":"2024-02-18T21:44:09","guid":{"rendered":"https:\/\/www.jornalboasnoticias.com.br\/?p=42653"},"modified":"2024-02-18T18:44:09","modified_gmt":"2024-02-18T21:44:09","slug":"malafaia-promete-versao-mais-leve-mas-sem-silinhas-paz-e-amor-em-ato-de-bolsonaro","status":"publish","type":"post","link":"https:\/\/jornalboasnoticias.com.br\/home\/malafaia-promete-versao-mais-leve-mas-sem-silinhas-paz-e-amor-em-ato-de-bolsonaro\/","title":{"rendered":"Malafaia promete vers\u00e3o mais leve, mas sem &#8216;Silinhas paz e amor&#8217;, em ato de Bolsonaro"},"content":{"rendered":"<figure id=\"attachment_42654\" aria-describedby=\"caption-attachment-42654\" style=\"width: 1024px\" class=\"wp-caption alignnone\"><img loading=\"lazy\" decoding=\"async\" class=\"size-full wp-image-42654\" src=\"https:\/\/jornalboasnoticias.com.br\/home\/wp-content\/uploads\/2024\/02\/Silas-Malafaia.jpg\" alt=\"\" width=\"1024\" height=\"682\" srcset=\"https:\/\/jornalboasnoticias.com.br\/home\/wp-content\/uploads\/2024\/02\/Silas-Malafaia.jpg 1024w, https:\/\/jornalboasnoticias.com.br\/home\/wp-content\/uploads\/2024\/02\/Silas-Malafaia-300x200.jpg 300w, https:\/\/jornalboasnoticias.com.br\/home\/wp-content\/uploads\/2024\/02\/Silas-Malafaia-768x512.jpg 768w\" sizes=\"auto, (max-width: 1024px) 100vw, 1024px\" \/><figcaption id=\"caption-attachment-42654\" class=\"wp-caption-text\">Renato Ara\u00fajo-8.nov.2023\/C\u00e2mara dos Deputados<\/figcaption><\/figure>\n<p><strong>S\u00e3o Paulo (SP) &#8211; <\/strong>O pastor Silas Malafaia, conhecido por seus discursos contundentes, anunciou uma mudan\u00e7a de tom para a manifesta\u00e7\u00e3o convocada pelo ex-presidente Jair Bolsonaro, marcada para o dia 25 de fevereiro na Avenida Paulista. Malafaia, que tem sido um cr\u00edtico ferrenho do ministro Alexandre de Moraes do Supremo Tribunal Federal (STF), declarou que sua fala ser\u00e1 mais leve durante o evento.<\/p>\n<p>O evento, idealizado por Malafaia, tem sido divulgado por Bolsonaro como uma oportunidade para se defender das acusa\u00e7\u00f5es que enfrenta. O ex-presidente est\u00e1 sob investiga\u00e7\u00e3o da Pol\u00edcia Federal por alegado envolvimento em uma suposta trama golpista com o intuito de mant\u00ea-lo na Presid\u00eancia. Alexandre de Moraes foi o respons\u00e1vel por autorizar a opera\u00e7\u00e3o que desencadeou as investiga\u00e7\u00f5es.<\/p>\n<p>A mudan\u00e7a de postura de Silas Malafaia sugere uma poss\u00edvel estrat\u00e9gia de modera\u00e7\u00e3o em meio \u00e0s tens\u00f5es pol\u00edticas e \u00e0s investiga\u00e7\u00f5es em curso. O pastor, que costuma adotar uma ret\u00f3rica agressiva em seus v\u00eddeos, busca, aparentemente, adotar um tom mais conciliat\u00f3rio em um momento pol\u00edtico conturbado.<\/p>\n<p>&#8220;Ali [nos v\u00eddeos] eu abro a boca para botar para arrebentar. \u00c9 diferente. Estou com outras pessoas. Vou ser incisivo [no ato], n\u00e3o vou virar Silinhas paz e amor. N\u00e3o sou cretino e n\u00e3o tenho duas caras. Vou ser incisivo no que tenho para falar. Mas diferente um pouco de estar falando no meu canal&#8221;, disse o pastor em entrevista \u00e0 Folha de S. Paulo.<\/p>\n<p>A presen\u00e7a e a postura de Malafaia durante a manifesta\u00e7\u00e3o ser\u00e3o observadas de perto, uma vez que suas declara\u00e7\u00f5es t\u00eam peso significativo entre os apoiadores do ex-presidente Bolsonaro e podem influenciar o clima do evento e a percep\u00e7\u00e3o p\u00fablica sobre os acontecimentos pol\u00edticos em curso.<\/p>\n<p><em>Com informa\u00e7\u00f5es da Folha de S. Paulo.\u00a0<\/em><\/p>\n","protected":false},"excerpt":{"rendered":"<p>S\u00e3o Paulo (SP) &#8211; O pastor Silas Malafaia, conhecido por seus discursos contundentes, anunciou uma<\/p>\n","protected":false},"author":3,"featured_media":42654,"comment_status":"open","ping_status":"open","sticky":false,"template":"","format":"standard","meta":{"footnotes":""},"categories":[6,3],"tags":[20],"class_list":["post-42653","post","type-post","status-publish","format-standard","has-post-thumbnail","hentry","category-brasil","category-destaques","tag-silas-malafaia"],"yoast_head":"<!-- This site is optimized with the Yoast SEO plugin v27.5 - https:\/\/yoast.com\/product\/yoast-seo-wordpress\/ -->\n<title>Malafaia promete vers\u00e3o mais leve, mas sem &#039;Silinhas paz e amor&#039;, em ato de Bolsonaro - Jornal<\/title>\n<meta name=\"description\" content=\"Malafaia promete vers\u00e3o mais leve, mas sem &#039;Silinhas paz e amor&#039;, em ato de Bolsonaro\" \/>\n<meta name=\"robots\" content=\"index, follow, max-snippet:-1, max-image-preview:large, max-video-preview:-1\" \/>\n<link rel=\"canonical\" href=\"https:\/\/jornalboasnoticias.com.br\/home\/malafaia-promete-versao-mais-leve-mas-sem-silinhas-paz-e-amor-em-ato-de-bolsonaro\/\" \/>\n<meta property=\"og:locale\" content=\"pt_BR\" \/>\n<meta property=\"og:type\" content=\"article\" \/>\n<meta property=\"og:title\" content=\"Malafaia promete vers\u00e3o mais leve, mas sem &#039;Silinhas paz e amor&#039;, em ato de Bolsonaro - Jornal\" \/>\n<meta property=\"og:description\" content=\"Malafaia promete vers\u00e3o mais leve, mas sem &#039;Silinhas paz e amor&#039;, em ato de Bolsonaro\" \/>\n<meta property=\"og:url\" content=\"https:\/\/jornalboasnoticias.com.br\/home\/malafaia-promete-versao-mais-leve-mas-sem-silinhas-paz-e-amor-em-ato-de-bolsonaro\/\" \/>\n<meta property=\"og:site_name\" content=\"Jornal\" \/>\n<meta property=\"article:publisher\" content=\"https:\/\/www.facebook.com\/boasnoticiasjornal\" \/>\n<meta property=\"article:published_time\" content=\"2024-02-18T21:44:09+00:00\" \/>\n<meta property=\"og:image\" content=\"https:\/\/jornalboasnoticias.com.br\/home\/wp-content\/uploads\/2024\/02\/Silas-Malafaia.jpg\" \/>\n\t<meta property=\"og:image:width\" content=\"1024\" \/>\n\t<meta property=\"og:image:height\" content=\"682\" \/>\n\t<meta property=\"og:image:type\" content=\"image\/jpeg\" \/>\n<meta name=\"author\" content=\"Luiz Carlos da Cruz\" \/>\n<meta name=\"twitter:card\" content=\"summary_large_image\" \/>\n<meta name=\"twitter:label1\" content=\"Escrito por\" \/>\n\t<meta name=\"twitter:data1\" content=\"Luiz Carlos da Cruz\" \/>\n\t<meta name=\"twitter:label2\" content=\"Est. tempo de leitura\" \/>\n\t<meta name=\"twitter:data2\" content=\"2 minutos\" \/>\n<script type=\"application\/ld+json\" class=\"yoast-schema-graph\">{\"@context\":\"https:\\\/\\\/schema.org\",\"@graph\":[{\"@type\":\"Article\",\"@id\":\"https:\\\/\\\/jornalboasnoticias.com.br\\\/home\\\/malafaia-promete-versao-mais-leve-mas-sem-silinhas-paz-e-amor-em-ato-de-bolsonaro\\\/#article\",\"isPartOf\":{\"@id\":\"https:\\\/\\\/jornalboasnoticias.com.br\\\/home\\\/malafaia-promete-versao-mais-leve-mas-sem-silinhas-paz-e-amor-em-ato-de-bolsonaro\\\/\"},\"author\":{\"name\":\"Luiz Carlos da Cruz\",\"@id\":\"https:\\\/\\\/jornalboasnoticias.com.br\\\/home\\\/#\\\/schema\\\/person\\\/75f9ebde398c998c166475fb446bda62\"},\"headline\":\"Malafaia promete vers\u00e3o mais leve, mas sem &#8216;Silinhas paz e amor&#8217;, em ato de Bolsonaro\",\"datePublished\":\"2024-02-18T21:44:09+00:00\",\"mainEntityOfPage\":{\"@id\":\"https:\\\/\\\/jornalboasnoticias.com.br\\\/home\\\/malafaia-promete-versao-mais-leve-mas-sem-silinhas-paz-e-amor-em-ato-de-bolsonaro\\\/\"},\"wordCount\":347,\"commentCount\":0,\"publisher\":{\"@id\":\"https:\\\/\\\/jornalboasnoticias.com.br\\\/home\\\/#organization\"},\"image\":{\"@id\":\"https:\\\/\\\/jornalboasnoticias.com.br\\\/home\\\/malafaia-promete-versao-mais-leve-mas-sem-silinhas-paz-e-amor-em-ato-de-bolsonaro\\\/#primaryimage\"},\"thumbnailUrl\":\"https:\\\/\\\/jornalboasnoticias.com.br\\\/home\\\/wp-content\\\/uploads\\\/2024\\\/02\\\/Silas-Malafaia.jpg\",\"keywords\":[\"Silas Malafaia\"],\"articleSection\":[\"BRASIL\",\"DESTAQUE\"],\"inLanguage\":\"pt-BR\",\"potentialAction\":[{\"@type\":\"CommentAction\",\"name\":\"Comment\",\"target\":[\"https:\\\/\\\/jornalboasnoticias.com.br\\\/home\\\/malafaia-promete-versao-mais-leve-mas-sem-silinhas-paz-e-amor-em-ato-de-bolsonaro\\\/#respond\"]}]},{\"@type\":\"WebPage\",\"@id\":\"https:\\\/\\\/jornalboasnoticias.com.br\\\/home\\\/malafaia-promete-versao-mais-leve-mas-sem-silinhas-paz-e-amor-em-ato-de-bolsonaro\\\/\",\"url\":\"https:\\\/\\\/jornalboasnoticias.com.br\\\/home\\\/malafaia-promete-versao-mais-leve-mas-sem-silinhas-paz-e-amor-em-ato-de-bolsonaro\\\/\",\"name\":\"Malafaia promete vers\u00e3o mais leve, mas sem 'Silinhas paz e amor', em ato de Bolsonaro - Jornal\",\"isPartOf\":{\"@id\":\"https:\\\/\\\/jornalboasnoticias.com.br\\\/home\\\/#website\"},\"primaryImageOfPage\":{\"@id\":\"https:\\\/\\\/jornalboasnoticias.com.br\\\/home\\\/malafaia-promete-versao-mais-leve-mas-sem-silinhas-paz-e-amor-em-ato-de-bolsonaro\\\/#primaryimage\"},\"image\":{\"@id\":\"https:\\\/\\\/jornalboasnoticias.com.br\\\/home\\\/malafaia-promete-versao-mais-leve-mas-sem-silinhas-paz-e-amor-em-ato-de-bolsonaro\\\/#primaryimage\"},\"thumbnailUrl\":\"https:\\\/\\\/jornalboasnoticias.com.br\\\/home\\\/wp-content\\\/uploads\\\/2024\\\/02\\\/Silas-Malafaia.jpg\",\"datePublished\":\"2024-02-18T21:44:09+00:00\",\"description\":\"Malafaia promete vers\u00e3o mais leve, mas sem 'Silinhas paz e amor', em ato de Bolsonaro\",\"breadcrumb\":{\"@id\":\"https:\\\/\\\/jornalboasnoticias.com.br\\\/home\\\/malafaia-promete-versao-mais-leve-mas-sem-silinhas-paz-e-amor-em-ato-de-bolsonaro\\\/#breadcrumb\"},\"inLanguage\":\"pt-BR\",\"potentialAction\":[{\"@type\":\"ReadAction\",\"target\":[\"https:\\\/\\\/jornalboasnoticias.com.br\\\/home\\\/malafaia-promete-versao-mais-leve-mas-sem-silinhas-paz-e-amor-em-ato-de-bolsonaro\\\/\"]}]},{\"@type\":\"ImageObject\",\"inLanguage\":\"pt-BR\",\"@id\":\"https:\\\/\\\/jornalboasnoticias.com.br\\\/home\\\/malafaia-promete-versao-mais-leve-mas-sem-silinhas-paz-e-amor-em-ato-de-bolsonaro\\\/#primaryimage\",\"url\":\"https:\\\/\\\/jornalboasnoticias.com.br\\\/home\\\/wp-content\\\/uploads\\\/2024\\\/02\\\/Silas-Malafaia.jpg\",\"contentUrl\":\"https:\\\/\\\/jornalboasnoticias.com.br\\\/home\\\/wp-content\\\/uploads\\\/2024\\\/02\\\/Silas-Malafaia.jpg\",\"width\":1024,\"height\":682,\"caption\":\"Renato Ara\u00fajo-8.nov.2023\\\/C\u00e2mara dos Deputados\"},{\"@type\":\"BreadcrumbList\",\"@id\":\"https:\\\/\\\/jornalboasnoticias.com.br\\\/home\\\/malafaia-promete-versao-mais-leve-mas-sem-silinhas-paz-e-amor-em-ato-de-bolsonaro\\\/#breadcrumb\",\"itemListElement\":[{\"@type\":\"ListItem\",\"position\":1,\"name\":\"In\u00edcio\",\"item\":\"https:\\\/\\\/jornalboasnoticias.com.br\\\/home\\\/\"},{\"@type\":\"ListItem\",\"position\":2,\"name\":\"Malafaia promete vers\u00e3o mais leve, mas sem &#8216;Silinhas paz e amor&#8217;, em ato de Bolsonaro\"}]},{\"@type\":\"WebSite\",\"@id\":\"https:\\\/\\\/jornalboasnoticias.com.br\\\/home\\\/#website\",\"url\":\"https:\\\/\\\/jornalboasnoticias.com.br\\\/home\\\/\",\"name\":\"Jornal Boas Not\u00edcias\",\"description\":\"Boas not\u00edcias\",\"publisher\":{\"@id\":\"https:\\\/\\\/jornalboasnoticias.com.br\\\/home\\\/#organization\"},\"potentialAction\":[{\"@type\":\"SearchAction\",\"target\":{\"@type\":\"EntryPoint\",\"urlTemplate\":\"https:\\\/\\\/jornalboasnoticias.com.br\\\/home\\\/?s={search_term_string}\"},\"query-input\":{\"@type\":\"PropertyValueSpecification\",\"valueRequired\":true,\"valueName\":\"search_term_string\"}}],\"inLanguage\":\"pt-BR\"},{\"@type\":\"Organization\",\"@id\":\"https:\\\/\\\/jornalboasnoticias.com.br\\\/home\\\/#organization\",\"name\":\"Coq Editora Ltda\",\"alternateName\":\"Jornal Boas Noticias\",\"url\":\"https:\\\/\\\/jornalboasnoticias.com.br\\\/home\\\/\",\"logo\":{\"@type\":\"ImageObject\",\"inLanguage\":\"pt-BR\",\"@id\":\"https:\\\/\\\/jornalboasnoticias.com.br\\\/home\\\/#\\\/schema\\\/logo\\\/image\\\/\",\"url\":\"https:\\\/\\\/jornalboasnoticias.com.br\\\/home\\\/wp-content\\\/uploads\\\/2024\\\/07\\\/cropped-logo.jpg\",\"contentUrl\":\"https:\\\/\\\/jornalboasnoticias.com.br\\\/home\\\/wp-content\\\/uploads\\\/2024\\\/07\\\/cropped-logo.jpg\",\"width\":290,\"height\":142,\"caption\":\"Coq Editora Ltda\"},\"image\":{\"@id\":\"https:\\\/\\\/jornalboasnoticias.com.br\\\/home\\\/#\\\/schema\\\/logo\\\/image\\\/\"},\"sameAs\":[\"https:\\\/\\\/www.facebook.com\\\/boasnoticiasjornal\"]},{\"@type\":\"Person\",\"@id\":\"https:\\\/\\\/jornalboasnoticias.com.br\\\/home\\\/#\\\/schema\\\/person\\\/75f9ebde398c998c166475fb446bda62\",\"name\":\"Luiz Carlos da Cruz\",\"image\":{\"@type\":\"ImageObject\",\"inLanguage\":\"pt-BR\",\"@id\":\"https:\\\/\\\/secure.gravatar.com\\\/avatar\\\/e6f4f45301b6cb8572f7b076572e8ac11c1db80e805d8c8d0858cf286ce3ac3b?s=96&d=mm&r=g\",\"url\":\"https:\\\/\\\/secure.gravatar.com\\\/avatar\\\/e6f4f45301b6cb8572f7b076572e8ac11c1db80e805d8c8d0858cf286ce3ac3b?s=96&d=mm&r=g\",\"contentUrl\":\"https:\\\/\\\/secure.gravatar.com\\\/avatar\\\/e6f4f45301b6cb8572f7b076572e8ac11c1db80e805d8c8d0858cf286ce3ac3b?s=96&d=mm&r=g\",\"caption\":\"Luiz Carlos da Cruz\"},\"url\":\"https:\\\/\\\/jornalboasnoticias.com.br\\\/home\\\/author\\\/luiz-carlos-da-cruz\\\/\"}]}<\/script>\n<!-- \/ Yoast SEO plugin. -->","yoast_head_json":{"title":"Malafaia promete vers\u00e3o mais leve, mas sem 'Silinhas paz e amor', em ato de Bolsonaro - Jornal","description":"Malafaia promete vers\u00e3o mais leve, mas sem 'Silinhas paz e amor', em ato de Bolsonaro","robots":{"index":"index","follow":"follow","max-snippet":"max-snippet:-1","max-image-preview":"max-image-preview:large","max-video-preview":"max-video-preview:-1"},"canonical":"https:\/\/jornalboasnoticias.com.br\/home\/malafaia-promete-versao-mais-leve-mas-sem-silinhas-paz-e-amor-em-ato-de-bolsonaro\/","og_locale":"pt_BR","og_type":"article","og_title":"Malafaia promete vers\u00e3o mais leve, mas sem 'Silinhas paz e amor', em ato de Bolsonaro - Jornal","og_description":"Malafaia promete vers\u00e3o mais leve, mas sem 'Silinhas paz e amor', em ato de Bolsonaro","og_url":"https:\/\/jornalboasnoticias.com.br\/home\/malafaia-promete-versao-mais-leve-mas-sem-silinhas-paz-e-amor-em-ato-de-bolsonaro\/","og_site_name":"Jornal","article_publisher":"https:\/\/www.facebook.com\/boasnoticiasjornal","article_published_time":"2024-02-18T21:44:09+00:00","og_image":[{"width":1024,"height":682,"url":"https:\/\/jornalboasnoticias.com.br\/home\/wp-content\/uploads\/2024\/02\/Silas-Malafaia.jpg","type":"image\/jpeg"}],"author":"Luiz Carlos da Cruz","twitter_card":"summary_large_image","twitter_misc":{"Escrito por":"Luiz Carlos da Cruz","Est. tempo de leitura":"2 minutos"},"schema":{"@context":"https:\/\/schema.org","@graph":[{"@type":"Article","@id":"https:\/\/jornalboasnoticias.com.br\/home\/malafaia-promete-versao-mais-leve-mas-sem-silinhas-paz-e-amor-em-ato-de-bolsonaro\/#article","isPartOf":{"@id":"https:\/\/jornalboasnoticias.com.br\/home\/malafaia-promete-versao-mais-leve-mas-sem-silinhas-paz-e-amor-em-ato-de-bolsonaro\/"},"author":{"name":"Luiz Carlos da Cruz","@id":"https:\/\/jornalboasnoticias.com.br\/home\/#\/schema\/person\/75f9ebde398c998c166475fb446bda62"},"headline":"Malafaia promete vers\u00e3o mais leve, mas sem &#8216;Silinhas paz e amor&#8217;, em ato de Bolsonaro","datePublished":"2024-02-18T21:44:09+00:00","mainEntityOfPage":{"@id":"https:\/\/jornalboasnoticias.com.br\/home\/malafaia-promete-versao-mais-leve-mas-sem-silinhas-paz-e-amor-em-ato-de-bolsonaro\/"},"wordCount":347,"commentCount":0,"publisher":{"@id":"https:\/\/jornalboasnoticias.com.br\/home\/#organization"},"image":{"@id":"https:\/\/jornalboasnoticias.com.br\/home\/malafaia-promete-versao-mais-leve-mas-sem-silinhas-paz-e-amor-em-ato-de-bolsonaro\/#primaryimage"},"thumbnailUrl":"https:\/\/jornalboasnoticias.com.br\/home\/wp-content\/uploads\/2024\/02\/Silas-Malafaia.jpg","keywords":["Silas Malafaia"],"articleSection":["BRASIL","DESTAQUE"],"inLanguage":"pt-BR","potentialAction":[{"@type":"CommentAction","name":"Comment","target":["https:\/\/jornalboasnoticias.com.br\/home\/malafaia-promete-versao-mais-leve-mas-sem-silinhas-paz-e-amor-em-ato-de-bolsonaro\/#respond"]}]},{"@type":"WebPage","@id":"https:\/\/jornalboasnoticias.com.br\/home\/malafaia-promete-versao-mais-leve-mas-sem-silinhas-paz-e-amor-em-ato-de-bolsonaro\/","url":"https:\/\/jornalboasnoticias.com.br\/home\/malafaia-promete-versao-mais-leve-mas-sem-silinhas-paz-e-amor-em-ato-de-bolsonaro\/","name":"Malafaia promete vers\u00e3o mais leve, mas sem 'Silinhas paz e amor', em ato de Bolsonaro - Jornal","isPartOf":{"@id":"https:\/\/jornalboasnoticias.com.br\/home\/#website"},"primaryImageOfPage":{"@id":"https:\/\/jornalboasnoticias.com.br\/home\/malafaia-promete-versao-mais-leve-mas-sem-silinhas-paz-e-amor-em-ato-de-bolsonaro\/#primaryimage"},"image":{"@id":"https:\/\/jornalboasnoticias.com.br\/home\/malafaia-promete-versao-mais-leve-mas-sem-silinhas-paz-e-amor-em-ato-de-bolsonaro\/#primaryimage"},"thumbnailUrl":"https:\/\/jornalboasnoticias.com.br\/home\/wp-content\/uploads\/2024\/02\/Silas-Malafaia.jpg","datePublished":"2024-02-18T21:44:09+00:00","description":"Malafaia promete vers\u00e3o mais leve, mas sem 'Silinhas paz e amor', em ato de Bolsonaro","breadcrumb":{"@id":"https:\/\/jornalboasnoticias.com.br\/home\/malafaia-promete-versao-mais-leve-mas-sem-silinhas-paz-e-amor-em-ato-de-bolsonaro\/#breadcrumb"},"inLanguage":"pt-BR","potentialAction":[{"@type":"ReadAction","target":["https:\/\/jornalboasnoticias.com.br\/home\/malafaia-promete-versao-mais-leve-mas-sem-silinhas-paz-e-amor-em-ato-de-bolsonaro\/"]}]},{"@type":"ImageObject","inLanguage":"pt-BR","@id":"https:\/\/jornalboasnoticias.com.br\/home\/malafaia-promete-versao-mais-leve-mas-sem-silinhas-paz-e-amor-em-ato-de-bolsonaro\/#primaryimage","url":"https:\/\/jornalboasnoticias.com.br\/home\/wp-content\/uploads\/2024\/02\/Silas-Malafaia.jpg","contentUrl":"https:\/\/jornalboasnoticias.com.br\/home\/wp-content\/uploads\/2024\/02\/Silas-Malafaia.jpg","width":1024,"height":682,"caption":"Renato Ara\u00fajo-8.nov.2023\/C\u00e2mara dos Deputados"},{"@type":"BreadcrumbList","@id":"https:\/\/jornalboasnoticias.com.br\/home\/malafaia-promete-versao-mais-leve-mas-sem-silinhas-paz-e-amor-em-ato-de-bolsonaro\/#breadcrumb","itemListElement":[{"@type":"ListItem","position":1,"name":"In\u00edcio","item":"https:\/\/jornalboasnoticias.com.br\/home\/"},{"@type":"ListItem","position":2,"name":"Malafaia promete vers\u00e3o mais leve, mas sem &#8216;Silinhas paz e amor&#8217;, em ato de Bolsonaro"}]},{"@type":"WebSite","@id":"https:\/\/jornalboasnoticias.com.br\/home\/#website","url":"https:\/\/jornalboasnoticias.com.br\/home\/","name":"Jornal Boas Not\u00edcias","description":"Boas not\u00edcias","publisher":{"@id":"https:\/\/jornalboasnoticias.com.br\/home\/#organization"},"potentialAction":[{"@type":"SearchAction","target":{"@type":"EntryPoint","urlTemplate":"https:\/\/jornalboasnoticias.com.br\/home\/?s={search_term_string}"},"query-input":{"@type":"PropertyValueSpecification","valueRequired":true,"valueName":"search_term_string"}}],"inLanguage":"pt-BR"},{"@type":"Organization","@id":"https:\/\/jornalboasnoticias.com.br\/home\/#organization","name":"Coq Editora Ltda","alternateName":"Jornal Boas Noticias","url":"https:\/\/jornalboasnoticias.com.br\/home\/","logo":{"@type":"ImageObject","inLanguage":"pt-BR","@id":"https:\/\/jornalboasnoticias.com.br\/home\/#\/schema\/logo\/image\/","url":"https:\/\/jornalboasnoticias.com.br\/home\/wp-content\/uploads\/2024\/07\/cropped-logo.jpg","contentUrl":"https:\/\/jornalboasnoticias.com.br\/home\/wp-content\/uploads\/2024\/07\/cropped-logo.jpg","width":290,"height":142,"caption":"Coq Editora Ltda"},"image":{"@id":"https:\/\/jornalboasnoticias.com.br\/home\/#\/schema\/logo\/image\/"},"sameAs":["https:\/\/www.facebook.com\/boasnoticiasjornal"]},{"@type":"Person","@id":"https:\/\/jornalboasnoticias.com.br\/home\/#\/schema\/person\/75f9ebde398c998c166475fb446bda62","name":"Luiz Carlos da Cruz","image":{"@type":"ImageObject","inLanguage":"pt-BR","@id":"https:\/\/secure.gravatar.com\/avatar\/e6f4f45301b6cb8572f7b076572e8ac11c1db80e805d8c8d0858cf286ce3ac3b?s=96&d=mm&r=g","url":"https:\/\/secure.gravatar.com\/avatar\/e6f4f45301b6cb8572f7b076572e8ac11c1db80e805d8c8d0858cf286ce3ac3b?s=96&d=mm&r=g","contentUrl":"https:\/\/secure.gravatar.com\/avatar\/e6f4f45301b6cb8572f7b076572e8ac11c1db80e805d8c8d0858cf286ce3ac3b?s=96&d=mm&r=g","caption":"Luiz Carlos da Cruz"},"url":"https:\/\/jornalboasnoticias.com.br\/home\/author\/luiz-carlos-da-cruz\/"}]}},"_links":{"self":[{"href":"https:\/\/jornalboasnoticias.com.br\/home\/wp-json\/wp\/v2\/posts\/42653","targetHints":{"allow":["GET"]}}],"collection":[{"href":"https:\/\/jornalboasnoticias.com.br\/home\/wp-json\/wp\/v2\/posts"}],"about":[{"href":"https:\/\/jornalboasnoticias.com.br\/home\/wp-json\/wp\/v2\/types\/post"}],"author":[{"embeddable":true,"href":"https:\/\/jornalboasnoticias.com.br\/home\/wp-json\/wp\/v2\/users\/3"}],"replies":[{"embeddable":true,"href":"https:\/\/jornalboasnoticias.com.br\/home\/wp-json\/wp\/v2\/comments?post=42653"}],"version-history":[{"count":0,"href":"https:\/\/jornalboasnoticias.com.br\/home\/wp-json\/wp\/v2\/posts\/42653\/revisions"}],"wp:featuredmedia":[{"embeddable":true,"href":"https:\/\/jornalboasnoticias.com.br\/home\/wp-json\/wp\/v2\/media\/42654"}],"wp:attachment":[{"href":"https:\/\/jornalboasnoticias.com.br\/home\/wp-json\/wp\/v2\/media?parent=42653"}],"wp:term":[{"taxonomy":"category","embeddable":true,"href":"https:\/\/jornalboasnoticias.com.br\/home\/wp-json\/wp\/v2\/categories?post=42653"},{"taxonomy":"post_tag","embeddable":true,"href":"https:\/\/jornalboasnoticias.com.br\/home\/wp-json\/wp\/v2\/tags?post=42653"}],"curies":[{"name":"wp","href":"https:\/\/api.w.org\/{rel}","templated":true}]}}