{"id":42650,"date":"2024-02-18T18:30:57","date_gmt":"2024-02-18T21:30:57","guid":{"rendered":"https:\/\/www.jornalboasnoticias.com.br\/?p=42650"},"modified":"2024-02-18T18:30:57","modified_gmt":"2024-02-18T21:30:57","slug":"netanyahu-reage-a-fala-de-lula-sobre-holocausto-e-convoca-embaixador","status":"publish","type":"post","link":"https:\/\/jornalboasnoticias.com.br\/home\/netanyahu-reage-a-fala-de-lula-sobre-holocausto-e-convoca-embaixador\/","title":{"rendered":"Netanyahu reage a fala de Lula sobre holocausto e convoca embaixador"},"content":{"rendered":"<p class=\"col-10 offset-1 animated fadeInDown dealy-900 display-8 display-md-8 alt-font font-italic my-1 text-center\" style=\"text-align: center;\"><strong><em>Presidente brasileiro comparou a\u00e7\u00e3o de Israel \u00e0 de Hittler<\/em><\/strong><\/p>\n<p><img loading=\"lazy\" decoding=\"async\" class=\"alignnone size-full wp-image-42651\" src=\"https:\/\/jornalboasnoticias.com.br\/home\/wp-content\/uploads\/2024\/02\/Netanyahu.webp\" alt=\"\" width=\"1170\" height=\"700\" srcset=\"https:\/\/jornalboasnoticias.com.br\/home\/wp-content\/uploads\/2024\/02\/Netanyahu.webp 1170w, https:\/\/jornalboasnoticias.com.br\/home\/wp-content\/uploads\/2024\/02\/Netanyahu-300x179.webp 300w, https:\/\/jornalboasnoticias.com.br\/home\/wp-content\/uploads\/2024\/02\/Netanyahu-1024x613.webp 1024w, https:\/\/jornalboasnoticias.com.br\/home\/wp-content\/uploads\/2024\/02\/Netanyahu-768x459.webp 768w\" sizes=\"auto, (max-width: 1170px) 100vw, 1170px\" \/><\/p>\n<p>O primeiro-ministro de Israel, Benjamin Netanyahu, respondeu neste domingo (18) \u00e0s declara\u00e7\u00f5es do presidente Luiz In\u00e1cio Lula da Silva com cr\u00edticas \u00e0s opera\u00e7\u00f5es israelenses na Faixa de Gaza e ao corte de\u00a0ajuda humanit\u00e1ria\u00a0a habitantes da regi\u00e3o. \u00a0<img decoding=\"async\" src=\"https:\/\/agenciabrasil.ebc.com.br\/ebc.png?id=1581577&amp;o=node\" \/><img decoding=\"async\" src=\"https:\/\/agenciabrasil.ebc.com.br\/ebc.gif?id=1581577&amp;o=node\" \/><\/p>\n<p>Netanyahu disse que a fala feita por Lula equivale a \u201ccruzar uma linha vermelha\u201d, referindo-se a trecho da declara\u00e7\u00e3o de Lula, feita durante viagem oficial \u00e0 Eti\u00f3pia, em que o presidente brasileiro comparou a morte de palestinos na regi\u00e3o \u00e0 matan\u00e7a de judeus promovida por Adolf Hitler.<\/p>\n<p>\u201cAs palavras do presidente do Brasil s\u00e3o vergonhosas e graves. Trata-se de banalizar o Holocausto e de tentar prejudicar o povo judeu e o direito de Israel se defender\u201d, escreveu o premi\u00ea israelense em sua conta verificada na rede social X.<\/p>\n<p>Ele acrescentou que determinou a convoca\u00e7\u00e3o do embaixador do Brasil em Israel para uma dura conversa de reprimenda. O ministro das Rela\u00e7\u00f5es Exteriores israelense, Israel Katz, tamb\u00e9m publicou no X que a fala de Lula foi \u201cvergonhosa\u201d e confirmou a convoca\u00e7\u00e3o do embaixador brasileiro para esclarecimentos.<\/p>\n<p>Mais cedo, Lula voltou a classificar as mortes de civis em Gaza de \u201cgenoc\u00eddio\u201d, criticou pa\u00edses desenvolvidos por reduzirem ou cortarem a ajuda humanit\u00e1ria na regi\u00e3o e disse que \u201co que est\u00e1 acontecendo na Faixa de Gaza com o povo palestino n\u00e3o existiu em nenhum momento hist\u00f3rico.\u00a0Ali\u00e1s, existiu quando Hitler resolveu matar os judeus\u201d.<\/p>\n<p>A fala causou rea\u00e7\u00e3o de entidades como a Confedera\u00e7\u00e3o Israelita no Brasil (Conib), que divulgou nota repudiando a compara\u00e7\u00e3o e na qual diz que a declara\u00e7\u00e3o do presidente \u00e9 uma \u201cdistor\u00e7\u00e3o perversa da realidade\u201d.<\/p>\n<p>\u201cOs nazistas exterminaram 6 milh\u00f5es de judeus indefesos na Europa, somente por serem judeus. J\u00e1 Israel est\u00e1 se defendendo de um grupo terrorista que invadiu o pa\u00eds, matou mais de mil pessoas, promoveu estupros em massa, queimou pessoas vivas e defende em sua carta de funda\u00e7\u00e3o a elimina\u00e7\u00e3o do Estado judeu\u201d, continua o texto da Conib.<\/p>\n<p>A Federa\u00e7\u00e3o \u00c1rabe Palestina no Brasil, por sua vez, comentou a declara\u00e7\u00e3o de Netanyahu e sugeriu que \u201ctalvez seja hora de cortar rela\u00e7\u00f5es com o Israel\u201d.<\/p>\n<p><em>Ag\u00eancia Brasil<\/em><\/p>\n","protected":false},"excerpt":{"rendered":"<p>Presidente brasileiro comparou a\u00e7\u00e3o de Israel \u00e0 de Hittler O primeiro-ministro de Israel, Benjamin Netanyahu,<\/p>\n","protected":false},"author":3,"featured_media":42651,"comment_status":"open","ping_status":"open","sticky":false,"template":"","format":"standard","meta":{"footnotes":""},"categories":[3,9],"tags":[],"class_list":["post-42650","post","type-post","status-publish","format-standard","has-post-thumbnail","hentry","category-destaques","category-internacional"],"yoast_head":"<!-- This site is optimized with the Yoast SEO plugin v27.5 - https:\/\/yoast.com\/product\/yoast-seo-wordpress\/ -->\n<title>Netanyahu reage a fala de Lula sobre holocausto e convoca embaixador - Jornal<\/title>\n<meta name=\"description\" content=\"Netanyahu reage a fala de Lula sobre holocausto e convoca embaixador\" \/>\n<meta name=\"robots\" content=\"index, follow, max-snippet:-1, max-image-preview:large, max-video-preview:-1\" \/>\n<link rel=\"canonical\" href=\"https:\/\/jornalboasnoticias.com.br\/home\/netanyahu-reage-a-fala-de-lula-sobre-holocausto-e-convoca-embaixador\/\" \/>\n<meta property=\"og:locale\" content=\"pt_BR\" \/>\n<meta property=\"og:type\" content=\"article\" \/>\n<meta property=\"og:title\" content=\"Netanyahu reage a fala de Lula sobre holocausto e convoca embaixador - Jornal\" \/>\n<meta property=\"og:description\" content=\"Netanyahu reage a fala de Lula sobre holocausto e convoca embaixador\" \/>\n<meta property=\"og:url\" content=\"https:\/\/jornalboasnoticias.com.br\/home\/netanyahu-reage-a-fala-de-lula-sobre-holocausto-e-convoca-embaixador\/\" \/>\n<meta property=\"og:site_name\" content=\"Jornal\" \/>\n<meta property=\"article:publisher\" content=\"https:\/\/www.facebook.com\/boasnoticiasjornal\" \/>\n<meta property=\"article:published_time\" content=\"2024-02-18T21:30:57+00:00\" \/>\n<meta property=\"og:image\" content=\"https:\/\/jornalboasnoticias.com.br\/home\/wp-content\/uploads\/2024\/02\/Netanyahu.webp\" \/>\n\t<meta property=\"og:image:width\" content=\"1170\" \/>\n\t<meta property=\"og:image:height\" content=\"700\" \/>\n\t<meta property=\"og:image:type\" content=\"image\/webp\" \/>\n<meta name=\"author\" content=\"Luiz Carlos da Cruz\" \/>\n<meta name=\"twitter:card\" content=\"summary_large_image\" \/>\n<meta name=\"twitter:label1\" content=\"Escrito por\" \/>\n\t<meta name=\"twitter:data1\" content=\"Luiz Carlos da Cruz\" \/>\n\t<meta name=\"twitter:label2\" content=\"Est. tempo de leitura\" \/>\n\t<meta name=\"twitter:data2\" content=\"2 minutos\" \/>\n<script type=\"application\/ld+json\" class=\"yoast-schema-graph\">{\"@context\":\"https:\\\/\\\/schema.org\",\"@graph\":[{\"@type\":\"Article\",\"@id\":\"https:\\\/\\\/jornalboasnoticias.com.br\\\/home\\\/netanyahu-reage-a-fala-de-lula-sobre-holocausto-e-convoca-embaixador\\\/#article\",\"isPartOf\":{\"@id\":\"https:\\\/\\\/jornalboasnoticias.com.br\\\/home\\\/netanyahu-reage-a-fala-de-lula-sobre-holocausto-e-convoca-embaixador\\\/\"},\"author\":{\"name\":\"Luiz Carlos da Cruz\",\"@id\":\"https:\\\/\\\/jornalboasnoticias.com.br\\\/home\\\/#\\\/schema\\\/person\\\/75f9ebde398c998c166475fb446bda62\"},\"headline\":\"Netanyahu reage a fala de Lula sobre holocausto e convoca embaixador\",\"datePublished\":\"2024-02-18T21:30:57+00:00\",\"mainEntityOfPage\":{\"@id\":\"https:\\\/\\\/jornalboasnoticias.com.br\\\/home\\\/netanyahu-reage-a-fala-de-lula-sobre-holocausto-e-convoca-embaixador\\\/\"},\"wordCount\":395,\"commentCount\":0,\"publisher\":{\"@id\":\"https:\\\/\\\/jornalboasnoticias.com.br\\\/home\\\/#organization\"},\"image\":{\"@id\":\"https:\\\/\\\/jornalboasnoticias.com.br\\\/home\\\/netanyahu-reage-a-fala-de-lula-sobre-holocausto-e-convoca-embaixador\\\/#primaryimage\"},\"thumbnailUrl\":\"https:\\\/\\\/jornalboasnoticias.com.br\\\/home\\\/wp-content\\\/uploads\\\/2024\\\/02\\\/Netanyahu.webp\",\"articleSection\":[\"DESTAQUE\",\"INTERNACIONAL\"],\"inLanguage\":\"pt-BR\",\"potentialAction\":[{\"@type\":\"CommentAction\",\"name\":\"Comment\",\"target\":[\"https:\\\/\\\/jornalboasnoticias.com.br\\\/home\\\/netanyahu-reage-a-fala-de-lula-sobre-holocausto-e-convoca-embaixador\\\/#respond\"]}]},{\"@type\":\"WebPage\",\"@id\":\"https:\\\/\\\/jornalboasnoticias.com.br\\\/home\\\/netanyahu-reage-a-fala-de-lula-sobre-holocausto-e-convoca-embaixador\\\/\",\"url\":\"https:\\\/\\\/jornalboasnoticias.com.br\\\/home\\\/netanyahu-reage-a-fala-de-lula-sobre-holocausto-e-convoca-embaixador\\\/\",\"name\":\"Netanyahu reage a fala de Lula sobre holocausto e convoca embaixador - Jornal\",\"isPartOf\":{\"@id\":\"https:\\\/\\\/jornalboasnoticias.com.br\\\/home\\\/#website\"},\"primaryImageOfPage\":{\"@id\":\"https:\\\/\\\/jornalboasnoticias.com.br\\\/home\\\/netanyahu-reage-a-fala-de-lula-sobre-holocausto-e-convoca-embaixador\\\/#primaryimage\"},\"image\":{\"@id\":\"https:\\\/\\\/jornalboasnoticias.com.br\\\/home\\\/netanyahu-reage-a-fala-de-lula-sobre-holocausto-e-convoca-embaixador\\\/#primaryimage\"},\"thumbnailUrl\":\"https:\\\/\\\/jornalboasnoticias.com.br\\\/home\\\/wp-content\\\/uploads\\\/2024\\\/02\\\/Netanyahu.webp\",\"datePublished\":\"2024-02-18T21:30:57+00:00\",\"description\":\"Netanyahu reage a fala de Lula sobre holocausto e convoca embaixador\",\"breadcrumb\":{\"@id\":\"https:\\\/\\\/jornalboasnoticias.com.br\\\/home\\\/netanyahu-reage-a-fala-de-lula-sobre-holocausto-e-convoca-embaixador\\\/#breadcrumb\"},\"inLanguage\":\"pt-BR\",\"potentialAction\":[{\"@type\":\"ReadAction\",\"target\":[\"https:\\\/\\\/jornalboasnoticias.com.br\\\/home\\\/netanyahu-reage-a-fala-de-lula-sobre-holocausto-e-convoca-embaixador\\\/\"]}]},{\"@type\":\"ImageObject\",\"inLanguage\":\"pt-BR\",\"@id\":\"https:\\\/\\\/jornalboasnoticias.com.br\\\/home\\\/netanyahu-reage-a-fala-de-lula-sobre-holocausto-e-convoca-embaixador\\\/#primaryimage\",\"url\":\"https:\\\/\\\/jornalboasnoticias.com.br\\\/home\\\/wp-content\\\/uploads\\\/2024\\\/02\\\/Netanyahu.webp\",\"contentUrl\":\"https:\\\/\\\/jornalboasnoticias.com.br\\\/home\\\/wp-content\\\/uploads\\\/2024\\\/02\\\/Netanyahu.webp\",\"width\":1170,\"height\":700},{\"@type\":\"BreadcrumbList\",\"@id\":\"https:\\\/\\\/jornalboasnoticias.com.br\\\/home\\\/netanyahu-reage-a-fala-de-lula-sobre-holocausto-e-convoca-embaixador\\\/#breadcrumb\",\"itemListElement\":[{\"@type\":\"ListItem\",\"position\":1,\"name\":\"In\u00edcio\",\"item\":\"https:\\\/\\\/jornalboasnoticias.com.br\\\/home\\\/\"},{\"@type\":\"ListItem\",\"position\":2,\"name\":\"Netanyahu reage a fala de Lula sobre holocausto e convoca embaixador\"}]},{\"@type\":\"WebSite\",\"@id\":\"https:\\\/\\\/jornalboasnoticias.com.br\\\/home\\\/#website\",\"url\":\"https:\\\/\\\/jornalboasnoticias.com.br\\\/home\\\/\",\"name\":\"Jornal Boas Not\u00edcias\",\"description\":\"Boas not\u00edcias\",\"publisher\":{\"@id\":\"https:\\\/\\\/jornalboasnoticias.com.br\\\/home\\\/#organization\"},\"potentialAction\":[{\"@type\":\"SearchAction\",\"target\":{\"@type\":\"EntryPoint\",\"urlTemplate\":\"https:\\\/\\\/jornalboasnoticias.com.br\\\/home\\\/?s={search_term_string}\"},\"query-input\":{\"@type\":\"PropertyValueSpecification\",\"valueRequired\":true,\"valueName\":\"search_term_string\"}}],\"inLanguage\":\"pt-BR\"},{\"@type\":\"Organization\",\"@id\":\"https:\\\/\\\/jornalboasnoticias.com.br\\\/home\\\/#organization\",\"name\":\"Coq Editora Ltda\",\"alternateName\":\"Jornal Boas Noticias\",\"url\":\"https:\\\/\\\/jornalboasnoticias.com.br\\\/home\\\/\",\"logo\":{\"@type\":\"ImageObject\",\"inLanguage\":\"pt-BR\",\"@id\":\"https:\\\/\\\/jornalboasnoticias.com.br\\\/home\\\/#\\\/schema\\\/logo\\\/image\\\/\",\"url\":\"https:\\\/\\\/jornalboasnoticias.com.br\\\/home\\\/wp-content\\\/uploads\\\/2024\\\/07\\\/cropped-logo.jpg\",\"contentUrl\":\"https:\\\/\\\/jornalboasnoticias.com.br\\\/home\\\/wp-content\\\/uploads\\\/2024\\\/07\\\/cropped-logo.jpg\",\"width\":290,\"height\":142,\"caption\":\"Coq Editora Ltda\"},\"image\":{\"@id\":\"https:\\\/\\\/jornalboasnoticias.com.br\\\/home\\\/#\\\/schema\\\/logo\\\/image\\\/\"},\"sameAs\":[\"https:\\\/\\\/www.facebook.com\\\/boasnoticiasjornal\"]},{\"@type\":\"Person\",\"@id\":\"https:\\\/\\\/jornalboasnoticias.com.br\\\/home\\\/#\\\/schema\\\/person\\\/75f9ebde398c998c166475fb446bda62\",\"name\":\"Luiz Carlos da Cruz\",\"image\":{\"@type\":\"ImageObject\",\"inLanguage\":\"pt-BR\",\"@id\":\"https:\\\/\\\/secure.gravatar.com\\\/avatar\\\/e6f4f45301b6cb8572f7b076572e8ac11c1db80e805d8c8d0858cf286ce3ac3b?s=96&d=mm&r=g\",\"url\":\"https:\\\/\\\/secure.gravatar.com\\\/avatar\\\/e6f4f45301b6cb8572f7b076572e8ac11c1db80e805d8c8d0858cf286ce3ac3b?s=96&d=mm&r=g\",\"contentUrl\":\"https:\\\/\\\/secure.gravatar.com\\\/avatar\\\/e6f4f45301b6cb8572f7b076572e8ac11c1db80e805d8c8d0858cf286ce3ac3b?s=96&d=mm&r=g\",\"caption\":\"Luiz Carlos da Cruz\"},\"url\":\"https:\\\/\\\/jornalboasnoticias.com.br\\\/home\\\/author\\\/luiz-carlos-da-cruz\\\/\"}]}<\/script>\n<!-- \/ Yoast SEO plugin. -->","yoast_head_json":{"title":"Netanyahu reage a fala de Lula sobre holocausto e convoca embaixador - Jornal","description":"Netanyahu reage a fala de Lula sobre holocausto e convoca embaixador","robots":{"index":"index","follow":"follow","max-snippet":"max-snippet:-1","max-image-preview":"max-image-preview:large","max-video-preview":"max-video-preview:-1"},"canonical":"https:\/\/jornalboasnoticias.com.br\/home\/netanyahu-reage-a-fala-de-lula-sobre-holocausto-e-convoca-embaixador\/","og_locale":"pt_BR","og_type":"article","og_title":"Netanyahu reage a fala de Lula sobre holocausto e convoca embaixador - Jornal","og_description":"Netanyahu reage a fala de Lula sobre holocausto e convoca embaixador","og_url":"https:\/\/jornalboasnoticias.com.br\/home\/netanyahu-reage-a-fala-de-lula-sobre-holocausto-e-convoca-embaixador\/","og_site_name":"Jornal","article_publisher":"https:\/\/www.facebook.com\/boasnoticiasjornal","article_published_time":"2024-02-18T21:30:57+00:00","og_image":[{"width":1170,"height":700,"url":"https:\/\/jornalboasnoticias.com.br\/home\/wp-content\/uploads\/2024\/02\/Netanyahu.webp","type":"image\/webp"}],"author":"Luiz Carlos da Cruz","twitter_card":"summary_large_image","twitter_misc":{"Escrito por":"Luiz Carlos da Cruz","Est. tempo de leitura":"2 minutos"},"schema":{"@context":"https:\/\/schema.org","@graph":[{"@type":"Article","@id":"https:\/\/jornalboasnoticias.com.br\/home\/netanyahu-reage-a-fala-de-lula-sobre-holocausto-e-convoca-embaixador\/#article","isPartOf":{"@id":"https:\/\/jornalboasnoticias.com.br\/home\/netanyahu-reage-a-fala-de-lula-sobre-holocausto-e-convoca-embaixador\/"},"author":{"name":"Luiz Carlos da Cruz","@id":"https:\/\/jornalboasnoticias.com.br\/home\/#\/schema\/person\/75f9ebde398c998c166475fb446bda62"},"headline":"Netanyahu reage a fala de Lula sobre holocausto e convoca embaixador","datePublished":"2024-02-18T21:30:57+00:00","mainEntityOfPage":{"@id":"https:\/\/jornalboasnoticias.com.br\/home\/netanyahu-reage-a-fala-de-lula-sobre-holocausto-e-convoca-embaixador\/"},"wordCount":395,"commentCount":0,"publisher":{"@id":"https:\/\/jornalboasnoticias.com.br\/home\/#organization"},"image":{"@id":"https:\/\/jornalboasnoticias.com.br\/home\/netanyahu-reage-a-fala-de-lula-sobre-holocausto-e-convoca-embaixador\/#primaryimage"},"thumbnailUrl":"https:\/\/jornalboasnoticias.com.br\/home\/wp-content\/uploads\/2024\/02\/Netanyahu.webp","articleSection":["DESTAQUE","INTERNACIONAL"],"inLanguage":"pt-BR","potentialAction":[{"@type":"CommentAction","name":"Comment","target":["https:\/\/jornalboasnoticias.com.br\/home\/netanyahu-reage-a-fala-de-lula-sobre-holocausto-e-convoca-embaixador\/#respond"]}]},{"@type":"WebPage","@id":"https:\/\/jornalboasnoticias.com.br\/home\/netanyahu-reage-a-fala-de-lula-sobre-holocausto-e-convoca-embaixador\/","url":"https:\/\/jornalboasnoticias.com.br\/home\/netanyahu-reage-a-fala-de-lula-sobre-holocausto-e-convoca-embaixador\/","name":"Netanyahu reage a fala de Lula sobre holocausto e convoca embaixador - Jornal","isPartOf":{"@id":"https:\/\/jornalboasnoticias.com.br\/home\/#website"},"primaryImageOfPage":{"@id":"https:\/\/jornalboasnoticias.com.br\/home\/netanyahu-reage-a-fala-de-lula-sobre-holocausto-e-convoca-embaixador\/#primaryimage"},"image":{"@id":"https:\/\/jornalboasnoticias.com.br\/home\/netanyahu-reage-a-fala-de-lula-sobre-holocausto-e-convoca-embaixador\/#primaryimage"},"thumbnailUrl":"https:\/\/jornalboasnoticias.com.br\/home\/wp-content\/uploads\/2024\/02\/Netanyahu.webp","datePublished":"2024-02-18T21:30:57+00:00","description":"Netanyahu reage a fala de Lula sobre holocausto e convoca embaixador","breadcrumb":{"@id":"https:\/\/jornalboasnoticias.com.br\/home\/netanyahu-reage-a-fala-de-lula-sobre-holocausto-e-convoca-embaixador\/#breadcrumb"},"inLanguage":"pt-BR","potentialAction":[{"@type":"ReadAction","target":["https:\/\/jornalboasnoticias.com.br\/home\/netanyahu-reage-a-fala-de-lula-sobre-holocausto-e-convoca-embaixador\/"]}]},{"@type":"ImageObject","inLanguage":"pt-BR","@id":"https:\/\/jornalboasnoticias.com.br\/home\/netanyahu-reage-a-fala-de-lula-sobre-holocausto-e-convoca-embaixador\/#primaryimage","url":"https:\/\/jornalboasnoticias.com.br\/home\/wp-content\/uploads\/2024\/02\/Netanyahu.webp","contentUrl":"https:\/\/jornalboasnoticias.com.br\/home\/wp-content\/uploads\/2024\/02\/Netanyahu.webp","width":1170,"height":700},{"@type":"BreadcrumbList","@id":"https:\/\/jornalboasnoticias.com.br\/home\/netanyahu-reage-a-fala-de-lula-sobre-holocausto-e-convoca-embaixador\/#breadcrumb","itemListElement":[{"@type":"ListItem","position":1,"name":"In\u00edcio","item":"https:\/\/jornalboasnoticias.com.br\/home\/"},{"@type":"ListItem","position":2,"name":"Netanyahu reage a fala de Lula sobre holocausto e convoca embaixador"}]},{"@type":"WebSite","@id":"https:\/\/jornalboasnoticias.com.br\/home\/#website","url":"https:\/\/jornalboasnoticias.com.br\/home\/","name":"Jornal Boas Not\u00edcias","description":"Boas not\u00edcias","publisher":{"@id":"https:\/\/jornalboasnoticias.com.br\/home\/#organization"},"potentialAction":[{"@type":"SearchAction","target":{"@type":"EntryPoint","urlTemplate":"https:\/\/jornalboasnoticias.com.br\/home\/?s={search_term_string}"},"query-input":{"@type":"PropertyValueSpecification","valueRequired":true,"valueName":"search_term_string"}}],"inLanguage":"pt-BR"},{"@type":"Organization","@id":"https:\/\/jornalboasnoticias.com.br\/home\/#organization","name":"Coq Editora Ltda","alternateName":"Jornal Boas Noticias","url":"https:\/\/jornalboasnoticias.com.br\/home\/","logo":{"@type":"ImageObject","inLanguage":"pt-BR","@id":"https:\/\/jornalboasnoticias.com.br\/home\/#\/schema\/logo\/image\/","url":"https:\/\/jornalboasnoticias.com.br\/home\/wp-content\/uploads\/2024\/07\/cropped-logo.jpg","contentUrl":"https:\/\/jornalboasnoticias.com.br\/home\/wp-content\/uploads\/2024\/07\/cropped-logo.jpg","width":290,"height":142,"caption":"Coq Editora Ltda"},"image":{"@id":"https:\/\/jornalboasnoticias.com.br\/home\/#\/schema\/logo\/image\/"},"sameAs":["https:\/\/www.facebook.com\/boasnoticiasjornal"]},{"@type":"Person","@id":"https:\/\/jornalboasnoticias.com.br\/home\/#\/schema\/person\/75f9ebde398c998c166475fb446bda62","name":"Luiz Carlos da Cruz","image":{"@type":"ImageObject","inLanguage":"pt-BR","@id":"https:\/\/secure.gravatar.com\/avatar\/e6f4f45301b6cb8572f7b076572e8ac11c1db80e805d8c8d0858cf286ce3ac3b?s=96&d=mm&r=g","url":"https:\/\/secure.gravatar.com\/avatar\/e6f4f45301b6cb8572f7b076572e8ac11c1db80e805d8c8d0858cf286ce3ac3b?s=96&d=mm&r=g","contentUrl":"https:\/\/secure.gravatar.com\/avatar\/e6f4f45301b6cb8572f7b076572e8ac11c1db80e805d8c8d0858cf286ce3ac3b?s=96&d=mm&r=g","caption":"Luiz Carlos da Cruz"},"url":"https:\/\/jornalboasnoticias.com.br\/home\/author\/luiz-carlos-da-cruz\/"}]}},"_links":{"self":[{"href":"https:\/\/jornalboasnoticias.com.br\/home\/wp-json\/wp\/v2\/posts\/42650","targetHints":{"allow":["GET"]}}],"collection":[{"href":"https:\/\/jornalboasnoticias.com.br\/home\/wp-json\/wp\/v2\/posts"}],"about":[{"href":"https:\/\/jornalboasnoticias.com.br\/home\/wp-json\/wp\/v2\/types\/post"}],"author":[{"embeddable":true,"href":"https:\/\/jornalboasnoticias.com.br\/home\/wp-json\/wp\/v2\/users\/3"}],"replies":[{"embeddable":true,"href":"https:\/\/jornalboasnoticias.com.br\/home\/wp-json\/wp\/v2\/comments?post=42650"}],"version-history":[{"count":0,"href":"https:\/\/jornalboasnoticias.com.br\/home\/wp-json\/wp\/v2\/posts\/42650\/revisions"}],"wp:featuredmedia":[{"embeddable":true,"href":"https:\/\/jornalboasnoticias.com.br\/home\/wp-json\/wp\/v2\/media\/42651"}],"wp:attachment":[{"href":"https:\/\/jornalboasnoticias.com.br\/home\/wp-json\/wp\/v2\/media?parent=42650"}],"wp:term":[{"taxonomy":"category","embeddable":true,"href":"https:\/\/jornalboasnoticias.com.br\/home\/wp-json\/wp\/v2\/categories?post=42650"},{"taxonomy":"post_tag","embeddable":true,"href":"https:\/\/jornalboasnoticias.com.br\/home\/wp-json\/wp\/v2\/tags?post=42650"}],"curies":[{"name":"wp","href":"https:\/\/api.w.org\/{rel}","templated":true}]}}