{"id":42644,"date":"2024-02-11T22:22:58","date_gmt":"2024-02-12T01:22:58","guid":{"rendered":"https:\/\/www.jornalboasnoticias.com.br\/?p=42644"},"modified":"2024-02-11T22:22:58","modified_gmt":"2024-02-12T01:22:58","slug":"a-igreja-se-calou-e-as-pedras-estao-clamando","status":"publish","type":"post","link":"https:\/\/jornalboasnoticias.com.br\/home\/a-igreja-se-calou-e-as-pedras-estao-clamando\/","title":{"rendered":"A Igreja se calou e as pedras est\u00e3o clamando"},"content":{"rendered":"<p>&nbsp;<\/p>\n<figure id=\"attachment_40770\" aria-describedby=\"caption-attachment-40770\" style=\"width: 200px\" class=\"wp-caption alignleft\"><img loading=\"lazy\" decoding=\"async\" class=\"wp-image-40770\" src=\"https:\/\/jornalboasnoticias.com.br\/home\/wp-content\/uploads\/2023\/08\/luiz-carlos-e1707700870926-259x365.jpeg\" alt=\"\" width=\"200\" height=\"282\" \/><figcaption id=\"caption-attachment-40770\" class=\"wp-caption-text\">Por Luiz Carlos da Cruz<\/figcaption><\/figure>\n<p>Na madrugada deste domingo, uma declara\u00e7\u00e3o da cantora Baby do Brasil, a ex-Baby Consuelo, durante o Carnaval em Salvador viralizou pelas redes sociais. Em plena festa carnavalesca, ela usou o trio el\u00e9trico para falar de arrebatamento, apocalipse e sobre a busca a Deus enquanto se pode achar, como profetizou Isa\u00edas.<\/p>\n<p>Quando recebi o recorte com a fala, logo lembrei daquela passagem de Lucas 19, quando a multid\u00e3o de disc\u00edpulos gritava: &#8220;Bendito o Rei que vem em nome do Senhor; paz no c\u00e9u, e gl\u00f3ria nas alturas&#8221;. Alguns mestres fariseus pediram para Jesus que mandasse a multid\u00e3o calar a boca, e ele respondeu na lata: &#8220;Se eles se calarem, as pedras clamar\u00e3o!&#8221;<\/p>\n<p>\u00c9 exatamente isso que est\u00e1 acontecendo nos dias atuais. A Igreja de Cristo se calou, mudou a rota, acrescentou outro evangelho e deixou o Evangelho da Salva\u00e7\u00e3o em segundo plano. Hoje, o que importa \u00e9 dizer que Deus vai prosperar, que voc\u00ea ter\u00e1 uma vida terrena abundante na terra com luxo e conforto. Esse outro evangelho s\u00f3 sabe falar que voc\u00ea precisa ajuntar tesouros na terra.<\/p>\n<p>Enquanto as influentes lideran\u00e7as est\u00e3o falando em teologia da prosperidade, est\u00e3o falando &#8220;teologia pol\u00edtica&#8221;, aquela que amaldi\u00e7oa o governo atual, quando deveria orar pelas autoridades, que insulta a alta Corte da Justi\u00e7a do Brasil e prega um modelo pol\u00edtico que satisfaz seu ego, as pedras clamam. Esse mesmo modelo pol\u00edtico invocado nos templos hoje \u00e9 o respons\u00e1vel pela destrui\u00e7\u00e3o da Igreja, n\u00e3o a de Cristo, porque a dEle as portas do inferno n\u00e3o t\u00eam poder de prevalecer sobre ela. A Noiva de Cristo n\u00e3o \u00e9 essa Igreja que aos berros amaldi\u00e7oa governos e, ao mesmo tempo, prega lux\u00faria e riqueza.<\/p>\n<p>\u00c9 bom lembrar que n\u00e3o foi Jesus que, mostrando as riquezas terrenas, prometeu que &#8220;tudo isso te darei se, prostrado, me adorares.&#8221; A quem estamos adorando? A que Deus estamos servindo? \u00c9 por isso que as pedras est\u00e3o clamando. \u00c9 por isso que na festa popular mais prom\u00edscua do Brasil est\u00e1 se falando em arrebatamento da Igreja, em buscar a Deus e estar atentos. Igreja, e aqui eu tamb\u00e9m me incluo, \u00e9 hora de acordarmos.<\/p>\n<p>&nbsp;<\/p>\n<p><iframe loading=\"lazy\" title=\"A Igreja se omitiu e as pedras est\u00e3o clamando! Acorda, Igreja!\" width=\"640\" height=\"480\" src=\"https:\/\/www.youtube.com\/embed\/jnZ1jlcPYN4?feature=oembed\" frameborder=\"0\" allow=\"accelerometer; autoplay; clipboard-write; encrypted-media; gyroscope; picture-in-picture; web-share\" referrerpolicy=\"strict-origin-when-cross-origin\" allowfullscreen><\/iframe><\/p>\n","protected":false},"excerpt":{"rendered":"<p>&nbsp; Na madrugada deste domingo, uma declara\u00e7\u00e3o da cantora Baby do Brasil, a ex-Baby Consuelo,<\/p>\n","protected":false},"author":3,"featured_media":40770,"comment_status":"open","ping_status":"open","sticky":false,"template":"","format":"standard","meta":{"footnotes":""},"categories":[14],"tags":[],"class_list":["post-42644","post","type-post","status-publish","format-standard","has-post-thumbnail","hentry","category-opiniao"],"yoast_head":"<!-- This site is optimized with the Yoast SEO plugin v27.5 - https:\/\/yoast.com\/product\/yoast-seo-wordpress\/ -->\n<title>A Igreja se calou e as pedras est\u00e3o clamando - Jornal<\/title>\n<meta name=\"description\" content=\"A Igreja se calou e as pedras est\u00e3o clamando\" \/>\n<meta name=\"robots\" content=\"index, follow, max-snippet:-1, max-image-preview:large, max-video-preview:-1\" \/>\n<link rel=\"canonical\" href=\"https:\/\/jornalboasnoticias.com.br\/home\/a-igreja-se-calou-e-as-pedras-estao-clamando\/\" \/>\n<meta property=\"og:locale\" content=\"pt_BR\" \/>\n<meta property=\"og:type\" content=\"article\" \/>\n<meta property=\"og:title\" content=\"A Igreja se calou e as pedras est\u00e3o clamando - Jornal\" \/>\n<meta property=\"og:description\" content=\"A Igreja se calou e as pedras est\u00e3o clamando\" \/>\n<meta property=\"og:url\" content=\"https:\/\/jornalboasnoticias.com.br\/home\/a-igreja-se-calou-e-as-pedras-estao-clamando\/\" \/>\n<meta property=\"og:site_name\" content=\"Jornal\" \/>\n<meta property=\"article:publisher\" content=\"https:\/\/www.facebook.com\/boasnoticiasjornal\" \/>\n<meta property=\"article:published_time\" content=\"2024-02-12T01:22:58+00:00\" \/>\n<meta property=\"og:image\" content=\"https:\/\/jornalboasnoticias.com.br\/home\/wp-content\/uploads\/2023\/08\/luiz-carlos-e1707700870926.jpeg\" \/>\n\t<meta property=\"og:image:width\" content=\"848\" \/>\n\t<meta property=\"og:image:height\" content=\"1197\" \/>\n\t<meta property=\"og:image:type\" content=\"image\/jpeg\" \/>\n<meta name=\"author\" content=\"Luiz Carlos da Cruz\" \/>\n<meta name=\"twitter:card\" content=\"summary_large_image\" \/>\n<meta name=\"twitter:label1\" content=\"Escrito por\" \/>\n\t<meta name=\"twitter:data1\" content=\"Luiz Carlos da Cruz\" \/>\n\t<meta name=\"twitter:label2\" content=\"Est. tempo de leitura\" \/>\n\t<meta name=\"twitter:data2\" content=\"2 minutos\" \/>\n<script type=\"application\/ld+json\" class=\"yoast-schema-graph\">{\"@context\":\"https:\\\/\\\/schema.org\",\"@graph\":[{\"@type\":\"Article\",\"@id\":\"https:\\\/\\\/jornalboasnoticias.com.br\\\/home\\\/a-igreja-se-calou-e-as-pedras-estao-clamando\\\/#article\",\"isPartOf\":{\"@id\":\"https:\\\/\\\/jornalboasnoticias.com.br\\\/home\\\/a-igreja-se-calou-e-as-pedras-estao-clamando\\\/\"},\"author\":{\"name\":\"Luiz Carlos da Cruz\",\"@id\":\"https:\\\/\\\/jornalboasnoticias.com.br\\\/home\\\/#\\\/schema\\\/person\\\/75f9ebde398c998c166475fb446bda62\"},\"headline\":\"A Igreja se calou e as pedras est\u00e3o clamando\",\"datePublished\":\"2024-02-12T01:22:58+00:00\",\"mainEntityOfPage\":{\"@id\":\"https:\\\/\\\/jornalboasnoticias.com.br\\\/home\\\/a-igreja-se-calou-e-as-pedras-estao-clamando\\\/\"},\"wordCount\":405,\"commentCount\":0,\"publisher\":{\"@id\":\"https:\\\/\\\/jornalboasnoticias.com.br\\\/home\\\/#organization\"},\"image\":{\"@id\":\"https:\\\/\\\/jornalboasnoticias.com.br\\\/home\\\/a-igreja-se-calou-e-as-pedras-estao-clamando\\\/#primaryimage\"},\"thumbnailUrl\":\"https:\\\/\\\/jornalboasnoticias.com.br\\\/home\\\/wp-content\\\/uploads\\\/2023\\\/08\\\/luiz-carlos-e1707700870926.jpeg\",\"articleSection\":[\"OPINI\u00c3O\"],\"inLanguage\":\"pt-BR\",\"potentialAction\":[{\"@type\":\"CommentAction\",\"name\":\"Comment\",\"target\":[\"https:\\\/\\\/jornalboasnoticias.com.br\\\/home\\\/a-igreja-se-calou-e-as-pedras-estao-clamando\\\/#respond\"]}]},{\"@type\":\"WebPage\",\"@id\":\"https:\\\/\\\/jornalboasnoticias.com.br\\\/home\\\/a-igreja-se-calou-e-as-pedras-estao-clamando\\\/\",\"url\":\"https:\\\/\\\/jornalboasnoticias.com.br\\\/home\\\/a-igreja-se-calou-e-as-pedras-estao-clamando\\\/\",\"name\":\"A Igreja se calou e as pedras est\u00e3o clamando - Jornal\",\"isPartOf\":{\"@id\":\"https:\\\/\\\/jornalboasnoticias.com.br\\\/home\\\/#website\"},\"primaryImageOfPage\":{\"@id\":\"https:\\\/\\\/jornalboasnoticias.com.br\\\/home\\\/a-igreja-se-calou-e-as-pedras-estao-clamando\\\/#primaryimage\"},\"image\":{\"@id\":\"https:\\\/\\\/jornalboasnoticias.com.br\\\/home\\\/a-igreja-se-calou-e-as-pedras-estao-clamando\\\/#primaryimage\"},\"thumbnailUrl\":\"https:\\\/\\\/jornalboasnoticias.com.br\\\/home\\\/wp-content\\\/uploads\\\/2023\\\/08\\\/luiz-carlos-e1707700870926.jpeg\",\"datePublished\":\"2024-02-12T01:22:58+00:00\",\"description\":\"A Igreja se calou e as pedras est\u00e3o clamando\",\"breadcrumb\":{\"@id\":\"https:\\\/\\\/jornalboasnoticias.com.br\\\/home\\\/a-igreja-se-calou-e-as-pedras-estao-clamando\\\/#breadcrumb\"},\"inLanguage\":\"pt-BR\",\"potentialAction\":[{\"@type\":\"ReadAction\",\"target\":[\"https:\\\/\\\/jornalboasnoticias.com.br\\\/home\\\/a-igreja-se-calou-e-as-pedras-estao-clamando\\\/\"]}]},{\"@type\":\"ImageObject\",\"inLanguage\":\"pt-BR\",\"@id\":\"https:\\\/\\\/jornalboasnoticias.com.br\\\/home\\\/a-igreja-se-calou-e-as-pedras-estao-clamando\\\/#primaryimage\",\"url\":\"https:\\\/\\\/jornalboasnoticias.com.br\\\/home\\\/wp-content\\\/uploads\\\/2023\\\/08\\\/luiz-carlos-e1707700870926.jpeg\",\"contentUrl\":\"https:\\\/\\\/jornalboasnoticias.com.br\\\/home\\\/wp-content\\\/uploads\\\/2023\\\/08\\\/luiz-carlos-e1707700870926.jpeg\",\"width\":848,\"height\":1197},{\"@type\":\"BreadcrumbList\",\"@id\":\"https:\\\/\\\/jornalboasnoticias.com.br\\\/home\\\/a-igreja-se-calou-e-as-pedras-estao-clamando\\\/#breadcrumb\",\"itemListElement\":[{\"@type\":\"ListItem\",\"position\":1,\"name\":\"In\u00edcio\",\"item\":\"https:\\\/\\\/jornalboasnoticias.com.br\\\/home\\\/\"},{\"@type\":\"ListItem\",\"position\":2,\"name\":\"A Igreja se calou e as pedras est\u00e3o clamando\"}]},{\"@type\":\"WebSite\",\"@id\":\"https:\\\/\\\/jornalboasnoticias.com.br\\\/home\\\/#website\",\"url\":\"https:\\\/\\\/jornalboasnoticias.com.br\\\/home\\\/\",\"name\":\"Jornal Boas Not\u00edcias\",\"description\":\"Boas not\u00edcias\",\"publisher\":{\"@id\":\"https:\\\/\\\/jornalboasnoticias.com.br\\\/home\\\/#organization\"},\"potentialAction\":[{\"@type\":\"SearchAction\",\"target\":{\"@type\":\"EntryPoint\",\"urlTemplate\":\"https:\\\/\\\/jornalboasnoticias.com.br\\\/home\\\/?s={search_term_string}\"},\"query-input\":{\"@type\":\"PropertyValueSpecification\",\"valueRequired\":true,\"valueName\":\"search_term_string\"}}],\"inLanguage\":\"pt-BR\"},{\"@type\":\"Organization\",\"@id\":\"https:\\\/\\\/jornalboasnoticias.com.br\\\/home\\\/#organization\",\"name\":\"Coq Editora Ltda\",\"alternateName\":\"Jornal Boas Noticias\",\"url\":\"https:\\\/\\\/jornalboasnoticias.com.br\\\/home\\\/\",\"logo\":{\"@type\":\"ImageObject\",\"inLanguage\":\"pt-BR\",\"@id\":\"https:\\\/\\\/jornalboasnoticias.com.br\\\/home\\\/#\\\/schema\\\/logo\\\/image\\\/\",\"url\":\"https:\\\/\\\/jornalboasnoticias.com.br\\\/home\\\/wp-content\\\/uploads\\\/2024\\\/07\\\/cropped-logo.jpg\",\"contentUrl\":\"https:\\\/\\\/jornalboasnoticias.com.br\\\/home\\\/wp-content\\\/uploads\\\/2024\\\/07\\\/cropped-logo.jpg\",\"width\":290,\"height\":142,\"caption\":\"Coq Editora Ltda\"},\"image\":{\"@id\":\"https:\\\/\\\/jornalboasnoticias.com.br\\\/home\\\/#\\\/schema\\\/logo\\\/image\\\/\"},\"sameAs\":[\"https:\\\/\\\/www.facebook.com\\\/boasnoticiasjornal\"]},{\"@type\":\"Person\",\"@id\":\"https:\\\/\\\/jornalboasnoticias.com.br\\\/home\\\/#\\\/schema\\\/person\\\/75f9ebde398c998c166475fb446bda62\",\"name\":\"Luiz Carlos da Cruz\",\"image\":{\"@type\":\"ImageObject\",\"inLanguage\":\"pt-BR\",\"@id\":\"https:\\\/\\\/secure.gravatar.com\\\/avatar\\\/e6f4f45301b6cb8572f7b076572e8ac11c1db80e805d8c8d0858cf286ce3ac3b?s=96&d=mm&r=g\",\"url\":\"https:\\\/\\\/secure.gravatar.com\\\/avatar\\\/e6f4f45301b6cb8572f7b076572e8ac11c1db80e805d8c8d0858cf286ce3ac3b?s=96&d=mm&r=g\",\"contentUrl\":\"https:\\\/\\\/secure.gravatar.com\\\/avatar\\\/e6f4f45301b6cb8572f7b076572e8ac11c1db80e805d8c8d0858cf286ce3ac3b?s=96&d=mm&r=g\",\"caption\":\"Luiz Carlos da Cruz\"},\"url\":\"https:\\\/\\\/jornalboasnoticias.com.br\\\/home\\\/author\\\/luiz-carlos-da-cruz\\\/\"}]}<\/script>\n<!-- \/ Yoast SEO plugin. -->","yoast_head_json":{"title":"A Igreja se calou e as pedras est\u00e3o clamando - Jornal","description":"A Igreja se calou e as pedras est\u00e3o clamando","robots":{"index":"index","follow":"follow","max-snippet":"max-snippet:-1","max-image-preview":"max-image-preview:large","max-video-preview":"max-video-preview:-1"},"canonical":"https:\/\/jornalboasnoticias.com.br\/home\/a-igreja-se-calou-e-as-pedras-estao-clamando\/","og_locale":"pt_BR","og_type":"article","og_title":"A Igreja se calou e as pedras est\u00e3o clamando - Jornal","og_description":"A Igreja se calou e as pedras est\u00e3o clamando","og_url":"https:\/\/jornalboasnoticias.com.br\/home\/a-igreja-se-calou-e-as-pedras-estao-clamando\/","og_site_name":"Jornal","article_publisher":"https:\/\/www.facebook.com\/boasnoticiasjornal","article_published_time":"2024-02-12T01:22:58+00:00","og_image":[{"width":848,"height":1197,"url":"https:\/\/jornalboasnoticias.com.br\/home\/wp-content\/uploads\/2023\/08\/luiz-carlos-e1707700870926.jpeg","type":"image\/jpeg"}],"author":"Luiz Carlos da Cruz","twitter_card":"summary_large_image","twitter_misc":{"Escrito por":"Luiz Carlos da Cruz","Est. tempo de leitura":"2 minutos"},"schema":{"@context":"https:\/\/schema.org","@graph":[{"@type":"Article","@id":"https:\/\/jornalboasnoticias.com.br\/home\/a-igreja-se-calou-e-as-pedras-estao-clamando\/#article","isPartOf":{"@id":"https:\/\/jornalboasnoticias.com.br\/home\/a-igreja-se-calou-e-as-pedras-estao-clamando\/"},"author":{"name":"Luiz Carlos da Cruz","@id":"https:\/\/jornalboasnoticias.com.br\/home\/#\/schema\/person\/75f9ebde398c998c166475fb446bda62"},"headline":"A Igreja se calou e as pedras est\u00e3o clamando","datePublished":"2024-02-12T01:22:58+00:00","mainEntityOfPage":{"@id":"https:\/\/jornalboasnoticias.com.br\/home\/a-igreja-se-calou-e-as-pedras-estao-clamando\/"},"wordCount":405,"commentCount":0,"publisher":{"@id":"https:\/\/jornalboasnoticias.com.br\/home\/#organization"},"image":{"@id":"https:\/\/jornalboasnoticias.com.br\/home\/a-igreja-se-calou-e-as-pedras-estao-clamando\/#primaryimage"},"thumbnailUrl":"https:\/\/jornalboasnoticias.com.br\/home\/wp-content\/uploads\/2023\/08\/luiz-carlos-e1707700870926.jpeg","articleSection":["OPINI\u00c3O"],"inLanguage":"pt-BR","potentialAction":[{"@type":"CommentAction","name":"Comment","target":["https:\/\/jornalboasnoticias.com.br\/home\/a-igreja-se-calou-e-as-pedras-estao-clamando\/#respond"]}]},{"@type":"WebPage","@id":"https:\/\/jornalboasnoticias.com.br\/home\/a-igreja-se-calou-e-as-pedras-estao-clamando\/","url":"https:\/\/jornalboasnoticias.com.br\/home\/a-igreja-se-calou-e-as-pedras-estao-clamando\/","name":"A Igreja se calou e as pedras est\u00e3o clamando - Jornal","isPartOf":{"@id":"https:\/\/jornalboasnoticias.com.br\/home\/#website"},"primaryImageOfPage":{"@id":"https:\/\/jornalboasnoticias.com.br\/home\/a-igreja-se-calou-e-as-pedras-estao-clamando\/#primaryimage"},"image":{"@id":"https:\/\/jornalboasnoticias.com.br\/home\/a-igreja-se-calou-e-as-pedras-estao-clamando\/#primaryimage"},"thumbnailUrl":"https:\/\/jornalboasnoticias.com.br\/home\/wp-content\/uploads\/2023\/08\/luiz-carlos-e1707700870926.jpeg","datePublished":"2024-02-12T01:22:58+00:00","description":"A Igreja se calou e as pedras est\u00e3o clamando","breadcrumb":{"@id":"https:\/\/jornalboasnoticias.com.br\/home\/a-igreja-se-calou-e-as-pedras-estao-clamando\/#breadcrumb"},"inLanguage":"pt-BR","potentialAction":[{"@type":"ReadAction","target":["https:\/\/jornalboasnoticias.com.br\/home\/a-igreja-se-calou-e-as-pedras-estao-clamando\/"]}]},{"@type":"ImageObject","inLanguage":"pt-BR","@id":"https:\/\/jornalboasnoticias.com.br\/home\/a-igreja-se-calou-e-as-pedras-estao-clamando\/#primaryimage","url":"https:\/\/jornalboasnoticias.com.br\/home\/wp-content\/uploads\/2023\/08\/luiz-carlos-e1707700870926.jpeg","contentUrl":"https:\/\/jornalboasnoticias.com.br\/home\/wp-content\/uploads\/2023\/08\/luiz-carlos-e1707700870926.jpeg","width":848,"height":1197},{"@type":"BreadcrumbList","@id":"https:\/\/jornalboasnoticias.com.br\/home\/a-igreja-se-calou-e-as-pedras-estao-clamando\/#breadcrumb","itemListElement":[{"@type":"ListItem","position":1,"name":"In\u00edcio","item":"https:\/\/jornalboasnoticias.com.br\/home\/"},{"@type":"ListItem","position":2,"name":"A Igreja se calou e as pedras est\u00e3o clamando"}]},{"@type":"WebSite","@id":"https:\/\/jornalboasnoticias.com.br\/home\/#website","url":"https:\/\/jornalboasnoticias.com.br\/home\/","name":"Jornal Boas Not\u00edcias","description":"Boas not\u00edcias","publisher":{"@id":"https:\/\/jornalboasnoticias.com.br\/home\/#organization"},"potentialAction":[{"@type":"SearchAction","target":{"@type":"EntryPoint","urlTemplate":"https:\/\/jornalboasnoticias.com.br\/home\/?s={search_term_string}"},"query-input":{"@type":"PropertyValueSpecification","valueRequired":true,"valueName":"search_term_string"}}],"inLanguage":"pt-BR"},{"@type":"Organization","@id":"https:\/\/jornalboasnoticias.com.br\/home\/#organization","name":"Coq Editora Ltda","alternateName":"Jornal Boas Noticias","url":"https:\/\/jornalboasnoticias.com.br\/home\/","logo":{"@type":"ImageObject","inLanguage":"pt-BR","@id":"https:\/\/jornalboasnoticias.com.br\/home\/#\/schema\/logo\/image\/","url":"https:\/\/jornalboasnoticias.com.br\/home\/wp-content\/uploads\/2024\/07\/cropped-logo.jpg","contentUrl":"https:\/\/jornalboasnoticias.com.br\/home\/wp-content\/uploads\/2024\/07\/cropped-logo.jpg","width":290,"height":142,"caption":"Coq Editora Ltda"},"image":{"@id":"https:\/\/jornalboasnoticias.com.br\/home\/#\/schema\/logo\/image\/"},"sameAs":["https:\/\/www.facebook.com\/boasnoticiasjornal"]},{"@type":"Person","@id":"https:\/\/jornalboasnoticias.com.br\/home\/#\/schema\/person\/75f9ebde398c998c166475fb446bda62","name":"Luiz Carlos da Cruz","image":{"@type":"ImageObject","inLanguage":"pt-BR","@id":"https:\/\/secure.gravatar.com\/avatar\/e6f4f45301b6cb8572f7b076572e8ac11c1db80e805d8c8d0858cf286ce3ac3b?s=96&d=mm&r=g","url":"https:\/\/secure.gravatar.com\/avatar\/e6f4f45301b6cb8572f7b076572e8ac11c1db80e805d8c8d0858cf286ce3ac3b?s=96&d=mm&r=g","contentUrl":"https:\/\/secure.gravatar.com\/avatar\/e6f4f45301b6cb8572f7b076572e8ac11c1db80e805d8c8d0858cf286ce3ac3b?s=96&d=mm&r=g","caption":"Luiz Carlos da Cruz"},"url":"https:\/\/jornalboasnoticias.com.br\/home\/author\/luiz-carlos-da-cruz\/"}]}},"_links":{"self":[{"href":"https:\/\/jornalboasnoticias.com.br\/home\/wp-json\/wp\/v2\/posts\/42644","targetHints":{"allow":["GET"]}}],"collection":[{"href":"https:\/\/jornalboasnoticias.com.br\/home\/wp-json\/wp\/v2\/posts"}],"about":[{"href":"https:\/\/jornalboasnoticias.com.br\/home\/wp-json\/wp\/v2\/types\/post"}],"author":[{"embeddable":true,"href":"https:\/\/jornalboasnoticias.com.br\/home\/wp-json\/wp\/v2\/users\/3"}],"replies":[{"embeddable":true,"href":"https:\/\/jornalboasnoticias.com.br\/home\/wp-json\/wp\/v2\/comments?post=42644"}],"version-history":[{"count":0,"href":"https:\/\/jornalboasnoticias.com.br\/home\/wp-json\/wp\/v2\/posts\/42644\/revisions"}],"wp:featuredmedia":[{"embeddable":true,"href":"https:\/\/jornalboasnoticias.com.br\/home\/wp-json\/wp\/v2\/media\/40770"}],"wp:attachment":[{"href":"https:\/\/jornalboasnoticias.com.br\/home\/wp-json\/wp\/v2\/media?parent=42644"}],"wp:term":[{"taxonomy":"category","embeddable":true,"href":"https:\/\/jornalboasnoticias.com.br\/home\/wp-json\/wp\/v2\/categories?post=42644"},{"taxonomy":"post_tag","embeddable":true,"href":"https:\/\/jornalboasnoticias.com.br\/home\/wp-json\/wp\/v2\/tags?post=42644"}],"curies":[{"name":"wp","href":"https:\/\/api.w.org\/{rel}","templated":true}]}}