{"id":42635,"date":"2024-02-10T22:20:58","date_gmt":"2024-02-11T01:20:58","guid":{"rendered":"https:\/\/www.jornalboasnoticias.com.br\/?p=42635"},"modified":"2024-02-10T22:20:58","modified_gmt":"2024-02-11T01:20:58","slug":"veterano-cantor-ozeias-de-paula-estara-em-cascavel-na-assembleia-de-deus","status":"publish","type":"post","link":"https:\/\/jornalboasnoticias.com.br\/home\/veterano-cantor-ozeias-de-paula-estara-em-cascavel-na-assembleia-de-deus\/","title":{"rendered":"Veterano cantor Ozeias de Paula estar\u00e1 em Cascavel na Assembleia de Deus"},"content":{"rendered":"<p><img loading=\"lazy\" decoding=\"async\" class=\"alignnone size-full wp-image-42636\" src=\"https:\/\/jornalboasnoticias.com.br\/home\/wp-content\/uploads\/2024\/02\/ozeias-de-paula.jpg\" alt=\"\" width=\"720\" height=\"479\" srcset=\"https:\/\/jornalboasnoticias.com.br\/home\/wp-content\/uploads\/2024\/02\/ozeias-de-paula.jpg 720w, https:\/\/jornalboasnoticias.com.br\/home\/wp-content\/uploads\/2024\/02\/ozeias-de-paula-300x200.jpg 300w\" sizes=\"auto, (max-width: 720px) 100vw, 720px\" \/><\/p>\n<p>O pastor e cantor Ozeias de Paula, um dos maiores int\u00e9rpretes da m\u00fasica evang\u00e9lica do Brasil estar\u00e1 em Cascavel no pr\u00f3ximo dia 13 de fevereiro \u2013 ter\u00e7a-feira &#8211; para ministrar seus louvores em um culto especial na Assembleia de Deus, Tempo sede. O culto ter\u00e1 in\u00edcio \u00e0s 19h.<\/p>\n<p>O mineiro Ozeias Moura de Paula \u00e9 membro da denomina\u00e7\u00e3o evang\u00e9lica e filho de pastor. Aos 72 anos, ele continua sendo uma das principais vozes da m\u00fasica crist\u00e3 evang\u00e9lica do Brasil.<\/p>\n<p>O contato de Ozeias com a m\u00fasica come\u00e7ou em sua inf\u00e2ncia, sendo antecedido por seus irm\u00e3os. Sua carreira profissional come\u00e7ou em 1969 quando a dupla Otoniel e Oziel o convidou para uma participa\u00e7\u00e3o em um dos discos deles, &#8220;O\u00e1sis do Amor&#8221;.<\/p>\n<p>Depois disso Ozeias come\u00e7ou a cantar em igrejas, congressos, e outros eventos evang\u00e9licos, at\u00e9 que em 1971 gravou seu LP solo, intitulado Gozo da Salva\u00e7\u00e3o.<\/p>\n<p>Pouco tempo depois de gravar este LP, Ozeias foi convidado por Matheus Iensen, propriet\u00e1rio da gravadora &#8220;Estrela da Manh\u00e3&#8221;, a gravar com ele. O resultado foi o seu mais aclamado \u00e1lbum, &#8220;Cem Ovelhas&#8221;, gravado em Curitiba. Mas antes do lan\u00e7amento do disco, em 4 de junho de 1973, Ozeias sofreu um grave acidente automobil\u00edstico em uma viagem de Curitiba para o Rio de Janeiro. Ozeias teve as pernas quebradas, o cr\u00e2nio fraturado, al\u00e9m de outros danos. Passou cerca de 9 meses em recupera\u00e7\u00e3o, no hospital e em casa. Depois disso ent\u00e3o o disco Cem Ovelhas foi lan\u00e7ado, atingindo altos \u00edndices de venda.<\/p>\n<p>Ozeias de Paula entrou para a hist\u00f3ria como o primeiro cantor evang\u00e9lico a vender 1 milh\u00e3o de c\u00f3pias no Brasil com o \u00e1lbum Cem Ovelhas.<\/p>\n","protected":false},"excerpt":{"rendered":"<p>O pastor e cantor Ozeias de Paula, um dos maiores int\u00e9rpretes da m\u00fasica evang\u00e9lica do<\/p>\n","protected":false},"author":3,"featured_media":42636,"comment_status":"open","ping_status":"open","sticky":false,"template":"","format":"standard","meta":{"footnotes":""},"categories":[2,18],"tags":[19],"class_list":["post-42635","post","type-post","status-publish","format-standard","has-post-thumbnail","hentry","category-cascavel","category-musica","tag-ozeias-de-paula"],"yoast_head":"<!-- This site is optimized with the Yoast SEO plugin v27.5 - https:\/\/yoast.com\/product\/yoast-seo-wordpress\/ -->\n<title>Veterano cantor Ozeias de Paula estar\u00e1 em Cascavel na Assembleia de Deus - Jornal<\/title>\n<meta name=\"description\" content=\"Veterano cantor Ozeias de Paula estar\u00e1 em Cascavel na Assembleia de Deus\" \/>\n<meta name=\"robots\" content=\"index, follow, max-snippet:-1, max-image-preview:large, max-video-preview:-1\" \/>\n<link rel=\"canonical\" href=\"https:\/\/jornalboasnoticias.com.br\/home\/veterano-cantor-ozeias-de-paula-estara-em-cascavel-na-assembleia-de-deus\/\" \/>\n<meta property=\"og:locale\" content=\"pt_BR\" \/>\n<meta property=\"og:type\" content=\"article\" \/>\n<meta property=\"og:title\" content=\"Veterano cantor Ozeias de Paula estar\u00e1 em Cascavel na Assembleia de Deus - Jornal\" \/>\n<meta property=\"og:description\" content=\"Veterano cantor Ozeias de Paula estar\u00e1 em Cascavel na Assembleia de Deus\" \/>\n<meta property=\"og:url\" content=\"https:\/\/jornalboasnoticias.com.br\/home\/veterano-cantor-ozeias-de-paula-estara-em-cascavel-na-assembleia-de-deus\/\" \/>\n<meta property=\"og:site_name\" content=\"Jornal\" \/>\n<meta property=\"article:publisher\" content=\"https:\/\/www.facebook.com\/boasnoticiasjornal\" \/>\n<meta property=\"article:published_time\" content=\"2024-02-11T01:20:58+00:00\" \/>\n<meta property=\"og:image\" content=\"https:\/\/jornalboasnoticias.com.br\/home\/wp-content\/uploads\/2024\/02\/ozeias-de-paula.jpg\" \/>\n\t<meta property=\"og:image:width\" content=\"720\" \/>\n\t<meta property=\"og:image:height\" content=\"479\" \/>\n\t<meta property=\"og:image:type\" content=\"image\/jpeg\" \/>\n<meta name=\"author\" content=\"Luiz Carlos da Cruz\" \/>\n<meta name=\"twitter:card\" content=\"summary_large_image\" \/>\n<meta name=\"twitter:label1\" content=\"Escrito por\" \/>\n\t<meta name=\"twitter:data1\" content=\"Luiz Carlos da Cruz\" \/>\n\t<meta name=\"twitter:label2\" content=\"Est. tempo de leitura\" \/>\n\t<meta name=\"twitter:data2\" content=\"1 minuto\" \/>\n<script type=\"application\/ld+json\" class=\"yoast-schema-graph\">{\"@context\":\"https:\\\/\\\/schema.org\",\"@graph\":[{\"@type\":\"Article\",\"@id\":\"https:\\\/\\\/jornalboasnoticias.com.br\\\/home\\\/veterano-cantor-ozeias-de-paula-estara-em-cascavel-na-assembleia-de-deus\\\/#article\",\"isPartOf\":{\"@id\":\"https:\\\/\\\/jornalboasnoticias.com.br\\\/home\\\/veterano-cantor-ozeias-de-paula-estara-em-cascavel-na-assembleia-de-deus\\\/\"},\"author\":{\"name\":\"Luiz Carlos da Cruz\",\"@id\":\"https:\\\/\\\/jornalboasnoticias.com.br\\\/home\\\/#\\\/schema\\\/person\\\/75f9ebde398c998c166475fb446bda62\"},\"headline\":\"Veterano cantor Ozeias de Paula estar\u00e1 em Cascavel na Assembleia de Deus\",\"datePublished\":\"2024-02-11T01:20:58+00:00\",\"mainEntityOfPage\":{\"@id\":\"https:\\\/\\\/jornalboasnoticias.com.br\\\/home\\\/veterano-cantor-ozeias-de-paula-estara-em-cascavel-na-assembleia-de-deus\\\/\"},\"wordCount\":306,\"commentCount\":0,\"publisher\":{\"@id\":\"https:\\\/\\\/jornalboasnoticias.com.br\\\/home\\\/#organization\"},\"image\":{\"@id\":\"https:\\\/\\\/jornalboasnoticias.com.br\\\/home\\\/veterano-cantor-ozeias-de-paula-estara-em-cascavel-na-assembleia-de-deus\\\/#primaryimage\"},\"thumbnailUrl\":\"https:\\\/\\\/jornalboasnoticias.com.br\\\/home\\\/wp-content\\\/uploads\\\/2024\\\/02\\\/ozeias-de-paula.jpg\",\"keywords\":[\"Ozeias de Paula\"],\"articleSection\":[\"CASCAVEL\",\"M\u00daSICA\"],\"inLanguage\":\"pt-BR\",\"potentialAction\":[{\"@type\":\"CommentAction\",\"name\":\"Comment\",\"target\":[\"https:\\\/\\\/jornalboasnoticias.com.br\\\/home\\\/veterano-cantor-ozeias-de-paula-estara-em-cascavel-na-assembleia-de-deus\\\/#respond\"]}]},{\"@type\":\"WebPage\",\"@id\":\"https:\\\/\\\/jornalboasnoticias.com.br\\\/home\\\/veterano-cantor-ozeias-de-paula-estara-em-cascavel-na-assembleia-de-deus\\\/\",\"url\":\"https:\\\/\\\/jornalboasnoticias.com.br\\\/home\\\/veterano-cantor-ozeias-de-paula-estara-em-cascavel-na-assembleia-de-deus\\\/\",\"name\":\"Veterano cantor Ozeias de Paula estar\u00e1 em Cascavel na Assembleia de Deus - Jornal\",\"isPartOf\":{\"@id\":\"https:\\\/\\\/jornalboasnoticias.com.br\\\/home\\\/#website\"},\"primaryImageOfPage\":{\"@id\":\"https:\\\/\\\/jornalboasnoticias.com.br\\\/home\\\/veterano-cantor-ozeias-de-paula-estara-em-cascavel-na-assembleia-de-deus\\\/#primaryimage\"},\"image\":{\"@id\":\"https:\\\/\\\/jornalboasnoticias.com.br\\\/home\\\/veterano-cantor-ozeias-de-paula-estara-em-cascavel-na-assembleia-de-deus\\\/#primaryimage\"},\"thumbnailUrl\":\"https:\\\/\\\/jornalboasnoticias.com.br\\\/home\\\/wp-content\\\/uploads\\\/2024\\\/02\\\/ozeias-de-paula.jpg\",\"datePublished\":\"2024-02-11T01:20:58+00:00\",\"description\":\"Veterano cantor Ozeias de Paula estar\u00e1 em Cascavel na Assembleia de Deus\",\"breadcrumb\":{\"@id\":\"https:\\\/\\\/jornalboasnoticias.com.br\\\/home\\\/veterano-cantor-ozeias-de-paula-estara-em-cascavel-na-assembleia-de-deus\\\/#breadcrumb\"},\"inLanguage\":\"pt-BR\",\"potentialAction\":[{\"@type\":\"ReadAction\",\"target\":[\"https:\\\/\\\/jornalboasnoticias.com.br\\\/home\\\/veterano-cantor-ozeias-de-paula-estara-em-cascavel-na-assembleia-de-deus\\\/\"]}]},{\"@type\":\"ImageObject\",\"inLanguage\":\"pt-BR\",\"@id\":\"https:\\\/\\\/jornalboasnoticias.com.br\\\/home\\\/veterano-cantor-ozeias-de-paula-estara-em-cascavel-na-assembleia-de-deus\\\/#primaryimage\",\"url\":\"https:\\\/\\\/jornalboasnoticias.com.br\\\/home\\\/wp-content\\\/uploads\\\/2024\\\/02\\\/ozeias-de-paula.jpg\",\"contentUrl\":\"https:\\\/\\\/jornalboasnoticias.com.br\\\/home\\\/wp-content\\\/uploads\\\/2024\\\/02\\\/ozeias-de-paula.jpg\",\"width\":720,\"height\":479},{\"@type\":\"BreadcrumbList\",\"@id\":\"https:\\\/\\\/jornalboasnoticias.com.br\\\/home\\\/veterano-cantor-ozeias-de-paula-estara-em-cascavel-na-assembleia-de-deus\\\/#breadcrumb\",\"itemListElement\":[{\"@type\":\"ListItem\",\"position\":1,\"name\":\"In\u00edcio\",\"item\":\"https:\\\/\\\/jornalboasnoticias.com.br\\\/home\\\/\"},{\"@type\":\"ListItem\",\"position\":2,\"name\":\"Veterano cantor Ozeias de Paula estar\u00e1 em Cascavel na Assembleia de Deus\"}]},{\"@type\":\"WebSite\",\"@id\":\"https:\\\/\\\/jornalboasnoticias.com.br\\\/home\\\/#website\",\"url\":\"https:\\\/\\\/jornalboasnoticias.com.br\\\/home\\\/\",\"name\":\"Jornal Boas Not\u00edcias\",\"description\":\"Boas not\u00edcias\",\"publisher\":{\"@id\":\"https:\\\/\\\/jornalboasnoticias.com.br\\\/home\\\/#organization\"},\"potentialAction\":[{\"@type\":\"SearchAction\",\"target\":{\"@type\":\"EntryPoint\",\"urlTemplate\":\"https:\\\/\\\/jornalboasnoticias.com.br\\\/home\\\/?s={search_term_string}\"},\"query-input\":{\"@type\":\"PropertyValueSpecification\",\"valueRequired\":true,\"valueName\":\"search_term_string\"}}],\"inLanguage\":\"pt-BR\"},{\"@type\":\"Organization\",\"@id\":\"https:\\\/\\\/jornalboasnoticias.com.br\\\/home\\\/#organization\",\"name\":\"Coq Editora Ltda\",\"alternateName\":\"Jornal Boas Noticias\",\"url\":\"https:\\\/\\\/jornalboasnoticias.com.br\\\/home\\\/\",\"logo\":{\"@type\":\"ImageObject\",\"inLanguage\":\"pt-BR\",\"@id\":\"https:\\\/\\\/jornalboasnoticias.com.br\\\/home\\\/#\\\/schema\\\/logo\\\/image\\\/\",\"url\":\"https:\\\/\\\/jornalboasnoticias.com.br\\\/home\\\/wp-content\\\/uploads\\\/2024\\\/07\\\/cropped-logo.jpg\",\"contentUrl\":\"https:\\\/\\\/jornalboasnoticias.com.br\\\/home\\\/wp-content\\\/uploads\\\/2024\\\/07\\\/cropped-logo.jpg\",\"width\":290,\"height\":142,\"caption\":\"Coq Editora Ltda\"},\"image\":{\"@id\":\"https:\\\/\\\/jornalboasnoticias.com.br\\\/home\\\/#\\\/schema\\\/logo\\\/image\\\/\"},\"sameAs\":[\"https:\\\/\\\/www.facebook.com\\\/boasnoticiasjornal\"]},{\"@type\":\"Person\",\"@id\":\"https:\\\/\\\/jornalboasnoticias.com.br\\\/home\\\/#\\\/schema\\\/person\\\/75f9ebde398c998c166475fb446bda62\",\"name\":\"Luiz Carlos da Cruz\",\"image\":{\"@type\":\"ImageObject\",\"inLanguage\":\"pt-BR\",\"@id\":\"https:\\\/\\\/secure.gravatar.com\\\/avatar\\\/e6f4f45301b6cb8572f7b076572e8ac11c1db80e805d8c8d0858cf286ce3ac3b?s=96&d=mm&r=g\",\"url\":\"https:\\\/\\\/secure.gravatar.com\\\/avatar\\\/e6f4f45301b6cb8572f7b076572e8ac11c1db80e805d8c8d0858cf286ce3ac3b?s=96&d=mm&r=g\",\"contentUrl\":\"https:\\\/\\\/secure.gravatar.com\\\/avatar\\\/e6f4f45301b6cb8572f7b076572e8ac11c1db80e805d8c8d0858cf286ce3ac3b?s=96&d=mm&r=g\",\"caption\":\"Luiz Carlos da Cruz\"},\"url\":\"https:\\\/\\\/jornalboasnoticias.com.br\\\/home\\\/author\\\/luiz-carlos-da-cruz\\\/\"}]}<\/script>\n<!-- \/ Yoast SEO plugin. -->","yoast_head_json":{"title":"Veterano cantor Ozeias de Paula estar\u00e1 em Cascavel na Assembleia de Deus - Jornal","description":"Veterano cantor Ozeias de Paula estar\u00e1 em Cascavel na Assembleia de Deus","robots":{"index":"index","follow":"follow","max-snippet":"max-snippet:-1","max-image-preview":"max-image-preview:large","max-video-preview":"max-video-preview:-1"},"canonical":"https:\/\/jornalboasnoticias.com.br\/home\/veterano-cantor-ozeias-de-paula-estara-em-cascavel-na-assembleia-de-deus\/","og_locale":"pt_BR","og_type":"article","og_title":"Veterano cantor Ozeias de Paula estar\u00e1 em Cascavel na Assembleia de Deus - Jornal","og_description":"Veterano cantor Ozeias de Paula estar\u00e1 em Cascavel na Assembleia de Deus","og_url":"https:\/\/jornalboasnoticias.com.br\/home\/veterano-cantor-ozeias-de-paula-estara-em-cascavel-na-assembleia-de-deus\/","og_site_name":"Jornal","article_publisher":"https:\/\/www.facebook.com\/boasnoticiasjornal","article_published_time":"2024-02-11T01:20:58+00:00","og_image":[{"width":720,"height":479,"url":"https:\/\/jornalboasnoticias.com.br\/home\/wp-content\/uploads\/2024\/02\/ozeias-de-paula.jpg","type":"image\/jpeg"}],"author":"Luiz Carlos da Cruz","twitter_card":"summary_large_image","twitter_misc":{"Escrito por":"Luiz Carlos da Cruz","Est. tempo de leitura":"1 minuto"},"schema":{"@context":"https:\/\/schema.org","@graph":[{"@type":"Article","@id":"https:\/\/jornalboasnoticias.com.br\/home\/veterano-cantor-ozeias-de-paula-estara-em-cascavel-na-assembleia-de-deus\/#article","isPartOf":{"@id":"https:\/\/jornalboasnoticias.com.br\/home\/veterano-cantor-ozeias-de-paula-estara-em-cascavel-na-assembleia-de-deus\/"},"author":{"name":"Luiz Carlos da Cruz","@id":"https:\/\/jornalboasnoticias.com.br\/home\/#\/schema\/person\/75f9ebde398c998c166475fb446bda62"},"headline":"Veterano cantor Ozeias de Paula estar\u00e1 em Cascavel na Assembleia de Deus","datePublished":"2024-02-11T01:20:58+00:00","mainEntityOfPage":{"@id":"https:\/\/jornalboasnoticias.com.br\/home\/veterano-cantor-ozeias-de-paula-estara-em-cascavel-na-assembleia-de-deus\/"},"wordCount":306,"commentCount":0,"publisher":{"@id":"https:\/\/jornalboasnoticias.com.br\/home\/#organization"},"image":{"@id":"https:\/\/jornalboasnoticias.com.br\/home\/veterano-cantor-ozeias-de-paula-estara-em-cascavel-na-assembleia-de-deus\/#primaryimage"},"thumbnailUrl":"https:\/\/jornalboasnoticias.com.br\/home\/wp-content\/uploads\/2024\/02\/ozeias-de-paula.jpg","keywords":["Ozeias de Paula"],"articleSection":["CASCAVEL","M\u00daSICA"],"inLanguage":"pt-BR","potentialAction":[{"@type":"CommentAction","name":"Comment","target":["https:\/\/jornalboasnoticias.com.br\/home\/veterano-cantor-ozeias-de-paula-estara-em-cascavel-na-assembleia-de-deus\/#respond"]}]},{"@type":"WebPage","@id":"https:\/\/jornalboasnoticias.com.br\/home\/veterano-cantor-ozeias-de-paula-estara-em-cascavel-na-assembleia-de-deus\/","url":"https:\/\/jornalboasnoticias.com.br\/home\/veterano-cantor-ozeias-de-paula-estara-em-cascavel-na-assembleia-de-deus\/","name":"Veterano cantor Ozeias de Paula estar\u00e1 em Cascavel na Assembleia de Deus - Jornal","isPartOf":{"@id":"https:\/\/jornalboasnoticias.com.br\/home\/#website"},"primaryImageOfPage":{"@id":"https:\/\/jornalboasnoticias.com.br\/home\/veterano-cantor-ozeias-de-paula-estara-em-cascavel-na-assembleia-de-deus\/#primaryimage"},"image":{"@id":"https:\/\/jornalboasnoticias.com.br\/home\/veterano-cantor-ozeias-de-paula-estara-em-cascavel-na-assembleia-de-deus\/#primaryimage"},"thumbnailUrl":"https:\/\/jornalboasnoticias.com.br\/home\/wp-content\/uploads\/2024\/02\/ozeias-de-paula.jpg","datePublished":"2024-02-11T01:20:58+00:00","description":"Veterano cantor Ozeias de Paula estar\u00e1 em Cascavel na Assembleia de Deus","breadcrumb":{"@id":"https:\/\/jornalboasnoticias.com.br\/home\/veterano-cantor-ozeias-de-paula-estara-em-cascavel-na-assembleia-de-deus\/#breadcrumb"},"inLanguage":"pt-BR","potentialAction":[{"@type":"ReadAction","target":["https:\/\/jornalboasnoticias.com.br\/home\/veterano-cantor-ozeias-de-paula-estara-em-cascavel-na-assembleia-de-deus\/"]}]},{"@type":"ImageObject","inLanguage":"pt-BR","@id":"https:\/\/jornalboasnoticias.com.br\/home\/veterano-cantor-ozeias-de-paula-estara-em-cascavel-na-assembleia-de-deus\/#primaryimage","url":"https:\/\/jornalboasnoticias.com.br\/home\/wp-content\/uploads\/2024\/02\/ozeias-de-paula.jpg","contentUrl":"https:\/\/jornalboasnoticias.com.br\/home\/wp-content\/uploads\/2024\/02\/ozeias-de-paula.jpg","width":720,"height":479},{"@type":"BreadcrumbList","@id":"https:\/\/jornalboasnoticias.com.br\/home\/veterano-cantor-ozeias-de-paula-estara-em-cascavel-na-assembleia-de-deus\/#breadcrumb","itemListElement":[{"@type":"ListItem","position":1,"name":"In\u00edcio","item":"https:\/\/jornalboasnoticias.com.br\/home\/"},{"@type":"ListItem","position":2,"name":"Veterano cantor Ozeias de Paula estar\u00e1 em Cascavel na Assembleia de Deus"}]},{"@type":"WebSite","@id":"https:\/\/jornalboasnoticias.com.br\/home\/#website","url":"https:\/\/jornalboasnoticias.com.br\/home\/","name":"Jornal Boas Not\u00edcias","description":"Boas not\u00edcias","publisher":{"@id":"https:\/\/jornalboasnoticias.com.br\/home\/#organization"},"potentialAction":[{"@type":"SearchAction","target":{"@type":"EntryPoint","urlTemplate":"https:\/\/jornalboasnoticias.com.br\/home\/?s={search_term_string}"},"query-input":{"@type":"PropertyValueSpecification","valueRequired":true,"valueName":"search_term_string"}}],"inLanguage":"pt-BR"},{"@type":"Organization","@id":"https:\/\/jornalboasnoticias.com.br\/home\/#organization","name":"Coq Editora Ltda","alternateName":"Jornal Boas Noticias","url":"https:\/\/jornalboasnoticias.com.br\/home\/","logo":{"@type":"ImageObject","inLanguage":"pt-BR","@id":"https:\/\/jornalboasnoticias.com.br\/home\/#\/schema\/logo\/image\/","url":"https:\/\/jornalboasnoticias.com.br\/home\/wp-content\/uploads\/2024\/07\/cropped-logo.jpg","contentUrl":"https:\/\/jornalboasnoticias.com.br\/home\/wp-content\/uploads\/2024\/07\/cropped-logo.jpg","width":290,"height":142,"caption":"Coq Editora Ltda"},"image":{"@id":"https:\/\/jornalboasnoticias.com.br\/home\/#\/schema\/logo\/image\/"},"sameAs":["https:\/\/www.facebook.com\/boasnoticiasjornal"]},{"@type":"Person","@id":"https:\/\/jornalboasnoticias.com.br\/home\/#\/schema\/person\/75f9ebde398c998c166475fb446bda62","name":"Luiz Carlos da Cruz","image":{"@type":"ImageObject","inLanguage":"pt-BR","@id":"https:\/\/secure.gravatar.com\/avatar\/e6f4f45301b6cb8572f7b076572e8ac11c1db80e805d8c8d0858cf286ce3ac3b?s=96&d=mm&r=g","url":"https:\/\/secure.gravatar.com\/avatar\/e6f4f45301b6cb8572f7b076572e8ac11c1db80e805d8c8d0858cf286ce3ac3b?s=96&d=mm&r=g","contentUrl":"https:\/\/secure.gravatar.com\/avatar\/e6f4f45301b6cb8572f7b076572e8ac11c1db80e805d8c8d0858cf286ce3ac3b?s=96&d=mm&r=g","caption":"Luiz Carlos da Cruz"},"url":"https:\/\/jornalboasnoticias.com.br\/home\/author\/luiz-carlos-da-cruz\/"}]}},"_links":{"self":[{"href":"https:\/\/jornalboasnoticias.com.br\/home\/wp-json\/wp\/v2\/posts\/42635","targetHints":{"allow":["GET"]}}],"collection":[{"href":"https:\/\/jornalboasnoticias.com.br\/home\/wp-json\/wp\/v2\/posts"}],"about":[{"href":"https:\/\/jornalboasnoticias.com.br\/home\/wp-json\/wp\/v2\/types\/post"}],"author":[{"embeddable":true,"href":"https:\/\/jornalboasnoticias.com.br\/home\/wp-json\/wp\/v2\/users\/3"}],"replies":[{"embeddable":true,"href":"https:\/\/jornalboasnoticias.com.br\/home\/wp-json\/wp\/v2\/comments?post=42635"}],"version-history":[{"count":0,"href":"https:\/\/jornalboasnoticias.com.br\/home\/wp-json\/wp\/v2\/posts\/42635\/revisions"}],"wp:featuredmedia":[{"embeddable":true,"href":"https:\/\/jornalboasnoticias.com.br\/home\/wp-json\/wp\/v2\/media\/42636"}],"wp:attachment":[{"href":"https:\/\/jornalboasnoticias.com.br\/home\/wp-json\/wp\/v2\/media?parent=42635"}],"wp:term":[{"taxonomy":"category","embeddable":true,"href":"https:\/\/jornalboasnoticias.com.br\/home\/wp-json\/wp\/v2\/categories?post=42635"},{"taxonomy":"post_tag","embeddable":true,"href":"https:\/\/jornalboasnoticias.com.br\/home\/wp-json\/wp\/v2\/tags?post=42635"}],"curies":[{"name":"wp","href":"https:\/\/api.w.org\/{rel}","templated":true}]}}