{"id":42625,"date":"2024-02-03T21:31:28","date_gmt":"2024-02-04T00:31:28","guid":{"rendered":"https:\/\/www.jornalboasnoticias.com.br\/?p=42625"},"modified":"2024-02-03T21:31:28","modified_gmt":"2024-02-04T00:31:28","slug":"desaprovacao-de-lula-cresce-entre-evangelicos-e-catolicos-aponta-pesquisa","status":"publish","type":"post","link":"https:\/\/jornalboasnoticias.com.br\/home\/desaprovacao-de-lula-cresce-entre-evangelicos-e-catolicos-aponta-pesquisa\/","title":{"rendered":"Desaprova\u00e7\u00e3o de Lula cresce entre evang\u00e9licos e cat\u00f3licos, aponta pesquisa"},"content":{"rendered":"<p><img loading=\"lazy\" decoding=\"async\" class=\"size-full wp-image-30529 aligncenter\" src=\"https:\/\/jornalboasnoticias.com.br\/home\/wp-content\/uploads\/2022\/11\/Lula-cop27-2022-600x400-1.webp\" alt=\"\" width=\"600\" height=\"400\" srcset=\"https:\/\/jornalboasnoticias.com.br\/home\/wp-content\/uploads\/2022\/11\/Lula-cop27-2022-600x400-1.webp 600w, https:\/\/jornalboasnoticias.com.br\/home\/wp-content\/uploads\/2022\/11\/Lula-cop27-2022-600x400-1-300x200.webp 300w\" sizes=\"auto, (max-width: 600px) 100vw, 600px\" \/><\/p>\n<p>Uma pesquisa realizada pelo PoderData, entre os dias 27 e 29 de janeiro de 2024, revelou uma queda na aprova\u00e7\u00e3o do governo do presidente Luiz In\u00e1cio Lula da Silva, especialmente entre os eleitores cat\u00f3licos e evang\u00e9licos, marcando o in\u00edcio do segundo ano de seu terceiro mandato.<\/p>\n<p>Segundo os dados levantados, a desaprova\u00e7\u00e3o entre os evang\u00e9licos atingiu 58% dos entrevistados, representando um aumento de 2 pontos percentuais desde janeiro de 2023. Por outro lado, a aprova\u00e7\u00e3o permaneceu est\u00e1vel, oscilando de 31% para 29%, dentro da margem de erro de 3,6 pontos percentuais.<\/p>\n<p>Entre os cat\u00f3licos, a pesquisa mostrou que 59% dos religiosos apoiam o governo de Lula, o que representa uma diminui\u00e7\u00e3o de 3 pontos percentuais em compara\u00e7\u00e3o com o ano anterior, quando 62% dos cat\u00f3licos expressaram apoio. Por conseguinte, a desaprova\u00e7\u00e3o entre os cat\u00f3licos apresentou um aumento, indo de 31% para 35%.<\/p>\n<p>O levantamento, que contou com 2.500 entrevistas em 229 munic\u00edpios das 27 unidades federativas, foi conduzido por meio de liga\u00e7\u00f5es para celulares e telefones fixos.<\/p>\n<p>Diante desses n\u00fameros, o presidente Lula tem direcionado esfor\u00e7os para conquistar o eleitorado religioso, especialmente os evang\u00e9licos, de olho nas elei\u00e7\u00f5es de 2024. Durante a Confer\u00eancia Eleitoral do PT, realizada em dezembro, Lula ressaltou a import\u00e2ncia de uma melhor comunica\u00e7\u00e3o com esse grupo, que se tornou fundamental na base eleitoral do ex-presidente Jair Bolsonaro.<\/p>\n<p>Por outro lado, a rela\u00e7\u00e3o tradicional entre Lula e os cat\u00f3licos permanece, marcada pela proximidade com o Papa Francisco. Em dezembro, o pont\u00edfice enviou uma carta ao presidente brasileiro sobre assuntos relacionados \u00e0 COP28, destacando a intera\u00e7\u00e3o constante entre os dois l\u00edderes ao longo do ano.<\/p>\n","protected":false},"excerpt":{"rendered":"<p>Uma pesquisa realizada pelo PoderData, entre os dias 27 e 29 de janeiro de 2024,<\/p>\n","protected":false},"author":3,"featured_media":38239,"comment_status":"open","ping_status":"open","sticky":false,"template":"","format":"standard","meta":{"footnotes":""},"categories":[6],"tags":[16,17],"class_list":["post-42625","post","type-post","status-publish","format-standard","has-post-thumbnail","hentry","category-brasil","tag-evangelicos","tag-lula"],"yoast_head":"<!-- This site is optimized with the Yoast SEO plugin v27.5 - https:\/\/yoast.com\/product\/yoast-seo-wordpress\/ -->\n<title>Desaprova\u00e7\u00e3o de Lula cresce entre evang\u00e9licos e cat\u00f3licos, aponta pesquisa - Jornal<\/title>\n<meta name=\"description\" content=\"Desaprova\u00e7\u00e3o de Lula cresce entre evang\u00e9licos e cat\u00f3licos, aponta pesquisa\" \/>\n<meta name=\"robots\" content=\"index, follow, max-snippet:-1, max-image-preview:large, max-video-preview:-1\" \/>\n<link rel=\"canonical\" href=\"https:\/\/jornalboasnoticias.com.br\/home\/desaprovacao-de-lula-cresce-entre-evangelicos-e-catolicos-aponta-pesquisa\/\" \/>\n<meta property=\"og:locale\" content=\"pt_BR\" \/>\n<meta property=\"og:type\" content=\"article\" \/>\n<meta property=\"og:title\" content=\"Desaprova\u00e7\u00e3o de Lula cresce entre evang\u00e9licos e cat\u00f3licos, aponta pesquisa - Jornal\" \/>\n<meta property=\"og:description\" content=\"Desaprova\u00e7\u00e3o de Lula cresce entre evang\u00e9licos e cat\u00f3licos, aponta pesquisa\" \/>\n<meta property=\"og:url\" content=\"https:\/\/jornalboasnoticias.com.br\/home\/desaprovacao-de-lula-cresce-entre-evangelicos-e-catolicos-aponta-pesquisa\/\" \/>\n<meta property=\"og:site_name\" content=\"Jornal\" \/>\n<meta property=\"article:publisher\" content=\"https:\/\/www.facebook.com\/boasnoticiasjornal\" \/>\n<meta property=\"article:published_time\" content=\"2024-02-04T00:31:28+00:00\" \/>\n<meta property=\"og:image\" content=\"https:\/\/jornalboasnoticias.com.br\/home\/wp-content\/uploads\/2023\/04\/lula-3-e1682032461572.jpg\" \/>\n\t<meta property=\"og:image:width\" content=\"500\" \/>\n\t<meta property=\"og:image:height\" content=\"299\" \/>\n\t<meta property=\"og:image:type\" content=\"image\/jpeg\" \/>\n<meta name=\"author\" content=\"Luiz Carlos da Cruz\" \/>\n<meta name=\"twitter:card\" content=\"summary_large_image\" \/>\n<meta name=\"twitter:label1\" content=\"Escrito por\" \/>\n\t<meta name=\"twitter:data1\" content=\"Luiz Carlos da Cruz\" \/>\n\t<meta name=\"twitter:label2\" content=\"Est. tempo de leitura\" \/>\n\t<meta name=\"twitter:data2\" content=\"1 minuto\" \/>\n<script type=\"application\/ld+json\" class=\"yoast-schema-graph\">{\"@context\":\"https:\\\/\\\/schema.org\",\"@graph\":[{\"@type\":\"Article\",\"@id\":\"https:\\\/\\\/jornalboasnoticias.com.br\\\/home\\\/desaprovacao-de-lula-cresce-entre-evangelicos-e-catolicos-aponta-pesquisa\\\/#article\",\"isPartOf\":{\"@id\":\"https:\\\/\\\/jornalboasnoticias.com.br\\\/home\\\/desaprovacao-de-lula-cresce-entre-evangelicos-e-catolicos-aponta-pesquisa\\\/\"},\"author\":{\"name\":\"Luiz Carlos da Cruz\",\"@id\":\"https:\\\/\\\/jornalboasnoticias.com.br\\\/home\\\/#\\\/schema\\\/person\\\/75f9ebde398c998c166475fb446bda62\"},\"headline\":\"Desaprova\u00e7\u00e3o de Lula cresce entre evang\u00e9licos e cat\u00f3licos, aponta pesquisa\",\"datePublished\":\"2024-02-04T00:31:28+00:00\",\"mainEntityOfPage\":{\"@id\":\"https:\\\/\\\/jornalboasnoticias.com.br\\\/home\\\/desaprovacao-de-lula-cresce-entre-evangelicos-e-catolicos-aponta-pesquisa\\\/\"},\"wordCount\":290,\"commentCount\":0,\"publisher\":{\"@id\":\"https:\\\/\\\/jornalboasnoticias.com.br\\\/home\\\/#organization\"},\"image\":{\"@id\":\"https:\\\/\\\/jornalboasnoticias.com.br\\\/home\\\/desaprovacao-de-lula-cresce-entre-evangelicos-e-catolicos-aponta-pesquisa\\\/#primaryimage\"},\"thumbnailUrl\":\"https:\\\/\\\/jornalboasnoticias.com.br\\\/home\\\/wp-content\\\/uploads\\\/2023\\\/04\\\/lula-3-e1682032461572.jpg\",\"keywords\":[\"evang\u00e9licos\",\"lula\"],\"articleSection\":[\"BRASIL\"],\"inLanguage\":\"pt-BR\",\"potentialAction\":[{\"@type\":\"CommentAction\",\"name\":\"Comment\",\"target\":[\"https:\\\/\\\/jornalboasnoticias.com.br\\\/home\\\/desaprovacao-de-lula-cresce-entre-evangelicos-e-catolicos-aponta-pesquisa\\\/#respond\"]}]},{\"@type\":\"WebPage\",\"@id\":\"https:\\\/\\\/jornalboasnoticias.com.br\\\/home\\\/desaprovacao-de-lula-cresce-entre-evangelicos-e-catolicos-aponta-pesquisa\\\/\",\"url\":\"https:\\\/\\\/jornalboasnoticias.com.br\\\/home\\\/desaprovacao-de-lula-cresce-entre-evangelicos-e-catolicos-aponta-pesquisa\\\/\",\"name\":\"Desaprova\u00e7\u00e3o de Lula cresce entre evang\u00e9licos e cat\u00f3licos, aponta pesquisa - Jornal\",\"isPartOf\":{\"@id\":\"https:\\\/\\\/jornalboasnoticias.com.br\\\/home\\\/#website\"},\"primaryImageOfPage\":{\"@id\":\"https:\\\/\\\/jornalboasnoticias.com.br\\\/home\\\/desaprovacao-de-lula-cresce-entre-evangelicos-e-catolicos-aponta-pesquisa\\\/#primaryimage\"},\"image\":{\"@id\":\"https:\\\/\\\/jornalboasnoticias.com.br\\\/home\\\/desaprovacao-de-lula-cresce-entre-evangelicos-e-catolicos-aponta-pesquisa\\\/#primaryimage\"},\"thumbnailUrl\":\"https:\\\/\\\/jornalboasnoticias.com.br\\\/home\\\/wp-content\\\/uploads\\\/2023\\\/04\\\/lula-3-e1682032461572.jpg\",\"datePublished\":\"2024-02-04T00:31:28+00:00\",\"description\":\"Desaprova\u00e7\u00e3o de Lula cresce entre evang\u00e9licos e cat\u00f3licos, aponta pesquisa\",\"breadcrumb\":{\"@id\":\"https:\\\/\\\/jornalboasnoticias.com.br\\\/home\\\/desaprovacao-de-lula-cresce-entre-evangelicos-e-catolicos-aponta-pesquisa\\\/#breadcrumb\"},\"inLanguage\":\"pt-BR\",\"potentialAction\":[{\"@type\":\"ReadAction\",\"target\":[\"https:\\\/\\\/jornalboasnoticias.com.br\\\/home\\\/desaprovacao-de-lula-cresce-entre-evangelicos-e-catolicos-aponta-pesquisa\\\/\"]}]},{\"@type\":\"ImageObject\",\"inLanguage\":\"pt-BR\",\"@id\":\"https:\\\/\\\/jornalboasnoticias.com.br\\\/home\\\/desaprovacao-de-lula-cresce-entre-evangelicos-e-catolicos-aponta-pesquisa\\\/#primaryimage\",\"url\":\"https:\\\/\\\/jornalboasnoticias.com.br\\\/home\\\/wp-content\\\/uploads\\\/2023\\\/04\\\/lula-3-e1682032461572.jpg\",\"contentUrl\":\"https:\\\/\\\/jornalboasnoticias.com.br\\\/home\\\/wp-content\\\/uploads\\\/2023\\\/04\\\/lula-3-e1682032461572.jpg\",\"width\":500,\"height\":299,\"caption\":\"\u00a9 Foto:Jos\u00e9 Cruz\\\/ Ag\u00eancia Brasil\"},{\"@type\":\"BreadcrumbList\",\"@id\":\"https:\\\/\\\/jornalboasnoticias.com.br\\\/home\\\/desaprovacao-de-lula-cresce-entre-evangelicos-e-catolicos-aponta-pesquisa\\\/#breadcrumb\",\"itemListElement\":[{\"@type\":\"ListItem\",\"position\":1,\"name\":\"In\u00edcio\",\"item\":\"https:\\\/\\\/jornalboasnoticias.com.br\\\/home\\\/\"},{\"@type\":\"ListItem\",\"position\":2,\"name\":\"Desaprova\u00e7\u00e3o de Lula cresce entre evang\u00e9licos e cat\u00f3licos, aponta pesquisa\"}]},{\"@type\":\"WebSite\",\"@id\":\"https:\\\/\\\/jornalboasnoticias.com.br\\\/home\\\/#website\",\"url\":\"https:\\\/\\\/jornalboasnoticias.com.br\\\/home\\\/\",\"name\":\"Jornal Boas Not\u00edcias\",\"description\":\"Boas not\u00edcias\",\"publisher\":{\"@id\":\"https:\\\/\\\/jornalboasnoticias.com.br\\\/home\\\/#organization\"},\"potentialAction\":[{\"@type\":\"SearchAction\",\"target\":{\"@type\":\"EntryPoint\",\"urlTemplate\":\"https:\\\/\\\/jornalboasnoticias.com.br\\\/home\\\/?s={search_term_string}\"},\"query-input\":{\"@type\":\"PropertyValueSpecification\",\"valueRequired\":true,\"valueName\":\"search_term_string\"}}],\"inLanguage\":\"pt-BR\"},{\"@type\":\"Organization\",\"@id\":\"https:\\\/\\\/jornalboasnoticias.com.br\\\/home\\\/#organization\",\"name\":\"Coq Editora Ltda\",\"alternateName\":\"Jornal Boas Noticias\",\"url\":\"https:\\\/\\\/jornalboasnoticias.com.br\\\/home\\\/\",\"logo\":{\"@type\":\"ImageObject\",\"inLanguage\":\"pt-BR\",\"@id\":\"https:\\\/\\\/jornalboasnoticias.com.br\\\/home\\\/#\\\/schema\\\/logo\\\/image\\\/\",\"url\":\"https:\\\/\\\/jornalboasnoticias.com.br\\\/home\\\/wp-content\\\/uploads\\\/2024\\\/07\\\/cropped-logo.jpg\",\"contentUrl\":\"https:\\\/\\\/jornalboasnoticias.com.br\\\/home\\\/wp-content\\\/uploads\\\/2024\\\/07\\\/cropped-logo.jpg\",\"width\":290,\"height\":142,\"caption\":\"Coq Editora Ltda\"},\"image\":{\"@id\":\"https:\\\/\\\/jornalboasnoticias.com.br\\\/home\\\/#\\\/schema\\\/logo\\\/image\\\/\"},\"sameAs\":[\"https:\\\/\\\/www.facebook.com\\\/boasnoticiasjornal\"]},{\"@type\":\"Person\",\"@id\":\"https:\\\/\\\/jornalboasnoticias.com.br\\\/home\\\/#\\\/schema\\\/person\\\/75f9ebde398c998c166475fb446bda62\",\"name\":\"Luiz Carlos da Cruz\",\"image\":{\"@type\":\"ImageObject\",\"inLanguage\":\"pt-BR\",\"@id\":\"https:\\\/\\\/secure.gravatar.com\\\/avatar\\\/e6f4f45301b6cb8572f7b076572e8ac11c1db80e805d8c8d0858cf286ce3ac3b?s=96&d=mm&r=g\",\"url\":\"https:\\\/\\\/secure.gravatar.com\\\/avatar\\\/e6f4f45301b6cb8572f7b076572e8ac11c1db80e805d8c8d0858cf286ce3ac3b?s=96&d=mm&r=g\",\"contentUrl\":\"https:\\\/\\\/secure.gravatar.com\\\/avatar\\\/e6f4f45301b6cb8572f7b076572e8ac11c1db80e805d8c8d0858cf286ce3ac3b?s=96&d=mm&r=g\",\"caption\":\"Luiz Carlos da Cruz\"},\"url\":\"https:\\\/\\\/jornalboasnoticias.com.br\\\/home\\\/author\\\/luiz-carlos-da-cruz\\\/\"}]}<\/script>\n<!-- \/ Yoast SEO plugin. -->","yoast_head_json":{"title":"Desaprova\u00e7\u00e3o de Lula cresce entre evang\u00e9licos e cat\u00f3licos, aponta pesquisa - Jornal","description":"Desaprova\u00e7\u00e3o de Lula cresce entre evang\u00e9licos e cat\u00f3licos, aponta pesquisa","robots":{"index":"index","follow":"follow","max-snippet":"max-snippet:-1","max-image-preview":"max-image-preview:large","max-video-preview":"max-video-preview:-1"},"canonical":"https:\/\/jornalboasnoticias.com.br\/home\/desaprovacao-de-lula-cresce-entre-evangelicos-e-catolicos-aponta-pesquisa\/","og_locale":"pt_BR","og_type":"article","og_title":"Desaprova\u00e7\u00e3o de Lula cresce entre evang\u00e9licos e cat\u00f3licos, aponta pesquisa - Jornal","og_description":"Desaprova\u00e7\u00e3o de Lula cresce entre evang\u00e9licos e cat\u00f3licos, aponta pesquisa","og_url":"https:\/\/jornalboasnoticias.com.br\/home\/desaprovacao-de-lula-cresce-entre-evangelicos-e-catolicos-aponta-pesquisa\/","og_site_name":"Jornal","article_publisher":"https:\/\/www.facebook.com\/boasnoticiasjornal","article_published_time":"2024-02-04T00:31:28+00:00","og_image":[{"width":500,"height":299,"url":"https:\/\/jornalboasnoticias.com.br\/home\/wp-content\/uploads\/2023\/04\/lula-3-e1682032461572.jpg","type":"image\/jpeg"}],"author":"Luiz Carlos da Cruz","twitter_card":"summary_large_image","twitter_misc":{"Escrito por":"Luiz Carlos da Cruz","Est. tempo de leitura":"1 minuto"},"schema":{"@context":"https:\/\/schema.org","@graph":[{"@type":"Article","@id":"https:\/\/jornalboasnoticias.com.br\/home\/desaprovacao-de-lula-cresce-entre-evangelicos-e-catolicos-aponta-pesquisa\/#article","isPartOf":{"@id":"https:\/\/jornalboasnoticias.com.br\/home\/desaprovacao-de-lula-cresce-entre-evangelicos-e-catolicos-aponta-pesquisa\/"},"author":{"name":"Luiz Carlos da Cruz","@id":"https:\/\/jornalboasnoticias.com.br\/home\/#\/schema\/person\/75f9ebde398c998c166475fb446bda62"},"headline":"Desaprova\u00e7\u00e3o de Lula cresce entre evang\u00e9licos e cat\u00f3licos, aponta pesquisa","datePublished":"2024-02-04T00:31:28+00:00","mainEntityOfPage":{"@id":"https:\/\/jornalboasnoticias.com.br\/home\/desaprovacao-de-lula-cresce-entre-evangelicos-e-catolicos-aponta-pesquisa\/"},"wordCount":290,"commentCount":0,"publisher":{"@id":"https:\/\/jornalboasnoticias.com.br\/home\/#organization"},"image":{"@id":"https:\/\/jornalboasnoticias.com.br\/home\/desaprovacao-de-lula-cresce-entre-evangelicos-e-catolicos-aponta-pesquisa\/#primaryimage"},"thumbnailUrl":"https:\/\/jornalboasnoticias.com.br\/home\/wp-content\/uploads\/2023\/04\/lula-3-e1682032461572.jpg","keywords":["evang\u00e9licos","lula"],"articleSection":["BRASIL"],"inLanguage":"pt-BR","potentialAction":[{"@type":"CommentAction","name":"Comment","target":["https:\/\/jornalboasnoticias.com.br\/home\/desaprovacao-de-lula-cresce-entre-evangelicos-e-catolicos-aponta-pesquisa\/#respond"]}]},{"@type":"WebPage","@id":"https:\/\/jornalboasnoticias.com.br\/home\/desaprovacao-de-lula-cresce-entre-evangelicos-e-catolicos-aponta-pesquisa\/","url":"https:\/\/jornalboasnoticias.com.br\/home\/desaprovacao-de-lula-cresce-entre-evangelicos-e-catolicos-aponta-pesquisa\/","name":"Desaprova\u00e7\u00e3o de Lula cresce entre evang\u00e9licos e cat\u00f3licos, aponta pesquisa - Jornal","isPartOf":{"@id":"https:\/\/jornalboasnoticias.com.br\/home\/#website"},"primaryImageOfPage":{"@id":"https:\/\/jornalboasnoticias.com.br\/home\/desaprovacao-de-lula-cresce-entre-evangelicos-e-catolicos-aponta-pesquisa\/#primaryimage"},"image":{"@id":"https:\/\/jornalboasnoticias.com.br\/home\/desaprovacao-de-lula-cresce-entre-evangelicos-e-catolicos-aponta-pesquisa\/#primaryimage"},"thumbnailUrl":"https:\/\/jornalboasnoticias.com.br\/home\/wp-content\/uploads\/2023\/04\/lula-3-e1682032461572.jpg","datePublished":"2024-02-04T00:31:28+00:00","description":"Desaprova\u00e7\u00e3o de Lula cresce entre evang\u00e9licos e cat\u00f3licos, aponta pesquisa","breadcrumb":{"@id":"https:\/\/jornalboasnoticias.com.br\/home\/desaprovacao-de-lula-cresce-entre-evangelicos-e-catolicos-aponta-pesquisa\/#breadcrumb"},"inLanguage":"pt-BR","potentialAction":[{"@type":"ReadAction","target":["https:\/\/jornalboasnoticias.com.br\/home\/desaprovacao-de-lula-cresce-entre-evangelicos-e-catolicos-aponta-pesquisa\/"]}]},{"@type":"ImageObject","inLanguage":"pt-BR","@id":"https:\/\/jornalboasnoticias.com.br\/home\/desaprovacao-de-lula-cresce-entre-evangelicos-e-catolicos-aponta-pesquisa\/#primaryimage","url":"https:\/\/jornalboasnoticias.com.br\/home\/wp-content\/uploads\/2023\/04\/lula-3-e1682032461572.jpg","contentUrl":"https:\/\/jornalboasnoticias.com.br\/home\/wp-content\/uploads\/2023\/04\/lula-3-e1682032461572.jpg","width":500,"height":299,"caption":"\u00a9 Foto:Jos\u00e9 Cruz\/ Ag\u00eancia Brasil"},{"@type":"BreadcrumbList","@id":"https:\/\/jornalboasnoticias.com.br\/home\/desaprovacao-de-lula-cresce-entre-evangelicos-e-catolicos-aponta-pesquisa\/#breadcrumb","itemListElement":[{"@type":"ListItem","position":1,"name":"In\u00edcio","item":"https:\/\/jornalboasnoticias.com.br\/home\/"},{"@type":"ListItem","position":2,"name":"Desaprova\u00e7\u00e3o de Lula cresce entre evang\u00e9licos e cat\u00f3licos, aponta pesquisa"}]},{"@type":"WebSite","@id":"https:\/\/jornalboasnoticias.com.br\/home\/#website","url":"https:\/\/jornalboasnoticias.com.br\/home\/","name":"Jornal Boas Not\u00edcias","description":"Boas not\u00edcias","publisher":{"@id":"https:\/\/jornalboasnoticias.com.br\/home\/#organization"},"potentialAction":[{"@type":"SearchAction","target":{"@type":"EntryPoint","urlTemplate":"https:\/\/jornalboasnoticias.com.br\/home\/?s={search_term_string}"},"query-input":{"@type":"PropertyValueSpecification","valueRequired":true,"valueName":"search_term_string"}}],"inLanguage":"pt-BR"},{"@type":"Organization","@id":"https:\/\/jornalboasnoticias.com.br\/home\/#organization","name":"Coq Editora Ltda","alternateName":"Jornal Boas Noticias","url":"https:\/\/jornalboasnoticias.com.br\/home\/","logo":{"@type":"ImageObject","inLanguage":"pt-BR","@id":"https:\/\/jornalboasnoticias.com.br\/home\/#\/schema\/logo\/image\/","url":"https:\/\/jornalboasnoticias.com.br\/home\/wp-content\/uploads\/2024\/07\/cropped-logo.jpg","contentUrl":"https:\/\/jornalboasnoticias.com.br\/home\/wp-content\/uploads\/2024\/07\/cropped-logo.jpg","width":290,"height":142,"caption":"Coq Editora Ltda"},"image":{"@id":"https:\/\/jornalboasnoticias.com.br\/home\/#\/schema\/logo\/image\/"},"sameAs":["https:\/\/www.facebook.com\/boasnoticiasjornal"]},{"@type":"Person","@id":"https:\/\/jornalboasnoticias.com.br\/home\/#\/schema\/person\/75f9ebde398c998c166475fb446bda62","name":"Luiz Carlos da Cruz","image":{"@type":"ImageObject","inLanguage":"pt-BR","@id":"https:\/\/secure.gravatar.com\/avatar\/e6f4f45301b6cb8572f7b076572e8ac11c1db80e805d8c8d0858cf286ce3ac3b?s=96&d=mm&r=g","url":"https:\/\/secure.gravatar.com\/avatar\/e6f4f45301b6cb8572f7b076572e8ac11c1db80e805d8c8d0858cf286ce3ac3b?s=96&d=mm&r=g","contentUrl":"https:\/\/secure.gravatar.com\/avatar\/e6f4f45301b6cb8572f7b076572e8ac11c1db80e805d8c8d0858cf286ce3ac3b?s=96&d=mm&r=g","caption":"Luiz Carlos da Cruz"},"url":"https:\/\/jornalboasnoticias.com.br\/home\/author\/luiz-carlos-da-cruz\/"}]}},"_links":{"self":[{"href":"https:\/\/jornalboasnoticias.com.br\/home\/wp-json\/wp\/v2\/posts\/42625","targetHints":{"allow":["GET"]}}],"collection":[{"href":"https:\/\/jornalboasnoticias.com.br\/home\/wp-json\/wp\/v2\/posts"}],"about":[{"href":"https:\/\/jornalboasnoticias.com.br\/home\/wp-json\/wp\/v2\/types\/post"}],"author":[{"embeddable":true,"href":"https:\/\/jornalboasnoticias.com.br\/home\/wp-json\/wp\/v2\/users\/3"}],"replies":[{"embeddable":true,"href":"https:\/\/jornalboasnoticias.com.br\/home\/wp-json\/wp\/v2\/comments?post=42625"}],"version-history":[{"count":0,"href":"https:\/\/jornalboasnoticias.com.br\/home\/wp-json\/wp\/v2\/posts\/42625\/revisions"}],"wp:featuredmedia":[{"embeddable":true,"href":"https:\/\/jornalboasnoticias.com.br\/home\/wp-json\/wp\/v2\/media\/38239"}],"wp:attachment":[{"href":"https:\/\/jornalboasnoticias.com.br\/home\/wp-json\/wp\/v2\/media?parent=42625"}],"wp:term":[{"taxonomy":"category","embeddable":true,"href":"https:\/\/jornalboasnoticias.com.br\/home\/wp-json\/wp\/v2\/categories?post=42625"},{"taxonomy":"post_tag","embeddable":true,"href":"https:\/\/jornalboasnoticias.com.br\/home\/wp-json\/wp\/v2\/tags?post=42625"}],"curies":[{"name":"wp","href":"https:\/\/api.w.org\/{rel}","templated":true}]}}