{"id":42615,"date":"2024-01-17T23:52:44","date_gmt":"2024-01-18T02:52:44","guid":{"rendered":"https:\/\/www.jornalboasnoticias.com.br\/?p=42615"},"modified":"2024-01-17T23:52:44","modified_gmt":"2024-01-18T02:52:44","slug":"receita-anula-isencao-tributaria-para-lideres-religiosos","status":"publish","type":"post","link":"https:\/\/jornalboasnoticias.com.br\/home\/receita-anula-isencao-tributaria-para-lideres-religiosos\/","title":{"rendered":"Receita anula isen\u00e7\u00e3o tribut\u00e1ria para l\u00edderes religiosos"},"content":{"rendered":"<p class=\"col-10 offset-1 animated fadeInDown dealy-900 display-8 display-md-8 alt-font font-italic my-1 text-center\" style=\"text-align: center;\"><em>Decis\u00e3o vigorava desde julho de 2022<\/em><\/p>\n<figure id=\"attachment_23601\" aria-describedby=\"caption-attachment-23601\" style=\"width: 600px\" class=\"wp-caption alignnone\"><img loading=\"lazy\" decoding=\"async\" class=\"size-full wp-image-23601\" src=\"https:\/\/jornalboasnoticias.com.br\/home\/wp-content\/uploads\/2022\/06\/receita-federal-e1654090736931.jpg\" alt=\"\" width=\"600\" height=\"359\" srcset=\"https:\/\/jornalboasnoticias.com.br\/home\/wp-content\/uploads\/2022\/06\/receita-federal-e1654090736931.jpg 600w, https:\/\/jornalboasnoticias.com.br\/home\/wp-content\/uploads\/2022\/06\/receita-federal-e1654090736931-300x180.jpg 300w\" sizes=\"auto, (max-width: 600px) 100vw, 600px\" \/><figcaption id=\"caption-attachment-23601\" class=\"wp-caption-text\">\u00a9 Marcelo Camargo\/Ag\u00eancia Brasil<\/figcaption><\/figure>\n<p>L\u00edderes religiosos, como pastores e ministros, deixar\u00e3o de ter isen\u00e7\u00e3o tribut\u00e1ria sobre os sal\u00e1rios. A Receita Federal editou ato declarat\u00f3rio que reverteu decis\u00e3o do governo anterior. A medida foi\u00a0publicada nesta quarta-feira\u00a0(17) no Di\u00e1rio Oficial da Uni\u00e3o.<img decoding=\"async\" src=\"https:\/\/agenciabrasil.ebc.com.br\/ebc.png?id=1576769&amp;o=node\" \/><img decoding=\"async\" src=\"https:\/\/agenciabrasil.ebc.com.br\/ebc.gif?id=1576769&amp;o=node\" \/><\/p>\n<p>Assinado pelo secret\u00e1rio da Receita Federal, Robinson Barreirinhas, o ato declarat\u00f3rio suspende o benef\u00edcio concedido pelo ex-secret\u00e1rio especial do \u00f3rg\u00e3o Julio Cesar Vieira Gomes, pouco antes do in\u00edcio da campanha eleitoral de 2022. Segundo o Fisco, a revers\u00e3o da isen\u00e7\u00e3o tribut\u00e1ria seguiu determina\u00e7\u00e3o do Tribunal de Contas da Uni\u00e3o (TCU).<\/p>\n<p>O ato declarat\u00f3rio representa uma interpreta\u00e7\u00e3o da Receita Federal sobre a aplica\u00e7\u00e3o de normas fiscais. Segundo o TCU, a isen\u00e7\u00e3o \u00e9 considerada at\u00edpica porque n\u00e3o foi analisada pela Subsecretaria de Tributa\u00e7\u00e3o da Receita.<\/p>\n<p>Segundo o ato cancelado, \u201cser\u00e3o consideradas remunera\u00e7\u00e3o somente as parcelas pagas com caracter\u00edsticas e em condi\u00e7\u00f5es que, comprovadamente, estejam relacionadas \u00e0 natureza e \u00e0 quantidade do trabalho executado, hip\u00f3tese em que o ministro ou membro, em rela\u00e7\u00e3o a essas parcelas, ser\u00e1 considerado segurado contribuinte individual, prestador de servi\u00e7os \u00e0 entidade ou \u00e0 institui\u00e7\u00e3o de ensino vocacional\u201d.<\/p>\n<p>O ex-secret\u00e1rio especial Julio Cesar foi exonerado da Receita Federal em junho do ano passado, ap\u00f3s sair \u00e0 tona o envolvimento dele no caso da libera\u00e7\u00e3o de joias dadas de presente por governos estrangeiros ao ex-presidente Jair Bolsonaro. Quando comandava o \u00f3rg\u00e3o, Julio Cesar assinou o despacho que pedia aos auditores da Receita no Aeroporto de Guarulhos que entregassem um conjunto de joias presenteadas pelo governo da Ar\u00e1bia Saudita ao ex-presidente em 2022. A defesa de Bolsonaro nega qualquer irregularidade.<\/p>\n<p><em>Ag\u00eancia Brasil<\/em><\/p>\n","protected":false},"excerpt":{"rendered":"<p>Decis\u00e3o vigorava desde julho de 2022 L\u00edderes religiosos, como pastores e ministros, deixar\u00e3o de ter<\/p>\n","protected":false},"author":3,"featured_media":4571,"comment_status":"open","ping_status":"open","sticky":false,"template":"","format":"standard","meta":{"footnotes":""},"categories":[6],"tags":[15],"class_list":["post-42615","post","type-post","status-publish","format-standard","has-post-thumbnail","hentry","category-brasil","tag-receita"],"yoast_head":"<!-- This site is optimized with the Yoast SEO plugin v27.5 - https:\/\/yoast.com\/product\/yoast-seo-wordpress\/ -->\n<title>Receita anula isen\u00e7\u00e3o tribut\u00e1ria para l\u00edderes religiosos - Jornal<\/title>\n<meta name=\"description\" content=\"Receita anula isen\u00e7\u00e3o tribut\u00e1ria para l\u00edderes religiosos\" \/>\n<meta name=\"robots\" content=\"index, follow, max-snippet:-1, max-image-preview:large, max-video-preview:-1\" \/>\n<link rel=\"canonical\" href=\"https:\/\/jornalboasnoticias.com.br\/home\/receita-anula-isencao-tributaria-para-lideres-religiosos\/\" \/>\n<meta property=\"og:locale\" content=\"pt_BR\" \/>\n<meta property=\"og:type\" content=\"article\" \/>\n<meta property=\"og:title\" content=\"Receita anula isen\u00e7\u00e3o tribut\u00e1ria para l\u00edderes religiosos - Jornal\" \/>\n<meta property=\"og:description\" content=\"Receita anula isen\u00e7\u00e3o tribut\u00e1ria para l\u00edderes religiosos\" \/>\n<meta property=\"og:url\" content=\"https:\/\/jornalboasnoticias.com.br\/home\/receita-anula-isencao-tributaria-para-lideres-religiosos\/\" \/>\n<meta property=\"og:site_name\" content=\"Jornal\" \/>\n<meta property=\"article:publisher\" content=\"https:\/\/www.facebook.com\/boasnoticiasjornal\" \/>\n<meta property=\"article:published_time\" content=\"2024-01-18T02:52:44+00:00\" \/>\n<meta property=\"og:image\" content=\"https:\/\/jornalboasnoticias.com.br\/home\/wp-content\/uploads\/2021\/03\/mcam20022020-6-e1632429059687.jpg\" \/>\n\t<meta property=\"og:image:width\" content=\"600\" \/>\n\t<meta property=\"og:image:height\" content=\"359\" \/>\n\t<meta property=\"og:image:type\" content=\"image\/jpeg\" \/>\n<meta name=\"author\" content=\"Luiz Carlos da Cruz\" \/>\n<meta name=\"twitter:card\" content=\"summary_large_image\" \/>\n<meta name=\"twitter:label1\" content=\"Escrito por\" \/>\n\t<meta name=\"twitter:data1\" content=\"Luiz Carlos da Cruz\" \/>\n\t<meta name=\"twitter:label2\" content=\"Est. tempo de leitura\" \/>\n\t<meta name=\"twitter:data2\" content=\"2 minutos\" \/>\n<script type=\"application\/ld+json\" class=\"yoast-schema-graph\">{\"@context\":\"https:\\\/\\\/schema.org\",\"@graph\":[{\"@type\":\"Article\",\"@id\":\"https:\\\/\\\/jornalboasnoticias.com.br\\\/home\\\/receita-anula-isencao-tributaria-para-lideres-religiosos\\\/#article\",\"isPartOf\":{\"@id\":\"https:\\\/\\\/jornalboasnoticias.com.br\\\/home\\\/receita-anula-isencao-tributaria-para-lideres-religiosos\\\/\"},\"author\":{\"name\":\"Luiz Carlos da Cruz\",\"@id\":\"https:\\\/\\\/jornalboasnoticias.com.br\\\/home\\\/#\\\/schema\\\/person\\\/75f9ebde398c998c166475fb446bda62\"},\"headline\":\"Receita anula isen\u00e7\u00e3o tribut\u00e1ria para l\u00edderes religiosos\",\"datePublished\":\"2024-01-18T02:52:44+00:00\",\"mainEntityOfPage\":{\"@id\":\"https:\\\/\\\/jornalboasnoticias.com.br\\\/home\\\/receita-anula-isencao-tributaria-para-lideres-religiosos\\\/\"},\"wordCount\":319,\"commentCount\":0,\"publisher\":{\"@id\":\"https:\\\/\\\/jornalboasnoticias.com.br\\\/home\\\/#organization\"},\"image\":{\"@id\":\"https:\\\/\\\/jornalboasnoticias.com.br\\\/home\\\/receita-anula-isencao-tributaria-para-lideres-religiosos\\\/#primaryimage\"},\"thumbnailUrl\":\"https:\\\/\\\/jornalboasnoticias.com.br\\\/home\\\/wp-content\\\/uploads\\\/2021\\\/03\\\/mcam20022020-6-e1632429059687.jpg\",\"keywords\":[\"receita\"],\"articleSection\":[\"BRASIL\"],\"inLanguage\":\"pt-BR\",\"potentialAction\":[{\"@type\":\"CommentAction\",\"name\":\"Comment\",\"target\":[\"https:\\\/\\\/jornalboasnoticias.com.br\\\/home\\\/receita-anula-isencao-tributaria-para-lideres-religiosos\\\/#respond\"]}]},{\"@type\":\"WebPage\",\"@id\":\"https:\\\/\\\/jornalboasnoticias.com.br\\\/home\\\/receita-anula-isencao-tributaria-para-lideres-religiosos\\\/\",\"url\":\"https:\\\/\\\/jornalboasnoticias.com.br\\\/home\\\/receita-anula-isencao-tributaria-para-lideres-religiosos\\\/\",\"name\":\"Receita anula isen\u00e7\u00e3o tribut\u00e1ria para l\u00edderes religiosos - Jornal\",\"isPartOf\":{\"@id\":\"https:\\\/\\\/jornalboasnoticias.com.br\\\/home\\\/#website\"},\"primaryImageOfPage\":{\"@id\":\"https:\\\/\\\/jornalboasnoticias.com.br\\\/home\\\/receita-anula-isencao-tributaria-para-lideres-religiosos\\\/#primaryimage\"},\"image\":{\"@id\":\"https:\\\/\\\/jornalboasnoticias.com.br\\\/home\\\/receita-anula-isencao-tributaria-para-lideres-religiosos\\\/#primaryimage\"},\"thumbnailUrl\":\"https:\\\/\\\/jornalboasnoticias.com.br\\\/home\\\/wp-content\\\/uploads\\\/2021\\\/03\\\/mcam20022020-6-e1632429059687.jpg\",\"datePublished\":\"2024-01-18T02:52:44+00:00\",\"description\":\"Receita anula isen\u00e7\u00e3o tribut\u00e1ria para l\u00edderes religiosos\",\"breadcrumb\":{\"@id\":\"https:\\\/\\\/jornalboasnoticias.com.br\\\/home\\\/receita-anula-isencao-tributaria-para-lideres-religiosos\\\/#breadcrumb\"},\"inLanguage\":\"pt-BR\",\"potentialAction\":[{\"@type\":\"ReadAction\",\"target\":[\"https:\\\/\\\/jornalboasnoticias.com.br\\\/home\\\/receita-anula-isencao-tributaria-para-lideres-religiosos\\\/\"]}]},{\"@type\":\"ImageObject\",\"inLanguage\":\"pt-BR\",\"@id\":\"https:\\\/\\\/jornalboasnoticias.com.br\\\/home\\\/receita-anula-isencao-tributaria-para-lideres-religiosos\\\/#primaryimage\",\"url\":\"https:\\\/\\\/jornalboasnoticias.com.br\\\/home\\\/wp-content\\\/uploads\\\/2021\\\/03\\\/mcam20022020-6-e1632429059687.jpg\",\"contentUrl\":\"https:\\\/\\\/jornalboasnoticias.com.br\\\/home\\\/wp-content\\\/uploads\\\/2021\\\/03\\\/mcam20022020-6-e1632429059687.jpg\",\"width\":600,\"height\":359,\"caption\":\"\u00a9 Marcelo Camargo\\\/Ag\u00eancia Brasil\"},{\"@type\":\"BreadcrumbList\",\"@id\":\"https:\\\/\\\/jornalboasnoticias.com.br\\\/home\\\/receita-anula-isencao-tributaria-para-lideres-religiosos\\\/#breadcrumb\",\"itemListElement\":[{\"@type\":\"ListItem\",\"position\":1,\"name\":\"In\u00edcio\",\"item\":\"https:\\\/\\\/jornalboasnoticias.com.br\\\/home\\\/\"},{\"@type\":\"ListItem\",\"position\":2,\"name\":\"Receita anula isen\u00e7\u00e3o tribut\u00e1ria para l\u00edderes religiosos\"}]},{\"@type\":\"WebSite\",\"@id\":\"https:\\\/\\\/jornalboasnoticias.com.br\\\/home\\\/#website\",\"url\":\"https:\\\/\\\/jornalboasnoticias.com.br\\\/home\\\/\",\"name\":\"Jornal Boas Not\u00edcias\",\"description\":\"Boas not\u00edcias\",\"publisher\":{\"@id\":\"https:\\\/\\\/jornalboasnoticias.com.br\\\/home\\\/#organization\"},\"potentialAction\":[{\"@type\":\"SearchAction\",\"target\":{\"@type\":\"EntryPoint\",\"urlTemplate\":\"https:\\\/\\\/jornalboasnoticias.com.br\\\/home\\\/?s={search_term_string}\"},\"query-input\":{\"@type\":\"PropertyValueSpecification\",\"valueRequired\":true,\"valueName\":\"search_term_string\"}}],\"inLanguage\":\"pt-BR\"},{\"@type\":\"Organization\",\"@id\":\"https:\\\/\\\/jornalboasnoticias.com.br\\\/home\\\/#organization\",\"name\":\"Coq Editora Ltda\",\"alternateName\":\"Jornal Boas Noticias\",\"url\":\"https:\\\/\\\/jornalboasnoticias.com.br\\\/home\\\/\",\"logo\":{\"@type\":\"ImageObject\",\"inLanguage\":\"pt-BR\",\"@id\":\"https:\\\/\\\/jornalboasnoticias.com.br\\\/home\\\/#\\\/schema\\\/logo\\\/image\\\/\",\"url\":\"https:\\\/\\\/jornalboasnoticias.com.br\\\/home\\\/wp-content\\\/uploads\\\/2024\\\/07\\\/cropped-logo.jpg\",\"contentUrl\":\"https:\\\/\\\/jornalboasnoticias.com.br\\\/home\\\/wp-content\\\/uploads\\\/2024\\\/07\\\/cropped-logo.jpg\",\"width\":290,\"height\":142,\"caption\":\"Coq Editora Ltda\"},\"image\":{\"@id\":\"https:\\\/\\\/jornalboasnoticias.com.br\\\/home\\\/#\\\/schema\\\/logo\\\/image\\\/\"},\"sameAs\":[\"https:\\\/\\\/www.facebook.com\\\/boasnoticiasjornal\"]},{\"@type\":\"Person\",\"@id\":\"https:\\\/\\\/jornalboasnoticias.com.br\\\/home\\\/#\\\/schema\\\/person\\\/75f9ebde398c998c166475fb446bda62\",\"name\":\"Luiz Carlos da Cruz\",\"image\":{\"@type\":\"ImageObject\",\"inLanguage\":\"pt-BR\",\"@id\":\"https:\\\/\\\/secure.gravatar.com\\\/avatar\\\/e6f4f45301b6cb8572f7b076572e8ac11c1db80e805d8c8d0858cf286ce3ac3b?s=96&d=mm&r=g\",\"url\":\"https:\\\/\\\/secure.gravatar.com\\\/avatar\\\/e6f4f45301b6cb8572f7b076572e8ac11c1db80e805d8c8d0858cf286ce3ac3b?s=96&d=mm&r=g\",\"contentUrl\":\"https:\\\/\\\/secure.gravatar.com\\\/avatar\\\/e6f4f45301b6cb8572f7b076572e8ac11c1db80e805d8c8d0858cf286ce3ac3b?s=96&d=mm&r=g\",\"caption\":\"Luiz Carlos da Cruz\"},\"url\":\"https:\\\/\\\/jornalboasnoticias.com.br\\\/home\\\/author\\\/luiz-carlos-da-cruz\\\/\"}]}<\/script>\n<!-- \/ Yoast SEO plugin. -->","yoast_head_json":{"title":"Receita anula isen\u00e7\u00e3o tribut\u00e1ria para l\u00edderes religiosos - Jornal","description":"Receita anula isen\u00e7\u00e3o tribut\u00e1ria para l\u00edderes religiosos","robots":{"index":"index","follow":"follow","max-snippet":"max-snippet:-1","max-image-preview":"max-image-preview:large","max-video-preview":"max-video-preview:-1"},"canonical":"https:\/\/jornalboasnoticias.com.br\/home\/receita-anula-isencao-tributaria-para-lideres-religiosos\/","og_locale":"pt_BR","og_type":"article","og_title":"Receita anula isen\u00e7\u00e3o tribut\u00e1ria para l\u00edderes religiosos - Jornal","og_description":"Receita anula isen\u00e7\u00e3o tribut\u00e1ria para l\u00edderes religiosos","og_url":"https:\/\/jornalboasnoticias.com.br\/home\/receita-anula-isencao-tributaria-para-lideres-religiosos\/","og_site_name":"Jornal","article_publisher":"https:\/\/www.facebook.com\/boasnoticiasjornal","article_published_time":"2024-01-18T02:52:44+00:00","og_image":[{"width":600,"height":359,"url":"https:\/\/jornalboasnoticias.com.br\/home\/wp-content\/uploads\/2021\/03\/mcam20022020-6-e1632429059687.jpg","type":"image\/jpeg"}],"author":"Luiz Carlos da Cruz","twitter_card":"summary_large_image","twitter_misc":{"Escrito por":"Luiz Carlos da Cruz","Est. tempo de leitura":"2 minutos"},"schema":{"@context":"https:\/\/schema.org","@graph":[{"@type":"Article","@id":"https:\/\/jornalboasnoticias.com.br\/home\/receita-anula-isencao-tributaria-para-lideres-religiosos\/#article","isPartOf":{"@id":"https:\/\/jornalboasnoticias.com.br\/home\/receita-anula-isencao-tributaria-para-lideres-religiosos\/"},"author":{"name":"Luiz Carlos da Cruz","@id":"https:\/\/jornalboasnoticias.com.br\/home\/#\/schema\/person\/75f9ebde398c998c166475fb446bda62"},"headline":"Receita anula isen\u00e7\u00e3o tribut\u00e1ria para l\u00edderes religiosos","datePublished":"2024-01-18T02:52:44+00:00","mainEntityOfPage":{"@id":"https:\/\/jornalboasnoticias.com.br\/home\/receita-anula-isencao-tributaria-para-lideres-religiosos\/"},"wordCount":319,"commentCount":0,"publisher":{"@id":"https:\/\/jornalboasnoticias.com.br\/home\/#organization"},"image":{"@id":"https:\/\/jornalboasnoticias.com.br\/home\/receita-anula-isencao-tributaria-para-lideres-religiosos\/#primaryimage"},"thumbnailUrl":"https:\/\/jornalboasnoticias.com.br\/home\/wp-content\/uploads\/2021\/03\/mcam20022020-6-e1632429059687.jpg","keywords":["receita"],"articleSection":["BRASIL"],"inLanguage":"pt-BR","potentialAction":[{"@type":"CommentAction","name":"Comment","target":["https:\/\/jornalboasnoticias.com.br\/home\/receita-anula-isencao-tributaria-para-lideres-religiosos\/#respond"]}]},{"@type":"WebPage","@id":"https:\/\/jornalboasnoticias.com.br\/home\/receita-anula-isencao-tributaria-para-lideres-religiosos\/","url":"https:\/\/jornalboasnoticias.com.br\/home\/receita-anula-isencao-tributaria-para-lideres-religiosos\/","name":"Receita anula isen\u00e7\u00e3o tribut\u00e1ria para l\u00edderes religiosos - Jornal","isPartOf":{"@id":"https:\/\/jornalboasnoticias.com.br\/home\/#website"},"primaryImageOfPage":{"@id":"https:\/\/jornalboasnoticias.com.br\/home\/receita-anula-isencao-tributaria-para-lideres-religiosos\/#primaryimage"},"image":{"@id":"https:\/\/jornalboasnoticias.com.br\/home\/receita-anula-isencao-tributaria-para-lideres-religiosos\/#primaryimage"},"thumbnailUrl":"https:\/\/jornalboasnoticias.com.br\/home\/wp-content\/uploads\/2021\/03\/mcam20022020-6-e1632429059687.jpg","datePublished":"2024-01-18T02:52:44+00:00","description":"Receita anula isen\u00e7\u00e3o tribut\u00e1ria para l\u00edderes religiosos","breadcrumb":{"@id":"https:\/\/jornalboasnoticias.com.br\/home\/receita-anula-isencao-tributaria-para-lideres-religiosos\/#breadcrumb"},"inLanguage":"pt-BR","potentialAction":[{"@type":"ReadAction","target":["https:\/\/jornalboasnoticias.com.br\/home\/receita-anula-isencao-tributaria-para-lideres-religiosos\/"]}]},{"@type":"ImageObject","inLanguage":"pt-BR","@id":"https:\/\/jornalboasnoticias.com.br\/home\/receita-anula-isencao-tributaria-para-lideres-religiosos\/#primaryimage","url":"https:\/\/jornalboasnoticias.com.br\/home\/wp-content\/uploads\/2021\/03\/mcam20022020-6-e1632429059687.jpg","contentUrl":"https:\/\/jornalboasnoticias.com.br\/home\/wp-content\/uploads\/2021\/03\/mcam20022020-6-e1632429059687.jpg","width":600,"height":359,"caption":"\u00a9 Marcelo Camargo\/Ag\u00eancia Brasil"},{"@type":"BreadcrumbList","@id":"https:\/\/jornalboasnoticias.com.br\/home\/receita-anula-isencao-tributaria-para-lideres-religiosos\/#breadcrumb","itemListElement":[{"@type":"ListItem","position":1,"name":"In\u00edcio","item":"https:\/\/jornalboasnoticias.com.br\/home\/"},{"@type":"ListItem","position":2,"name":"Receita anula isen\u00e7\u00e3o tribut\u00e1ria para l\u00edderes religiosos"}]},{"@type":"WebSite","@id":"https:\/\/jornalboasnoticias.com.br\/home\/#website","url":"https:\/\/jornalboasnoticias.com.br\/home\/","name":"Jornal Boas Not\u00edcias","description":"Boas not\u00edcias","publisher":{"@id":"https:\/\/jornalboasnoticias.com.br\/home\/#organization"},"potentialAction":[{"@type":"SearchAction","target":{"@type":"EntryPoint","urlTemplate":"https:\/\/jornalboasnoticias.com.br\/home\/?s={search_term_string}"},"query-input":{"@type":"PropertyValueSpecification","valueRequired":true,"valueName":"search_term_string"}}],"inLanguage":"pt-BR"},{"@type":"Organization","@id":"https:\/\/jornalboasnoticias.com.br\/home\/#organization","name":"Coq Editora Ltda","alternateName":"Jornal Boas Noticias","url":"https:\/\/jornalboasnoticias.com.br\/home\/","logo":{"@type":"ImageObject","inLanguage":"pt-BR","@id":"https:\/\/jornalboasnoticias.com.br\/home\/#\/schema\/logo\/image\/","url":"https:\/\/jornalboasnoticias.com.br\/home\/wp-content\/uploads\/2024\/07\/cropped-logo.jpg","contentUrl":"https:\/\/jornalboasnoticias.com.br\/home\/wp-content\/uploads\/2024\/07\/cropped-logo.jpg","width":290,"height":142,"caption":"Coq Editora Ltda"},"image":{"@id":"https:\/\/jornalboasnoticias.com.br\/home\/#\/schema\/logo\/image\/"},"sameAs":["https:\/\/www.facebook.com\/boasnoticiasjornal"]},{"@type":"Person","@id":"https:\/\/jornalboasnoticias.com.br\/home\/#\/schema\/person\/75f9ebde398c998c166475fb446bda62","name":"Luiz Carlos da Cruz","image":{"@type":"ImageObject","inLanguage":"pt-BR","@id":"https:\/\/secure.gravatar.com\/avatar\/e6f4f45301b6cb8572f7b076572e8ac11c1db80e805d8c8d0858cf286ce3ac3b?s=96&d=mm&r=g","url":"https:\/\/secure.gravatar.com\/avatar\/e6f4f45301b6cb8572f7b076572e8ac11c1db80e805d8c8d0858cf286ce3ac3b?s=96&d=mm&r=g","contentUrl":"https:\/\/secure.gravatar.com\/avatar\/e6f4f45301b6cb8572f7b076572e8ac11c1db80e805d8c8d0858cf286ce3ac3b?s=96&d=mm&r=g","caption":"Luiz Carlos da Cruz"},"url":"https:\/\/jornalboasnoticias.com.br\/home\/author\/luiz-carlos-da-cruz\/"}]}},"_links":{"self":[{"href":"https:\/\/jornalboasnoticias.com.br\/home\/wp-json\/wp\/v2\/posts\/42615","targetHints":{"allow":["GET"]}}],"collection":[{"href":"https:\/\/jornalboasnoticias.com.br\/home\/wp-json\/wp\/v2\/posts"}],"about":[{"href":"https:\/\/jornalboasnoticias.com.br\/home\/wp-json\/wp\/v2\/types\/post"}],"author":[{"embeddable":true,"href":"https:\/\/jornalboasnoticias.com.br\/home\/wp-json\/wp\/v2\/users\/3"}],"replies":[{"embeddable":true,"href":"https:\/\/jornalboasnoticias.com.br\/home\/wp-json\/wp\/v2\/comments?post=42615"}],"version-history":[{"count":0,"href":"https:\/\/jornalboasnoticias.com.br\/home\/wp-json\/wp\/v2\/posts\/42615\/revisions"}],"wp:featuredmedia":[{"embeddable":true,"href":"https:\/\/jornalboasnoticias.com.br\/home\/wp-json\/wp\/v2\/media\/4571"}],"wp:attachment":[{"href":"https:\/\/jornalboasnoticias.com.br\/home\/wp-json\/wp\/v2\/media?parent=42615"}],"wp:term":[{"taxonomy":"category","embeddable":true,"href":"https:\/\/jornalboasnoticias.com.br\/home\/wp-json\/wp\/v2\/categories?post=42615"},{"taxonomy":"post_tag","embeddable":true,"href":"https:\/\/jornalboasnoticias.com.br\/home\/wp-json\/wp\/v2\/tags?post=42615"}],"curies":[{"name":"wp","href":"https:\/\/api.w.org\/{rel}","templated":true}]}}