{"id":42607,"date":"2024-01-17T10:26:44","date_gmt":"2024-01-17T13:26:44","guid":{"rendered":"https:\/\/www.jornalboasnoticias.com.br\/?p=42607"},"modified":"2024-01-17T10:26:44","modified_gmt":"2024-01-17T13:26:44","slug":"ibge-oferece-895-vagas-no-concurso-publico-nacional-unificado","status":"publish","type":"post","link":"https:\/\/jornalboasnoticias.com.br\/home\/ibge-oferece-895-vagas-no-concurso-publico-nacional-unificado\/","title":{"rendered":"IBGE oferece 895 vagas no Concurso P\u00fablico Nacional Unificado"},"content":{"rendered":"<blockquote>\n<p class=\"col-10 offset-1 animated fadeInDown dealy-900 display-8 display-md-8 alt-font font-italic my-1 text-center\" style=\"text-align: center;\">Integra o certame um total, 6.640 vagas em 21 \u00f3rg\u00e3os federais<\/p>\n<\/blockquote>\n<figure id=\"attachment_42608\" aria-describedby=\"caption-attachment-42608\" style=\"width: 610px\" class=\"wp-caption aligncenter\"><img loading=\"lazy\" decoding=\"async\" class=\"size-medium wp-image-42608\" src=\"https:\/\/jornalboasnoticias.com.br\/home\/wp-content\/uploads\/2024\/01\/IMG_0693-e1705497974580-610x365.webp\" alt=\"\" width=\"610\" height=\"365\" \/><figcaption id=\"caption-attachment-42608\" class=\"wp-caption-text\">Rafa Neddermeyer\/Ag\u00eancia Brasil<\/figcaption><\/figure>\n<p>O Instituto Brasileiro de Geografia e Estat\u00edstica (IBGE) participa do Concurso P\u00fablico Nacional Unificado com 895 vagas destinadas a variados perfis de profissionais. Trata-se do maior concurso j\u00e1 realizado na hist\u00f3ria do instituto. O Minist\u00e9rio da Gest\u00e3o e da Inova\u00e7\u00e3o em Servi\u00e7os P\u00fablicos divulgou na \u00faltima quarta-feira (10) em Bras\u00edlia, informa\u00e7\u00f5es sobre o concurso com o lan\u00e7amento dos editais no mesmo dia.<img decoding=\"async\" src=\"https:\/\/agenciabrasil.ebc.com.br\/ebc.png?id=1576711&amp;o=node\" \/><img decoding=\"async\" src=\"https:\/\/agenciabrasil.ebc.com.br\/ebc.gif?id=1576711&amp;o=node\" \/><\/p>\n<p>Anunciado no ano passado, o concurso \u00e9 um novo modelo de sele\u00e7\u00e3o de servidores p\u00fablicos federais no qual \u00e9 poss\u00edvel concorrer a cargos efetivos, ofertados por diferentes \u00f3rg\u00e3os, por meio de uma \u00fanica prova. No total, 6.640 vagas de 21 \u00f3rg\u00e3os federais integram o certame. Os editais referentes a cada um dos oito blocos tem\u00e1ticos nos quais essas vagas foram divididas, assim como o cronograma do processo seletivo e outras informa\u00e7\u00f5es, est\u00e3o dispon\u00edveis na <a href=\"https:\/\/www.gov.br\/gestao\/pt-br\/concursonacional\" target=\"_blank\" rel=\"noopener\">p\u00e1gina oficial do concurso<\/a>\u00a0 na internet. As inscri\u00e7\u00f5es poder\u00e3o ser feitas de 19 de janeiro e 9 de fevereiro, e a prova est\u00e1 prevista para 5 de maio.<\/p>\n<p>As vagas oferecidas pelo IBGE no concurso p\u00fablico unificado est\u00e3o distribu\u00eddas em sete dos oito blocos tem\u00e1ticos e n\u00e3o haver\u00e1 prova de t\u00edtulos para os cargos do instituto. O Bloco 4 \u00e9 o \u00fanico que n\u00e3o apresenta postos de trabalho no IBGE. Conforme o minist\u00e9rio, cada candidato poder\u00e1 se inscrever apenas para vagas de um determinado bloco, de acordo com sua trajet\u00f3ria acad\u00eamica e interesse pessoal.<\/p>\n<p>Para quem tem n\u00edvel superior, os cargos e especialidades relacionados ao IBGE ficaram divididos da seguinte forma: 133 vagas no Bloco 1 (Infraestrutura, Exatas e Engenharias); 122 vagas no Bloco 2 (Tecnologia, Dados e Informa\u00e7\u00e3o); 29 vagas no Bloco 3 (Ambiental, Agr\u00e1rio e Biol\u00f3gicas); 4 vagas no Bloco 5 (Educa\u00e7\u00e3o, Sa\u00fade, Desenvolvimento Social e Direitos Humanos); 32 vagas no Bloco 6 (Setores Econ\u00f4micos e Regula\u00e7\u00e3o); e 275 vagas no Bloco 7 (Gest\u00e3o Governamental e Administra\u00e7\u00e3o P\u00fablica).<\/p>\n<p>Os aprovados poder\u00e3o trabalhar em diversas localidades do territ\u00f3rio nacional, dependendo da fun\u00e7\u00e3o escolhida. Nos casos em que um cargo for oferecido em diferentes cidades e\/ou estados, ter\u00e1 prefer\u00eancia de escolha do seu respectivo local de trabalho a pessoa com melhor classifica\u00e7\u00e3o no concurso e assim sucessivamente.<\/p>\n<p>No Bloco 8 (N\u00edvel Intermedi\u00e1rio) foram alocadas com 300 vagas direcionadas aos candidatos com n\u00edvel m\u00e9dio de escolaridade, reunidas separadamente em cada uma das cinco regi\u00f5es do Brasil: 47 vagas no Norte; 86 no Nordeste; 40 no Centro-Oeste; 91 no Sudeste; e 36 no Sul. A op\u00e7\u00e3o pela(s) regi\u00e3o(\u00f5es) desejada(s) ser\u00e1 feita pelo candidato no momento da inscri\u00e7\u00e3o.<\/p>\n<p>Dois dos tr\u00eas cargos com exig\u00eancia de ensino superior (Analista de Planejamento, Gest\u00e3o e Infraestrutura em Informa\u00e7\u00f5es Geogr\u00e1ficas e Estat\u00edsticas; e Tecnologista em Informa\u00e7\u00f5es Geogr\u00e1ficas e Estat\u00edsticas) t\u00eam sal\u00e1rio inicial de R$ 8.453,00. Pesquisador em Informa\u00e7\u00f5es Geogr\u00e1ficas e Estat\u00edsticas receber\u00e1 R$ 10.233,67, enquanto para as fun\u00e7\u00f5es de n\u00edvel m\u00e9dio (T\u00e9cnico em Informa\u00e7\u00f5es Geogr\u00e1ficas e Estat\u00edsticas) o valor \u00e9 R$ 4.008,24. N\u00e3o foram consideradas eventuais gratifica\u00e7\u00f5es por qualifica\u00e7\u00e3o. Os servidores federais permanentes t\u00eam direito a benef\u00edcios como aux\u00edlio-sa\u00fade, aux\u00edlio-alimenta\u00e7\u00e3o, aux\u00edlio-transporte, aux\u00edlio-creche, entre outros.<\/p>\n<p>\u201cEste concurso \u00e9 extremamente importante, considerando a necessidade de reposi\u00e7\u00e3o dos quadros do IBGE. Acredito que a estrat\u00e9gia do Concurso Nacional Unificado vai nos apoiar, identificando futuros servidores alinhados com a administra\u00e7\u00e3o p\u00fablica que possam, efetivamente, contribuir para o IBGE do futuro\u201d, afirmou, em nota Bruno Malheiros, coordenador de Recursos Humanos do instituto.<\/p>\n<p>(Ag\u00eancia Brasil)<\/p>\n","protected":false},"excerpt":{"rendered":"<p>Integra o certame um total, 6.640 vagas em 21 \u00f3rg\u00e3os federais O Instituto Brasileiro de<\/p>\n","protected":false},"author":2,"featured_media":42608,"comment_status":"open","ping_status":"open","sticky":false,"template":"","format":"standard","meta":{"footnotes":""},"categories":[6],"tags":[],"class_list":["post-42607","post","type-post","status-publish","format-standard","has-post-thumbnail","hentry","category-brasil"],"yoast_head":"<!-- This site is optimized with the Yoast SEO plugin v27.5 - https:\/\/yoast.com\/product\/yoast-seo-wordpress\/ -->\n<title>IBGE oferece 895 vagas no Concurso P\u00fablico Nacional Unificado - Jornal<\/title>\n<meta name=\"description\" content=\"IBGE oferece 895 vagas no Concurso P\u00fablico Nacional Unificado\" \/>\n<meta name=\"robots\" content=\"index, follow, max-snippet:-1, max-image-preview:large, max-video-preview:-1\" \/>\n<link rel=\"canonical\" href=\"https:\/\/jornalboasnoticias.com.br\/home\/ibge-oferece-895-vagas-no-concurso-publico-nacional-unificado\/\" \/>\n<meta property=\"og:locale\" content=\"pt_BR\" \/>\n<meta property=\"og:type\" content=\"article\" \/>\n<meta property=\"og:title\" content=\"IBGE oferece 895 vagas no Concurso P\u00fablico Nacional Unificado - Jornal\" \/>\n<meta property=\"og:description\" content=\"IBGE oferece 895 vagas no Concurso P\u00fablico Nacional Unificado\" \/>\n<meta property=\"og:url\" content=\"https:\/\/jornalboasnoticias.com.br\/home\/ibge-oferece-895-vagas-no-concurso-publico-nacional-unificado\/\" \/>\n<meta property=\"og:site_name\" content=\"Jornal\" \/>\n<meta property=\"article:publisher\" content=\"https:\/\/www.facebook.com\/boasnoticiasjornal\" \/>\n<meta property=\"article:published_time\" content=\"2024-01-17T13:26:44+00:00\" \/>\n<meta property=\"og:image\" content=\"https:\/\/jornalboasnoticias.com.br\/home\/wp-content\/uploads\/2024\/01\/IMG_0693-e1705497974580.webp\" \/>\n\t<meta property=\"og:image:width\" content=\"800\" \/>\n\t<meta property=\"og:image:height\" content=\"479\" \/>\n\t<meta property=\"og:image:type\" content=\"image\/webp\" \/>\n<meta name=\"author\" content=\"Maria Bonatto\" \/>\n<meta name=\"twitter:card\" content=\"summary_large_image\" \/>\n<meta name=\"twitter:label1\" content=\"Escrito por\" \/>\n\t<meta name=\"twitter:data1\" content=\"Maria Bonatto\" \/>\n\t<meta name=\"twitter:label2\" content=\"Est. tempo de leitura\" \/>\n\t<meta name=\"twitter:data2\" content=\"3 minutos\" \/>\n<script type=\"application\/ld+json\" class=\"yoast-schema-graph\">{\"@context\":\"https:\\\/\\\/schema.org\",\"@graph\":[{\"@type\":\"Article\",\"@id\":\"https:\\\/\\\/jornalboasnoticias.com.br\\\/home\\\/ibge-oferece-895-vagas-no-concurso-publico-nacional-unificado\\\/#article\",\"isPartOf\":{\"@id\":\"https:\\\/\\\/jornalboasnoticias.com.br\\\/home\\\/ibge-oferece-895-vagas-no-concurso-publico-nacional-unificado\\\/\"},\"author\":{\"name\":\"Maria Bonatto\",\"@id\":\"https:\\\/\\\/jornalboasnoticias.com.br\\\/home\\\/#\\\/schema\\\/person\\\/71a4be4d1685617d6d00f15f0f2952ee\"},\"headline\":\"IBGE oferece 895 vagas no Concurso P\u00fablico Nacional Unificado\",\"datePublished\":\"2024-01-17T13:26:44+00:00\",\"mainEntityOfPage\":{\"@id\":\"https:\\\/\\\/jornalboasnoticias.com.br\\\/home\\\/ibge-oferece-895-vagas-no-concurso-publico-nacional-unificado\\\/\"},\"wordCount\":642,\"commentCount\":0,\"publisher\":{\"@id\":\"https:\\\/\\\/jornalboasnoticias.com.br\\\/home\\\/#organization\"},\"image\":{\"@id\":\"https:\\\/\\\/jornalboasnoticias.com.br\\\/home\\\/ibge-oferece-895-vagas-no-concurso-publico-nacional-unificado\\\/#primaryimage\"},\"thumbnailUrl\":\"https:\\\/\\\/jornalboasnoticias.com.br\\\/home\\\/wp-content\\\/uploads\\\/2024\\\/01\\\/IMG_0693-e1705497974580.webp\",\"articleSection\":[\"BRASIL\"],\"inLanguage\":\"pt-BR\",\"potentialAction\":[{\"@type\":\"CommentAction\",\"name\":\"Comment\",\"target\":[\"https:\\\/\\\/jornalboasnoticias.com.br\\\/home\\\/ibge-oferece-895-vagas-no-concurso-publico-nacional-unificado\\\/#respond\"]}]},{\"@type\":\"WebPage\",\"@id\":\"https:\\\/\\\/jornalboasnoticias.com.br\\\/home\\\/ibge-oferece-895-vagas-no-concurso-publico-nacional-unificado\\\/\",\"url\":\"https:\\\/\\\/jornalboasnoticias.com.br\\\/home\\\/ibge-oferece-895-vagas-no-concurso-publico-nacional-unificado\\\/\",\"name\":\"IBGE oferece 895 vagas no Concurso P\u00fablico Nacional Unificado - Jornal\",\"isPartOf\":{\"@id\":\"https:\\\/\\\/jornalboasnoticias.com.br\\\/home\\\/#website\"},\"primaryImageOfPage\":{\"@id\":\"https:\\\/\\\/jornalboasnoticias.com.br\\\/home\\\/ibge-oferece-895-vagas-no-concurso-publico-nacional-unificado\\\/#primaryimage\"},\"image\":{\"@id\":\"https:\\\/\\\/jornalboasnoticias.com.br\\\/home\\\/ibge-oferece-895-vagas-no-concurso-publico-nacional-unificado\\\/#primaryimage\"},\"thumbnailUrl\":\"https:\\\/\\\/jornalboasnoticias.com.br\\\/home\\\/wp-content\\\/uploads\\\/2024\\\/01\\\/IMG_0693-e1705497974580.webp\",\"datePublished\":\"2024-01-17T13:26:44+00:00\",\"description\":\"IBGE oferece 895 vagas no Concurso P\u00fablico Nacional Unificado\",\"breadcrumb\":{\"@id\":\"https:\\\/\\\/jornalboasnoticias.com.br\\\/home\\\/ibge-oferece-895-vagas-no-concurso-publico-nacional-unificado\\\/#breadcrumb\"},\"inLanguage\":\"pt-BR\",\"potentialAction\":[{\"@type\":\"ReadAction\",\"target\":[\"https:\\\/\\\/jornalboasnoticias.com.br\\\/home\\\/ibge-oferece-895-vagas-no-concurso-publico-nacional-unificado\\\/\"]}]},{\"@type\":\"ImageObject\",\"inLanguage\":\"pt-BR\",\"@id\":\"https:\\\/\\\/jornalboasnoticias.com.br\\\/home\\\/ibge-oferece-895-vagas-no-concurso-publico-nacional-unificado\\\/#primaryimage\",\"url\":\"https:\\\/\\\/jornalboasnoticias.com.br\\\/home\\\/wp-content\\\/uploads\\\/2024\\\/01\\\/IMG_0693-e1705497974580.webp\",\"contentUrl\":\"https:\\\/\\\/jornalboasnoticias.com.br\\\/home\\\/wp-content\\\/uploads\\\/2024\\\/01\\\/IMG_0693-e1705497974580.webp\",\"width\":800,\"height\":479,\"caption\":\"Rafa Neddermeyer\\\/Ag\u00eancia Brasil\"},{\"@type\":\"BreadcrumbList\",\"@id\":\"https:\\\/\\\/jornalboasnoticias.com.br\\\/home\\\/ibge-oferece-895-vagas-no-concurso-publico-nacional-unificado\\\/#breadcrumb\",\"itemListElement\":[{\"@type\":\"ListItem\",\"position\":1,\"name\":\"In\u00edcio\",\"item\":\"https:\\\/\\\/jornalboasnoticias.com.br\\\/home\\\/\"},{\"@type\":\"ListItem\",\"position\":2,\"name\":\"IBGE oferece 895 vagas no Concurso P\u00fablico Nacional Unificado\"}]},{\"@type\":\"WebSite\",\"@id\":\"https:\\\/\\\/jornalboasnoticias.com.br\\\/home\\\/#website\",\"url\":\"https:\\\/\\\/jornalboasnoticias.com.br\\\/home\\\/\",\"name\":\"Jornal Boas Not\u00edcias\",\"description\":\"Boas not\u00edcias\",\"publisher\":{\"@id\":\"https:\\\/\\\/jornalboasnoticias.com.br\\\/home\\\/#organization\"},\"potentialAction\":[{\"@type\":\"SearchAction\",\"target\":{\"@type\":\"EntryPoint\",\"urlTemplate\":\"https:\\\/\\\/jornalboasnoticias.com.br\\\/home\\\/?s={search_term_string}\"},\"query-input\":{\"@type\":\"PropertyValueSpecification\",\"valueRequired\":true,\"valueName\":\"search_term_string\"}}],\"inLanguage\":\"pt-BR\"},{\"@type\":\"Organization\",\"@id\":\"https:\\\/\\\/jornalboasnoticias.com.br\\\/home\\\/#organization\",\"name\":\"Coq Editora Ltda\",\"alternateName\":\"Jornal Boas Noticias\",\"url\":\"https:\\\/\\\/jornalboasnoticias.com.br\\\/home\\\/\",\"logo\":{\"@type\":\"ImageObject\",\"inLanguage\":\"pt-BR\",\"@id\":\"https:\\\/\\\/jornalboasnoticias.com.br\\\/home\\\/#\\\/schema\\\/logo\\\/image\\\/\",\"url\":\"https:\\\/\\\/jornalboasnoticias.com.br\\\/home\\\/wp-content\\\/uploads\\\/2024\\\/07\\\/cropped-logo.jpg\",\"contentUrl\":\"https:\\\/\\\/jornalboasnoticias.com.br\\\/home\\\/wp-content\\\/uploads\\\/2024\\\/07\\\/cropped-logo.jpg\",\"width\":290,\"height\":142,\"caption\":\"Coq Editora Ltda\"},\"image\":{\"@id\":\"https:\\\/\\\/jornalboasnoticias.com.br\\\/home\\\/#\\\/schema\\\/logo\\\/image\\\/\"},\"sameAs\":[\"https:\\\/\\\/www.facebook.com\\\/boasnoticiasjornal\"]},{\"@type\":\"Person\",\"@id\":\"https:\\\/\\\/jornalboasnoticias.com.br\\\/home\\\/#\\\/schema\\\/person\\\/71a4be4d1685617d6d00f15f0f2952ee\",\"name\":\"Maria Bonatto\",\"image\":{\"@type\":\"ImageObject\",\"inLanguage\":\"pt-BR\",\"@id\":\"https:\\\/\\\/secure.gravatar.com\\\/avatar\\\/61bdbd92f7d53dd2fedfe556279602d97507ae906fdeb9624602488dcdcd042f?s=96&d=mm&r=g\",\"url\":\"https:\\\/\\\/secure.gravatar.com\\\/avatar\\\/61bdbd92f7d53dd2fedfe556279602d97507ae906fdeb9624602488dcdcd042f?s=96&d=mm&r=g\",\"contentUrl\":\"https:\\\/\\\/secure.gravatar.com\\\/avatar\\\/61bdbd92f7d53dd2fedfe556279602d97507ae906fdeb9624602488dcdcd042f?s=96&d=mm&r=g\",\"caption\":\"Maria Bonatto\"},\"url\":\"https:\\\/\\\/jornalboasnoticias.com.br\\\/home\\\/author\\\/ana-bonatto\\\/\"}]}<\/script>\n<!-- \/ Yoast SEO plugin. -->","yoast_head_json":{"title":"IBGE oferece 895 vagas no Concurso P\u00fablico Nacional Unificado - Jornal","description":"IBGE oferece 895 vagas no Concurso P\u00fablico Nacional Unificado","robots":{"index":"index","follow":"follow","max-snippet":"max-snippet:-1","max-image-preview":"max-image-preview:large","max-video-preview":"max-video-preview:-1"},"canonical":"https:\/\/jornalboasnoticias.com.br\/home\/ibge-oferece-895-vagas-no-concurso-publico-nacional-unificado\/","og_locale":"pt_BR","og_type":"article","og_title":"IBGE oferece 895 vagas no Concurso P\u00fablico Nacional Unificado - Jornal","og_description":"IBGE oferece 895 vagas no Concurso P\u00fablico Nacional Unificado","og_url":"https:\/\/jornalboasnoticias.com.br\/home\/ibge-oferece-895-vagas-no-concurso-publico-nacional-unificado\/","og_site_name":"Jornal","article_publisher":"https:\/\/www.facebook.com\/boasnoticiasjornal","article_published_time":"2024-01-17T13:26:44+00:00","og_image":[{"width":800,"height":479,"url":"https:\/\/jornalboasnoticias.com.br\/home\/wp-content\/uploads\/2024\/01\/IMG_0693-e1705497974580.webp","type":"image\/webp"}],"author":"Maria Bonatto","twitter_card":"summary_large_image","twitter_misc":{"Escrito por":"Maria Bonatto","Est. tempo de leitura":"3 minutos"},"schema":{"@context":"https:\/\/schema.org","@graph":[{"@type":"Article","@id":"https:\/\/jornalboasnoticias.com.br\/home\/ibge-oferece-895-vagas-no-concurso-publico-nacional-unificado\/#article","isPartOf":{"@id":"https:\/\/jornalboasnoticias.com.br\/home\/ibge-oferece-895-vagas-no-concurso-publico-nacional-unificado\/"},"author":{"name":"Maria Bonatto","@id":"https:\/\/jornalboasnoticias.com.br\/home\/#\/schema\/person\/71a4be4d1685617d6d00f15f0f2952ee"},"headline":"IBGE oferece 895 vagas no Concurso P\u00fablico Nacional Unificado","datePublished":"2024-01-17T13:26:44+00:00","mainEntityOfPage":{"@id":"https:\/\/jornalboasnoticias.com.br\/home\/ibge-oferece-895-vagas-no-concurso-publico-nacional-unificado\/"},"wordCount":642,"commentCount":0,"publisher":{"@id":"https:\/\/jornalboasnoticias.com.br\/home\/#organization"},"image":{"@id":"https:\/\/jornalboasnoticias.com.br\/home\/ibge-oferece-895-vagas-no-concurso-publico-nacional-unificado\/#primaryimage"},"thumbnailUrl":"https:\/\/jornalboasnoticias.com.br\/home\/wp-content\/uploads\/2024\/01\/IMG_0693-e1705497974580.webp","articleSection":["BRASIL"],"inLanguage":"pt-BR","potentialAction":[{"@type":"CommentAction","name":"Comment","target":["https:\/\/jornalboasnoticias.com.br\/home\/ibge-oferece-895-vagas-no-concurso-publico-nacional-unificado\/#respond"]}]},{"@type":"WebPage","@id":"https:\/\/jornalboasnoticias.com.br\/home\/ibge-oferece-895-vagas-no-concurso-publico-nacional-unificado\/","url":"https:\/\/jornalboasnoticias.com.br\/home\/ibge-oferece-895-vagas-no-concurso-publico-nacional-unificado\/","name":"IBGE oferece 895 vagas no Concurso P\u00fablico Nacional Unificado - Jornal","isPartOf":{"@id":"https:\/\/jornalboasnoticias.com.br\/home\/#website"},"primaryImageOfPage":{"@id":"https:\/\/jornalboasnoticias.com.br\/home\/ibge-oferece-895-vagas-no-concurso-publico-nacional-unificado\/#primaryimage"},"image":{"@id":"https:\/\/jornalboasnoticias.com.br\/home\/ibge-oferece-895-vagas-no-concurso-publico-nacional-unificado\/#primaryimage"},"thumbnailUrl":"https:\/\/jornalboasnoticias.com.br\/home\/wp-content\/uploads\/2024\/01\/IMG_0693-e1705497974580.webp","datePublished":"2024-01-17T13:26:44+00:00","description":"IBGE oferece 895 vagas no Concurso P\u00fablico Nacional Unificado","breadcrumb":{"@id":"https:\/\/jornalboasnoticias.com.br\/home\/ibge-oferece-895-vagas-no-concurso-publico-nacional-unificado\/#breadcrumb"},"inLanguage":"pt-BR","potentialAction":[{"@type":"ReadAction","target":["https:\/\/jornalboasnoticias.com.br\/home\/ibge-oferece-895-vagas-no-concurso-publico-nacional-unificado\/"]}]},{"@type":"ImageObject","inLanguage":"pt-BR","@id":"https:\/\/jornalboasnoticias.com.br\/home\/ibge-oferece-895-vagas-no-concurso-publico-nacional-unificado\/#primaryimage","url":"https:\/\/jornalboasnoticias.com.br\/home\/wp-content\/uploads\/2024\/01\/IMG_0693-e1705497974580.webp","contentUrl":"https:\/\/jornalboasnoticias.com.br\/home\/wp-content\/uploads\/2024\/01\/IMG_0693-e1705497974580.webp","width":800,"height":479,"caption":"Rafa Neddermeyer\/Ag\u00eancia Brasil"},{"@type":"BreadcrumbList","@id":"https:\/\/jornalboasnoticias.com.br\/home\/ibge-oferece-895-vagas-no-concurso-publico-nacional-unificado\/#breadcrumb","itemListElement":[{"@type":"ListItem","position":1,"name":"In\u00edcio","item":"https:\/\/jornalboasnoticias.com.br\/home\/"},{"@type":"ListItem","position":2,"name":"IBGE oferece 895 vagas no Concurso P\u00fablico Nacional Unificado"}]},{"@type":"WebSite","@id":"https:\/\/jornalboasnoticias.com.br\/home\/#website","url":"https:\/\/jornalboasnoticias.com.br\/home\/","name":"Jornal Boas Not\u00edcias","description":"Boas not\u00edcias","publisher":{"@id":"https:\/\/jornalboasnoticias.com.br\/home\/#organization"},"potentialAction":[{"@type":"SearchAction","target":{"@type":"EntryPoint","urlTemplate":"https:\/\/jornalboasnoticias.com.br\/home\/?s={search_term_string}"},"query-input":{"@type":"PropertyValueSpecification","valueRequired":true,"valueName":"search_term_string"}}],"inLanguage":"pt-BR"},{"@type":"Organization","@id":"https:\/\/jornalboasnoticias.com.br\/home\/#organization","name":"Coq Editora Ltda","alternateName":"Jornal Boas Noticias","url":"https:\/\/jornalboasnoticias.com.br\/home\/","logo":{"@type":"ImageObject","inLanguage":"pt-BR","@id":"https:\/\/jornalboasnoticias.com.br\/home\/#\/schema\/logo\/image\/","url":"https:\/\/jornalboasnoticias.com.br\/home\/wp-content\/uploads\/2024\/07\/cropped-logo.jpg","contentUrl":"https:\/\/jornalboasnoticias.com.br\/home\/wp-content\/uploads\/2024\/07\/cropped-logo.jpg","width":290,"height":142,"caption":"Coq Editora Ltda"},"image":{"@id":"https:\/\/jornalboasnoticias.com.br\/home\/#\/schema\/logo\/image\/"},"sameAs":["https:\/\/www.facebook.com\/boasnoticiasjornal"]},{"@type":"Person","@id":"https:\/\/jornalboasnoticias.com.br\/home\/#\/schema\/person\/71a4be4d1685617d6d00f15f0f2952ee","name":"Maria Bonatto","image":{"@type":"ImageObject","inLanguage":"pt-BR","@id":"https:\/\/secure.gravatar.com\/avatar\/61bdbd92f7d53dd2fedfe556279602d97507ae906fdeb9624602488dcdcd042f?s=96&d=mm&r=g","url":"https:\/\/secure.gravatar.com\/avatar\/61bdbd92f7d53dd2fedfe556279602d97507ae906fdeb9624602488dcdcd042f?s=96&d=mm&r=g","contentUrl":"https:\/\/secure.gravatar.com\/avatar\/61bdbd92f7d53dd2fedfe556279602d97507ae906fdeb9624602488dcdcd042f?s=96&d=mm&r=g","caption":"Maria Bonatto"},"url":"https:\/\/jornalboasnoticias.com.br\/home\/author\/ana-bonatto\/"}]}},"_links":{"self":[{"href":"https:\/\/jornalboasnoticias.com.br\/home\/wp-json\/wp\/v2\/posts\/42607","targetHints":{"allow":["GET"]}}],"collection":[{"href":"https:\/\/jornalboasnoticias.com.br\/home\/wp-json\/wp\/v2\/posts"}],"about":[{"href":"https:\/\/jornalboasnoticias.com.br\/home\/wp-json\/wp\/v2\/types\/post"}],"author":[{"embeddable":true,"href":"https:\/\/jornalboasnoticias.com.br\/home\/wp-json\/wp\/v2\/users\/2"}],"replies":[{"embeddable":true,"href":"https:\/\/jornalboasnoticias.com.br\/home\/wp-json\/wp\/v2\/comments?post=42607"}],"version-history":[{"count":0,"href":"https:\/\/jornalboasnoticias.com.br\/home\/wp-json\/wp\/v2\/posts\/42607\/revisions"}],"wp:featuredmedia":[{"embeddable":true,"href":"https:\/\/jornalboasnoticias.com.br\/home\/wp-json\/wp\/v2\/media\/42608"}],"wp:attachment":[{"href":"https:\/\/jornalboasnoticias.com.br\/home\/wp-json\/wp\/v2\/media?parent=42607"}],"wp:term":[{"taxonomy":"category","embeddable":true,"href":"https:\/\/jornalboasnoticias.com.br\/home\/wp-json\/wp\/v2\/categories?post=42607"},{"taxonomy":"post_tag","embeddable":true,"href":"https:\/\/jornalboasnoticias.com.br\/home\/wp-json\/wp\/v2\/tags?post=42607"}],"curies":[{"name":"wp","href":"https:\/\/api.w.org\/{rel}","templated":true}]}}