{"id":42595,"date":"2024-01-16T10:41:46","date_gmt":"2024-01-16T13:41:46","guid":{"rendered":"https:\/\/www.jornalboasnoticias.com.br\/?p=42595"},"modified":"2024-01-16T10:41:46","modified_gmt":"2024-01-16T13:41:46","slug":"sessenta-estudantes-tiram-nota-mil-na-redacao-do-enem","status":"publish","type":"post","link":"https:\/\/jornalboasnoticias.com.br\/home\/sessenta-estudantes-tiram-nota-mil-na-redacao-do-enem\/","title":{"rendered":"Sessenta estudantes tiram nota mil na reda\u00e7\u00e3o do Enem"},"content":{"rendered":"<blockquote>\n<p class=\"col-10 offset-1 animated fadeInDown dealy-900 display-8 display-md-8 alt-font font-italic my-1 text-center\" style=\"text-align: center;\">Na edi\u00e7\u00e3o anterior, apenas 18 candidatos alcan\u00e7aram a nota m\u00e1xima<\/p>\n<\/blockquote>\n<figure id=\"attachment_42596\" aria-describedby=\"caption-attachment-42596\" style=\"width: 610px\" class=\"wp-caption aligncenter\"><img loading=\"lazy\" decoding=\"async\" class=\"size-medium wp-image-42596\" src=\"https:\/\/jornalboasnoticias.com.br\/home\/wp-content\/uploads\/2024\/01\/IMG_0684-e1705412477646-610x365.webp\" alt=\"\" width=\"610\" height=\"365\" \/><figcaption id=\"caption-attachment-42596\" class=\"wp-caption-text\">\u00a9 Rafa Neddermeyer\/Ag\u00eancia Brasil<\/figcaption><\/figure>\n<p>O Instituto Nacional de Estudos e Pesquisas Educacionais An\u00edsio Teixeira (Inep) informou que 60 candidatos tiraram nota mil na reda\u00e7\u00e3o do Exame Nacional do Ensino M\u00e9dio (Enem) 2023.<img decoding=\"async\" src=\"https:\/\/agenciabrasil.ebc.com.br\/ebc.png?id=1576538&amp;o=node\" \/><img decoding=\"async\" src=\"https:\/\/agenciabrasil.ebc.com.br\/ebc.gif?id=1576538&amp;o=node\" \/><\/p>\n<p>Na edi\u00e7\u00e3o anterior, em 2022, apenas 18 candidatos alcan\u00e7aram a nota m\u00e1xima.<\/p>\n<p>Os n\u00fameros mostram que, do total de 60, apenas quatro candidatos s\u00e3o oriundos da rede p\u00fablica de ensino, sendo que 40% do total dos estudantes que participaram do exame nacional s\u00e3o da rede p\u00fablica.<\/p>\n<h2>Tema<\/h2>\n<p>Para o diretor de Avalia\u00e7\u00e3o da Educa\u00e7\u00e3o B\u00e1sica do Minist\u00e9rio da Educa\u00e7\u00e3o, Rubens Lacerda, o principal motivo para o aumento de notas mil na reda\u00e7\u00e3o foi o tema: desafios para o enfrentamento da invisibilidade do trabalho de cuidado realizado pela mulher no Brasil.<\/p>\n<p>\u201cFoi um tema relevante socialmente, discutido amplamente. Isso permitiu que as pessoas tivessem condi\u00e7\u00e3o para discutir esse tema com, n\u00e3o vou dizer facilidade, mas uma certa fluidez. E isso permitiu o aumento das notas mil este ano.\u201d<\/p>\n<p>(Ag\u00eancia Brasil)<\/p>\n","protected":false},"excerpt":{"rendered":"<p>Na edi\u00e7\u00e3o anterior, apenas 18 candidatos alcan\u00e7aram a nota m\u00e1xima O Instituto Nacional de Estudos<\/p>\n","protected":false},"author":2,"featured_media":42596,"comment_status":"open","ping_status":"open","sticky":false,"template":"","format":"standard","meta":{"footnotes":""},"categories":[8],"tags":[],"class_list":["post-42595","post","type-post","status-publish","format-standard","has-post-thumbnail","hentry","category-educacao"],"yoast_head":"<!-- This site is optimized with the Yoast SEO plugin v27.5 - https:\/\/yoast.com\/product\/yoast-seo-wordpress\/ -->\n<title>Sessenta estudantes tiram nota mil na reda\u00e7\u00e3o do Enem - Jornal<\/title>\n<meta name=\"description\" content=\"Sessenta estudantes tiram nota mil na reda\u00e7\u00e3o do Enem\" \/>\n<meta name=\"robots\" content=\"index, follow, max-snippet:-1, max-image-preview:large, max-video-preview:-1\" \/>\n<link rel=\"canonical\" href=\"https:\/\/jornalboasnoticias.com.br\/home\/sessenta-estudantes-tiram-nota-mil-na-redacao-do-enem\/\" \/>\n<meta property=\"og:locale\" content=\"pt_BR\" \/>\n<meta property=\"og:type\" content=\"article\" \/>\n<meta property=\"og:title\" content=\"Sessenta estudantes tiram nota mil na reda\u00e7\u00e3o do Enem - Jornal\" \/>\n<meta property=\"og:description\" content=\"Sessenta estudantes tiram nota mil na reda\u00e7\u00e3o do Enem\" \/>\n<meta property=\"og:url\" content=\"https:\/\/jornalboasnoticias.com.br\/home\/sessenta-estudantes-tiram-nota-mil-na-redacao-do-enem\/\" \/>\n<meta property=\"og:site_name\" content=\"Jornal\" \/>\n<meta property=\"article:publisher\" content=\"https:\/\/www.facebook.com\/boasnoticiasjornal\" \/>\n<meta property=\"article:published_time\" content=\"2024-01-16T13:41:46+00:00\" \/>\n<meta property=\"og:image\" content=\"https:\/\/jornalboasnoticias.com.br\/home\/wp-content\/uploads\/2024\/01\/IMG_0684-e1705412477646.webp\" \/>\n\t<meta property=\"og:image:width\" content=\"800\" \/>\n\t<meta property=\"og:image:height\" content=\"479\" \/>\n\t<meta property=\"og:image:type\" content=\"image\/webp\" \/>\n<meta name=\"author\" content=\"Maria Bonatto\" \/>\n<meta name=\"twitter:card\" content=\"summary_large_image\" \/>\n<meta name=\"twitter:label1\" content=\"Escrito por\" \/>\n\t<meta name=\"twitter:data1\" content=\"Maria Bonatto\" \/>\n\t<meta name=\"twitter:label2\" content=\"Est. tempo de leitura\" \/>\n\t<meta name=\"twitter:data2\" content=\"1 minuto\" \/>\n<script type=\"application\/ld+json\" class=\"yoast-schema-graph\">{\"@context\":\"https:\\\/\\\/schema.org\",\"@graph\":[{\"@type\":\"Article\",\"@id\":\"https:\\\/\\\/jornalboasnoticias.com.br\\\/home\\\/sessenta-estudantes-tiram-nota-mil-na-redacao-do-enem\\\/#article\",\"isPartOf\":{\"@id\":\"https:\\\/\\\/jornalboasnoticias.com.br\\\/home\\\/sessenta-estudantes-tiram-nota-mil-na-redacao-do-enem\\\/\"},\"author\":{\"name\":\"Maria Bonatto\",\"@id\":\"https:\\\/\\\/jornalboasnoticias.com.br\\\/home\\\/#\\\/schema\\\/person\\\/71a4be4d1685617d6d00f15f0f2952ee\"},\"headline\":\"Sessenta estudantes tiram nota mil na reda\u00e7\u00e3o do Enem\",\"datePublished\":\"2024-01-16T13:41:46+00:00\",\"mainEntityOfPage\":{\"@id\":\"https:\\\/\\\/jornalboasnoticias.com.br\\\/home\\\/sessenta-estudantes-tiram-nota-mil-na-redacao-do-enem\\\/\"},\"wordCount\":205,\"commentCount\":0,\"publisher\":{\"@id\":\"https:\\\/\\\/jornalboasnoticias.com.br\\\/home\\\/#organization\"},\"image\":{\"@id\":\"https:\\\/\\\/jornalboasnoticias.com.br\\\/home\\\/sessenta-estudantes-tiram-nota-mil-na-redacao-do-enem\\\/#primaryimage\"},\"thumbnailUrl\":\"https:\\\/\\\/jornalboasnoticias.com.br\\\/home\\\/wp-content\\\/uploads\\\/2024\\\/01\\\/IMG_0684-e1705412477646.webp\",\"articleSection\":[\"EDUCA\u00c7\u00c3O\"],\"inLanguage\":\"pt-BR\",\"potentialAction\":[{\"@type\":\"CommentAction\",\"name\":\"Comment\",\"target\":[\"https:\\\/\\\/jornalboasnoticias.com.br\\\/home\\\/sessenta-estudantes-tiram-nota-mil-na-redacao-do-enem\\\/#respond\"]}]},{\"@type\":\"WebPage\",\"@id\":\"https:\\\/\\\/jornalboasnoticias.com.br\\\/home\\\/sessenta-estudantes-tiram-nota-mil-na-redacao-do-enem\\\/\",\"url\":\"https:\\\/\\\/jornalboasnoticias.com.br\\\/home\\\/sessenta-estudantes-tiram-nota-mil-na-redacao-do-enem\\\/\",\"name\":\"Sessenta estudantes tiram nota mil na reda\u00e7\u00e3o do Enem - Jornal\",\"isPartOf\":{\"@id\":\"https:\\\/\\\/jornalboasnoticias.com.br\\\/home\\\/#website\"},\"primaryImageOfPage\":{\"@id\":\"https:\\\/\\\/jornalboasnoticias.com.br\\\/home\\\/sessenta-estudantes-tiram-nota-mil-na-redacao-do-enem\\\/#primaryimage\"},\"image\":{\"@id\":\"https:\\\/\\\/jornalboasnoticias.com.br\\\/home\\\/sessenta-estudantes-tiram-nota-mil-na-redacao-do-enem\\\/#primaryimage\"},\"thumbnailUrl\":\"https:\\\/\\\/jornalboasnoticias.com.br\\\/home\\\/wp-content\\\/uploads\\\/2024\\\/01\\\/IMG_0684-e1705412477646.webp\",\"datePublished\":\"2024-01-16T13:41:46+00:00\",\"description\":\"Sessenta estudantes tiram nota mil na reda\u00e7\u00e3o do Enem\",\"breadcrumb\":{\"@id\":\"https:\\\/\\\/jornalboasnoticias.com.br\\\/home\\\/sessenta-estudantes-tiram-nota-mil-na-redacao-do-enem\\\/#breadcrumb\"},\"inLanguage\":\"pt-BR\",\"potentialAction\":[{\"@type\":\"ReadAction\",\"target\":[\"https:\\\/\\\/jornalboasnoticias.com.br\\\/home\\\/sessenta-estudantes-tiram-nota-mil-na-redacao-do-enem\\\/\"]}]},{\"@type\":\"ImageObject\",\"inLanguage\":\"pt-BR\",\"@id\":\"https:\\\/\\\/jornalboasnoticias.com.br\\\/home\\\/sessenta-estudantes-tiram-nota-mil-na-redacao-do-enem\\\/#primaryimage\",\"url\":\"https:\\\/\\\/jornalboasnoticias.com.br\\\/home\\\/wp-content\\\/uploads\\\/2024\\\/01\\\/IMG_0684-e1705412477646.webp\",\"contentUrl\":\"https:\\\/\\\/jornalboasnoticias.com.br\\\/home\\\/wp-content\\\/uploads\\\/2024\\\/01\\\/IMG_0684-e1705412477646.webp\",\"width\":800,\"height\":479,\"caption\":\"\u00a9 Rafa Neddermeyer\\\/Ag\u00eancia Brasil\"},{\"@type\":\"BreadcrumbList\",\"@id\":\"https:\\\/\\\/jornalboasnoticias.com.br\\\/home\\\/sessenta-estudantes-tiram-nota-mil-na-redacao-do-enem\\\/#breadcrumb\",\"itemListElement\":[{\"@type\":\"ListItem\",\"position\":1,\"name\":\"In\u00edcio\",\"item\":\"https:\\\/\\\/jornalboasnoticias.com.br\\\/home\\\/\"},{\"@type\":\"ListItem\",\"position\":2,\"name\":\"Sessenta estudantes tiram nota mil na reda\u00e7\u00e3o do Enem\"}]},{\"@type\":\"WebSite\",\"@id\":\"https:\\\/\\\/jornalboasnoticias.com.br\\\/home\\\/#website\",\"url\":\"https:\\\/\\\/jornalboasnoticias.com.br\\\/home\\\/\",\"name\":\"Jornal Boas Not\u00edcias\",\"description\":\"Boas not\u00edcias\",\"publisher\":{\"@id\":\"https:\\\/\\\/jornalboasnoticias.com.br\\\/home\\\/#organization\"},\"potentialAction\":[{\"@type\":\"SearchAction\",\"target\":{\"@type\":\"EntryPoint\",\"urlTemplate\":\"https:\\\/\\\/jornalboasnoticias.com.br\\\/home\\\/?s={search_term_string}\"},\"query-input\":{\"@type\":\"PropertyValueSpecification\",\"valueRequired\":true,\"valueName\":\"search_term_string\"}}],\"inLanguage\":\"pt-BR\"},{\"@type\":\"Organization\",\"@id\":\"https:\\\/\\\/jornalboasnoticias.com.br\\\/home\\\/#organization\",\"name\":\"Coq Editora Ltda\",\"alternateName\":\"Jornal Boas Noticias\",\"url\":\"https:\\\/\\\/jornalboasnoticias.com.br\\\/home\\\/\",\"logo\":{\"@type\":\"ImageObject\",\"inLanguage\":\"pt-BR\",\"@id\":\"https:\\\/\\\/jornalboasnoticias.com.br\\\/home\\\/#\\\/schema\\\/logo\\\/image\\\/\",\"url\":\"https:\\\/\\\/jornalboasnoticias.com.br\\\/home\\\/wp-content\\\/uploads\\\/2024\\\/07\\\/cropped-logo.jpg\",\"contentUrl\":\"https:\\\/\\\/jornalboasnoticias.com.br\\\/home\\\/wp-content\\\/uploads\\\/2024\\\/07\\\/cropped-logo.jpg\",\"width\":290,\"height\":142,\"caption\":\"Coq Editora Ltda\"},\"image\":{\"@id\":\"https:\\\/\\\/jornalboasnoticias.com.br\\\/home\\\/#\\\/schema\\\/logo\\\/image\\\/\"},\"sameAs\":[\"https:\\\/\\\/www.facebook.com\\\/boasnoticiasjornal\"]},{\"@type\":\"Person\",\"@id\":\"https:\\\/\\\/jornalboasnoticias.com.br\\\/home\\\/#\\\/schema\\\/person\\\/71a4be4d1685617d6d00f15f0f2952ee\",\"name\":\"Maria Bonatto\",\"image\":{\"@type\":\"ImageObject\",\"inLanguage\":\"pt-BR\",\"@id\":\"https:\\\/\\\/secure.gravatar.com\\\/avatar\\\/61bdbd92f7d53dd2fedfe556279602d97507ae906fdeb9624602488dcdcd042f?s=96&d=mm&r=g\",\"url\":\"https:\\\/\\\/secure.gravatar.com\\\/avatar\\\/61bdbd92f7d53dd2fedfe556279602d97507ae906fdeb9624602488dcdcd042f?s=96&d=mm&r=g\",\"contentUrl\":\"https:\\\/\\\/secure.gravatar.com\\\/avatar\\\/61bdbd92f7d53dd2fedfe556279602d97507ae906fdeb9624602488dcdcd042f?s=96&d=mm&r=g\",\"caption\":\"Maria Bonatto\"},\"url\":\"https:\\\/\\\/jornalboasnoticias.com.br\\\/home\\\/author\\\/ana-bonatto\\\/\"}]}<\/script>\n<!-- \/ Yoast SEO plugin. -->","yoast_head_json":{"title":"Sessenta estudantes tiram nota mil na reda\u00e7\u00e3o do Enem - Jornal","description":"Sessenta estudantes tiram nota mil na reda\u00e7\u00e3o do Enem","robots":{"index":"index","follow":"follow","max-snippet":"max-snippet:-1","max-image-preview":"max-image-preview:large","max-video-preview":"max-video-preview:-1"},"canonical":"https:\/\/jornalboasnoticias.com.br\/home\/sessenta-estudantes-tiram-nota-mil-na-redacao-do-enem\/","og_locale":"pt_BR","og_type":"article","og_title":"Sessenta estudantes tiram nota mil na reda\u00e7\u00e3o do Enem - Jornal","og_description":"Sessenta estudantes tiram nota mil na reda\u00e7\u00e3o do Enem","og_url":"https:\/\/jornalboasnoticias.com.br\/home\/sessenta-estudantes-tiram-nota-mil-na-redacao-do-enem\/","og_site_name":"Jornal","article_publisher":"https:\/\/www.facebook.com\/boasnoticiasjornal","article_published_time":"2024-01-16T13:41:46+00:00","og_image":[{"width":800,"height":479,"url":"https:\/\/jornalboasnoticias.com.br\/home\/wp-content\/uploads\/2024\/01\/IMG_0684-e1705412477646.webp","type":"image\/webp"}],"author":"Maria Bonatto","twitter_card":"summary_large_image","twitter_misc":{"Escrito por":"Maria Bonatto","Est. tempo de leitura":"1 minuto"},"schema":{"@context":"https:\/\/schema.org","@graph":[{"@type":"Article","@id":"https:\/\/jornalboasnoticias.com.br\/home\/sessenta-estudantes-tiram-nota-mil-na-redacao-do-enem\/#article","isPartOf":{"@id":"https:\/\/jornalboasnoticias.com.br\/home\/sessenta-estudantes-tiram-nota-mil-na-redacao-do-enem\/"},"author":{"name":"Maria Bonatto","@id":"https:\/\/jornalboasnoticias.com.br\/home\/#\/schema\/person\/71a4be4d1685617d6d00f15f0f2952ee"},"headline":"Sessenta estudantes tiram nota mil na reda\u00e7\u00e3o do Enem","datePublished":"2024-01-16T13:41:46+00:00","mainEntityOfPage":{"@id":"https:\/\/jornalboasnoticias.com.br\/home\/sessenta-estudantes-tiram-nota-mil-na-redacao-do-enem\/"},"wordCount":205,"commentCount":0,"publisher":{"@id":"https:\/\/jornalboasnoticias.com.br\/home\/#organization"},"image":{"@id":"https:\/\/jornalboasnoticias.com.br\/home\/sessenta-estudantes-tiram-nota-mil-na-redacao-do-enem\/#primaryimage"},"thumbnailUrl":"https:\/\/jornalboasnoticias.com.br\/home\/wp-content\/uploads\/2024\/01\/IMG_0684-e1705412477646.webp","articleSection":["EDUCA\u00c7\u00c3O"],"inLanguage":"pt-BR","potentialAction":[{"@type":"CommentAction","name":"Comment","target":["https:\/\/jornalboasnoticias.com.br\/home\/sessenta-estudantes-tiram-nota-mil-na-redacao-do-enem\/#respond"]}]},{"@type":"WebPage","@id":"https:\/\/jornalboasnoticias.com.br\/home\/sessenta-estudantes-tiram-nota-mil-na-redacao-do-enem\/","url":"https:\/\/jornalboasnoticias.com.br\/home\/sessenta-estudantes-tiram-nota-mil-na-redacao-do-enem\/","name":"Sessenta estudantes tiram nota mil na reda\u00e7\u00e3o do Enem - Jornal","isPartOf":{"@id":"https:\/\/jornalboasnoticias.com.br\/home\/#website"},"primaryImageOfPage":{"@id":"https:\/\/jornalboasnoticias.com.br\/home\/sessenta-estudantes-tiram-nota-mil-na-redacao-do-enem\/#primaryimage"},"image":{"@id":"https:\/\/jornalboasnoticias.com.br\/home\/sessenta-estudantes-tiram-nota-mil-na-redacao-do-enem\/#primaryimage"},"thumbnailUrl":"https:\/\/jornalboasnoticias.com.br\/home\/wp-content\/uploads\/2024\/01\/IMG_0684-e1705412477646.webp","datePublished":"2024-01-16T13:41:46+00:00","description":"Sessenta estudantes tiram nota mil na reda\u00e7\u00e3o do Enem","breadcrumb":{"@id":"https:\/\/jornalboasnoticias.com.br\/home\/sessenta-estudantes-tiram-nota-mil-na-redacao-do-enem\/#breadcrumb"},"inLanguage":"pt-BR","potentialAction":[{"@type":"ReadAction","target":["https:\/\/jornalboasnoticias.com.br\/home\/sessenta-estudantes-tiram-nota-mil-na-redacao-do-enem\/"]}]},{"@type":"ImageObject","inLanguage":"pt-BR","@id":"https:\/\/jornalboasnoticias.com.br\/home\/sessenta-estudantes-tiram-nota-mil-na-redacao-do-enem\/#primaryimage","url":"https:\/\/jornalboasnoticias.com.br\/home\/wp-content\/uploads\/2024\/01\/IMG_0684-e1705412477646.webp","contentUrl":"https:\/\/jornalboasnoticias.com.br\/home\/wp-content\/uploads\/2024\/01\/IMG_0684-e1705412477646.webp","width":800,"height":479,"caption":"\u00a9 Rafa Neddermeyer\/Ag\u00eancia Brasil"},{"@type":"BreadcrumbList","@id":"https:\/\/jornalboasnoticias.com.br\/home\/sessenta-estudantes-tiram-nota-mil-na-redacao-do-enem\/#breadcrumb","itemListElement":[{"@type":"ListItem","position":1,"name":"In\u00edcio","item":"https:\/\/jornalboasnoticias.com.br\/home\/"},{"@type":"ListItem","position":2,"name":"Sessenta estudantes tiram nota mil na reda\u00e7\u00e3o do Enem"}]},{"@type":"WebSite","@id":"https:\/\/jornalboasnoticias.com.br\/home\/#website","url":"https:\/\/jornalboasnoticias.com.br\/home\/","name":"Jornal Boas Not\u00edcias","description":"Boas not\u00edcias","publisher":{"@id":"https:\/\/jornalboasnoticias.com.br\/home\/#organization"},"potentialAction":[{"@type":"SearchAction","target":{"@type":"EntryPoint","urlTemplate":"https:\/\/jornalboasnoticias.com.br\/home\/?s={search_term_string}"},"query-input":{"@type":"PropertyValueSpecification","valueRequired":true,"valueName":"search_term_string"}}],"inLanguage":"pt-BR"},{"@type":"Organization","@id":"https:\/\/jornalboasnoticias.com.br\/home\/#organization","name":"Coq Editora Ltda","alternateName":"Jornal Boas Noticias","url":"https:\/\/jornalboasnoticias.com.br\/home\/","logo":{"@type":"ImageObject","inLanguage":"pt-BR","@id":"https:\/\/jornalboasnoticias.com.br\/home\/#\/schema\/logo\/image\/","url":"https:\/\/jornalboasnoticias.com.br\/home\/wp-content\/uploads\/2024\/07\/cropped-logo.jpg","contentUrl":"https:\/\/jornalboasnoticias.com.br\/home\/wp-content\/uploads\/2024\/07\/cropped-logo.jpg","width":290,"height":142,"caption":"Coq Editora Ltda"},"image":{"@id":"https:\/\/jornalboasnoticias.com.br\/home\/#\/schema\/logo\/image\/"},"sameAs":["https:\/\/www.facebook.com\/boasnoticiasjornal"]},{"@type":"Person","@id":"https:\/\/jornalboasnoticias.com.br\/home\/#\/schema\/person\/71a4be4d1685617d6d00f15f0f2952ee","name":"Maria Bonatto","image":{"@type":"ImageObject","inLanguage":"pt-BR","@id":"https:\/\/secure.gravatar.com\/avatar\/61bdbd92f7d53dd2fedfe556279602d97507ae906fdeb9624602488dcdcd042f?s=96&d=mm&r=g","url":"https:\/\/secure.gravatar.com\/avatar\/61bdbd92f7d53dd2fedfe556279602d97507ae906fdeb9624602488dcdcd042f?s=96&d=mm&r=g","contentUrl":"https:\/\/secure.gravatar.com\/avatar\/61bdbd92f7d53dd2fedfe556279602d97507ae906fdeb9624602488dcdcd042f?s=96&d=mm&r=g","caption":"Maria Bonatto"},"url":"https:\/\/jornalboasnoticias.com.br\/home\/author\/ana-bonatto\/"}]}},"_links":{"self":[{"href":"https:\/\/jornalboasnoticias.com.br\/home\/wp-json\/wp\/v2\/posts\/42595","targetHints":{"allow":["GET"]}}],"collection":[{"href":"https:\/\/jornalboasnoticias.com.br\/home\/wp-json\/wp\/v2\/posts"}],"about":[{"href":"https:\/\/jornalboasnoticias.com.br\/home\/wp-json\/wp\/v2\/types\/post"}],"author":[{"embeddable":true,"href":"https:\/\/jornalboasnoticias.com.br\/home\/wp-json\/wp\/v2\/users\/2"}],"replies":[{"embeddable":true,"href":"https:\/\/jornalboasnoticias.com.br\/home\/wp-json\/wp\/v2\/comments?post=42595"}],"version-history":[{"count":0,"href":"https:\/\/jornalboasnoticias.com.br\/home\/wp-json\/wp\/v2\/posts\/42595\/revisions"}],"wp:featuredmedia":[{"embeddable":true,"href":"https:\/\/jornalboasnoticias.com.br\/home\/wp-json\/wp\/v2\/media\/42596"}],"wp:attachment":[{"href":"https:\/\/jornalboasnoticias.com.br\/home\/wp-json\/wp\/v2\/media?parent=42595"}],"wp:term":[{"taxonomy":"category","embeddable":true,"href":"https:\/\/jornalboasnoticias.com.br\/home\/wp-json\/wp\/v2\/categories?post=42595"},{"taxonomy":"post_tag","embeddable":true,"href":"https:\/\/jornalboasnoticias.com.br\/home\/wp-json\/wp\/v2\/tags?post=42595"}],"curies":[{"name":"wp","href":"https:\/\/api.w.org\/{rel}","templated":true}]}}