{"id":42578,"date":"2024-01-15T10:38:12","date_gmt":"2024-01-15T13:38:12","guid":{"rendered":"https:\/\/www.jornalboasnoticias.com.br\/?p=42578"},"modified":"2024-01-15T10:38:12","modified_gmt":"2024-01-15T13:38:12","slug":"atividade-industrial-do-parana-alcancou-em-2023-o-maior-patamar-desde-janeiro-de-2012","status":"publish","type":"post","link":"https:\/\/jornalboasnoticias.com.br\/home\/atividade-industrial-do-parana-alcancou-em-2023-o-maior-patamar-desde-janeiro-de-2012\/","title":{"rendered":"Atividade industrial do Paran\u00e1 alcan\u00e7ou em 2023 o maior patamar desde janeiro de 2012"},"content":{"rendered":"<blockquote>\n<p style=\"text-align: center;\">O crescimento de 5,4% na ind\u00fastria paranaense em novembro de 2023, o melhor resultado do Pa\u00eds, fez com que o Paran\u00e1 conquistasse o maior n\u00edvel da produ\u00e7\u00e3o industrial desde janeiro de 2012<\/p>\n<\/blockquote>\n<figure id=\"attachment_42579\" aria-describedby=\"caption-attachment-42579\" style=\"width: 548px\" class=\"wp-caption aligncenter\"><img loading=\"lazy\" decoding=\"async\" class=\"size-medium wp-image-42579\" src=\"https:\/\/jornalboasnoticias.com.br\/home\/wp-content\/uploads\/2024\/01\/IMG_0666-scaled-e1705325590474-548x365.jpeg\" alt=\"\" width=\"548\" height=\"365\" \/><figcaption id=\"caption-attachment-42579\" class=\"wp-caption-text\">Foto: Jos\u00e9 Fernando Ogura\/Arquivo AEN<\/figcaption><\/figure>\n<p>O crescimento de 5,4% na ind\u00fastria paranaense em novembro de 2023, o melhor resultado do Pa\u00eds, fez com que o Paran\u00e1 conquistasse o maior n\u00edvel da produ\u00e7\u00e3o industrial desde janeiro de 2012. O Estado chegou ao \u00edndice de 113.82591 no m\u00eas, segundo a Pesquisa Industrial Mensal divulgada nesta sexta-feira (12) pelo Instituto Brasileiro de Geografia e Estat\u00edstica (IBGE). At\u00e9 ent\u00e3o, o maior \u00edndice da produ\u00e7\u00e3o paranaense na s\u00e9rie hist\u00f3rica do IBGE tinha sido alcan\u00e7ado em dezembro de 2011, quando chegou ao patamar de 122.45216.<\/p>\n<p>O indicador do IBGE mede as varia\u00e7\u00f5es no volume f\u00edsico de bens e servi\u00e7os produzidos pela ind\u00fastria ao longo do tempo, sem considerar as oscila\u00e7\u00f5es nos pre\u00e7os desses produtos. S\u00e3o analisados 1.042 itens fabricados em cerca de 12,5 mil unidades industriais de 15 localidades brasileiras.<\/p>\n<p>O Paran\u00e1 vem observando um crescimento sucessivo na atividade industrial desde agosto do ano passado, quando o \u00edndice de produ\u00e7\u00e3o industrial chegou a 104.72617. Com isso, a expans\u00e3o acumulada no Estado foi de 14,5% ao longo de quatro meses, na compara\u00e7\u00e3o entre novembro e julho de 2023.\u00a0Nacionalmente, a m\u00e9dia foi de 0,9% no per\u00edodo.<\/p>\n<p>O ritmo na produ\u00e7\u00e3o industrial tamb\u00e9m ultrapassou os n\u00fameros pr\u00e9-pandemia. Se comparado a fevereiro de 2020, a ind\u00fastria do Paran\u00e1 observou um crescimento 9,6%. Em rela\u00e7\u00e3o a mar\u00e7o daquele ano, a expans\u00e3o foi de 23,8%.<\/p>\n<p>\u201cNo in\u00edcio da d\u00e9cada passada, a pol\u00edtica econ\u00f4mica nacional era artificialmente expansionista, com uma queda for\u00e7ada na taxa de juros e uma s\u00e9rie de desonera\u00e7\u00f5es na ind\u00fastria que levaram aos n\u00edveis positivos da \u00e9poca. Isso torna o resultado de novembro de 2023 do Paran\u00e1 ainda mais expressivo\u201d, explica o diretor de Pesquisa do Instituto Paranaense de Desenvolvimento Econ\u00f4mico e Social (Ipardes), Julio Suzuki.<\/p>\n<h2><strong>EXPANS\u00c3O DA ECONOMIA<\/strong><\/h2>\n<p>O resultado positivo na ind\u00fastria confirma o bom momento da economia do Paran\u00e1. Com avan\u00e7o de 6,9%, o Produto Interno Bruto (PIB) do Estado cresceu mais do que o dobro da m\u00e9dia nacional nos tr\u00eas primeiros trimestres de 2023, em rela\u00e7\u00e3o ao mesmo per\u00edodo de 2022. O PIB do Estado somou R$ 485,8 bilh\u00f5es no acumulado de janeiro a setembro, o que representa 6,1% do total do PIB brasileiro, que fechou os tr\u00eas primeiros trimestres com R$ 8 trilh\u00f5es.<\/p>\n<p>Outro indicador, desta vez calculado pelo Banco Central, coloca o Paran\u00e1 como o estado com o maior crescimento da atividade econ\u00f4mica do Pa\u00eds entre janeiro e outubro de 2023, na compara\u00e7\u00e3o com os dez primeiros meses do ano anterior. Segundo o \u00cdndice de Atividade Econ\u00f4mica Regional (IBCR), o aumento, no per\u00edodo, foi de 9,1%, bem acima da m\u00e9dia nacional, de 2,4%. O IBCR\u00a0 incorpora as informa\u00e7\u00f5es sobre o desempenho da economia nos setores agropecu\u00e1rio, industrial, de servi\u00e7os e de com\u00e9rcio a partir das pesquisas mensais do IBGE.<\/p>\n<p>(AEN)<\/p>\n","protected":false},"excerpt":{"rendered":"<p>O crescimento de 5,4% na ind\u00fastria paranaense em novembro de 2023, o melhor resultado do<\/p>\n","protected":false},"author":2,"featured_media":42579,"comment_status":"open","ping_status":"open","sticky":false,"template":"","format":"standard","meta":{"footnotes":""},"categories":[3,4],"tags":[],"class_list":["post-42578","post","type-post","status-publish","format-standard","has-post-thumbnail","hentry","category-destaques","category-parana"],"yoast_head":"<!-- This site is optimized with the Yoast SEO plugin v27.5 - https:\/\/yoast.com\/product\/yoast-seo-wordpress\/ -->\n<title>Atividade industrial do Paran\u00e1 alcan\u00e7ou em 2023 o maior patamar desde janeiro de 2012 - Jornal<\/title>\n<meta name=\"description\" content=\"Atividade industrial do Paran\u00e1 alcan\u00e7ou em 2023 o maior patamar desde janeiro de 2012\" \/>\n<meta name=\"robots\" content=\"index, follow, max-snippet:-1, max-image-preview:large, max-video-preview:-1\" \/>\n<link rel=\"canonical\" href=\"https:\/\/jornalboasnoticias.com.br\/home\/atividade-industrial-do-parana-alcancou-em-2023-o-maior-patamar-desde-janeiro-de-2012\/\" \/>\n<meta property=\"og:locale\" content=\"pt_BR\" \/>\n<meta property=\"og:type\" content=\"article\" \/>\n<meta property=\"og:title\" content=\"Atividade industrial do Paran\u00e1 alcan\u00e7ou em 2023 o maior patamar desde janeiro de 2012 - Jornal\" \/>\n<meta property=\"og:description\" content=\"Atividade industrial do Paran\u00e1 alcan\u00e7ou em 2023 o maior patamar desde janeiro de 2012\" \/>\n<meta property=\"og:url\" content=\"https:\/\/jornalboasnoticias.com.br\/home\/atividade-industrial-do-parana-alcancou-em-2023-o-maior-patamar-desde-janeiro-de-2012\/\" \/>\n<meta property=\"og:site_name\" content=\"Jornal\" \/>\n<meta property=\"article:publisher\" content=\"https:\/\/www.facebook.com\/boasnoticiasjornal\" \/>\n<meta property=\"article:published_time\" content=\"2024-01-15T13:38:12+00:00\" \/>\n<meta property=\"og:image\" content=\"https:\/\/jornalboasnoticias.com.br\/home\/wp-content\/uploads\/2024\/01\/IMG_0666-scaled-e1705325590474.jpeg\" \/>\n\t<meta property=\"og:image:width\" content=\"800\" \/>\n\t<meta property=\"og:image:height\" content=\"533\" \/>\n\t<meta property=\"og:image:type\" content=\"image\/jpeg\" \/>\n<meta name=\"author\" content=\"Maria Bonatto\" \/>\n<meta name=\"twitter:card\" content=\"summary_large_image\" \/>\n<meta name=\"twitter:label1\" content=\"Escrito por\" \/>\n\t<meta name=\"twitter:data1\" content=\"Maria Bonatto\" \/>\n\t<meta name=\"twitter:label2\" content=\"Est. tempo de leitura\" \/>\n\t<meta name=\"twitter:data2\" content=\"3 minutos\" \/>\n<script type=\"application\/ld+json\" class=\"yoast-schema-graph\">{\"@context\":\"https:\\\/\\\/schema.org\",\"@graph\":[{\"@type\":\"Article\",\"@id\":\"https:\\\/\\\/jornalboasnoticias.com.br\\\/home\\\/atividade-industrial-do-parana-alcancou-em-2023-o-maior-patamar-desde-janeiro-de-2012\\\/#article\",\"isPartOf\":{\"@id\":\"https:\\\/\\\/jornalboasnoticias.com.br\\\/home\\\/atividade-industrial-do-parana-alcancou-em-2023-o-maior-patamar-desde-janeiro-de-2012\\\/\"},\"author\":{\"name\":\"Maria Bonatto\",\"@id\":\"https:\\\/\\\/jornalboasnoticias.com.br\\\/home\\\/#\\\/schema\\\/person\\\/71a4be4d1685617d6d00f15f0f2952ee\"},\"headline\":\"Atividade industrial do Paran\u00e1 alcan\u00e7ou em 2023 o maior patamar desde janeiro de 2012\",\"datePublished\":\"2024-01-15T13:38:12+00:00\",\"mainEntityOfPage\":{\"@id\":\"https:\\\/\\\/jornalboasnoticias.com.br\\\/home\\\/atividade-industrial-do-parana-alcancou-em-2023-o-maior-patamar-desde-janeiro-de-2012\\\/\"},\"wordCount\":545,\"commentCount\":0,\"publisher\":{\"@id\":\"https:\\\/\\\/jornalboasnoticias.com.br\\\/home\\\/#organization\"},\"image\":{\"@id\":\"https:\\\/\\\/jornalboasnoticias.com.br\\\/home\\\/atividade-industrial-do-parana-alcancou-em-2023-o-maior-patamar-desde-janeiro-de-2012\\\/#primaryimage\"},\"thumbnailUrl\":\"https:\\\/\\\/jornalboasnoticias.com.br\\\/home\\\/wp-content\\\/uploads\\\/2024\\\/01\\\/IMG_0666-scaled-e1705325590474.jpeg\",\"articleSection\":[\"DESTAQUE\",\"PARAN\u00c1\"],\"inLanguage\":\"pt-BR\",\"potentialAction\":[{\"@type\":\"CommentAction\",\"name\":\"Comment\",\"target\":[\"https:\\\/\\\/jornalboasnoticias.com.br\\\/home\\\/atividade-industrial-do-parana-alcancou-em-2023-o-maior-patamar-desde-janeiro-de-2012\\\/#respond\"]}]},{\"@type\":\"WebPage\",\"@id\":\"https:\\\/\\\/jornalboasnoticias.com.br\\\/home\\\/atividade-industrial-do-parana-alcancou-em-2023-o-maior-patamar-desde-janeiro-de-2012\\\/\",\"url\":\"https:\\\/\\\/jornalboasnoticias.com.br\\\/home\\\/atividade-industrial-do-parana-alcancou-em-2023-o-maior-patamar-desde-janeiro-de-2012\\\/\",\"name\":\"Atividade industrial do Paran\u00e1 alcan\u00e7ou em 2023 o maior patamar desde janeiro de 2012 - Jornal\",\"isPartOf\":{\"@id\":\"https:\\\/\\\/jornalboasnoticias.com.br\\\/home\\\/#website\"},\"primaryImageOfPage\":{\"@id\":\"https:\\\/\\\/jornalboasnoticias.com.br\\\/home\\\/atividade-industrial-do-parana-alcancou-em-2023-o-maior-patamar-desde-janeiro-de-2012\\\/#primaryimage\"},\"image\":{\"@id\":\"https:\\\/\\\/jornalboasnoticias.com.br\\\/home\\\/atividade-industrial-do-parana-alcancou-em-2023-o-maior-patamar-desde-janeiro-de-2012\\\/#primaryimage\"},\"thumbnailUrl\":\"https:\\\/\\\/jornalboasnoticias.com.br\\\/home\\\/wp-content\\\/uploads\\\/2024\\\/01\\\/IMG_0666-scaled-e1705325590474.jpeg\",\"datePublished\":\"2024-01-15T13:38:12+00:00\",\"description\":\"Atividade industrial do Paran\u00e1 alcan\u00e7ou em 2023 o maior patamar desde janeiro de 2012\",\"breadcrumb\":{\"@id\":\"https:\\\/\\\/jornalboasnoticias.com.br\\\/home\\\/atividade-industrial-do-parana-alcancou-em-2023-o-maior-patamar-desde-janeiro-de-2012\\\/#breadcrumb\"},\"inLanguage\":\"pt-BR\",\"potentialAction\":[{\"@type\":\"ReadAction\",\"target\":[\"https:\\\/\\\/jornalboasnoticias.com.br\\\/home\\\/atividade-industrial-do-parana-alcancou-em-2023-o-maior-patamar-desde-janeiro-de-2012\\\/\"]}]},{\"@type\":\"ImageObject\",\"inLanguage\":\"pt-BR\",\"@id\":\"https:\\\/\\\/jornalboasnoticias.com.br\\\/home\\\/atividade-industrial-do-parana-alcancou-em-2023-o-maior-patamar-desde-janeiro-de-2012\\\/#primaryimage\",\"url\":\"https:\\\/\\\/jornalboasnoticias.com.br\\\/home\\\/wp-content\\\/uploads\\\/2024\\\/01\\\/IMG_0666-scaled-e1705325590474.jpeg\",\"contentUrl\":\"https:\\\/\\\/jornalboasnoticias.com.br\\\/home\\\/wp-content\\\/uploads\\\/2024\\\/01\\\/IMG_0666-scaled-e1705325590474.jpeg\",\"width\":800,\"height\":533,\"caption\":\"Foto: Jos\u00e9 Fernando Ogura\\\/Arquivo AEN\"},{\"@type\":\"BreadcrumbList\",\"@id\":\"https:\\\/\\\/jornalboasnoticias.com.br\\\/home\\\/atividade-industrial-do-parana-alcancou-em-2023-o-maior-patamar-desde-janeiro-de-2012\\\/#breadcrumb\",\"itemListElement\":[{\"@type\":\"ListItem\",\"position\":1,\"name\":\"In\u00edcio\",\"item\":\"https:\\\/\\\/jornalboasnoticias.com.br\\\/home\\\/\"},{\"@type\":\"ListItem\",\"position\":2,\"name\":\"Atividade industrial do Paran\u00e1 alcan\u00e7ou em 2023 o maior patamar desde janeiro de 2012\"}]},{\"@type\":\"WebSite\",\"@id\":\"https:\\\/\\\/jornalboasnoticias.com.br\\\/home\\\/#website\",\"url\":\"https:\\\/\\\/jornalboasnoticias.com.br\\\/home\\\/\",\"name\":\"Jornal Boas Not\u00edcias\",\"description\":\"Boas not\u00edcias\",\"publisher\":{\"@id\":\"https:\\\/\\\/jornalboasnoticias.com.br\\\/home\\\/#organization\"},\"potentialAction\":[{\"@type\":\"SearchAction\",\"target\":{\"@type\":\"EntryPoint\",\"urlTemplate\":\"https:\\\/\\\/jornalboasnoticias.com.br\\\/home\\\/?s={search_term_string}\"},\"query-input\":{\"@type\":\"PropertyValueSpecification\",\"valueRequired\":true,\"valueName\":\"search_term_string\"}}],\"inLanguage\":\"pt-BR\"},{\"@type\":\"Organization\",\"@id\":\"https:\\\/\\\/jornalboasnoticias.com.br\\\/home\\\/#organization\",\"name\":\"Coq Editora Ltda\",\"alternateName\":\"Jornal Boas Noticias\",\"url\":\"https:\\\/\\\/jornalboasnoticias.com.br\\\/home\\\/\",\"logo\":{\"@type\":\"ImageObject\",\"inLanguage\":\"pt-BR\",\"@id\":\"https:\\\/\\\/jornalboasnoticias.com.br\\\/home\\\/#\\\/schema\\\/logo\\\/image\\\/\",\"url\":\"https:\\\/\\\/jornalboasnoticias.com.br\\\/home\\\/wp-content\\\/uploads\\\/2024\\\/07\\\/cropped-logo.jpg\",\"contentUrl\":\"https:\\\/\\\/jornalboasnoticias.com.br\\\/home\\\/wp-content\\\/uploads\\\/2024\\\/07\\\/cropped-logo.jpg\",\"width\":290,\"height\":142,\"caption\":\"Coq Editora Ltda\"},\"image\":{\"@id\":\"https:\\\/\\\/jornalboasnoticias.com.br\\\/home\\\/#\\\/schema\\\/logo\\\/image\\\/\"},\"sameAs\":[\"https:\\\/\\\/www.facebook.com\\\/boasnoticiasjornal\"]},{\"@type\":\"Person\",\"@id\":\"https:\\\/\\\/jornalboasnoticias.com.br\\\/home\\\/#\\\/schema\\\/person\\\/71a4be4d1685617d6d00f15f0f2952ee\",\"name\":\"Maria Bonatto\",\"image\":{\"@type\":\"ImageObject\",\"inLanguage\":\"pt-BR\",\"@id\":\"https:\\\/\\\/secure.gravatar.com\\\/avatar\\\/61bdbd92f7d53dd2fedfe556279602d97507ae906fdeb9624602488dcdcd042f?s=96&d=mm&r=g\",\"url\":\"https:\\\/\\\/secure.gravatar.com\\\/avatar\\\/61bdbd92f7d53dd2fedfe556279602d97507ae906fdeb9624602488dcdcd042f?s=96&d=mm&r=g\",\"contentUrl\":\"https:\\\/\\\/secure.gravatar.com\\\/avatar\\\/61bdbd92f7d53dd2fedfe556279602d97507ae906fdeb9624602488dcdcd042f?s=96&d=mm&r=g\",\"caption\":\"Maria Bonatto\"},\"url\":\"https:\\\/\\\/jornalboasnoticias.com.br\\\/home\\\/author\\\/ana-bonatto\\\/\"}]}<\/script>\n<!-- \/ Yoast SEO plugin. -->","yoast_head_json":{"title":"Atividade industrial do Paran\u00e1 alcan\u00e7ou em 2023 o maior patamar desde janeiro de 2012 - Jornal","description":"Atividade industrial do Paran\u00e1 alcan\u00e7ou em 2023 o maior patamar desde janeiro de 2012","robots":{"index":"index","follow":"follow","max-snippet":"max-snippet:-1","max-image-preview":"max-image-preview:large","max-video-preview":"max-video-preview:-1"},"canonical":"https:\/\/jornalboasnoticias.com.br\/home\/atividade-industrial-do-parana-alcancou-em-2023-o-maior-patamar-desde-janeiro-de-2012\/","og_locale":"pt_BR","og_type":"article","og_title":"Atividade industrial do Paran\u00e1 alcan\u00e7ou em 2023 o maior patamar desde janeiro de 2012 - Jornal","og_description":"Atividade industrial do Paran\u00e1 alcan\u00e7ou em 2023 o maior patamar desde janeiro de 2012","og_url":"https:\/\/jornalboasnoticias.com.br\/home\/atividade-industrial-do-parana-alcancou-em-2023-o-maior-patamar-desde-janeiro-de-2012\/","og_site_name":"Jornal","article_publisher":"https:\/\/www.facebook.com\/boasnoticiasjornal","article_published_time":"2024-01-15T13:38:12+00:00","og_image":[{"width":800,"height":533,"url":"https:\/\/jornalboasnoticias.com.br\/home\/wp-content\/uploads\/2024\/01\/IMG_0666-scaled-e1705325590474.jpeg","type":"image\/jpeg"}],"author":"Maria Bonatto","twitter_card":"summary_large_image","twitter_misc":{"Escrito por":"Maria Bonatto","Est. tempo de leitura":"3 minutos"},"schema":{"@context":"https:\/\/schema.org","@graph":[{"@type":"Article","@id":"https:\/\/jornalboasnoticias.com.br\/home\/atividade-industrial-do-parana-alcancou-em-2023-o-maior-patamar-desde-janeiro-de-2012\/#article","isPartOf":{"@id":"https:\/\/jornalboasnoticias.com.br\/home\/atividade-industrial-do-parana-alcancou-em-2023-o-maior-patamar-desde-janeiro-de-2012\/"},"author":{"name":"Maria Bonatto","@id":"https:\/\/jornalboasnoticias.com.br\/home\/#\/schema\/person\/71a4be4d1685617d6d00f15f0f2952ee"},"headline":"Atividade industrial do Paran\u00e1 alcan\u00e7ou em 2023 o maior patamar desde janeiro de 2012","datePublished":"2024-01-15T13:38:12+00:00","mainEntityOfPage":{"@id":"https:\/\/jornalboasnoticias.com.br\/home\/atividade-industrial-do-parana-alcancou-em-2023-o-maior-patamar-desde-janeiro-de-2012\/"},"wordCount":545,"commentCount":0,"publisher":{"@id":"https:\/\/jornalboasnoticias.com.br\/home\/#organization"},"image":{"@id":"https:\/\/jornalboasnoticias.com.br\/home\/atividade-industrial-do-parana-alcancou-em-2023-o-maior-patamar-desde-janeiro-de-2012\/#primaryimage"},"thumbnailUrl":"https:\/\/jornalboasnoticias.com.br\/home\/wp-content\/uploads\/2024\/01\/IMG_0666-scaled-e1705325590474.jpeg","articleSection":["DESTAQUE","PARAN\u00c1"],"inLanguage":"pt-BR","potentialAction":[{"@type":"CommentAction","name":"Comment","target":["https:\/\/jornalboasnoticias.com.br\/home\/atividade-industrial-do-parana-alcancou-em-2023-o-maior-patamar-desde-janeiro-de-2012\/#respond"]}]},{"@type":"WebPage","@id":"https:\/\/jornalboasnoticias.com.br\/home\/atividade-industrial-do-parana-alcancou-em-2023-o-maior-patamar-desde-janeiro-de-2012\/","url":"https:\/\/jornalboasnoticias.com.br\/home\/atividade-industrial-do-parana-alcancou-em-2023-o-maior-patamar-desde-janeiro-de-2012\/","name":"Atividade industrial do Paran\u00e1 alcan\u00e7ou em 2023 o maior patamar desde janeiro de 2012 - Jornal","isPartOf":{"@id":"https:\/\/jornalboasnoticias.com.br\/home\/#website"},"primaryImageOfPage":{"@id":"https:\/\/jornalboasnoticias.com.br\/home\/atividade-industrial-do-parana-alcancou-em-2023-o-maior-patamar-desde-janeiro-de-2012\/#primaryimage"},"image":{"@id":"https:\/\/jornalboasnoticias.com.br\/home\/atividade-industrial-do-parana-alcancou-em-2023-o-maior-patamar-desde-janeiro-de-2012\/#primaryimage"},"thumbnailUrl":"https:\/\/jornalboasnoticias.com.br\/home\/wp-content\/uploads\/2024\/01\/IMG_0666-scaled-e1705325590474.jpeg","datePublished":"2024-01-15T13:38:12+00:00","description":"Atividade industrial do Paran\u00e1 alcan\u00e7ou em 2023 o maior patamar desde janeiro de 2012","breadcrumb":{"@id":"https:\/\/jornalboasnoticias.com.br\/home\/atividade-industrial-do-parana-alcancou-em-2023-o-maior-patamar-desde-janeiro-de-2012\/#breadcrumb"},"inLanguage":"pt-BR","potentialAction":[{"@type":"ReadAction","target":["https:\/\/jornalboasnoticias.com.br\/home\/atividade-industrial-do-parana-alcancou-em-2023-o-maior-patamar-desde-janeiro-de-2012\/"]}]},{"@type":"ImageObject","inLanguage":"pt-BR","@id":"https:\/\/jornalboasnoticias.com.br\/home\/atividade-industrial-do-parana-alcancou-em-2023-o-maior-patamar-desde-janeiro-de-2012\/#primaryimage","url":"https:\/\/jornalboasnoticias.com.br\/home\/wp-content\/uploads\/2024\/01\/IMG_0666-scaled-e1705325590474.jpeg","contentUrl":"https:\/\/jornalboasnoticias.com.br\/home\/wp-content\/uploads\/2024\/01\/IMG_0666-scaled-e1705325590474.jpeg","width":800,"height":533,"caption":"Foto: Jos\u00e9 Fernando Ogura\/Arquivo AEN"},{"@type":"BreadcrumbList","@id":"https:\/\/jornalboasnoticias.com.br\/home\/atividade-industrial-do-parana-alcancou-em-2023-o-maior-patamar-desde-janeiro-de-2012\/#breadcrumb","itemListElement":[{"@type":"ListItem","position":1,"name":"In\u00edcio","item":"https:\/\/jornalboasnoticias.com.br\/home\/"},{"@type":"ListItem","position":2,"name":"Atividade industrial do Paran\u00e1 alcan\u00e7ou em 2023 o maior patamar desde janeiro de 2012"}]},{"@type":"WebSite","@id":"https:\/\/jornalboasnoticias.com.br\/home\/#website","url":"https:\/\/jornalboasnoticias.com.br\/home\/","name":"Jornal Boas Not\u00edcias","description":"Boas not\u00edcias","publisher":{"@id":"https:\/\/jornalboasnoticias.com.br\/home\/#organization"},"potentialAction":[{"@type":"SearchAction","target":{"@type":"EntryPoint","urlTemplate":"https:\/\/jornalboasnoticias.com.br\/home\/?s={search_term_string}"},"query-input":{"@type":"PropertyValueSpecification","valueRequired":true,"valueName":"search_term_string"}}],"inLanguage":"pt-BR"},{"@type":"Organization","@id":"https:\/\/jornalboasnoticias.com.br\/home\/#organization","name":"Coq Editora Ltda","alternateName":"Jornal Boas Noticias","url":"https:\/\/jornalboasnoticias.com.br\/home\/","logo":{"@type":"ImageObject","inLanguage":"pt-BR","@id":"https:\/\/jornalboasnoticias.com.br\/home\/#\/schema\/logo\/image\/","url":"https:\/\/jornalboasnoticias.com.br\/home\/wp-content\/uploads\/2024\/07\/cropped-logo.jpg","contentUrl":"https:\/\/jornalboasnoticias.com.br\/home\/wp-content\/uploads\/2024\/07\/cropped-logo.jpg","width":290,"height":142,"caption":"Coq Editora Ltda"},"image":{"@id":"https:\/\/jornalboasnoticias.com.br\/home\/#\/schema\/logo\/image\/"},"sameAs":["https:\/\/www.facebook.com\/boasnoticiasjornal"]},{"@type":"Person","@id":"https:\/\/jornalboasnoticias.com.br\/home\/#\/schema\/person\/71a4be4d1685617d6d00f15f0f2952ee","name":"Maria Bonatto","image":{"@type":"ImageObject","inLanguage":"pt-BR","@id":"https:\/\/secure.gravatar.com\/avatar\/61bdbd92f7d53dd2fedfe556279602d97507ae906fdeb9624602488dcdcd042f?s=96&d=mm&r=g","url":"https:\/\/secure.gravatar.com\/avatar\/61bdbd92f7d53dd2fedfe556279602d97507ae906fdeb9624602488dcdcd042f?s=96&d=mm&r=g","contentUrl":"https:\/\/secure.gravatar.com\/avatar\/61bdbd92f7d53dd2fedfe556279602d97507ae906fdeb9624602488dcdcd042f?s=96&d=mm&r=g","caption":"Maria Bonatto"},"url":"https:\/\/jornalboasnoticias.com.br\/home\/author\/ana-bonatto\/"}]}},"_links":{"self":[{"href":"https:\/\/jornalboasnoticias.com.br\/home\/wp-json\/wp\/v2\/posts\/42578","targetHints":{"allow":["GET"]}}],"collection":[{"href":"https:\/\/jornalboasnoticias.com.br\/home\/wp-json\/wp\/v2\/posts"}],"about":[{"href":"https:\/\/jornalboasnoticias.com.br\/home\/wp-json\/wp\/v2\/types\/post"}],"author":[{"embeddable":true,"href":"https:\/\/jornalboasnoticias.com.br\/home\/wp-json\/wp\/v2\/users\/2"}],"replies":[{"embeddable":true,"href":"https:\/\/jornalboasnoticias.com.br\/home\/wp-json\/wp\/v2\/comments?post=42578"}],"version-history":[{"count":0,"href":"https:\/\/jornalboasnoticias.com.br\/home\/wp-json\/wp\/v2\/posts\/42578\/revisions"}],"wp:featuredmedia":[{"embeddable":true,"href":"https:\/\/jornalboasnoticias.com.br\/home\/wp-json\/wp\/v2\/media\/42579"}],"wp:attachment":[{"href":"https:\/\/jornalboasnoticias.com.br\/home\/wp-json\/wp\/v2\/media?parent=42578"}],"wp:term":[{"taxonomy":"category","embeddable":true,"href":"https:\/\/jornalboasnoticias.com.br\/home\/wp-json\/wp\/v2\/categories?post=42578"},{"taxonomy":"post_tag","embeddable":true,"href":"https:\/\/jornalboasnoticias.com.br\/home\/wp-json\/wp\/v2\/tags?post=42578"}],"curies":[{"name":"wp","href":"https:\/\/api.w.org\/{rel}","templated":true}]}}