{"id":42574,"date":"2024-01-15T09:57:35","date_gmt":"2024-01-15T12:57:35","guid":{"rendered":"https:\/\/www.jornalboasnoticias.com.br\/?p=42574"},"modified":"2024-01-15T09:57:35","modified_gmt":"2024-01-15T12:57:35","slug":"agencias-do-trabalhador-tem-151-mil-vagas-abertas-em-todas-as-regioes-do-parana","status":"publish","type":"post","link":"https:\/\/jornalboasnoticias.com.br\/home\/agencias-do-trabalhador-tem-151-mil-vagas-abertas-em-todas-as-regioes-do-parana\/","title":{"rendered":"Ag\u00eancias do Trabalhador t\u00eam 15,1 mil vagas abertas em todas as regi\u00f5es do Paran\u00e1"},"content":{"rendered":"<blockquote>\n<p style=\"text-align: center;\">A regi\u00e3o de Cascavel, que engloba diversas cidades do Oeste, tem 3.729 vagas.<\/p>\n<\/blockquote>\n<figure id=\"attachment_40644\" aria-describedby=\"caption-attachment-40644\" style=\"width: 547px\" class=\"wp-caption aligncenter\"><img loading=\"lazy\" decoding=\"async\" class=\"size-medium wp-image-40644\" src=\"https:\/\/jornalboasnoticias.com.br\/home\/wp-content\/uploads\/2023\/08\/20220512_agb_multirao_emprego-17-scaled-e1691417969391-547x365.jpg\" alt=\"\" width=\"547\" height=\"365\" \/><figcaption id=\"caption-attachment-40644\" class=\"wp-caption-text\">Foto: Geraldo Bubniak\/AEN<\/figcaption><\/figure>\n<p>As Ag\u00eancias do Trabalhador do Paran\u00e1 e postos avan\u00e7ados come\u00e7am a semana com a oferta de 15.142 vagas de emprego com carteira assinada no Estado. A maior parte \u00e9 para auxiliar de linha de produ\u00e7\u00e3o, com 2.615 oportunidades. Na sequ\u00eancia, aparecem as fun\u00e7\u00f5es de repositor de mercadorias, com 428 vagas, operador de caixa, com 424, e safrista, com 349.<\/p>\n<p>A Grande Curitiba concentra o maior volume de postos de trabalho dispon\u00edveis (5.034). S\u00e3o 424 vagas para repositor de mercadorias, 338 para auxiliar de linha de produ\u00e7\u00e3o, 298 para operador de caixa\u00a0 e 291 para operador de telemarketing receptivo.\u00a0Na Capital, a Ag\u00eancia do Trabalhador Central oferta 300 vagas para preenchimento imediato: auxiliar de limpeza (100), auxiliar de cozinha (79), fiscal de loja (60), vendedor interno (37) e cozinheiro geral (24).<\/p>\n<p>A regi\u00e3o de Cascavel, que engloba diversas cidades do Oeste, tem 3.729 vagas, com 709 oportunidades para auxiliar de linha de produ\u00e7\u00e3o, 330 para abatedor de porco, 240 para operador de processo de produ\u00e7\u00e3o e 213 para safrista.\u00a0Na regi\u00e3o de Foz do Igua\u00e7u, tamb\u00e9m no Oeste, h\u00e1 oferta de emprego para as fun\u00e7\u00f5es de auxiliar de linha de produ\u00e7\u00e3o, com 291 oportunidades, alimentador de linha de produ\u00e7\u00e3o, com 128, operador de caixa, com 64, repositor em supermercados, com 44.<\/p>\n<p>Campo Mour\u00e3o (1.314) e Londrina (1.701) tamb\u00e9m t\u00eam diversas vagas dispon\u00edveis. Em Campo Mour\u00e3o, as fun\u00e7\u00f5es que lideram as ofertas de vagas s\u00e3o auxiliar de linha de produ\u00e7\u00e3o, com 323 vagas, safrista, com 136, magarefe, com 81, e abatedor de aves, com 63 oportunidades. Em Londrina, os destaques s\u00e3o para auxiliar de linha de produ\u00e7\u00e3o (145), alimentador de linha de produ\u00e7\u00e3o (84), trabalhador rural (45) e vendedor interno (27).<\/p>\n<p>No Sudoeste, a regi\u00e3o de Pato Branco tem 279 vagas abertas para auxiliar de linha de produ\u00e7\u00e3o, 72 para trabalhador da avicultura de corte, 47 para operador de processo de produ\u00e7\u00e3o e 45\u00a0para magarefe. Em Ponta Grossa, auxiliar de linha de produ\u00e7\u00e3o (52) e ajudante de reflorestamento (52) s\u00e3o os empregos com mais ofertas.<\/p>\n<p>Em Paranagu\u00e1, no Litoral, o com\u00e9rcio de veraneio busca vagas para operador de caixa (38), balconista de a\u00e7ougue (23) e atendente de padaria (17).<\/p>\n<h2><strong>ATENDIMENTO<\/strong><\/h2>\n<p>Os interessados devem buscar orienta\u00e7\u00f5es entrando em contato com a unidade da Ag\u00eancia do Trabalhador de seu munic\u00edpio. Para evitar aglomera\u00e7\u00e3o, a sugest\u00e3o \u00e9 que o atendimento seja feito com hor\u00e1rio marcado. O agendamento deve ser feito <a class=\"0\" href=\"https:\/\/www.trabalho.pr.gov.br\/agendamento\" target=\"_blank\" rel=\"nofollow noopener\">AQUI<\/a>.<\/p>\n<p><strong>Confira as vagas por regi\u00e3o <span class=\"embedded-entity\" title=\"AQUI\" data-embed-button=\"midia_embarcada\" data-entity-embed-display=\"view_mode:media.midia_anexada_em_outro_node\" data-entity-embed-display-settings=\"AQUI\" data-entity-type=\"media\" data-entity-uuid=\"b0f554b7-12f3-47ff-b243-9615fe75820e\" data-langcode=\"pt-br\"><a class=\"0\" href=\"https:\/\/www.aen.pr.gov.br\/sites\/default\/arquivos_restritos\/files\/documento\/2024-01\/vagas_abertas_geral_15.01.2024.pdf\" target=\"_blank\" rel=\"nofollow noopener\" type=\"application\/pdf; length=161405\">AQUI<\/a> <\/span>.<\/strong><\/p>\n<p>(AEN)<\/p>\n","protected":false},"excerpt":{"rendered":"<p>A regi\u00e3o de Cascavel, que engloba diversas cidades do Oeste, tem 3.729 vagas. As Ag\u00eancias<\/p>\n","protected":false},"author":2,"featured_media":40644,"comment_status":"open","ping_status":"open","sticky":false,"template":"","format":"standard","meta":{"footnotes":""},"categories":[4],"tags":[],"class_list":["post-42574","post","type-post","status-publish","format-standard","has-post-thumbnail","hentry","category-parana"],"yoast_head":"<!-- This site is optimized with the Yoast SEO plugin v27.5 - https:\/\/yoast.com\/product\/yoast-seo-wordpress\/ -->\n<title>Ag\u00eancias do Trabalhador t\u00eam 15,1 mil vagas abertas em todas as regi\u00f5es do Paran\u00e1 - Jornal<\/title>\n<meta name=\"description\" content=\"Ag\u00eancias do Trabalhador t\u00eam 15,1 mil vagas abertas em todas as regi\u00f5es do Paran\u00e1\" \/>\n<meta name=\"robots\" content=\"index, follow, max-snippet:-1, max-image-preview:large, max-video-preview:-1\" \/>\n<link rel=\"canonical\" href=\"https:\/\/jornalboasnoticias.com.br\/home\/agencias-do-trabalhador-tem-151-mil-vagas-abertas-em-todas-as-regioes-do-parana\/\" \/>\n<meta property=\"og:locale\" content=\"pt_BR\" \/>\n<meta property=\"og:type\" content=\"article\" \/>\n<meta property=\"og:title\" content=\"Ag\u00eancias do Trabalhador t\u00eam 15,1 mil vagas abertas em todas as regi\u00f5es do Paran\u00e1 - Jornal\" \/>\n<meta property=\"og:description\" content=\"Ag\u00eancias do Trabalhador t\u00eam 15,1 mil vagas abertas em todas as regi\u00f5es do Paran\u00e1\" \/>\n<meta property=\"og:url\" content=\"https:\/\/jornalboasnoticias.com.br\/home\/agencias-do-trabalhador-tem-151-mil-vagas-abertas-em-todas-as-regioes-do-parana\/\" \/>\n<meta property=\"og:site_name\" content=\"Jornal\" \/>\n<meta property=\"article:publisher\" content=\"https:\/\/www.facebook.com\/boasnoticiasjornal\" \/>\n<meta property=\"article:published_time\" content=\"2024-01-15T12:57:35+00:00\" \/>\n<meta property=\"og:image\" content=\"https:\/\/jornalboasnoticias.com.br\/home\/wp-content\/uploads\/2023\/08\/20220512_agb_multirao_emprego-17-scaled-e1691417969391.jpg\" \/>\n\t<meta property=\"og:image:width\" content=\"1000\" \/>\n\t<meta property=\"og:image:height\" content=\"667\" \/>\n\t<meta property=\"og:image:type\" content=\"image\/jpeg\" \/>\n<meta name=\"author\" content=\"Maria Bonatto\" \/>\n<meta name=\"twitter:card\" content=\"summary_large_image\" \/>\n<meta name=\"twitter:label1\" content=\"Escrito por\" \/>\n\t<meta name=\"twitter:data1\" content=\"Maria Bonatto\" \/>\n\t<meta name=\"twitter:label2\" content=\"Est. tempo de leitura\" \/>\n\t<meta name=\"twitter:data2\" content=\"2 minutos\" \/>\n<script type=\"application\/ld+json\" class=\"yoast-schema-graph\">{\"@context\":\"https:\\\/\\\/schema.org\",\"@graph\":[{\"@type\":\"Article\",\"@id\":\"https:\\\/\\\/jornalboasnoticias.com.br\\\/home\\\/agencias-do-trabalhador-tem-151-mil-vagas-abertas-em-todas-as-regioes-do-parana\\\/#article\",\"isPartOf\":{\"@id\":\"https:\\\/\\\/jornalboasnoticias.com.br\\\/home\\\/agencias-do-trabalhador-tem-151-mil-vagas-abertas-em-todas-as-regioes-do-parana\\\/\"},\"author\":{\"name\":\"Maria Bonatto\",\"@id\":\"https:\\\/\\\/jornalboasnoticias.com.br\\\/home\\\/#\\\/schema\\\/person\\\/71a4be4d1685617d6d00f15f0f2952ee\"},\"headline\":\"Ag\u00eancias do Trabalhador t\u00eam 15,1 mil vagas abertas em todas as regi\u00f5es do Paran\u00e1\",\"datePublished\":\"2024-01-15T12:57:35+00:00\",\"mainEntityOfPage\":{\"@id\":\"https:\\\/\\\/jornalboasnoticias.com.br\\\/home\\\/agencias-do-trabalhador-tem-151-mil-vagas-abertas-em-todas-as-regioes-do-parana\\\/\"},\"wordCount\":442,\"commentCount\":0,\"publisher\":{\"@id\":\"https:\\\/\\\/jornalboasnoticias.com.br\\\/home\\\/#organization\"},\"image\":{\"@id\":\"https:\\\/\\\/jornalboasnoticias.com.br\\\/home\\\/agencias-do-trabalhador-tem-151-mil-vagas-abertas-em-todas-as-regioes-do-parana\\\/#primaryimage\"},\"thumbnailUrl\":\"https:\\\/\\\/jornalboasnoticias.com.br\\\/home\\\/wp-content\\\/uploads\\\/2023\\\/08\\\/20220512_agb_multirao_emprego-17-scaled-e1691417969391.jpg\",\"articleSection\":[\"PARAN\u00c1\"],\"inLanguage\":\"pt-BR\",\"potentialAction\":[{\"@type\":\"CommentAction\",\"name\":\"Comment\",\"target\":[\"https:\\\/\\\/jornalboasnoticias.com.br\\\/home\\\/agencias-do-trabalhador-tem-151-mil-vagas-abertas-em-todas-as-regioes-do-parana\\\/#respond\"]}]},{\"@type\":\"WebPage\",\"@id\":\"https:\\\/\\\/jornalboasnoticias.com.br\\\/home\\\/agencias-do-trabalhador-tem-151-mil-vagas-abertas-em-todas-as-regioes-do-parana\\\/\",\"url\":\"https:\\\/\\\/jornalboasnoticias.com.br\\\/home\\\/agencias-do-trabalhador-tem-151-mil-vagas-abertas-em-todas-as-regioes-do-parana\\\/\",\"name\":\"Ag\u00eancias do Trabalhador t\u00eam 15,1 mil vagas abertas em todas as regi\u00f5es do Paran\u00e1 - Jornal\",\"isPartOf\":{\"@id\":\"https:\\\/\\\/jornalboasnoticias.com.br\\\/home\\\/#website\"},\"primaryImageOfPage\":{\"@id\":\"https:\\\/\\\/jornalboasnoticias.com.br\\\/home\\\/agencias-do-trabalhador-tem-151-mil-vagas-abertas-em-todas-as-regioes-do-parana\\\/#primaryimage\"},\"image\":{\"@id\":\"https:\\\/\\\/jornalboasnoticias.com.br\\\/home\\\/agencias-do-trabalhador-tem-151-mil-vagas-abertas-em-todas-as-regioes-do-parana\\\/#primaryimage\"},\"thumbnailUrl\":\"https:\\\/\\\/jornalboasnoticias.com.br\\\/home\\\/wp-content\\\/uploads\\\/2023\\\/08\\\/20220512_agb_multirao_emprego-17-scaled-e1691417969391.jpg\",\"datePublished\":\"2024-01-15T12:57:35+00:00\",\"description\":\"Ag\u00eancias do Trabalhador t\u00eam 15,1 mil vagas abertas em todas as regi\u00f5es do Paran\u00e1\",\"breadcrumb\":{\"@id\":\"https:\\\/\\\/jornalboasnoticias.com.br\\\/home\\\/agencias-do-trabalhador-tem-151-mil-vagas-abertas-em-todas-as-regioes-do-parana\\\/#breadcrumb\"},\"inLanguage\":\"pt-BR\",\"potentialAction\":[{\"@type\":\"ReadAction\",\"target\":[\"https:\\\/\\\/jornalboasnoticias.com.br\\\/home\\\/agencias-do-trabalhador-tem-151-mil-vagas-abertas-em-todas-as-regioes-do-parana\\\/\"]}]},{\"@type\":\"ImageObject\",\"inLanguage\":\"pt-BR\",\"@id\":\"https:\\\/\\\/jornalboasnoticias.com.br\\\/home\\\/agencias-do-trabalhador-tem-151-mil-vagas-abertas-em-todas-as-regioes-do-parana\\\/#primaryimage\",\"url\":\"https:\\\/\\\/jornalboasnoticias.com.br\\\/home\\\/wp-content\\\/uploads\\\/2023\\\/08\\\/20220512_agb_multirao_emprego-17-scaled-e1691417969391.jpg\",\"contentUrl\":\"https:\\\/\\\/jornalboasnoticias.com.br\\\/home\\\/wp-content\\\/uploads\\\/2023\\\/08\\\/20220512_agb_multirao_emprego-17-scaled-e1691417969391.jpg\",\"width\":1000,\"height\":667,\"caption\":\"Foto: Geraldo Bubniak\\\/AEN\"},{\"@type\":\"BreadcrumbList\",\"@id\":\"https:\\\/\\\/jornalboasnoticias.com.br\\\/home\\\/agencias-do-trabalhador-tem-151-mil-vagas-abertas-em-todas-as-regioes-do-parana\\\/#breadcrumb\",\"itemListElement\":[{\"@type\":\"ListItem\",\"position\":1,\"name\":\"In\u00edcio\",\"item\":\"https:\\\/\\\/jornalboasnoticias.com.br\\\/home\\\/\"},{\"@type\":\"ListItem\",\"position\":2,\"name\":\"Ag\u00eancias do Trabalhador t\u00eam 15,1 mil vagas abertas em todas as regi\u00f5es do Paran\u00e1\"}]},{\"@type\":\"WebSite\",\"@id\":\"https:\\\/\\\/jornalboasnoticias.com.br\\\/home\\\/#website\",\"url\":\"https:\\\/\\\/jornalboasnoticias.com.br\\\/home\\\/\",\"name\":\"Jornal Boas Not\u00edcias\",\"description\":\"Boas not\u00edcias\",\"publisher\":{\"@id\":\"https:\\\/\\\/jornalboasnoticias.com.br\\\/home\\\/#organization\"},\"potentialAction\":[{\"@type\":\"SearchAction\",\"target\":{\"@type\":\"EntryPoint\",\"urlTemplate\":\"https:\\\/\\\/jornalboasnoticias.com.br\\\/home\\\/?s={search_term_string}\"},\"query-input\":{\"@type\":\"PropertyValueSpecification\",\"valueRequired\":true,\"valueName\":\"search_term_string\"}}],\"inLanguage\":\"pt-BR\"},{\"@type\":\"Organization\",\"@id\":\"https:\\\/\\\/jornalboasnoticias.com.br\\\/home\\\/#organization\",\"name\":\"Coq Editora Ltda\",\"alternateName\":\"Jornal Boas Noticias\",\"url\":\"https:\\\/\\\/jornalboasnoticias.com.br\\\/home\\\/\",\"logo\":{\"@type\":\"ImageObject\",\"inLanguage\":\"pt-BR\",\"@id\":\"https:\\\/\\\/jornalboasnoticias.com.br\\\/home\\\/#\\\/schema\\\/logo\\\/image\\\/\",\"url\":\"https:\\\/\\\/jornalboasnoticias.com.br\\\/home\\\/wp-content\\\/uploads\\\/2024\\\/07\\\/cropped-logo.jpg\",\"contentUrl\":\"https:\\\/\\\/jornalboasnoticias.com.br\\\/home\\\/wp-content\\\/uploads\\\/2024\\\/07\\\/cropped-logo.jpg\",\"width\":290,\"height\":142,\"caption\":\"Coq Editora Ltda\"},\"image\":{\"@id\":\"https:\\\/\\\/jornalboasnoticias.com.br\\\/home\\\/#\\\/schema\\\/logo\\\/image\\\/\"},\"sameAs\":[\"https:\\\/\\\/www.facebook.com\\\/boasnoticiasjornal\"]},{\"@type\":\"Person\",\"@id\":\"https:\\\/\\\/jornalboasnoticias.com.br\\\/home\\\/#\\\/schema\\\/person\\\/71a4be4d1685617d6d00f15f0f2952ee\",\"name\":\"Maria Bonatto\",\"image\":{\"@type\":\"ImageObject\",\"inLanguage\":\"pt-BR\",\"@id\":\"https:\\\/\\\/secure.gravatar.com\\\/avatar\\\/61bdbd92f7d53dd2fedfe556279602d97507ae906fdeb9624602488dcdcd042f?s=96&d=mm&r=g\",\"url\":\"https:\\\/\\\/secure.gravatar.com\\\/avatar\\\/61bdbd92f7d53dd2fedfe556279602d97507ae906fdeb9624602488dcdcd042f?s=96&d=mm&r=g\",\"contentUrl\":\"https:\\\/\\\/secure.gravatar.com\\\/avatar\\\/61bdbd92f7d53dd2fedfe556279602d97507ae906fdeb9624602488dcdcd042f?s=96&d=mm&r=g\",\"caption\":\"Maria Bonatto\"},\"url\":\"https:\\\/\\\/jornalboasnoticias.com.br\\\/home\\\/author\\\/ana-bonatto\\\/\"}]}<\/script>\n<!-- \/ Yoast SEO plugin. -->","yoast_head_json":{"title":"Ag\u00eancias do Trabalhador t\u00eam 15,1 mil vagas abertas em todas as regi\u00f5es do Paran\u00e1 - Jornal","description":"Ag\u00eancias do Trabalhador t\u00eam 15,1 mil vagas abertas em todas as regi\u00f5es do Paran\u00e1","robots":{"index":"index","follow":"follow","max-snippet":"max-snippet:-1","max-image-preview":"max-image-preview:large","max-video-preview":"max-video-preview:-1"},"canonical":"https:\/\/jornalboasnoticias.com.br\/home\/agencias-do-trabalhador-tem-151-mil-vagas-abertas-em-todas-as-regioes-do-parana\/","og_locale":"pt_BR","og_type":"article","og_title":"Ag\u00eancias do Trabalhador t\u00eam 15,1 mil vagas abertas em todas as regi\u00f5es do Paran\u00e1 - Jornal","og_description":"Ag\u00eancias do Trabalhador t\u00eam 15,1 mil vagas abertas em todas as regi\u00f5es do Paran\u00e1","og_url":"https:\/\/jornalboasnoticias.com.br\/home\/agencias-do-trabalhador-tem-151-mil-vagas-abertas-em-todas-as-regioes-do-parana\/","og_site_name":"Jornal","article_publisher":"https:\/\/www.facebook.com\/boasnoticiasjornal","article_published_time":"2024-01-15T12:57:35+00:00","og_image":[{"width":1000,"height":667,"url":"https:\/\/jornalboasnoticias.com.br\/home\/wp-content\/uploads\/2023\/08\/20220512_agb_multirao_emprego-17-scaled-e1691417969391.jpg","type":"image\/jpeg"}],"author":"Maria Bonatto","twitter_card":"summary_large_image","twitter_misc":{"Escrito por":"Maria Bonatto","Est. tempo de leitura":"2 minutos"},"schema":{"@context":"https:\/\/schema.org","@graph":[{"@type":"Article","@id":"https:\/\/jornalboasnoticias.com.br\/home\/agencias-do-trabalhador-tem-151-mil-vagas-abertas-em-todas-as-regioes-do-parana\/#article","isPartOf":{"@id":"https:\/\/jornalboasnoticias.com.br\/home\/agencias-do-trabalhador-tem-151-mil-vagas-abertas-em-todas-as-regioes-do-parana\/"},"author":{"name":"Maria Bonatto","@id":"https:\/\/jornalboasnoticias.com.br\/home\/#\/schema\/person\/71a4be4d1685617d6d00f15f0f2952ee"},"headline":"Ag\u00eancias do Trabalhador t\u00eam 15,1 mil vagas abertas em todas as regi\u00f5es do Paran\u00e1","datePublished":"2024-01-15T12:57:35+00:00","mainEntityOfPage":{"@id":"https:\/\/jornalboasnoticias.com.br\/home\/agencias-do-trabalhador-tem-151-mil-vagas-abertas-em-todas-as-regioes-do-parana\/"},"wordCount":442,"commentCount":0,"publisher":{"@id":"https:\/\/jornalboasnoticias.com.br\/home\/#organization"},"image":{"@id":"https:\/\/jornalboasnoticias.com.br\/home\/agencias-do-trabalhador-tem-151-mil-vagas-abertas-em-todas-as-regioes-do-parana\/#primaryimage"},"thumbnailUrl":"https:\/\/jornalboasnoticias.com.br\/home\/wp-content\/uploads\/2023\/08\/20220512_agb_multirao_emprego-17-scaled-e1691417969391.jpg","articleSection":["PARAN\u00c1"],"inLanguage":"pt-BR","potentialAction":[{"@type":"CommentAction","name":"Comment","target":["https:\/\/jornalboasnoticias.com.br\/home\/agencias-do-trabalhador-tem-151-mil-vagas-abertas-em-todas-as-regioes-do-parana\/#respond"]}]},{"@type":"WebPage","@id":"https:\/\/jornalboasnoticias.com.br\/home\/agencias-do-trabalhador-tem-151-mil-vagas-abertas-em-todas-as-regioes-do-parana\/","url":"https:\/\/jornalboasnoticias.com.br\/home\/agencias-do-trabalhador-tem-151-mil-vagas-abertas-em-todas-as-regioes-do-parana\/","name":"Ag\u00eancias do Trabalhador t\u00eam 15,1 mil vagas abertas em todas as regi\u00f5es do Paran\u00e1 - Jornal","isPartOf":{"@id":"https:\/\/jornalboasnoticias.com.br\/home\/#website"},"primaryImageOfPage":{"@id":"https:\/\/jornalboasnoticias.com.br\/home\/agencias-do-trabalhador-tem-151-mil-vagas-abertas-em-todas-as-regioes-do-parana\/#primaryimage"},"image":{"@id":"https:\/\/jornalboasnoticias.com.br\/home\/agencias-do-trabalhador-tem-151-mil-vagas-abertas-em-todas-as-regioes-do-parana\/#primaryimage"},"thumbnailUrl":"https:\/\/jornalboasnoticias.com.br\/home\/wp-content\/uploads\/2023\/08\/20220512_agb_multirao_emprego-17-scaled-e1691417969391.jpg","datePublished":"2024-01-15T12:57:35+00:00","description":"Ag\u00eancias do Trabalhador t\u00eam 15,1 mil vagas abertas em todas as regi\u00f5es do Paran\u00e1","breadcrumb":{"@id":"https:\/\/jornalboasnoticias.com.br\/home\/agencias-do-trabalhador-tem-151-mil-vagas-abertas-em-todas-as-regioes-do-parana\/#breadcrumb"},"inLanguage":"pt-BR","potentialAction":[{"@type":"ReadAction","target":["https:\/\/jornalboasnoticias.com.br\/home\/agencias-do-trabalhador-tem-151-mil-vagas-abertas-em-todas-as-regioes-do-parana\/"]}]},{"@type":"ImageObject","inLanguage":"pt-BR","@id":"https:\/\/jornalboasnoticias.com.br\/home\/agencias-do-trabalhador-tem-151-mil-vagas-abertas-em-todas-as-regioes-do-parana\/#primaryimage","url":"https:\/\/jornalboasnoticias.com.br\/home\/wp-content\/uploads\/2023\/08\/20220512_agb_multirao_emprego-17-scaled-e1691417969391.jpg","contentUrl":"https:\/\/jornalboasnoticias.com.br\/home\/wp-content\/uploads\/2023\/08\/20220512_agb_multirao_emprego-17-scaled-e1691417969391.jpg","width":1000,"height":667,"caption":"Foto: Geraldo Bubniak\/AEN"},{"@type":"BreadcrumbList","@id":"https:\/\/jornalboasnoticias.com.br\/home\/agencias-do-trabalhador-tem-151-mil-vagas-abertas-em-todas-as-regioes-do-parana\/#breadcrumb","itemListElement":[{"@type":"ListItem","position":1,"name":"In\u00edcio","item":"https:\/\/jornalboasnoticias.com.br\/home\/"},{"@type":"ListItem","position":2,"name":"Ag\u00eancias do Trabalhador t\u00eam 15,1 mil vagas abertas em todas as regi\u00f5es do Paran\u00e1"}]},{"@type":"WebSite","@id":"https:\/\/jornalboasnoticias.com.br\/home\/#website","url":"https:\/\/jornalboasnoticias.com.br\/home\/","name":"Jornal Boas Not\u00edcias","description":"Boas not\u00edcias","publisher":{"@id":"https:\/\/jornalboasnoticias.com.br\/home\/#organization"},"potentialAction":[{"@type":"SearchAction","target":{"@type":"EntryPoint","urlTemplate":"https:\/\/jornalboasnoticias.com.br\/home\/?s={search_term_string}"},"query-input":{"@type":"PropertyValueSpecification","valueRequired":true,"valueName":"search_term_string"}}],"inLanguage":"pt-BR"},{"@type":"Organization","@id":"https:\/\/jornalboasnoticias.com.br\/home\/#organization","name":"Coq Editora Ltda","alternateName":"Jornal Boas Noticias","url":"https:\/\/jornalboasnoticias.com.br\/home\/","logo":{"@type":"ImageObject","inLanguage":"pt-BR","@id":"https:\/\/jornalboasnoticias.com.br\/home\/#\/schema\/logo\/image\/","url":"https:\/\/jornalboasnoticias.com.br\/home\/wp-content\/uploads\/2024\/07\/cropped-logo.jpg","contentUrl":"https:\/\/jornalboasnoticias.com.br\/home\/wp-content\/uploads\/2024\/07\/cropped-logo.jpg","width":290,"height":142,"caption":"Coq Editora Ltda"},"image":{"@id":"https:\/\/jornalboasnoticias.com.br\/home\/#\/schema\/logo\/image\/"},"sameAs":["https:\/\/www.facebook.com\/boasnoticiasjornal"]},{"@type":"Person","@id":"https:\/\/jornalboasnoticias.com.br\/home\/#\/schema\/person\/71a4be4d1685617d6d00f15f0f2952ee","name":"Maria Bonatto","image":{"@type":"ImageObject","inLanguage":"pt-BR","@id":"https:\/\/secure.gravatar.com\/avatar\/61bdbd92f7d53dd2fedfe556279602d97507ae906fdeb9624602488dcdcd042f?s=96&d=mm&r=g","url":"https:\/\/secure.gravatar.com\/avatar\/61bdbd92f7d53dd2fedfe556279602d97507ae906fdeb9624602488dcdcd042f?s=96&d=mm&r=g","contentUrl":"https:\/\/secure.gravatar.com\/avatar\/61bdbd92f7d53dd2fedfe556279602d97507ae906fdeb9624602488dcdcd042f?s=96&d=mm&r=g","caption":"Maria Bonatto"},"url":"https:\/\/jornalboasnoticias.com.br\/home\/author\/ana-bonatto\/"}]}},"_links":{"self":[{"href":"https:\/\/jornalboasnoticias.com.br\/home\/wp-json\/wp\/v2\/posts\/42574","targetHints":{"allow":["GET"]}}],"collection":[{"href":"https:\/\/jornalboasnoticias.com.br\/home\/wp-json\/wp\/v2\/posts"}],"about":[{"href":"https:\/\/jornalboasnoticias.com.br\/home\/wp-json\/wp\/v2\/types\/post"}],"author":[{"embeddable":true,"href":"https:\/\/jornalboasnoticias.com.br\/home\/wp-json\/wp\/v2\/users\/2"}],"replies":[{"embeddable":true,"href":"https:\/\/jornalboasnoticias.com.br\/home\/wp-json\/wp\/v2\/comments?post=42574"}],"version-history":[{"count":0,"href":"https:\/\/jornalboasnoticias.com.br\/home\/wp-json\/wp\/v2\/posts\/42574\/revisions"}],"wp:featuredmedia":[{"embeddable":true,"href":"https:\/\/jornalboasnoticias.com.br\/home\/wp-json\/wp\/v2\/media\/40644"}],"wp:attachment":[{"href":"https:\/\/jornalboasnoticias.com.br\/home\/wp-json\/wp\/v2\/media?parent=42574"}],"wp:term":[{"taxonomy":"category","embeddable":true,"href":"https:\/\/jornalboasnoticias.com.br\/home\/wp-json\/wp\/v2\/categories?post=42574"},{"taxonomy":"post_tag","embeddable":true,"href":"https:\/\/jornalboasnoticias.com.br\/home\/wp-json\/wp\/v2\/tags?post=42574"}],"curies":[{"name":"wp","href":"https:\/\/api.w.org\/{rel}","templated":true}]}}