{"id":42568,"date":"2024-01-12T15:32:27","date_gmt":"2024-01-12T18:32:27","guid":{"rendered":"https:\/\/www.jornalboasnoticias.com.br\/?p=42568"},"modified":"2024-01-12T15:32:27","modified_gmt":"2024-01-12T18:32:27","slug":"nossa-missao-e-cuidar-das-pessoas-diz-paranhos-em-reuniao-de-posse-do-consamu","status":"publish","type":"post","link":"https:\/\/jornalboasnoticias.com.br\/home\/nossa-missao-e-cuidar-das-pessoas-diz-paranhos-em-reuniao-de-posse-do-consamu\/","title":{"rendered":"Nossa miss\u00e3o \u00e9 cuidar das pessoas, diz Paranhos em reuni\u00e3o de posse do Consamu"},"content":{"rendered":"<blockquote>\n<p style=\"text-align: center;\">Prefeito de Cascavel participou da reuni\u00e3o na Amop que deu posse a Leonir Santos, prefeito de Boa Vista da Aparecida, como presidente do cons\u00f3rcio<\/p>\n<\/blockquote>\n<figure id=\"attachment_42569\" aria-describedby=\"caption-attachment-42569\" style=\"width: 548px\" class=\"wp-caption aligncenter\"><img loading=\"lazy\" decoding=\"async\" class=\"size-medium wp-image-42569\" src=\"https:\/\/jornalboasnoticias.com.br\/home\/wp-content\/uploads\/2024\/01\/IMG_0647-e1705084320830-548x365.jpeg\" alt=\"\" width=\"548\" height=\"365\" \/><figcaption id=\"caption-attachment-42569\" class=\"wp-caption-text\">Vanderlei Faria\/secom<\/figcaption><\/figure>\n<p>\u201cTodos n\u00f3s que aqui estamos cuidamos da vida das pessoas. Cuidamos das cidades do nosso oeste do Paran\u00e1. Cuidamos das ang\u00fastias, das alegrias. Muitas vezes n\u00e3o muito compreendidos, mas essa \u00e9 a nossa miss\u00e3o e n\u00e3o podemos nem reclamar. N\u00f3s optamos por esse trabalho\u201d.<\/p>\n<p>A frase do prefeito de Cascavel, Leonaldo Paranhos, foi durante a reuni\u00e3o que deu posse ao novo presidente do Cons\u00f3rcio Intermunicipal de Sa\u00fade do Oeste do Paran\u00e1 (Consamu). O prefeito de Boa Vista da Aparecida, Leonir dos Santos, \u00e9 o novo presidente do cons\u00f3rcio. Ele substituiu Luiz Ernesto Giacometti, prefeito de Palotina, e ficar\u00e1 no cargo por um ano.<\/p>\n<p>Uma das metas do Consamu para este ano \u00e9 a constru\u00e7\u00e3o de uma nova sede.<\/p>\n<p>(Secom)<\/p>\n","protected":false},"excerpt":{"rendered":"<p>Prefeito de Cascavel participou da reuni\u00e3o na Amop que deu posse a Leonir Santos, prefeito<\/p>\n","protected":false},"author":2,"featured_media":42569,"comment_status":"open","ping_status":"open","sticky":false,"template":"","format":"standard","meta":{"footnotes":""},"categories":[2],"tags":[],"class_list":["post-42568","post","type-post","status-publish","format-standard","has-post-thumbnail","hentry","category-cascavel"],"yoast_head":"<!-- This site is optimized with the Yoast SEO plugin v27.5 - https:\/\/yoast.com\/product\/yoast-seo-wordpress\/ -->\n<title>Nossa miss\u00e3o \u00e9 cuidar das pessoas, diz Paranhos em reuni\u00e3o de posse do Consamu - Jornal<\/title>\n<meta name=\"description\" content=\"Nossa miss\u00e3o \u00e9 cuidar das pessoas, diz Paranhos em reuni\u00e3o de posse do Consamu\" \/>\n<meta name=\"robots\" content=\"index, follow, max-snippet:-1, max-image-preview:large, max-video-preview:-1\" \/>\n<link rel=\"canonical\" href=\"https:\/\/jornalboasnoticias.com.br\/home\/nossa-missao-e-cuidar-das-pessoas-diz-paranhos-em-reuniao-de-posse-do-consamu\/\" \/>\n<meta property=\"og:locale\" content=\"pt_BR\" \/>\n<meta property=\"og:type\" content=\"article\" \/>\n<meta property=\"og:title\" content=\"Nossa miss\u00e3o \u00e9 cuidar das pessoas, diz Paranhos em reuni\u00e3o de posse do Consamu - Jornal\" \/>\n<meta property=\"og:description\" content=\"Nossa miss\u00e3o \u00e9 cuidar das pessoas, diz Paranhos em reuni\u00e3o de posse do Consamu\" \/>\n<meta property=\"og:url\" content=\"https:\/\/jornalboasnoticias.com.br\/home\/nossa-missao-e-cuidar-das-pessoas-diz-paranhos-em-reuniao-de-posse-do-consamu\/\" \/>\n<meta property=\"og:site_name\" content=\"Jornal\" \/>\n<meta property=\"article:publisher\" content=\"https:\/\/www.facebook.com\/boasnoticiasjornal\" \/>\n<meta property=\"article:published_time\" content=\"2024-01-12T18:32:27+00:00\" \/>\n<meta property=\"og:image\" content=\"https:\/\/jornalboasnoticias.com.br\/home\/wp-content\/uploads\/2024\/01\/IMG_0647-e1705084320830.jpeg\" \/>\n\t<meta property=\"og:image:width\" content=\"800\" \/>\n\t<meta property=\"og:image:height\" content=\"533\" \/>\n\t<meta property=\"og:image:type\" content=\"image\/jpeg\" \/>\n<meta name=\"author\" content=\"Maria Bonatto\" \/>\n<meta name=\"twitter:card\" content=\"summary_large_image\" \/>\n<meta name=\"twitter:label1\" content=\"Escrito por\" \/>\n\t<meta name=\"twitter:data1\" content=\"Maria Bonatto\" \/>\n\t<meta name=\"twitter:label2\" content=\"Est. tempo de leitura\" \/>\n\t<meta name=\"twitter:data2\" content=\"1 minuto\" \/>\n<script type=\"application\/ld+json\" class=\"yoast-schema-graph\">{\"@context\":\"https:\\\/\\\/schema.org\",\"@graph\":[{\"@type\":\"Article\",\"@id\":\"https:\\\/\\\/jornalboasnoticias.com.br\\\/home\\\/nossa-missao-e-cuidar-das-pessoas-diz-paranhos-em-reuniao-de-posse-do-consamu\\\/#article\",\"isPartOf\":{\"@id\":\"https:\\\/\\\/jornalboasnoticias.com.br\\\/home\\\/nossa-missao-e-cuidar-das-pessoas-diz-paranhos-em-reuniao-de-posse-do-consamu\\\/\"},\"author\":{\"name\":\"Maria Bonatto\",\"@id\":\"https:\\\/\\\/jornalboasnoticias.com.br\\\/home\\\/#\\\/schema\\\/person\\\/71a4be4d1685617d6d00f15f0f2952ee\"},\"headline\":\"Nossa miss\u00e3o \u00e9 cuidar das pessoas, diz Paranhos em reuni\u00e3o de posse do Consamu\",\"datePublished\":\"2024-01-12T18:32:27+00:00\",\"mainEntityOfPage\":{\"@id\":\"https:\\\/\\\/jornalboasnoticias.com.br\\\/home\\\/nossa-missao-e-cuidar-das-pessoas-diz-paranhos-em-reuniao-de-posse-do-consamu\\\/\"},\"wordCount\":178,\"commentCount\":0,\"publisher\":{\"@id\":\"https:\\\/\\\/jornalboasnoticias.com.br\\\/home\\\/#organization\"},\"image\":{\"@id\":\"https:\\\/\\\/jornalboasnoticias.com.br\\\/home\\\/nossa-missao-e-cuidar-das-pessoas-diz-paranhos-em-reuniao-de-posse-do-consamu\\\/#primaryimage\"},\"thumbnailUrl\":\"https:\\\/\\\/jornalboasnoticias.com.br\\\/home\\\/wp-content\\\/uploads\\\/2024\\\/01\\\/IMG_0647-e1705084320830.jpeg\",\"articleSection\":[\"CASCAVEL\"],\"inLanguage\":\"pt-BR\",\"potentialAction\":[{\"@type\":\"CommentAction\",\"name\":\"Comment\",\"target\":[\"https:\\\/\\\/jornalboasnoticias.com.br\\\/home\\\/nossa-missao-e-cuidar-das-pessoas-diz-paranhos-em-reuniao-de-posse-do-consamu\\\/#respond\"]}]},{\"@type\":\"WebPage\",\"@id\":\"https:\\\/\\\/jornalboasnoticias.com.br\\\/home\\\/nossa-missao-e-cuidar-das-pessoas-diz-paranhos-em-reuniao-de-posse-do-consamu\\\/\",\"url\":\"https:\\\/\\\/jornalboasnoticias.com.br\\\/home\\\/nossa-missao-e-cuidar-das-pessoas-diz-paranhos-em-reuniao-de-posse-do-consamu\\\/\",\"name\":\"Nossa miss\u00e3o \u00e9 cuidar das pessoas, diz Paranhos em reuni\u00e3o de posse do Consamu - Jornal\",\"isPartOf\":{\"@id\":\"https:\\\/\\\/jornalboasnoticias.com.br\\\/home\\\/#website\"},\"primaryImageOfPage\":{\"@id\":\"https:\\\/\\\/jornalboasnoticias.com.br\\\/home\\\/nossa-missao-e-cuidar-das-pessoas-diz-paranhos-em-reuniao-de-posse-do-consamu\\\/#primaryimage\"},\"image\":{\"@id\":\"https:\\\/\\\/jornalboasnoticias.com.br\\\/home\\\/nossa-missao-e-cuidar-das-pessoas-diz-paranhos-em-reuniao-de-posse-do-consamu\\\/#primaryimage\"},\"thumbnailUrl\":\"https:\\\/\\\/jornalboasnoticias.com.br\\\/home\\\/wp-content\\\/uploads\\\/2024\\\/01\\\/IMG_0647-e1705084320830.jpeg\",\"datePublished\":\"2024-01-12T18:32:27+00:00\",\"description\":\"Nossa miss\u00e3o \u00e9 cuidar das pessoas, diz Paranhos em reuni\u00e3o de posse do Consamu\",\"breadcrumb\":{\"@id\":\"https:\\\/\\\/jornalboasnoticias.com.br\\\/home\\\/nossa-missao-e-cuidar-das-pessoas-diz-paranhos-em-reuniao-de-posse-do-consamu\\\/#breadcrumb\"},\"inLanguage\":\"pt-BR\",\"potentialAction\":[{\"@type\":\"ReadAction\",\"target\":[\"https:\\\/\\\/jornalboasnoticias.com.br\\\/home\\\/nossa-missao-e-cuidar-das-pessoas-diz-paranhos-em-reuniao-de-posse-do-consamu\\\/\"]}]},{\"@type\":\"ImageObject\",\"inLanguage\":\"pt-BR\",\"@id\":\"https:\\\/\\\/jornalboasnoticias.com.br\\\/home\\\/nossa-missao-e-cuidar-das-pessoas-diz-paranhos-em-reuniao-de-posse-do-consamu\\\/#primaryimage\",\"url\":\"https:\\\/\\\/jornalboasnoticias.com.br\\\/home\\\/wp-content\\\/uploads\\\/2024\\\/01\\\/IMG_0647-e1705084320830.jpeg\",\"contentUrl\":\"https:\\\/\\\/jornalboasnoticias.com.br\\\/home\\\/wp-content\\\/uploads\\\/2024\\\/01\\\/IMG_0647-e1705084320830.jpeg\",\"width\":800,\"height\":533,\"caption\":\"Vanderlei Faria\\\/secom\"},{\"@type\":\"BreadcrumbList\",\"@id\":\"https:\\\/\\\/jornalboasnoticias.com.br\\\/home\\\/nossa-missao-e-cuidar-das-pessoas-diz-paranhos-em-reuniao-de-posse-do-consamu\\\/#breadcrumb\",\"itemListElement\":[{\"@type\":\"ListItem\",\"position\":1,\"name\":\"In\u00edcio\",\"item\":\"https:\\\/\\\/jornalboasnoticias.com.br\\\/home\\\/\"},{\"@type\":\"ListItem\",\"position\":2,\"name\":\"Nossa miss\u00e3o \u00e9 cuidar das pessoas, diz Paranhos em reuni\u00e3o de posse do Consamu\"}]},{\"@type\":\"WebSite\",\"@id\":\"https:\\\/\\\/jornalboasnoticias.com.br\\\/home\\\/#website\",\"url\":\"https:\\\/\\\/jornalboasnoticias.com.br\\\/home\\\/\",\"name\":\"Jornal Boas Not\u00edcias\",\"description\":\"Boas not\u00edcias\",\"publisher\":{\"@id\":\"https:\\\/\\\/jornalboasnoticias.com.br\\\/home\\\/#organization\"},\"potentialAction\":[{\"@type\":\"SearchAction\",\"target\":{\"@type\":\"EntryPoint\",\"urlTemplate\":\"https:\\\/\\\/jornalboasnoticias.com.br\\\/home\\\/?s={search_term_string}\"},\"query-input\":{\"@type\":\"PropertyValueSpecification\",\"valueRequired\":true,\"valueName\":\"search_term_string\"}}],\"inLanguage\":\"pt-BR\"},{\"@type\":\"Organization\",\"@id\":\"https:\\\/\\\/jornalboasnoticias.com.br\\\/home\\\/#organization\",\"name\":\"Coq Editora Ltda\",\"alternateName\":\"Jornal Boas Noticias\",\"url\":\"https:\\\/\\\/jornalboasnoticias.com.br\\\/home\\\/\",\"logo\":{\"@type\":\"ImageObject\",\"inLanguage\":\"pt-BR\",\"@id\":\"https:\\\/\\\/jornalboasnoticias.com.br\\\/home\\\/#\\\/schema\\\/logo\\\/image\\\/\",\"url\":\"https:\\\/\\\/jornalboasnoticias.com.br\\\/home\\\/wp-content\\\/uploads\\\/2024\\\/07\\\/cropped-logo.jpg\",\"contentUrl\":\"https:\\\/\\\/jornalboasnoticias.com.br\\\/home\\\/wp-content\\\/uploads\\\/2024\\\/07\\\/cropped-logo.jpg\",\"width\":290,\"height\":142,\"caption\":\"Coq Editora Ltda\"},\"image\":{\"@id\":\"https:\\\/\\\/jornalboasnoticias.com.br\\\/home\\\/#\\\/schema\\\/logo\\\/image\\\/\"},\"sameAs\":[\"https:\\\/\\\/www.facebook.com\\\/boasnoticiasjornal\"]},{\"@type\":\"Person\",\"@id\":\"https:\\\/\\\/jornalboasnoticias.com.br\\\/home\\\/#\\\/schema\\\/person\\\/71a4be4d1685617d6d00f15f0f2952ee\",\"name\":\"Maria Bonatto\",\"image\":{\"@type\":\"ImageObject\",\"inLanguage\":\"pt-BR\",\"@id\":\"https:\\\/\\\/secure.gravatar.com\\\/avatar\\\/61bdbd92f7d53dd2fedfe556279602d97507ae906fdeb9624602488dcdcd042f?s=96&d=mm&r=g\",\"url\":\"https:\\\/\\\/secure.gravatar.com\\\/avatar\\\/61bdbd92f7d53dd2fedfe556279602d97507ae906fdeb9624602488dcdcd042f?s=96&d=mm&r=g\",\"contentUrl\":\"https:\\\/\\\/secure.gravatar.com\\\/avatar\\\/61bdbd92f7d53dd2fedfe556279602d97507ae906fdeb9624602488dcdcd042f?s=96&d=mm&r=g\",\"caption\":\"Maria Bonatto\"},\"url\":\"https:\\\/\\\/jornalboasnoticias.com.br\\\/home\\\/author\\\/ana-bonatto\\\/\"}]}<\/script>\n<!-- \/ Yoast SEO plugin. -->","yoast_head_json":{"title":"Nossa miss\u00e3o \u00e9 cuidar das pessoas, diz Paranhos em reuni\u00e3o de posse do Consamu - Jornal","description":"Nossa miss\u00e3o \u00e9 cuidar das pessoas, diz Paranhos em reuni\u00e3o de posse do Consamu","robots":{"index":"index","follow":"follow","max-snippet":"max-snippet:-1","max-image-preview":"max-image-preview:large","max-video-preview":"max-video-preview:-1"},"canonical":"https:\/\/jornalboasnoticias.com.br\/home\/nossa-missao-e-cuidar-das-pessoas-diz-paranhos-em-reuniao-de-posse-do-consamu\/","og_locale":"pt_BR","og_type":"article","og_title":"Nossa miss\u00e3o \u00e9 cuidar das pessoas, diz Paranhos em reuni\u00e3o de posse do Consamu - Jornal","og_description":"Nossa miss\u00e3o \u00e9 cuidar das pessoas, diz Paranhos em reuni\u00e3o de posse do Consamu","og_url":"https:\/\/jornalboasnoticias.com.br\/home\/nossa-missao-e-cuidar-das-pessoas-diz-paranhos-em-reuniao-de-posse-do-consamu\/","og_site_name":"Jornal","article_publisher":"https:\/\/www.facebook.com\/boasnoticiasjornal","article_published_time":"2024-01-12T18:32:27+00:00","og_image":[{"width":800,"height":533,"url":"https:\/\/jornalboasnoticias.com.br\/home\/wp-content\/uploads\/2024\/01\/IMG_0647-e1705084320830.jpeg","type":"image\/jpeg"}],"author":"Maria Bonatto","twitter_card":"summary_large_image","twitter_misc":{"Escrito por":"Maria Bonatto","Est. tempo de leitura":"1 minuto"},"schema":{"@context":"https:\/\/schema.org","@graph":[{"@type":"Article","@id":"https:\/\/jornalboasnoticias.com.br\/home\/nossa-missao-e-cuidar-das-pessoas-diz-paranhos-em-reuniao-de-posse-do-consamu\/#article","isPartOf":{"@id":"https:\/\/jornalboasnoticias.com.br\/home\/nossa-missao-e-cuidar-das-pessoas-diz-paranhos-em-reuniao-de-posse-do-consamu\/"},"author":{"name":"Maria Bonatto","@id":"https:\/\/jornalboasnoticias.com.br\/home\/#\/schema\/person\/71a4be4d1685617d6d00f15f0f2952ee"},"headline":"Nossa miss\u00e3o \u00e9 cuidar das pessoas, diz Paranhos em reuni\u00e3o de posse do Consamu","datePublished":"2024-01-12T18:32:27+00:00","mainEntityOfPage":{"@id":"https:\/\/jornalboasnoticias.com.br\/home\/nossa-missao-e-cuidar-das-pessoas-diz-paranhos-em-reuniao-de-posse-do-consamu\/"},"wordCount":178,"commentCount":0,"publisher":{"@id":"https:\/\/jornalboasnoticias.com.br\/home\/#organization"},"image":{"@id":"https:\/\/jornalboasnoticias.com.br\/home\/nossa-missao-e-cuidar-das-pessoas-diz-paranhos-em-reuniao-de-posse-do-consamu\/#primaryimage"},"thumbnailUrl":"https:\/\/jornalboasnoticias.com.br\/home\/wp-content\/uploads\/2024\/01\/IMG_0647-e1705084320830.jpeg","articleSection":["CASCAVEL"],"inLanguage":"pt-BR","potentialAction":[{"@type":"CommentAction","name":"Comment","target":["https:\/\/jornalboasnoticias.com.br\/home\/nossa-missao-e-cuidar-das-pessoas-diz-paranhos-em-reuniao-de-posse-do-consamu\/#respond"]}]},{"@type":"WebPage","@id":"https:\/\/jornalboasnoticias.com.br\/home\/nossa-missao-e-cuidar-das-pessoas-diz-paranhos-em-reuniao-de-posse-do-consamu\/","url":"https:\/\/jornalboasnoticias.com.br\/home\/nossa-missao-e-cuidar-das-pessoas-diz-paranhos-em-reuniao-de-posse-do-consamu\/","name":"Nossa miss\u00e3o \u00e9 cuidar das pessoas, diz Paranhos em reuni\u00e3o de posse do Consamu - Jornal","isPartOf":{"@id":"https:\/\/jornalboasnoticias.com.br\/home\/#website"},"primaryImageOfPage":{"@id":"https:\/\/jornalboasnoticias.com.br\/home\/nossa-missao-e-cuidar-das-pessoas-diz-paranhos-em-reuniao-de-posse-do-consamu\/#primaryimage"},"image":{"@id":"https:\/\/jornalboasnoticias.com.br\/home\/nossa-missao-e-cuidar-das-pessoas-diz-paranhos-em-reuniao-de-posse-do-consamu\/#primaryimage"},"thumbnailUrl":"https:\/\/jornalboasnoticias.com.br\/home\/wp-content\/uploads\/2024\/01\/IMG_0647-e1705084320830.jpeg","datePublished":"2024-01-12T18:32:27+00:00","description":"Nossa miss\u00e3o \u00e9 cuidar das pessoas, diz Paranhos em reuni\u00e3o de posse do Consamu","breadcrumb":{"@id":"https:\/\/jornalboasnoticias.com.br\/home\/nossa-missao-e-cuidar-das-pessoas-diz-paranhos-em-reuniao-de-posse-do-consamu\/#breadcrumb"},"inLanguage":"pt-BR","potentialAction":[{"@type":"ReadAction","target":["https:\/\/jornalboasnoticias.com.br\/home\/nossa-missao-e-cuidar-das-pessoas-diz-paranhos-em-reuniao-de-posse-do-consamu\/"]}]},{"@type":"ImageObject","inLanguage":"pt-BR","@id":"https:\/\/jornalboasnoticias.com.br\/home\/nossa-missao-e-cuidar-das-pessoas-diz-paranhos-em-reuniao-de-posse-do-consamu\/#primaryimage","url":"https:\/\/jornalboasnoticias.com.br\/home\/wp-content\/uploads\/2024\/01\/IMG_0647-e1705084320830.jpeg","contentUrl":"https:\/\/jornalboasnoticias.com.br\/home\/wp-content\/uploads\/2024\/01\/IMG_0647-e1705084320830.jpeg","width":800,"height":533,"caption":"Vanderlei Faria\/secom"},{"@type":"BreadcrumbList","@id":"https:\/\/jornalboasnoticias.com.br\/home\/nossa-missao-e-cuidar-das-pessoas-diz-paranhos-em-reuniao-de-posse-do-consamu\/#breadcrumb","itemListElement":[{"@type":"ListItem","position":1,"name":"In\u00edcio","item":"https:\/\/jornalboasnoticias.com.br\/home\/"},{"@type":"ListItem","position":2,"name":"Nossa miss\u00e3o \u00e9 cuidar das pessoas, diz Paranhos em reuni\u00e3o de posse do Consamu"}]},{"@type":"WebSite","@id":"https:\/\/jornalboasnoticias.com.br\/home\/#website","url":"https:\/\/jornalboasnoticias.com.br\/home\/","name":"Jornal Boas Not\u00edcias","description":"Boas not\u00edcias","publisher":{"@id":"https:\/\/jornalboasnoticias.com.br\/home\/#organization"},"potentialAction":[{"@type":"SearchAction","target":{"@type":"EntryPoint","urlTemplate":"https:\/\/jornalboasnoticias.com.br\/home\/?s={search_term_string}"},"query-input":{"@type":"PropertyValueSpecification","valueRequired":true,"valueName":"search_term_string"}}],"inLanguage":"pt-BR"},{"@type":"Organization","@id":"https:\/\/jornalboasnoticias.com.br\/home\/#organization","name":"Coq Editora Ltda","alternateName":"Jornal Boas Noticias","url":"https:\/\/jornalboasnoticias.com.br\/home\/","logo":{"@type":"ImageObject","inLanguage":"pt-BR","@id":"https:\/\/jornalboasnoticias.com.br\/home\/#\/schema\/logo\/image\/","url":"https:\/\/jornalboasnoticias.com.br\/home\/wp-content\/uploads\/2024\/07\/cropped-logo.jpg","contentUrl":"https:\/\/jornalboasnoticias.com.br\/home\/wp-content\/uploads\/2024\/07\/cropped-logo.jpg","width":290,"height":142,"caption":"Coq Editora Ltda"},"image":{"@id":"https:\/\/jornalboasnoticias.com.br\/home\/#\/schema\/logo\/image\/"},"sameAs":["https:\/\/www.facebook.com\/boasnoticiasjornal"]},{"@type":"Person","@id":"https:\/\/jornalboasnoticias.com.br\/home\/#\/schema\/person\/71a4be4d1685617d6d00f15f0f2952ee","name":"Maria Bonatto","image":{"@type":"ImageObject","inLanguage":"pt-BR","@id":"https:\/\/secure.gravatar.com\/avatar\/61bdbd92f7d53dd2fedfe556279602d97507ae906fdeb9624602488dcdcd042f?s=96&d=mm&r=g","url":"https:\/\/secure.gravatar.com\/avatar\/61bdbd92f7d53dd2fedfe556279602d97507ae906fdeb9624602488dcdcd042f?s=96&d=mm&r=g","contentUrl":"https:\/\/secure.gravatar.com\/avatar\/61bdbd92f7d53dd2fedfe556279602d97507ae906fdeb9624602488dcdcd042f?s=96&d=mm&r=g","caption":"Maria Bonatto"},"url":"https:\/\/jornalboasnoticias.com.br\/home\/author\/ana-bonatto\/"}]}},"_links":{"self":[{"href":"https:\/\/jornalboasnoticias.com.br\/home\/wp-json\/wp\/v2\/posts\/42568","targetHints":{"allow":["GET"]}}],"collection":[{"href":"https:\/\/jornalboasnoticias.com.br\/home\/wp-json\/wp\/v2\/posts"}],"about":[{"href":"https:\/\/jornalboasnoticias.com.br\/home\/wp-json\/wp\/v2\/types\/post"}],"author":[{"embeddable":true,"href":"https:\/\/jornalboasnoticias.com.br\/home\/wp-json\/wp\/v2\/users\/2"}],"replies":[{"embeddable":true,"href":"https:\/\/jornalboasnoticias.com.br\/home\/wp-json\/wp\/v2\/comments?post=42568"}],"version-history":[{"count":0,"href":"https:\/\/jornalboasnoticias.com.br\/home\/wp-json\/wp\/v2\/posts\/42568\/revisions"}],"wp:featuredmedia":[{"embeddable":true,"href":"https:\/\/jornalboasnoticias.com.br\/home\/wp-json\/wp\/v2\/media\/42569"}],"wp:attachment":[{"href":"https:\/\/jornalboasnoticias.com.br\/home\/wp-json\/wp\/v2\/media?parent=42568"}],"wp:term":[{"taxonomy":"category","embeddable":true,"href":"https:\/\/jornalboasnoticias.com.br\/home\/wp-json\/wp\/v2\/categories?post=42568"},{"taxonomy":"post_tag","embeddable":true,"href":"https:\/\/jornalboasnoticias.com.br\/home\/wp-json\/wp\/v2\/tags?post=42568"}],"curies":[{"name":"wp","href":"https:\/\/api.w.org\/{rel}","templated":true}]}}