{"id":42563,"date":"2024-01-12T10:01:35","date_gmt":"2024-01-12T13:01:35","guid":{"rendered":"https:\/\/www.jornalboasnoticias.com.br\/?p=42563"},"modified":"2024-01-12T10:01:35","modified_gmt":"2024-01-12T13:01:35","slug":"inscricoes-para-novos-feirantes-na-feira-do-teatro-seguem-abertas-ate-o-dia-22-de-janeiro","status":"publish","type":"post","link":"https:\/\/jornalboasnoticias.com.br\/home\/inscricoes-para-novos-feirantes-na-feira-do-teatro-seguem-abertas-ate-o-dia-22-de-janeiro\/","title":{"rendered":"Inscri\u00e7\u00f5es para novos feirantes na Feira do Teatro seguem abertas at\u00e9 o dia 22 de janeiro"},"content":{"rendered":"<blockquote>\n<p style=\"text-align: center;\">Cadastros s\u00e3o para artes\u00e3os e food truck e inscri\u00e7\u00f5es podem ser feitas at\u00e9 o dia 25 de janeiro<\/p>\n<\/blockquote>\n<figure id=\"attachment_42384\" aria-describedby=\"caption-attachment-42384\" style=\"width: 548px\" class=\"wp-caption aligncenter\"><img loading=\"lazy\" decoding=\"async\" class=\"size-medium wp-image-42384\" src=\"https:\/\/jornalboasnoticias.com.br\/home\/wp-content\/uploads\/2024\/01\/feira-do-teatro-e1704306295301-548x365.jpeg\" alt=\"\" width=\"548\" height=\"365\" \/><figcaption id=\"caption-attachment-42384\" class=\"wp-caption-text\">Divulga\u00e7\u00e3o<\/figcaption><\/figure>\n<p>A Secret\u00e1ria de Cultura (Secult) informa que continuam abertas as inscri\u00e7\u00f5es para novos feirantes que queiram participar da Feira do Teatro. O edital 001\/2023 tem validade de 2 anos, e permanece com as inscri\u00e7\u00f5es abertas para forma\u00e7\u00e3o de banco de reserva. As inscri\u00e7\u00f5es s\u00e3o para artes\u00e3os e food truck.<\/p>\n<p>Para fazer parte\u00a0da feira, os interessados devem seguir as instru\u00e7\u00f5es detalhadas no edital,\u00a0<a href=\"https:\/\/linktr.ee\/culturacascavel\">dispon\u00edvel para consulta\u00a0neste link.<\/a> \u00c9 fundamental realizar a inscri\u00e7\u00e3o protocolando a ficha,\u00a0junto aos documentos exigidos no\u00a0Protocolo-Geral da\u00a0Prefeitura\u00a0de Cascavel at\u00e9 o dia 22 de janeiro.<\/p>\n<p>Os interessados ter\u00e3o a oportunidade de se candidatar para integrar a feira, que se tornou ponto de encontro da popula\u00e7\u00e3o de Cascavel e regi\u00e3o nas manh\u00e3s de domingo. \u201cNa \u00faltima semana de janeiro estaremos convocando a comiss\u00e3o de avalia\u00e7\u00e3o para fazer nova sele\u00e7\u00e3o\u201d, diz o coordenador da feira, Antonio Carlos Machado.<\/p>\n<h2><strong>Hist\u00f3rico<\/strong><\/h2>\n<p>A Feira do Teatro surgiu como um ponto de encontro vibrante e diversificado desde sua inaugura\u00e7\u00e3o, em 28 de fevereiro de 2018, no estacionamento do Teatro Municipal Sefrin Filho. Com 35 barracas e 7 food-trucks, o evento se firmou como uma celebra\u00e7\u00e3o semanal marcada pela arte, artesanato e boa gastronomia.<\/p>\n<p>Os objetivos que norteiam essa iniciativa s\u00e3o amplos e enriquecedores:<\/p>\n<p>Promover o conv\u00edvio intergeracional tem sido uma das pe\u00e7as-chave da Feira, onde diferentes gera\u00e7\u00f5es se encontram em um espa\u00e7o din\u00e2mico, compartilhando experi\u00eancias e viv\u00eancias culturais.<\/p>\n<p>Incentivar a atividade art\u00edstica e artesanal \u00e9 uma das miss\u00f5es fundamentais, valorizando n\u00e3o apenas os artistas, mas tamb\u00e9m os produtores que dedicam seu talento \u00e0 cria\u00e7\u00e3o de pe\u00e7as \u00fanicas e aut\u00eanticas.<\/p>\n<p>A Feira se estabeleceu como um ponto de exposi\u00e7\u00e3o e comercializa\u00e7\u00e3o, impulsionando a atividade cultural e econ\u00f4mica. Essa intersec\u00e7\u00e3o entre arte e economia resulta na gera\u00e7\u00e3o de trabalho e renda para muitos participantes.<\/p>\n<p>A Feira do Teatro ganhou espa\u00e7o e reconhecimento, marcando presen\u00e7a todas as manh\u00e3s de domingo, das 8h \u00e0s 13h, no estacionamento do Complexo Cultural Sefrin Filho. Situado entre as Ruas Rio de Janeiro, Duque de Caxias, Santa Catarina e General Os\u00f3rio.<\/p>\n<p>(Secom)<\/p>\n","protected":false},"excerpt":{"rendered":"<p>Cadastros s\u00e3o para artes\u00e3os e food truck e inscri\u00e7\u00f5es podem ser feitas at\u00e9 o dia<\/p>\n","protected":false},"author":2,"featured_media":42384,"comment_status":"open","ping_status":"open","sticky":false,"template":"","format":"standard","meta":{"footnotes":""},"categories":[2],"tags":[],"class_list":["post-42563","post","type-post","status-publish","format-standard","has-post-thumbnail","hentry","category-cascavel"],"yoast_head":"<!-- This site is optimized with the Yoast SEO plugin v27.5 - https:\/\/yoast.com\/product\/yoast-seo-wordpress\/ -->\n<title>Inscri\u00e7\u00f5es para novos feirantes na Feira do Teatro seguem abertas at\u00e9 o dia 22 de janeiro - Jornal<\/title>\n<meta name=\"description\" content=\"Inscri\u00e7\u00f5es para novos feirantes na Feira do Teatro seguem abertas at\u00e9 o dia 22 de janeiro\" \/>\n<meta name=\"robots\" content=\"index, follow, max-snippet:-1, max-image-preview:large, max-video-preview:-1\" \/>\n<link rel=\"canonical\" href=\"https:\/\/jornalboasnoticias.com.br\/home\/inscricoes-para-novos-feirantes-na-feira-do-teatro-seguem-abertas-ate-o-dia-22-de-janeiro\/\" \/>\n<meta property=\"og:locale\" content=\"pt_BR\" \/>\n<meta property=\"og:type\" content=\"article\" \/>\n<meta property=\"og:title\" content=\"Inscri\u00e7\u00f5es para novos feirantes na Feira do Teatro seguem abertas at\u00e9 o dia 22 de janeiro - Jornal\" \/>\n<meta property=\"og:description\" content=\"Inscri\u00e7\u00f5es para novos feirantes na Feira do Teatro seguem abertas at\u00e9 o dia 22 de janeiro\" \/>\n<meta property=\"og:url\" content=\"https:\/\/jornalboasnoticias.com.br\/home\/inscricoes-para-novos-feirantes-na-feira-do-teatro-seguem-abertas-ate-o-dia-22-de-janeiro\/\" \/>\n<meta property=\"og:site_name\" content=\"Jornal\" \/>\n<meta property=\"article:publisher\" content=\"https:\/\/www.facebook.com\/boasnoticiasjornal\" \/>\n<meta property=\"article:published_time\" content=\"2024-01-12T13:01:35+00:00\" \/>\n<meta property=\"og:image\" content=\"https:\/\/jornalboasnoticias.com.br\/home\/wp-content\/uploads\/2024\/01\/feira-do-teatro-e1704306295301.jpeg\" \/>\n\t<meta property=\"og:image:width\" content=\"800\" \/>\n\t<meta property=\"og:image:height\" content=\"533\" \/>\n\t<meta property=\"og:image:type\" content=\"image\/jpeg\" \/>\n<meta name=\"author\" content=\"Maria Bonatto\" \/>\n<meta name=\"twitter:card\" content=\"summary_large_image\" \/>\n<meta name=\"twitter:label1\" content=\"Escrito por\" \/>\n\t<meta name=\"twitter:data1\" content=\"Maria Bonatto\" \/>\n\t<meta name=\"twitter:label2\" content=\"Est. tempo de leitura\" \/>\n\t<meta name=\"twitter:data2\" content=\"2 minutos\" \/>\n<script type=\"application\/ld+json\" class=\"yoast-schema-graph\">{\"@context\":\"https:\\\/\\\/schema.org\",\"@graph\":[{\"@type\":\"Article\",\"@id\":\"https:\\\/\\\/jornalboasnoticias.com.br\\\/home\\\/inscricoes-para-novos-feirantes-na-feira-do-teatro-seguem-abertas-ate-o-dia-22-de-janeiro\\\/#article\",\"isPartOf\":{\"@id\":\"https:\\\/\\\/jornalboasnoticias.com.br\\\/home\\\/inscricoes-para-novos-feirantes-na-feira-do-teatro-seguem-abertas-ate-o-dia-22-de-janeiro\\\/\"},\"author\":{\"name\":\"Maria Bonatto\",\"@id\":\"https:\\\/\\\/jornalboasnoticias.com.br\\\/home\\\/#\\\/schema\\\/person\\\/71a4be4d1685617d6d00f15f0f2952ee\"},\"headline\":\"Inscri\u00e7\u00f5es para novos feirantes na Feira do Teatro seguem abertas at\u00e9 o dia 22 de janeiro\",\"datePublished\":\"2024-01-12T13:01:35+00:00\",\"mainEntityOfPage\":{\"@id\":\"https:\\\/\\\/jornalboasnoticias.com.br\\\/home\\\/inscricoes-para-novos-feirantes-na-feira-do-teatro-seguem-abertas-ate-o-dia-22-de-janeiro\\\/\"},\"wordCount\":414,\"commentCount\":0,\"publisher\":{\"@id\":\"https:\\\/\\\/jornalboasnoticias.com.br\\\/home\\\/#organization\"},\"image\":{\"@id\":\"https:\\\/\\\/jornalboasnoticias.com.br\\\/home\\\/inscricoes-para-novos-feirantes-na-feira-do-teatro-seguem-abertas-ate-o-dia-22-de-janeiro\\\/#primaryimage\"},\"thumbnailUrl\":\"https:\\\/\\\/jornalboasnoticias.com.br\\\/home\\\/wp-content\\\/uploads\\\/2024\\\/01\\\/feira-do-teatro-e1704306295301.jpeg\",\"articleSection\":[\"CASCAVEL\"],\"inLanguage\":\"pt-BR\",\"potentialAction\":[{\"@type\":\"CommentAction\",\"name\":\"Comment\",\"target\":[\"https:\\\/\\\/jornalboasnoticias.com.br\\\/home\\\/inscricoes-para-novos-feirantes-na-feira-do-teatro-seguem-abertas-ate-o-dia-22-de-janeiro\\\/#respond\"]}]},{\"@type\":\"WebPage\",\"@id\":\"https:\\\/\\\/jornalboasnoticias.com.br\\\/home\\\/inscricoes-para-novos-feirantes-na-feira-do-teatro-seguem-abertas-ate-o-dia-22-de-janeiro\\\/\",\"url\":\"https:\\\/\\\/jornalboasnoticias.com.br\\\/home\\\/inscricoes-para-novos-feirantes-na-feira-do-teatro-seguem-abertas-ate-o-dia-22-de-janeiro\\\/\",\"name\":\"Inscri\u00e7\u00f5es para novos feirantes na Feira do Teatro seguem abertas at\u00e9 o dia 22 de janeiro - Jornal\",\"isPartOf\":{\"@id\":\"https:\\\/\\\/jornalboasnoticias.com.br\\\/home\\\/#website\"},\"primaryImageOfPage\":{\"@id\":\"https:\\\/\\\/jornalboasnoticias.com.br\\\/home\\\/inscricoes-para-novos-feirantes-na-feira-do-teatro-seguem-abertas-ate-o-dia-22-de-janeiro\\\/#primaryimage\"},\"image\":{\"@id\":\"https:\\\/\\\/jornalboasnoticias.com.br\\\/home\\\/inscricoes-para-novos-feirantes-na-feira-do-teatro-seguem-abertas-ate-o-dia-22-de-janeiro\\\/#primaryimage\"},\"thumbnailUrl\":\"https:\\\/\\\/jornalboasnoticias.com.br\\\/home\\\/wp-content\\\/uploads\\\/2024\\\/01\\\/feira-do-teatro-e1704306295301.jpeg\",\"datePublished\":\"2024-01-12T13:01:35+00:00\",\"description\":\"Inscri\u00e7\u00f5es para novos feirantes na Feira do Teatro seguem abertas at\u00e9 o dia 22 de janeiro\",\"breadcrumb\":{\"@id\":\"https:\\\/\\\/jornalboasnoticias.com.br\\\/home\\\/inscricoes-para-novos-feirantes-na-feira-do-teatro-seguem-abertas-ate-o-dia-22-de-janeiro\\\/#breadcrumb\"},\"inLanguage\":\"pt-BR\",\"potentialAction\":[{\"@type\":\"ReadAction\",\"target\":[\"https:\\\/\\\/jornalboasnoticias.com.br\\\/home\\\/inscricoes-para-novos-feirantes-na-feira-do-teatro-seguem-abertas-ate-o-dia-22-de-janeiro\\\/\"]}]},{\"@type\":\"ImageObject\",\"inLanguage\":\"pt-BR\",\"@id\":\"https:\\\/\\\/jornalboasnoticias.com.br\\\/home\\\/inscricoes-para-novos-feirantes-na-feira-do-teatro-seguem-abertas-ate-o-dia-22-de-janeiro\\\/#primaryimage\",\"url\":\"https:\\\/\\\/jornalboasnoticias.com.br\\\/home\\\/wp-content\\\/uploads\\\/2024\\\/01\\\/feira-do-teatro-e1704306295301.jpeg\",\"contentUrl\":\"https:\\\/\\\/jornalboasnoticias.com.br\\\/home\\\/wp-content\\\/uploads\\\/2024\\\/01\\\/feira-do-teatro-e1704306295301.jpeg\",\"width\":800,\"height\":533,\"caption\":\"Divulga\u00e7\u00e3o\"},{\"@type\":\"BreadcrumbList\",\"@id\":\"https:\\\/\\\/jornalboasnoticias.com.br\\\/home\\\/inscricoes-para-novos-feirantes-na-feira-do-teatro-seguem-abertas-ate-o-dia-22-de-janeiro\\\/#breadcrumb\",\"itemListElement\":[{\"@type\":\"ListItem\",\"position\":1,\"name\":\"In\u00edcio\",\"item\":\"https:\\\/\\\/jornalboasnoticias.com.br\\\/home\\\/\"},{\"@type\":\"ListItem\",\"position\":2,\"name\":\"Inscri\u00e7\u00f5es para novos feirantes na Feira do Teatro seguem abertas at\u00e9 o dia 22 de janeiro\"}]},{\"@type\":\"WebSite\",\"@id\":\"https:\\\/\\\/jornalboasnoticias.com.br\\\/home\\\/#website\",\"url\":\"https:\\\/\\\/jornalboasnoticias.com.br\\\/home\\\/\",\"name\":\"Jornal Boas Not\u00edcias\",\"description\":\"Boas not\u00edcias\",\"publisher\":{\"@id\":\"https:\\\/\\\/jornalboasnoticias.com.br\\\/home\\\/#organization\"},\"potentialAction\":[{\"@type\":\"SearchAction\",\"target\":{\"@type\":\"EntryPoint\",\"urlTemplate\":\"https:\\\/\\\/jornalboasnoticias.com.br\\\/home\\\/?s={search_term_string}\"},\"query-input\":{\"@type\":\"PropertyValueSpecification\",\"valueRequired\":true,\"valueName\":\"search_term_string\"}}],\"inLanguage\":\"pt-BR\"},{\"@type\":\"Organization\",\"@id\":\"https:\\\/\\\/jornalboasnoticias.com.br\\\/home\\\/#organization\",\"name\":\"Coq Editora Ltda\",\"alternateName\":\"Jornal Boas Noticias\",\"url\":\"https:\\\/\\\/jornalboasnoticias.com.br\\\/home\\\/\",\"logo\":{\"@type\":\"ImageObject\",\"inLanguage\":\"pt-BR\",\"@id\":\"https:\\\/\\\/jornalboasnoticias.com.br\\\/home\\\/#\\\/schema\\\/logo\\\/image\\\/\",\"url\":\"https:\\\/\\\/jornalboasnoticias.com.br\\\/home\\\/wp-content\\\/uploads\\\/2024\\\/07\\\/cropped-logo.jpg\",\"contentUrl\":\"https:\\\/\\\/jornalboasnoticias.com.br\\\/home\\\/wp-content\\\/uploads\\\/2024\\\/07\\\/cropped-logo.jpg\",\"width\":290,\"height\":142,\"caption\":\"Coq Editora Ltda\"},\"image\":{\"@id\":\"https:\\\/\\\/jornalboasnoticias.com.br\\\/home\\\/#\\\/schema\\\/logo\\\/image\\\/\"},\"sameAs\":[\"https:\\\/\\\/www.facebook.com\\\/boasnoticiasjornal\"]},{\"@type\":\"Person\",\"@id\":\"https:\\\/\\\/jornalboasnoticias.com.br\\\/home\\\/#\\\/schema\\\/person\\\/71a4be4d1685617d6d00f15f0f2952ee\",\"name\":\"Maria Bonatto\",\"image\":{\"@type\":\"ImageObject\",\"inLanguage\":\"pt-BR\",\"@id\":\"https:\\\/\\\/secure.gravatar.com\\\/avatar\\\/61bdbd92f7d53dd2fedfe556279602d97507ae906fdeb9624602488dcdcd042f?s=96&d=mm&r=g\",\"url\":\"https:\\\/\\\/secure.gravatar.com\\\/avatar\\\/61bdbd92f7d53dd2fedfe556279602d97507ae906fdeb9624602488dcdcd042f?s=96&d=mm&r=g\",\"contentUrl\":\"https:\\\/\\\/secure.gravatar.com\\\/avatar\\\/61bdbd92f7d53dd2fedfe556279602d97507ae906fdeb9624602488dcdcd042f?s=96&d=mm&r=g\",\"caption\":\"Maria Bonatto\"},\"url\":\"https:\\\/\\\/jornalboasnoticias.com.br\\\/home\\\/author\\\/ana-bonatto\\\/\"}]}<\/script>\n<!-- \/ Yoast SEO plugin. -->","yoast_head_json":{"title":"Inscri\u00e7\u00f5es para novos feirantes na Feira do Teatro seguem abertas at\u00e9 o dia 22 de janeiro - Jornal","description":"Inscri\u00e7\u00f5es para novos feirantes na Feira do Teatro seguem abertas at\u00e9 o dia 22 de janeiro","robots":{"index":"index","follow":"follow","max-snippet":"max-snippet:-1","max-image-preview":"max-image-preview:large","max-video-preview":"max-video-preview:-1"},"canonical":"https:\/\/jornalboasnoticias.com.br\/home\/inscricoes-para-novos-feirantes-na-feira-do-teatro-seguem-abertas-ate-o-dia-22-de-janeiro\/","og_locale":"pt_BR","og_type":"article","og_title":"Inscri\u00e7\u00f5es para novos feirantes na Feira do Teatro seguem abertas at\u00e9 o dia 22 de janeiro - Jornal","og_description":"Inscri\u00e7\u00f5es para novos feirantes na Feira do Teatro seguem abertas at\u00e9 o dia 22 de janeiro","og_url":"https:\/\/jornalboasnoticias.com.br\/home\/inscricoes-para-novos-feirantes-na-feira-do-teatro-seguem-abertas-ate-o-dia-22-de-janeiro\/","og_site_name":"Jornal","article_publisher":"https:\/\/www.facebook.com\/boasnoticiasjornal","article_published_time":"2024-01-12T13:01:35+00:00","og_image":[{"width":800,"height":533,"url":"https:\/\/jornalboasnoticias.com.br\/home\/wp-content\/uploads\/2024\/01\/feira-do-teatro-e1704306295301.jpeg","type":"image\/jpeg"}],"author":"Maria Bonatto","twitter_card":"summary_large_image","twitter_misc":{"Escrito por":"Maria Bonatto","Est. tempo de leitura":"2 minutos"},"schema":{"@context":"https:\/\/schema.org","@graph":[{"@type":"Article","@id":"https:\/\/jornalboasnoticias.com.br\/home\/inscricoes-para-novos-feirantes-na-feira-do-teatro-seguem-abertas-ate-o-dia-22-de-janeiro\/#article","isPartOf":{"@id":"https:\/\/jornalboasnoticias.com.br\/home\/inscricoes-para-novos-feirantes-na-feira-do-teatro-seguem-abertas-ate-o-dia-22-de-janeiro\/"},"author":{"name":"Maria Bonatto","@id":"https:\/\/jornalboasnoticias.com.br\/home\/#\/schema\/person\/71a4be4d1685617d6d00f15f0f2952ee"},"headline":"Inscri\u00e7\u00f5es para novos feirantes na Feira do Teatro seguem abertas at\u00e9 o dia 22 de janeiro","datePublished":"2024-01-12T13:01:35+00:00","mainEntityOfPage":{"@id":"https:\/\/jornalboasnoticias.com.br\/home\/inscricoes-para-novos-feirantes-na-feira-do-teatro-seguem-abertas-ate-o-dia-22-de-janeiro\/"},"wordCount":414,"commentCount":0,"publisher":{"@id":"https:\/\/jornalboasnoticias.com.br\/home\/#organization"},"image":{"@id":"https:\/\/jornalboasnoticias.com.br\/home\/inscricoes-para-novos-feirantes-na-feira-do-teatro-seguem-abertas-ate-o-dia-22-de-janeiro\/#primaryimage"},"thumbnailUrl":"https:\/\/jornalboasnoticias.com.br\/home\/wp-content\/uploads\/2024\/01\/feira-do-teatro-e1704306295301.jpeg","articleSection":["CASCAVEL"],"inLanguage":"pt-BR","potentialAction":[{"@type":"CommentAction","name":"Comment","target":["https:\/\/jornalboasnoticias.com.br\/home\/inscricoes-para-novos-feirantes-na-feira-do-teatro-seguem-abertas-ate-o-dia-22-de-janeiro\/#respond"]}]},{"@type":"WebPage","@id":"https:\/\/jornalboasnoticias.com.br\/home\/inscricoes-para-novos-feirantes-na-feira-do-teatro-seguem-abertas-ate-o-dia-22-de-janeiro\/","url":"https:\/\/jornalboasnoticias.com.br\/home\/inscricoes-para-novos-feirantes-na-feira-do-teatro-seguem-abertas-ate-o-dia-22-de-janeiro\/","name":"Inscri\u00e7\u00f5es para novos feirantes na Feira do Teatro seguem abertas at\u00e9 o dia 22 de janeiro - Jornal","isPartOf":{"@id":"https:\/\/jornalboasnoticias.com.br\/home\/#website"},"primaryImageOfPage":{"@id":"https:\/\/jornalboasnoticias.com.br\/home\/inscricoes-para-novos-feirantes-na-feira-do-teatro-seguem-abertas-ate-o-dia-22-de-janeiro\/#primaryimage"},"image":{"@id":"https:\/\/jornalboasnoticias.com.br\/home\/inscricoes-para-novos-feirantes-na-feira-do-teatro-seguem-abertas-ate-o-dia-22-de-janeiro\/#primaryimage"},"thumbnailUrl":"https:\/\/jornalboasnoticias.com.br\/home\/wp-content\/uploads\/2024\/01\/feira-do-teatro-e1704306295301.jpeg","datePublished":"2024-01-12T13:01:35+00:00","description":"Inscri\u00e7\u00f5es para novos feirantes na Feira do Teatro seguem abertas at\u00e9 o dia 22 de janeiro","breadcrumb":{"@id":"https:\/\/jornalboasnoticias.com.br\/home\/inscricoes-para-novos-feirantes-na-feira-do-teatro-seguem-abertas-ate-o-dia-22-de-janeiro\/#breadcrumb"},"inLanguage":"pt-BR","potentialAction":[{"@type":"ReadAction","target":["https:\/\/jornalboasnoticias.com.br\/home\/inscricoes-para-novos-feirantes-na-feira-do-teatro-seguem-abertas-ate-o-dia-22-de-janeiro\/"]}]},{"@type":"ImageObject","inLanguage":"pt-BR","@id":"https:\/\/jornalboasnoticias.com.br\/home\/inscricoes-para-novos-feirantes-na-feira-do-teatro-seguem-abertas-ate-o-dia-22-de-janeiro\/#primaryimage","url":"https:\/\/jornalboasnoticias.com.br\/home\/wp-content\/uploads\/2024\/01\/feira-do-teatro-e1704306295301.jpeg","contentUrl":"https:\/\/jornalboasnoticias.com.br\/home\/wp-content\/uploads\/2024\/01\/feira-do-teatro-e1704306295301.jpeg","width":800,"height":533,"caption":"Divulga\u00e7\u00e3o"},{"@type":"BreadcrumbList","@id":"https:\/\/jornalboasnoticias.com.br\/home\/inscricoes-para-novos-feirantes-na-feira-do-teatro-seguem-abertas-ate-o-dia-22-de-janeiro\/#breadcrumb","itemListElement":[{"@type":"ListItem","position":1,"name":"In\u00edcio","item":"https:\/\/jornalboasnoticias.com.br\/home\/"},{"@type":"ListItem","position":2,"name":"Inscri\u00e7\u00f5es para novos feirantes na Feira do Teatro seguem abertas at\u00e9 o dia 22 de janeiro"}]},{"@type":"WebSite","@id":"https:\/\/jornalboasnoticias.com.br\/home\/#website","url":"https:\/\/jornalboasnoticias.com.br\/home\/","name":"Jornal Boas Not\u00edcias","description":"Boas not\u00edcias","publisher":{"@id":"https:\/\/jornalboasnoticias.com.br\/home\/#organization"},"potentialAction":[{"@type":"SearchAction","target":{"@type":"EntryPoint","urlTemplate":"https:\/\/jornalboasnoticias.com.br\/home\/?s={search_term_string}"},"query-input":{"@type":"PropertyValueSpecification","valueRequired":true,"valueName":"search_term_string"}}],"inLanguage":"pt-BR"},{"@type":"Organization","@id":"https:\/\/jornalboasnoticias.com.br\/home\/#organization","name":"Coq Editora Ltda","alternateName":"Jornal Boas Noticias","url":"https:\/\/jornalboasnoticias.com.br\/home\/","logo":{"@type":"ImageObject","inLanguage":"pt-BR","@id":"https:\/\/jornalboasnoticias.com.br\/home\/#\/schema\/logo\/image\/","url":"https:\/\/jornalboasnoticias.com.br\/home\/wp-content\/uploads\/2024\/07\/cropped-logo.jpg","contentUrl":"https:\/\/jornalboasnoticias.com.br\/home\/wp-content\/uploads\/2024\/07\/cropped-logo.jpg","width":290,"height":142,"caption":"Coq Editora Ltda"},"image":{"@id":"https:\/\/jornalboasnoticias.com.br\/home\/#\/schema\/logo\/image\/"},"sameAs":["https:\/\/www.facebook.com\/boasnoticiasjornal"]},{"@type":"Person","@id":"https:\/\/jornalboasnoticias.com.br\/home\/#\/schema\/person\/71a4be4d1685617d6d00f15f0f2952ee","name":"Maria Bonatto","image":{"@type":"ImageObject","inLanguage":"pt-BR","@id":"https:\/\/secure.gravatar.com\/avatar\/61bdbd92f7d53dd2fedfe556279602d97507ae906fdeb9624602488dcdcd042f?s=96&d=mm&r=g","url":"https:\/\/secure.gravatar.com\/avatar\/61bdbd92f7d53dd2fedfe556279602d97507ae906fdeb9624602488dcdcd042f?s=96&d=mm&r=g","contentUrl":"https:\/\/secure.gravatar.com\/avatar\/61bdbd92f7d53dd2fedfe556279602d97507ae906fdeb9624602488dcdcd042f?s=96&d=mm&r=g","caption":"Maria Bonatto"},"url":"https:\/\/jornalboasnoticias.com.br\/home\/author\/ana-bonatto\/"}]}},"_links":{"self":[{"href":"https:\/\/jornalboasnoticias.com.br\/home\/wp-json\/wp\/v2\/posts\/42563","targetHints":{"allow":["GET"]}}],"collection":[{"href":"https:\/\/jornalboasnoticias.com.br\/home\/wp-json\/wp\/v2\/posts"}],"about":[{"href":"https:\/\/jornalboasnoticias.com.br\/home\/wp-json\/wp\/v2\/types\/post"}],"author":[{"embeddable":true,"href":"https:\/\/jornalboasnoticias.com.br\/home\/wp-json\/wp\/v2\/users\/2"}],"replies":[{"embeddable":true,"href":"https:\/\/jornalboasnoticias.com.br\/home\/wp-json\/wp\/v2\/comments?post=42563"}],"version-history":[{"count":0,"href":"https:\/\/jornalboasnoticias.com.br\/home\/wp-json\/wp\/v2\/posts\/42563\/revisions"}],"wp:featuredmedia":[{"embeddable":true,"href":"https:\/\/jornalboasnoticias.com.br\/home\/wp-json\/wp\/v2\/media\/42384"}],"wp:attachment":[{"href":"https:\/\/jornalboasnoticias.com.br\/home\/wp-json\/wp\/v2\/media?parent=42563"}],"wp:term":[{"taxonomy":"category","embeddable":true,"href":"https:\/\/jornalboasnoticias.com.br\/home\/wp-json\/wp\/v2\/categories?post=42563"},{"taxonomy":"post_tag","embeddable":true,"href":"https:\/\/jornalboasnoticias.com.br\/home\/wp-json\/wp\/v2\/tags?post=42563"}],"curies":[{"name":"wp","href":"https:\/\/api.w.org\/{rel}","templated":true}]}}