{"id":42545,"date":"2024-01-11T13:52:09","date_gmt":"2024-01-11T16:52:09","guid":{"rendered":"https:\/\/www.jornalboasnoticias.com.br\/?p=42545"},"modified":"2024-01-11T13:52:09","modified_gmt":"2024-01-11T16:52:09","slug":"com-medio-risco-de-infestacao-de-dengue-secretaria-de-saude-reforca-alerta-sobre-cuidados-para-eliminar-mosquito","status":"publish","type":"post","link":"https:\/\/jornalboasnoticias.com.br\/home\/com-medio-risco-de-infestacao-de-dengue-secretaria-de-saude-reforca-alerta-sobre-cuidados-para-eliminar-mosquito\/","title":{"rendered":"Com m\u00e9dio risco de infesta\u00e7\u00e3o de dengue, Secretaria de Sa\u00fade refor\u00e7a alerta sobre cuidados para eliminar mosquito"},"content":{"rendered":"<blockquote>\n<p style=\"text-align: center;\">Esmeralda, Siena, Santos Dumont, Guaruj\u00e1, Quebec, XIV de Novembro, Vila Dione Pioneiros Catarinenses foram os regi\u00f5es com \u00edndices mais alarmantes<\/p>\n<\/blockquote>\n<figure id=\"attachment_42546\" aria-describedby=\"caption-attachment-42546\" style=\"width: 548px\" class=\"wp-caption aligncenter\"><img loading=\"lazy\" decoding=\"async\" class=\"size-medium wp-image-42546\" src=\"https:\/\/jornalboasnoticias.com.br\/home\/wp-content\/uploads\/2024\/01\/img_ECA4612F04CD84DE1DB1B600538D2BCF7DF1F279-e1704991908419-548x365.jpeg\" alt=\"\" width=\"548\" height=\"365\" \/><figcaption id=\"caption-attachment-42546\" class=\"wp-caption-text\">Divulga\u00e7\u00e3o<\/figcaption><\/figure>\n<p>A Prefeitura de Cascavel, atrav\u00e9s da Secretaria de Sa\u00fade, realizou de segunda (8) a quarta-feira (10), o 1\u00ba LIRAa de 2024, o Levantamento de \u00cdndice R\u00e1pido e amostral de Aedes Aegypti. Os agentes de Endemias vistoriaram 4.766 im\u00f3veis e os resultado apontou \u00edndice geral de 2,5% de Infesta\u00e7\u00e3o no Munic\u00edpio, o que \u00e9 considerado m\u00e9dio risco. O \u00edndice preconizado pelo Minist\u00e9rio da Sa\u00fade, no entanto, \u00e9 de que fique abaixo de 1% (baixo risco). No mesmo per\u00edodo do ano passado, o LIRAa tinha sido de 2%. Os dados foram apresentados em coletiva de imprensa na manh\u00e3 desta quinta-feira (11).<\/p>\n<p>O \u00edndice de infesta\u00e7\u00e3o de m\u00e9dio risco, associado as condi\u00e7\u00f5es clim\u00e1ticas de muitas chuvas e altas temperaturas, favorecem a prolifera\u00e7\u00e3o do mosquito. Dessa forma, o combate \u00e0 dengue n\u00e3o pode parar. \u00c9 fundamental que a popula\u00e7\u00e3o intensifique os cuidados, sendo necess\u00e1ria a faxina semanal, n\u00e3o deixando locais que possam acumular \u00e1gua.<\/p>\n<p>\u00c9 o momento prop\u00edcio para fazer a limpeza com \u00e1gua e sab\u00e3o de todos os dep\u00f3sitos fixos, bebedouros de animais, vasos plantas, eliminando qualquer ovo ali depositado. \u00c9 recomendado tamb\u00e9m realizar o descarte adequado de todos os lixos org\u00e2nicos e recicl\u00e1veis, evitando que se tornem poss\u00edveis focos do mosquito transmissor da dengue.<\/p>\n<p>O secret\u00e1rio de Sa\u00fade, doutor Miroslau Bailak, destaca que a for\u00e7a coletiva \u00e9 a principal arma na guerra contra o mosquito. \u201cN\u00f3s precisamos da sua ajuda. Precisamos insistir nas a\u00e7\u00f5es. J\u00e1 chegamos a ter 13 mil casos na cidade em edi\u00e7\u00f5es anteriores, mas dependemos de voc\u00eas para n\u00e3o repetir. A gest\u00e3o est\u00e1 fazendo as a\u00e7\u00f5es com agentes de Endemias com esfor\u00e7o total e a imprensa tamb\u00e9m. Mas, pe\u00e7o ao cidad\u00e3o, que fa\u00e7a sua parte semanalmente, converse com seus vizinhos para que eles tamb\u00e9m fa\u00e7am isso, para evitar de termos uma epidemia; Vamos continuar fazendo de Cascavel uma ilha de prote\u00e7\u00e3o \u00e0 dengue\u201d, pontua.<\/p>\n<p>Embora o \u00edndice geral tenha ficado 2,5%, algumas localidades desperta um alerta com \u00edndice acima da m\u00e9dia geral. A Vigil\u00e2ncia em Sa\u00fade Ambiental, por meio do Setor de Endemias, j\u00e1 planeja a\u00e7\u00f5es pontuais.<\/p>\n<p>Conforme o LIRAa, a preval\u00eancia do mosquito, com mais de 47%, foi em vasos e pratos, frascos com plantas e bebedouros de animais. Por isso, o alerta \u00e9 para o cidad\u00e3o fazer a limpeza desses espa\u00e7os.<\/p>\n<p>Estratos com maiores \u00edndices<br \/>\n\u2013 Estrato 7 \u00edndice de 6,2% &#8211; Localidades: Esmeralda, Siena, Santos Dumont, Aeroporto, Guaruj\u00e1, Quebec, XIV de Novembro, Vila Dione, Pioneiros Catarinenses.<\/p>\n<p>\u2013 Estrato 6 \u00edndice de 4,4% &#8211; Localidades: Palmeiras I, Alto Alegre, Santo Onofre, Santa Cruz I e II, Paulo Godoy, Angra dos Reis.<br \/>\n&#8211; Estrato 4 \u00edndice de 2,8% &#8211; Localidades: Country I e II, Canad\u00e1, \u00a0Novo Mil\u00eanio, Claudete, Cancelli I e II,Gramado , S\u00e3o Cristov\u00e3o I e II, Primavera.<\/p>\n<p>&#8211; Estrato 11 \u00edndice de 2,8% &#8211; Localidades: Pacaembu, Cascavel Velho, Jadim Italia I e II, Veneza, Presidente, Faculdade \u00a0II Aquarela, Veredas, Cajati.<\/p>\n<p>&#8211; Estrato 10 \u00edndice de 2,6% &#8211; Localidades: Padovani, Jardim Uni\u00e3o, Santa Catarina, Faculdade I , Universit\u00e1rio, Turisparque, \u00a0Itapu\u00e3, Santa Felicidade.<\/p>\n<p>Conforme \u00faltimo Informe de Arboviroses do Munic\u00edpio de Cascavel, j\u00e1 foram registradas 1562 notifica\u00e7\u00f5es e 25 casos positivos no ano epidemiol\u00f3gico 2023\/2024 (30\/07\/23 \u00e0 06\/01\/24);<\/p>\n<p>\u201cO combate \u00e0 Dengue \u00e9 dever de todos\u201d, e a responsabilidade nos cuidados deve ser compartilhado entre a comunidade e o setor p\u00fablico.<\/p>\n<p>(Secom)<\/p>\n","protected":false},"excerpt":{"rendered":"<p>Esmeralda, Siena, Santos Dumont, Guaruj\u00e1, Quebec, XIV de Novembro, Vila Dione Pioneiros Catarinenses foram os<\/p>\n","protected":false},"author":2,"featured_media":42546,"comment_status":"open","ping_status":"open","sticky":false,"template":"","format":"standard","meta":{"footnotes":""},"categories":[2],"tags":[],"class_list":["post-42545","post","type-post","status-publish","format-standard","has-post-thumbnail","hentry","category-cascavel"],"yoast_head":"<!-- This site is optimized with the Yoast SEO plugin v27.5 - https:\/\/yoast.com\/product\/yoast-seo-wordpress\/ -->\n<title>Com m\u00e9dio risco de infesta\u00e7\u00e3o de dengue, Secretaria de Sa\u00fade refor\u00e7a alerta sobre cuidados para eliminar mosquito - Jornal<\/title>\n<meta name=\"description\" content=\"Com m\u00e9dio risco de infesta\u00e7\u00e3o de dengue, Secretaria de Sa\u00fade refor\u00e7a alerta sobre cuidados para eliminar mosquito\" \/>\n<meta name=\"robots\" content=\"index, follow, max-snippet:-1, max-image-preview:large, max-video-preview:-1\" \/>\n<link rel=\"canonical\" href=\"https:\/\/jornalboasnoticias.com.br\/home\/com-medio-risco-de-infestacao-de-dengue-secretaria-de-saude-reforca-alerta-sobre-cuidados-para-eliminar-mosquito\/\" \/>\n<meta property=\"og:locale\" content=\"pt_BR\" \/>\n<meta property=\"og:type\" content=\"article\" \/>\n<meta property=\"og:title\" content=\"Com m\u00e9dio risco de infesta\u00e7\u00e3o de dengue, Secretaria de Sa\u00fade refor\u00e7a alerta sobre cuidados para eliminar mosquito - Jornal\" \/>\n<meta property=\"og:description\" content=\"Com m\u00e9dio risco de infesta\u00e7\u00e3o de dengue, Secretaria de Sa\u00fade refor\u00e7a alerta sobre cuidados para eliminar mosquito\" \/>\n<meta property=\"og:url\" content=\"https:\/\/jornalboasnoticias.com.br\/home\/com-medio-risco-de-infestacao-de-dengue-secretaria-de-saude-reforca-alerta-sobre-cuidados-para-eliminar-mosquito\/\" \/>\n<meta property=\"og:site_name\" content=\"Jornal\" \/>\n<meta property=\"article:publisher\" content=\"https:\/\/www.facebook.com\/boasnoticiasjornal\" \/>\n<meta property=\"article:published_time\" content=\"2024-01-11T16:52:09+00:00\" \/>\n<meta property=\"og:image\" content=\"https:\/\/jornalboasnoticias.com.br\/home\/wp-content\/uploads\/2024\/01\/img_ECA4612F04CD84DE1DB1B600538D2BCF7DF1F279-e1704991908419.jpeg\" \/>\n\t<meta property=\"og:image:width\" content=\"800\" \/>\n\t<meta property=\"og:image:height\" content=\"533\" \/>\n\t<meta property=\"og:image:type\" content=\"image\/jpeg\" \/>\n<meta name=\"author\" content=\"Maria Bonatto\" \/>\n<meta name=\"twitter:card\" content=\"summary_large_image\" \/>\n<meta name=\"twitter:label1\" content=\"Escrito por\" \/>\n\t<meta name=\"twitter:data1\" content=\"Maria Bonatto\" \/>\n\t<meta name=\"twitter:label2\" content=\"Est. tempo de leitura\" \/>\n\t<meta name=\"twitter:data2\" content=\"3 minutos\" \/>\n<script type=\"application\/ld+json\" class=\"yoast-schema-graph\">{\"@context\":\"https:\\\/\\\/schema.org\",\"@graph\":[{\"@type\":\"Article\",\"@id\":\"https:\\\/\\\/jornalboasnoticias.com.br\\\/home\\\/com-medio-risco-de-infestacao-de-dengue-secretaria-de-saude-reforca-alerta-sobre-cuidados-para-eliminar-mosquito\\\/#article\",\"isPartOf\":{\"@id\":\"https:\\\/\\\/jornalboasnoticias.com.br\\\/home\\\/com-medio-risco-de-infestacao-de-dengue-secretaria-de-saude-reforca-alerta-sobre-cuidados-para-eliminar-mosquito\\\/\"},\"author\":{\"name\":\"Maria Bonatto\",\"@id\":\"https:\\\/\\\/jornalboasnoticias.com.br\\\/home\\\/#\\\/schema\\\/person\\\/71a4be4d1685617d6d00f15f0f2952ee\"},\"headline\":\"Com m\u00e9dio risco de infesta\u00e7\u00e3o de dengue, Secretaria de Sa\u00fade refor\u00e7a alerta sobre cuidados para eliminar mosquito\",\"datePublished\":\"2024-01-11T16:52:09+00:00\",\"mainEntityOfPage\":{\"@id\":\"https:\\\/\\\/jornalboasnoticias.com.br\\\/home\\\/com-medio-risco-de-infestacao-de-dengue-secretaria-de-saude-reforca-alerta-sobre-cuidados-para-eliminar-mosquito\\\/\"},\"wordCount\":613,\"commentCount\":0,\"publisher\":{\"@id\":\"https:\\\/\\\/jornalboasnoticias.com.br\\\/home\\\/#organization\"},\"image\":{\"@id\":\"https:\\\/\\\/jornalboasnoticias.com.br\\\/home\\\/com-medio-risco-de-infestacao-de-dengue-secretaria-de-saude-reforca-alerta-sobre-cuidados-para-eliminar-mosquito\\\/#primaryimage\"},\"thumbnailUrl\":\"https:\\\/\\\/jornalboasnoticias.com.br\\\/home\\\/wp-content\\\/uploads\\\/2024\\\/01\\\/img_ECA4612F04CD84DE1DB1B600538D2BCF7DF1F279-e1704991908419.jpeg\",\"articleSection\":[\"CASCAVEL\"],\"inLanguage\":\"pt-BR\",\"potentialAction\":[{\"@type\":\"CommentAction\",\"name\":\"Comment\",\"target\":[\"https:\\\/\\\/jornalboasnoticias.com.br\\\/home\\\/com-medio-risco-de-infestacao-de-dengue-secretaria-de-saude-reforca-alerta-sobre-cuidados-para-eliminar-mosquito\\\/#respond\"]}]},{\"@type\":\"WebPage\",\"@id\":\"https:\\\/\\\/jornalboasnoticias.com.br\\\/home\\\/com-medio-risco-de-infestacao-de-dengue-secretaria-de-saude-reforca-alerta-sobre-cuidados-para-eliminar-mosquito\\\/\",\"url\":\"https:\\\/\\\/jornalboasnoticias.com.br\\\/home\\\/com-medio-risco-de-infestacao-de-dengue-secretaria-de-saude-reforca-alerta-sobre-cuidados-para-eliminar-mosquito\\\/\",\"name\":\"Com m\u00e9dio risco de infesta\u00e7\u00e3o de dengue, Secretaria de Sa\u00fade refor\u00e7a alerta sobre cuidados para eliminar mosquito - Jornal\",\"isPartOf\":{\"@id\":\"https:\\\/\\\/jornalboasnoticias.com.br\\\/home\\\/#website\"},\"primaryImageOfPage\":{\"@id\":\"https:\\\/\\\/jornalboasnoticias.com.br\\\/home\\\/com-medio-risco-de-infestacao-de-dengue-secretaria-de-saude-reforca-alerta-sobre-cuidados-para-eliminar-mosquito\\\/#primaryimage\"},\"image\":{\"@id\":\"https:\\\/\\\/jornalboasnoticias.com.br\\\/home\\\/com-medio-risco-de-infestacao-de-dengue-secretaria-de-saude-reforca-alerta-sobre-cuidados-para-eliminar-mosquito\\\/#primaryimage\"},\"thumbnailUrl\":\"https:\\\/\\\/jornalboasnoticias.com.br\\\/home\\\/wp-content\\\/uploads\\\/2024\\\/01\\\/img_ECA4612F04CD84DE1DB1B600538D2BCF7DF1F279-e1704991908419.jpeg\",\"datePublished\":\"2024-01-11T16:52:09+00:00\",\"description\":\"Com m\u00e9dio risco de infesta\u00e7\u00e3o de dengue, Secretaria de Sa\u00fade refor\u00e7a alerta sobre cuidados para eliminar mosquito\",\"breadcrumb\":{\"@id\":\"https:\\\/\\\/jornalboasnoticias.com.br\\\/home\\\/com-medio-risco-de-infestacao-de-dengue-secretaria-de-saude-reforca-alerta-sobre-cuidados-para-eliminar-mosquito\\\/#breadcrumb\"},\"inLanguage\":\"pt-BR\",\"potentialAction\":[{\"@type\":\"ReadAction\",\"target\":[\"https:\\\/\\\/jornalboasnoticias.com.br\\\/home\\\/com-medio-risco-de-infestacao-de-dengue-secretaria-de-saude-reforca-alerta-sobre-cuidados-para-eliminar-mosquito\\\/\"]}]},{\"@type\":\"ImageObject\",\"inLanguage\":\"pt-BR\",\"@id\":\"https:\\\/\\\/jornalboasnoticias.com.br\\\/home\\\/com-medio-risco-de-infestacao-de-dengue-secretaria-de-saude-reforca-alerta-sobre-cuidados-para-eliminar-mosquito\\\/#primaryimage\",\"url\":\"https:\\\/\\\/jornalboasnoticias.com.br\\\/home\\\/wp-content\\\/uploads\\\/2024\\\/01\\\/img_ECA4612F04CD84DE1DB1B600538D2BCF7DF1F279-e1704991908419.jpeg\",\"contentUrl\":\"https:\\\/\\\/jornalboasnoticias.com.br\\\/home\\\/wp-content\\\/uploads\\\/2024\\\/01\\\/img_ECA4612F04CD84DE1DB1B600538D2BCF7DF1F279-e1704991908419.jpeg\",\"width\":800,\"height\":533,\"caption\":\"Divulga\u00e7\u00e3o\"},{\"@type\":\"BreadcrumbList\",\"@id\":\"https:\\\/\\\/jornalboasnoticias.com.br\\\/home\\\/com-medio-risco-de-infestacao-de-dengue-secretaria-de-saude-reforca-alerta-sobre-cuidados-para-eliminar-mosquito\\\/#breadcrumb\",\"itemListElement\":[{\"@type\":\"ListItem\",\"position\":1,\"name\":\"In\u00edcio\",\"item\":\"https:\\\/\\\/jornalboasnoticias.com.br\\\/home\\\/\"},{\"@type\":\"ListItem\",\"position\":2,\"name\":\"Com m\u00e9dio risco de infesta\u00e7\u00e3o de dengue, Secretaria de Sa\u00fade refor\u00e7a alerta sobre cuidados para eliminar mosquito\"}]},{\"@type\":\"WebSite\",\"@id\":\"https:\\\/\\\/jornalboasnoticias.com.br\\\/home\\\/#website\",\"url\":\"https:\\\/\\\/jornalboasnoticias.com.br\\\/home\\\/\",\"name\":\"Jornal Boas Not\u00edcias\",\"description\":\"Boas not\u00edcias\",\"publisher\":{\"@id\":\"https:\\\/\\\/jornalboasnoticias.com.br\\\/home\\\/#organization\"},\"potentialAction\":[{\"@type\":\"SearchAction\",\"target\":{\"@type\":\"EntryPoint\",\"urlTemplate\":\"https:\\\/\\\/jornalboasnoticias.com.br\\\/home\\\/?s={search_term_string}\"},\"query-input\":{\"@type\":\"PropertyValueSpecification\",\"valueRequired\":true,\"valueName\":\"search_term_string\"}}],\"inLanguage\":\"pt-BR\"},{\"@type\":\"Organization\",\"@id\":\"https:\\\/\\\/jornalboasnoticias.com.br\\\/home\\\/#organization\",\"name\":\"Coq Editora Ltda\",\"alternateName\":\"Jornal Boas Noticias\",\"url\":\"https:\\\/\\\/jornalboasnoticias.com.br\\\/home\\\/\",\"logo\":{\"@type\":\"ImageObject\",\"inLanguage\":\"pt-BR\",\"@id\":\"https:\\\/\\\/jornalboasnoticias.com.br\\\/home\\\/#\\\/schema\\\/logo\\\/image\\\/\",\"url\":\"https:\\\/\\\/jornalboasnoticias.com.br\\\/home\\\/wp-content\\\/uploads\\\/2024\\\/07\\\/cropped-logo.jpg\",\"contentUrl\":\"https:\\\/\\\/jornalboasnoticias.com.br\\\/home\\\/wp-content\\\/uploads\\\/2024\\\/07\\\/cropped-logo.jpg\",\"width\":290,\"height\":142,\"caption\":\"Coq Editora Ltda\"},\"image\":{\"@id\":\"https:\\\/\\\/jornalboasnoticias.com.br\\\/home\\\/#\\\/schema\\\/logo\\\/image\\\/\"},\"sameAs\":[\"https:\\\/\\\/www.facebook.com\\\/boasnoticiasjornal\"]},{\"@type\":\"Person\",\"@id\":\"https:\\\/\\\/jornalboasnoticias.com.br\\\/home\\\/#\\\/schema\\\/person\\\/71a4be4d1685617d6d00f15f0f2952ee\",\"name\":\"Maria Bonatto\",\"image\":{\"@type\":\"ImageObject\",\"inLanguage\":\"pt-BR\",\"@id\":\"https:\\\/\\\/secure.gravatar.com\\\/avatar\\\/61bdbd92f7d53dd2fedfe556279602d97507ae906fdeb9624602488dcdcd042f?s=96&d=mm&r=g\",\"url\":\"https:\\\/\\\/secure.gravatar.com\\\/avatar\\\/61bdbd92f7d53dd2fedfe556279602d97507ae906fdeb9624602488dcdcd042f?s=96&d=mm&r=g\",\"contentUrl\":\"https:\\\/\\\/secure.gravatar.com\\\/avatar\\\/61bdbd92f7d53dd2fedfe556279602d97507ae906fdeb9624602488dcdcd042f?s=96&d=mm&r=g\",\"caption\":\"Maria Bonatto\"},\"url\":\"https:\\\/\\\/jornalboasnoticias.com.br\\\/home\\\/author\\\/ana-bonatto\\\/\"}]}<\/script>\n<!-- \/ Yoast SEO plugin. -->","yoast_head_json":{"title":"Com m\u00e9dio risco de infesta\u00e7\u00e3o de dengue, Secretaria de Sa\u00fade refor\u00e7a alerta sobre cuidados para eliminar mosquito - Jornal","description":"Com m\u00e9dio risco de infesta\u00e7\u00e3o de dengue, Secretaria de Sa\u00fade refor\u00e7a alerta sobre cuidados para eliminar mosquito","robots":{"index":"index","follow":"follow","max-snippet":"max-snippet:-1","max-image-preview":"max-image-preview:large","max-video-preview":"max-video-preview:-1"},"canonical":"https:\/\/jornalboasnoticias.com.br\/home\/com-medio-risco-de-infestacao-de-dengue-secretaria-de-saude-reforca-alerta-sobre-cuidados-para-eliminar-mosquito\/","og_locale":"pt_BR","og_type":"article","og_title":"Com m\u00e9dio risco de infesta\u00e7\u00e3o de dengue, Secretaria de Sa\u00fade refor\u00e7a alerta sobre cuidados para eliminar mosquito - Jornal","og_description":"Com m\u00e9dio risco de infesta\u00e7\u00e3o de dengue, Secretaria de Sa\u00fade refor\u00e7a alerta sobre cuidados para eliminar mosquito","og_url":"https:\/\/jornalboasnoticias.com.br\/home\/com-medio-risco-de-infestacao-de-dengue-secretaria-de-saude-reforca-alerta-sobre-cuidados-para-eliminar-mosquito\/","og_site_name":"Jornal","article_publisher":"https:\/\/www.facebook.com\/boasnoticiasjornal","article_published_time":"2024-01-11T16:52:09+00:00","og_image":[{"width":800,"height":533,"url":"https:\/\/jornalboasnoticias.com.br\/home\/wp-content\/uploads\/2024\/01\/img_ECA4612F04CD84DE1DB1B600538D2BCF7DF1F279-e1704991908419.jpeg","type":"image\/jpeg"}],"author":"Maria Bonatto","twitter_card":"summary_large_image","twitter_misc":{"Escrito por":"Maria Bonatto","Est. tempo de leitura":"3 minutos"},"schema":{"@context":"https:\/\/schema.org","@graph":[{"@type":"Article","@id":"https:\/\/jornalboasnoticias.com.br\/home\/com-medio-risco-de-infestacao-de-dengue-secretaria-de-saude-reforca-alerta-sobre-cuidados-para-eliminar-mosquito\/#article","isPartOf":{"@id":"https:\/\/jornalboasnoticias.com.br\/home\/com-medio-risco-de-infestacao-de-dengue-secretaria-de-saude-reforca-alerta-sobre-cuidados-para-eliminar-mosquito\/"},"author":{"name":"Maria Bonatto","@id":"https:\/\/jornalboasnoticias.com.br\/home\/#\/schema\/person\/71a4be4d1685617d6d00f15f0f2952ee"},"headline":"Com m\u00e9dio risco de infesta\u00e7\u00e3o de dengue, Secretaria de Sa\u00fade refor\u00e7a alerta sobre cuidados para eliminar mosquito","datePublished":"2024-01-11T16:52:09+00:00","mainEntityOfPage":{"@id":"https:\/\/jornalboasnoticias.com.br\/home\/com-medio-risco-de-infestacao-de-dengue-secretaria-de-saude-reforca-alerta-sobre-cuidados-para-eliminar-mosquito\/"},"wordCount":613,"commentCount":0,"publisher":{"@id":"https:\/\/jornalboasnoticias.com.br\/home\/#organization"},"image":{"@id":"https:\/\/jornalboasnoticias.com.br\/home\/com-medio-risco-de-infestacao-de-dengue-secretaria-de-saude-reforca-alerta-sobre-cuidados-para-eliminar-mosquito\/#primaryimage"},"thumbnailUrl":"https:\/\/jornalboasnoticias.com.br\/home\/wp-content\/uploads\/2024\/01\/img_ECA4612F04CD84DE1DB1B600538D2BCF7DF1F279-e1704991908419.jpeg","articleSection":["CASCAVEL"],"inLanguage":"pt-BR","potentialAction":[{"@type":"CommentAction","name":"Comment","target":["https:\/\/jornalboasnoticias.com.br\/home\/com-medio-risco-de-infestacao-de-dengue-secretaria-de-saude-reforca-alerta-sobre-cuidados-para-eliminar-mosquito\/#respond"]}]},{"@type":"WebPage","@id":"https:\/\/jornalboasnoticias.com.br\/home\/com-medio-risco-de-infestacao-de-dengue-secretaria-de-saude-reforca-alerta-sobre-cuidados-para-eliminar-mosquito\/","url":"https:\/\/jornalboasnoticias.com.br\/home\/com-medio-risco-de-infestacao-de-dengue-secretaria-de-saude-reforca-alerta-sobre-cuidados-para-eliminar-mosquito\/","name":"Com m\u00e9dio risco de infesta\u00e7\u00e3o de dengue, Secretaria de Sa\u00fade refor\u00e7a alerta sobre cuidados para eliminar mosquito - Jornal","isPartOf":{"@id":"https:\/\/jornalboasnoticias.com.br\/home\/#website"},"primaryImageOfPage":{"@id":"https:\/\/jornalboasnoticias.com.br\/home\/com-medio-risco-de-infestacao-de-dengue-secretaria-de-saude-reforca-alerta-sobre-cuidados-para-eliminar-mosquito\/#primaryimage"},"image":{"@id":"https:\/\/jornalboasnoticias.com.br\/home\/com-medio-risco-de-infestacao-de-dengue-secretaria-de-saude-reforca-alerta-sobre-cuidados-para-eliminar-mosquito\/#primaryimage"},"thumbnailUrl":"https:\/\/jornalboasnoticias.com.br\/home\/wp-content\/uploads\/2024\/01\/img_ECA4612F04CD84DE1DB1B600538D2BCF7DF1F279-e1704991908419.jpeg","datePublished":"2024-01-11T16:52:09+00:00","description":"Com m\u00e9dio risco de infesta\u00e7\u00e3o de dengue, Secretaria de Sa\u00fade refor\u00e7a alerta sobre cuidados para eliminar mosquito","breadcrumb":{"@id":"https:\/\/jornalboasnoticias.com.br\/home\/com-medio-risco-de-infestacao-de-dengue-secretaria-de-saude-reforca-alerta-sobre-cuidados-para-eliminar-mosquito\/#breadcrumb"},"inLanguage":"pt-BR","potentialAction":[{"@type":"ReadAction","target":["https:\/\/jornalboasnoticias.com.br\/home\/com-medio-risco-de-infestacao-de-dengue-secretaria-de-saude-reforca-alerta-sobre-cuidados-para-eliminar-mosquito\/"]}]},{"@type":"ImageObject","inLanguage":"pt-BR","@id":"https:\/\/jornalboasnoticias.com.br\/home\/com-medio-risco-de-infestacao-de-dengue-secretaria-de-saude-reforca-alerta-sobre-cuidados-para-eliminar-mosquito\/#primaryimage","url":"https:\/\/jornalboasnoticias.com.br\/home\/wp-content\/uploads\/2024\/01\/img_ECA4612F04CD84DE1DB1B600538D2BCF7DF1F279-e1704991908419.jpeg","contentUrl":"https:\/\/jornalboasnoticias.com.br\/home\/wp-content\/uploads\/2024\/01\/img_ECA4612F04CD84DE1DB1B600538D2BCF7DF1F279-e1704991908419.jpeg","width":800,"height":533,"caption":"Divulga\u00e7\u00e3o"},{"@type":"BreadcrumbList","@id":"https:\/\/jornalboasnoticias.com.br\/home\/com-medio-risco-de-infestacao-de-dengue-secretaria-de-saude-reforca-alerta-sobre-cuidados-para-eliminar-mosquito\/#breadcrumb","itemListElement":[{"@type":"ListItem","position":1,"name":"In\u00edcio","item":"https:\/\/jornalboasnoticias.com.br\/home\/"},{"@type":"ListItem","position":2,"name":"Com m\u00e9dio risco de infesta\u00e7\u00e3o de dengue, Secretaria de Sa\u00fade refor\u00e7a alerta sobre cuidados para eliminar mosquito"}]},{"@type":"WebSite","@id":"https:\/\/jornalboasnoticias.com.br\/home\/#website","url":"https:\/\/jornalboasnoticias.com.br\/home\/","name":"Jornal Boas Not\u00edcias","description":"Boas not\u00edcias","publisher":{"@id":"https:\/\/jornalboasnoticias.com.br\/home\/#organization"},"potentialAction":[{"@type":"SearchAction","target":{"@type":"EntryPoint","urlTemplate":"https:\/\/jornalboasnoticias.com.br\/home\/?s={search_term_string}"},"query-input":{"@type":"PropertyValueSpecification","valueRequired":true,"valueName":"search_term_string"}}],"inLanguage":"pt-BR"},{"@type":"Organization","@id":"https:\/\/jornalboasnoticias.com.br\/home\/#organization","name":"Coq Editora Ltda","alternateName":"Jornal Boas Noticias","url":"https:\/\/jornalboasnoticias.com.br\/home\/","logo":{"@type":"ImageObject","inLanguage":"pt-BR","@id":"https:\/\/jornalboasnoticias.com.br\/home\/#\/schema\/logo\/image\/","url":"https:\/\/jornalboasnoticias.com.br\/home\/wp-content\/uploads\/2024\/07\/cropped-logo.jpg","contentUrl":"https:\/\/jornalboasnoticias.com.br\/home\/wp-content\/uploads\/2024\/07\/cropped-logo.jpg","width":290,"height":142,"caption":"Coq Editora Ltda"},"image":{"@id":"https:\/\/jornalboasnoticias.com.br\/home\/#\/schema\/logo\/image\/"},"sameAs":["https:\/\/www.facebook.com\/boasnoticiasjornal"]},{"@type":"Person","@id":"https:\/\/jornalboasnoticias.com.br\/home\/#\/schema\/person\/71a4be4d1685617d6d00f15f0f2952ee","name":"Maria Bonatto","image":{"@type":"ImageObject","inLanguage":"pt-BR","@id":"https:\/\/secure.gravatar.com\/avatar\/61bdbd92f7d53dd2fedfe556279602d97507ae906fdeb9624602488dcdcd042f?s=96&d=mm&r=g","url":"https:\/\/secure.gravatar.com\/avatar\/61bdbd92f7d53dd2fedfe556279602d97507ae906fdeb9624602488dcdcd042f?s=96&d=mm&r=g","contentUrl":"https:\/\/secure.gravatar.com\/avatar\/61bdbd92f7d53dd2fedfe556279602d97507ae906fdeb9624602488dcdcd042f?s=96&d=mm&r=g","caption":"Maria Bonatto"},"url":"https:\/\/jornalboasnoticias.com.br\/home\/author\/ana-bonatto\/"}]}},"_links":{"self":[{"href":"https:\/\/jornalboasnoticias.com.br\/home\/wp-json\/wp\/v2\/posts\/42545","targetHints":{"allow":["GET"]}}],"collection":[{"href":"https:\/\/jornalboasnoticias.com.br\/home\/wp-json\/wp\/v2\/posts"}],"about":[{"href":"https:\/\/jornalboasnoticias.com.br\/home\/wp-json\/wp\/v2\/types\/post"}],"author":[{"embeddable":true,"href":"https:\/\/jornalboasnoticias.com.br\/home\/wp-json\/wp\/v2\/users\/2"}],"replies":[{"embeddable":true,"href":"https:\/\/jornalboasnoticias.com.br\/home\/wp-json\/wp\/v2\/comments?post=42545"}],"version-history":[{"count":0,"href":"https:\/\/jornalboasnoticias.com.br\/home\/wp-json\/wp\/v2\/posts\/42545\/revisions"}],"wp:featuredmedia":[{"embeddable":true,"href":"https:\/\/jornalboasnoticias.com.br\/home\/wp-json\/wp\/v2\/media\/42546"}],"wp:attachment":[{"href":"https:\/\/jornalboasnoticias.com.br\/home\/wp-json\/wp\/v2\/media?parent=42545"}],"wp:term":[{"taxonomy":"category","embeddable":true,"href":"https:\/\/jornalboasnoticias.com.br\/home\/wp-json\/wp\/v2\/categories?post=42545"},{"taxonomy":"post_tag","embeddable":true,"href":"https:\/\/jornalboasnoticias.com.br\/home\/wp-json\/wp\/v2\/tags?post=42545"}],"curies":[{"name":"wp","href":"https:\/\/api.w.org\/{rel}","templated":true}]}}