{"id":42539,"date":"2024-01-11T13:19:24","date_gmt":"2024-01-11T16:19:24","guid":{"rendered":"https:\/\/www.jornalboasnoticias.com.br\/?p=42539"},"modified":"2024-01-11T13:19:24","modified_gmt":"2024-01-11T16:19:24","slug":"ricardo-lewandowski-e-novo-ministro-da-justica-e-seguranca-publica","status":"publish","type":"post","link":"https:\/\/jornalboasnoticias.com.br\/home\/ricardo-lewandowski-e-novo-ministro-da-justica-e-seguranca-publica\/","title":{"rendered":"Ricardo Lewandowski \u00e9 novo ministro da Justi\u00e7a e Seguran\u00e7a P\u00fablica"},"content":{"rendered":"<blockquote>\n<p style=\"text-align: center;\">An\u00fancio foi feito nesta quinta-feira pelo presidente Lula<\/p>\n<\/blockquote>\n<figure id=\"attachment_42540\" aria-describedby=\"caption-attachment-42540\" style=\"width: 610px\" class=\"wp-caption aligncenter\"><img loading=\"lazy\" decoding=\"async\" class=\"size-medium wp-image-42540\" src=\"https:\/\/jornalboasnoticias.com.br\/home\/wp-content\/uploads\/2024\/01\/lula-dino-lewandowski_mcamgo_abr_11012024-14-e1704989946764-610x365.webp\" alt=\"\" width=\"610\" height=\"365\" \/><figcaption id=\"caption-attachment-42540\" class=\"wp-caption-text\">\u00a9 Marcelo Camargo\/Ag\u00eancia Brasil<\/figcaption><\/figure>\n<p>O ex-ministro do Supremo Tribunal Federal (STF) Ricardo Lewandowski assumir\u00e1 o Minist\u00e9rio da Justi\u00e7a e Seguran\u00e7a P\u00fablica. O an\u00fancio foi feito nesta quinta-feira (11) pelo presidente Luiz In\u00e1cio Lula da Silva em pronunciamento no Pal\u00e1cio do Planalto.<img decoding=\"async\" src=\"https:\/\/agenciabrasil.ebc.com.br\/ebc.png?id=1576142&amp;o=node\" \/><img decoding=\"async\" src=\"https:\/\/agenciabrasil.ebc.com.br\/ebc.gif?id=1576142&amp;o=node\" \/><\/p>\n<p>Lewandowski ocupar\u00e1 a vaga deixada por\u00a0Fl\u00e1vio Dino, indicado de Lula ao STF para o lugar da ex-ministra Rosa Weber, que se aposentou compulsoriamente da Corte, ao completar 75 anos de idade, em outubro do ano passado.<\/p>\n<p>Para Lula, as duas indica\u00e7\u00f5es, uma na Suprema Corte e a outra na pasta da Justi\u00e7a coroam seu primeiro ano de mandato. \u201cHoje \u00e9 um dia muito feliz para mim. Feliz porque eu estou diante de um companheiro [Fl\u00e1vio Dino] que est\u00e1 prestando servi\u00e7o extraordin\u00e1rio ao pa\u00eds, \u00e0 Justi\u00e7a brasileira, e que, acertadament,e o Congresso homologou para que seja a partir de 22 de fevereiro o novo ministro do STF\u201d, disse Lula.<\/p>\n<p>(Ag\u00eancia Brasil)<\/p>\n","protected":false},"excerpt":{"rendered":"<p>An\u00fancio foi feito nesta quinta-feira pelo presidente Lula O ex-ministro do Supremo Tribunal Federal (STF)<\/p>\n","protected":false},"author":2,"featured_media":42540,"comment_status":"open","ping_status":"open","sticky":false,"template":"","format":"standard","meta":{"footnotes":""},"categories":[6,3],"tags":[],"class_list":["post-42539","post","type-post","status-publish","format-standard","has-post-thumbnail","hentry","category-brasil","category-destaques"],"yoast_head":"<!-- This site is optimized with the Yoast SEO plugin v27.5 - https:\/\/yoast.com\/product\/yoast-seo-wordpress\/ -->\n<title>Ricardo Lewandowski \u00e9 novo ministro da Justi\u00e7a e Seguran\u00e7a P\u00fablica - Jornal<\/title>\n<meta name=\"description\" content=\"Ricardo Lewandowski \u00e9 novo ministro da Justi\u00e7a e Seguran\u00e7a P\u00fablica\" \/>\n<meta name=\"robots\" content=\"index, follow, max-snippet:-1, max-image-preview:large, max-video-preview:-1\" \/>\n<link rel=\"canonical\" href=\"https:\/\/jornalboasnoticias.com.br\/home\/ricardo-lewandowski-e-novo-ministro-da-justica-e-seguranca-publica\/\" \/>\n<meta property=\"og:locale\" content=\"pt_BR\" \/>\n<meta property=\"og:type\" content=\"article\" \/>\n<meta property=\"og:title\" content=\"Ricardo Lewandowski \u00e9 novo ministro da Justi\u00e7a e Seguran\u00e7a P\u00fablica - Jornal\" \/>\n<meta property=\"og:description\" content=\"Ricardo Lewandowski \u00e9 novo ministro da Justi\u00e7a e Seguran\u00e7a P\u00fablica\" \/>\n<meta property=\"og:url\" content=\"https:\/\/jornalboasnoticias.com.br\/home\/ricardo-lewandowski-e-novo-ministro-da-justica-e-seguranca-publica\/\" \/>\n<meta property=\"og:site_name\" content=\"Jornal\" \/>\n<meta property=\"article:publisher\" content=\"https:\/\/www.facebook.com\/boasnoticiasjornal\" \/>\n<meta property=\"article:published_time\" content=\"2024-01-11T16:19:24+00:00\" \/>\n<meta property=\"og:image\" content=\"https:\/\/jornalboasnoticias.com.br\/home\/wp-content\/uploads\/2024\/01\/lula-dino-lewandowski_mcamgo_abr_11012024-14-e1704989946764.webp\" \/>\n\t<meta property=\"og:image:width\" content=\"800\" \/>\n\t<meta property=\"og:image:height\" content=\"479\" \/>\n\t<meta property=\"og:image:type\" content=\"image\/webp\" \/>\n<meta name=\"author\" content=\"Maria Bonatto\" \/>\n<meta name=\"twitter:card\" content=\"summary_large_image\" \/>\n<meta name=\"twitter:label1\" content=\"Escrito por\" \/>\n\t<meta name=\"twitter:data1\" content=\"Maria Bonatto\" \/>\n\t<meta name=\"twitter:label2\" content=\"Est. tempo de leitura\" \/>\n\t<meta name=\"twitter:data2\" content=\"1 minuto\" \/>\n<script type=\"application\/ld+json\" class=\"yoast-schema-graph\">{\"@context\":\"https:\\\/\\\/schema.org\",\"@graph\":[{\"@type\":\"Article\",\"@id\":\"https:\\\/\\\/jornalboasnoticias.com.br\\\/home\\\/ricardo-lewandowski-e-novo-ministro-da-justica-e-seguranca-publica\\\/#article\",\"isPartOf\":{\"@id\":\"https:\\\/\\\/jornalboasnoticias.com.br\\\/home\\\/ricardo-lewandowski-e-novo-ministro-da-justica-e-seguranca-publica\\\/\"},\"author\":{\"name\":\"Maria Bonatto\",\"@id\":\"https:\\\/\\\/jornalboasnoticias.com.br\\\/home\\\/#\\\/schema\\\/person\\\/71a4be4d1685617d6d00f15f0f2952ee\"},\"headline\":\"Ricardo Lewandowski \u00e9 novo ministro da Justi\u00e7a e Seguran\u00e7a P\u00fablica\",\"datePublished\":\"2024-01-11T16:19:24+00:00\",\"mainEntityOfPage\":{\"@id\":\"https:\\\/\\\/jornalboasnoticias.com.br\\\/home\\\/ricardo-lewandowski-e-novo-ministro-da-justica-e-seguranca-publica\\\/\"},\"wordCount\":193,\"commentCount\":0,\"publisher\":{\"@id\":\"https:\\\/\\\/jornalboasnoticias.com.br\\\/home\\\/#organization\"},\"image\":{\"@id\":\"https:\\\/\\\/jornalboasnoticias.com.br\\\/home\\\/ricardo-lewandowski-e-novo-ministro-da-justica-e-seguranca-publica\\\/#primaryimage\"},\"thumbnailUrl\":\"https:\\\/\\\/jornalboasnoticias.com.br\\\/home\\\/wp-content\\\/uploads\\\/2024\\\/01\\\/lula-dino-lewandowski_mcamgo_abr_11012024-14-e1704989946764.webp\",\"articleSection\":[\"BRASIL\",\"DESTAQUE\"],\"inLanguage\":\"pt-BR\",\"potentialAction\":[{\"@type\":\"CommentAction\",\"name\":\"Comment\",\"target\":[\"https:\\\/\\\/jornalboasnoticias.com.br\\\/home\\\/ricardo-lewandowski-e-novo-ministro-da-justica-e-seguranca-publica\\\/#respond\"]}]},{\"@type\":\"WebPage\",\"@id\":\"https:\\\/\\\/jornalboasnoticias.com.br\\\/home\\\/ricardo-lewandowski-e-novo-ministro-da-justica-e-seguranca-publica\\\/\",\"url\":\"https:\\\/\\\/jornalboasnoticias.com.br\\\/home\\\/ricardo-lewandowski-e-novo-ministro-da-justica-e-seguranca-publica\\\/\",\"name\":\"Ricardo Lewandowski \u00e9 novo ministro da Justi\u00e7a e Seguran\u00e7a P\u00fablica - Jornal\",\"isPartOf\":{\"@id\":\"https:\\\/\\\/jornalboasnoticias.com.br\\\/home\\\/#website\"},\"primaryImageOfPage\":{\"@id\":\"https:\\\/\\\/jornalboasnoticias.com.br\\\/home\\\/ricardo-lewandowski-e-novo-ministro-da-justica-e-seguranca-publica\\\/#primaryimage\"},\"image\":{\"@id\":\"https:\\\/\\\/jornalboasnoticias.com.br\\\/home\\\/ricardo-lewandowski-e-novo-ministro-da-justica-e-seguranca-publica\\\/#primaryimage\"},\"thumbnailUrl\":\"https:\\\/\\\/jornalboasnoticias.com.br\\\/home\\\/wp-content\\\/uploads\\\/2024\\\/01\\\/lula-dino-lewandowski_mcamgo_abr_11012024-14-e1704989946764.webp\",\"datePublished\":\"2024-01-11T16:19:24+00:00\",\"description\":\"Ricardo Lewandowski \u00e9 novo ministro da Justi\u00e7a e Seguran\u00e7a P\u00fablica\",\"breadcrumb\":{\"@id\":\"https:\\\/\\\/jornalboasnoticias.com.br\\\/home\\\/ricardo-lewandowski-e-novo-ministro-da-justica-e-seguranca-publica\\\/#breadcrumb\"},\"inLanguage\":\"pt-BR\",\"potentialAction\":[{\"@type\":\"ReadAction\",\"target\":[\"https:\\\/\\\/jornalboasnoticias.com.br\\\/home\\\/ricardo-lewandowski-e-novo-ministro-da-justica-e-seguranca-publica\\\/\"]}]},{\"@type\":\"ImageObject\",\"inLanguage\":\"pt-BR\",\"@id\":\"https:\\\/\\\/jornalboasnoticias.com.br\\\/home\\\/ricardo-lewandowski-e-novo-ministro-da-justica-e-seguranca-publica\\\/#primaryimage\",\"url\":\"https:\\\/\\\/jornalboasnoticias.com.br\\\/home\\\/wp-content\\\/uploads\\\/2024\\\/01\\\/lula-dino-lewandowski_mcamgo_abr_11012024-14-e1704989946764.webp\",\"contentUrl\":\"https:\\\/\\\/jornalboasnoticias.com.br\\\/home\\\/wp-content\\\/uploads\\\/2024\\\/01\\\/lula-dino-lewandowski_mcamgo_abr_11012024-14-e1704989946764.webp\",\"width\":800,\"height\":479,\"caption\":\"\u00a9 Marcelo Camargo\\\/Ag\u00eancia Brasil\"},{\"@type\":\"BreadcrumbList\",\"@id\":\"https:\\\/\\\/jornalboasnoticias.com.br\\\/home\\\/ricardo-lewandowski-e-novo-ministro-da-justica-e-seguranca-publica\\\/#breadcrumb\",\"itemListElement\":[{\"@type\":\"ListItem\",\"position\":1,\"name\":\"In\u00edcio\",\"item\":\"https:\\\/\\\/jornalboasnoticias.com.br\\\/home\\\/\"},{\"@type\":\"ListItem\",\"position\":2,\"name\":\"Ricardo Lewandowski \u00e9 novo ministro da Justi\u00e7a e Seguran\u00e7a P\u00fablica\"}]},{\"@type\":\"WebSite\",\"@id\":\"https:\\\/\\\/jornalboasnoticias.com.br\\\/home\\\/#website\",\"url\":\"https:\\\/\\\/jornalboasnoticias.com.br\\\/home\\\/\",\"name\":\"Jornal Boas Not\u00edcias\",\"description\":\"Boas not\u00edcias\",\"publisher\":{\"@id\":\"https:\\\/\\\/jornalboasnoticias.com.br\\\/home\\\/#organization\"},\"potentialAction\":[{\"@type\":\"SearchAction\",\"target\":{\"@type\":\"EntryPoint\",\"urlTemplate\":\"https:\\\/\\\/jornalboasnoticias.com.br\\\/home\\\/?s={search_term_string}\"},\"query-input\":{\"@type\":\"PropertyValueSpecification\",\"valueRequired\":true,\"valueName\":\"search_term_string\"}}],\"inLanguage\":\"pt-BR\"},{\"@type\":\"Organization\",\"@id\":\"https:\\\/\\\/jornalboasnoticias.com.br\\\/home\\\/#organization\",\"name\":\"Coq Editora Ltda\",\"alternateName\":\"Jornal Boas Noticias\",\"url\":\"https:\\\/\\\/jornalboasnoticias.com.br\\\/home\\\/\",\"logo\":{\"@type\":\"ImageObject\",\"inLanguage\":\"pt-BR\",\"@id\":\"https:\\\/\\\/jornalboasnoticias.com.br\\\/home\\\/#\\\/schema\\\/logo\\\/image\\\/\",\"url\":\"https:\\\/\\\/jornalboasnoticias.com.br\\\/home\\\/wp-content\\\/uploads\\\/2024\\\/07\\\/cropped-logo.jpg\",\"contentUrl\":\"https:\\\/\\\/jornalboasnoticias.com.br\\\/home\\\/wp-content\\\/uploads\\\/2024\\\/07\\\/cropped-logo.jpg\",\"width\":290,\"height\":142,\"caption\":\"Coq Editora Ltda\"},\"image\":{\"@id\":\"https:\\\/\\\/jornalboasnoticias.com.br\\\/home\\\/#\\\/schema\\\/logo\\\/image\\\/\"},\"sameAs\":[\"https:\\\/\\\/www.facebook.com\\\/boasnoticiasjornal\"]},{\"@type\":\"Person\",\"@id\":\"https:\\\/\\\/jornalboasnoticias.com.br\\\/home\\\/#\\\/schema\\\/person\\\/71a4be4d1685617d6d00f15f0f2952ee\",\"name\":\"Maria Bonatto\",\"image\":{\"@type\":\"ImageObject\",\"inLanguage\":\"pt-BR\",\"@id\":\"https:\\\/\\\/secure.gravatar.com\\\/avatar\\\/61bdbd92f7d53dd2fedfe556279602d97507ae906fdeb9624602488dcdcd042f?s=96&d=mm&r=g\",\"url\":\"https:\\\/\\\/secure.gravatar.com\\\/avatar\\\/61bdbd92f7d53dd2fedfe556279602d97507ae906fdeb9624602488dcdcd042f?s=96&d=mm&r=g\",\"contentUrl\":\"https:\\\/\\\/secure.gravatar.com\\\/avatar\\\/61bdbd92f7d53dd2fedfe556279602d97507ae906fdeb9624602488dcdcd042f?s=96&d=mm&r=g\",\"caption\":\"Maria Bonatto\"},\"url\":\"https:\\\/\\\/jornalboasnoticias.com.br\\\/home\\\/author\\\/ana-bonatto\\\/\"}]}<\/script>\n<!-- \/ Yoast SEO plugin. -->","yoast_head_json":{"title":"Ricardo Lewandowski \u00e9 novo ministro da Justi\u00e7a e Seguran\u00e7a P\u00fablica - Jornal","description":"Ricardo Lewandowski \u00e9 novo ministro da Justi\u00e7a e Seguran\u00e7a P\u00fablica","robots":{"index":"index","follow":"follow","max-snippet":"max-snippet:-1","max-image-preview":"max-image-preview:large","max-video-preview":"max-video-preview:-1"},"canonical":"https:\/\/jornalboasnoticias.com.br\/home\/ricardo-lewandowski-e-novo-ministro-da-justica-e-seguranca-publica\/","og_locale":"pt_BR","og_type":"article","og_title":"Ricardo Lewandowski \u00e9 novo ministro da Justi\u00e7a e Seguran\u00e7a P\u00fablica - Jornal","og_description":"Ricardo Lewandowski \u00e9 novo ministro da Justi\u00e7a e Seguran\u00e7a P\u00fablica","og_url":"https:\/\/jornalboasnoticias.com.br\/home\/ricardo-lewandowski-e-novo-ministro-da-justica-e-seguranca-publica\/","og_site_name":"Jornal","article_publisher":"https:\/\/www.facebook.com\/boasnoticiasjornal","article_published_time":"2024-01-11T16:19:24+00:00","og_image":[{"width":800,"height":479,"url":"https:\/\/jornalboasnoticias.com.br\/home\/wp-content\/uploads\/2024\/01\/lula-dino-lewandowski_mcamgo_abr_11012024-14-e1704989946764.webp","type":"image\/webp"}],"author":"Maria Bonatto","twitter_card":"summary_large_image","twitter_misc":{"Escrito por":"Maria Bonatto","Est. tempo de leitura":"1 minuto"},"schema":{"@context":"https:\/\/schema.org","@graph":[{"@type":"Article","@id":"https:\/\/jornalboasnoticias.com.br\/home\/ricardo-lewandowski-e-novo-ministro-da-justica-e-seguranca-publica\/#article","isPartOf":{"@id":"https:\/\/jornalboasnoticias.com.br\/home\/ricardo-lewandowski-e-novo-ministro-da-justica-e-seguranca-publica\/"},"author":{"name":"Maria Bonatto","@id":"https:\/\/jornalboasnoticias.com.br\/home\/#\/schema\/person\/71a4be4d1685617d6d00f15f0f2952ee"},"headline":"Ricardo Lewandowski \u00e9 novo ministro da Justi\u00e7a e Seguran\u00e7a P\u00fablica","datePublished":"2024-01-11T16:19:24+00:00","mainEntityOfPage":{"@id":"https:\/\/jornalboasnoticias.com.br\/home\/ricardo-lewandowski-e-novo-ministro-da-justica-e-seguranca-publica\/"},"wordCount":193,"commentCount":0,"publisher":{"@id":"https:\/\/jornalboasnoticias.com.br\/home\/#organization"},"image":{"@id":"https:\/\/jornalboasnoticias.com.br\/home\/ricardo-lewandowski-e-novo-ministro-da-justica-e-seguranca-publica\/#primaryimage"},"thumbnailUrl":"https:\/\/jornalboasnoticias.com.br\/home\/wp-content\/uploads\/2024\/01\/lula-dino-lewandowski_mcamgo_abr_11012024-14-e1704989946764.webp","articleSection":["BRASIL","DESTAQUE"],"inLanguage":"pt-BR","potentialAction":[{"@type":"CommentAction","name":"Comment","target":["https:\/\/jornalboasnoticias.com.br\/home\/ricardo-lewandowski-e-novo-ministro-da-justica-e-seguranca-publica\/#respond"]}]},{"@type":"WebPage","@id":"https:\/\/jornalboasnoticias.com.br\/home\/ricardo-lewandowski-e-novo-ministro-da-justica-e-seguranca-publica\/","url":"https:\/\/jornalboasnoticias.com.br\/home\/ricardo-lewandowski-e-novo-ministro-da-justica-e-seguranca-publica\/","name":"Ricardo Lewandowski \u00e9 novo ministro da Justi\u00e7a e Seguran\u00e7a P\u00fablica - Jornal","isPartOf":{"@id":"https:\/\/jornalboasnoticias.com.br\/home\/#website"},"primaryImageOfPage":{"@id":"https:\/\/jornalboasnoticias.com.br\/home\/ricardo-lewandowski-e-novo-ministro-da-justica-e-seguranca-publica\/#primaryimage"},"image":{"@id":"https:\/\/jornalboasnoticias.com.br\/home\/ricardo-lewandowski-e-novo-ministro-da-justica-e-seguranca-publica\/#primaryimage"},"thumbnailUrl":"https:\/\/jornalboasnoticias.com.br\/home\/wp-content\/uploads\/2024\/01\/lula-dino-lewandowski_mcamgo_abr_11012024-14-e1704989946764.webp","datePublished":"2024-01-11T16:19:24+00:00","description":"Ricardo Lewandowski \u00e9 novo ministro da Justi\u00e7a e Seguran\u00e7a P\u00fablica","breadcrumb":{"@id":"https:\/\/jornalboasnoticias.com.br\/home\/ricardo-lewandowski-e-novo-ministro-da-justica-e-seguranca-publica\/#breadcrumb"},"inLanguage":"pt-BR","potentialAction":[{"@type":"ReadAction","target":["https:\/\/jornalboasnoticias.com.br\/home\/ricardo-lewandowski-e-novo-ministro-da-justica-e-seguranca-publica\/"]}]},{"@type":"ImageObject","inLanguage":"pt-BR","@id":"https:\/\/jornalboasnoticias.com.br\/home\/ricardo-lewandowski-e-novo-ministro-da-justica-e-seguranca-publica\/#primaryimage","url":"https:\/\/jornalboasnoticias.com.br\/home\/wp-content\/uploads\/2024\/01\/lula-dino-lewandowski_mcamgo_abr_11012024-14-e1704989946764.webp","contentUrl":"https:\/\/jornalboasnoticias.com.br\/home\/wp-content\/uploads\/2024\/01\/lula-dino-lewandowski_mcamgo_abr_11012024-14-e1704989946764.webp","width":800,"height":479,"caption":"\u00a9 Marcelo Camargo\/Ag\u00eancia Brasil"},{"@type":"BreadcrumbList","@id":"https:\/\/jornalboasnoticias.com.br\/home\/ricardo-lewandowski-e-novo-ministro-da-justica-e-seguranca-publica\/#breadcrumb","itemListElement":[{"@type":"ListItem","position":1,"name":"In\u00edcio","item":"https:\/\/jornalboasnoticias.com.br\/home\/"},{"@type":"ListItem","position":2,"name":"Ricardo Lewandowski \u00e9 novo ministro da Justi\u00e7a e Seguran\u00e7a P\u00fablica"}]},{"@type":"WebSite","@id":"https:\/\/jornalboasnoticias.com.br\/home\/#website","url":"https:\/\/jornalboasnoticias.com.br\/home\/","name":"Jornal Boas Not\u00edcias","description":"Boas not\u00edcias","publisher":{"@id":"https:\/\/jornalboasnoticias.com.br\/home\/#organization"},"potentialAction":[{"@type":"SearchAction","target":{"@type":"EntryPoint","urlTemplate":"https:\/\/jornalboasnoticias.com.br\/home\/?s={search_term_string}"},"query-input":{"@type":"PropertyValueSpecification","valueRequired":true,"valueName":"search_term_string"}}],"inLanguage":"pt-BR"},{"@type":"Organization","@id":"https:\/\/jornalboasnoticias.com.br\/home\/#organization","name":"Coq Editora Ltda","alternateName":"Jornal Boas Noticias","url":"https:\/\/jornalboasnoticias.com.br\/home\/","logo":{"@type":"ImageObject","inLanguage":"pt-BR","@id":"https:\/\/jornalboasnoticias.com.br\/home\/#\/schema\/logo\/image\/","url":"https:\/\/jornalboasnoticias.com.br\/home\/wp-content\/uploads\/2024\/07\/cropped-logo.jpg","contentUrl":"https:\/\/jornalboasnoticias.com.br\/home\/wp-content\/uploads\/2024\/07\/cropped-logo.jpg","width":290,"height":142,"caption":"Coq Editora Ltda"},"image":{"@id":"https:\/\/jornalboasnoticias.com.br\/home\/#\/schema\/logo\/image\/"},"sameAs":["https:\/\/www.facebook.com\/boasnoticiasjornal"]},{"@type":"Person","@id":"https:\/\/jornalboasnoticias.com.br\/home\/#\/schema\/person\/71a4be4d1685617d6d00f15f0f2952ee","name":"Maria Bonatto","image":{"@type":"ImageObject","inLanguage":"pt-BR","@id":"https:\/\/secure.gravatar.com\/avatar\/61bdbd92f7d53dd2fedfe556279602d97507ae906fdeb9624602488dcdcd042f?s=96&d=mm&r=g","url":"https:\/\/secure.gravatar.com\/avatar\/61bdbd92f7d53dd2fedfe556279602d97507ae906fdeb9624602488dcdcd042f?s=96&d=mm&r=g","contentUrl":"https:\/\/secure.gravatar.com\/avatar\/61bdbd92f7d53dd2fedfe556279602d97507ae906fdeb9624602488dcdcd042f?s=96&d=mm&r=g","caption":"Maria Bonatto"},"url":"https:\/\/jornalboasnoticias.com.br\/home\/author\/ana-bonatto\/"}]}},"_links":{"self":[{"href":"https:\/\/jornalboasnoticias.com.br\/home\/wp-json\/wp\/v2\/posts\/42539","targetHints":{"allow":["GET"]}}],"collection":[{"href":"https:\/\/jornalboasnoticias.com.br\/home\/wp-json\/wp\/v2\/posts"}],"about":[{"href":"https:\/\/jornalboasnoticias.com.br\/home\/wp-json\/wp\/v2\/types\/post"}],"author":[{"embeddable":true,"href":"https:\/\/jornalboasnoticias.com.br\/home\/wp-json\/wp\/v2\/users\/2"}],"replies":[{"embeddable":true,"href":"https:\/\/jornalboasnoticias.com.br\/home\/wp-json\/wp\/v2\/comments?post=42539"}],"version-history":[{"count":0,"href":"https:\/\/jornalboasnoticias.com.br\/home\/wp-json\/wp\/v2\/posts\/42539\/revisions"}],"wp:featuredmedia":[{"embeddable":true,"href":"https:\/\/jornalboasnoticias.com.br\/home\/wp-json\/wp\/v2\/media\/42540"}],"wp:attachment":[{"href":"https:\/\/jornalboasnoticias.com.br\/home\/wp-json\/wp\/v2\/media?parent=42539"}],"wp:term":[{"taxonomy":"category","embeddable":true,"href":"https:\/\/jornalboasnoticias.com.br\/home\/wp-json\/wp\/v2\/categories?post=42539"},{"taxonomy":"post_tag","embeddable":true,"href":"https:\/\/jornalboasnoticias.com.br\/home\/wp-json\/wp\/v2\/tags?post=42539"}],"curies":[{"name":"wp","href":"https:\/\/api.w.org\/{rel}","templated":true}]}}