{"id":42536,"date":"2024-01-11T13:14:29","date_gmt":"2024-01-11T16:14:29","guid":{"rendered":"https:\/\/www.jornalboasnoticias.com.br\/?p=42536"},"modified":"2024-01-11T13:14:29","modified_gmt":"2024-01-11T16:14:29","slug":"termina-hoje-prazo-para-estados-iniciarem-emissao-da-nova-identidade","status":"publish","type":"post","link":"https:\/\/jornalboasnoticias.com.br\/home\/termina-hoje-prazo-para-estados-iniciarem-emissao-da-nova-identidade\/","title":{"rendered":"Termina hoje prazo para estados iniciarem emiss\u00e3o da nova identidade"},"content":{"rendered":"<blockquote>\n<p style=\"text-align: center;\">At\u00e9 o momento, 23 estados e o DF j\u00e1 emitem o documento<\/p>\n<\/blockquote>\n<figure id=\"attachment_42537\" aria-describedby=\"caption-attachment-42537\" style=\"width: 610px\" class=\"wp-caption aligncenter\"><img loading=\"lazy\" decoding=\"async\" class=\"size-medium wp-image-42537\" src=\"https:\/\/jornalboasnoticias.com.br\/home\/wp-content\/uploads\/2024\/01\/RG-e1704989639203-610x365.webp\" alt=\"\" width=\"610\" height=\"365\" \/><figcaption id=\"caption-attachment-42537\" class=\"wp-caption-text\">\u00a9 Instituto-Geral de Per\u00edcias do Rio Grande do Sul<\/figcaption><\/figure>\n<p>Termina nesta quinta-feira\u00a0(11)\u00a0o prazo para que os estados comecem a emitir a nova Carteira de Identidade Nacional (CIN). At\u00e9 o momento, 23 estados e o Distrito Federal j\u00e1 emitem o documento. Dados do Minist\u00e9rio da Gest\u00e3o e da Inova\u00e7\u00e3o em Servi\u00e7os P\u00fablicos (MGI) mostram que a CIN\u00a0j\u00e1 foi emitida\u00a0para 3\u00a0milh\u00f5es de brasileiros.<img decoding=\"async\" src=\"https:\/\/agenciabrasil.ebc.com.br\/ebc.png?id=1576141&amp;o=node\" \/><img decoding=\"async\" src=\"https:\/\/agenciabrasil.ebc.com.br\/ebc.gif?id=1576141&amp;o=node\" \/><\/p>\n<p>A nova Carteira de Identidade adota o n\u00famero de inscri\u00e7\u00e3o no Cadastro de Pessoas F\u00edsicas (CPF), o que aumenta a seguran\u00e7a da identifica\u00e7\u00e3o dos brasileiros, melhora os cadastros administrativos e diminui as fraudes no Brasil.<\/p>\n<p>A primeira via da CIN \u00e9 gratuita. J\u00e1 as carteiras de identidade antigas ter\u00e3o um prazo de dez anos para serem trocadas.<\/p>\n<p>Para a expedi\u00e7\u00e3o da carteira de identidade, ser\u00e1 exigida do requerente a apresenta\u00e7\u00e3o da certid\u00e3o de nascimento ou de casamento em formato f\u00edsico\u00a0ou digital.<\/p>\n<p>Em caso de d\u00favida sobre a autenticidade da certid\u00e3o apresentada, o \u00f3rg\u00e3o expedidor poder\u00e1 exigir a apresenta\u00e7\u00e3o de outros documentos como a atual carteira de identidade, carteira de trabalho, carteira profissional, passaporte e\u00a0carteira de identifica\u00e7\u00e3o funcional.<\/p>\n<p>A validade do novo documento ser\u00e1 de cinco anos, para pessoas at\u00e9\u00a011 anos de idade; de dez anos, para pessoas com idade de 12\u00a0anos completos a 59 anos; e indeterminada, para pessoas com idade a partir de 60\u00a0anos.<\/p>\n<p>Para a ministra da Gest\u00e3o e da Inova\u00e7\u00e3o em Servi\u00e7os P\u00fablicos, Esther Dweck, a nova carteira tamb\u00e9m permitir\u00e1 que o governo aprimore a oferta de servi\u00e7os p\u00fablicos. \u201cA vers\u00e3o digital da CIN, que tem um QR Code, vai dar acesso \u00e0s informa\u00e7\u00f5es sobre o cidad\u00e3o e possibilita, tamb\u00e9m, a integra\u00e7\u00e3o com outros documentos, como a carteira de motorista digital. No futuro, teremos outros documentos concentrados no GOV.BR\u201d, explicou a ministra.<\/p>\n<p>At\u00e9 o momento, a nova carteira de identidade \u00e9 emitida, al\u00e9m do Distrito Federal, pelos estados do Acre, Alagoas, Amazonas, Cear\u00e1, Esp\u00edrito Santo, Goi\u00e1s, Maranh\u00e3o, Mato Grosso, Mato Grosso do Sul, Minas Gerais, Par\u00e1, Para\u00edba, Paran\u00e1, Pernambuco, Piau\u00ed, Rio de Janeiro, Rio Grande do Norte, Rio Grande do Sul, Rond\u00f4nia, Santa Catarina, S\u00e3o Paulo, Sergipe e Tocantins.<\/p>\n<p>(Ag\u00eancia Brasil)<\/p>\n","protected":false},"excerpt":{"rendered":"<p>At\u00e9 o momento, 23 estados e o DF j\u00e1 emitem o documento Termina nesta quinta-feira\u00a0(11)\u00a0o<\/p>\n","protected":false},"author":2,"featured_media":42537,"comment_status":"open","ping_status":"open","sticky":false,"template":"","format":"standard","meta":{"footnotes":""},"categories":[6],"tags":[],"class_list":["post-42536","post","type-post","status-publish","format-standard","has-post-thumbnail","hentry","category-brasil"],"yoast_head":"<!-- This site is optimized with the Yoast SEO plugin v27.5 - https:\/\/yoast.com\/product\/yoast-seo-wordpress\/ -->\n<title>Termina hoje prazo para estados iniciarem emiss\u00e3o da nova identidade - Jornal<\/title>\n<meta name=\"description\" content=\"Termina hoje prazo para estados iniciarem emiss\u00e3o da nova identidade\" \/>\n<meta name=\"robots\" content=\"index, follow, max-snippet:-1, max-image-preview:large, max-video-preview:-1\" \/>\n<link rel=\"canonical\" href=\"https:\/\/jornalboasnoticias.com.br\/home\/termina-hoje-prazo-para-estados-iniciarem-emissao-da-nova-identidade\/\" \/>\n<meta property=\"og:locale\" content=\"pt_BR\" \/>\n<meta property=\"og:type\" content=\"article\" \/>\n<meta property=\"og:title\" content=\"Termina hoje prazo para estados iniciarem emiss\u00e3o da nova identidade - Jornal\" \/>\n<meta property=\"og:description\" content=\"Termina hoje prazo para estados iniciarem emiss\u00e3o da nova identidade\" \/>\n<meta property=\"og:url\" content=\"https:\/\/jornalboasnoticias.com.br\/home\/termina-hoje-prazo-para-estados-iniciarem-emissao-da-nova-identidade\/\" \/>\n<meta property=\"og:site_name\" content=\"Jornal\" \/>\n<meta property=\"article:publisher\" content=\"https:\/\/www.facebook.com\/boasnoticiasjornal\" \/>\n<meta property=\"article:published_time\" content=\"2024-01-11T16:14:29+00:00\" \/>\n<meta property=\"og:image\" content=\"https:\/\/jornalboasnoticias.com.br\/home\/wp-content\/uploads\/2024\/01\/RG-e1704989639203.webp\" \/>\n\t<meta property=\"og:image:width\" content=\"800\" \/>\n\t<meta property=\"og:image:height\" content=\"479\" \/>\n\t<meta property=\"og:image:type\" content=\"image\/webp\" \/>\n<meta name=\"author\" content=\"Maria Bonatto\" \/>\n<meta name=\"twitter:card\" content=\"summary_large_image\" \/>\n<meta name=\"twitter:label1\" content=\"Escrito por\" \/>\n\t<meta name=\"twitter:data1\" content=\"Maria Bonatto\" \/>\n\t<meta name=\"twitter:label2\" content=\"Est. tempo de leitura\" \/>\n\t<meta name=\"twitter:data2\" content=\"2 minutos\" \/>\n<script type=\"application\/ld+json\" class=\"yoast-schema-graph\">{\"@context\":\"https:\\\/\\\/schema.org\",\"@graph\":[{\"@type\":\"Article\",\"@id\":\"https:\\\/\\\/jornalboasnoticias.com.br\\\/home\\\/termina-hoje-prazo-para-estados-iniciarem-emissao-da-nova-identidade\\\/#article\",\"isPartOf\":{\"@id\":\"https:\\\/\\\/jornalboasnoticias.com.br\\\/home\\\/termina-hoje-prazo-para-estados-iniciarem-emissao-da-nova-identidade\\\/\"},\"author\":{\"name\":\"Maria Bonatto\",\"@id\":\"https:\\\/\\\/jornalboasnoticias.com.br\\\/home\\\/#\\\/schema\\\/person\\\/71a4be4d1685617d6d00f15f0f2952ee\"},\"headline\":\"Termina hoje prazo para estados iniciarem emiss\u00e3o da nova identidade\",\"datePublished\":\"2024-01-11T16:14:29+00:00\",\"mainEntityOfPage\":{\"@id\":\"https:\\\/\\\/jornalboasnoticias.com.br\\\/home\\\/termina-hoje-prazo-para-estados-iniciarem-emissao-da-nova-identidade\\\/\"},\"wordCount\":417,\"commentCount\":0,\"publisher\":{\"@id\":\"https:\\\/\\\/jornalboasnoticias.com.br\\\/home\\\/#organization\"},\"image\":{\"@id\":\"https:\\\/\\\/jornalboasnoticias.com.br\\\/home\\\/termina-hoje-prazo-para-estados-iniciarem-emissao-da-nova-identidade\\\/#primaryimage\"},\"thumbnailUrl\":\"https:\\\/\\\/jornalboasnoticias.com.br\\\/home\\\/wp-content\\\/uploads\\\/2024\\\/01\\\/RG-e1704989639203.webp\",\"articleSection\":[\"BRASIL\"],\"inLanguage\":\"pt-BR\",\"potentialAction\":[{\"@type\":\"CommentAction\",\"name\":\"Comment\",\"target\":[\"https:\\\/\\\/jornalboasnoticias.com.br\\\/home\\\/termina-hoje-prazo-para-estados-iniciarem-emissao-da-nova-identidade\\\/#respond\"]}]},{\"@type\":\"WebPage\",\"@id\":\"https:\\\/\\\/jornalboasnoticias.com.br\\\/home\\\/termina-hoje-prazo-para-estados-iniciarem-emissao-da-nova-identidade\\\/\",\"url\":\"https:\\\/\\\/jornalboasnoticias.com.br\\\/home\\\/termina-hoje-prazo-para-estados-iniciarem-emissao-da-nova-identidade\\\/\",\"name\":\"Termina hoje prazo para estados iniciarem emiss\u00e3o da nova identidade - Jornal\",\"isPartOf\":{\"@id\":\"https:\\\/\\\/jornalboasnoticias.com.br\\\/home\\\/#website\"},\"primaryImageOfPage\":{\"@id\":\"https:\\\/\\\/jornalboasnoticias.com.br\\\/home\\\/termina-hoje-prazo-para-estados-iniciarem-emissao-da-nova-identidade\\\/#primaryimage\"},\"image\":{\"@id\":\"https:\\\/\\\/jornalboasnoticias.com.br\\\/home\\\/termina-hoje-prazo-para-estados-iniciarem-emissao-da-nova-identidade\\\/#primaryimage\"},\"thumbnailUrl\":\"https:\\\/\\\/jornalboasnoticias.com.br\\\/home\\\/wp-content\\\/uploads\\\/2024\\\/01\\\/RG-e1704989639203.webp\",\"datePublished\":\"2024-01-11T16:14:29+00:00\",\"description\":\"Termina hoje prazo para estados iniciarem emiss\u00e3o da nova identidade\",\"breadcrumb\":{\"@id\":\"https:\\\/\\\/jornalboasnoticias.com.br\\\/home\\\/termina-hoje-prazo-para-estados-iniciarem-emissao-da-nova-identidade\\\/#breadcrumb\"},\"inLanguage\":\"pt-BR\",\"potentialAction\":[{\"@type\":\"ReadAction\",\"target\":[\"https:\\\/\\\/jornalboasnoticias.com.br\\\/home\\\/termina-hoje-prazo-para-estados-iniciarem-emissao-da-nova-identidade\\\/\"]}]},{\"@type\":\"ImageObject\",\"inLanguage\":\"pt-BR\",\"@id\":\"https:\\\/\\\/jornalboasnoticias.com.br\\\/home\\\/termina-hoje-prazo-para-estados-iniciarem-emissao-da-nova-identidade\\\/#primaryimage\",\"url\":\"https:\\\/\\\/jornalboasnoticias.com.br\\\/home\\\/wp-content\\\/uploads\\\/2024\\\/01\\\/RG-e1704989639203.webp\",\"contentUrl\":\"https:\\\/\\\/jornalboasnoticias.com.br\\\/home\\\/wp-content\\\/uploads\\\/2024\\\/01\\\/RG-e1704989639203.webp\",\"width\":800,\"height\":479,\"caption\":\"\u00a9 Instituto-Geral de Per\u00edcias do Rio Grande do Sul\"},{\"@type\":\"BreadcrumbList\",\"@id\":\"https:\\\/\\\/jornalboasnoticias.com.br\\\/home\\\/termina-hoje-prazo-para-estados-iniciarem-emissao-da-nova-identidade\\\/#breadcrumb\",\"itemListElement\":[{\"@type\":\"ListItem\",\"position\":1,\"name\":\"In\u00edcio\",\"item\":\"https:\\\/\\\/jornalboasnoticias.com.br\\\/home\\\/\"},{\"@type\":\"ListItem\",\"position\":2,\"name\":\"Termina hoje prazo para estados iniciarem emiss\u00e3o da nova identidade\"}]},{\"@type\":\"WebSite\",\"@id\":\"https:\\\/\\\/jornalboasnoticias.com.br\\\/home\\\/#website\",\"url\":\"https:\\\/\\\/jornalboasnoticias.com.br\\\/home\\\/\",\"name\":\"Jornal Boas Not\u00edcias\",\"description\":\"Boas not\u00edcias\",\"publisher\":{\"@id\":\"https:\\\/\\\/jornalboasnoticias.com.br\\\/home\\\/#organization\"},\"potentialAction\":[{\"@type\":\"SearchAction\",\"target\":{\"@type\":\"EntryPoint\",\"urlTemplate\":\"https:\\\/\\\/jornalboasnoticias.com.br\\\/home\\\/?s={search_term_string}\"},\"query-input\":{\"@type\":\"PropertyValueSpecification\",\"valueRequired\":true,\"valueName\":\"search_term_string\"}}],\"inLanguage\":\"pt-BR\"},{\"@type\":\"Organization\",\"@id\":\"https:\\\/\\\/jornalboasnoticias.com.br\\\/home\\\/#organization\",\"name\":\"Coq Editora Ltda\",\"alternateName\":\"Jornal Boas Noticias\",\"url\":\"https:\\\/\\\/jornalboasnoticias.com.br\\\/home\\\/\",\"logo\":{\"@type\":\"ImageObject\",\"inLanguage\":\"pt-BR\",\"@id\":\"https:\\\/\\\/jornalboasnoticias.com.br\\\/home\\\/#\\\/schema\\\/logo\\\/image\\\/\",\"url\":\"https:\\\/\\\/jornalboasnoticias.com.br\\\/home\\\/wp-content\\\/uploads\\\/2024\\\/07\\\/cropped-logo.jpg\",\"contentUrl\":\"https:\\\/\\\/jornalboasnoticias.com.br\\\/home\\\/wp-content\\\/uploads\\\/2024\\\/07\\\/cropped-logo.jpg\",\"width\":290,\"height\":142,\"caption\":\"Coq Editora Ltda\"},\"image\":{\"@id\":\"https:\\\/\\\/jornalboasnoticias.com.br\\\/home\\\/#\\\/schema\\\/logo\\\/image\\\/\"},\"sameAs\":[\"https:\\\/\\\/www.facebook.com\\\/boasnoticiasjornal\"]},{\"@type\":\"Person\",\"@id\":\"https:\\\/\\\/jornalboasnoticias.com.br\\\/home\\\/#\\\/schema\\\/person\\\/71a4be4d1685617d6d00f15f0f2952ee\",\"name\":\"Maria Bonatto\",\"image\":{\"@type\":\"ImageObject\",\"inLanguage\":\"pt-BR\",\"@id\":\"https:\\\/\\\/secure.gravatar.com\\\/avatar\\\/61bdbd92f7d53dd2fedfe556279602d97507ae906fdeb9624602488dcdcd042f?s=96&d=mm&r=g\",\"url\":\"https:\\\/\\\/secure.gravatar.com\\\/avatar\\\/61bdbd92f7d53dd2fedfe556279602d97507ae906fdeb9624602488dcdcd042f?s=96&d=mm&r=g\",\"contentUrl\":\"https:\\\/\\\/secure.gravatar.com\\\/avatar\\\/61bdbd92f7d53dd2fedfe556279602d97507ae906fdeb9624602488dcdcd042f?s=96&d=mm&r=g\",\"caption\":\"Maria Bonatto\"},\"url\":\"https:\\\/\\\/jornalboasnoticias.com.br\\\/home\\\/author\\\/ana-bonatto\\\/\"}]}<\/script>\n<!-- \/ Yoast SEO plugin. -->","yoast_head_json":{"title":"Termina hoje prazo para estados iniciarem emiss\u00e3o da nova identidade - Jornal","description":"Termina hoje prazo para estados iniciarem emiss\u00e3o da nova identidade","robots":{"index":"index","follow":"follow","max-snippet":"max-snippet:-1","max-image-preview":"max-image-preview:large","max-video-preview":"max-video-preview:-1"},"canonical":"https:\/\/jornalboasnoticias.com.br\/home\/termina-hoje-prazo-para-estados-iniciarem-emissao-da-nova-identidade\/","og_locale":"pt_BR","og_type":"article","og_title":"Termina hoje prazo para estados iniciarem emiss\u00e3o da nova identidade - Jornal","og_description":"Termina hoje prazo para estados iniciarem emiss\u00e3o da nova identidade","og_url":"https:\/\/jornalboasnoticias.com.br\/home\/termina-hoje-prazo-para-estados-iniciarem-emissao-da-nova-identidade\/","og_site_name":"Jornal","article_publisher":"https:\/\/www.facebook.com\/boasnoticiasjornal","article_published_time":"2024-01-11T16:14:29+00:00","og_image":[{"width":800,"height":479,"url":"https:\/\/jornalboasnoticias.com.br\/home\/wp-content\/uploads\/2024\/01\/RG-e1704989639203.webp","type":"image\/webp"}],"author":"Maria Bonatto","twitter_card":"summary_large_image","twitter_misc":{"Escrito por":"Maria Bonatto","Est. tempo de leitura":"2 minutos"},"schema":{"@context":"https:\/\/schema.org","@graph":[{"@type":"Article","@id":"https:\/\/jornalboasnoticias.com.br\/home\/termina-hoje-prazo-para-estados-iniciarem-emissao-da-nova-identidade\/#article","isPartOf":{"@id":"https:\/\/jornalboasnoticias.com.br\/home\/termina-hoje-prazo-para-estados-iniciarem-emissao-da-nova-identidade\/"},"author":{"name":"Maria Bonatto","@id":"https:\/\/jornalboasnoticias.com.br\/home\/#\/schema\/person\/71a4be4d1685617d6d00f15f0f2952ee"},"headline":"Termina hoje prazo para estados iniciarem emiss\u00e3o da nova identidade","datePublished":"2024-01-11T16:14:29+00:00","mainEntityOfPage":{"@id":"https:\/\/jornalboasnoticias.com.br\/home\/termina-hoje-prazo-para-estados-iniciarem-emissao-da-nova-identidade\/"},"wordCount":417,"commentCount":0,"publisher":{"@id":"https:\/\/jornalboasnoticias.com.br\/home\/#organization"},"image":{"@id":"https:\/\/jornalboasnoticias.com.br\/home\/termina-hoje-prazo-para-estados-iniciarem-emissao-da-nova-identidade\/#primaryimage"},"thumbnailUrl":"https:\/\/jornalboasnoticias.com.br\/home\/wp-content\/uploads\/2024\/01\/RG-e1704989639203.webp","articleSection":["BRASIL"],"inLanguage":"pt-BR","potentialAction":[{"@type":"CommentAction","name":"Comment","target":["https:\/\/jornalboasnoticias.com.br\/home\/termina-hoje-prazo-para-estados-iniciarem-emissao-da-nova-identidade\/#respond"]}]},{"@type":"WebPage","@id":"https:\/\/jornalboasnoticias.com.br\/home\/termina-hoje-prazo-para-estados-iniciarem-emissao-da-nova-identidade\/","url":"https:\/\/jornalboasnoticias.com.br\/home\/termina-hoje-prazo-para-estados-iniciarem-emissao-da-nova-identidade\/","name":"Termina hoje prazo para estados iniciarem emiss\u00e3o da nova identidade - Jornal","isPartOf":{"@id":"https:\/\/jornalboasnoticias.com.br\/home\/#website"},"primaryImageOfPage":{"@id":"https:\/\/jornalboasnoticias.com.br\/home\/termina-hoje-prazo-para-estados-iniciarem-emissao-da-nova-identidade\/#primaryimage"},"image":{"@id":"https:\/\/jornalboasnoticias.com.br\/home\/termina-hoje-prazo-para-estados-iniciarem-emissao-da-nova-identidade\/#primaryimage"},"thumbnailUrl":"https:\/\/jornalboasnoticias.com.br\/home\/wp-content\/uploads\/2024\/01\/RG-e1704989639203.webp","datePublished":"2024-01-11T16:14:29+00:00","description":"Termina hoje prazo para estados iniciarem emiss\u00e3o da nova identidade","breadcrumb":{"@id":"https:\/\/jornalboasnoticias.com.br\/home\/termina-hoje-prazo-para-estados-iniciarem-emissao-da-nova-identidade\/#breadcrumb"},"inLanguage":"pt-BR","potentialAction":[{"@type":"ReadAction","target":["https:\/\/jornalboasnoticias.com.br\/home\/termina-hoje-prazo-para-estados-iniciarem-emissao-da-nova-identidade\/"]}]},{"@type":"ImageObject","inLanguage":"pt-BR","@id":"https:\/\/jornalboasnoticias.com.br\/home\/termina-hoje-prazo-para-estados-iniciarem-emissao-da-nova-identidade\/#primaryimage","url":"https:\/\/jornalboasnoticias.com.br\/home\/wp-content\/uploads\/2024\/01\/RG-e1704989639203.webp","contentUrl":"https:\/\/jornalboasnoticias.com.br\/home\/wp-content\/uploads\/2024\/01\/RG-e1704989639203.webp","width":800,"height":479,"caption":"\u00a9 Instituto-Geral de Per\u00edcias do Rio Grande do Sul"},{"@type":"BreadcrumbList","@id":"https:\/\/jornalboasnoticias.com.br\/home\/termina-hoje-prazo-para-estados-iniciarem-emissao-da-nova-identidade\/#breadcrumb","itemListElement":[{"@type":"ListItem","position":1,"name":"In\u00edcio","item":"https:\/\/jornalboasnoticias.com.br\/home\/"},{"@type":"ListItem","position":2,"name":"Termina hoje prazo para estados iniciarem emiss\u00e3o da nova identidade"}]},{"@type":"WebSite","@id":"https:\/\/jornalboasnoticias.com.br\/home\/#website","url":"https:\/\/jornalboasnoticias.com.br\/home\/","name":"Jornal Boas Not\u00edcias","description":"Boas not\u00edcias","publisher":{"@id":"https:\/\/jornalboasnoticias.com.br\/home\/#organization"},"potentialAction":[{"@type":"SearchAction","target":{"@type":"EntryPoint","urlTemplate":"https:\/\/jornalboasnoticias.com.br\/home\/?s={search_term_string}"},"query-input":{"@type":"PropertyValueSpecification","valueRequired":true,"valueName":"search_term_string"}}],"inLanguage":"pt-BR"},{"@type":"Organization","@id":"https:\/\/jornalboasnoticias.com.br\/home\/#organization","name":"Coq Editora Ltda","alternateName":"Jornal Boas Noticias","url":"https:\/\/jornalboasnoticias.com.br\/home\/","logo":{"@type":"ImageObject","inLanguage":"pt-BR","@id":"https:\/\/jornalboasnoticias.com.br\/home\/#\/schema\/logo\/image\/","url":"https:\/\/jornalboasnoticias.com.br\/home\/wp-content\/uploads\/2024\/07\/cropped-logo.jpg","contentUrl":"https:\/\/jornalboasnoticias.com.br\/home\/wp-content\/uploads\/2024\/07\/cropped-logo.jpg","width":290,"height":142,"caption":"Coq Editora Ltda"},"image":{"@id":"https:\/\/jornalboasnoticias.com.br\/home\/#\/schema\/logo\/image\/"},"sameAs":["https:\/\/www.facebook.com\/boasnoticiasjornal"]},{"@type":"Person","@id":"https:\/\/jornalboasnoticias.com.br\/home\/#\/schema\/person\/71a4be4d1685617d6d00f15f0f2952ee","name":"Maria Bonatto","image":{"@type":"ImageObject","inLanguage":"pt-BR","@id":"https:\/\/secure.gravatar.com\/avatar\/61bdbd92f7d53dd2fedfe556279602d97507ae906fdeb9624602488dcdcd042f?s=96&d=mm&r=g","url":"https:\/\/secure.gravatar.com\/avatar\/61bdbd92f7d53dd2fedfe556279602d97507ae906fdeb9624602488dcdcd042f?s=96&d=mm&r=g","contentUrl":"https:\/\/secure.gravatar.com\/avatar\/61bdbd92f7d53dd2fedfe556279602d97507ae906fdeb9624602488dcdcd042f?s=96&d=mm&r=g","caption":"Maria Bonatto"},"url":"https:\/\/jornalboasnoticias.com.br\/home\/author\/ana-bonatto\/"}]}},"_links":{"self":[{"href":"https:\/\/jornalboasnoticias.com.br\/home\/wp-json\/wp\/v2\/posts\/42536","targetHints":{"allow":["GET"]}}],"collection":[{"href":"https:\/\/jornalboasnoticias.com.br\/home\/wp-json\/wp\/v2\/posts"}],"about":[{"href":"https:\/\/jornalboasnoticias.com.br\/home\/wp-json\/wp\/v2\/types\/post"}],"author":[{"embeddable":true,"href":"https:\/\/jornalboasnoticias.com.br\/home\/wp-json\/wp\/v2\/users\/2"}],"replies":[{"embeddable":true,"href":"https:\/\/jornalboasnoticias.com.br\/home\/wp-json\/wp\/v2\/comments?post=42536"}],"version-history":[{"count":0,"href":"https:\/\/jornalboasnoticias.com.br\/home\/wp-json\/wp\/v2\/posts\/42536\/revisions"}],"wp:featuredmedia":[{"embeddable":true,"href":"https:\/\/jornalboasnoticias.com.br\/home\/wp-json\/wp\/v2\/media\/42537"}],"wp:attachment":[{"href":"https:\/\/jornalboasnoticias.com.br\/home\/wp-json\/wp\/v2\/media?parent=42536"}],"wp:term":[{"taxonomy":"category","embeddable":true,"href":"https:\/\/jornalboasnoticias.com.br\/home\/wp-json\/wp\/v2\/categories?post=42536"},{"taxonomy":"post_tag","embeddable":true,"href":"https:\/\/jornalboasnoticias.com.br\/home\/wp-json\/wp\/v2\/tags?post=42536"}],"curies":[{"name":"wp","href":"https:\/\/api.w.org\/{rel}","templated":true}]}}