{"id":42532,"date":"2024-01-11T10:43:08","date_gmt":"2024-01-11T13:43:08","guid":{"rendered":"https:\/\/www.jornalboasnoticias.com.br\/?p=42532"},"modified":"2024-01-11T10:43:08","modified_gmt":"2024-01-11T13:43:08","slug":"servidores-do-banco-central-fazem-paralisacao-de-24-horas","status":"publish","type":"post","link":"https:\/\/jornalboasnoticias.com.br\/home\/servidores-do-banco-central-fazem-paralisacao-de-24-horas\/","title":{"rendered":"Servidores do Banco Central fazem paralisa\u00e7\u00e3o de 24 horas"},"content":{"rendered":"<blockquote>\n<p style=\"text-align: center;\">Eles querem melhorias na carreira e equipara\u00e7\u00e3o com outras categorias<\/p>\n<\/blockquote>\n<figure id=\"attachment_42533\" aria-describedby=\"caption-attachment-42533\" style=\"width: 610px\" class=\"wp-caption aligncenter\"><img loading=\"lazy\" decoding=\"async\" class=\"size-medium wp-image-42533\" src=\"https:\/\/jornalboasnoticias.com.br\/home\/wp-content\/uploads\/2024\/01\/banco_central_mcajr_abr_0104222273_0-e1704980530942-610x365.webp\" alt=\"\" width=\"610\" height=\"365\" \/><figcaption id=\"caption-attachment-42533\" class=\"wp-caption-text\">\u00a9 Marcello Casal JrAg\u00eancia Brasil<\/figcaption><\/figure>\n<p>Os servidores do Banco Central (BC) fazem\u00a0hoje (11) uma greve de 24 horas. Segundo o Sindicato Nacional dos Funcion\u00e1rios do Banco Central (Sinal), mais de 70% dos funcion\u00e1rios devem aderir \u00e0 paralisa\u00e7\u00e3o. Os trabalhadores reivindicam melhorias na carreira, como a equipara\u00e7\u00e3o com outras categorias\u00a0semelhantes.\u00a0<img decoding=\"async\" src=\"https:\/\/agenciabrasil.ebc.com.br\/ebc.png?id=1576108&amp;o=node\" \/><img decoding=\"async\" src=\"https:\/\/agenciabrasil.ebc.com.br\/ebc.gif?id=1576108&amp;o=node\" \/><\/p>\n<p>O Sinal disse que a paralisa\u00e7\u00e3o pode gerar um &#8220;apag\u00e3o&#8221; em todos os servi\u00e7os do banco, com impactos no atendimento ao mercado e ao p\u00fablico, incluindo cancelamento de reuni\u00f5es, manuten\u00e7\u00e3o em sistemas e atraso na divulga\u00e7\u00e3o de informa\u00e7\u00f5es.<\/p>\n<p>A manuten\u00e7\u00e3o do PIX pode ficar prejudicada, trazendo risco \u00e0 continuidade dos servi\u00e7os. A paralisa\u00e7\u00e3o tamb\u00e9m pode trazer maior impacto na conclus\u00e3o de projetos em curso, como o da moeda digital, o Drex,\u00a0na supervis\u00e3o de Preven\u00e7\u00e3o \u00e0 Lavagem de Dinheiro e Financiamento do Terrorismo e na regulamenta\u00e7\u00e3o de ativos virtuais.<\/p>\n<p>\u201cA decis\u00e3o de realizar a greve decorre da insatisfa\u00e7\u00e3o dos servidores em rela\u00e7\u00e3o ao tratamento dispensado \u00e0s suas demandas, em meio a concess\u00f5es assim\u00e9tricas oferecidas a outras categorias t\u00edpicas de Estado. Ressalta-se a preocupa\u00e7\u00e3o com a falta de di\u00e1logo e o alegado a\u00e7odamento autorit\u00e1rio do presidente do BC [Roberto Campos Neto] na abordagem de quest\u00f5es relevantes, como a Proposta de Emenda Constitucional (PEC) da Independ\u00eancia do Banco Central\u201d, diz nota do sindicato.<\/p>\n<p>Os servidores reivindicam, entre outros pontos, reajuste nas tabelas remunerat\u00f3rias, retribui\u00e7\u00e3o por produtividade, exig\u00eancia de n\u00edvel superior para o cargo de t\u00e9cnico, mudan\u00e7a no cargo de analista para auditor.<\/p>\n<p>A pr\u00f3xima etapa da paralisa\u00e7\u00e3o ser\u00e1 a entrega dos cargos comissionados de chefia, caso as negocia\u00e7\u00f5es com o governo n\u00e3o avancem. A entrega efetiva \u00e9\u00a0prevista para a primeira quinzena de fevereiro.<\/p>\n<p>O Sinal destaca a import\u00e2ncia do Banco Central para a estabilidade econ\u00f4mica do pa\u00eds e apela\u00a0ao governo para\u00a0considerar equitativamente todas as carreiras estrat\u00e9gicas, diz outro trecho da nota.<\/p>\n<p>A\u00a0<strong>Ag\u00eancia Brasil<\/strong>\u00a0procurou o BC para saber o posicionamento da institui\u00e7\u00e3o em rela\u00e7\u00e3o \u00e0 greve e \u00e0s negocia\u00e7\u00f5es. Como resposta, a assessoria disse que o banco n\u00e3o vai se pronunciar a respeito.<\/p>\n<p>(Ag\u00eancia Brasil)<\/p>\n","protected":false},"excerpt":{"rendered":"<p>Eles querem melhorias na carreira e equipara\u00e7\u00e3o com outras categorias Os servidores do Banco Central<\/p>\n","protected":false},"author":2,"featured_media":42533,"comment_status":"open","ping_status":"open","sticky":false,"template":"","format":"standard","meta":{"footnotes":""},"categories":[6],"tags":[],"class_list":["post-42532","post","type-post","status-publish","format-standard","has-post-thumbnail","hentry","category-brasil"],"yoast_head":"<!-- This site is optimized with the Yoast SEO plugin v27.5 - https:\/\/yoast.com\/product\/yoast-seo-wordpress\/ -->\n<title>Servidores do Banco Central fazem paralisa\u00e7\u00e3o de 24 horas - Jornal<\/title>\n<meta name=\"description\" content=\"Servidores do Banco Central fazem paralisa\u00e7\u00e3o de 24 horas\" \/>\n<meta name=\"robots\" content=\"index, follow, max-snippet:-1, max-image-preview:large, max-video-preview:-1\" \/>\n<link rel=\"canonical\" href=\"https:\/\/jornalboasnoticias.com.br\/home\/servidores-do-banco-central-fazem-paralisacao-de-24-horas\/\" \/>\n<meta property=\"og:locale\" content=\"pt_BR\" \/>\n<meta property=\"og:type\" content=\"article\" \/>\n<meta property=\"og:title\" content=\"Servidores do Banco Central fazem paralisa\u00e7\u00e3o de 24 horas - Jornal\" \/>\n<meta property=\"og:description\" content=\"Servidores do Banco Central fazem paralisa\u00e7\u00e3o de 24 horas\" \/>\n<meta property=\"og:url\" content=\"https:\/\/jornalboasnoticias.com.br\/home\/servidores-do-banco-central-fazem-paralisacao-de-24-horas\/\" \/>\n<meta property=\"og:site_name\" content=\"Jornal\" \/>\n<meta property=\"article:publisher\" content=\"https:\/\/www.facebook.com\/boasnoticiasjornal\" \/>\n<meta property=\"article:published_time\" content=\"2024-01-11T13:43:08+00:00\" \/>\n<meta property=\"og:image\" content=\"https:\/\/jornalboasnoticias.com.br\/home\/wp-content\/uploads\/2024\/01\/banco_central_mcajr_abr_0104222273_0-e1704980530942.webp\" \/>\n\t<meta property=\"og:image:width\" content=\"800\" \/>\n\t<meta property=\"og:image:height\" content=\"479\" \/>\n\t<meta property=\"og:image:type\" content=\"image\/webp\" \/>\n<meta name=\"author\" content=\"Maria Bonatto\" \/>\n<meta name=\"twitter:card\" content=\"summary_large_image\" \/>\n<meta name=\"twitter:label1\" content=\"Escrito por\" \/>\n\t<meta name=\"twitter:data1\" content=\"Maria Bonatto\" \/>\n\t<meta name=\"twitter:label2\" content=\"Est. tempo de leitura\" \/>\n\t<meta name=\"twitter:data2\" content=\"2 minutos\" \/>\n<script type=\"application\/ld+json\" class=\"yoast-schema-graph\">{\"@context\":\"https:\\\/\\\/schema.org\",\"@graph\":[{\"@type\":\"Article\",\"@id\":\"https:\\\/\\\/jornalboasnoticias.com.br\\\/home\\\/servidores-do-banco-central-fazem-paralisacao-de-24-horas\\\/#article\",\"isPartOf\":{\"@id\":\"https:\\\/\\\/jornalboasnoticias.com.br\\\/home\\\/servidores-do-banco-central-fazem-paralisacao-de-24-horas\\\/\"},\"author\":{\"name\":\"Maria Bonatto\",\"@id\":\"https:\\\/\\\/jornalboasnoticias.com.br\\\/home\\\/#\\\/schema\\\/person\\\/71a4be4d1685617d6d00f15f0f2952ee\"},\"headline\":\"Servidores do Banco Central fazem paralisa\u00e7\u00e3o de 24 horas\",\"datePublished\":\"2024-01-11T13:43:08+00:00\",\"mainEntityOfPage\":{\"@id\":\"https:\\\/\\\/jornalboasnoticias.com.br\\\/home\\\/servidores-do-banco-central-fazem-paralisacao-de-24-horas\\\/\"},\"wordCount\":409,\"commentCount\":0,\"publisher\":{\"@id\":\"https:\\\/\\\/jornalboasnoticias.com.br\\\/home\\\/#organization\"},\"image\":{\"@id\":\"https:\\\/\\\/jornalboasnoticias.com.br\\\/home\\\/servidores-do-banco-central-fazem-paralisacao-de-24-horas\\\/#primaryimage\"},\"thumbnailUrl\":\"https:\\\/\\\/jornalboasnoticias.com.br\\\/home\\\/wp-content\\\/uploads\\\/2024\\\/01\\\/banco_central_mcajr_abr_0104222273_0-e1704980530942.webp\",\"articleSection\":[\"BRASIL\"],\"inLanguage\":\"pt-BR\",\"potentialAction\":[{\"@type\":\"CommentAction\",\"name\":\"Comment\",\"target\":[\"https:\\\/\\\/jornalboasnoticias.com.br\\\/home\\\/servidores-do-banco-central-fazem-paralisacao-de-24-horas\\\/#respond\"]}]},{\"@type\":\"WebPage\",\"@id\":\"https:\\\/\\\/jornalboasnoticias.com.br\\\/home\\\/servidores-do-banco-central-fazem-paralisacao-de-24-horas\\\/\",\"url\":\"https:\\\/\\\/jornalboasnoticias.com.br\\\/home\\\/servidores-do-banco-central-fazem-paralisacao-de-24-horas\\\/\",\"name\":\"Servidores do Banco Central fazem paralisa\u00e7\u00e3o de 24 horas - Jornal\",\"isPartOf\":{\"@id\":\"https:\\\/\\\/jornalboasnoticias.com.br\\\/home\\\/#website\"},\"primaryImageOfPage\":{\"@id\":\"https:\\\/\\\/jornalboasnoticias.com.br\\\/home\\\/servidores-do-banco-central-fazem-paralisacao-de-24-horas\\\/#primaryimage\"},\"image\":{\"@id\":\"https:\\\/\\\/jornalboasnoticias.com.br\\\/home\\\/servidores-do-banco-central-fazem-paralisacao-de-24-horas\\\/#primaryimage\"},\"thumbnailUrl\":\"https:\\\/\\\/jornalboasnoticias.com.br\\\/home\\\/wp-content\\\/uploads\\\/2024\\\/01\\\/banco_central_mcajr_abr_0104222273_0-e1704980530942.webp\",\"datePublished\":\"2024-01-11T13:43:08+00:00\",\"description\":\"Servidores do Banco Central fazem paralisa\u00e7\u00e3o de 24 horas\",\"breadcrumb\":{\"@id\":\"https:\\\/\\\/jornalboasnoticias.com.br\\\/home\\\/servidores-do-banco-central-fazem-paralisacao-de-24-horas\\\/#breadcrumb\"},\"inLanguage\":\"pt-BR\",\"potentialAction\":[{\"@type\":\"ReadAction\",\"target\":[\"https:\\\/\\\/jornalboasnoticias.com.br\\\/home\\\/servidores-do-banco-central-fazem-paralisacao-de-24-horas\\\/\"]}]},{\"@type\":\"ImageObject\",\"inLanguage\":\"pt-BR\",\"@id\":\"https:\\\/\\\/jornalboasnoticias.com.br\\\/home\\\/servidores-do-banco-central-fazem-paralisacao-de-24-horas\\\/#primaryimage\",\"url\":\"https:\\\/\\\/jornalboasnoticias.com.br\\\/home\\\/wp-content\\\/uploads\\\/2024\\\/01\\\/banco_central_mcajr_abr_0104222273_0-e1704980530942.webp\",\"contentUrl\":\"https:\\\/\\\/jornalboasnoticias.com.br\\\/home\\\/wp-content\\\/uploads\\\/2024\\\/01\\\/banco_central_mcajr_abr_0104222273_0-e1704980530942.webp\",\"width\":800,\"height\":479,\"caption\":\"\u00a9 Marcello Casal JrAg\u00eancia Brasil\"},{\"@type\":\"BreadcrumbList\",\"@id\":\"https:\\\/\\\/jornalboasnoticias.com.br\\\/home\\\/servidores-do-banco-central-fazem-paralisacao-de-24-horas\\\/#breadcrumb\",\"itemListElement\":[{\"@type\":\"ListItem\",\"position\":1,\"name\":\"In\u00edcio\",\"item\":\"https:\\\/\\\/jornalboasnoticias.com.br\\\/home\\\/\"},{\"@type\":\"ListItem\",\"position\":2,\"name\":\"Servidores do Banco Central fazem paralisa\u00e7\u00e3o de 24 horas\"}]},{\"@type\":\"WebSite\",\"@id\":\"https:\\\/\\\/jornalboasnoticias.com.br\\\/home\\\/#website\",\"url\":\"https:\\\/\\\/jornalboasnoticias.com.br\\\/home\\\/\",\"name\":\"Jornal Boas Not\u00edcias\",\"description\":\"Boas not\u00edcias\",\"publisher\":{\"@id\":\"https:\\\/\\\/jornalboasnoticias.com.br\\\/home\\\/#organization\"},\"potentialAction\":[{\"@type\":\"SearchAction\",\"target\":{\"@type\":\"EntryPoint\",\"urlTemplate\":\"https:\\\/\\\/jornalboasnoticias.com.br\\\/home\\\/?s={search_term_string}\"},\"query-input\":{\"@type\":\"PropertyValueSpecification\",\"valueRequired\":true,\"valueName\":\"search_term_string\"}}],\"inLanguage\":\"pt-BR\"},{\"@type\":\"Organization\",\"@id\":\"https:\\\/\\\/jornalboasnoticias.com.br\\\/home\\\/#organization\",\"name\":\"Coq Editora Ltda\",\"alternateName\":\"Jornal Boas Noticias\",\"url\":\"https:\\\/\\\/jornalboasnoticias.com.br\\\/home\\\/\",\"logo\":{\"@type\":\"ImageObject\",\"inLanguage\":\"pt-BR\",\"@id\":\"https:\\\/\\\/jornalboasnoticias.com.br\\\/home\\\/#\\\/schema\\\/logo\\\/image\\\/\",\"url\":\"https:\\\/\\\/jornalboasnoticias.com.br\\\/home\\\/wp-content\\\/uploads\\\/2024\\\/07\\\/cropped-logo.jpg\",\"contentUrl\":\"https:\\\/\\\/jornalboasnoticias.com.br\\\/home\\\/wp-content\\\/uploads\\\/2024\\\/07\\\/cropped-logo.jpg\",\"width\":290,\"height\":142,\"caption\":\"Coq Editora Ltda\"},\"image\":{\"@id\":\"https:\\\/\\\/jornalboasnoticias.com.br\\\/home\\\/#\\\/schema\\\/logo\\\/image\\\/\"},\"sameAs\":[\"https:\\\/\\\/www.facebook.com\\\/boasnoticiasjornal\"]},{\"@type\":\"Person\",\"@id\":\"https:\\\/\\\/jornalboasnoticias.com.br\\\/home\\\/#\\\/schema\\\/person\\\/71a4be4d1685617d6d00f15f0f2952ee\",\"name\":\"Maria Bonatto\",\"image\":{\"@type\":\"ImageObject\",\"inLanguage\":\"pt-BR\",\"@id\":\"https:\\\/\\\/secure.gravatar.com\\\/avatar\\\/61bdbd92f7d53dd2fedfe556279602d97507ae906fdeb9624602488dcdcd042f?s=96&d=mm&r=g\",\"url\":\"https:\\\/\\\/secure.gravatar.com\\\/avatar\\\/61bdbd92f7d53dd2fedfe556279602d97507ae906fdeb9624602488dcdcd042f?s=96&d=mm&r=g\",\"contentUrl\":\"https:\\\/\\\/secure.gravatar.com\\\/avatar\\\/61bdbd92f7d53dd2fedfe556279602d97507ae906fdeb9624602488dcdcd042f?s=96&d=mm&r=g\",\"caption\":\"Maria Bonatto\"},\"url\":\"https:\\\/\\\/jornalboasnoticias.com.br\\\/home\\\/author\\\/ana-bonatto\\\/\"}]}<\/script>\n<!-- \/ Yoast SEO plugin. -->","yoast_head_json":{"title":"Servidores do Banco Central fazem paralisa\u00e7\u00e3o de 24 horas - Jornal","description":"Servidores do Banco Central fazem paralisa\u00e7\u00e3o de 24 horas","robots":{"index":"index","follow":"follow","max-snippet":"max-snippet:-1","max-image-preview":"max-image-preview:large","max-video-preview":"max-video-preview:-1"},"canonical":"https:\/\/jornalboasnoticias.com.br\/home\/servidores-do-banco-central-fazem-paralisacao-de-24-horas\/","og_locale":"pt_BR","og_type":"article","og_title":"Servidores do Banco Central fazem paralisa\u00e7\u00e3o de 24 horas - Jornal","og_description":"Servidores do Banco Central fazem paralisa\u00e7\u00e3o de 24 horas","og_url":"https:\/\/jornalboasnoticias.com.br\/home\/servidores-do-banco-central-fazem-paralisacao-de-24-horas\/","og_site_name":"Jornal","article_publisher":"https:\/\/www.facebook.com\/boasnoticiasjornal","article_published_time":"2024-01-11T13:43:08+00:00","og_image":[{"width":800,"height":479,"url":"https:\/\/jornalboasnoticias.com.br\/home\/wp-content\/uploads\/2024\/01\/banco_central_mcajr_abr_0104222273_0-e1704980530942.webp","type":"image\/webp"}],"author":"Maria Bonatto","twitter_card":"summary_large_image","twitter_misc":{"Escrito por":"Maria Bonatto","Est. tempo de leitura":"2 minutos"},"schema":{"@context":"https:\/\/schema.org","@graph":[{"@type":"Article","@id":"https:\/\/jornalboasnoticias.com.br\/home\/servidores-do-banco-central-fazem-paralisacao-de-24-horas\/#article","isPartOf":{"@id":"https:\/\/jornalboasnoticias.com.br\/home\/servidores-do-banco-central-fazem-paralisacao-de-24-horas\/"},"author":{"name":"Maria Bonatto","@id":"https:\/\/jornalboasnoticias.com.br\/home\/#\/schema\/person\/71a4be4d1685617d6d00f15f0f2952ee"},"headline":"Servidores do Banco Central fazem paralisa\u00e7\u00e3o de 24 horas","datePublished":"2024-01-11T13:43:08+00:00","mainEntityOfPage":{"@id":"https:\/\/jornalboasnoticias.com.br\/home\/servidores-do-banco-central-fazem-paralisacao-de-24-horas\/"},"wordCount":409,"commentCount":0,"publisher":{"@id":"https:\/\/jornalboasnoticias.com.br\/home\/#organization"},"image":{"@id":"https:\/\/jornalboasnoticias.com.br\/home\/servidores-do-banco-central-fazem-paralisacao-de-24-horas\/#primaryimage"},"thumbnailUrl":"https:\/\/jornalboasnoticias.com.br\/home\/wp-content\/uploads\/2024\/01\/banco_central_mcajr_abr_0104222273_0-e1704980530942.webp","articleSection":["BRASIL"],"inLanguage":"pt-BR","potentialAction":[{"@type":"CommentAction","name":"Comment","target":["https:\/\/jornalboasnoticias.com.br\/home\/servidores-do-banco-central-fazem-paralisacao-de-24-horas\/#respond"]}]},{"@type":"WebPage","@id":"https:\/\/jornalboasnoticias.com.br\/home\/servidores-do-banco-central-fazem-paralisacao-de-24-horas\/","url":"https:\/\/jornalboasnoticias.com.br\/home\/servidores-do-banco-central-fazem-paralisacao-de-24-horas\/","name":"Servidores do Banco Central fazem paralisa\u00e7\u00e3o de 24 horas - Jornal","isPartOf":{"@id":"https:\/\/jornalboasnoticias.com.br\/home\/#website"},"primaryImageOfPage":{"@id":"https:\/\/jornalboasnoticias.com.br\/home\/servidores-do-banco-central-fazem-paralisacao-de-24-horas\/#primaryimage"},"image":{"@id":"https:\/\/jornalboasnoticias.com.br\/home\/servidores-do-banco-central-fazem-paralisacao-de-24-horas\/#primaryimage"},"thumbnailUrl":"https:\/\/jornalboasnoticias.com.br\/home\/wp-content\/uploads\/2024\/01\/banco_central_mcajr_abr_0104222273_0-e1704980530942.webp","datePublished":"2024-01-11T13:43:08+00:00","description":"Servidores do Banco Central fazem paralisa\u00e7\u00e3o de 24 horas","breadcrumb":{"@id":"https:\/\/jornalboasnoticias.com.br\/home\/servidores-do-banco-central-fazem-paralisacao-de-24-horas\/#breadcrumb"},"inLanguage":"pt-BR","potentialAction":[{"@type":"ReadAction","target":["https:\/\/jornalboasnoticias.com.br\/home\/servidores-do-banco-central-fazem-paralisacao-de-24-horas\/"]}]},{"@type":"ImageObject","inLanguage":"pt-BR","@id":"https:\/\/jornalboasnoticias.com.br\/home\/servidores-do-banco-central-fazem-paralisacao-de-24-horas\/#primaryimage","url":"https:\/\/jornalboasnoticias.com.br\/home\/wp-content\/uploads\/2024\/01\/banco_central_mcajr_abr_0104222273_0-e1704980530942.webp","contentUrl":"https:\/\/jornalboasnoticias.com.br\/home\/wp-content\/uploads\/2024\/01\/banco_central_mcajr_abr_0104222273_0-e1704980530942.webp","width":800,"height":479,"caption":"\u00a9 Marcello Casal JrAg\u00eancia Brasil"},{"@type":"BreadcrumbList","@id":"https:\/\/jornalboasnoticias.com.br\/home\/servidores-do-banco-central-fazem-paralisacao-de-24-horas\/#breadcrumb","itemListElement":[{"@type":"ListItem","position":1,"name":"In\u00edcio","item":"https:\/\/jornalboasnoticias.com.br\/home\/"},{"@type":"ListItem","position":2,"name":"Servidores do Banco Central fazem paralisa\u00e7\u00e3o de 24 horas"}]},{"@type":"WebSite","@id":"https:\/\/jornalboasnoticias.com.br\/home\/#website","url":"https:\/\/jornalboasnoticias.com.br\/home\/","name":"Jornal Boas Not\u00edcias","description":"Boas not\u00edcias","publisher":{"@id":"https:\/\/jornalboasnoticias.com.br\/home\/#organization"},"potentialAction":[{"@type":"SearchAction","target":{"@type":"EntryPoint","urlTemplate":"https:\/\/jornalboasnoticias.com.br\/home\/?s={search_term_string}"},"query-input":{"@type":"PropertyValueSpecification","valueRequired":true,"valueName":"search_term_string"}}],"inLanguage":"pt-BR"},{"@type":"Organization","@id":"https:\/\/jornalboasnoticias.com.br\/home\/#organization","name":"Coq Editora Ltda","alternateName":"Jornal Boas Noticias","url":"https:\/\/jornalboasnoticias.com.br\/home\/","logo":{"@type":"ImageObject","inLanguage":"pt-BR","@id":"https:\/\/jornalboasnoticias.com.br\/home\/#\/schema\/logo\/image\/","url":"https:\/\/jornalboasnoticias.com.br\/home\/wp-content\/uploads\/2024\/07\/cropped-logo.jpg","contentUrl":"https:\/\/jornalboasnoticias.com.br\/home\/wp-content\/uploads\/2024\/07\/cropped-logo.jpg","width":290,"height":142,"caption":"Coq Editora Ltda"},"image":{"@id":"https:\/\/jornalboasnoticias.com.br\/home\/#\/schema\/logo\/image\/"},"sameAs":["https:\/\/www.facebook.com\/boasnoticiasjornal"]},{"@type":"Person","@id":"https:\/\/jornalboasnoticias.com.br\/home\/#\/schema\/person\/71a4be4d1685617d6d00f15f0f2952ee","name":"Maria Bonatto","image":{"@type":"ImageObject","inLanguage":"pt-BR","@id":"https:\/\/secure.gravatar.com\/avatar\/61bdbd92f7d53dd2fedfe556279602d97507ae906fdeb9624602488dcdcd042f?s=96&d=mm&r=g","url":"https:\/\/secure.gravatar.com\/avatar\/61bdbd92f7d53dd2fedfe556279602d97507ae906fdeb9624602488dcdcd042f?s=96&d=mm&r=g","contentUrl":"https:\/\/secure.gravatar.com\/avatar\/61bdbd92f7d53dd2fedfe556279602d97507ae906fdeb9624602488dcdcd042f?s=96&d=mm&r=g","caption":"Maria Bonatto"},"url":"https:\/\/jornalboasnoticias.com.br\/home\/author\/ana-bonatto\/"}]}},"_links":{"self":[{"href":"https:\/\/jornalboasnoticias.com.br\/home\/wp-json\/wp\/v2\/posts\/42532","targetHints":{"allow":["GET"]}}],"collection":[{"href":"https:\/\/jornalboasnoticias.com.br\/home\/wp-json\/wp\/v2\/posts"}],"about":[{"href":"https:\/\/jornalboasnoticias.com.br\/home\/wp-json\/wp\/v2\/types\/post"}],"author":[{"embeddable":true,"href":"https:\/\/jornalboasnoticias.com.br\/home\/wp-json\/wp\/v2\/users\/2"}],"replies":[{"embeddable":true,"href":"https:\/\/jornalboasnoticias.com.br\/home\/wp-json\/wp\/v2\/comments?post=42532"}],"version-history":[{"count":0,"href":"https:\/\/jornalboasnoticias.com.br\/home\/wp-json\/wp\/v2\/posts\/42532\/revisions"}],"wp:featuredmedia":[{"embeddable":true,"href":"https:\/\/jornalboasnoticias.com.br\/home\/wp-json\/wp\/v2\/media\/42533"}],"wp:attachment":[{"href":"https:\/\/jornalboasnoticias.com.br\/home\/wp-json\/wp\/v2\/media?parent=42532"}],"wp:term":[{"taxonomy":"category","embeddable":true,"href":"https:\/\/jornalboasnoticias.com.br\/home\/wp-json\/wp\/v2\/categories?post=42532"},{"taxonomy":"post_tag","embeddable":true,"href":"https:\/\/jornalboasnoticias.com.br\/home\/wp-json\/wp\/v2\/tags?post=42532"}],"curies":[{"name":"wp","href":"https:\/\/api.w.org\/{rel}","templated":true}]}}