{"id":42523,"date":"2024-01-11T08:46:40","date_gmt":"2024-01-11T11:46:40","guid":{"rendered":"https:\/\/www.jornalboasnoticias.com.br\/?p=42523"},"modified":"2024-01-11T08:46:40","modified_gmt":"2024-01-11T11:46:40","slug":"feira-do-produtor-urbano-tem-primeira-edicao-de-2024-nesta-sexta-feira-12-em-cascavel","status":"publish","type":"post","link":"https:\/\/jornalboasnoticias.com.br\/home\/feira-do-produtor-urbano-tem-primeira-edicao-de-2024-nesta-sexta-feira-12-em-cascavel\/","title":{"rendered":"Feira do Produtor Urbano tem primeira edi\u00e7\u00e3o de 2024 nesta sexta-feira (12) em Cascavel"},"content":{"rendered":"<blockquote>\n<p style=\"text-align: center;\">Feira \u00e9 realizada tradicionalmente das 9h \u00e0s 13h, no Sal\u00e3o Comunit\u00e1rio do Bairro Floresta, que fica localizado na Rua Condor, n\u00ba 499<\/p>\n<\/blockquote>\n<figure id=\"attachment_42524\" aria-describedby=\"caption-attachment-42524\" style=\"width: 548px\" class=\"wp-caption aligncenter\"><img loading=\"lazy\" decoding=\"async\" class=\"size-medium wp-image-42524\" src=\"https:\/\/jornalboasnoticias.com.br\/home\/wp-content\/uploads\/2024\/01\/IMG_0598-e1704973485234-548x365.jpeg\" alt=\"\" width=\"548\" height=\"365\" \/><figcaption id=\"caption-attachment-42524\" class=\"wp-caption-text\">Divulga\u00e7\u00e3o<\/figcaption><\/figure>\n<p>H\u00e1 um ano com atividades no Munic\u00edpio, a Feira do Produtor Urbano de Cascavel retorna com a primeira edi\u00e7\u00e3o de 2024 nesta sexta-feira (12). Anote na agenda, pois \u00e9 a chance de garantir verduras e legumes fresquinhos e com um precinho super acess\u00edvel.<\/p>\n<p>A Feira \u00e9 realizada tradicionalmente das 9h \u00e0s 13h, no Sal\u00e3o Comunit\u00e1rio do Bairro Floresta, que fica localizado na Rua Condor, n\u00ba 499, sempre na segunda sexta-feira do m\u00eas.<\/p>\n<p>Aproveite a oportunidade de incrementar o card\u00e1pio com uma variedade de hortali\u00e7as. Os produtos t\u00eam pre\u00e7os de venda direto do produtor ao consumidor. Al\u00e9m disso, a feira tamb\u00e9m conta com artesanato e gastronomia.<\/p>\n<p>A feira \u00e9 ligada ao Programa da Agricultura Urbana, do Territ\u00f3rio Cidad\u00e3o. S\u00e3o cerca de 200 fam\u00edlias cadastradas, em 55 Unidades Produtivas. Nos locais, s\u00e3o produzidos alimentos, como mandioca, feij\u00e3o, couve, verduras, cenoura e entre outros.<\/p>\n<p>Parte dos produtos \u00e9 consumido pelas pr\u00f3prias fam\u00edlias. Outra parte \u00e9 doada para entidades que atendem \u00e0s fam\u00edlias carentes e o excedente \u00e9 comercializado para melhoria da renda familiar. E \u00e9 nesse \u00faltimo quadro que entra a Feira do Produtor, que ter\u00e1 ainda a participa\u00e7\u00e3o das fam\u00edlias do programa Economia Solid\u00e1ria.<\/p>\n<p>As fam\u00edlias participantes do programa s\u00e3o as em situa\u00e7\u00e3o de vulnerabilidade social, ou seja, aquelas que efetivamente precisam melhorar sua fonte de renda e a qualidade de vida.<\/p>\n<p>(Secom)<\/p>\n","protected":false},"excerpt":{"rendered":"<p>Feira \u00e9 realizada tradicionalmente das 9h \u00e0s 13h, no Sal\u00e3o Comunit\u00e1rio do Bairro Floresta, que<\/p>\n","protected":false},"author":2,"featured_media":42524,"comment_status":"open","ping_status":"open","sticky":false,"template":"","format":"standard","meta":{"footnotes":""},"categories":[2],"tags":[],"class_list":["post-42523","post","type-post","status-publish","format-standard","has-post-thumbnail","hentry","category-cascavel"],"yoast_head":"<!-- This site is optimized with the Yoast SEO plugin v27.5 - https:\/\/yoast.com\/product\/yoast-seo-wordpress\/ -->\n<title>Feira do Produtor Urbano tem primeira edi\u00e7\u00e3o de 2024 nesta sexta-feira (12) em Cascavel - Jornal<\/title>\n<meta name=\"description\" content=\"Feira do Produtor Urbano tem primeira edi\u00e7\u00e3o de 2024 nesta sexta-feira (12) em Cascavel\" \/>\n<meta name=\"robots\" content=\"index, follow, max-snippet:-1, max-image-preview:large, max-video-preview:-1\" \/>\n<link rel=\"canonical\" href=\"https:\/\/jornalboasnoticias.com.br\/home\/feira-do-produtor-urbano-tem-primeira-edicao-de-2024-nesta-sexta-feira-12-em-cascavel\/\" \/>\n<meta property=\"og:locale\" content=\"pt_BR\" \/>\n<meta property=\"og:type\" content=\"article\" \/>\n<meta property=\"og:title\" content=\"Feira do Produtor Urbano tem primeira edi\u00e7\u00e3o de 2024 nesta sexta-feira (12) em Cascavel - Jornal\" \/>\n<meta property=\"og:description\" content=\"Feira do Produtor Urbano tem primeira edi\u00e7\u00e3o de 2024 nesta sexta-feira (12) em Cascavel\" \/>\n<meta property=\"og:url\" content=\"https:\/\/jornalboasnoticias.com.br\/home\/feira-do-produtor-urbano-tem-primeira-edicao-de-2024-nesta-sexta-feira-12-em-cascavel\/\" \/>\n<meta property=\"og:site_name\" content=\"Jornal\" \/>\n<meta property=\"article:publisher\" content=\"https:\/\/www.facebook.com\/boasnoticiasjornal\" \/>\n<meta property=\"article:published_time\" content=\"2024-01-11T11:46:40+00:00\" \/>\n<meta property=\"og:image\" content=\"https:\/\/jornalboasnoticias.com.br\/home\/wp-content\/uploads\/2024\/01\/IMG_0598-e1704973485234.jpeg\" \/>\n\t<meta property=\"og:image:width\" content=\"800\" \/>\n\t<meta property=\"og:image:height\" content=\"533\" \/>\n\t<meta property=\"og:image:type\" content=\"image\/jpeg\" \/>\n<meta name=\"author\" content=\"Maria Bonatto\" \/>\n<meta name=\"twitter:card\" content=\"summary_large_image\" \/>\n<meta name=\"twitter:label1\" content=\"Escrito por\" \/>\n\t<meta name=\"twitter:data1\" content=\"Maria Bonatto\" \/>\n\t<meta name=\"twitter:label2\" content=\"Est. tempo de leitura\" \/>\n\t<meta name=\"twitter:data2\" content=\"1 minuto\" \/>\n<script type=\"application\/ld+json\" class=\"yoast-schema-graph\">{\"@context\":\"https:\\\/\\\/schema.org\",\"@graph\":[{\"@type\":\"Article\",\"@id\":\"https:\\\/\\\/jornalboasnoticias.com.br\\\/home\\\/feira-do-produtor-urbano-tem-primeira-edicao-de-2024-nesta-sexta-feira-12-em-cascavel\\\/#article\",\"isPartOf\":{\"@id\":\"https:\\\/\\\/jornalboasnoticias.com.br\\\/home\\\/feira-do-produtor-urbano-tem-primeira-edicao-de-2024-nesta-sexta-feira-12-em-cascavel\\\/\"},\"author\":{\"name\":\"Maria Bonatto\",\"@id\":\"https:\\\/\\\/jornalboasnoticias.com.br\\\/home\\\/#\\\/schema\\\/person\\\/71a4be4d1685617d6d00f15f0f2952ee\"},\"headline\":\"Feira do Produtor Urbano tem primeira edi\u00e7\u00e3o de 2024 nesta sexta-feira (12) em Cascavel\",\"datePublished\":\"2024-01-11T11:46:40+00:00\",\"mainEntityOfPage\":{\"@id\":\"https:\\\/\\\/jornalboasnoticias.com.br\\\/home\\\/feira-do-produtor-urbano-tem-primeira-edicao-de-2024-nesta-sexta-feira-12-em-cascavel\\\/\"},\"wordCount\":280,\"commentCount\":0,\"publisher\":{\"@id\":\"https:\\\/\\\/jornalboasnoticias.com.br\\\/home\\\/#organization\"},\"image\":{\"@id\":\"https:\\\/\\\/jornalboasnoticias.com.br\\\/home\\\/feira-do-produtor-urbano-tem-primeira-edicao-de-2024-nesta-sexta-feira-12-em-cascavel\\\/#primaryimage\"},\"thumbnailUrl\":\"https:\\\/\\\/jornalboasnoticias.com.br\\\/home\\\/wp-content\\\/uploads\\\/2024\\\/01\\\/IMG_0598-e1704973485234.jpeg\",\"articleSection\":[\"CASCAVEL\"],\"inLanguage\":\"pt-BR\",\"potentialAction\":[{\"@type\":\"CommentAction\",\"name\":\"Comment\",\"target\":[\"https:\\\/\\\/jornalboasnoticias.com.br\\\/home\\\/feira-do-produtor-urbano-tem-primeira-edicao-de-2024-nesta-sexta-feira-12-em-cascavel\\\/#respond\"]}]},{\"@type\":\"WebPage\",\"@id\":\"https:\\\/\\\/jornalboasnoticias.com.br\\\/home\\\/feira-do-produtor-urbano-tem-primeira-edicao-de-2024-nesta-sexta-feira-12-em-cascavel\\\/\",\"url\":\"https:\\\/\\\/jornalboasnoticias.com.br\\\/home\\\/feira-do-produtor-urbano-tem-primeira-edicao-de-2024-nesta-sexta-feira-12-em-cascavel\\\/\",\"name\":\"Feira do Produtor Urbano tem primeira edi\u00e7\u00e3o de 2024 nesta sexta-feira (12) em Cascavel - Jornal\",\"isPartOf\":{\"@id\":\"https:\\\/\\\/jornalboasnoticias.com.br\\\/home\\\/#website\"},\"primaryImageOfPage\":{\"@id\":\"https:\\\/\\\/jornalboasnoticias.com.br\\\/home\\\/feira-do-produtor-urbano-tem-primeira-edicao-de-2024-nesta-sexta-feira-12-em-cascavel\\\/#primaryimage\"},\"image\":{\"@id\":\"https:\\\/\\\/jornalboasnoticias.com.br\\\/home\\\/feira-do-produtor-urbano-tem-primeira-edicao-de-2024-nesta-sexta-feira-12-em-cascavel\\\/#primaryimage\"},\"thumbnailUrl\":\"https:\\\/\\\/jornalboasnoticias.com.br\\\/home\\\/wp-content\\\/uploads\\\/2024\\\/01\\\/IMG_0598-e1704973485234.jpeg\",\"datePublished\":\"2024-01-11T11:46:40+00:00\",\"description\":\"Feira do Produtor Urbano tem primeira edi\u00e7\u00e3o de 2024 nesta sexta-feira (12) em Cascavel\",\"breadcrumb\":{\"@id\":\"https:\\\/\\\/jornalboasnoticias.com.br\\\/home\\\/feira-do-produtor-urbano-tem-primeira-edicao-de-2024-nesta-sexta-feira-12-em-cascavel\\\/#breadcrumb\"},\"inLanguage\":\"pt-BR\",\"potentialAction\":[{\"@type\":\"ReadAction\",\"target\":[\"https:\\\/\\\/jornalboasnoticias.com.br\\\/home\\\/feira-do-produtor-urbano-tem-primeira-edicao-de-2024-nesta-sexta-feira-12-em-cascavel\\\/\"]}]},{\"@type\":\"ImageObject\",\"inLanguage\":\"pt-BR\",\"@id\":\"https:\\\/\\\/jornalboasnoticias.com.br\\\/home\\\/feira-do-produtor-urbano-tem-primeira-edicao-de-2024-nesta-sexta-feira-12-em-cascavel\\\/#primaryimage\",\"url\":\"https:\\\/\\\/jornalboasnoticias.com.br\\\/home\\\/wp-content\\\/uploads\\\/2024\\\/01\\\/IMG_0598-e1704973485234.jpeg\",\"contentUrl\":\"https:\\\/\\\/jornalboasnoticias.com.br\\\/home\\\/wp-content\\\/uploads\\\/2024\\\/01\\\/IMG_0598-e1704973485234.jpeg\",\"width\":800,\"height\":533,\"caption\":\"Divulga\u00e7\u00e3o\"},{\"@type\":\"BreadcrumbList\",\"@id\":\"https:\\\/\\\/jornalboasnoticias.com.br\\\/home\\\/feira-do-produtor-urbano-tem-primeira-edicao-de-2024-nesta-sexta-feira-12-em-cascavel\\\/#breadcrumb\",\"itemListElement\":[{\"@type\":\"ListItem\",\"position\":1,\"name\":\"In\u00edcio\",\"item\":\"https:\\\/\\\/jornalboasnoticias.com.br\\\/home\\\/\"},{\"@type\":\"ListItem\",\"position\":2,\"name\":\"Feira do Produtor Urbano tem primeira edi\u00e7\u00e3o de 2024 nesta sexta-feira (12) em Cascavel\"}]},{\"@type\":\"WebSite\",\"@id\":\"https:\\\/\\\/jornalboasnoticias.com.br\\\/home\\\/#website\",\"url\":\"https:\\\/\\\/jornalboasnoticias.com.br\\\/home\\\/\",\"name\":\"Jornal Boas Not\u00edcias\",\"description\":\"Boas not\u00edcias\",\"publisher\":{\"@id\":\"https:\\\/\\\/jornalboasnoticias.com.br\\\/home\\\/#organization\"},\"potentialAction\":[{\"@type\":\"SearchAction\",\"target\":{\"@type\":\"EntryPoint\",\"urlTemplate\":\"https:\\\/\\\/jornalboasnoticias.com.br\\\/home\\\/?s={search_term_string}\"},\"query-input\":{\"@type\":\"PropertyValueSpecification\",\"valueRequired\":true,\"valueName\":\"search_term_string\"}}],\"inLanguage\":\"pt-BR\"},{\"@type\":\"Organization\",\"@id\":\"https:\\\/\\\/jornalboasnoticias.com.br\\\/home\\\/#organization\",\"name\":\"Coq Editora Ltda\",\"alternateName\":\"Jornal Boas Noticias\",\"url\":\"https:\\\/\\\/jornalboasnoticias.com.br\\\/home\\\/\",\"logo\":{\"@type\":\"ImageObject\",\"inLanguage\":\"pt-BR\",\"@id\":\"https:\\\/\\\/jornalboasnoticias.com.br\\\/home\\\/#\\\/schema\\\/logo\\\/image\\\/\",\"url\":\"https:\\\/\\\/jornalboasnoticias.com.br\\\/home\\\/wp-content\\\/uploads\\\/2024\\\/07\\\/cropped-logo.jpg\",\"contentUrl\":\"https:\\\/\\\/jornalboasnoticias.com.br\\\/home\\\/wp-content\\\/uploads\\\/2024\\\/07\\\/cropped-logo.jpg\",\"width\":290,\"height\":142,\"caption\":\"Coq Editora Ltda\"},\"image\":{\"@id\":\"https:\\\/\\\/jornalboasnoticias.com.br\\\/home\\\/#\\\/schema\\\/logo\\\/image\\\/\"},\"sameAs\":[\"https:\\\/\\\/www.facebook.com\\\/boasnoticiasjornal\"]},{\"@type\":\"Person\",\"@id\":\"https:\\\/\\\/jornalboasnoticias.com.br\\\/home\\\/#\\\/schema\\\/person\\\/71a4be4d1685617d6d00f15f0f2952ee\",\"name\":\"Maria Bonatto\",\"image\":{\"@type\":\"ImageObject\",\"inLanguage\":\"pt-BR\",\"@id\":\"https:\\\/\\\/secure.gravatar.com\\\/avatar\\\/61bdbd92f7d53dd2fedfe556279602d97507ae906fdeb9624602488dcdcd042f?s=96&d=mm&r=g\",\"url\":\"https:\\\/\\\/secure.gravatar.com\\\/avatar\\\/61bdbd92f7d53dd2fedfe556279602d97507ae906fdeb9624602488dcdcd042f?s=96&d=mm&r=g\",\"contentUrl\":\"https:\\\/\\\/secure.gravatar.com\\\/avatar\\\/61bdbd92f7d53dd2fedfe556279602d97507ae906fdeb9624602488dcdcd042f?s=96&d=mm&r=g\",\"caption\":\"Maria Bonatto\"},\"url\":\"https:\\\/\\\/jornalboasnoticias.com.br\\\/home\\\/author\\\/ana-bonatto\\\/\"}]}<\/script>\n<!-- \/ Yoast SEO plugin. -->","yoast_head_json":{"title":"Feira do Produtor Urbano tem primeira edi\u00e7\u00e3o de 2024 nesta sexta-feira (12) em Cascavel - Jornal","description":"Feira do Produtor Urbano tem primeira edi\u00e7\u00e3o de 2024 nesta sexta-feira (12) em Cascavel","robots":{"index":"index","follow":"follow","max-snippet":"max-snippet:-1","max-image-preview":"max-image-preview:large","max-video-preview":"max-video-preview:-1"},"canonical":"https:\/\/jornalboasnoticias.com.br\/home\/feira-do-produtor-urbano-tem-primeira-edicao-de-2024-nesta-sexta-feira-12-em-cascavel\/","og_locale":"pt_BR","og_type":"article","og_title":"Feira do Produtor Urbano tem primeira edi\u00e7\u00e3o de 2024 nesta sexta-feira (12) em Cascavel - Jornal","og_description":"Feira do Produtor Urbano tem primeira edi\u00e7\u00e3o de 2024 nesta sexta-feira (12) em Cascavel","og_url":"https:\/\/jornalboasnoticias.com.br\/home\/feira-do-produtor-urbano-tem-primeira-edicao-de-2024-nesta-sexta-feira-12-em-cascavel\/","og_site_name":"Jornal","article_publisher":"https:\/\/www.facebook.com\/boasnoticiasjornal","article_published_time":"2024-01-11T11:46:40+00:00","og_image":[{"width":800,"height":533,"url":"https:\/\/jornalboasnoticias.com.br\/home\/wp-content\/uploads\/2024\/01\/IMG_0598-e1704973485234.jpeg","type":"image\/jpeg"}],"author":"Maria Bonatto","twitter_card":"summary_large_image","twitter_misc":{"Escrito por":"Maria Bonatto","Est. tempo de leitura":"1 minuto"},"schema":{"@context":"https:\/\/schema.org","@graph":[{"@type":"Article","@id":"https:\/\/jornalboasnoticias.com.br\/home\/feira-do-produtor-urbano-tem-primeira-edicao-de-2024-nesta-sexta-feira-12-em-cascavel\/#article","isPartOf":{"@id":"https:\/\/jornalboasnoticias.com.br\/home\/feira-do-produtor-urbano-tem-primeira-edicao-de-2024-nesta-sexta-feira-12-em-cascavel\/"},"author":{"name":"Maria Bonatto","@id":"https:\/\/jornalboasnoticias.com.br\/home\/#\/schema\/person\/71a4be4d1685617d6d00f15f0f2952ee"},"headline":"Feira do Produtor Urbano tem primeira edi\u00e7\u00e3o de 2024 nesta sexta-feira (12) em Cascavel","datePublished":"2024-01-11T11:46:40+00:00","mainEntityOfPage":{"@id":"https:\/\/jornalboasnoticias.com.br\/home\/feira-do-produtor-urbano-tem-primeira-edicao-de-2024-nesta-sexta-feira-12-em-cascavel\/"},"wordCount":280,"commentCount":0,"publisher":{"@id":"https:\/\/jornalboasnoticias.com.br\/home\/#organization"},"image":{"@id":"https:\/\/jornalboasnoticias.com.br\/home\/feira-do-produtor-urbano-tem-primeira-edicao-de-2024-nesta-sexta-feira-12-em-cascavel\/#primaryimage"},"thumbnailUrl":"https:\/\/jornalboasnoticias.com.br\/home\/wp-content\/uploads\/2024\/01\/IMG_0598-e1704973485234.jpeg","articleSection":["CASCAVEL"],"inLanguage":"pt-BR","potentialAction":[{"@type":"CommentAction","name":"Comment","target":["https:\/\/jornalboasnoticias.com.br\/home\/feira-do-produtor-urbano-tem-primeira-edicao-de-2024-nesta-sexta-feira-12-em-cascavel\/#respond"]}]},{"@type":"WebPage","@id":"https:\/\/jornalboasnoticias.com.br\/home\/feira-do-produtor-urbano-tem-primeira-edicao-de-2024-nesta-sexta-feira-12-em-cascavel\/","url":"https:\/\/jornalboasnoticias.com.br\/home\/feira-do-produtor-urbano-tem-primeira-edicao-de-2024-nesta-sexta-feira-12-em-cascavel\/","name":"Feira do Produtor Urbano tem primeira edi\u00e7\u00e3o de 2024 nesta sexta-feira (12) em Cascavel - Jornal","isPartOf":{"@id":"https:\/\/jornalboasnoticias.com.br\/home\/#website"},"primaryImageOfPage":{"@id":"https:\/\/jornalboasnoticias.com.br\/home\/feira-do-produtor-urbano-tem-primeira-edicao-de-2024-nesta-sexta-feira-12-em-cascavel\/#primaryimage"},"image":{"@id":"https:\/\/jornalboasnoticias.com.br\/home\/feira-do-produtor-urbano-tem-primeira-edicao-de-2024-nesta-sexta-feira-12-em-cascavel\/#primaryimage"},"thumbnailUrl":"https:\/\/jornalboasnoticias.com.br\/home\/wp-content\/uploads\/2024\/01\/IMG_0598-e1704973485234.jpeg","datePublished":"2024-01-11T11:46:40+00:00","description":"Feira do Produtor Urbano tem primeira edi\u00e7\u00e3o de 2024 nesta sexta-feira (12) em Cascavel","breadcrumb":{"@id":"https:\/\/jornalboasnoticias.com.br\/home\/feira-do-produtor-urbano-tem-primeira-edicao-de-2024-nesta-sexta-feira-12-em-cascavel\/#breadcrumb"},"inLanguage":"pt-BR","potentialAction":[{"@type":"ReadAction","target":["https:\/\/jornalboasnoticias.com.br\/home\/feira-do-produtor-urbano-tem-primeira-edicao-de-2024-nesta-sexta-feira-12-em-cascavel\/"]}]},{"@type":"ImageObject","inLanguage":"pt-BR","@id":"https:\/\/jornalboasnoticias.com.br\/home\/feira-do-produtor-urbano-tem-primeira-edicao-de-2024-nesta-sexta-feira-12-em-cascavel\/#primaryimage","url":"https:\/\/jornalboasnoticias.com.br\/home\/wp-content\/uploads\/2024\/01\/IMG_0598-e1704973485234.jpeg","contentUrl":"https:\/\/jornalboasnoticias.com.br\/home\/wp-content\/uploads\/2024\/01\/IMG_0598-e1704973485234.jpeg","width":800,"height":533,"caption":"Divulga\u00e7\u00e3o"},{"@type":"BreadcrumbList","@id":"https:\/\/jornalboasnoticias.com.br\/home\/feira-do-produtor-urbano-tem-primeira-edicao-de-2024-nesta-sexta-feira-12-em-cascavel\/#breadcrumb","itemListElement":[{"@type":"ListItem","position":1,"name":"In\u00edcio","item":"https:\/\/jornalboasnoticias.com.br\/home\/"},{"@type":"ListItem","position":2,"name":"Feira do Produtor Urbano tem primeira edi\u00e7\u00e3o de 2024 nesta sexta-feira (12) em Cascavel"}]},{"@type":"WebSite","@id":"https:\/\/jornalboasnoticias.com.br\/home\/#website","url":"https:\/\/jornalboasnoticias.com.br\/home\/","name":"Jornal Boas Not\u00edcias","description":"Boas not\u00edcias","publisher":{"@id":"https:\/\/jornalboasnoticias.com.br\/home\/#organization"},"potentialAction":[{"@type":"SearchAction","target":{"@type":"EntryPoint","urlTemplate":"https:\/\/jornalboasnoticias.com.br\/home\/?s={search_term_string}"},"query-input":{"@type":"PropertyValueSpecification","valueRequired":true,"valueName":"search_term_string"}}],"inLanguage":"pt-BR"},{"@type":"Organization","@id":"https:\/\/jornalboasnoticias.com.br\/home\/#organization","name":"Coq Editora Ltda","alternateName":"Jornal Boas Noticias","url":"https:\/\/jornalboasnoticias.com.br\/home\/","logo":{"@type":"ImageObject","inLanguage":"pt-BR","@id":"https:\/\/jornalboasnoticias.com.br\/home\/#\/schema\/logo\/image\/","url":"https:\/\/jornalboasnoticias.com.br\/home\/wp-content\/uploads\/2024\/07\/cropped-logo.jpg","contentUrl":"https:\/\/jornalboasnoticias.com.br\/home\/wp-content\/uploads\/2024\/07\/cropped-logo.jpg","width":290,"height":142,"caption":"Coq Editora Ltda"},"image":{"@id":"https:\/\/jornalboasnoticias.com.br\/home\/#\/schema\/logo\/image\/"},"sameAs":["https:\/\/www.facebook.com\/boasnoticiasjornal"]},{"@type":"Person","@id":"https:\/\/jornalboasnoticias.com.br\/home\/#\/schema\/person\/71a4be4d1685617d6d00f15f0f2952ee","name":"Maria Bonatto","image":{"@type":"ImageObject","inLanguage":"pt-BR","@id":"https:\/\/secure.gravatar.com\/avatar\/61bdbd92f7d53dd2fedfe556279602d97507ae906fdeb9624602488dcdcd042f?s=96&d=mm&r=g","url":"https:\/\/secure.gravatar.com\/avatar\/61bdbd92f7d53dd2fedfe556279602d97507ae906fdeb9624602488dcdcd042f?s=96&d=mm&r=g","contentUrl":"https:\/\/secure.gravatar.com\/avatar\/61bdbd92f7d53dd2fedfe556279602d97507ae906fdeb9624602488dcdcd042f?s=96&d=mm&r=g","caption":"Maria Bonatto"},"url":"https:\/\/jornalboasnoticias.com.br\/home\/author\/ana-bonatto\/"}]}},"_links":{"self":[{"href":"https:\/\/jornalboasnoticias.com.br\/home\/wp-json\/wp\/v2\/posts\/42523","targetHints":{"allow":["GET"]}}],"collection":[{"href":"https:\/\/jornalboasnoticias.com.br\/home\/wp-json\/wp\/v2\/posts"}],"about":[{"href":"https:\/\/jornalboasnoticias.com.br\/home\/wp-json\/wp\/v2\/types\/post"}],"author":[{"embeddable":true,"href":"https:\/\/jornalboasnoticias.com.br\/home\/wp-json\/wp\/v2\/users\/2"}],"replies":[{"embeddable":true,"href":"https:\/\/jornalboasnoticias.com.br\/home\/wp-json\/wp\/v2\/comments?post=42523"}],"version-history":[{"count":0,"href":"https:\/\/jornalboasnoticias.com.br\/home\/wp-json\/wp\/v2\/posts\/42523\/revisions"}],"wp:featuredmedia":[{"embeddable":true,"href":"https:\/\/jornalboasnoticias.com.br\/home\/wp-json\/wp\/v2\/media\/42524"}],"wp:attachment":[{"href":"https:\/\/jornalboasnoticias.com.br\/home\/wp-json\/wp\/v2\/media?parent=42523"}],"wp:term":[{"taxonomy":"category","embeddable":true,"href":"https:\/\/jornalboasnoticias.com.br\/home\/wp-json\/wp\/v2\/categories?post=42523"},{"taxonomy":"post_tag","embeddable":true,"href":"https:\/\/jornalboasnoticias.com.br\/home\/wp-json\/wp\/v2\/tags?post=42523"}],"curies":[{"name":"wp","href":"https:\/\/api.w.org\/{rel}","templated":true}]}}