{"id":42519,"date":"2024-01-10T17:18:46","date_gmt":"2024-01-10T20:18:46","guid":{"rendered":"https:\/\/www.jornalboasnoticias.com.br\/?p=42519"},"modified":"2024-01-10T17:18:46","modified_gmt":"2024-01-10T20:18:46","slug":"terraplanagem-marca-inicio-da-construcao-da-usina-fotovoltaica-e-do-eletroterminal","status":"publish","type":"post","link":"https:\/\/jornalboasnoticias.com.br\/home\/terraplanagem-marca-inicio-da-construcao-da-usina-fotovoltaica-e-do-eletroterminal\/","title":{"rendered":"Terraplanagem marca in\u00edcio da constru\u00e7\u00e3o da usina fotovoltaica e do eletroterminal"},"content":{"rendered":"<blockquote>\n<p style=\"text-align: center;\">As duas obras est\u00e3o em andamento e ambas levar\u00e3o sustentabilidade ao transporte p\u00fablico. Depois de pronta, a usina ter\u00e1 capacidade para produzir at\u00e9 2,5 mil KW\/h<\/p>\n<\/blockquote>\n<figure id=\"attachment_42520\" aria-describedby=\"caption-attachment-42520\" style=\"width: 548px\" class=\"wp-caption aligncenter\"><img loading=\"lazy\" decoding=\"async\" class=\"size-medium wp-image-42520\" src=\"https:\/\/jornalboasnoticias.com.br\/home\/wp-content\/uploads\/2024\/01\/img_E9E17D31D679036DB7C39CE4FFCF1E118117CEAC-e1704917868216-548x365.jpeg\" alt=\"\" width=\"548\" height=\"365\" \/><figcaption id=\"caption-attachment-42520\" class=\"wp-caption-text\">Divulga\u00e7\u00e3o<\/figcaption><\/figure>\n<p>Em uma \u00e1rea de 50 mil metros quadrados, localizada no aterro sanit\u00e1rio do Distrito Espig\u00e3o Azul, ser\u00e1 constru\u00edda uma usina fotovoltaica em Cascavel. As placas ser\u00e3o instaladas em \u00e1reas utilizadas para a disposi\u00e7\u00e3o de res\u00edduos, desativadas h\u00e1 mais de 12 anos e j\u00e1 consolidadas pelo tempo.<\/p>\n<p>Ao mesmo tempo, est\u00e1 sendo constru\u00eddo o eletroterminal, ao lado do Terminal de Transbordo Oeste. A empresa respons\u00e1vel est\u00e1 fazendo a terraplanagem no local. As duas obras est\u00e3o interligadas, j\u00e1 que ambas levar\u00e3o sustentabilidade ao transporte p\u00fablico que ter\u00e1 \u00f4nibus el\u00e9tricos inseridos na frota.<\/p>\n<p>A terraplanagem para a constru\u00e7\u00e3o da usina, tamb\u00e9m\u00a0j\u00e1 foi iniciada pelo Munic\u00edpio. A empresa que executar\u00e1 a obra teve o contrato assinado no ano passado, e a ordem de servi\u00e7o foi liberada em novembro de 2023. A empresa ter\u00e1 um prazo de sete meses para concluir a instala\u00e7\u00e3o das placas.<\/p>\n<p>Ser\u00e3o utilizados cinco mil m\u00f3dulos fotovoltaicos de 650W cada, 10 inversores de 250 kW,5 transformadores de 500 kW, cabine de entrada de 2500 kW e uma nova rede de distribui\u00e7\u00e3o de energia. Ao todo, devem ser investidos R$16 milh\u00f5es neste projeto, com recursos oriundos do BRDE (Banco Regional de Desenvolvimento Econ\u00f4mico), Itaipu e recursos livres do Munic\u00edpio.<\/p>\n<p>Depois de pronta, a usina ter\u00e1 capacidade para produzir at\u00e9 2,5 mil KW\/h. \u201cIsso representa metade do que \u00e9 permitido produzir de acordo com a modalidade regulamentada pela Aneel e Copel, que s\u00e3o as ag\u00eancias reguladoras do setor\u201d, explicou o engenheiro qu\u00edmico Elmo Rowe J\u00fanior.<\/p>\n<p>A iniciativa de instalar\u00a0a\u00a0usina em Cascavel surgiu da necessidade de melhoria no transporte coletivo urbano, com a aquisi\u00e7\u00e3o de 15 \u00f4nibus el\u00e9tricos &#8211; um investimento de R$ 45 milh\u00f5es &#8211; que ir\u00e3o compor a frota urbana no transporte de passageiros.<\/p>\n<p>\u201cO eletroterminal j\u00e1 est\u00e1 sendo constru\u00eddo em uma \u00e1rea pr\u00f3xima ao antigo terminal oeste. \u00c9 ali que os \u00f4nibus el\u00e9tricos ser\u00e3o abastecidos. E, para suprir esta demanda, o investimento na usina fotovoltaica se fez necess\u00e1rio, pois o Munic\u00edpio vai produzir a energia, entreg\u00e1-la para a Copel e ficar com os cr\u00e9ditos. Esse cr\u00e9dito ser\u00e1 usado no eletroterminal. Isso significa redu\u00e7\u00e3o na planilha de custos das empresas e consequentemente, redu\u00e7\u00e3o no valor da tarifa ou o adiamento nos futuros reajustes que se fizerem necess\u00e1rios uma vez que o Munic\u00edpio adquiriu os \u00f4nibus, vai construir a usina e o eletroterminal para fornecimento da energia necess\u00e1ria para o funcionamento dos ve\u00edculos\u201d, explicou o assessor especial do gabinete, Fernando Dillemburg.<\/p>\n<p>Caso ocorra excedente de produ\u00e7\u00e3o, ser\u00e3o adicionadas novas unidades consumidoras na compensa\u00e7\u00e3o destes cr\u00e9ditos.<\/p>\n<p>No aterro sanit\u00e1rio de Cascavel, j\u00e1 \u00e9 produzida energia proveniente do biog\u00e1s gerado pela decomposi\u00e7\u00e3o anaer\u00f3bica da mat\u00e9ria org\u00e2nica presente nos res\u00edduos domiciliares.<\/p>\n<p>\u201cA produ\u00e7\u00e3o de energia fotovoltaica no aterro sanit\u00e1rio, em nada ir\u00e1 interferir na produ\u00e7\u00e3o de energia el\u00e9trica da Usina de Biog\u00e1s, uma vez que as mesmas estar\u00e3o interligadas em sistemas de distribui\u00e7\u00e3o diferentes\u201d, explicou o engenheiro Elmo Rowe J\u00fanior.<\/p>\n<p>A Usina movida a biog\u00e1s produziu no ano passado, 1.499.505 KWh, representando uma economia de R$ 989.673,30 para os cofres p\u00fablicos. \u00c9 usada em 64 unidades consumidoras do Munic\u00edpio, sendo elas: pra\u00e7as, escolas e estruturas da Secretaria de Meio Ambiente.<\/p>\n<h2><strong>Como se d\u00e1 a produ\u00e7\u00e3o de energia solar<\/strong><\/h2>\n<p>O processo da energia fotovoltaica para a produ\u00e7\u00e3o de energia utiliza placas solares produzidas em material semicondutor para, quando as part\u00edculas de luz solar, que s\u00e3o os f\u00f3tons, incidirem, os el\u00e9trons do material semicondutor entram em movimento gerando a eletricidade. A energia fotovoltaica \u00e9 gerada pelas placas solares e levada ao inversor solar, equipamento respons\u00e1vel por transformar a corrente el\u00e9trica cont\u00ednua em alternada e, ent\u00e3o, ser distribu\u00edda para o local de consumo e utilizada pelos equipamentos.<\/p>\n<p>(Secom)<\/p>\n","protected":false},"excerpt":{"rendered":"<p>As duas obras est\u00e3o em andamento e ambas levar\u00e3o sustentabilidade ao transporte p\u00fablico. Depois de<\/p>\n","protected":false},"author":2,"featured_media":42520,"comment_status":"open","ping_status":"open","sticky":false,"template":"","format":"standard","meta":{"footnotes":""},"categories":[2,3],"tags":[],"class_list":["post-42519","post","type-post","status-publish","format-standard","has-post-thumbnail","hentry","category-cascavel","category-destaques"],"yoast_head":"<!-- This site is optimized with the Yoast SEO plugin v27.5 - https:\/\/yoast.com\/product\/yoast-seo-wordpress\/ -->\n<title>Terraplanagem marca in\u00edcio da constru\u00e7\u00e3o da usina fotovoltaica e do eletroterminal - Jornal<\/title>\n<meta name=\"description\" content=\"Terraplanagem marca in\u00edcio da constru\u00e7\u00e3o da usina fotovoltaica e do eletroterminal\" \/>\n<meta name=\"robots\" content=\"index, follow, max-snippet:-1, max-image-preview:large, max-video-preview:-1\" \/>\n<link rel=\"canonical\" href=\"https:\/\/jornalboasnoticias.com.br\/home\/terraplanagem-marca-inicio-da-construcao-da-usina-fotovoltaica-e-do-eletroterminal\/\" \/>\n<meta property=\"og:locale\" content=\"pt_BR\" \/>\n<meta property=\"og:type\" content=\"article\" \/>\n<meta property=\"og:title\" content=\"Terraplanagem marca in\u00edcio da constru\u00e7\u00e3o da usina fotovoltaica e do eletroterminal - Jornal\" \/>\n<meta property=\"og:description\" content=\"Terraplanagem marca in\u00edcio da constru\u00e7\u00e3o da usina fotovoltaica e do eletroterminal\" \/>\n<meta property=\"og:url\" content=\"https:\/\/jornalboasnoticias.com.br\/home\/terraplanagem-marca-inicio-da-construcao-da-usina-fotovoltaica-e-do-eletroterminal\/\" \/>\n<meta property=\"og:site_name\" content=\"Jornal\" \/>\n<meta property=\"article:publisher\" content=\"https:\/\/www.facebook.com\/boasnoticiasjornal\" \/>\n<meta property=\"article:published_time\" content=\"2024-01-10T20:18:46+00:00\" \/>\n<meta property=\"og:image\" content=\"https:\/\/jornalboasnoticias.com.br\/home\/wp-content\/uploads\/2024\/01\/img_E9E17D31D679036DB7C39CE4FFCF1E118117CEAC-e1704917868216.jpeg\" \/>\n\t<meta property=\"og:image:width\" content=\"800\" \/>\n\t<meta property=\"og:image:height\" content=\"533\" \/>\n\t<meta property=\"og:image:type\" content=\"image\/jpeg\" \/>\n<meta name=\"author\" content=\"Maria Bonatto\" \/>\n<meta name=\"twitter:card\" content=\"summary_large_image\" \/>\n<meta name=\"twitter:label1\" content=\"Escrito por\" \/>\n\t<meta name=\"twitter:data1\" content=\"Maria Bonatto\" \/>\n\t<meta name=\"twitter:label2\" content=\"Est. tempo de leitura\" \/>\n\t<meta name=\"twitter:data2\" content=\"4 minutos\" \/>\n<script type=\"application\/ld+json\" class=\"yoast-schema-graph\">{\"@context\":\"https:\\\/\\\/schema.org\",\"@graph\":[{\"@type\":\"Article\",\"@id\":\"https:\\\/\\\/jornalboasnoticias.com.br\\\/home\\\/terraplanagem-marca-inicio-da-construcao-da-usina-fotovoltaica-e-do-eletroterminal\\\/#article\",\"isPartOf\":{\"@id\":\"https:\\\/\\\/jornalboasnoticias.com.br\\\/home\\\/terraplanagem-marca-inicio-da-construcao-da-usina-fotovoltaica-e-do-eletroterminal\\\/\"},\"author\":{\"name\":\"Maria Bonatto\",\"@id\":\"https:\\\/\\\/jornalboasnoticias.com.br\\\/home\\\/#\\\/schema\\\/person\\\/71a4be4d1685617d6d00f15f0f2952ee\"},\"headline\":\"Terraplanagem marca in\u00edcio da constru\u00e7\u00e3o da usina fotovoltaica e do eletroterminal\",\"datePublished\":\"2024-01-10T20:18:46+00:00\",\"mainEntityOfPage\":{\"@id\":\"https:\\\/\\\/jornalboasnoticias.com.br\\\/home\\\/terraplanagem-marca-inicio-da-construcao-da-usina-fotovoltaica-e-do-eletroterminal\\\/\"},\"wordCount\":716,\"commentCount\":0,\"publisher\":{\"@id\":\"https:\\\/\\\/jornalboasnoticias.com.br\\\/home\\\/#organization\"},\"image\":{\"@id\":\"https:\\\/\\\/jornalboasnoticias.com.br\\\/home\\\/terraplanagem-marca-inicio-da-construcao-da-usina-fotovoltaica-e-do-eletroterminal\\\/#primaryimage\"},\"thumbnailUrl\":\"https:\\\/\\\/jornalboasnoticias.com.br\\\/home\\\/wp-content\\\/uploads\\\/2024\\\/01\\\/img_E9E17D31D679036DB7C39CE4FFCF1E118117CEAC-e1704917868216.jpeg\",\"articleSection\":[\"CASCAVEL\",\"DESTAQUE\"],\"inLanguage\":\"pt-BR\",\"potentialAction\":[{\"@type\":\"CommentAction\",\"name\":\"Comment\",\"target\":[\"https:\\\/\\\/jornalboasnoticias.com.br\\\/home\\\/terraplanagem-marca-inicio-da-construcao-da-usina-fotovoltaica-e-do-eletroterminal\\\/#respond\"]}]},{\"@type\":\"WebPage\",\"@id\":\"https:\\\/\\\/jornalboasnoticias.com.br\\\/home\\\/terraplanagem-marca-inicio-da-construcao-da-usina-fotovoltaica-e-do-eletroterminal\\\/\",\"url\":\"https:\\\/\\\/jornalboasnoticias.com.br\\\/home\\\/terraplanagem-marca-inicio-da-construcao-da-usina-fotovoltaica-e-do-eletroterminal\\\/\",\"name\":\"Terraplanagem marca in\u00edcio da constru\u00e7\u00e3o da usina fotovoltaica e do eletroterminal - Jornal\",\"isPartOf\":{\"@id\":\"https:\\\/\\\/jornalboasnoticias.com.br\\\/home\\\/#website\"},\"primaryImageOfPage\":{\"@id\":\"https:\\\/\\\/jornalboasnoticias.com.br\\\/home\\\/terraplanagem-marca-inicio-da-construcao-da-usina-fotovoltaica-e-do-eletroterminal\\\/#primaryimage\"},\"image\":{\"@id\":\"https:\\\/\\\/jornalboasnoticias.com.br\\\/home\\\/terraplanagem-marca-inicio-da-construcao-da-usina-fotovoltaica-e-do-eletroterminal\\\/#primaryimage\"},\"thumbnailUrl\":\"https:\\\/\\\/jornalboasnoticias.com.br\\\/home\\\/wp-content\\\/uploads\\\/2024\\\/01\\\/img_E9E17D31D679036DB7C39CE4FFCF1E118117CEAC-e1704917868216.jpeg\",\"datePublished\":\"2024-01-10T20:18:46+00:00\",\"description\":\"Terraplanagem marca in\u00edcio da constru\u00e7\u00e3o da usina fotovoltaica e do eletroterminal\",\"breadcrumb\":{\"@id\":\"https:\\\/\\\/jornalboasnoticias.com.br\\\/home\\\/terraplanagem-marca-inicio-da-construcao-da-usina-fotovoltaica-e-do-eletroterminal\\\/#breadcrumb\"},\"inLanguage\":\"pt-BR\",\"potentialAction\":[{\"@type\":\"ReadAction\",\"target\":[\"https:\\\/\\\/jornalboasnoticias.com.br\\\/home\\\/terraplanagem-marca-inicio-da-construcao-da-usina-fotovoltaica-e-do-eletroterminal\\\/\"]}]},{\"@type\":\"ImageObject\",\"inLanguage\":\"pt-BR\",\"@id\":\"https:\\\/\\\/jornalboasnoticias.com.br\\\/home\\\/terraplanagem-marca-inicio-da-construcao-da-usina-fotovoltaica-e-do-eletroterminal\\\/#primaryimage\",\"url\":\"https:\\\/\\\/jornalboasnoticias.com.br\\\/home\\\/wp-content\\\/uploads\\\/2024\\\/01\\\/img_E9E17D31D679036DB7C39CE4FFCF1E118117CEAC-e1704917868216.jpeg\",\"contentUrl\":\"https:\\\/\\\/jornalboasnoticias.com.br\\\/home\\\/wp-content\\\/uploads\\\/2024\\\/01\\\/img_E9E17D31D679036DB7C39CE4FFCF1E118117CEAC-e1704917868216.jpeg\",\"width\":800,\"height\":533,\"caption\":\"Divulga\u00e7\u00e3o\"},{\"@type\":\"BreadcrumbList\",\"@id\":\"https:\\\/\\\/jornalboasnoticias.com.br\\\/home\\\/terraplanagem-marca-inicio-da-construcao-da-usina-fotovoltaica-e-do-eletroterminal\\\/#breadcrumb\",\"itemListElement\":[{\"@type\":\"ListItem\",\"position\":1,\"name\":\"In\u00edcio\",\"item\":\"https:\\\/\\\/jornalboasnoticias.com.br\\\/home\\\/\"},{\"@type\":\"ListItem\",\"position\":2,\"name\":\"Terraplanagem marca in\u00edcio da constru\u00e7\u00e3o da usina fotovoltaica e do eletroterminal\"}]},{\"@type\":\"WebSite\",\"@id\":\"https:\\\/\\\/jornalboasnoticias.com.br\\\/home\\\/#website\",\"url\":\"https:\\\/\\\/jornalboasnoticias.com.br\\\/home\\\/\",\"name\":\"Jornal Boas Not\u00edcias\",\"description\":\"Boas not\u00edcias\",\"publisher\":{\"@id\":\"https:\\\/\\\/jornalboasnoticias.com.br\\\/home\\\/#organization\"},\"potentialAction\":[{\"@type\":\"SearchAction\",\"target\":{\"@type\":\"EntryPoint\",\"urlTemplate\":\"https:\\\/\\\/jornalboasnoticias.com.br\\\/home\\\/?s={search_term_string}\"},\"query-input\":{\"@type\":\"PropertyValueSpecification\",\"valueRequired\":true,\"valueName\":\"search_term_string\"}}],\"inLanguage\":\"pt-BR\"},{\"@type\":\"Organization\",\"@id\":\"https:\\\/\\\/jornalboasnoticias.com.br\\\/home\\\/#organization\",\"name\":\"Coq Editora Ltda\",\"alternateName\":\"Jornal Boas Noticias\",\"url\":\"https:\\\/\\\/jornalboasnoticias.com.br\\\/home\\\/\",\"logo\":{\"@type\":\"ImageObject\",\"inLanguage\":\"pt-BR\",\"@id\":\"https:\\\/\\\/jornalboasnoticias.com.br\\\/home\\\/#\\\/schema\\\/logo\\\/image\\\/\",\"url\":\"https:\\\/\\\/jornalboasnoticias.com.br\\\/home\\\/wp-content\\\/uploads\\\/2024\\\/07\\\/cropped-logo.jpg\",\"contentUrl\":\"https:\\\/\\\/jornalboasnoticias.com.br\\\/home\\\/wp-content\\\/uploads\\\/2024\\\/07\\\/cropped-logo.jpg\",\"width\":290,\"height\":142,\"caption\":\"Coq Editora Ltda\"},\"image\":{\"@id\":\"https:\\\/\\\/jornalboasnoticias.com.br\\\/home\\\/#\\\/schema\\\/logo\\\/image\\\/\"},\"sameAs\":[\"https:\\\/\\\/www.facebook.com\\\/boasnoticiasjornal\"]},{\"@type\":\"Person\",\"@id\":\"https:\\\/\\\/jornalboasnoticias.com.br\\\/home\\\/#\\\/schema\\\/person\\\/71a4be4d1685617d6d00f15f0f2952ee\",\"name\":\"Maria Bonatto\",\"image\":{\"@type\":\"ImageObject\",\"inLanguage\":\"pt-BR\",\"@id\":\"https:\\\/\\\/secure.gravatar.com\\\/avatar\\\/61bdbd92f7d53dd2fedfe556279602d97507ae906fdeb9624602488dcdcd042f?s=96&d=mm&r=g\",\"url\":\"https:\\\/\\\/secure.gravatar.com\\\/avatar\\\/61bdbd92f7d53dd2fedfe556279602d97507ae906fdeb9624602488dcdcd042f?s=96&d=mm&r=g\",\"contentUrl\":\"https:\\\/\\\/secure.gravatar.com\\\/avatar\\\/61bdbd92f7d53dd2fedfe556279602d97507ae906fdeb9624602488dcdcd042f?s=96&d=mm&r=g\",\"caption\":\"Maria Bonatto\"},\"url\":\"https:\\\/\\\/jornalboasnoticias.com.br\\\/home\\\/author\\\/ana-bonatto\\\/\"}]}<\/script>\n<!-- \/ Yoast SEO plugin. -->","yoast_head_json":{"title":"Terraplanagem marca in\u00edcio da constru\u00e7\u00e3o da usina fotovoltaica e do eletroterminal - Jornal","description":"Terraplanagem marca in\u00edcio da constru\u00e7\u00e3o da usina fotovoltaica e do eletroterminal","robots":{"index":"index","follow":"follow","max-snippet":"max-snippet:-1","max-image-preview":"max-image-preview:large","max-video-preview":"max-video-preview:-1"},"canonical":"https:\/\/jornalboasnoticias.com.br\/home\/terraplanagem-marca-inicio-da-construcao-da-usina-fotovoltaica-e-do-eletroterminal\/","og_locale":"pt_BR","og_type":"article","og_title":"Terraplanagem marca in\u00edcio da constru\u00e7\u00e3o da usina fotovoltaica e do eletroterminal - Jornal","og_description":"Terraplanagem marca in\u00edcio da constru\u00e7\u00e3o da usina fotovoltaica e do eletroterminal","og_url":"https:\/\/jornalboasnoticias.com.br\/home\/terraplanagem-marca-inicio-da-construcao-da-usina-fotovoltaica-e-do-eletroterminal\/","og_site_name":"Jornal","article_publisher":"https:\/\/www.facebook.com\/boasnoticiasjornal","article_published_time":"2024-01-10T20:18:46+00:00","og_image":[{"width":800,"height":533,"url":"https:\/\/jornalboasnoticias.com.br\/home\/wp-content\/uploads\/2024\/01\/img_E9E17D31D679036DB7C39CE4FFCF1E118117CEAC-e1704917868216.jpeg","type":"image\/jpeg"}],"author":"Maria Bonatto","twitter_card":"summary_large_image","twitter_misc":{"Escrito por":"Maria Bonatto","Est. tempo de leitura":"4 minutos"},"schema":{"@context":"https:\/\/schema.org","@graph":[{"@type":"Article","@id":"https:\/\/jornalboasnoticias.com.br\/home\/terraplanagem-marca-inicio-da-construcao-da-usina-fotovoltaica-e-do-eletroterminal\/#article","isPartOf":{"@id":"https:\/\/jornalboasnoticias.com.br\/home\/terraplanagem-marca-inicio-da-construcao-da-usina-fotovoltaica-e-do-eletroterminal\/"},"author":{"name":"Maria Bonatto","@id":"https:\/\/jornalboasnoticias.com.br\/home\/#\/schema\/person\/71a4be4d1685617d6d00f15f0f2952ee"},"headline":"Terraplanagem marca in\u00edcio da constru\u00e7\u00e3o da usina fotovoltaica e do eletroterminal","datePublished":"2024-01-10T20:18:46+00:00","mainEntityOfPage":{"@id":"https:\/\/jornalboasnoticias.com.br\/home\/terraplanagem-marca-inicio-da-construcao-da-usina-fotovoltaica-e-do-eletroterminal\/"},"wordCount":716,"commentCount":0,"publisher":{"@id":"https:\/\/jornalboasnoticias.com.br\/home\/#organization"},"image":{"@id":"https:\/\/jornalboasnoticias.com.br\/home\/terraplanagem-marca-inicio-da-construcao-da-usina-fotovoltaica-e-do-eletroterminal\/#primaryimage"},"thumbnailUrl":"https:\/\/jornalboasnoticias.com.br\/home\/wp-content\/uploads\/2024\/01\/img_E9E17D31D679036DB7C39CE4FFCF1E118117CEAC-e1704917868216.jpeg","articleSection":["CASCAVEL","DESTAQUE"],"inLanguage":"pt-BR","potentialAction":[{"@type":"CommentAction","name":"Comment","target":["https:\/\/jornalboasnoticias.com.br\/home\/terraplanagem-marca-inicio-da-construcao-da-usina-fotovoltaica-e-do-eletroterminal\/#respond"]}]},{"@type":"WebPage","@id":"https:\/\/jornalboasnoticias.com.br\/home\/terraplanagem-marca-inicio-da-construcao-da-usina-fotovoltaica-e-do-eletroterminal\/","url":"https:\/\/jornalboasnoticias.com.br\/home\/terraplanagem-marca-inicio-da-construcao-da-usina-fotovoltaica-e-do-eletroterminal\/","name":"Terraplanagem marca in\u00edcio da constru\u00e7\u00e3o da usina fotovoltaica e do eletroterminal - Jornal","isPartOf":{"@id":"https:\/\/jornalboasnoticias.com.br\/home\/#website"},"primaryImageOfPage":{"@id":"https:\/\/jornalboasnoticias.com.br\/home\/terraplanagem-marca-inicio-da-construcao-da-usina-fotovoltaica-e-do-eletroterminal\/#primaryimage"},"image":{"@id":"https:\/\/jornalboasnoticias.com.br\/home\/terraplanagem-marca-inicio-da-construcao-da-usina-fotovoltaica-e-do-eletroterminal\/#primaryimage"},"thumbnailUrl":"https:\/\/jornalboasnoticias.com.br\/home\/wp-content\/uploads\/2024\/01\/img_E9E17D31D679036DB7C39CE4FFCF1E118117CEAC-e1704917868216.jpeg","datePublished":"2024-01-10T20:18:46+00:00","description":"Terraplanagem marca in\u00edcio da constru\u00e7\u00e3o da usina fotovoltaica e do eletroterminal","breadcrumb":{"@id":"https:\/\/jornalboasnoticias.com.br\/home\/terraplanagem-marca-inicio-da-construcao-da-usina-fotovoltaica-e-do-eletroterminal\/#breadcrumb"},"inLanguage":"pt-BR","potentialAction":[{"@type":"ReadAction","target":["https:\/\/jornalboasnoticias.com.br\/home\/terraplanagem-marca-inicio-da-construcao-da-usina-fotovoltaica-e-do-eletroterminal\/"]}]},{"@type":"ImageObject","inLanguage":"pt-BR","@id":"https:\/\/jornalboasnoticias.com.br\/home\/terraplanagem-marca-inicio-da-construcao-da-usina-fotovoltaica-e-do-eletroterminal\/#primaryimage","url":"https:\/\/jornalboasnoticias.com.br\/home\/wp-content\/uploads\/2024\/01\/img_E9E17D31D679036DB7C39CE4FFCF1E118117CEAC-e1704917868216.jpeg","contentUrl":"https:\/\/jornalboasnoticias.com.br\/home\/wp-content\/uploads\/2024\/01\/img_E9E17D31D679036DB7C39CE4FFCF1E118117CEAC-e1704917868216.jpeg","width":800,"height":533,"caption":"Divulga\u00e7\u00e3o"},{"@type":"BreadcrumbList","@id":"https:\/\/jornalboasnoticias.com.br\/home\/terraplanagem-marca-inicio-da-construcao-da-usina-fotovoltaica-e-do-eletroterminal\/#breadcrumb","itemListElement":[{"@type":"ListItem","position":1,"name":"In\u00edcio","item":"https:\/\/jornalboasnoticias.com.br\/home\/"},{"@type":"ListItem","position":2,"name":"Terraplanagem marca in\u00edcio da constru\u00e7\u00e3o da usina fotovoltaica e do eletroterminal"}]},{"@type":"WebSite","@id":"https:\/\/jornalboasnoticias.com.br\/home\/#website","url":"https:\/\/jornalboasnoticias.com.br\/home\/","name":"Jornal Boas Not\u00edcias","description":"Boas not\u00edcias","publisher":{"@id":"https:\/\/jornalboasnoticias.com.br\/home\/#organization"},"potentialAction":[{"@type":"SearchAction","target":{"@type":"EntryPoint","urlTemplate":"https:\/\/jornalboasnoticias.com.br\/home\/?s={search_term_string}"},"query-input":{"@type":"PropertyValueSpecification","valueRequired":true,"valueName":"search_term_string"}}],"inLanguage":"pt-BR"},{"@type":"Organization","@id":"https:\/\/jornalboasnoticias.com.br\/home\/#organization","name":"Coq Editora Ltda","alternateName":"Jornal Boas Noticias","url":"https:\/\/jornalboasnoticias.com.br\/home\/","logo":{"@type":"ImageObject","inLanguage":"pt-BR","@id":"https:\/\/jornalboasnoticias.com.br\/home\/#\/schema\/logo\/image\/","url":"https:\/\/jornalboasnoticias.com.br\/home\/wp-content\/uploads\/2024\/07\/cropped-logo.jpg","contentUrl":"https:\/\/jornalboasnoticias.com.br\/home\/wp-content\/uploads\/2024\/07\/cropped-logo.jpg","width":290,"height":142,"caption":"Coq Editora Ltda"},"image":{"@id":"https:\/\/jornalboasnoticias.com.br\/home\/#\/schema\/logo\/image\/"},"sameAs":["https:\/\/www.facebook.com\/boasnoticiasjornal"]},{"@type":"Person","@id":"https:\/\/jornalboasnoticias.com.br\/home\/#\/schema\/person\/71a4be4d1685617d6d00f15f0f2952ee","name":"Maria Bonatto","image":{"@type":"ImageObject","inLanguage":"pt-BR","@id":"https:\/\/secure.gravatar.com\/avatar\/61bdbd92f7d53dd2fedfe556279602d97507ae906fdeb9624602488dcdcd042f?s=96&d=mm&r=g","url":"https:\/\/secure.gravatar.com\/avatar\/61bdbd92f7d53dd2fedfe556279602d97507ae906fdeb9624602488dcdcd042f?s=96&d=mm&r=g","contentUrl":"https:\/\/secure.gravatar.com\/avatar\/61bdbd92f7d53dd2fedfe556279602d97507ae906fdeb9624602488dcdcd042f?s=96&d=mm&r=g","caption":"Maria Bonatto"},"url":"https:\/\/jornalboasnoticias.com.br\/home\/author\/ana-bonatto\/"}]}},"_links":{"self":[{"href":"https:\/\/jornalboasnoticias.com.br\/home\/wp-json\/wp\/v2\/posts\/42519","targetHints":{"allow":["GET"]}}],"collection":[{"href":"https:\/\/jornalboasnoticias.com.br\/home\/wp-json\/wp\/v2\/posts"}],"about":[{"href":"https:\/\/jornalboasnoticias.com.br\/home\/wp-json\/wp\/v2\/types\/post"}],"author":[{"embeddable":true,"href":"https:\/\/jornalboasnoticias.com.br\/home\/wp-json\/wp\/v2\/users\/2"}],"replies":[{"embeddable":true,"href":"https:\/\/jornalboasnoticias.com.br\/home\/wp-json\/wp\/v2\/comments?post=42519"}],"version-history":[{"count":0,"href":"https:\/\/jornalboasnoticias.com.br\/home\/wp-json\/wp\/v2\/posts\/42519\/revisions"}],"wp:featuredmedia":[{"embeddable":true,"href":"https:\/\/jornalboasnoticias.com.br\/home\/wp-json\/wp\/v2\/media\/42520"}],"wp:attachment":[{"href":"https:\/\/jornalboasnoticias.com.br\/home\/wp-json\/wp\/v2\/media?parent=42519"}],"wp:term":[{"taxonomy":"category","embeddable":true,"href":"https:\/\/jornalboasnoticias.com.br\/home\/wp-json\/wp\/v2\/categories?post=42519"},{"taxonomy":"post_tag","embeddable":true,"href":"https:\/\/jornalboasnoticias.com.br\/home\/wp-json\/wp\/v2\/tags?post=42519"}],"curies":[{"name":"wp","href":"https:\/\/api.w.org\/{rel}","templated":true}]}}