{"id":42516,"date":"2024-01-10T16:40:34","date_gmt":"2024-01-10T19:40:34","guid":{"rendered":"https:\/\/www.jornalboasnoticias.com.br\/?p=42516"},"modified":"2024-01-10T16:40:34","modified_gmt":"2024-01-10T19:40:34","slug":"conselheiros-tutelares-sao-empossados-em-cascavel","status":"publish","type":"post","link":"https:\/\/jornalboasnoticias.com.br\/home\/conselheiros-tutelares-sao-empossados-em-cascavel\/","title":{"rendered":"Conselheiros tutelares s\u00e3o empossados em Cascavel"},"content":{"rendered":"<blockquote>\n<p style=\"text-align: center;\">No total, s\u00e3o 15 conselheiros eleitos no ano passado e que ir\u00e3o atuar nos tr\u00eas conselhos tutelares da cidade<\/p>\n<\/blockquote>\n<figure id=\"attachment_42517\" aria-describedby=\"caption-attachment-42517\" style=\"width: 548px\" class=\"wp-caption aligncenter\"><img loading=\"lazy\" decoding=\"async\" class=\"size-medium wp-image-42517\" src=\"https:\/\/jornalboasnoticias.com.br\/home\/wp-content\/uploads\/2024\/01\/img_56AD94A29AE710F6E6F9FCE17D971623DA66649D-e1704915613364-548x365.jpeg\" alt=\"\" width=\"548\" height=\"365\" \/><figcaption id=\"caption-attachment-42517\" class=\"wp-caption-text\">Divulga\u00e7\u00e3o<\/figcaption><\/figure>\n<p>Os 15 conselheiros eleitos e que atuar\u00e3o nos tr\u00eas conselhos tutelares de Cascavel tomaram posse na manh\u00e3 desta quarta-feira (10) em solenidade realizada na Prefeitura de Cascavel. Eles foram escolhidos por voto popular em processo eleitoral organizado pelo Conselho Municipal dos Direitos da Crian\u00e7a e do Adolescente junto com a Secretaria de Assist\u00eancia Social (Seaso) no ano passado.<\/p>\n<p>Eles passaram por prova escrita, exames m\u00e9dicos, psicol\u00f3gicos e avalia\u00e7\u00e3o documental, antes de passarem pelo crivo do voto popular, o que aconteceu no dia 1\u00ba de outubro do ano passado. Dos 15 conselheiros que assumiram, 12 foram reeleitos.<\/p>\n<p>\u201cHoje, est\u00e3o tomando posse e iniciando os trabalhos 15 conselheiros tutelares mais votados de Cascavel. Eles s\u00e3o profissionais fundamentais na garantia dos direitos das crian\u00e7as e adolescentes de Cascavel. Ent\u00e3o, hoje eles assumem esse compromisso e essa responsabilidade com a sociedade cascavelense de zelar pelo nosso bem maior, que s\u00e3o as nossas crian\u00e7as e adolescentes\u201d, diz o secret\u00e1rio de Assist\u00eancia Social, Hudson Moreschi.<\/p>\n<p>Ezequiel Lima assume pela primeira vez como conselheiro tutelar e diz que \u00e9 uma miss\u00e3o a ser cumprida.<\/p>\n<p>\u201cN\u00f3s temos um caminho muito \u00e1rduo, mas que precisa ser trabalhado, que \u00e9 a garantia dos direitos da crian\u00e7a e do adolescente. Ent\u00e3o, a motiva\u00e7\u00e3o est\u00e1 muito alta, para que de fato, a partir de hoje, dia 10, a gente chegue e j\u00e1 se depare com uma demanda de trabalho que precisa ser executada. A prioridade \u00e9 defender o direito da crian\u00e7a e do adolescente, fazer com que elas sejam assistidas, fazer com que a fam\u00edlia tenha um acompanhamento\u201d, afirma.<\/p>\n<p>Patr\u00edcia Paranhos \u00e9 conselheira por dois mandatos e assumiu hoje o terceiro e ir\u00e1 permanecer no Conselho Tutelar Oeste e diz que continuar\u00e1 lutando para mostrar \u00e0 comunidade o real papel desenvolvido pelo Conselho Tutelar e a import\u00e2ncia do \u00f3rg\u00e3o.<\/p>\n<p>\u201cMuitas pessoas pensam que a gente \u00e9 uma pol\u00edcia de menores e, na verdade, n\u00e3o \u00e9 esse o nosso trabalho. N\u00f3s estamos para proteger crian\u00e7as e adolescentes. Quando a crian\u00e7a e o adolescente t\u00eam o direito violado \u00e9 no Conselho que tem que ir. Voc\u00ea n\u00e3o tem que ter medo do Conselho Tutelar, voc\u00ea tem que t\u00ea-lo ao seu lado, como parceiro, e \u00e9 isso que a gente vai buscar mostrar para a comunidade\u201d, afirma.<\/p>\n<p>(Secom)<\/p>\n","protected":false},"excerpt":{"rendered":"<p>No total, s\u00e3o 15 conselheiros eleitos no ano passado e que ir\u00e3o atuar nos tr\u00eas<\/p>\n","protected":false},"author":2,"featured_media":42517,"comment_status":"open","ping_status":"open","sticky":false,"template":"","format":"standard","meta":{"footnotes":""},"categories":[2],"tags":[],"class_list":["post-42516","post","type-post","status-publish","format-standard","has-post-thumbnail","hentry","category-cascavel"],"yoast_head":"<!-- This site is optimized with the Yoast SEO plugin v27.5 - https:\/\/yoast.com\/product\/yoast-seo-wordpress\/ -->\n<title>Conselheiros tutelares s\u00e3o empossados em Cascavel - Jornal<\/title>\n<meta name=\"description\" content=\"Conselheiros tutelares s\u00e3o empossados em Cascavel\" \/>\n<meta name=\"robots\" content=\"index, follow, max-snippet:-1, max-image-preview:large, max-video-preview:-1\" \/>\n<link rel=\"canonical\" href=\"https:\/\/jornalboasnoticias.com.br\/home\/conselheiros-tutelares-sao-empossados-em-cascavel\/\" \/>\n<meta property=\"og:locale\" content=\"pt_BR\" \/>\n<meta property=\"og:type\" content=\"article\" \/>\n<meta property=\"og:title\" content=\"Conselheiros tutelares s\u00e3o empossados em Cascavel - Jornal\" \/>\n<meta property=\"og:description\" content=\"Conselheiros tutelares s\u00e3o empossados em Cascavel\" \/>\n<meta property=\"og:url\" content=\"https:\/\/jornalboasnoticias.com.br\/home\/conselheiros-tutelares-sao-empossados-em-cascavel\/\" \/>\n<meta property=\"og:site_name\" content=\"Jornal\" \/>\n<meta property=\"article:publisher\" content=\"https:\/\/www.facebook.com\/boasnoticiasjornal\" \/>\n<meta property=\"article:published_time\" content=\"2024-01-10T19:40:34+00:00\" \/>\n<meta property=\"og:image\" content=\"https:\/\/jornalboasnoticias.com.br\/home\/wp-content\/uploads\/2024\/01\/img_56AD94A29AE710F6E6F9FCE17D971623DA66649D-e1704915613364.jpeg\" \/>\n\t<meta property=\"og:image:width\" content=\"800\" \/>\n\t<meta property=\"og:image:height\" content=\"533\" \/>\n\t<meta property=\"og:image:type\" content=\"image\/jpeg\" \/>\n<meta name=\"author\" content=\"Maria Bonatto\" \/>\n<meta name=\"twitter:card\" content=\"summary_large_image\" \/>\n<meta name=\"twitter:label1\" content=\"Escrito por\" \/>\n\t<meta name=\"twitter:data1\" content=\"Maria Bonatto\" \/>\n\t<meta name=\"twitter:label2\" content=\"Est. tempo de leitura\" \/>\n\t<meta name=\"twitter:data2\" content=\"2 minutos\" \/>\n<script type=\"application\/ld+json\" class=\"yoast-schema-graph\">{\"@context\":\"https:\\\/\\\/schema.org\",\"@graph\":[{\"@type\":\"Article\",\"@id\":\"https:\\\/\\\/jornalboasnoticias.com.br\\\/home\\\/conselheiros-tutelares-sao-empossados-em-cascavel\\\/#article\",\"isPartOf\":{\"@id\":\"https:\\\/\\\/jornalboasnoticias.com.br\\\/home\\\/conselheiros-tutelares-sao-empossados-em-cascavel\\\/\"},\"author\":{\"name\":\"Maria Bonatto\",\"@id\":\"https:\\\/\\\/jornalboasnoticias.com.br\\\/home\\\/#\\\/schema\\\/person\\\/71a4be4d1685617d6d00f15f0f2952ee\"},\"headline\":\"Conselheiros tutelares s\u00e3o empossados em Cascavel\",\"datePublished\":\"2024-01-10T19:40:34+00:00\",\"mainEntityOfPage\":{\"@id\":\"https:\\\/\\\/jornalboasnoticias.com.br\\\/home\\\/conselheiros-tutelares-sao-empossados-em-cascavel\\\/\"},\"wordCount\":427,\"commentCount\":0,\"publisher\":{\"@id\":\"https:\\\/\\\/jornalboasnoticias.com.br\\\/home\\\/#organization\"},\"image\":{\"@id\":\"https:\\\/\\\/jornalboasnoticias.com.br\\\/home\\\/conselheiros-tutelares-sao-empossados-em-cascavel\\\/#primaryimage\"},\"thumbnailUrl\":\"https:\\\/\\\/jornalboasnoticias.com.br\\\/home\\\/wp-content\\\/uploads\\\/2024\\\/01\\\/img_56AD94A29AE710F6E6F9FCE17D971623DA66649D-e1704915613364.jpeg\",\"articleSection\":[\"CASCAVEL\"],\"inLanguage\":\"pt-BR\",\"potentialAction\":[{\"@type\":\"CommentAction\",\"name\":\"Comment\",\"target\":[\"https:\\\/\\\/jornalboasnoticias.com.br\\\/home\\\/conselheiros-tutelares-sao-empossados-em-cascavel\\\/#respond\"]}]},{\"@type\":\"WebPage\",\"@id\":\"https:\\\/\\\/jornalboasnoticias.com.br\\\/home\\\/conselheiros-tutelares-sao-empossados-em-cascavel\\\/\",\"url\":\"https:\\\/\\\/jornalboasnoticias.com.br\\\/home\\\/conselheiros-tutelares-sao-empossados-em-cascavel\\\/\",\"name\":\"Conselheiros tutelares s\u00e3o empossados em Cascavel - Jornal\",\"isPartOf\":{\"@id\":\"https:\\\/\\\/jornalboasnoticias.com.br\\\/home\\\/#website\"},\"primaryImageOfPage\":{\"@id\":\"https:\\\/\\\/jornalboasnoticias.com.br\\\/home\\\/conselheiros-tutelares-sao-empossados-em-cascavel\\\/#primaryimage\"},\"image\":{\"@id\":\"https:\\\/\\\/jornalboasnoticias.com.br\\\/home\\\/conselheiros-tutelares-sao-empossados-em-cascavel\\\/#primaryimage\"},\"thumbnailUrl\":\"https:\\\/\\\/jornalboasnoticias.com.br\\\/home\\\/wp-content\\\/uploads\\\/2024\\\/01\\\/img_56AD94A29AE710F6E6F9FCE17D971623DA66649D-e1704915613364.jpeg\",\"datePublished\":\"2024-01-10T19:40:34+00:00\",\"description\":\"Conselheiros tutelares s\u00e3o empossados em Cascavel\",\"breadcrumb\":{\"@id\":\"https:\\\/\\\/jornalboasnoticias.com.br\\\/home\\\/conselheiros-tutelares-sao-empossados-em-cascavel\\\/#breadcrumb\"},\"inLanguage\":\"pt-BR\",\"potentialAction\":[{\"@type\":\"ReadAction\",\"target\":[\"https:\\\/\\\/jornalboasnoticias.com.br\\\/home\\\/conselheiros-tutelares-sao-empossados-em-cascavel\\\/\"]}]},{\"@type\":\"ImageObject\",\"inLanguage\":\"pt-BR\",\"@id\":\"https:\\\/\\\/jornalboasnoticias.com.br\\\/home\\\/conselheiros-tutelares-sao-empossados-em-cascavel\\\/#primaryimage\",\"url\":\"https:\\\/\\\/jornalboasnoticias.com.br\\\/home\\\/wp-content\\\/uploads\\\/2024\\\/01\\\/img_56AD94A29AE710F6E6F9FCE17D971623DA66649D-e1704915613364.jpeg\",\"contentUrl\":\"https:\\\/\\\/jornalboasnoticias.com.br\\\/home\\\/wp-content\\\/uploads\\\/2024\\\/01\\\/img_56AD94A29AE710F6E6F9FCE17D971623DA66649D-e1704915613364.jpeg\",\"width\":800,\"height\":533,\"caption\":\"Divulga\u00e7\u00e3o\"},{\"@type\":\"BreadcrumbList\",\"@id\":\"https:\\\/\\\/jornalboasnoticias.com.br\\\/home\\\/conselheiros-tutelares-sao-empossados-em-cascavel\\\/#breadcrumb\",\"itemListElement\":[{\"@type\":\"ListItem\",\"position\":1,\"name\":\"In\u00edcio\",\"item\":\"https:\\\/\\\/jornalboasnoticias.com.br\\\/home\\\/\"},{\"@type\":\"ListItem\",\"position\":2,\"name\":\"Conselheiros tutelares s\u00e3o empossados em Cascavel\"}]},{\"@type\":\"WebSite\",\"@id\":\"https:\\\/\\\/jornalboasnoticias.com.br\\\/home\\\/#website\",\"url\":\"https:\\\/\\\/jornalboasnoticias.com.br\\\/home\\\/\",\"name\":\"Jornal Boas Not\u00edcias\",\"description\":\"Boas not\u00edcias\",\"publisher\":{\"@id\":\"https:\\\/\\\/jornalboasnoticias.com.br\\\/home\\\/#organization\"},\"potentialAction\":[{\"@type\":\"SearchAction\",\"target\":{\"@type\":\"EntryPoint\",\"urlTemplate\":\"https:\\\/\\\/jornalboasnoticias.com.br\\\/home\\\/?s={search_term_string}\"},\"query-input\":{\"@type\":\"PropertyValueSpecification\",\"valueRequired\":true,\"valueName\":\"search_term_string\"}}],\"inLanguage\":\"pt-BR\"},{\"@type\":\"Organization\",\"@id\":\"https:\\\/\\\/jornalboasnoticias.com.br\\\/home\\\/#organization\",\"name\":\"Coq Editora Ltda\",\"alternateName\":\"Jornal Boas Noticias\",\"url\":\"https:\\\/\\\/jornalboasnoticias.com.br\\\/home\\\/\",\"logo\":{\"@type\":\"ImageObject\",\"inLanguage\":\"pt-BR\",\"@id\":\"https:\\\/\\\/jornalboasnoticias.com.br\\\/home\\\/#\\\/schema\\\/logo\\\/image\\\/\",\"url\":\"https:\\\/\\\/jornalboasnoticias.com.br\\\/home\\\/wp-content\\\/uploads\\\/2024\\\/07\\\/cropped-logo.jpg\",\"contentUrl\":\"https:\\\/\\\/jornalboasnoticias.com.br\\\/home\\\/wp-content\\\/uploads\\\/2024\\\/07\\\/cropped-logo.jpg\",\"width\":290,\"height\":142,\"caption\":\"Coq Editora Ltda\"},\"image\":{\"@id\":\"https:\\\/\\\/jornalboasnoticias.com.br\\\/home\\\/#\\\/schema\\\/logo\\\/image\\\/\"},\"sameAs\":[\"https:\\\/\\\/www.facebook.com\\\/boasnoticiasjornal\"]},{\"@type\":\"Person\",\"@id\":\"https:\\\/\\\/jornalboasnoticias.com.br\\\/home\\\/#\\\/schema\\\/person\\\/71a4be4d1685617d6d00f15f0f2952ee\",\"name\":\"Maria Bonatto\",\"image\":{\"@type\":\"ImageObject\",\"inLanguage\":\"pt-BR\",\"@id\":\"https:\\\/\\\/secure.gravatar.com\\\/avatar\\\/61bdbd92f7d53dd2fedfe556279602d97507ae906fdeb9624602488dcdcd042f?s=96&d=mm&r=g\",\"url\":\"https:\\\/\\\/secure.gravatar.com\\\/avatar\\\/61bdbd92f7d53dd2fedfe556279602d97507ae906fdeb9624602488dcdcd042f?s=96&d=mm&r=g\",\"contentUrl\":\"https:\\\/\\\/secure.gravatar.com\\\/avatar\\\/61bdbd92f7d53dd2fedfe556279602d97507ae906fdeb9624602488dcdcd042f?s=96&d=mm&r=g\",\"caption\":\"Maria Bonatto\"},\"url\":\"https:\\\/\\\/jornalboasnoticias.com.br\\\/home\\\/author\\\/ana-bonatto\\\/\"}]}<\/script>\n<!-- \/ Yoast SEO plugin. -->","yoast_head_json":{"title":"Conselheiros tutelares s\u00e3o empossados em Cascavel - Jornal","description":"Conselheiros tutelares s\u00e3o empossados em Cascavel","robots":{"index":"index","follow":"follow","max-snippet":"max-snippet:-1","max-image-preview":"max-image-preview:large","max-video-preview":"max-video-preview:-1"},"canonical":"https:\/\/jornalboasnoticias.com.br\/home\/conselheiros-tutelares-sao-empossados-em-cascavel\/","og_locale":"pt_BR","og_type":"article","og_title":"Conselheiros tutelares s\u00e3o empossados em Cascavel - Jornal","og_description":"Conselheiros tutelares s\u00e3o empossados em Cascavel","og_url":"https:\/\/jornalboasnoticias.com.br\/home\/conselheiros-tutelares-sao-empossados-em-cascavel\/","og_site_name":"Jornal","article_publisher":"https:\/\/www.facebook.com\/boasnoticiasjornal","article_published_time":"2024-01-10T19:40:34+00:00","og_image":[{"width":800,"height":533,"url":"https:\/\/jornalboasnoticias.com.br\/home\/wp-content\/uploads\/2024\/01\/img_56AD94A29AE710F6E6F9FCE17D971623DA66649D-e1704915613364.jpeg","type":"image\/jpeg"}],"author":"Maria Bonatto","twitter_card":"summary_large_image","twitter_misc":{"Escrito por":"Maria Bonatto","Est. tempo de leitura":"2 minutos"},"schema":{"@context":"https:\/\/schema.org","@graph":[{"@type":"Article","@id":"https:\/\/jornalboasnoticias.com.br\/home\/conselheiros-tutelares-sao-empossados-em-cascavel\/#article","isPartOf":{"@id":"https:\/\/jornalboasnoticias.com.br\/home\/conselheiros-tutelares-sao-empossados-em-cascavel\/"},"author":{"name":"Maria Bonatto","@id":"https:\/\/jornalboasnoticias.com.br\/home\/#\/schema\/person\/71a4be4d1685617d6d00f15f0f2952ee"},"headline":"Conselheiros tutelares s\u00e3o empossados em Cascavel","datePublished":"2024-01-10T19:40:34+00:00","mainEntityOfPage":{"@id":"https:\/\/jornalboasnoticias.com.br\/home\/conselheiros-tutelares-sao-empossados-em-cascavel\/"},"wordCount":427,"commentCount":0,"publisher":{"@id":"https:\/\/jornalboasnoticias.com.br\/home\/#organization"},"image":{"@id":"https:\/\/jornalboasnoticias.com.br\/home\/conselheiros-tutelares-sao-empossados-em-cascavel\/#primaryimage"},"thumbnailUrl":"https:\/\/jornalboasnoticias.com.br\/home\/wp-content\/uploads\/2024\/01\/img_56AD94A29AE710F6E6F9FCE17D971623DA66649D-e1704915613364.jpeg","articleSection":["CASCAVEL"],"inLanguage":"pt-BR","potentialAction":[{"@type":"CommentAction","name":"Comment","target":["https:\/\/jornalboasnoticias.com.br\/home\/conselheiros-tutelares-sao-empossados-em-cascavel\/#respond"]}]},{"@type":"WebPage","@id":"https:\/\/jornalboasnoticias.com.br\/home\/conselheiros-tutelares-sao-empossados-em-cascavel\/","url":"https:\/\/jornalboasnoticias.com.br\/home\/conselheiros-tutelares-sao-empossados-em-cascavel\/","name":"Conselheiros tutelares s\u00e3o empossados em Cascavel - Jornal","isPartOf":{"@id":"https:\/\/jornalboasnoticias.com.br\/home\/#website"},"primaryImageOfPage":{"@id":"https:\/\/jornalboasnoticias.com.br\/home\/conselheiros-tutelares-sao-empossados-em-cascavel\/#primaryimage"},"image":{"@id":"https:\/\/jornalboasnoticias.com.br\/home\/conselheiros-tutelares-sao-empossados-em-cascavel\/#primaryimage"},"thumbnailUrl":"https:\/\/jornalboasnoticias.com.br\/home\/wp-content\/uploads\/2024\/01\/img_56AD94A29AE710F6E6F9FCE17D971623DA66649D-e1704915613364.jpeg","datePublished":"2024-01-10T19:40:34+00:00","description":"Conselheiros tutelares s\u00e3o empossados em Cascavel","breadcrumb":{"@id":"https:\/\/jornalboasnoticias.com.br\/home\/conselheiros-tutelares-sao-empossados-em-cascavel\/#breadcrumb"},"inLanguage":"pt-BR","potentialAction":[{"@type":"ReadAction","target":["https:\/\/jornalboasnoticias.com.br\/home\/conselheiros-tutelares-sao-empossados-em-cascavel\/"]}]},{"@type":"ImageObject","inLanguage":"pt-BR","@id":"https:\/\/jornalboasnoticias.com.br\/home\/conselheiros-tutelares-sao-empossados-em-cascavel\/#primaryimage","url":"https:\/\/jornalboasnoticias.com.br\/home\/wp-content\/uploads\/2024\/01\/img_56AD94A29AE710F6E6F9FCE17D971623DA66649D-e1704915613364.jpeg","contentUrl":"https:\/\/jornalboasnoticias.com.br\/home\/wp-content\/uploads\/2024\/01\/img_56AD94A29AE710F6E6F9FCE17D971623DA66649D-e1704915613364.jpeg","width":800,"height":533,"caption":"Divulga\u00e7\u00e3o"},{"@type":"BreadcrumbList","@id":"https:\/\/jornalboasnoticias.com.br\/home\/conselheiros-tutelares-sao-empossados-em-cascavel\/#breadcrumb","itemListElement":[{"@type":"ListItem","position":1,"name":"In\u00edcio","item":"https:\/\/jornalboasnoticias.com.br\/home\/"},{"@type":"ListItem","position":2,"name":"Conselheiros tutelares s\u00e3o empossados em Cascavel"}]},{"@type":"WebSite","@id":"https:\/\/jornalboasnoticias.com.br\/home\/#website","url":"https:\/\/jornalboasnoticias.com.br\/home\/","name":"Jornal Boas Not\u00edcias","description":"Boas not\u00edcias","publisher":{"@id":"https:\/\/jornalboasnoticias.com.br\/home\/#organization"},"potentialAction":[{"@type":"SearchAction","target":{"@type":"EntryPoint","urlTemplate":"https:\/\/jornalboasnoticias.com.br\/home\/?s={search_term_string}"},"query-input":{"@type":"PropertyValueSpecification","valueRequired":true,"valueName":"search_term_string"}}],"inLanguage":"pt-BR"},{"@type":"Organization","@id":"https:\/\/jornalboasnoticias.com.br\/home\/#organization","name":"Coq Editora Ltda","alternateName":"Jornal Boas Noticias","url":"https:\/\/jornalboasnoticias.com.br\/home\/","logo":{"@type":"ImageObject","inLanguage":"pt-BR","@id":"https:\/\/jornalboasnoticias.com.br\/home\/#\/schema\/logo\/image\/","url":"https:\/\/jornalboasnoticias.com.br\/home\/wp-content\/uploads\/2024\/07\/cropped-logo.jpg","contentUrl":"https:\/\/jornalboasnoticias.com.br\/home\/wp-content\/uploads\/2024\/07\/cropped-logo.jpg","width":290,"height":142,"caption":"Coq Editora Ltda"},"image":{"@id":"https:\/\/jornalboasnoticias.com.br\/home\/#\/schema\/logo\/image\/"},"sameAs":["https:\/\/www.facebook.com\/boasnoticiasjornal"]},{"@type":"Person","@id":"https:\/\/jornalboasnoticias.com.br\/home\/#\/schema\/person\/71a4be4d1685617d6d00f15f0f2952ee","name":"Maria Bonatto","image":{"@type":"ImageObject","inLanguage":"pt-BR","@id":"https:\/\/secure.gravatar.com\/avatar\/61bdbd92f7d53dd2fedfe556279602d97507ae906fdeb9624602488dcdcd042f?s=96&d=mm&r=g","url":"https:\/\/secure.gravatar.com\/avatar\/61bdbd92f7d53dd2fedfe556279602d97507ae906fdeb9624602488dcdcd042f?s=96&d=mm&r=g","contentUrl":"https:\/\/secure.gravatar.com\/avatar\/61bdbd92f7d53dd2fedfe556279602d97507ae906fdeb9624602488dcdcd042f?s=96&d=mm&r=g","caption":"Maria Bonatto"},"url":"https:\/\/jornalboasnoticias.com.br\/home\/author\/ana-bonatto\/"}]}},"_links":{"self":[{"href":"https:\/\/jornalboasnoticias.com.br\/home\/wp-json\/wp\/v2\/posts\/42516","targetHints":{"allow":["GET"]}}],"collection":[{"href":"https:\/\/jornalboasnoticias.com.br\/home\/wp-json\/wp\/v2\/posts"}],"about":[{"href":"https:\/\/jornalboasnoticias.com.br\/home\/wp-json\/wp\/v2\/types\/post"}],"author":[{"embeddable":true,"href":"https:\/\/jornalboasnoticias.com.br\/home\/wp-json\/wp\/v2\/users\/2"}],"replies":[{"embeddable":true,"href":"https:\/\/jornalboasnoticias.com.br\/home\/wp-json\/wp\/v2\/comments?post=42516"}],"version-history":[{"count":0,"href":"https:\/\/jornalboasnoticias.com.br\/home\/wp-json\/wp\/v2\/posts\/42516\/revisions"}],"wp:featuredmedia":[{"embeddable":true,"href":"https:\/\/jornalboasnoticias.com.br\/home\/wp-json\/wp\/v2\/media\/42517"}],"wp:attachment":[{"href":"https:\/\/jornalboasnoticias.com.br\/home\/wp-json\/wp\/v2\/media?parent=42516"}],"wp:term":[{"taxonomy":"category","embeddable":true,"href":"https:\/\/jornalboasnoticias.com.br\/home\/wp-json\/wp\/v2\/categories?post=42516"},{"taxonomy":"post_tag","embeddable":true,"href":"https:\/\/jornalboasnoticias.com.br\/home\/wp-json\/wp\/v2\/tags?post=42516"}],"curies":[{"name":"wp","href":"https:\/\/api.w.org\/{rel}","templated":true}]}}