{"id":42496,"date":"2024-01-10T11:10:20","date_gmt":"2024-01-10T14:10:20","guid":{"rendered":"https:\/\/www.jornalboasnoticias.com.br\/?p=42496"},"modified":"2024-01-10T11:10:20","modified_gmt":"2024-01-10T14:10:20","slug":"ano-de-2023-e-o-mais-quente-da-serie-historica-no-brasil","status":"publish","type":"post","link":"https:\/\/jornalboasnoticias.com.br\/home\/ano-de-2023-e-o-mais-quente-da-serie-historica-no-brasil\/","title":{"rendered":"Ano de 2023 \u00e9 o mais quente da s\u00e9rie hist\u00f3rica no Brasil"},"content":{"rendered":"<blockquote>\n<p style=\"text-align: center;\">Temperaturas no pa\u00eds ficou 0,69\u00b0C acima da m\u00e9dia<\/p>\n<\/blockquote>\n<figure id=\"attachment_42497\" aria-describedby=\"caption-attachment-42497\" style=\"width: 610px\" class=\"wp-caption aligncenter\"><img loading=\"lazy\" decoding=\"async\" class=\"size-medium wp-image-42497\" src=\"https:\/\/jornalboasnoticias.com.br\/home\/wp-content\/uploads\/2024\/01\/51_retro_2023_onda_de_calor_no_rio-e1704895800780-610x365.webp\" alt=\"\" width=\"610\" height=\"365\" \/><figcaption id=\"caption-attachment-42497\" class=\"wp-caption-text\">\u00a9 T\u00e2nia R\u00eago\/Ag\u00eancia Brasil<\/figcaption><\/figure>\n<p>O ano de 2023 \u00e9 o mais quente da hist\u00f3ria do planeta, segundo dados da Organiza\u00e7\u00e3o Meteorol\u00f3gica Mundial (OMM). No Brasil, a m\u00e9dia das temperaturas do ano ficou em 24,92\u00baC, sendo 0,69\u00b0C acima da m\u00e9dia hist\u00f3rica de 1991\/2020, que \u00e9 24,23\u00b0C. Em 2022, a m\u00e9dia anual foi de 24,07\u00baC, 0,16\u00baC abaixo da m\u00e9dia hist\u00f3rica.<img decoding=\"async\" src=\"https:\/\/agenciabrasil.ebc.com.br\/ebc.png?id=1575933&amp;o=node\" \/><img decoding=\"async\" src=\"https:\/\/agenciabrasil.ebc.com.br\/ebc.gif?id=1575933&amp;o=node\" \/><\/p>\n<p>Segundo levantamento do Instituto Nacional de Meteorologia (Inmet), dos 12 meses do ano de 2023, nove tiveram m\u00e9dias mensais de temperatura acima da m\u00e9dia hist\u00f3rica (1991\/2020), com destaque para setembro, que apresentou maior desvio (diferen\u00e7a entre o valor registrado e a m\u00e9dia hist\u00f3rica) desde 1961, com 1,6\u00baC acima da climatologia de 1991\/2020 (m\u00e9dia hist\u00f3rica).<\/p>\n<p>Ao longo do ano, o Brasil enfrentou nove epis\u00f3dios de onda de calor, reflexo dos impactos do fen\u00f4meno\u00a0<em>El Ni\u00f1o<\/em>\u00a0(aquecimento acima da m\u00e9dia das \u00e1guas do Oceano Pac\u00edfico Equatorial), que tende a favorecer o aumento da temperatura em v\u00e1rias regi\u00f5es do planeta. Al\u00e9m disso, segundo o Inmet, outros fatores t\u00eam contribu\u00eddo para a ocorr\u00eancia de eventos cada vez mais extremos, como o aumento da temperatura global da superf\u00edcie terrestre e dos oceanos.<\/p>\n<p>Ap\u00f3s an\u00e1lise dos desvios de temperaturas m\u00e9dias anuais do Brasil desde 1961 a 2023, o Inmet verificou uma tend\u00eancia de aumento estatisticamente significativo das temperaturas ao longo dos anos, que pode estar associada \u00e0 mudan\u00e7a no clima em decorr\u00eancia da eleva\u00e7\u00e3o da temperatura global e mudan\u00e7as ambientais locais.<\/p>\n<p>As temperaturas mais elevadas foram observadas no sul do Par\u00e1, Mato Grosso, sul de Mato Grosso do Sul, Paran\u00e1, Rio Grande do Sul, \u00e1reas de Minas Gerais, Goi\u00e1s, Bahia, Pernambuco e Cear\u00e1.<\/p>\n<h2>Temperatura global<\/h2>\n<p>De acordo com a vers\u00e3o provis\u00f3ria do Estado Global do Clima 2023, publicada pela OMM, em 30 de novembro de 2023, a temperatura m\u00e9dia da superf\u00edcie global ficou 1,4\u00b0C acima da m\u00e9dia hist\u00f3rica de 1850\/1900, at\u00e9 outubro do ano passado.<\/p>\n<p>Com este valor, o ano de 2023 j\u00e1 \u00e9 considerado o mais quente em 174 anos de medi\u00e7\u00f5es meteorol\u00f3gicas, superando os anos de 2016, com 1,29\u00b0C acima da m\u00e9dia, e 2020, com 1,27\u00b0C acima da m\u00e9dia.<\/p>\n<p>Ontem (9), o\u00a0Servi\u00e7o de Mudan\u00e7as Clim\u00e1ticas Copernicus, da Uni\u00e3o Europeia, confirmou que o ano passado foi o mais quente registrado no planeta e provavelmente o mais quente do mundo nos \u00faltimos 100 mil anos.<\/p>\n<p>(Ag\u00eancia Brasil)<\/p>\n","protected":false},"excerpt":{"rendered":"<p>Temperaturas no pa\u00eds ficou 0,69\u00b0C acima da m\u00e9dia O ano de 2023 \u00e9 o mais<\/p>\n","protected":false},"author":2,"featured_media":42497,"comment_status":"open","ping_status":"open","sticky":false,"template":"","format":"standard","meta":{"footnotes":""},"categories":[6,3],"tags":[],"class_list":["post-42496","post","type-post","status-publish","format-standard","has-post-thumbnail","hentry","category-brasil","category-destaques"],"yoast_head":"<!-- This site is optimized with the Yoast SEO plugin v27.5 - https:\/\/yoast.com\/product\/yoast-seo-wordpress\/ -->\n<title>Ano de 2023 \u00e9 o mais quente da s\u00e9rie hist\u00f3rica no Brasil - Jornal<\/title>\n<meta name=\"description\" content=\"Ano de 2023 \u00e9 o mais quente da s\u00e9rie hist\u00f3rica no Brasil\" \/>\n<meta name=\"robots\" content=\"index, follow, max-snippet:-1, max-image-preview:large, max-video-preview:-1\" \/>\n<link rel=\"canonical\" href=\"https:\/\/jornalboasnoticias.com.br\/home\/ano-de-2023-e-o-mais-quente-da-serie-historica-no-brasil\/\" \/>\n<meta property=\"og:locale\" content=\"pt_BR\" \/>\n<meta property=\"og:type\" content=\"article\" \/>\n<meta property=\"og:title\" content=\"Ano de 2023 \u00e9 o mais quente da s\u00e9rie hist\u00f3rica no Brasil - Jornal\" \/>\n<meta property=\"og:description\" content=\"Ano de 2023 \u00e9 o mais quente da s\u00e9rie hist\u00f3rica no Brasil\" \/>\n<meta property=\"og:url\" content=\"https:\/\/jornalboasnoticias.com.br\/home\/ano-de-2023-e-o-mais-quente-da-serie-historica-no-brasil\/\" \/>\n<meta property=\"og:site_name\" content=\"Jornal\" \/>\n<meta property=\"article:publisher\" content=\"https:\/\/www.facebook.com\/boasnoticiasjornal\" \/>\n<meta property=\"article:published_time\" content=\"2024-01-10T14:10:20+00:00\" \/>\n<meta property=\"og:image\" content=\"https:\/\/jornalboasnoticias.com.br\/home\/wp-content\/uploads\/2024\/01\/51_retro_2023_onda_de_calor_no_rio-e1704895800780.webp\" \/>\n\t<meta property=\"og:image:width\" content=\"800\" \/>\n\t<meta property=\"og:image:height\" content=\"479\" \/>\n\t<meta property=\"og:image:type\" content=\"image\/webp\" \/>\n<meta name=\"author\" content=\"Maria Bonatto\" \/>\n<meta name=\"twitter:card\" content=\"summary_large_image\" \/>\n<meta name=\"twitter:label1\" content=\"Escrito por\" \/>\n\t<meta name=\"twitter:data1\" content=\"Maria Bonatto\" \/>\n\t<meta name=\"twitter:label2\" content=\"Est. tempo de leitura\" \/>\n\t<meta name=\"twitter:data2\" content=\"2 minutos\" \/>\n<script type=\"application\/ld+json\" class=\"yoast-schema-graph\">{\"@context\":\"https:\\\/\\\/schema.org\",\"@graph\":[{\"@type\":\"Article\",\"@id\":\"https:\\\/\\\/jornalboasnoticias.com.br\\\/home\\\/ano-de-2023-e-o-mais-quente-da-serie-historica-no-brasil\\\/#article\",\"isPartOf\":{\"@id\":\"https:\\\/\\\/jornalboasnoticias.com.br\\\/home\\\/ano-de-2023-e-o-mais-quente-da-serie-historica-no-brasil\\\/\"},\"author\":{\"name\":\"Maria Bonatto\",\"@id\":\"https:\\\/\\\/jornalboasnoticias.com.br\\\/home\\\/#\\\/schema\\\/person\\\/71a4be4d1685617d6d00f15f0f2952ee\"},\"headline\":\"Ano de 2023 \u00e9 o mais quente da s\u00e9rie hist\u00f3rica no Brasil\",\"datePublished\":\"2024-01-10T14:10:20+00:00\",\"mainEntityOfPage\":{\"@id\":\"https:\\\/\\\/jornalboasnoticias.com.br\\\/home\\\/ano-de-2023-e-o-mais-quente-da-serie-historica-no-brasil\\\/\"},\"wordCount\":441,\"commentCount\":0,\"publisher\":{\"@id\":\"https:\\\/\\\/jornalboasnoticias.com.br\\\/home\\\/#organization\"},\"image\":{\"@id\":\"https:\\\/\\\/jornalboasnoticias.com.br\\\/home\\\/ano-de-2023-e-o-mais-quente-da-serie-historica-no-brasil\\\/#primaryimage\"},\"thumbnailUrl\":\"https:\\\/\\\/jornalboasnoticias.com.br\\\/home\\\/wp-content\\\/uploads\\\/2024\\\/01\\\/51_retro_2023_onda_de_calor_no_rio-e1704895800780.webp\",\"articleSection\":[\"BRASIL\",\"DESTAQUE\"],\"inLanguage\":\"pt-BR\",\"potentialAction\":[{\"@type\":\"CommentAction\",\"name\":\"Comment\",\"target\":[\"https:\\\/\\\/jornalboasnoticias.com.br\\\/home\\\/ano-de-2023-e-o-mais-quente-da-serie-historica-no-brasil\\\/#respond\"]}]},{\"@type\":\"WebPage\",\"@id\":\"https:\\\/\\\/jornalboasnoticias.com.br\\\/home\\\/ano-de-2023-e-o-mais-quente-da-serie-historica-no-brasil\\\/\",\"url\":\"https:\\\/\\\/jornalboasnoticias.com.br\\\/home\\\/ano-de-2023-e-o-mais-quente-da-serie-historica-no-brasil\\\/\",\"name\":\"Ano de 2023 \u00e9 o mais quente da s\u00e9rie hist\u00f3rica no Brasil - Jornal\",\"isPartOf\":{\"@id\":\"https:\\\/\\\/jornalboasnoticias.com.br\\\/home\\\/#website\"},\"primaryImageOfPage\":{\"@id\":\"https:\\\/\\\/jornalboasnoticias.com.br\\\/home\\\/ano-de-2023-e-o-mais-quente-da-serie-historica-no-brasil\\\/#primaryimage\"},\"image\":{\"@id\":\"https:\\\/\\\/jornalboasnoticias.com.br\\\/home\\\/ano-de-2023-e-o-mais-quente-da-serie-historica-no-brasil\\\/#primaryimage\"},\"thumbnailUrl\":\"https:\\\/\\\/jornalboasnoticias.com.br\\\/home\\\/wp-content\\\/uploads\\\/2024\\\/01\\\/51_retro_2023_onda_de_calor_no_rio-e1704895800780.webp\",\"datePublished\":\"2024-01-10T14:10:20+00:00\",\"description\":\"Ano de 2023 \u00e9 o mais quente da s\u00e9rie hist\u00f3rica no Brasil\",\"breadcrumb\":{\"@id\":\"https:\\\/\\\/jornalboasnoticias.com.br\\\/home\\\/ano-de-2023-e-o-mais-quente-da-serie-historica-no-brasil\\\/#breadcrumb\"},\"inLanguage\":\"pt-BR\",\"potentialAction\":[{\"@type\":\"ReadAction\",\"target\":[\"https:\\\/\\\/jornalboasnoticias.com.br\\\/home\\\/ano-de-2023-e-o-mais-quente-da-serie-historica-no-brasil\\\/\"]}]},{\"@type\":\"ImageObject\",\"inLanguage\":\"pt-BR\",\"@id\":\"https:\\\/\\\/jornalboasnoticias.com.br\\\/home\\\/ano-de-2023-e-o-mais-quente-da-serie-historica-no-brasil\\\/#primaryimage\",\"url\":\"https:\\\/\\\/jornalboasnoticias.com.br\\\/home\\\/wp-content\\\/uploads\\\/2024\\\/01\\\/51_retro_2023_onda_de_calor_no_rio-e1704895800780.webp\",\"contentUrl\":\"https:\\\/\\\/jornalboasnoticias.com.br\\\/home\\\/wp-content\\\/uploads\\\/2024\\\/01\\\/51_retro_2023_onda_de_calor_no_rio-e1704895800780.webp\",\"width\":800,\"height\":479,\"caption\":\"\u00a9 T\u00e2nia R\u00eago\\\/Ag\u00eancia Brasil\"},{\"@type\":\"BreadcrumbList\",\"@id\":\"https:\\\/\\\/jornalboasnoticias.com.br\\\/home\\\/ano-de-2023-e-o-mais-quente-da-serie-historica-no-brasil\\\/#breadcrumb\",\"itemListElement\":[{\"@type\":\"ListItem\",\"position\":1,\"name\":\"In\u00edcio\",\"item\":\"https:\\\/\\\/jornalboasnoticias.com.br\\\/home\\\/\"},{\"@type\":\"ListItem\",\"position\":2,\"name\":\"Ano de 2023 \u00e9 o mais quente da s\u00e9rie hist\u00f3rica no Brasil\"}]},{\"@type\":\"WebSite\",\"@id\":\"https:\\\/\\\/jornalboasnoticias.com.br\\\/home\\\/#website\",\"url\":\"https:\\\/\\\/jornalboasnoticias.com.br\\\/home\\\/\",\"name\":\"Jornal Boas Not\u00edcias\",\"description\":\"Boas not\u00edcias\",\"publisher\":{\"@id\":\"https:\\\/\\\/jornalboasnoticias.com.br\\\/home\\\/#organization\"},\"potentialAction\":[{\"@type\":\"SearchAction\",\"target\":{\"@type\":\"EntryPoint\",\"urlTemplate\":\"https:\\\/\\\/jornalboasnoticias.com.br\\\/home\\\/?s={search_term_string}\"},\"query-input\":{\"@type\":\"PropertyValueSpecification\",\"valueRequired\":true,\"valueName\":\"search_term_string\"}}],\"inLanguage\":\"pt-BR\"},{\"@type\":\"Organization\",\"@id\":\"https:\\\/\\\/jornalboasnoticias.com.br\\\/home\\\/#organization\",\"name\":\"Coq Editora Ltda\",\"alternateName\":\"Jornal Boas Noticias\",\"url\":\"https:\\\/\\\/jornalboasnoticias.com.br\\\/home\\\/\",\"logo\":{\"@type\":\"ImageObject\",\"inLanguage\":\"pt-BR\",\"@id\":\"https:\\\/\\\/jornalboasnoticias.com.br\\\/home\\\/#\\\/schema\\\/logo\\\/image\\\/\",\"url\":\"https:\\\/\\\/jornalboasnoticias.com.br\\\/home\\\/wp-content\\\/uploads\\\/2024\\\/07\\\/cropped-logo.jpg\",\"contentUrl\":\"https:\\\/\\\/jornalboasnoticias.com.br\\\/home\\\/wp-content\\\/uploads\\\/2024\\\/07\\\/cropped-logo.jpg\",\"width\":290,\"height\":142,\"caption\":\"Coq Editora Ltda\"},\"image\":{\"@id\":\"https:\\\/\\\/jornalboasnoticias.com.br\\\/home\\\/#\\\/schema\\\/logo\\\/image\\\/\"},\"sameAs\":[\"https:\\\/\\\/www.facebook.com\\\/boasnoticiasjornal\"]},{\"@type\":\"Person\",\"@id\":\"https:\\\/\\\/jornalboasnoticias.com.br\\\/home\\\/#\\\/schema\\\/person\\\/71a4be4d1685617d6d00f15f0f2952ee\",\"name\":\"Maria Bonatto\",\"image\":{\"@type\":\"ImageObject\",\"inLanguage\":\"pt-BR\",\"@id\":\"https:\\\/\\\/secure.gravatar.com\\\/avatar\\\/61bdbd92f7d53dd2fedfe556279602d97507ae906fdeb9624602488dcdcd042f?s=96&d=mm&r=g\",\"url\":\"https:\\\/\\\/secure.gravatar.com\\\/avatar\\\/61bdbd92f7d53dd2fedfe556279602d97507ae906fdeb9624602488dcdcd042f?s=96&d=mm&r=g\",\"contentUrl\":\"https:\\\/\\\/secure.gravatar.com\\\/avatar\\\/61bdbd92f7d53dd2fedfe556279602d97507ae906fdeb9624602488dcdcd042f?s=96&d=mm&r=g\",\"caption\":\"Maria Bonatto\"},\"url\":\"https:\\\/\\\/jornalboasnoticias.com.br\\\/home\\\/author\\\/ana-bonatto\\\/\"}]}<\/script>\n<!-- \/ Yoast SEO plugin. -->","yoast_head_json":{"title":"Ano de 2023 \u00e9 o mais quente da s\u00e9rie hist\u00f3rica no Brasil - Jornal","description":"Ano de 2023 \u00e9 o mais quente da s\u00e9rie hist\u00f3rica no Brasil","robots":{"index":"index","follow":"follow","max-snippet":"max-snippet:-1","max-image-preview":"max-image-preview:large","max-video-preview":"max-video-preview:-1"},"canonical":"https:\/\/jornalboasnoticias.com.br\/home\/ano-de-2023-e-o-mais-quente-da-serie-historica-no-brasil\/","og_locale":"pt_BR","og_type":"article","og_title":"Ano de 2023 \u00e9 o mais quente da s\u00e9rie hist\u00f3rica no Brasil - Jornal","og_description":"Ano de 2023 \u00e9 o mais quente da s\u00e9rie hist\u00f3rica no Brasil","og_url":"https:\/\/jornalboasnoticias.com.br\/home\/ano-de-2023-e-o-mais-quente-da-serie-historica-no-brasil\/","og_site_name":"Jornal","article_publisher":"https:\/\/www.facebook.com\/boasnoticiasjornal","article_published_time":"2024-01-10T14:10:20+00:00","og_image":[{"width":800,"height":479,"url":"https:\/\/jornalboasnoticias.com.br\/home\/wp-content\/uploads\/2024\/01\/51_retro_2023_onda_de_calor_no_rio-e1704895800780.webp","type":"image\/webp"}],"author":"Maria Bonatto","twitter_card":"summary_large_image","twitter_misc":{"Escrito por":"Maria Bonatto","Est. tempo de leitura":"2 minutos"},"schema":{"@context":"https:\/\/schema.org","@graph":[{"@type":"Article","@id":"https:\/\/jornalboasnoticias.com.br\/home\/ano-de-2023-e-o-mais-quente-da-serie-historica-no-brasil\/#article","isPartOf":{"@id":"https:\/\/jornalboasnoticias.com.br\/home\/ano-de-2023-e-o-mais-quente-da-serie-historica-no-brasil\/"},"author":{"name":"Maria Bonatto","@id":"https:\/\/jornalboasnoticias.com.br\/home\/#\/schema\/person\/71a4be4d1685617d6d00f15f0f2952ee"},"headline":"Ano de 2023 \u00e9 o mais quente da s\u00e9rie hist\u00f3rica no Brasil","datePublished":"2024-01-10T14:10:20+00:00","mainEntityOfPage":{"@id":"https:\/\/jornalboasnoticias.com.br\/home\/ano-de-2023-e-o-mais-quente-da-serie-historica-no-brasil\/"},"wordCount":441,"commentCount":0,"publisher":{"@id":"https:\/\/jornalboasnoticias.com.br\/home\/#organization"},"image":{"@id":"https:\/\/jornalboasnoticias.com.br\/home\/ano-de-2023-e-o-mais-quente-da-serie-historica-no-brasil\/#primaryimage"},"thumbnailUrl":"https:\/\/jornalboasnoticias.com.br\/home\/wp-content\/uploads\/2024\/01\/51_retro_2023_onda_de_calor_no_rio-e1704895800780.webp","articleSection":["BRASIL","DESTAQUE"],"inLanguage":"pt-BR","potentialAction":[{"@type":"CommentAction","name":"Comment","target":["https:\/\/jornalboasnoticias.com.br\/home\/ano-de-2023-e-o-mais-quente-da-serie-historica-no-brasil\/#respond"]}]},{"@type":"WebPage","@id":"https:\/\/jornalboasnoticias.com.br\/home\/ano-de-2023-e-o-mais-quente-da-serie-historica-no-brasil\/","url":"https:\/\/jornalboasnoticias.com.br\/home\/ano-de-2023-e-o-mais-quente-da-serie-historica-no-brasil\/","name":"Ano de 2023 \u00e9 o mais quente da s\u00e9rie hist\u00f3rica no Brasil - Jornal","isPartOf":{"@id":"https:\/\/jornalboasnoticias.com.br\/home\/#website"},"primaryImageOfPage":{"@id":"https:\/\/jornalboasnoticias.com.br\/home\/ano-de-2023-e-o-mais-quente-da-serie-historica-no-brasil\/#primaryimage"},"image":{"@id":"https:\/\/jornalboasnoticias.com.br\/home\/ano-de-2023-e-o-mais-quente-da-serie-historica-no-brasil\/#primaryimage"},"thumbnailUrl":"https:\/\/jornalboasnoticias.com.br\/home\/wp-content\/uploads\/2024\/01\/51_retro_2023_onda_de_calor_no_rio-e1704895800780.webp","datePublished":"2024-01-10T14:10:20+00:00","description":"Ano de 2023 \u00e9 o mais quente da s\u00e9rie hist\u00f3rica no Brasil","breadcrumb":{"@id":"https:\/\/jornalboasnoticias.com.br\/home\/ano-de-2023-e-o-mais-quente-da-serie-historica-no-brasil\/#breadcrumb"},"inLanguage":"pt-BR","potentialAction":[{"@type":"ReadAction","target":["https:\/\/jornalboasnoticias.com.br\/home\/ano-de-2023-e-o-mais-quente-da-serie-historica-no-brasil\/"]}]},{"@type":"ImageObject","inLanguage":"pt-BR","@id":"https:\/\/jornalboasnoticias.com.br\/home\/ano-de-2023-e-o-mais-quente-da-serie-historica-no-brasil\/#primaryimage","url":"https:\/\/jornalboasnoticias.com.br\/home\/wp-content\/uploads\/2024\/01\/51_retro_2023_onda_de_calor_no_rio-e1704895800780.webp","contentUrl":"https:\/\/jornalboasnoticias.com.br\/home\/wp-content\/uploads\/2024\/01\/51_retro_2023_onda_de_calor_no_rio-e1704895800780.webp","width":800,"height":479,"caption":"\u00a9 T\u00e2nia R\u00eago\/Ag\u00eancia Brasil"},{"@type":"BreadcrumbList","@id":"https:\/\/jornalboasnoticias.com.br\/home\/ano-de-2023-e-o-mais-quente-da-serie-historica-no-brasil\/#breadcrumb","itemListElement":[{"@type":"ListItem","position":1,"name":"In\u00edcio","item":"https:\/\/jornalboasnoticias.com.br\/home\/"},{"@type":"ListItem","position":2,"name":"Ano de 2023 \u00e9 o mais quente da s\u00e9rie hist\u00f3rica no Brasil"}]},{"@type":"WebSite","@id":"https:\/\/jornalboasnoticias.com.br\/home\/#website","url":"https:\/\/jornalboasnoticias.com.br\/home\/","name":"Jornal Boas Not\u00edcias","description":"Boas not\u00edcias","publisher":{"@id":"https:\/\/jornalboasnoticias.com.br\/home\/#organization"},"potentialAction":[{"@type":"SearchAction","target":{"@type":"EntryPoint","urlTemplate":"https:\/\/jornalboasnoticias.com.br\/home\/?s={search_term_string}"},"query-input":{"@type":"PropertyValueSpecification","valueRequired":true,"valueName":"search_term_string"}}],"inLanguage":"pt-BR"},{"@type":"Organization","@id":"https:\/\/jornalboasnoticias.com.br\/home\/#organization","name":"Coq Editora Ltda","alternateName":"Jornal Boas Noticias","url":"https:\/\/jornalboasnoticias.com.br\/home\/","logo":{"@type":"ImageObject","inLanguage":"pt-BR","@id":"https:\/\/jornalboasnoticias.com.br\/home\/#\/schema\/logo\/image\/","url":"https:\/\/jornalboasnoticias.com.br\/home\/wp-content\/uploads\/2024\/07\/cropped-logo.jpg","contentUrl":"https:\/\/jornalboasnoticias.com.br\/home\/wp-content\/uploads\/2024\/07\/cropped-logo.jpg","width":290,"height":142,"caption":"Coq Editora Ltda"},"image":{"@id":"https:\/\/jornalboasnoticias.com.br\/home\/#\/schema\/logo\/image\/"},"sameAs":["https:\/\/www.facebook.com\/boasnoticiasjornal"]},{"@type":"Person","@id":"https:\/\/jornalboasnoticias.com.br\/home\/#\/schema\/person\/71a4be4d1685617d6d00f15f0f2952ee","name":"Maria Bonatto","image":{"@type":"ImageObject","inLanguage":"pt-BR","@id":"https:\/\/secure.gravatar.com\/avatar\/61bdbd92f7d53dd2fedfe556279602d97507ae906fdeb9624602488dcdcd042f?s=96&d=mm&r=g","url":"https:\/\/secure.gravatar.com\/avatar\/61bdbd92f7d53dd2fedfe556279602d97507ae906fdeb9624602488dcdcd042f?s=96&d=mm&r=g","contentUrl":"https:\/\/secure.gravatar.com\/avatar\/61bdbd92f7d53dd2fedfe556279602d97507ae906fdeb9624602488dcdcd042f?s=96&d=mm&r=g","caption":"Maria Bonatto"},"url":"https:\/\/jornalboasnoticias.com.br\/home\/author\/ana-bonatto\/"}]}},"_links":{"self":[{"href":"https:\/\/jornalboasnoticias.com.br\/home\/wp-json\/wp\/v2\/posts\/42496","targetHints":{"allow":["GET"]}}],"collection":[{"href":"https:\/\/jornalboasnoticias.com.br\/home\/wp-json\/wp\/v2\/posts"}],"about":[{"href":"https:\/\/jornalboasnoticias.com.br\/home\/wp-json\/wp\/v2\/types\/post"}],"author":[{"embeddable":true,"href":"https:\/\/jornalboasnoticias.com.br\/home\/wp-json\/wp\/v2\/users\/2"}],"replies":[{"embeddable":true,"href":"https:\/\/jornalboasnoticias.com.br\/home\/wp-json\/wp\/v2\/comments?post=42496"}],"version-history":[{"count":0,"href":"https:\/\/jornalboasnoticias.com.br\/home\/wp-json\/wp\/v2\/posts\/42496\/revisions"}],"wp:featuredmedia":[{"embeddable":true,"href":"https:\/\/jornalboasnoticias.com.br\/home\/wp-json\/wp\/v2\/media\/42497"}],"wp:attachment":[{"href":"https:\/\/jornalboasnoticias.com.br\/home\/wp-json\/wp\/v2\/media?parent=42496"}],"wp:term":[{"taxonomy":"category","embeddable":true,"href":"https:\/\/jornalboasnoticias.com.br\/home\/wp-json\/wp\/v2\/categories?post=42496"},{"taxonomy":"post_tag","embeddable":true,"href":"https:\/\/jornalboasnoticias.com.br\/home\/wp-json\/wp\/v2\/tags?post=42496"}],"curies":[{"name":"wp","href":"https:\/\/api.w.org\/{rel}","templated":true}]}}