{"id":42492,"date":"2024-01-10T11:00:58","date_gmt":"2024-01-10T14:00:58","guid":{"rendered":"https:\/\/www.jornalboasnoticias.com.br\/?p=42492"},"modified":"2024-01-10T11:00:58","modified_gmt":"2024-01-10T14:00:58","slug":"nova-renegociacao-dara-desconto-de-ate-70-para-divida-ativa","status":"publish","type":"post","link":"https:\/\/jornalboasnoticias.com.br\/home\/nova-renegociacao-dara-desconto-de-ate-70-para-divida-ativa\/","title":{"rendered":"Nova renegocia\u00e7\u00e3o dar\u00e1 desconto de at\u00e9 70% para d\u00edvida ativa"},"content":{"rendered":"<blockquote>\n<p style=\"text-align: center;\">Prazo de ades\u00e3o vai at\u00e9 30 de abril no sistema Regularize, da PGFN<\/p>\n<\/blockquote>\n<div class=\"post-item-wrap\">\n<figure id=\"attachment_34325\" aria-describedby=\"caption-attachment-34325\" style=\"width: 610px\" class=\"wp-caption aligncenter\"><img loading=\"lazy\" decoding=\"async\" class=\"size-medium wp-image-34325\" src=\"https:\/\/jornalboasnoticias.com.br\/home\/wp-content\/uploads\/2023\/02\/D4B3C6C0-46AD-46D5-9CE1-B821ADBDC55E-e1680262901190-610x365.jpeg\" alt=\"\" width=\"610\" height=\"365\" \/><figcaption id=\"caption-attachment-34325\" class=\"wp-caption-text\">\u00a9 Marcello Casal JrAg\u00eancia Brasil<\/figcaption><\/figure>\n<p>Os contribuintes inscritos na D\u00edvida Ativa da Uni\u00e3o podem renegociar, at\u00e9 30 de abril, o d\u00e9bito com at\u00e9 70% de desconto nas multas e nos juros. A Procuradoria-Geral da Fazenda Nacional (PGFN) abriu segunda-feira (8) cinco\u00a0<a href=\"https:\/\/www.gov.br\/pgfn\/pt-br\/servicos\/orientacoes-contribuintes\/acordo-de-transacao\" target=\"_blank\" rel=\"noopener\">editais de transa\u00e7\u00e3o tribut\u00e1ria<\/a>, modalidade de parcelamento criada durante a pandemia de covid-19.<img decoding=\"async\" src=\"https:\/\/agenciabrasil.ebc.com.br\/ebc.png?id=1575929&amp;o=node\" \/><img decoding=\"async\" src=\"https:\/\/agenciabrasil.ebc.com.br\/ebc.gif?id=1575929&amp;o=node\" \/><\/p>\n<p>Chamado de Transa\u00e7\u00f5es por Ades\u00e3o, o programa permitir\u00e1 o parcelamento da d\u00edvida em at\u00e9 145 meses. Na transa\u00e7\u00e3o tribut\u00e1ria, o tamanho do desconto \u00e9 determinado conforme a capacidade de pagamento do devedor. Quem tiver menor capacidade de pagamento ter\u00e1 os maiores descontos.<\/p>\n<p>Os editais est\u00e3o divididos nas seguintes categorias: d\u00edvidas de pequeno valor, d\u00e9bitos de dif\u00edcil recupera\u00e7\u00e3o ou irrecuper\u00e1veis, capacidade de pagamento, inscri\u00e7\u00f5es garantidas por seguro garantia ou carta fian\u00e7a e microempreendedores individuais. Segundo a PGFN, o governo espera recuperar cerca de R$ 24 bilh\u00f5es com as Transa\u00e7\u00f5es por Ades\u00e3o.<\/p>\n<p>O devedor pode fazer simula\u00e7\u00f5es e pedir a ades\u00e3o ao programa na p\u00e1gina\u00a0<a href=\"https:\/\/www.regularize.pgfn.gov.br\/\" target=\"_blank\" rel=\"noopener\">Regularize<\/a>, portal de servi\u00e7os eletr\u00f4nicos oferecido pela PGFN. O pr\u00f3prio sistema avalia a capacidade de pagamento e renegocia o d\u00e9bito, definindo o valor das parcelas e os descontos definitivos.<\/p>\n<h2>Limites<\/h2>\n<p>Apenas d\u00e9bitos de at\u00e9 R$ 45 milh\u00f5es poder\u00e3o ser refinanciados. O valor das presta\u00e7\u00f5es previstas n\u00e3o poder\u00e1 ser inferior a R$ 25 para o microempreendedor individual e R$ 100 para os demais contribuintes.<\/p>\n<p>Os descontos n\u00e3o incidir\u00e3o sobre o valor principal da d\u00edvida, apenas sobre juros, encargos e multas. A exce\u00e7\u00e3o ser\u00e1 para os microempreendedores individuais, que poder\u00e3o ter at\u00e9 50% de desconto sobre a d\u00edvida global (valor principal mais juros, multas e encargos).<\/p>\n<p>As negocia\u00e7\u00f5es abrangem apenas os d\u00e9bitos inscritos em D\u00edvida Ativa da Uni\u00e3o, quando a PGFN passa a cobrar a d\u00edvida na Justi\u00e7a. Os d\u00e9bitos com a Receita Federal s\u00e3o objeto de\u00a0outra renegocia\u00e7\u00e3o, aberta na \u00faltima sexta-feira (5). D\u00edvidas com o Fundo de Garantia do\u00a0Tempo de Servi\u00e7o (FGTS) tamb\u00e9m est\u00e3o fora do parcelamento especial.<\/p>\n<p>(Ag\u00eancia Brasil)<\/p>\n<\/div>\n","protected":false},"excerpt":{"rendered":"<p>Prazo de ades\u00e3o vai at\u00e9 30 de abril no sistema Regularize, da PGFN Os contribuintes<\/p>\n","protected":false},"author":2,"featured_media":34325,"comment_status":"open","ping_status":"open","sticky":false,"template":"","format":"standard","meta":{"footnotes":""},"categories":[3,5],"tags":[],"class_list":["post-42492","post","type-post","status-publish","format-standard","has-post-thumbnail","hentry","category-destaques","category-economia"],"yoast_head":"<!-- This site is optimized with the Yoast SEO plugin v27.5 - https:\/\/yoast.com\/product\/yoast-seo-wordpress\/ -->\n<title>Nova renegocia\u00e7\u00e3o dar\u00e1 desconto de at\u00e9 70% para d\u00edvida ativa - Jornal<\/title>\n<meta name=\"description\" content=\"Nova renegocia\u00e7\u00e3o dar\u00e1 desconto de at\u00e9 70% para d\u00edvida ativa\" \/>\n<meta name=\"robots\" content=\"index, follow, max-snippet:-1, max-image-preview:large, max-video-preview:-1\" \/>\n<link rel=\"canonical\" href=\"https:\/\/jornalboasnoticias.com.br\/home\/nova-renegociacao-dara-desconto-de-ate-70-para-divida-ativa\/\" \/>\n<meta property=\"og:locale\" content=\"pt_BR\" \/>\n<meta property=\"og:type\" content=\"article\" \/>\n<meta property=\"og:title\" content=\"Nova renegocia\u00e7\u00e3o dar\u00e1 desconto de at\u00e9 70% para d\u00edvida ativa - Jornal\" \/>\n<meta property=\"og:description\" content=\"Nova renegocia\u00e7\u00e3o dar\u00e1 desconto de at\u00e9 70% para d\u00edvida ativa\" \/>\n<meta property=\"og:url\" content=\"https:\/\/jornalboasnoticias.com.br\/home\/nova-renegociacao-dara-desconto-de-ate-70-para-divida-ativa\/\" \/>\n<meta property=\"og:site_name\" content=\"Jornal\" \/>\n<meta property=\"article:publisher\" content=\"https:\/\/www.facebook.com\/boasnoticiasjornal\" \/>\n<meta property=\"article:published_time\" content=\"2024-01-10T14:00:58+00:00\" \/>\n<meta property=\"og:image\" content=\"https:\/\/jornalboasnoticias.com.br\/home\/wp-content\/uploads\/2023\/02\/D4B3C6C0-46AD-46D5-9CE1-B821ADBDC55E-e1680262901190.jpeg\" \/>\n\t<meta property=\"og:image:width\" content=\"800\" \/>\n\t<meta property=\"og:image:height\" content=\"479\" \/>\n\t<meta property=\"og:image:type\" content=\"image\/jpeg\" \/>\n<meta name=\"author\" content=\"Maria Bonatto\" \/>\n<meta name=\"twitter:card\" content=\"summary_large_image\" \/>\n<meta name=\"twitter:label1\" content=\"Escrito por\" \/>\n\t<meta name=\"twitter:data1\" content=\"Maria Bonatto\" \/>\n\t<meta name=\"twitter:label2\" content=\"Est. tempo de leitura\" \/>\n\t<meta name=\"twitter:data2\" content=\"2 minutos\" \/>\n<script type=\"application\/ld+json\" class=\"yoast-schema-graph\">{\"@context\":\"https:\\\/\\\/schema.org\",\"@graph\":[{\"@type\":\"Article\",\"@id\":\"https:\\\/\\\/jornalboasnoticias.com.br\\\/home\\\/nova-renegociacao-dara-desconto-de-ate-70-para-divida-ativa\\\/#article\",\"isPartOf\":{\"@id\":\"https:\\\/\\\/jornalboasnoticias.com.br\\\/home\\\/nova-renegociacao-dara-desconto-de-ate-70-para-divida-ativa\\\/\"},\"author\":{\"name\":\"Maria Bonatto\",\"@id\":\"https:\\\/\\\/jornalboasnoticias.com.br\\\/home\\\/#\\\/schema\\\/person\\\/71a4be4d1685617d6d00f15f0f2952ee\"},\"headline\":\"Nova renegocia\u00e7\u00e3o dar\u00e1 desconto de at\u00e9 70% para d\u00edvida ativa\",\"datePublished\":\"2024-01-10T14:00:58+00:00\",\"mainEntityOfPage\":{\"@id\":\"https:\\\/\\\/jornalboasnoticias.com.br\\\/home\\\/nova-renegociacao-dara-desconto-de-ate-70-para-divida-ativa\\\/\"},\"wordCount\":391,\"commentCount\":0,\"publisher\":{\"@id\":\"https:\\\/\\\/jornalboasnoticias.com.br\\\/home\\\/#organization\"},\"image\":{\"@id\":\"https:\\\/\\\/jornalboasnoticias.com.br\\\/home\\\/nova-renegociacao-dara-desconto-de-ate-70-para-divida-ativa\\\/#primaryimage\"},\"thumbnailUrl\":\"https:\\\/\\\/jornalboasnoticias.com.br\\\/home\\\/wp-content\\\/uploads\\\/2023\\\/02\\\/D4B3C6C0-46AD-46D5-9CE1-B821ADBDC55E-e1680262901190.jpeg\",\"articleSection\":[\"DESTAQUE\",\"ECONOMIA\"],\"inLanguage\":\"pt-BR\",\"potentialAction\":[{\"@type\":\"CommentAction\",\"name\":\"Comment\",\"target\":[\"https:\\\/\\\/jornalboasnoticias.com.br\\\/home\\\/nova-renegociacao-dara-desconto-de-ate-70-para-divida-ativa\\\/#respond\"]}]},{\"@type\":\"WebPage\",\"@id\":\"https:\\\/\\\/jornalboasnoticias.com.br\\\/home\\\/nova-renegociacao-dara-desconto-de-ate-70-para-divida-ativa\\\/\",\"url\":\"https:\\\/\\\/jornalboasnoticias.com.br\\\/home\\\/nova-renegociacao-dara-desconto-de-ate-70-para-divida-ativa\\\/\",\"name\":\"Nova renegocia\u00e7\u00e3o dar\u00e1 desconto de at\u00e9 70% para d\u00edvida ativa - Jornal\",\"isPartOf\":{\"@id\":\"https:\\\/\\\/jornalboasnoticias.com.br\\\/home\\\/#website\"},\"primaryImageOfPage\":{\"@id\":\"https:\\\/\\\/jornalboasnoticias.com.br\\\/home\\\/nova-renegociacao-dara-desconto-de-ate-70-para-divida-ativa\\\/#primaryimage\"},\"image\":{\"@id\":\"https:\\\/\\\/jornalboasnoticias.com.br\\\/home\\\/nova-renegociacao-dara-desconto-de-ate-70-para-divida-ativa\\\/#primaryimage\"},\"thumbnailUrl\":\"https:\\\/\\\/jornalboasnoticias.com.br\\\/home\\\/wp-content\\\/uploads\\\/2023\\\/02\\\/D4B3C6C0-46AD-46D5-9CE1-B821ADBDC55E-e1680262901190.jpeg\",\"datePublished\":\"2024-01-10T14:00:58+00:00\",\"description\":\"Nova renegocia\u00e7\u00e3o dar\u00e1 desconto de at\u00e9 70% para d\u00edvida ativa\",\"breadcrumb\":{\"@id\":\"https:\\\/\\\/jornalboasnoticias.com.br\\\/home\\\/nova-renegociacao-dara-desconto-de-ate-70-para-divida-ativa\\\/#breadcrumb\"},\"inLanguage\":\"pt-BR\",\"potentialAction\":[{\"@type\":\"ReadAction\",\"target\":[\"https:\\\/\\\/jornalboasnoticias.com.br\\\/home\\\/nova-renegociacao-dara-desconto-de-ate-70-para-divida-ativa\\\/\"]}]},{\"@type\":\"ImageObject\",\"inLanguage\":\"pt-BR\",\"@id\":\"https:\\\/\\\/jornalboasnoticias.com.br\\\/home\\\/nova-renegociacao-dara-desconto-de-ate-70-para-divida-ativa\\\/#primaryimage\",\"url\":\"https:\\\/\\\/jornalboasnoticias.com.br\\\/home\\\/wp-content\\\/uploads\\\/2023\\\/02\\\/D4B3C6C0-46AD-46D5-9CE1-B821ADBDC55E-e1680262901190.jpeg\",\"contentUrl\":\"https:\\\/\\\/jornalboasnoticias.com.br\\\/home\\\/wp-content\\\/uploads\\\/2023\\\/02\\\/D4B3C6C0-46AD-46D5-9CE1-B821ADBDC55E-e1680262901190.jpeg\",\"width\":800,\"height\":479,\"caption\":\"\u00a9 Marcello Casal JrAg\u00eancia Brasil\"},{\"@type\":\"BreadcrumbList\",\"@id\":\"https:\\\/\\\/jornalboasnoticias.com.br\\\/home\\\/nova-renegociacao-dara-desconto-de-ate-70-para-divida-ativa\\\/#breadcrumb\",\"itemListElement\":[{\"@type\":\"ListItem\",\"position\":1,\"name\":\"In\u00edcio\",\"item\":\"https:\\\/\\\/jornalboasnoticias.com.br\\\/home\\\/\"},{\"@type\":\"ListItem\",\"position\":2,\"name\":\"Nova renegocia\u00e7\u00e3o dar\u00e1 desconto de at\u00e9 70% para d\u00edvida ativa\"}]},{\"@type\":\"WebSite\",\"@id\":\"https:\\\/\\\/jornalboasnoticias.com.br\\\/home\\\/#website\",\"url\":\"https:\\\/\\\/jornalboasnoticias.com.br\\\/home\\\/\",\"name\":\"Jornal Boas Not\u00edcias\",\"description\":\"Boas not\u00edcias\",\"publisher\":{\"@id\":\"https:\\\/\\\/jornalboasnoticias.com.br\\\/home\\\/#organization\"},\"potentialAction\":[{\"@type\":\"SearchAction\",\"target\":{\"@type\":\"EntryPoint\",\"urlTemplate\":\"https:\\\/\\\/jornalboasnoticias.com.br\\\/home\\\/?s={search_term_string}\"},\"query-input\":{\"@type\":\"PropertyValueSpecification\",\"valueRequired\":true,\"valueName\":\"search_term_string\"}}],\"inLanguage\":\"pt-BR\"},{\"@type\":\"Organization\",\"@id\":\"https:\\\/\\\/jornalboasnoticias.com.br\\\/home\\\/#organization\",\"name\":\"Coq Editora Ltda\",\"alternateName\":\"Jornal Boas Noticias\",\"url\":\"https:\\\/\\\/jornalboasnoticias.com.br\\\/home\\\/\",\"logo\":{\"@type\":\"ImageObject\",\"inLanguage\":\"pt-BR\",\"@id\":\"https:\\\/\\\/jornalboasnoticias.com.br\\\/home\\\/#\\\/schema\\\/logo\\\/image\\\/\",\"url\":\"https:\\\/\\\/jornalboasnoticias.com.br\\\/home\\\/wp-content\\\/uploads\\\/2024\\\/07\\\/cropped-logo.jpg\",\"contentUrl\":\"https:\\\/\\\/jornalboasnoticias.com.br\\\/home\\\/wp-content\\\/uploads\\\/2024\\\/07\\\/cropped-logo.jpg\",\"width\":290,\"height\":142,\"caption\":\"Coq Editora Ltda\"},\"image\":{\"@id\":\"https:\\\/\\\/jornalboasnoticias.com.br\\\/home\\\/#\\\/schema\\\/logo\\\/image\\\/\"},\"sameAs\":[\"https:\\\/\\\/www.facebook.com\\\/boasnoticiasjornal\"]},{\"@type\":\"Person\",\"@id\":\"https:\\\/\\\/jornalboasnoticias.com.br\\\/home\\\/#\\\/schema\\\/person\\\/71a4be4d1685617d6d00f15f0f2952ee\",\"name\":\"Maria Bonatto\",\"image\":{\"@type\":\"ImageObject\",\"inLanguage\":\"pt-BR\",\"@id\":\"https:\\\/\\\/secure.gravatar.com\\\/avatar\\\/61bdbd92f7d53dd2fedfe556279602d97507ae906fdeb9624602488dcdcd042f?s=96&d=mm&r=g\",\"url\":\"https:\\\/\\\/secure.gravatar.com\\\/avatar\\\/61bdbd92f7d53dd2fedfe556279602d97507ae906fdeb9624602488dcdcd042f?s=96&d=mm&r=g\",\"contentUrl\":\"https:\\\/\\\/secure.gravatar.com\\\/avatar\\\/61bdbd92f7d53dd2fedfe556279602d97507ae906fdeb9624602488dcdcd042f?s=96&d=mm&r=g\",\"caption\":\"Maria Bonatto\"},\"url\":\"https:\\\/\\\/jornalboasnoticias.com.br\\\/home\\\/author\\\/ana-bonatto\\\/\"}]}<\/script>\n<!-- \/ Yoast SEO plugin. -->","yoast_head_json":{"title":"Nova renegocia\u00e7\u00e3o dar\u00e1 desconto de at\u00e9 70% para d\u00edvida ativa - Jornal","description":"Nova renegocia\u00e7\u00e3o dar\u00e1 desconto de at\u00e9 70% para d\u00edvida ativa","robots":{"index":"index","follow":"follow","max-snippet":"max-snippet:-1","max-image-preview":"max-image-preview:large","max-video-preview":"max-video-preview:-1"},"canonical":"https:\/\/jornalboasnoticias.com.br\/home\/nova-renegociacao-dara-desconto-de-ate-70-para-divida-ativa\/","og_locale":"pt_BR","og_type":"article","og_title":"Nova renegocia\u00e7\u00e3o dar\u00e1 desconto de at\u00e9 70% para d\u00edvida ativa - Jornal","og_description":"Nova renegocia\u00e7\u00e3o dar\u00e1 desconto de at\u00e9 70% para d\u00edvida ativa","og_url":"https:\/\/jornalboasnoticias.com.br\/home\/nova-renegociacao-dara-desconto-de-ate-70-para-divida-ativa\/","og_site_name":"Jornal","article_publisher":"https:\/\/www.facebook.com\/boasnoticiasjornal","article_published_time":"2024-01-10T14:00:58+00:00","og_image":[{"width":800,"height":479,"url":"https:\/\/jornalboasnoticias.com.br\/home\/wp-content\/uploads\/2023\/02\/D4B3C6C0-46AD-46D5-9CE1-B821ADBDC55E-e1680262901190.jpeg","type":"image\/jpeg"}],"author":"Maria Bonatto","twitter_card":"summary_large_image","twitter_misc":{"Escrito por":"Maria Bonatto","Est. tempo de leitura":"2 minutos"},"schema":{"@context":"https:\/\/schema.org","@graph":[{"@type":"Article","@id":"https:\/\/jornalboasnoticias.com.br\/home\/nova-renegociacao-dara-desconto-de-ate-70-para-divida-ativa\/#article","isPartOf":{"@id":"https:\/\/jornalboasnoticias.com.br\/home\/nova-renegociacao-dara-desconto-de-ate-70-para-divida-ativa\/"},"author":{"name":"Maria Bonatto","@id":"https:\/\/jornalboasnoticias.com.br\/home\/#\/schema\/person\/71a4be4d1685617d6d00f15f0f2952ee"},"headline":"Nova renegocia\u00e7\u00e3o dar\u00e1 desconto de at\u00e9 70% para d\u00edvida ativa","datePublished":"2024-01-10T14:00:58+00:00","mainEntityOfPage":{"@id":"https:\/\/jornalboasnoticias.com.br\/home\/nova-renegociacao-dara-desconto-de-ate-70-para-divida-ativa\/"},"wordCount":391,"commentCount":0,"publisher":{"@id":"https:\/\/jornalboasnoticias.com.br\/home\/#organization"},"image":{"@id":"https:\/\/jornalboasnoticias.com.br\/home\/nova-renegociacao-dara-desconto-de-ate-70-para-divida-ativa\/#primaryimage"},"thumbnailUrl":"https:\/\/jornalboasnoticias.com.br\/home\/wp-content\/uploads\/2023\/02\/D4B3C6C0-46AD-46D5-9CE1-B821ADBDC55E-e1680262901190.jpeg","articleSection":["DESTAQUE","ECONOMIA"],"inLanguage":"pt-BR","potentialAction":[{"@type":"CommentAction","name":"Comment","target":["https:\/\/jornalboasnoticias.com.br\/home\/nova-renegociacao-dara-desconto-de-ate-70-para-divida-ativa\/#respond"]}]},{"@type":"WebPage","@id":"https:\/\/jornalboasnoticias.com.br\/home\/nova-renegociacao-dara-desconto-de-ate-70-para-divida-ativa\/","url":"https:\/\/jornalboasnoticias.com.br\/home\/nova-renegociacao-dara-desconto-de-ate-70-para-divida-ativa\/","name":"Nova renegocia\u00e7\u00e3o dar\u00e1 desconto de at\u00e9 70% para d\u00edvida ativa - Jornal","isPartOf":{"@id":"https:\/\/jornalboasnoticias.com.br\/home\/#website"},"primaryImageOfPage":{"@id":"https:\/\/jornalboasnoticias.com.br\/home\/nova-renegociacao-dara-desconto-de-ate-70-para-divida-ativa\/#primaryimage"},"image":{"@id":"https:\/\/jornalboasnoticias.com.br\/home\/nova-renegociacao-dara-desconto-de-ate-70-para-divida-ativa\/#primaryimage"},"thumbnailUrl":"https:\/\/jornalboasnoticias.com.br\/home\/wp-content\/uploads\/2023\/02\/D4B3C6C0-46AD-46D5-9CE1-B821ADBDC55E-e1680262901190.jpeg","datePublished":"2024-01-10T14:00:58+00:00","description":"Nova renegocia\u00e7\u00e3o dar\u00e1 desconto de at\u00e9 70% para d\u00edvida ativa","breadcrumb":{"@id":"https:\/\/jornalboasnoticias.com.br\/home\/nova-renegociacao-dara-desconto-de-ate-70-para-divida-ativa\/#breadcrumb"},"inLanguage":"pt-BR","potentialAction":[{"@type":"ReadAction","target":["https:\/\/jornalboasnoticias.com.br\/home\/nova-renegociacao-dara-desconto-de-ate-70-para-divida-ativa\/"]}]},{"@type":"ImageObject","inLanguage":"pt-BR","@id":"https:\/\/jornalboasnoticias.com.br\/home\/nova-renegociacao-dara-desconto-de-ate-70-para-divida-ativa\/#primaryimage","url":"https:\/\/jornalboasnoticias.com.br\/home\/wp-content\/uploads\/2023\/02\/D4B3C6C0-46AD-46D5-9CE1-B821ADBDC55E-e1680262901190.jpeg","contentUrl":"https:\/\/jornalboasnoticias.com.br\/home\/wp-content\/uploads\/2023\/02\/D4B3C6C0-46AD-46D5-9CE1-B821ADBDC55E-e1680262901190.jpeg","width":800,"height":479,"caption":"\u00a9 Marcello Casal JrAg\u00eancia Brasil"},{"@type":"BreadcrumbList","@id":"https:\/\/jornalboasnoticias.com.br\/home\/nova-renegociacao-dara-desconto-de-ate-70-para-divida-ativa\/#breadcrumb","itemListElement":[{"@type":"ListItem","position":1,"name":"In\u00edcio","item":"https:\/\/jornalboasnoticias.com.br\/home\/"},{"@type":"ListItem","position":2,"name":"Nova renegocia\u00e7\u00e3o dar\u00e1 desconto de at\u00e9 70% para d\u00edvida ativa"}]},{"@type":"WebSite","@id":"https:\/\/jornalboasnoticias.com.br\/home\/#website","url":"https:\/\/jornalboasnoticias.com.br\/home\/","name":"Jornal Boas Not\u00edcias","description":"Boas not\u00edcias","publisher":{"@id":"https:\/\/jornalboasnoticias.com.br\/home\/#organization"},"potentialAction":[{"@type":"SearchAction","target":{"@type":"EntryPoint","urlTemplate":"https:\/\/jornalboasnoticias.com.br\/home\/?s={search_term_string}"},"query-input":{"@type":"PropertyValueSpecification","valueRequired":true,"valueName":"search_term_string"}}],"inLanguage":"pt-BR"},{"@type":"Organization","@id":"https:\/\/jornalboasnoticias.com.br\/home\/#organization","name":"Coq Editora Ltda","alternateName":"Jornal Boas Noticias","url":"https:\/\/jornalboasnoticias.com.br\/home\/","logo":{"@type":"ImageObject","inLanguage":"pt-BR","@id":"https:\/\/jornalboasnoticias.com.br\/home\/#\/schema\/logo\/image\/","url":"https:\/\/jornalboasnoticias.com.br\/home\/wp-content\/uploads\/2024\/07\/cropped-logo.jpg","contentUrl":"https:\/\/jornalboasnoticias.com.br\/home\/wp-content\/uploads\/2024\/07\/cropped-logo.jpg","width":290,"height":142,"caption":"Coq Editora Ltda"},"image":{"@id":"https:\/\/jornalboasnoticias.com.br\/home\/#\/schema\/logo\/image\/"},"sameAs":["https:\/\/www.facebook.com\/boasnoticiasjornal"]},{"@type":"Person","@id":"https:\/\/jornalboasnoticias.com.br\/home\/#\/schema\/person\/71a4be4d1685617d6d00f15f0f2952ee","name":"Maria Bonatto","image":{"@type":"ImageObject","inLanguage":"pt-BR","@id":"https:\/\/secure.gravatar.com\/avatar\/61bdbd92f7d53dd2fedfe556279602d97507ae906fdeb9624602488dcdcd042f?s=96&d=mm&r=g","url":"https:\/\/secure.gravatar.com\/avatar\/61bdbd92f7d53dd2fedfe556279602d97507ae906fdeb9624602488dcdcd042f?s=96&d=mm&r=g","contentUrl":"https:\/\/secure.gravatar.com\/avatar\/61bdbd92f7d53dd2fedfe556279602d97507ae906fdeb9624602488dcdcd042f?s=96&d=mm&r=g","caption":"Maria Bonatto"},"url":"https:\/\/jornalboasnoticias.com.br\/home\/author\/ana-bonatto\/"}]}},"_links":{"self":[{"href":"https:\/\/jornalboasnoticias.com.br\/home\/wp-json\/wp\/v2\/posts\/42492","targetHints":{"allow":["GET"]}}],"collection":[{"href":"https:\/\/jornalboasnoticias.com.br\/home\/wp-json\/wp\/v2\/posts"}],"about":[{"href":"https:\/\/jornalboasnoticias.com.br\/home\/wp-json\/wp\/v2\/types\/post"}],"author":[{"embeddable":true,"href":"https:\/\/jornalboasnoticias.com.br\/home\/wp-json\/wp\/v2\/users\/2"}],"replies":[{"embeddable":true,"href":"https:\/\/jornalboasnoticias.com.br\/home\/wp-json\/wp\/v2\/comments?post=42492"}],"version-history":[{"count":0,"href":"https:\/\/jornalboasnoticias.com.br\/home\/wp-json\/wp\/v2\/posts\/42492\/revisions"}],"wp:featuredmedia":[{"embeddable":true,"href":"https:\/\/jornalboasnoticias.com.br\/home\/wp-json\/wp\/v2\/media\/34325"}],"wp:attachment":[{"href":"https:\/\/jornalboasnoticias.com.br\/home\/wp-json\/wp\/v2\/media?parent=42492"}],"wp:term":[{"taxonomy":"category","embeddable":true,"href":"https:\/\/jornalboasnoticias.com.br\/home\/wp-json\/wp\/v2\/categories?post=42492"},{"taxonomy":"post_tag","embeddable":true,"href":"https:\/\/jornalboasnoticias.com.br\/home\/wp-json\/wp\/v2\/tags?post=42492"}],"curies":[{"name":"wp","href":"https:\/\/api.w.org\/{rel}","templated":true}]}}