{"id":42486,"date":"2024-01-09T22:01:49","date_gmt":"2024-01-10T01:01:49","guid":{"rendered":"https:\/\/www.jornalboasnoticias.com.br\/?p=42486"},"modified":"2024-01-09T22:01:49","modified_gmt":"2024-01-10T01:01:49","slug":"primeiro-templo-da-assembleia-de-deus-em-cascavel","status":"publish","type":"post","link":"https:\/\/jornalboasnoticias.com.br\/home\/primeiro-templo-da-assembleia-de-deus-em-cascavel\/","title":{"rendered":"Primeiro templo da Assembleia de Deus em Cascavel"},"content":{"rendered":"<p><img loading=\"lazy\" decoding=\"async\" class=\"size-full wp-image-42487 aligncenter\" src=\"https:\/\/jornalboasnoticias.com.br\/home\/wp-content\/uploads\/2024\/01\/1.jpg\" alt=\"\" width=\"613\" height=\"419\" srcset=\"https:\/\/jornalboasnoticias.com.br\/home\/wp-content\/uploads\/2024\/01\/1.jpg 613w, https:\/\/jornalboasnoticias.com.br\/home\/wp-content\/uploads\/2024\/01\/1-300x205.jpg 300w\" sizes=\"auto, (max-width: 613px) 100vw, 613px\" \/><\/p>\n<p>O templo da Igreja Evang\u00e9lica Assembleia de Deus em Cascavel \u00e9 um marco hist\u00f3rico na regi\u00e3o, tendo suas ra\u00edzes profundamente entrela\u00e7adas com a propaga\u00e7\u00e3o do evangelho na cidade. Fundada em 25 de agosto de 1957 pelos irm\u00e3os Enoque Xavier de Alencar e Regina Andrade de Alencar, vindos de Pirapozinho\/SP, a igreja teve suas primeiras reuni\u00f5es em uma casa alugada na Rua Manoel Ribas, pr\u00f3xima \u00e0 sa\u00edda para Toledo.<\/p>\n<p>Os primeiros passos foram dados em parceria com o irm\u00e3o Joaquim de Morais e sua fam\u00edlia, sob a supervis\u00e3o do mission\u00e1rio Leif Andersen. A perseveran\u00e7a e dedica\u00e7\u00e3o desses pioneiros permitiram a expans\u00e3o dos ensinamentos de Jesus Cristo na regi\u00e3o.<\/p>\n<p>Ao longo dos anos, a igreja passou por diferentes lideran\u00e7as, como o evangelista Ireno Jacinto da Silva, o presb\u00edtero Jos\u00e9 Escori\u00e7a Neto e o evangelista Heleno Jos\u00e9 de Oliveira. Em 1964, o evangelista Moacyr Jos\u00e9 Gon\u00e7alves se juntou \u00e0 comunidade quando esta j\u00e1 contava com 70 membros, e ainda no mesmo ano, foi constru\u00eddo o primeiro templo de madeira e a casa pastoral na Rua Carlos Gomes, 661.<\/p>\n<p>A formaliza\u00e7\u00e3o da AD Cascavel ocorreu em 31 de mar\u00e7o de 1966. Com o pastor Moacyr Jos\u00e9 Gon\u00e7alves \u00e0 frente, a igreja experimentou um crescimento significativo, alcan\u00e7ando 1.600 membros em 1971. Nesse ano, o pastor Amaro Selvo do Nascimento assumiu a presid\u00eancia at\u00e9 seu falecimento em 10 de mar\u00e7o de 1975.<\/p>\n<p>O pastor Jos\u00e9 Joaquim dos Santos assumiu ent\u00e3o, lan\u00e7ando as bases para um novo templo situado na Rua Cuiab\u00e1, 1773, Jardim Maria Luiza, em 22 de maio de 1976. A partir de setembro de 1976, o pastor Jos\u00e9 Pereira de Almeida liderou a igreja, vindo de Umuarama\/PR. Ele foi respons\u00e1vel pela conclus\u00e3o do templo sede em 1979, com dimens\u00f5es impressionantes de 15&#215;35 em dois pavimentos e uma \u00e1rea de 1.154m2.<\/p>\n<p>Jos\u00e9 Pereira de Almeida liderou a obra por 30 anos, at\u00e9 seu falecimento em 19 de setembro de 2006, quando durante seu culto f\u00fanebre, considerou-se a inaugura\u00e7\u00e3o oficial do templo sede atual. Em 21 de outubro de 2006, o pastor Antonio Batista Maia, natural de Ipiranga\/PR e convertido ao evangelho desde 1963, assumiu a presid\u00eancia da AD Cascavel, dando continuidade \u00e0 obra e ao legado deixado por seus antecessores.<\/p>\n<p>Pedimos ao Jo\u00e3o Pereira e aos demais membros que compartilhem e contribuam com mais detalhes hist\u00f3ricos sobre a IEAD em Cascavel, pois cada testemunho e cada momento marcante fazem parte dessa trajet\u00f3ria de f\u00e9 e devo\u00e7\u00e3o que tanto impactou a comunidade local ao longo das d\u00e9cadas.<\/p>\n","protected":false},"excerpt":{"rendered":"<p>O templo da Igreja Evang\u00e9lica Assembleia de Deus em Cascavel \u00e9 um marco hist\u00f3rico na<\/p>\n","protected":false},"author":3,"featured_media":42487,"comment_status":"open","ping_status":"open","sticky":false,"template":"","format":"standard","meta":{"footnotes":""},"categories":[13],"tags":[],"class_list":["post-42486","post","type-post","status-publish","format-standard","has-post-thumbnail","hentry","category-parana-nostalgico"],"yoast_head":"<!-- This site is optimized with the Yoast SEO plugin v27.5 - https:\/\/yoast.com\/product\/yoast-seo-wordpress\/ -->\n<title>Primeiro templo da Assembleia de Deus em Cascavel - Jornal<\/title>\n<meta name=\"description\" content=\"Primeiro templo da Assembleia de Deus em Cascavel\" \/>\n<meta name=\"robots\" content=\"index, follow, max-snippet:-1, max-image-preview:large, max-video-preview:-1\" \/>\n<link rel=\"canonical\" href=\"https:\/\/jornalboasnoticias.com.br\/home\/primeiro-templo-da-assembleia-de-deus-em-cascavel\/\" \/>\n<meta property=\"og:locale\" content=\"pt_BR\" \/>\n<meta property=\"og:type\" content=\"article\" \/>\n<meta property=\"og:title\" content=\"Primeiro templo da Assembleia de Deus em Cascavel - Jornal\" \/>\n<meta property=\"og:description\" content=\"Primeiro templo da Assembleia de Deus em Cascavel\" \/>\n<meta property=\"og:url\" content=\"https:\/\/jornalboasnoticias.com.br\/home\/primeiro-templo-da-assembleia-de-deus-em-cascavel\/\" \/>\n<meta property=\"og:site_name\" content=\"Jornal\" \/>\n<meta property=\"article:publisher\" content=\"https:\/\/www.facebook.com\/boasnoticiasjornal\" \/>\n<meta property=\"article:published_time\" content=\"2024-01-10T01:01:49+00:00\" \/>\n<meta property=\"og:image\" content=\"https:\/\/jornalboasnoticias.com.br\/home\/wp-content\/uploads\/2024\/01\/1.jpg\" \/>\n\t<meta property=\"og:image:width\" content=\"613\" \/>\n\t<meta property=\"og:image:height\" content=\"419\" \/>\n\t<meta property=\"og:image:type\" content=\"image\/jpeg\" \/>\n<meta name=\"author\" content=\"Luiz Carlos da Cruz\" \/>\n<meta name=\"twitter:card\" content=\"summary_large_image\" \/>\n<meta name=\"twitter:label1\" content=\"Escrito por\" \/>\n\t<meta name=\"twitter:data1\" content=\"Luiz Carlos da Cruz\" \/>\n\t<meta name=\"twitter:label2\" content=\"Est. tempo de leitura\" \/>\n\t<meta name=\"twitter:data2\" content=\"2 minutos\" \/>\n<script type=\"application\/ld+json\" class=\"yoast-schema-graph\">{\"@context\":\"https:\\\/\\\/schema.org\",\"@graph\":[{\"@type\":\"Article\",\"@id\":\"https:\\\/\\\/jornalboasnoticias.com.br\\\/home\\\/primeiro-templo-da-assembleia-de-deus-em-cascavel\\\/#article\",\"isPartOf\":{\"@id\":\"https:\\\/\\\/jornalboasnoticias.com.br\\\/home\\\/primeiro-templo-da-assembleia-de-deus-em-cascavel\\\/\"},\"author\":{\"name\":\"Luiz Carlos da Cruz\",\"@id\":\"https:\\\/\\\/jornalboasnoticias.com.br\\\/home\\\/#\\\/schema\\\/person\\\/75f9ebde398c998c166475fb446bda62\"},\"headline\":\"Primeiro templo da Assembleia de Deus em Cascavel\",\"datePublished\":\"2024-01-10T01:01:49+00:00\",\"mainEntityOfPage\":{\"@id\":\"https:\\\/\\\/jornalboasnoticias.com.br\\\/home\\\/primeiro-templo-da-assembleia-de-deus-em-cascavel\\\/\"},\"wordCount\":437,\"commentCount\":0,\"publisher\":{\"@id\":\"https:\\\/\\\/jornalboasnoticias.com.br\\\/home\\\/#organization\"},\"image\":{\"@id\":\"https:\\\/\\\/jornalboasnoticias.com.br\\\/home\\\/primeiro-templo-da-assembleia-de-deus-em-cascavel\\\/#primaryimage\"},\"thumbnailUrl\":\"https:\\\/\\\/jornalboasnoticias.com.br\\\/home\\\/wp-content\\\/uploads\\\/2024\\\/01\\\/1.jpg\",\"articleSection\":[\"PARAN\u00c1 NOST\u00c1LGICO\"],\"inLanguage\":\"pt-BR\",\"potentialAction\":[{\"@type\":\"CommentAction\",\"name\":\"Comment\",\"target\":[\"https:\\\/\\\/jornalboasnoticias.com.br\\\/home\\\/primeiro-templo-da-assembleia-de-deus-em-cascavel\\\/#respond\"]}]},{\"@type\":\"WebPage\",\"@id\":\"https:\\\/\\\/jornalboasnoticias.com.br\\\/home\\\/primeiro-templo-da-assembleia-de-deus-em-cascavel\\\/\",\"url\":\"https:\\\/\\\/jornalboasnoticias.com.br\\\/home\\\/primeiro-templo-da-assembleia-de-deus-em-cascavel\\\/\",\"name\":\"Primeiro templo da Assembleia de Deus em Cascavel - Jornal\",\"isPartOf\":{\"@id\":\"https:\\\/\\\/jornalboasnoticias.com.br\\\/home\\\/#website\"},\"primaryImageOfPage\":{\"@id\":\"https:\\\/\\\/jornalboasnoticias.com.br\\\/home\\\/primeiro-templo-da-assembleia-de-deus-em-cascavel\\\/#primaryimage\"},\"image\":{\"@id\":\"https:\\\/\\\/jornalboasnoticias.com.br\\\/home\\\/primeiro-templo-da-assembleia-de-deus-em-cascavel\\\/#primaryimage\"},\"thumbnailUrl\":\"https:\\\/\\\/jornalboasnoticias.com.br\\\/home\\\/wp-content\\\/uploads\\\/2024\\\/01\\\/1.jpg\",\"datePublished\":\"2024-01-10T01:01:49+00:00\",\"description\":\"Primeiro templo da Assembleia de Deus em Cascavel\",\"breadcrumb\":{\"@id\":\"https:\\\/\\\/jornalboasnoticias.com.br\\\/home\\\/primeiro-templo-da-assembleia-de-deus-em-cascavel\\\/#breadcrumb\"},\"inLanguage\":\"pt-BR\",\"potentialAction\":[{\"@type\":\"ReadAction\",\"target\":[\"https:\\\/\\\/jornalboasnoticias.com.br\\\/home\\\/primeiro-templo-da-assembleia-de-deus-em-cascavel\\\/\"]}]},{\"@type\":\"ImageObject\",\"inLanguage\":\"pt-BR\",\"@id\":\"https:\\\/\\\/jornalboasnoticias.com.br\\\/home\\\/primeiro-templo-da-assembleia-de-deus-em-cascavel\\\/#primaryimage\",\"url\":\"https:\\\/\\\/jornalboasnoticias.com.br\\\/home\\\/wp-content\\\/uploads\\\/2024\\\/01\\\/1.jpg\",\"contentUrl\":\"https:\\\/\\\/jornalboasnoticias.com.br\\\/home\\\/wp-content\\\/uploads\\\/2024\\\/01\\\/1.jpg\",\"width\":613,\"height\":419},{\"@type\":\"BreadcrumbList\",\"@id\":\"https:\\\/\\\/jornalboasnoticias.com.br\\\/home\\\/primeiro-templo-da-assembleia-de-deus-em-cascavel\\\/#breadcrumb\",\"itemListElement\":[{\"@type\":\"ListItem\",\"position\":1,\"name\":\"In\u00edcio\",\"item\":\"https:\\\/\\\/jornalboasnoticias.com.br\\\/home\\\/\"},{\"@type\":\"ListItem\",\"position\":2,\"name\":\"Primeiro templo da Assembleia de Deus em Cascavel\"}]},{\"@type\":\"WebSite\",\"@id\":\"https:\\\/\\\/jornalboasnoticias.com.br\\\/home\\\/#website\",\"url\":\"https:\\\/\\\/jornalboasnoticias.com.br\\\/home\\\/\",\"name\":\"Jornal Boas Not\u00edcias\",\"description\":\"Boas not\u00edcias\",\"publisher\":{\"@id\":\"https:\\\/\\\/jornalboasnoticias.com.br\\\/home\\\/#organization\"},\"potentialAction\":[{\"@type\":\"SearchAction\",\"target\":{\"@type\":\"EntryPoint\",\"urlTemplate\":\"https:\\\/\\\/jornalboasnoticias.com.br\\\/home\\\/?s={search_term_string}\"},\"query-input\":{\"@type\":\"PropertyValueSpecification\",\"valueRequired\":true,\"valueName\":\"search_term_string\"}}],\"inLanguage\":\"pt-BR\"},{\"@type\":\"Organization\",\"@id\":\"https:\\\/\\\/jornalboasnoticias.com.br\\\/home\\\/#organization\",\"name\":\"Coq Editora Ltda\",\"alternateName\":\"Jornal Boas Noticias\",\"url\":\"https:\\\/\\\/jornalboasnoticias.com.br\\\/home\\\/\",\"logo\":{\"@type\":\"ImageObject\",\"inLanguage\":\"pt-BR\",\"@id\":\"https:\\\/\\\/jornalboasnoticias.com.br\\\/home\\\/#\\\/schema\\\/logo\\\/image\\\/\",\"url\":\"https:\\\/\\\/jornalboasnoticias.com.br\\\/home\\\/wp-content\\\/uploads\\\/2024\\\/07\\\/cropped-logo.jpg\",\"contentUrl\":\"https:\\\/\\\/jornalboasnoticias.com.br\\\/home\\\/wp-content\\\/uploads\\\/2024\\\/07\\\/cropped-logo.jpg\",\"width\":290,\"height\":142,\"caption\":\"Coq Editora Ltda\"},\"image\":{\"@id\":\"https:\\\/\\\/jornalboasnoticias.com.br\\\/home\\\/#\\\/schema\\\/logo\\\/image\\\/\"},\"sameAs\":[\"https:\\\/\\\/www.facebook.com\\\/boasnoticiasjornal\"]},{\"@type\":\"Person\",\"@id\":\"https:\\\/\\\/jornalboasnoticias.com.br\\\/home\\\/#\\\/schema\\\/person\\\/75f9ebde398c998c166475fb446bda62\",\"name\":\"Luiz Carlos da Cruz\",\"image\":{\"@type\":\"ImageObject\",\"inLanguage\":\"pt-BR\",\"@id\":\"https:\\\/\\\/secure.gravatar.com\\\/avatar\\\/e6f4f45301b6cb8572f7b076572e8ac11c1db80e805d8c8d0858cf286ce3ac3b?s=96&d=mm&r=g\",\"url\":\"https:\\\/\\\/secure.gravatar.com\\\/avatar\\\/e6f4f45301b6cb8572f7b076572e8ac11c1db80e805d8c8d0858cf286ce3ac3b?s=96&d=mm&r=g\",\"contentUrl\":\"https:\\\/\\\/secure.gravatar.com\\\/avatar\\\/e6f4f45301b6cb8572f7b076572e8ac11c1db80e805d8c8d0858cf286ce3ac3b?s=96&d=mm&r=g\",\"caption\":\"Luiz Carlos da Cruz\"},\"url\":\"https:\\\/\\\/jornalboasnoticias.com.br\\\/home\\\/author\\\/luiz-carlos-da-cruz\\\/\"}]}<\/script>\n<!-- \/ Yoast SEO plugin. -->","yoast_head_json":{"title":"Primeiro templo da Assembleia de Deus em Cascavel - Jornal","description":"Primeiro templo da Assembleia de Deus em Cascavel","robots":{"index":"index","follow":"follow","max-snippet":"max-snippet:-1","max-image-preview":"max-image-preview:large","max-video-preview":"max-video-preview:-1"},"canonical":"https:\/\/jornalboasnoticias.com.br\/home\/primeiro-templo-da-assembleia-de-deus-em-cascavel\/","og_locale":"pt_BR","og_type":"article","og_title":"Primeiro templo da Assembleia de Deus em Cascavel - Jornal","og_description":"Primeiro templo da Assembleia de Deus em Cascavel","og_url":"https:\/\/jornalboasnoticias.com.br\/home\/primeiro-templo-da-assembleia-de-deus-em-cascavel\/","og_site_name":"Jornal","article_publisher":"https:\/\/www.facebook.com\/boasnoticiasjornal","article_published_time":"2024-01-10T01:01:49+00:00","og_image":[{"width":613,"height":419,"url":"https:\/\/jornalboasnoticias.com.br\/home\/wp-content\/uploads\/2024\/01\/1.jpg","type":"image\/jpeg"}],"author":"Luiz Carlos da Cruz","twitter_card":"summary_large_image","twitter_misc":{"Escrito por":"Luiz Carlos da Cruz","Est. tempo de leitura":"2 minutos"},"schema":{"@context":"https:\/\/schema.org","@graph":[{"@type":"Article","@id":"https:\/\/jornalboasnoticias.com.br\/home\/primeiro-templo-da-assembleia-de-deus-em-cascavel\/#article","isPartOf":{"@id":"https:\/\/jornalboasnoticias.com.br\/home\/primeiro-templo-da-assembleia-de-deus-em-cascavel\/"},"author":{"name":"Luiz Carlos da Cruz","@id":"https:\/\/jornalboasnoticias.com.br\/home\/#\/schema\/person\/75f9ebde398c998c166475fb446bda62"},"headline":"Primeiro templo da Assembleia de Deus em Cascavel","datePublished":"2024-01-10T01:01:49+00:00","mainEntityOfPage":{"@id":"https:\/\/jornalboasnoticias.com.br\/home\/primeiro-templo-da-assembleia-de-deus-em-cascavel\/"},"wordCount":437,"commentCount":0,"publisher":{"@id":"https:\/\/jornalboasnoticias.com.br\/home\/#organization"},"image":{"@id":"https:\/\/jornalboasnoticias.com.br\/home\/primeiro-templo-da-assembleia-de-deus-em-cascavel\/#primaryimage"},"thumbnailUrl":"https:\/\/jornalboasnoticias.com.br\/home\/wp-content\/uploads\/2024\/01\/1.jpg","articleSection":["PARAN\u00c1 NOST\u00c1LGICO"],"inLanguage":"pt-BR","potentialAction":[{"@type":"CommentAction","name":"Comment","target":["https:\/\/jornalboasnoticias.com.br\/home\/primeiro-templo-da-assembleia-de-deus-em-cascavel\/#respond"]}]},{"@type":"WebPage","@id":"https:\/\/jornalboasnoticias.com.br\/home\/primeiro-templo-da-assembleia-de-deus-em-cascavel\/","url":"https:\/\/jornalboasnoticias.com.br\/home\/primeiro-templo-da-assembleia-de-deus-em-cascavel\/","name":"Primeiro templo da Assembleia de Deus em Cascavel - Jornal","isPartOf":{"@id":"https:\/\/jornalboasnoticias.com.br\/home\/#website"},"primaryImageOfPage":{"@id":"https:\/\/jornalboasnoticias.com.br\/home\/primeiro-templo-da-assembleia-de-deus-em-cascavel\/#primaryimage"},"image":{"@id":"https:\/\/jornalboasnoticias.com.br\/home\/primeiro-templo-da-assembleia-de-deus-em-cascavel\/#primaryimage"},"thumbnailUrl":"https:\/\/jornalboasnoticias.com.br\/home\/wp-content\/uploads\/2024\/01\/1.jpg","datePublished":"2024-01-10T01:01:49+00:00","description":"Primeiro templo da Assembleia de Deus em Cascavel","breadcrumb":{"@id":"https:\/\/jornalboasnoticias.com.br\/home\/primeiro-templo-da-assembleia-de-deus-em-cascavel\/#breadcrumb"},"inLanguage":"pt-BR","potentialAction":[{"@type":"ReadAction","target":["https:\/\/jornalboasnoticias.com.br\/home\/primeiro-templo-da-assembleia-de-deus-em-cascavel\/"]}]},{"@type":"ImageObject","inLanguage":"pt-BR","@id":"https:\/\/jornalboasnoticias.com.br\/home\/primeiro-templo-da-assembleia-de-deus-em-cascavel\/#primaryimage","url":"https:\/\/jornalboasnoticias.com.br\/home\/wp-content\/uploads\/2024\/01\/1.jpg","contentUrl":"https:\/\/jornalboasnoticias.com.br\/home\/wp-content\/uploads\/2024\/01\/1.jpg","width":613,"height":419},{"@type":"BreadcrumbList","@id":"https:\/\/jornalboasnoticias.com.br\/home\/primeiro-templo-da-assembleia-de-deus-em-cascavel\/#breadcrumb","itemListElement":[{"@type":"ListItem","position":1,"name":"In\u00edcio","item":"https:\/\/jornalboasnoticias.com.br\/home\/"},{"@type":"ListItem","position":2,"name":"Primeiro templo da Assembleia de Deus em Cascavel"}]},{"@type":"WebSite","@id":"https:\/\/jornalboasnoticias.com.br\/home\/#website","url":"https:\/\/jornalboasnoticias.com.br\/home\/","name":"Jornal Boas Not\u00edcias","description":"Boas not\u00edcias","publisher":{"@id":"https:\/\/jornalboasnoticias.com.br\/home\/#organization"},"potentialAction":[{"@type":"SearchAction","target":{"@type":"EntryPoint","urlTemplate":"https:\/\/jornalboasnoticias.com.br\/home\/?s={search_term_string}"},"query-input":{"@type":"PropertyValueSpecification","valueRequired":true,"valueName":"search_term_string"}}],"inLanguage":"pt-BR"},{"@type":"Organization","@id":"https:\/\/jornalboasnoticias.com.br\/home\/#organization","name":"Coq Editora Ltda","alternateName":"Jornal Boas Noticias","url":"https:\/\/jornalboasnoticias.com.br\/home\/","logo":{"@type":"ImageObject","inLanguage":"pt-BR","@id":"https:\/\/jornalboasnoticias.com.br\/home\/#\/schema\/logo\/image\/","url":"https:\/\/jornalboasnoticias.com.br\/home\/wp-content\/uploads\/2024\/07\/cropped-logo.jpg","contentUrl":"https:\/\/jornalboasnoticias.com.br\/home\/wp-content\/uploads\/2024\/07\/cropped-logo.jpg","width":290,"height":142,"caption":"Coq Editora Ltda"},"image":{"@id":"https:\/\/jornalboasnoticias.com.br\/home\/#\/schema\/logo\/image\/"},"sameAs":["https:\/\/www.facebook.com\/boasnoticiasjornal"]},{"@type":"Person","@id":"https:\/\/jornalboasnoticias.com.br\/home\/#\/schema\/person\/75f9ebde398c998c166475fb446bda62","name":"Luiz Carlos da Cruz","image":{"@type":"ImageObject","inLanguage":"pt-BR","@id":"https:\/\/secure.gravatar.com\/avatar\/e6f4f45301b6cb8572f7b076572e8ac11c1db80e805d8c8d0858cf286ce3ac3b?s=96&d=mm&r=g","url":"https:\/\/secure.gravatar.com\/avatar\/e6f4f45301b6cb8572f7b076572e8ac11c1db80e805d8c8d0858cf286ce3ac3b?s=96&d=mm&r=g","contentUrl":"https:\/\/secure.gravatar.com\/avatar\/e6f4f45301b6cb8572f7b076572e8ac11c1db80e805d8c8d0858cf286ce3ac3b?s=96&d=mm&r=g","caption":"Luiz Carlos da Cruz"},"url":"https:\/\/jornalboasnoticias.com.br\/home\/author\/luiz-carlos-da-cruz\/"}]}},"_links":{"self":[{"href":"https:\/\/jornalboasnoticias.com.br\/home\/wp-json\/wp\/v2\/posts\/42486","targetHints":{"allow":["GET"]}}],"collection":[{"href":"https:\/\/jornalboasnoticias.com.br\/home\/wp-json\/wp\/v2\/posts"}],"about":[{"href":"https:\/\/jornalboasnoticias.com.br\/home\/wp-json\/wp\/v2\/types\/post"}],"author":[{"embeddable":true,"href":"https:\/\/jornalboasnoticias.com.br\/home\/wp-json\/wp\/v2\/users\/3"}],"replies":[{"embeddable":true,"href":"https:\/\/jornalboasnoticias.com.br\/home\/wp-json\/wp\/v2\/comments?post=42486"}],"version-history":[{"count":0,"href":"https:\/\/jornalboasnoticias.com.br\/home\/wp-json\/wp\/v2\/posts\/42486\/revisions"}],"wp:featuredmedia":[{"embeddable":true,"href":"https:\/\/jornalboasnoticias.com.br\/home\/wp-json\/wp\/v2\/media\/42487"}],"wp:attachment":[{"href":"https:\/\/jornalboasnoticias.com.br\/home\/wp-json\/wp\/v2\/media?parent=42486"}],"wp:term":[{"taxonomy":"category","embeddable":true,"href":"https:\/\/jornalboasnoticias.com.br\/home\/wp-json\/wp\/v2\/categories?post=42486"},{"taxonomy":"post_tag","embeddable":true,"href":"https:\/\/jornalboasnoticias.com.br\/home\/wp-json\/wp\/v2\/tags?post=42486"}],"curies":[{"name":"wp","href":"https:\/\/api.w.org\/{rel}","templated":true}]}}