{"id":42483,"date":"2024-01-09T21:52:16","date_gmt":"2024-01-10T00:52:16","guid":{"rendered":"https:\/\/www.jornalboasnoticias.com.br\/?p=42483"},"modified":"2024-01-09T21:52:16","modified_gmt":"2024-01-10T00:52:16","slug":"parana-recebeu-603-mil-turistas-estrangeiros-em-aeroportos-em-2023","status":"publish","type":"post","link":"https:\/\/jornalboasnoticias.com.br\/home\/parana-recebeu-603-mil-turistas-estrangeiros-em-aeroportos-em-2023\/","title":{"rendered":"Paran\u00e1 recebeu 603 mil turistas estrangeiros em aeroportos em 2023"},"content":{"rendered":"<p style=\"text-align: center;\"><em>Os principais turistas foram de Estados Unidos, Fran\u00e7a, Espanha, Alemanha, Israel, Paraguai, Argentina, Chile, Uruguai e Reino Unido. O n\u00famero de turistas chilenos aumentou de 3,9 mil para 10,9 mil. A mesma tend\u00eancia foi seguida por turistas vindos da Alemanha (de 2,8 mil para 5,6 mil) e Israel (de 2,7 mil para 4,7 mil)<\/em><\/p>\n<figure id=\"attachment_42484\" aria-describedby=\"caption-attachment-42484\" style=\"width: 800px\" class=\"wp-caption aligncenter\"><img loading=\"lazy\" decoding=\"async\" class=\"wp-image-42484 size-large\" src=\"https:\/\/jornalboasnoticias.com.br\/home\/wp-content\/uploads\/2024\/01\/aviao-azul-840x560.jpg\" alt=\"\" width=\"800\" height=\"533\" \/><figcaption id=\"caption-attachment-42484\" class=\"wp-caption-text\">S\u00e3o Jos\u00e9 dos Pinhais. 31 de outubro de 2023 &#8211; O vice-governador Darci Piana, participou no Aeroporto Afonso Pena, do lan\u00e7amento da linha a\u00e9rea entre Paran\u00e1 e Montevid\u00e9u (Uruguai).<\/figcaption><\/figure>\n<p>Em 2023, as belezas naturais, culturais, gastron\u00f4micas e a hospitalidade do povo paranaenses atra\u00edram 603,8 mil turistas estrangeiros, oriundos de pa\u00edses de todos os continentes. Houve crescimento de 15,6% em rela\u00e7\u00e3o aos 522 mil turistas de 2022. O Paran\u00e1 foi o 4\u00ba principal port\u00e3o de entrada do Brasil, atr\u00e1s de S\u00e3o Paulo (1,7 milh\u00e3o), Rio de Janeiro (948,6 mil) e Rio Grande do Sul (902,4 mil). Os dados se referem apenas a compilados de aeroportos e s\u00e3o do Instituto Brasileiro de Turismo (Embratur).<\/p>\n<p>Os principais turistas foram de Estados Unidos, Fran\u00e7a, Espanha, Alemanha, Israel, Paraguai, Argentina, Chile, Uruguai e Reino Unido. Foram\u00a0366.548 turistas desses dez pa\u00edses recepcionados em 2023, um aumento de 62% em rela\u00e7\u00e3o a 2022, quando o Estado recebeu 225.010 visitantes destes pa\u00edses, que historicamente representam o maior n\u00famero de estrangeiros.<\/p>\n<p>Os tr\u00eas pa\u00edses que registraram o maior n\u00famero de turistas ao Paran\u00e1 foram Paraguai (196,8 mil), Argentina (115,9 mil) e Estados Unidos (13,7 mil) \u2013 os mesmos de 2022.\u00a0O n\u00famero de turistas chilenos aumentou de 3,9 mil para 10,9 mil. A mesma tend\u00eancia foi seguida por turistas vindos da Alemanha (de 2,8 mil para 5,6 mil) e Israel (de 2,7 mil para 4,7 mil).<\/p>\n<p>Esses n\u00fameros devem aumentar ainda mais em 2024 ap\u00f3s a temporada de cruzeiros em Paranagu\u00e1. \u201cQuando o turista \u00e9 bem recebido, disp\u00f5e de uma boa infraestrutura, ele indica o Paran\u00e1 como um destino a seus parentes e amigos. O governador Ratinho Junior colocou o setor na prateleira de cima por ter a vis\u00e3o de que este setor \u00e9 um grande gerador de emprego e renda\u201d, destaca o secret\u00e1rio estadual do Turismo, M\u00e1rcio Nunes.<\/p>\n<p>Ele lembra, tamb\u00e9m, que em 2023 os dois maiores atrativos tur\u00edsticos (Parque Estadual Vila Velha e Parque\u00a0Nacional do Igua\u00e7u) tamb\u00e9m receberam mais visitantes em 2023 em rela\u00e7\u00e3o ao ano de 2022.\u00a0Vila Velha recebeu turistas estrangeiros de 58 pa\u00edses, especialmente dos Estados Unidos, Alemanha e Jap\u00e3o. Em Foz do Igua\u00e7u, as Cataratas receberam 765,3 mil estrangeiros de 164 nacionalidades, muitos deles de viagens terrestres, como os de pa\u00edses vizinhos (Argentina e Paraguai).<\/p>\n<p><strong>ESTRAT\u00c9GIA <\/strong>\u2013<strong>\u00a0<\/strong>Os dados estat\u00edsticos de origem de turistas internacionais integram uma s\u00e9rie de levantamentos feitos pela Coordenadoria de Intelig\u00eancia e Estrat\u00e9gia Tur\u00edstica da SETU. Os dados podem ser conferidos no\u00a0<a class=\"0\" href=\"https:\/\/www.turismo.pr.gov.br\/Pagina\/SiTU\" target=\"_blank\" rel=\"nofollow noopener\">SiTU<\/a>, o Sistema de Intelig\u00eancia Tur\u00edstica do Paran\u00e1, criado no ano passado. Com eles, \u00e9 poss\u00edvel promover a\u00e7\u00f5es para impulsionar o turismo, tomar decis\u00f5es de forma embasada e eficiente, formular pol\u00edticas p\u00fablicas, definir o direcionamento de investimentos p\u00fablicos, al\u00e9m de realizar an\u00e1lise de tend\u00eancias e antecipa\u00e7\u00e3o e demandas.<\/p>\n<p><strong>Confira o top 10 de turistas estrangeiros recepcionados nos aeroportos em 2023:<\/strong><\/p>\n<p>Paraguai \u2013 196.886<\/p>\n<p>Argentina \u2013 115.974<\/p>\n<p>Estados Unidos \u2013 13.170<\/p>\n<p>Chile \u2013 10.987<\/p>\n<p>Reino Unido \u2013 5.859<\/p>\n<p>Alemanha \u2013 5.640<\/p>\n<p>Fran\u00e7a \u2013 4.973<\/p>\n<p>Israel \u2013 4.757<\/p>\n<p>Espanha \u2013 4.341<\/p>\n<p>Uruguai \u2013 3.961<\/p>\n","protected":false},"excerpt":{"rendered":"<p>Os principais turistas foram de Estados Unidos, Fran\u00e7a, Espanha, Alemanha, Israel, Paraguai, Argentina, Chile, Uruguai<\/p>\n","protected":false},"author":3,"featured_media":42484,"comment_status":"open","ping_status":"open","sticky":false,"template":"","format":"standard","meta":{"footnotes":""},"categories":[4,12],"tags":[11],"class_list":["post-42483","post","type-post","status-publish","format-standard","has-post-thumbnail","hentry","category-parana","category-variedades","tag-turismo"],"yoast_head":"<!-- This site is optimized with the Yoast SEO plugin v27.5 - https:\/\/yoast.com\/product\/yoast-seo-wordpress\/ -->\n<title>Paran\u00e1 recebeu 603 mil turistas estrangeiros em aeroportos em 2023 - Jornal<\/title>\n<meta name=\"description\" content=\"Paran\u00e1 recebeu 603 mil turistas estrangeiros em aeroportos em 2023\" \/>\n<meta name=\"robots\" content=\"index, follow, max-snippet:-1, max-image-preview:large, max-video-preview:-1\" \/>\n<link rel=\"canonical\" href=\"https:\/\/jornalboasnoticias.com.br\/home\/parana-recebeu-603-mil-turistas-estrangeiros-em-aeroportos-em-2023\/\" \/>\n<meta property=\"og:locale\" content=\"pt_BR\" \/>\n<meta property=\"og:type\" content=\"article\" \/>\n<meta property=\"og:title\" content=\"Paran\u00e1 recebeu 603 mil turistas estrangeiros em aeroportos em 2023 - Jornal\" \/>\n<meta property=\"og:description\" content=\"Paran\u00e1 recebeu 603 mil turistas estrangeiros em aeroportos em 2023\" \/>\n<meta property=\"og:url\" content=\"https:\/\/jornalboasnoticias.com.br\/home\/parana-recebeu-603-mil-turistas-estrangeiros-em-aeroportos-em-2023\/\" \/>\n<meta property=\"og:site_name\" content=\"Jornal\" \/>\n<meta property=\"article:publisher\" content=\"https:\/\/www.facebook.com\/boasnoticiasjornal\" \/>\n<meta property=\"article:published_time\" content=\"2024-01-10T00:52:16+00:00\" \/>\n<meta property=\"og:image\" content=\"https:\/\/jornalboasnoticias.com.br\/home\/wp-content\/uploads\/2024\/01\/aviao-azul.jpg\" \/>\n\t<meta property=\"og:image:width\" content=\"1000\" \/>\n\t<meta property=\"og:image:height\" content=\"667\" \/>\n\t<meta property=\"og:image:type\" content=\"image\/jpeg\" \/>\n<meta name=\"author\" content=\"Luiz Carlos da Cruz\" \/>\n<meta name=\"twitter:card\" content=\"summary_large_image\" \/>\n<meta name=\"twitter:label1\" content=\"Escrito por\" \/>\n\t<meta name=\"twitter:data1\" content=\"Luiz Carlos da Cruz\" \/>\n\t<meta name=\"twitter:label2\" content=\"Est. tempo de leitura\" \/>\n\t<meta name=\"twitter:data2\" content=\"3 minutos\" \/>\n<script type=\"application\/ld+json\" class=\"yoast-schema-graph\">{\"@context\":\"https:\\\/\\\/schema.org\",\"@graph\":[{\"@type\":\"Article\",\"@id\":\"https:\\\/\\\/jornalboasnoticias.com.br\\\/home\\\/parana-recebeu-603-mil-turistas-estrangeiros-em-aeroportos-em-2023\\\/#article\",\"isPartOf\":{\"@id\":\"https:\\\/\\\/jornalboasnoticias.com.br\\\/home\\\/parana-recebeu-603-mil-turistas-estrangeiros-em-aeroportos-em-2023\\\/\"},\"author\":{\"name\":\"Luiz Carlos da Cruz\",\"@id\":\"https:\\\/\\\/jornalboasnoticias.com.br\\\/home\\\/#\\\/schema\\\/person\\\/75f9ebde398c998c166475fb446bda62\"},\"headline\":\"Paran\u00e1 recebeu 603 mil turistas estrangeiros em aeroportos em 2023\",\"datePublished\":\"2024-01-10T00:52:16+00:00\",\"mainEntityOfPage\":{\"@id\":\"https:\\\/\\\/jornalboasnoticias.com.br\\\/home\\\/parana-recebeu-603-mil-turistas-estrangeiros-em-aeroportos-em-2023\\\/\"},\"wordCount\":560,\"commentCount\":0,\"publisher\":{\"@id\":\"https:\\\/\\\/jornalboasnoticias.com.br\\\/home\\\/#organization\"},\"image\":{\"@id\":\"https:\\\/\\\/jornalboasnoticias.com.br\\\/home\\\/parana-recebeu-603-mil-turistas-estrangeiros-em-aeroportos-em-2023\\\/#primaryimage\"},\"thumbnailUrl\":\"https:\\\/\\\/jornalboasnoticias.com.br\\\/home\\\/wp-content\\\/uploads\\\/2024\\\/01\\\/aviao-azul.jpg\",\"keywords\":[\"turismo\"],\"articleSection\":[\"PARAN\u00c1\",\"VARIEDADES\"],\"inLanguage\":\"pt-BR\",\"potentialAction\":[{\"@type\":\"CommentAction\",\"name\":\"Comment\",\"target\":[\"https:\\\/\\\/jornalboasnoticias.com.br\\\/home\\\/parana-recebeu-603-mil-turistas-estrangeiros-em-aeroportos-em-2023\\\/#respond\"]}]},{\"@type\":\"WebPage\",\"@id\":\"https:\\\/\\\/jornalboasnoticias.com.br\\\/home\\\/parana-recebeu-603-mil-turistas-estrangeiros-em-aeroportos-em-2023\\\/\",\"url\":\"https:\\\/\\\/jornalboasnoticias.com.br\\\/home\\\/parana-recebeu-603-mil-turistas-estrangeiros-em-aeroportos-em-2023\\\/\",\"name\":\"Paran\u00e1 recebeu 603 mil turistas estrangeiros em aeroportos em 2023 - Jornal\",\"isPartOf\":{\"@id\":\"https:\\\/\\\/jornalboasnoticias.com.br\\\/home\\\/#website\"},\"primaryImageOfPage\":{\"@id\":\"https:\\\/\\\/jornalboasnoticias.com.br\\\/home\\\/parana-recebeu-603-mil-turistas-estrangeiros-em-aeroportos-em-2023\\\/#primaryimage\"},\"image\":{\"@id\":\"https:\\\/\\\/jornalboasnoticias.com.br\\\/home\\\/parana-recebeu-603-mil-turistas-estrangeiros-em-aeroportos-em-2023\\\/#primaryimage\"},\"thumbnailUrl\":\"https:\\\/\\\/jornalboasnoticias.com.br\\\/home\\\/wp-content\\\/uploads\\\/2024\\\/01\\\/aviao-azul.jpg\",\"datePublished\":\"2024-01-10T00:52:16+00:00\",\"description\":\"Paran\u00e1 recebeu 603 mil turistas estrangeiros em aeroportos em 2023\",\"breadcrumb\":{\"@id\":\"https:\\\/\\\/jornalboasnoticias.com.br\\\/home\\\/parana-recebeu-603-mil-turistas-estrangeiros-em-aeroportos-em-2023\\\/#breadcrumb\"},\"inLanguage\":\"pt-BR\",\"potentialAction\":[{\"@type\":\"ReadAction\",\"target\":[\"https:\\\/\\\/jornalboasnoticias.com.br\\\/home\\\/parana-recebeu-603-mil-turistas-estrangeiros-em-aeroportos-em-2023\\\/\"]}]},{\"@type\":\"ImageObject\",\"inLanguage\":\"pt-BR\",\"@id\":\"https:\\\/\\\/jornalboasnoticias.com.br\\\/home\\\/parana-recebeu-603-mil-turistas-estrangeiros-em-aeroportos-em-2023\\\/#primaryimage\",\"url\":\"https:\\\/\\\/jornalboasnoticias.com.br\\\/home\\\/wp-content\\\/uploads\\\/2024\\\/01\\\/aviao-azul.jpg\",\"contentUrl\":\"https:\\\/\\\/jornalboasnoticias.com.br\\\/home\\\/wp-content\\\/uploads\\\/2024\\\/01\\\/aviao-azul.jpg\",\"width\":1000,\"height\":667,\"caption\":\"S\u00e3o Jos\u00e9 dos Pinhais. 31 de outubro de 2023 - O vice-governador Darci Piana, participou no Aeroporto Afonso Pena, do lan\u00e7amento da linha a\u00e9rea entre Paran\u00e1 e Montevid\u00e9u (Uruguai).\"},{\"@type\":\"BreadcrumbList\",\"@id\":\"https:\\\/\\\/jornalboasnoticias.com.br\\\/home\\\/parana-recebeu-603-mil-turistas-estrangeiros-em-aeroportos-em-2023\\\/#breadcrumb\",\"itemListElement\":[{\"@type\":\"ListItem\",\"position\":1,\"name\":\"In\u00edcio\",\"item\":\"https:\\\/\\\/jornalboasnoticias.com.br\\\/home\\\/\"},{\"@type\":\"ListItem\",\"position\":2,\"name\":\"Paran\u00e1 recebeu 603 mil turistas estrangeiros em aeroportos em 2023\"}]},{\"@type\":\"WebSite\",\"@id\":\"https:\\\/\\\/jornalboasnoticias.com.br\\\/home\\\/#website\",\"url\":\"https:\\\/\\\/jornalboasnoticias.com.br\\\/home\\\/\",\"name\":\"Jornal Boas Not\u00edcias\",\"description\":\"Boas not\u00edcias\",\"publisher\":{\"@id\":\"https:\\\/\\\/jornalboasnoticias.com.br\\\/home\\\/#organization\"},\"potentialAction\":[{\"@type\":\"SearchAction\",\"target\":{\"@type\":\"EntryPoint\",\"urlTemplate\":\"https:\\\/\\\/jornalboasnoticias.com.br\\\/home\\\/?s={search_term_string}\"},\"query-input\":{\"@type\":\"PropertyValueSpecification\",\"valueRequired\":true,\"valueName\":\"search_term_string\"}}],\"inLanguage\":\"pt-BR\"},{\"@type\":\"Organization\",\"@id\":\"https:\\\/\\\/jornalboasnoticias.com.br\\\/home\\\/#organization\",\"name\":\"Coq Editora Ltda\",\"alternateName\":\"Jornal Boas Noticias\",\"url\":\"https:\\\/\\\/jornalboasnoticias.com.br\\\/home\\\/\",\"logo\":{\"@type\":\"ImageObject\",\"inLanguage\":\"pt-BR\",\"@id\":\"https:\\\/\\\/jornalboasnoticias.com.br\\\/home\\\/#\\\/schema\\\/logo\\\/image\\\/\",\"url\":\"https:\\\/\\\/jornalboasnoticias.com.br\\\/home\\\/wp-content\\\/uploads\\\/2024\\\/07\\\/cropped-logo.jpg\",\"contentUrl\":\"https:\\\/\\\/jornalboasnoticias.com.br\\\/home\\\/wp-content\\\/uploads\\\/2024\\\/07\\\/cropped-logo.jpg\",\"width\":290,\"height\":142,\"caption\":\"Coq Editora Ltda\"},\"image\":{\"@id\":\"https:\\\/\\\/jornalboasnoticias.com.br\\\/home\\\/#\\\/schema\\\/logo\\\/image\\\/\"},\"sameAs\":[\"https:\\\/\\\/www.facebook.com\\\/boasnoticiasjornal\"]},{\"@type\":\"Person\",\"@id\":\"https:\\\/\\\/jornalboasnoticias.com.br\\\/home\\\/#\\\/schema\\\/person\\\/75f9ebde398c998c166475fb446bda62\",\"name\":\"Luiz Carlos da Cruz\",\"image\":{\"@type\":\"ImageObject\",\"inLanguage\":\"pt-BR\",\"@id\":\"https:\\\/\\\/secure.gravatar.com\\\/avatar\\\/e6f4f45301b6cb8572f7b076572e8ac11c1db80e805d8c8d0858cf286ce3ac3b?s=96&d=mm&r=g\",\"url\":\"https:\\\/\\\/secure.gravatar.com\\\/avatar\\\/e6f4f45301b6cb8572f7b076572e8ac11c1db80e805d8c8d0858cf286ce3ac3b?s=96&d=mm&r=g\",\"contentUrl\":\"https:\\\/\\\/secure.gravatar.com\\\/avatar\\\/e6f4f45301b6cb8572f7b076572e8ac11c1db80e805d8c8d0858cf286ce3ac3b?s=96&d=mm&r=g\",\"caption\":\"Luiz Carlos da Cruz\"},\"url\":\"https:\\\/\\\/jornalboasnoticias.com.br\\\/home\\\/author\\\/luiz-carlos-da-cruz\\\/\"}]}<\/script>\n<!-- \/ Yoast SEO plugin. -->","yoast_head_json":{"title":"Paran\u00e1 recebeu 603 mil turistas estrangeiros em aeroportos em 2023 - Jornal","description":"Paran\u00e1 recebeu 603 mil turistas estrangeiros em aeroportos em 2023","robots":{"index":"index","follow":"follow","max-snippet":"max-snippet:-1","max-image-preview":"max-image-preview:large","max-video-preview":"max-video-preview:-1"},"canonical":"https:\/\/jornalboasnoticias.com.br\/home\/parana-recebeu-603-mil-turistas-estrangeiros-em-aeroportos-em-2023\/","og_locale":"pt_BR","og_type":"article","og_title":"Paran\u00e1 recebeu 603 mil turistas estrangeiros em aeroportos em 2023 - Jornal","og_description":"Paran\u00e1 recebeu 603 mil turistas estrangeiros em aeroportos em 2023","og_url":"https:\/\/jornalboasnoticias.com.br\/home\/parana-recebeu-603-mil-turistas-estrangeiros-em-aeroportos-em-2023\/","og_site_name":"Jornal","article_publisher":"https:\/\/www.facebook.com\/boasnoticiasjornal","article_published_time":"2024-01-10T00:52:16+00:00","og_image":[{"width":1000,"height":667,"url":"https:\/\/jornalboasnoticias.com.br\/home\/wp-content\/uploads\/2024\/01\/aviao-azul.jpg","type":"image\/jpeg"}],"author":"Luiz Carlos da Cruz","twitter_card":"summary_large_image","twitter_misc":{"Escrito por":"Luiz Carlos da Cruz","Est. tempo de leitura":"3 minutos"},"schema":{"@context":"https:\/\/schema.org","@graph":[{"@type":"Article","@id":"https:\/\/jornalboasnoticias.com.br\/home\/parana-recebeu-603-mil-turistas-estrangeiros-em-aeroportos-em-2023\/#article","isPartOf":{"@id":"https:\/\/jornalboasnoticias.com.br\/home\/parana-recebeu-603-mil-turistas-estrangeiros-em-aeroportos-em-2023\/"},"author":{"name":"Luiz Carlos da Cruz","@id":"https:\/\/jornalboasnoticias.com.br\/home\/#\/schema\/person\/75f9ebde398c998c166475fb446bda62"},"headline":"Paran\u00e1 recebeu 603 mil turistas estrangeiros em aeroportos em 2023","datePublished":"2024-01-10T00:52:16+00:00","mainEntityOfPage":{"@id":"https:\/\/jornalboasnoticias.com.br\/home\/parana-recebeu-603-mil-turistas-estrangeiros-em-aeroportos-em-2023\/"},"wordCount":560,"commentCount":0,"publisher":{"@id":"https:\/\/jornalboasnoticias.com.br\/home\/#organization"},"image":{"@id":"https:\/\/jornalboasnoticias.com.br\/home\/parana-recebeu-603-mil-turistas-estrangeiros-em-aeroportos-em-2023\/#primaryimage"},"thumbnailUrl":"https:\/\/jornalboasnoticias.com.br\/home\/wp-content\/uploads\/2024\/01\/aviao-azul.jpg","keywords":["turismo"],"articleSection":["PARAN\u00c1","VARIEDADES"],"inLanguage":"pt-BR","potentialAction":[{"@type":"CommentAction","name":"Comment","target":["https:\/\/jornalboasnoticias.com.br\/home\/parana-recebeu-603-mil-turistas-estrangeiros-em-aeroportos-em-2023\/#respond"]}]},{"@type":"WebPage","@id":"https:\/\/jornalboasnoticias.com.br\/home\/parana-recebeu-603-mil-turistas-estrangeiros-em-aeroportos-em-2023\/","url":"https:\/\/jornalboasnoticias.com.br\/home\/parana-recebeu-603-mil-turistas-estrangeiros-em-aeroportos-em-2023\/","name":"Paran\u00e1 recebeu 603 mil turistas estrangeiros em aeroportos em 2023 - Jornal","isPartOf":{"@id":"https:\/\/jornalboasnoticias.com.br\/home\/#website"},"primaryImageOfPage":{"@id":"https:\/\/jornalboasnoticias.com.br\/home\/parana-recebeu-603-mil-turistas-estrangeiros-em-aeroportos-em-2023\/#primaryimage"},"image":{"@id":"https:\/\/jornalboasnoticias.com.br\/home\/parana-recebeu-603-mil-turistas-estrangeiros-em-aeroportos-em-2023\/#primaryimage"},"thumbnailUrl":"https:\/\/jornalboasnoticias.com.br\/home\/wp-content\/uploads\/2024\/01\/aviao-azul.jpg","datePublished":"2024-01-10T00:52:16+00:00","description":"Paran\u00e1 recebeu 603 mil turistas estrangeiros em aeroportos em 2023","breadcrumb":{"@id":"https:\/\/jornalboasnoticias.com.br\/home\/parana-recebeu-603-mil-turistas-estrangeiros-em-aeroportos-em-2023\/#breadcrumb"},"inLanguage":"pt-BR","potentialAction":[{"@type":"ReadAction","target":["https:\/\/jornalboasnoticias.com.br\/home\/parana-recebeu-603-mil-turistas-estrangeiros-em-aeroportos-em-2023\/"]}]},{"@type":"ImageObject","inLanguage":"pt-BR","@id":"https:\/\/jornalboasnoticias.com.br\/home\/parana-recebeu-603-mil-turistas-estrangeiros-em-aeroportos-em-2023\/#primaryimage","url":"https:\/\/jornalboasnoticias.com.br\/home\/wp-content\/uploads\/2024\/01\/aviao-azul.jpg","contentUrl":"https:\/\/jornalboasnoticias.com.br\/home\/wp-content\/uploads\/2024\/01\/aviao-azul.jpg","width":1000,"height":667,"caption":"S\u00e3o Jos\u00e9 dos Pinhais. 31 de outubro de 2023 - O vice-governador Darci Piana, participou no Aeroporto Afonso Pena, do lan\u00e7amento da linha a\u00e9rea entre Paran\u00e1 e Montevid\u00e9u (Uruguai)."},{"@type":"BreadcrumbList","@id":"https:\/\/jornalboasnoticias.com.br\/home\/parana-recebeu-603-mil-turistas-estrangeiros-em-aeroportos-em-2023\/#breadcrumb","itemListElement":[{"@type":"ListItem","position":1,"name":"In\u00edcio","item":"https:\/\/jornalboasnoticias.com.br\/home\/"},{"@type":"ListItem","position":2,"name":"Paran\u00e1 recebeu 603 mil turistas estrangeiros em aeroportos em 2023"}]},{"@type":"WebSite","@id":"https:\/\/jornalboasnoticias.com.br\/home\/#website","url":"https:\/\/jornalboasnoticias.com.br\/home\/","name":"Jornal Boas Not\u00edcias","description":"Boas not\u00edcias","publisher":{"@id":"https:\/\/jornalboasnoticias.com.br\/home\/#organization"},"potentialAction":[{"@type":"SearchAction","target":{"@type":"EntryPoint","urlTemplate":"https:\/\/jornalboasnoticias.com.br\/home\/?s={search_term_string}"},"query-input":{"@type":"PropertyValueSpecification","valueRequired":true,"valueName":"search_term_string"}}],"inLanguage":"pt-BR"},{"@type":"Organization","@id":"https:\/\/jornalboasnoticias.com.br\/home\/#organization","name":"Coq Editora Ltda","alternateName":"Jornal Boas Noticias","url":"https:\/\/jornalboasnoticias.com.br\/home\/","logo":{"@type":"ImageObject","inLanguage":"pt-BR","@id":"https:\/\/jornalboasnoticias.com.br\/home\/#\/schema\/logo\/image\/","url":"https:\/\/jornalboasnoticias.com.br\/home\/wp-content\/uploads\/2024\/07\/cropped-logo.jpg","contentUrl":"https:\/\/jornalboasnoticias.com.br\/home\/wp-content\/uploads\/2024\/07\/cropped-logo.jpg","width":290,"height":142,"caption":"Coq Editora Ltda"},"image":{"@id":"https:\/\/jornalboasnoticias.com.br\/home\/#\/schema\/logo\/image\/"},"sameAs":["https:\/\/www.facebook.com\/boasnoticiasjornal"]},{"@type":"Person","@id":"https:\/\/jornalboasnoticias.com.br\/home\/#\/schema\/person\/75f9ebde398c998c166475fb446bda62","name":"Luiz Carlos da Cruz","image":{"@type":"ImageObject","inLanguage":"pt-BR","@id":"https:\/\/secure.gravatar.com\/avatar\/e6f4f45301b6cb8572f7b076572e8ac11c1db80e805d8c8d0858cf286ce3ac3b?s=96&d=mm&r=g","url":"https:\/\/secure.gravatar.com\/avatar\/e6f4f45301b6cb8572f7b076572e8ac11c1db80e805d8c8d0858cf286ce3ac3b?s=96&d=mm&r=g","contentUrl":"https:\/\/secure.gravatar.com\/avatar\/e6f4f45301b6cb8572f7b076572e8ac11c1db80e805d8c8d0858cf286ce3ac3b?s=96&d=mm&r=g","caption":"Luiz Carlos da Cruz"},"url":"https:\/\/jornalboasnoticias.com.br\/home\/author\/luiz-carlos-da-cruz\/"}]}},"_links":{"self":[{"href":"https:\/\/jornalboasnoticias.com.br\/home\/wp-json\/wp\/v2\/posts\/42483","targetHints":{"allow":["GET"]}}],"collection":[{"href":"https:\/\/jornalboasnoticias.com.br\/home\/wp-json\/wp\/v2\/posts"}],"about":[{"href":"https:\/\/jornalboasnoticias.com.br\/home\/wp-json\/wp\/v2\/types\/post"}],"author":[{"embeddable":true,"href":"https:\/\/jornalboasnoticias.com.br\/home\/wp-json\/wp\/v2\/users\/3"}],"replies":[{"embeddable":true,"href":"https:\/\/jornalboasnoticias.com.br\/home\/wp-json\/wp\/v2\/comments?post=42483"}],"version-history":[{"count":0,"href":"https:\/\/jornalboasnoticias.com.br\/home\/wp-json\/wp\/v2\/posts\/42483\/revisions"}],"wp:featuredmedia":[{"embeddable":true,"href":"https:\/\/jornalboasnoticias.com.br\/home\/wp-json\/wp\/v2\/media\/42484"}],"wp:attachment":[{"href":"https:\/\/jornalboasnoticias.com.br\/home\/wp-json\/wp\/v2\/media?parent=42483"}],"wp:term":[{"taxonomy":"category","embeddable":true,"href":"https:\/\/jornalboasnoticias.com.br\/home\/wp-json\/wp\/v2\/categories?post=42483"},{"taxonomy":"post_tag","embeddable":true,"href":"https:\/\/jornalboasnoticias.com.br\/home\/wp-json\/wp\/v2\/tags?post=42483"}],"curies":[{"name":"wp","href":"https:\/\/api.w.org\/{rel}","templated":true}]}}