{"id":42480,"date":"2024-01-09T21:42:48","date_gmt":"2024-01-10T00:42:48","guid":{"rendered":"https:\/\/www.jornalboasnoticias.com.br\/?p=42480"},"modified":"2024-01-09T21:42:48","modified_gmt":"2024-01-10T00:42:48","slug":"convivencia-intergeracional-em-cascavel-fortalece-lacos-e-constroi-comunidades-unidas","status":"publish","type":"post","link":"https:\/\/jornalboasnoticias.com.br\/home\/convivencia-intergeracional-em-cascavel-fortalece-lacos-e-constroi-comunidades-unidas\/","title":{"rendered":"Conviv\u00eancia Intergeracional em Cascavel fortalece la\u00e7os e constr\u00f3i comunidades unidas"},"content":{"rendered":"<p style=\"text-align: center;\"><strong><em>Aproximadamente 300 fam\u00edlias s\u00e3o atendidas mensalmente nos CCIs com integra\u00e7\u00e3o, Munic\u00edpio investe em novos gin\u00e1sios para as atividades<\/em><\/strong><\/p>\n<p><img loading=\"lazy\" decoding=\"async\" class=\"size-medium wp-image-42481 aligncenter\" src=\"https:\/\/jornalboasnoticias.com.br\/home\/wp-content\/uploads\/2024\/01\/1-548x365.jpeg\" alt=\"\" width=\"548\" height=\"365\" \/><\/p>\n<p>Um conjunto de obras e equipamentos p\u00fablicos pensados e idealizados para oferecer qualidade de vida e seguran\u00e7a para a popula\u00e7\u00e3o em situa\u00e7\u00e3o de vulnerabilidade social. Assim s\u00e3o os CCIs (Centros de Conviv\u00eancia Intergeracionais), localizados nos bairros Cascavel Velho e Morumbi, e em breve tamb\u00e9m no bairro Santa Felicidade.<\/p>\n<p>Nos CCIs, s\u00e3o atendidas cerca de 300 fam\u00edlias por m\u00eas. Na regi\u00e3o norte, a estrutura foi constru\u00edda ao lado do Ecopark Morumbi, sob atribui\u00e7\u00e3o da Secretaria de Assist\u00eancia Social. Nos CCIs, s\u00e3o desenvolvidos os servi\u00e7os de conviv\u00eancia e fortalecimento de v\u00ednculos, que t\u00eam por objetivo integrar e fortalecer as fam\u00edlias em situa\u00e7\u00e3o de vulnerabilidade do Munic\u00edpio, que s\u00e3o prioridade absoluta no atendimento.<\/p>\n<p>No complexo da zona norte, que compreende o Ecopark do Morumbi, o CCI e o CRAS, foi constru\u00eddo tamb\u00e9m um gin\u00e1sio poliesportivo onde s\u00e3o oferecidas aulas de futsal, basquete, v\u00f4lei e outras modalidades.<\/p>\n<p>E a Secretaria de Assist\u00eancia Social j\u00e1 est\u00e1 construindo tamb\u00e9m um gin\u00e1sio poliesportivo no CCI do bairro Cascavel Velho. A obra j\u00e1 est\u00e1 com mais de 30% do projeto executado e, igualmente, depois de pronta, vai oferecer \u00e0s crian\u00e7as, jovens e adultos atendidos no CCI atividades f\u00edsicas e recreativas no per\u00edodo de funcionamento da entidade, que \u00e9 de segunda a sexta-feira, das 8h \u00e0s 17h.<\/p>\n<p>A mesma estrutura esportiva contempla o CCI do bairro Santa Felicidade, que funcionar\u00e1 anexo ao Ecopark Sul, cujas obras est\u00e3o bastante adiantadas. &#8220;Sobre os equipamentos sociais, hoje estamos com 13,27% das obras do CCI Santa Felicidade em constru\u00e7\u00e3o. O CRAS Santa Felicidade est\u00e1 com 24,19% da obra em andamento e a quadra com 17,33%. Estamos muito felizes, porque esta popula\u00e7\u00e3o da regi\u00e3o sul de Cascavel estava desprovida de um atendimento social mais pr\u00f3ximo de suas resid\u00eancias e agora esta realidade vai mudar\u201d, disse o secret\u00e1rio Hudson Moreschi J\u00fanior.<\/p>\n<p>CCIs<\/p>\n<p>Nos Centros de Conviv\u00eancia Intergeracionais, s\u00e3o realizadas oficinas de dan\u00e7a, teatro, artes, conta\u00e7\u00e3o de hist\u00f3rias e v\u00e1rias outras ligadas \u00e0 \u00e1rea da cultura.<\/p>\n<p>\u201cOs Centros est\u00e3o voltados ao trabalho com crian\u00e7as, adolescentes, jovens e adultos, idosos, em especial benefici\u00e1rios do Programa Bolsa Fam\u00edlia e encaminhados pelo Creas, que apresentam vulnerabilidades, risco social e situa\u00e7\u00f5es violadoras de direitos\u201d, finalizou o secret\u00e1rio de Assist\u00eancia Social.<\/p>\n<p>Col\u00f4nia de F\u00e9rias<\/p>\n<p>Os CCIs j\u00e1 retornaram \u00e0s atividades normais e com as col\u00f4nias de f\u00e9rias que t\u00eam movimentado a crian\u00e7ada. Confira abaixo a programa\u00e7\u00e3o:<\/p>\n<p>Eureca II: Rua Apalais, 930 &#8211; Santa Cruz<\/p>\n<p>&#8211; As atividades ser\u00e3o realizadas apenas no per\u00edodo vespertino, das 13h30 \u00e0s<br \/>\n16h30, mantendo-se a oferta de refei\u00e7\u00e3o na entrada e na antes da sa\u00edda.<br \/>\n&#8211; Modalidade I &#8211; 0 a 5 anos: frequ\u00eancia de uma vez por semana, \u00e0s quartas?<br \/>\nfeiras. As atividades s\u00e3o destinadas \u00e0s crian\u00e7as junto com um cuidador<br \/>\n(familiar maior de idade).<br \/>\n&#8211; Modalidade II &#8211; 6 a 15 anos: frequ\u00eancia de duas vezes pro semana, sendo<br \/>\nque um grupo vir\u00e1 \u00e0s segundas e quintas-feiras e, o outro, nas ter\u00e7as e<br \/>\nsextas-feiras. Os grupos ser\u00e3o divididos de forma a equiparar quantidade de<br \/>\ncrian\u00e7as\/adolescentes e propiciar que os grupos de irm\u00e3os compare\u00e7am no<br \/>\nmesmo dia, para facilitar a participa\u00e7\u00e3o.<\/p>\n<p>Eureca I: Rua Felicidade, 631 &#8211; Interlagos<br \/>\n&#8211; As atividades ser\u00e3o realizadas apenas no per\u00edodo vespertino, das 13h00 \u00e0s<br \/>\n16h00<br \/>\n&#8211; Modalidade II &#8211; 06 a 08 anos: Segunda-feira e Quarta-feira<br \/>\n&#8211; Modalidade II &#8211; 09 a 11 anos: Ter\u00e7a-feira e Sexta-feira<br \/>\n&#8211; Modalidade I &#8211; Primeira Inf\u00e2ncia: Quinta-feira (11\/01) e Ter\u00e7a-feira (23\/01)<\/p>\n<p>CRAS Cancelli: Rua Ernesto Farina, 555 &#8211; Claudete<br \/>\n&#8211; 05\/01 (sexta): Manh\u00e3;<br \/>\n&#8211; 10\/01 (quarta): Manh\u00e3 e tarde;<br \/>\n&#8211; 11\/01 (quinta): Tarde &#8211; Projeto Digna Idade;<br \/>\n&#8211; 19\/01 (sexta): Manh\u00e3;<br \/>\n&#8211; 24\/01 (quarta): Manh\u00e3 e tarde;<br \/>\n&#8211; 02\/02 (sexta): Manh\u00e3.<\/p>\n<p>CCI Morumbi: Rua Florencio Galafassi, 20, Loteamento Campo Belo<br \/>\n&#8211; 02\/01 &#8211; 05\/01: Organiza\u00e7\u00e3o;<br \/>\n&#8211; 08\/01 &#8211; 12\/01: Gincanas;<br \/>\n&#8211; 15\/01 &#8211; 19\/01: Jogos;<br \/>\n&#8211; 22\/01 &#8211; 26\/01: Artes.<\/p>\n<p>CCI XIV de Novembro: Rua Francisco Guaran\u00e1 de Menezes &#8211; 1122<br \/>\n&#8211; Todos os dias a tarde<\/p>\n<p>CCI Cascavel Velho: Avenida Comil, 1085<br \/>\n&#8211; Todos os dias a tarde<\/p>\n<p>Pra\u00e7a CEU: Rua Cai\u00e7aras, 401 &#8211; Santa Cruz<br \/>\n&#8211; 02\/01\/24 a 05\/01\/24 &#8211; Tarde<br \/>\n&#8211; 08\/01\/24 a 12\/01\/24 &#8211; Tarde<\/p>\n<p>CRAS Riviera: Rua Panam\u00e1, 406 &#8211; Floresta<br \/>\n09-10\/01 &#8211; 08:30 \u00e0s 11:00<br \/>\n16-17\/01 &#8211; 08:30 \u00e0s 11:00<br \/>\n23-24\/01 &#8211; 08:30 \u00e0s 11:00<br \/>\n30-31\/01 &#8211; 08:30 \u00e0s 11:00<\/p>\n<p>Centro da Juventude: Rua Felicidade, 601 &#8211; Interlagos<br \/>\n02\/01 a 22\/01 &#8211; 13:00 \u00e0s 16:30<\/p>\n<p><em>Secom<\/em><\/p>\n","protected":false},"excerpt":{"rendered":"<p>Aproximadamente 300 fam\u00edlias s\u00e3o atendidas mensalmente nos CCIs com integra\u00e7\u00e3o, Munic\u00edpio investe em novos gin\u00e1sios<\/p>\n","protected":false},"author":3,"featured_media":42481,"comment_status":"open","ping_status":"open","sticky":false,"template":"","format":"standard","meta":{"footnotes":""},"categories":[2],"tags":[10],"class_list":["post-42480","post","type-post","status-publish","format-standard","has-post-thumbnail","hentry","category-cascavel","tag-cascavel"],"yoast_head":"<!-- This site is optimized with the Yoast SEO plugin v27.5 - https:\/\/yoast.com\/product\/yoast-seo-wordpress\/ -->\n<title>Conviv\u00eancia Intergeracional em Cascavel fortalece la\u00e7os e constr\u00f3i comunidades unidas - Jornal<\/title>\n<meta name=\"description\" content=\"Conviv\u00eancia Intergeracional em Cascavel fortalece la\u00e7os e constr\u00f3i comunidades unidas\" \/>\n<meta name=\"robots\" content=\"index, follow, max-snippet:-1, max-image-preview:large, max-video-preview:-1\" \/>\n<link rel=\"canonical\" href=\"https:\/\/jornalboasnoticias.com.br\/home\/convivencia-intergeracional-em-cascavel-fortalece-lacos-e-constroi-comunidades-unidas\/\" \/>\n<meta property=\"og:locale\" content=\"pt_BR\" \/>\n<meta property=\"og:type\" content=\"article\" \/>\n<meta property=\"og:title\" content=\"Conviv\u00eancia Intergeracional em Cascavel fortalece la\u00e7os e constr\u00f3i comunidades unidas - Jornal\" \/>\n<meta property=\"og:description\" content=\"Conviv\u00eancia Intergeracional em Cascavel fortalece la\u00e7os e constr\u00f3i comunidades unidas\" \/>\n<meta property=\"og:url\" content=\"https:\/\/jornalboasnoticias.com.br\/home\/convivencia-intergeracional-em-cascavel-fortalece-lacos-e-constroi-comunidades-unidas\/\" \/>\n<meta property=\"og:site_name\" content=\"Jornal\" \/>\n<meta property=\"article:publisher\" content=\"https:\/\/www.facebook.com\/boasnoticiasjornal\" \/>\n<meta property=\"article:published_time\" content=\"2024-01-10T00:42:48+00:00\" \/>\n<meta property=\"og:image\" content=\"https:\/\/jornalboasnoticias.com.br\/home\/wp-content\/uploads\/2024\/01\/1.jpeg\" \/>\n\t<meta property=\"og:image:width\" content=\"1600\" \/>\n\t<meta property=\"og:image:height\" content=\"1066\" \/>\n\t<meta property=\"og:image:type\" content=\"image\/jpeg\" \/>\n<meta name=\"author\" content=\"Luiz Carlos da Cruz\" \/>\n<meta name=\"twitter:card\" content=\"summary_large_image\" \/>\n<meta name=\"twitter:label1\" content=\"Escrito por\" \/>\n\t<meta name=\"twitter:data1\" content=\"Luiz Carlos da Cruz\" \/>\n\t<meta name=\"twitter:label2\" content=\"Est. tempo de leitura\" \/>\n\t<meta name=\"twitter:data2\" content=\"4 minutos\" \/>\n<script type=\"application\/ld+json\" class=\"yoast-schema-graph\">{\"@context\":\"https:\\\/\\\/schema.org\",\"@graph\":[{\"@type\":\"Article\",\"@id\":\"https:\\\/\\\/jornalboasnoticias.com.br\\\/home\\\/convivencia-intergeracional-em-cascavel-fortalece-lacos-e-constroi-comunidades-unidas\\\/#article\",\"isPartOf\":{\"@id\":\"https:\\\/\\\/jornalboasnoticias.com.br\\\/home\\\/convivencia-intergeracional-em-cascavel-fortalece-lacos-e-constroi-comunidades-unidas\\\/\"},\"author\":{\"name\":\"Luiz Carlos da Cruz\",\"@id\":\"https:\\\/\\\/jornalboasnoticias.com.br\\\/home\\\/#\\\/schema\\\/person\\\/75f9ebde398c998c166475fb446bda62\"},\"headline\":\"Conviv\u00eancia Intergeracional em Cascavel fortalece la\u00e7os e constr\u00f3i comunidades unidas\",\"datePublished\":\"2024-01-10T00:42:48+00:00\",\"mainEntityOfPage\":{\"@id\":\"https:\\\/\\\/jornalboasnoticias.com.br\\\/home\\\/convivencia-intergeracional-em-cascavel-fortalece-lacos-e-constroi-comunidades-unidas\\\/\"},\"wordCount\":783,\"commentCount\":0,\"publisher\":{\"@id\":\"https:\\\/\\\/jornalboasnoticias.com.br\\\/home\\\/#organization\"},\"image\":{\"@id\":\"https:\\\/\\\/jornalboasnoticias.com.br\\\/home\\\/convivencia-intergeracional-em-cascavel-fortalece-lacos-e-constroi-comunidades-unidas\\\/#primaryimage\"},\"thumbnailUrl\":\"https:\\\/\\\/jornalboasnoticias.com.br\\\/home\\\/wp-content\\\/uploads\\\/2024\\\/01\\\/1.jpeg\",\"keywords\":[\"cascavel\"],\"articleSection\":[\"CASCAVEL\"],\"inLanguage\":\"pt-BR\",\"potentialAction\":[{\"@type\":\"CommentAction\",\"name\":\"Comment\",\"target\":[\"https:\\\/\\\/jornalboasnoticias.com.br\\\/home\\\/convivencia-intergeracional-em-cascavel-fortalece-lacos-e-constroi-comunidades-unidas\\\/#respond\"]}]},{\"@type\":\"WebPage\",\"@id\":\"https:\\\/\\\/jornalboasnoticias.com.br\\\/home\\\/convivencia-intergeracional-em-cascavel-fortalece-lacos-e-constroi-comunidades-unidas\\\/\",\"url\":\"https:\\\/\\\/jornalboasnoticias.com.br\\\/home\\\/convivencia-intergeracional-em-cascavel-fortalece-lacos-e-constroi-comunidades-unidas\\\/\",\"name\":\"Conviv\u00eancia Intergeracional em Cascavel fortalece la\u00e7os e constr\u00f3i comunidades unidas - Jornal\",\"isPartOf\":{\"@id\":\"https:\\\/\\\/jornalboasnoticias.com.br\\\/home\\\/#website\"},\"primaryImageOfPage\":{\"@id\":\"https:\\\/\\\/jornalboasnoticias.com.br\\\/home\\\/convivencia-intergeracional-em-cascavel-fortalece-lacos-e-constroi-comunidades-unidas\\\/#primaryimage\"},\"image\":{\"@id\":\"https:\\\/\\\/jornalboasnoticias.com.br\\\/home\\\/convivencia-intergeracional-em-cascavel-fortalece-lacos-e-constroi-comunidades-unidas\\\/#primaryimage\"},\"thumbnailUrl\":\"https:\\\/\\\/jornalboasnoticias.com.br\\\/home\\\/wp-content\\\/uploads\\\/2024\\\/01\\\/1.jpeg\",\"datePublished\":\"2024-01-10T00:42:48+00:00\",\"description\":\"Conviv\u00eancia Intergeracional em Cascavel fortalece la\u00e7os e constr\u00f3i comunidades unidas\",\"breadcrumb\":{\"@id\":\"https:\\\/\\\/jornalboasnoticias.com.br\\\/home\\\/convivencia-intergeracional-em-cascavel-fortalece-lacos-e-constroi-comunidades-unidas\\\/#breadcrumb\"},\"inLanguage\":\"pt-BR\",\"potentialAction\":[{\"@type\":\"ReadAction\",\"target\":[\"https:\\\/\\\/jornalboasnoticias.com.br\\\/home\\\/convivencia-intergeracional-em-cascavel-fortalece-lacos-e-constroi-comunidades-unidas\\\/\"]}]},{\"@type\":\"ImageObject\",\"inLanguage\":\"pt-BR\",\"@id\":\"https:\\\/\\\/jornalboasnoticias.com.br\\\/home\\\/convivencia-intergeracional-em-cascavel-fortalece-lacos-e-constroi-comunidades-unidas\\\/#primaryimage\",\"url\":\"https:\\\/\\\/jornalboasnoticias.com.br\\\/home\\\/wp-content\\\/uploads\\\/2024\\\/01\\\/1.jpeg\",\"contentUrl\":\"https:\\\/\\\/jornalboasnoticias.com.br\\\/home\\\/wp-content\\\/uploads\\\/2024\\\/01\\\/1.jpeg\",\"width\":1600,\"height\":1066},{\"@type\":\"BreadcrumbList\",\"@id\":\"https:\\\/\\\/jornalboasnoticias.com.br\\\/home\\\/convivencia-intergeracional-em-cascavel-fortalece-lacos-e-constroi-comunidades-unidas\\\/#breadcrumb\",\"itemListElement\":[{\"@type\":\"ListItem\",\"position\":1,\"name\":\"In\u00edcio\",\"item\":\"https:\\\/\\\/jornalboasnoticias.com.br\\\/home\\\/\"},{\"@type\":\"ListItem\",\"position\":2,\"name\":\"Conviv\u00eancia Intergeracional em Cascavel fortalece la\u00e7os e constr\u00f3i comunidades unidas\"}]},{\"@type\":\"WebSite\",\"@id\":\"https:\\\/\\\/jornalboasnoticias.com.br\\\/home\\\/#website\",\"url\":\"https:\\\/\\\/jornalboasnoticias.com.br\\\/home\\\/\",\"name\":\"Jornal Boas Not\u00edcias\",\"description\":\"Boas not\u00edcias\",\"publisher\":{\"@id\":\"https:\\\/\\\/jornalboasnoticias.com.br\\\/home\\\/#organization\"},\"potentialAction\":[{\"@type\":\"SearchAction\",\"target\":{\"@type\":\"EntryPoint\",\"urlTemplate\":\"https:\\\/\\\/jornalboasnoticias.com.br\\\/home\\\/?s={search_term_string}\"},\"query-input\":{\"@type\":\"PropertyValueSpecification\",\"valueRequired\":true,\"valueName\":\"search_term_string\"}}],\"inLanguage\":\"pt-BR\"},{\"@type\":\"Organization\",\"@id\":\"https:\\\/\\\/jornalboasnoticias.com.br\\\/home\\\/#organization\",\"name\":\"Coq Editora Ltda\",\"alternateName\":\"Jornal Boas Noticias\",\"url\":\"https:\\\/\\\/jornalboasnoticias.com.br\\\/home\\\/\",\"logo\":{\"@type\":\"ImageObject\",\"inLanguage\":\"pt-BR\",\"@id\":\"https:\\\/\\\/jornalboasnoticias.com.br\\\/home\\\/#\\\/schema\\\/logo\\\/image\\\/\",\"url\":\"https:\\\/\\\/jornalboasnoticias.com.br\\\/home\\\/wp-content\\\/uploads\\\/2024\\\/07\\\/cropped-logo.jpg\",\"contentUrl\":\"https:\\\/\\\/jornalboasnoticias.com.br\\\/home\\\/wp-content\\\/uploads\\\/2024\\\/07\\\/cropped-logo.jpg\",\"width\":290,\"height\":142,\"caption\":\"Coq Editora Ltda\"},\"image\":{\"@id\":\"https:\\\/\\\/jornalboasnoticias.com.br\\\/home\\\/#\\\/schema\\\/logo\\\/image\\\/\"},\"sameAs\":[\"https:\\\/\\\/www.facebook.com\\\/boasnoticiasjornal\"]},{\"@type\":\"Person\",\"@id\":\"https:\\\/\\\/jornalboasnoticias.com.br\\\/home\\\/#\\\/schema\\\/person\\\/75f9ebde398c998c166475fb446bda62\",\"name\":\"Luiz Carlos da Cruz\",\"image\":{\"@type\":\"ImageObject\",\"inLanguage\":\"pt-BR\",\"@id\":\"https:\\\/\\\/secure.gravatar.com\\\/avatar\\\/e6f4f45301b6cb8572f7b076572e8ac11c1db80e805d8c8d0858cf286ce3ac3b?s=96&d=mm&r=g\",\"url\":\"https:\\\/\\\/secure.gravatar.com\\\/avatar\\\/e6f4f45301b6cb8572f7b076572e8ac11c1db80e805d8c8d0858cf286ce3ac3b?s=96&d=mm&r=g\",\"contentUrl\":\"https:\\\/\\\/secure.gravatar.com\\\/avatar\\\/e6f4f45301b6cb8572f7b076572e8ac11c1db80e805d8c8d0858cf286ce3ac3b?s=96&d=mm&r=g\",\"caption\":\"Luiz Carlos da Cruz\"},\"url\":\"https:\\\/\\\/jornalboasnoticias.com.br\\\/home\\\/author\\\/luiz-carlos-da-cruz\\\/\"}]}<\/script>\n<!-- \/ Yoast SEO plugin. -->","yoast_head_json":{"title":"Conviv\u00eancia Intergeracional em Cascavel fortalece la\u00e7os e constr\u00f3i comunidades unidas - Jornal","description":"Conviv\u00eancia Intergeracional em Cascavel fortalece la\u00e7os e constr\u00f3i comunidades unidas","robots":{"index":"index","follow":"follow","max-snippet":"max-snippet:-1","max-image-preview":"max-image-preview:large","max-video-preview":"max-video-preview:-1"},"canonical":"https:\/\/jornalboasnoticias.com.br\/home\/convivencia-intergeracional-em-cascavel-fortalece-lacos-e-constroi-comunidades-unidas\/","og_locale":"pt_BR","og_type":"article","og_title":"Conviv\u00eancia Intergeracional em Cascavel fortalece la\u00e7os e constr\u00f3i comunidades unidas - Jornal","og_description":"Conviv\u00eancia Intergeracional em Cascavel fortalece la\u00e7os e constr\u00f3i comunidades unidas","og_url":"https:\/\/jornalboasnoticias.com.br\/home\/convivencia-intergeracional-em-cascavel-fortalece-lacos-e-constroi-comunidades-unidas\/","og_site_name":"Jornal","article_publisher":"https:\/\/www.facebook.com\/boasnoticiasjornal","article_published_time":"2024-01-10T00:42:48+00:00","og_image":[{"width":1600,"height":1066,"url":"https:\/\/jornalboasnoticias.com.br\/home\/wp-content\/uploads\/2024\/01\/1.jpeg","type":"image\/jpeg"}],"author":"Luiz Carlos da Cruz","twitter_card":"summary_large_image","twitter_misc":{"Escrito por":"Luiz Carlos da Cruz","Est. tempo de leitura":"4 minutos"},"schema":{"@context":"https:\/\/schema.org","@graph":[{"@type":"Article","@id":"https:\/\/jornalboasnoticias.com.br\/home\/convivencia-intergeracional-em-cascavel-fortalece-lacos-e-constroi-comunidades-unidas\/#article","isPartOf":{"@id":"https:\/\/jornalboasnoticias.com.br\/home\/convivencia-intergeracional-em-cascavel-fortalece-lacos-e-constroi-comunidades-unidas\/"},"author":{"name":"Luiz Carlos da Cruz","@id":"https:\/\/jornalboasnoticias.com.br\/home\/#\/schema\/person\/75f9ebde398c998c166475fb446bda62"},"headline":"Conviv\u00eancia Intergeracional em Cascavel fortalece la\u00e7os e constr\u00f3i comunidades unidas","datePublished":"2024-01-10T00:42:48+00:00","mainEntityOfPage":{"@id":"https:\/\/jornalboasnoticias.com.br\/home\/convivencia-intergeracional-em-cascavel-fortalece-lacos-e-constroi-comunidades-unidas\/"},"wordCount":783,"commentCount":0,"publisher":{"@id":"https:\/\/jornalboasnoticias.com.br\/home\/#organization"},"image":{"@id":"https:\/\/jornalboasnoticias.com.br\/home\/convivencia-intergeracional-em-cascavel-fortalece-lacos-e-constroi-comunidades-unidas\/#primaryimage"},"thumbnailUrl":"https:\/\/jornalboasnoticias.com.br\/home\/wp-content\/uploads\/2024\/01\/1.jpeg","keywords":["cascavel"],"articleSection":["CASCAVEL"],"inLanguage":"pt-BR","potentialAction":[{"@type":"CommentAction","name":"Comment","target":["https:\/\/jornalboasnoticias.com.br\/home\/convivencia-intergeracional-em-cascavel-fortalece-lacos-e-constroi-comunidades-unidas\/#respond"]}]},{"@type":"WebPage","@id":"https:\/\/jornalboasnoticias.com.br\/home\/convivencia-intergeracional-em-cascavel-fortalece-lacos-e-constroi-comunidades-unidas\/","url":"https:\/\/jornalboasnoticias.com.br\/home\/convivencia-intergeracional-em-cascavel-fortalece-lacos-e-constroi-comunidades-unidas\/","name":"Conviv\u00eancia Intergeracional em Cascavel fortalece la\u00e7os e constr\u00f3i comunidades unidas - Jornal","isPartOf":{"@id":"https:\/\/jornalboasnoticias.com.br\/home\/#website"},"primaryImageOfPage":{"@id":"https:\/\/jornalboasnoticias.com.br\/home\/convivencia-intergeracional-em-cascavel-fortalece-lacos-e-constroi-comunidades-unidas\/#primaryimage"},"image":{"@id":"https:\/\/jornalboasnoticias.com.br\/home\/convivencia-intergeracional-em-cascavel-fortalece-lacos-e-constroi-comunidades-unidas\/#primaryimage"},"thumbnailUrl":"https:\/\/jornalboasnoticias.com.br\/home\/wp-content\/uploads\/2024\/01\/1.jpeg","datePublished":"2024-01-10T00:42:48+00:00","description":"Conviv\u00eancia Intergeracional em Cascavel fortalece la\u00e7os e constr\u00f3i comunidades unidas","breadcrumb":{"@id":"https:\/\/jornalboasnoticias.com.br\/home\/convivencia-intergeracional-em-cascavel-fortalece-lacos-e-constroi-comunidades-unidas\/#breadcrumb"},"inLanguage":"pt-BR","potentialAction":[{"@type":"ReadAction","target":["https:\/\/jornalboasnoticias.com.br\/home\/convivencia-intergeracional-em-cascavel-fortalece-lacos-e-constroi-comunidades-unidas\/"]}]},{"@type":"ImageObject","inLanguage":"pt-BR","@id":"https:\/\/jornalboasnoticias.com.br\/home\/convivencia-intergeracional-em-cascavel-fortalece-lacos-e-constroi-comunidades-unidas\/#primaryimage","url":"https:\/\/jornalboasnoticias.com.br\/home\/wp-content\/uploads\/2024\/01\/1.jpeg","contentUrl":"https:\/\/jornalboasnoticias.com.br\/home\/wp-content\/uploads\/2024\/01\/1.jpeg","width":1600,"height":1066},{"@type":"BreadcrumbList","@id":"https:\/\/jornalboasnoticias.com.br\/home\/convivencia-intergeracional-em-cascavel-fortalece-lacos-e-constroi-comunidades-unidas\/#breadcrumb","itemListElement":[{"@type":"ListItem","position":1,"name":"In\u00edcio","item":"https:\/\/jornalboasnoticias.com.br\/home\/"},{"@type":"ListItem","position":2,"name":"Conviv\u00eancia Intergeracional em Cascavel fortalece la\u00e7os e constr\u00f3i comunidades unidas"}]},{"@type":"WebSite","@id":"https:\/\/jornalboasnoticias.com.br\/home\/#website","url":"https:\/\/jornalboasnoticias.com.br\/home\/","name":"Jornal Boas Not\u00edcias","description":"Boas not\u00edcias","publisher":{"@id":"https:\/\/jornalboasnoticias.com.br\/home\/#organization"},"potentialAction":[{"@type":"SearchAction","target":{"@type":"EntryPoint","urlTemplate":"https:\/\/jornalboasnoticias.com.br\/home\/?s={search_term_string}"},"query-input":{"@type":"PropertyValueSpecification","valueRequired":true,"valueName":"search_term_string"}}],"inLanguage":"pt-BR"},{"@type":"Organization","@id":"https:\/\/jornalboasnoticias.com.br\/home\/#organization","name":"Coq Editora Ltda","alternateName":"Jornal Boas Noticias","url":"https:\/\/jornalboasnoticias.com.br\/home\/","logo":{"@type":"ImageObject","inLanguage":"pt-BR","@id":"https:\/\/jornalboasnoticias.com.br\/home\/#\/schema\/logo\/image\/","url":"https:\/\/jornalboasnoticias.com.br\/home\/wp-content\/uploads\/2024\/07\/cropped-logo.jpg","contentUrl":"https:\/\/jornalboasnoticias.com.br\/home\/wp-content\/uploads\/2024\/07\/cropped-logo.jpg","width":290,"height":142,"caption":"Coq Editora Ltda"},"image":{"@id":"https:\/\/jornalboasnoticias.com.br\/home\/#\/schema\/logo\/image\/"},"sameAs":["https:\/\/www.facebook.com\/boasnoticiasjornal"]},{"@type":"Person","@id":"https:\/\/jornalboasnoticias.com.br\/home\/#\/schema\/person\/75f9ebde398c998c166475fb446bda62","name":"Luiz Carlos da Cruz","image":{"@type":"ImageObject","inLanguage":"pt-BR","@id":"https:\/\/secure.gravatar.com\/avatar\/e6f4f45301b6cb8572f7b076572e8ac11c1db80e805d8c8d0858cf286ce3ac3b?s=96&d=mm&r=g","url":"https:\/\/secure.gravatar.com\/avatar\/e6f4f45301b6cb8572f7b076572e8ac11c1db80e805d8c8d0858cf286ce3ac3b?s=96&d=mm&r=g","contentUrl":"https:\/\/secure.gravatar.com\/avatar\/e6f4f45301b6cb8572f7b076572e8ac11c1db80e805d8c8d0858cf286ce3ac3b?s=96&d=mm&r=g","caption":"Luiz Carlos da Cruz"},"url":"https:\/\/jornalboasnoticias.com.br\/home\/author\/luiz-carlos-da-cruz\/"}]}},"_links":{"self":[{"href":"https:\/\/jornalboasnoticias.com.br\/home\/wp-json\/wp\/v2\/posts\/42480","targetHints":{"allow":["GET"]}}],"collection":[{"href":"https:\/\/jornalboasnoticias.com.br\/home\/wp-json\/wp\/v2\/posts"}],"about":[{"href":"https:\/\/jornalboasnoticias.com.br\/home\/wp-json\/wp\/v2\/types\/post"}],"author":[{"embeddable":true,"href":"https:\/\/jornalboasnoticias.com.br\/home\/wp-json\/wp\/v2\/users\/3"}],"replies":[{"embeddable":true,"href":"https:\/\/jornalboasnoticias.com.br\/home\/wp-json\/wp\/v2\/comments?post=42480"}],"version-history":[{"count":0,"href":"https:\/\/jornalboasnoticias.com.br\/home\/wp-json\/wp\/v2\/posts\/42480\/revisions"}],"wp:featuredmedia":[{"embeddable":true,"href":"https:\/\/jornalboasnoticias.com.br\/home\/wp-json\/wp\/v2\/media\/42481"}],"wp:attachment":[{"href":"https:\/\/jornalboasnoticias.com.br\/home\/wp-json\/wp\/v2\/media?parent=42480"}],"wp:term":[{"taxonomy":"category","embeddable":true,"href":"https:\/\/jornalboasnoticias.com.br\/home\/wp-json\/wp\/v2\/categories?post=42480"},{"taxonomy":"post_tag","embeddable":true,"href":"https:\/\/jornalboasnoticias.com.br\/home\/wp-json\/wp\/v2\/tags?post=42480"}],"curies":[{"name":"wp","href":"https:\/\/api.w.org\/{rel}","templated":true}]}}