{"id":42472,"date":"2024-01-09T10:01:19","date_gmt":"2024-01-09T13:01:19","guid":{"rendered":"https:\/\/www.jornalboasnoticias.com.br\/?p=42472"},"modified":"2024-01-09T10:01:19","modified_gmt":"2024-01-09T13:01:19","slug":"coreia-do-sul-aprova-lei-que-proibe-comercializacao-de-carne-de-caes","status":"publish","type":"post","link":"https:\/\/jornalboasnoticias.com.br\/home\/coreia-do-sul-aprova-lei-que-proibe-comercializacao-de-carne-de-caes\/","title":{"rendered":"Coreia do Sul aprova lei que pro\u00edbe comercializa\u00e7\u00e3o de carne de c\u00e3es"},"content":{"rendered":"<blockquote>\n<p class=\"mtp-amp-post-excerpt\" style=\"text-align: center;\">O texto foi aprovado nesta 3\u00aa (9\/1) pelo Parlamento da Coreia do Sul. A pr\u00e1tica de consumo de carne canina \u00e9 bem tradicional no pa\u00eds<\/p>\n<\/blockquote>\n<figure id=\"attachment_42473\" aria-describedby=\"caption-attachment-42473\" style=\"width: 544px\" class=\"wp-caption alignnone\"><img loading=\"lazy\" decoding=\"async\" class=\"size-medium wp-image-42473\" src=\"https:\/\/jornalboasnoticias.com.br\/home\/wp-content\/uploads\/2024\/01\/IMG_0565-e1704805265184-544x365.webp\" alt=\"\" width=\"544\" height=\"365\" \/><figcaption id=\"caption-attachment-42473\" class=\"wp-caption-text\">Divulga\u00e7\u00e3o<\/figcaption><\/figure>\n<p>Foi aprovado pelo Parlamento da Coreia do Sul, nesta ter\u00e7a-feira (9\/1), uma lei que pro\u00edbe a cria\u00e7\u00e3o, abate e venda de c\u00e3es para consumo de carne. A pr\u00e1tica \u00e9 bem tradicional no pa\u00eds e ativistas dos direitos dos animais a consideram extremamente vergonhosa.<\/p>\n<p>A lei foi aprovada com 208 votos a favor e nenhum contra, durante Assembleia Nacional. Quem criar, matar e vender a carne de cachorros para consumo ser\u00e1 punido com at\u00e9 tr\u00eas anos de pris\u00e3o ou multas de at\u00e9 30 milh\u00f5es de won (R$ 110 mil).<\/p>\n<p>O texto entrar\u00e1 em vigor ap\u00f3s um per\u00edodo de espera de tr\u00eas anos, porque depende da aprova\u00e7\u00e3o final do presidente Yoon Suk Yeol.<\/p>\n<p>(Informa\u00e7\u00f5es <a href=\"https:\/\/www.metropoles.com\/mundo\/coreia-do-sul-aprova-lei-que-proibe-comercializacao-de-carne-de-caes\/amp\">Metr\u00f3poles)<\/a><\/p>\n","protected":false},"excerpt":{"rendered":"<p>O texto foi aprovado nesta 3\u00aa (9\/1) pelo Parlamento da Coreia do Sul. A pr\u00e1tica<\/p>\n","protected":false},"author":2,"featured_media":42473,"comment_status":"open","ping_status":"open","sticky":false,"template":"","format":"standard","meta":{"footnotes":""},"categories":[9],"tags":[],"class_list":["post-42472","post","type-post","status-publish","format-standard","has-post-thumbnail","hentry","category-internacional"],"yoast_head":"<!-- This site is optimized with the Yoast SEO plugin v27.5 - https:\/\/yoast.com\/product\/yoast-seo-wordpress\/ -->\n<title>Coreia do Sul aprova lei que pro\u00edbe comercializa\u00e7\u00e3o de carne de c\u00e3es - Jornal<\/title>\n<meta name=\"description\" content=\"Coreia do Sul aprova lei que pro\u00edbe comercializa\u00e7\u00e3o de carne de c\u00e3es\" \/>\n<meta name=\"robots\" content=\"index, follow, max-snippet:-1, max-image-preview:large, max-video-preview:-1\" \/>\n<link rel=\"canonical\" href=\"https:\/\/jornalboasnoticias.com.br\/home\/coreia-do-sul-aprova-lei-que-proibe-comercializacao-de-carne-de-caes\/\" \/>\n<meta property=\"og:locale\" content=\"pt_BR\" \/>\n<meta property=\"og:type\" content=\"article\" \/>\n<meta property=\"og:title\" content=\"Coreia do Sul aprova lei que pro\u00edbe comercializa\u00e7\u00e3o de carne de c\u00e3es - Jornal\" \/>\n<meta property=\"og:description\" content=\"Coreia do Sul aprova lei que pro\u00edbe comercializa\u00e7\u00e3o de carne de c\u00e3es\" \/>\n<meta property=\"og:url\" content=\"https:\/\/jornalboasnoticias.com.br\/home\/coreia-do-sul-aprova-lei-que-proibe-comercializacao-de-carne-de-caes\/\" \/>\n<meta property=\"og:site_name\" content=\"Jornal\" \/>\n<meta property=\"article:publisher\" content=\"https:\/\/www.facebook.com\/boasnoticiasjornal\" \/>\n<meta property=\"article:published_time\" content=\"2024-01-09T13:01:19+00:00\" \/>\n<meta property=\"og:image\" content=\"https:\/\/jornalboasnoticias.com.br\/home\/wp-content\/uploads\/2024\/01\/IMG_0565-e1704805265184.webp\" \/>\n\t<meta property=\"og:image:width\" content=\"800\" \/>\n\t<meta property=\"og:image:height\" content=\"537\" \/>\n\t<meta property=\"og:image:type\" content=\"image\/webp\" \/>\n<meta name=\"author\" content=\"Maria Bonatto\" \/>\n<meta name=\"twitter:card\" content=\"summary_large_image\" \/>\n<meta name=\"twitter:label1\" content=\"Escrito por\" \/>\n\t<meta name=\"twitter:data1\" content=\"Maria Bonatto\" \/>\n\t<meta name=\"twitter:label2\" content=\"Est. tempo de leitura\" \/>\n\t<meta name=\"twitter:data2\" content=\"1 minuto\" \/>\n<script type=\"application\/ld+json\" class=\"yoast-schema-graph\">{\"@context\":\"https:\\\/\\\/schema.org\",\"@graph\":[{\"@type\":\"Article\",\"@id\":\"https:\\\/\\\/jornalboasnoticias.com.br\\\/home\\\/coreia-do-sul-aprova-lei-que-proibe-comercializacao-de-carne-de-caes\\\/#article\",\"isPartOf\":{\"@id\":\"https:\\\/\\\/jornalboasnoticias.com.br\\\/home\\\/coreia-do-sul-aprova-lei-que-proibe-comercializacao-de-carne-de-caes\\\/\"},\"author\":{\"name\":\"Maria Bonatto\",\"@id\":\"https:\\\/\\\/jornalboasnoticias.com.br\\\/home\\\/#\\\/schema\\\/person\\\/71a4be4d1685617d6d00f15f0f2952ee\"},\"headline\":\"Coreia do Sul aprova lei que pro\u00edbe comercializa\u00e7\u00e3o de carne de c\u00e3es\",\"datePublished\":\"2024-01-09T13:01:19+00:00\",\"mainEntityOfPage\":{\"@id\":\"https:\\\/\\\/jornalboasnoticias.com.br\\\/home\\\/coreia-do-sul-aprova-lei-que-proibe-comercializacao-de-carne-de-caes\\\/\"},\"wordCount\":171,\"commentCount\":0,\"publisher\":{\"@id\":\"https:\\\/\\\/jornalboasnoticias.com.br\\\/home\\\/#organization\"},\"image\":{\"@id\":\"https:\\\/\\\/jornalboasnoticias.com.br\\\/home\\\/coreia-do-sul-aprova-lei-que-proibe-comercializacao-de-carne-de-caes\\\/#primaryimage\"},\"thumbnailUrl\":\"https:\\\/\\\/jornalboasnoticias.com.br\\\/home\\\/wp-content\\\/uploads\\\/2024\\\/01\\\/IMG_0565-e1704805265184.webp\",\"articleSection\":[\"INTERNACIONAL\"],\"inLanguage\":\"pt-BR\",\"potentialAction\":[{\"@type\":\"CommentAction\",\"name\":\"Comment\",\"target\":[\"https:\\\/\\\/jornalboasnoticias.com.br\\\/home\\\/coreia-do-sul-aprova-lei-que-proibe-comercializacao-de-carne-de-caes\\\/#respond\"]}]},{\"@type\":\"WebPage\",\"@id\":\"https:\\\/\\\/jornalboasnoticias.com.br\\\/home\\\/coreia-do-sul-aprova-lei-que-proibe-comercializacao-de-carne-de-caes\\\/\",\"url\":\"https:\\\/\\\/jornalboasnoticias.com.br\\\/home\\\/coreia-do-sul-aprova-lei-que-proibe-comercializacao-de-carne-de-caes\\\/\",\"name\":\"Coreia do Sul aprova lei que pro\u00edbe comercializa\u00e7\u00e3o de carne de c\u00e3es - Jornal\",\"isPartOf\":{\"@id\":\"https:\\\/\\\/jornalboasnoticias.com.br\\\/home\\\/#website\"},\"primaryImageOfPage\":{\"@id\":\"https:\\\/\\\/jornalboasnoticias.com.br\\\/home\\\/coreia-do-sul-aprova-lei-que-proibe-comercializacao-de-carne-de-caes\\\/#primaryimage\"},\"image\":{\"@id\":\"https:\\\/\\\/jornalboasnoticias.com.br\\\/home\\\/coreia-do-sul-aprova-lei-que-proibe-comercializacao-de-carne-de-caes\\\/#primaryimage\"},\"thumbnailUrl\":\"https:\\\/\\\/jornalboasnoticias.com.br\\\/home\\\/wp-content\\\/uploads\\\/2024\\\/01\\\/IMG_0565-e1704805265184.webp\",\"datePublished\":\"2024-01-09T13:01:19+00:00\",\"description\":\"Coreia do Sul aprova lei que pro\u00edbe comercializa\u00e7\u00e3o de carne de c\u00e3es\",\"breadcrumb\":{\"@id\":\"https:\\\/\\\/jornalboasnoticias.com.br\\\/home\\\/coreia-do-sul-aprova-lei-que-proibe-comercializacao-de-carne-de-caes\\\/#breadcrumb\"},\"inLanguage\":\"pt-BR\",\"potentialAction\":[{\"@type\":\"ReadAction\",\"target\":[\"https:\\\/\\\/jornalboasnoticias.com.br\\\/home\\\/coreia-do-sul-aprova-lei-que-proibe-comercializacao-de-carne-de-caes\\\/\"]}]},{\"@type\":\"ImageObject\",\"inLanguage\":\"pt-BR\",\"@id\":\"https:\\\/\\\/jornalboasnoticias.com.br\\\/home\\\/coreia-do-sul-aprova-lei-que-proibe-comercializacao-de-carne-de-caes\\\/#primaryimage\",\"url\":\"https:\\\/\\\/jornalboasnoticias.com.br\\\/home\\\/wp-content\\\/uploads\\\/2024\\\/01\\\/IMG_0565-e1704805265184.webp\",\"contentUrl\":\"https:\\\/\\\/jornalboasnoticias.com.br\\\/home\\\/wp-content\\\/uploads\\\/2024\\\/01\\\/IMG_0565-e1704805265184.webp\",\"width\":800,\"height\":537,\"caption\":\"Divulga\u00e7\u00e3o\"},{\"@type\":\"BreadcrumbList\",\"@id\":\"https:\\\/\\\/jornalboasnoticias.com.br\\\/home\\\/coreia-do-sul-aprova-lei-que-proibe-comercializacao-de-carne-de-caes\\\/#breadcrumb\",\"itemListElement\":[{\"@type\":\"ListItem\",\"position\":1,\"name\":\"In\u00edcio\",\"item\":\"https:\\\/\\\/jornalboasnoticias.com.br\\\/home\\\/\"},{\"@type\":\"ListItem\",\"position\":2,\"name\":\"Coreia do Sul aprova lei que pro\u00edbe comercializa\u00e7\u00e3o de carne de c\u00e3es\"}]},{\"@type\":\"WebSite\",\"@id\":\"https:\\\/\\\/jornalboasnoticias.com.br\\\/home\\\/#website\",\"url\":\"https:\\\/\\\/jornalboasnoticias.com.br\\\/home\\\/\",\"name\":\"Jornal Boas Not\u00edcias\",\"description\":\"Boas not\u00edcias\",\"publisher\":{\"@id\":\"https:\\\/\\\/jornalboasnoticias.com.br\\\/home\\\/#organization\"},\"potentialAction\":[{\"@type\":\"SearchAction\",\"target\":{\"@type\":\"EntryPoint\",\"urlTemplate\":\"https:\\\/\\\/jornalboasnoticias.com.br\\\/home\\\/?s={search_term_string}\"},\"query-input\":{\"@type\":\"PropertyValueSpecification\",\"valueRequired\":true,\"valueName\":\"search_term_string\"}}],\"inLanguage\":\"pt-BR\"},{\"@type\":\"Organization\",\"@id\":\"https:\\\/\\\/jornalboasnoticias.com.br\\\/home\\\/#organization\",\"name\":\"Coq Editora Ltda\",\"alternateName\":\"Jornal Boas Noticias\",\"url\":\"https:\\\/\\\/jornalboasnoticias.com.br\\\/home\\\/\",\"logo\":{\"@type\":\"ImageObject\",\"inLanguage\":\"pt-BR\",\"@id\":\"https:\\\/\\\/jornalboasnoticias.com.br\\\/home\\\/#\\\/schema\\\/logo\\\/image\\\/\",\"url\":\"https:\\\/\\\/jornalboasnoticias.com.br\\\/home\\\/wp-content\\\/uploads\\\/2024\\\/07\\\/cropped-logo.jpg\",\"contentUrl\":\"https:\\\/\\\/jornalboasnoticias.com.br\\\/home\\\/wp-content\\\/uploads\\\/2024\\\/07\\\/cropped-logo.jpg\",\"width\":290,\"height\":142,\"caption\":\"Coq Editora Ltda\"},\"image\":{\"@id\":\"https:\\\/\\\/jornalboasnoticias.com.br\\\/home\\\/#\\\/schema\\\/logo\\\/image\\\/\"},\"sameAs\":[\"https:\\\/\\\/www.facebook.com\\\/boasnoticiasjornal\"]},{\"@type\":\"Person\",\"@id\":\"https:\\\/\\\/jornalboasnoticias.com.br\\\/home\\\/#\\\/schema\\\/person\\\/71a4be4d1685617d6d00f15f0f2952ee\",\"name\":\"Maria Bonatto\",\"image\":{\"@type\":\"ImageObject\",\"inLanguage\":\"pt-BR\",\"@id\":\"https:\\\/\\\/secure.gravatar.com\\\/avatar\\\/61bdbd92f7d53dd2fedfe556279602d97507ae906fdeb9624602488dcdcd042f?s=96&d=mm&r=g\",\"url\":\"https:\\\/\\\/secure.gravatar.com\\\/avatar\\\/61bdbd92f7d53dd2fedfe556279602d97507ae906fdeb9624602488dcdcd042f?s=96&d=mm&r=g\",\"contentUrl\":\"https:\\\/\\\/secure.gravatar.com\\\/avatar\\\/61bdbd92f7d53dd2fedfe556279602d97507ae906fdeb9624602488dcdcd042f?s=96&d=mm&r=g\",\"caption\":\"Maria Bonatto\"},\"url\":\"https:\\\/\\\/jornalboasnoticias.com.br\\\/home\\\/author\\\/ana-bonatto\\\/\"}]}<\/script>\n<!-- \/ Yoast SEO plugin. -->","yoast_head_json":{"title":"Coreia do Sul aprova lei que pro\u00edbe comercializa\u00e7\u00e3o de carne de c\u00e3es - Jornal","description":"Coreia do Sul aprova lei que pro\u00edbe comercializa\u00e7\u00e3o de carne de c\u00e3es","robots":{"index":"index","follow":"follow","max-snippet":"max-snippet:-1","max-image-preview":"max-image-preview:large","max-video-preview":"max-video-preview:-1"},"canonical":"https:\/\/jornalboasnoticias.com.br\/home\/coreia-do-sul-aprova-lei-que-proibe-comercializacao-de-carne-de-caes\/","og_locale":"pt_BR","og_type":"article","og_title":"Coreia do Sul aprova lei que pro\u00edbe comercializa\u00e7\u00e3o de carne de c\u00e3es - Jornal","og_description":"Coreia do Sul aprova lei que pro\u00edbe comercializa\u00e7\u00e3o de carne de c\u00e3es","og_url":"https:\/\/jornalboasnoticias.com.br\/home\/coreia-do-sul-aprova-lei-que-proibe-comercializacao-de-carne-de-caes\/","og_site_name":"Jornal","article_publisher":"https:\/\/www.facebook.com\/boasnoticiasjornal","article_published_time":"2024-01-09T13:01:19+00:00","og_image":[{"width":800,"height":537,"url":"https:\/\/jornalboasnoticias.com.br\/home\/wp-content\/uploads\/2024\/01\/IMG_0565-e1704805265184.webp","type":"image\/webp"}],"author":"Maria Bonatto","twitter_card":"summary_large_image","twitter_misc":{"Escrito por":"Maria Bonatto","Est. tempo de leitura":"1 minuto"},"schema":{"@context":"https:\/\/schema.org","@graph":[{"@type":"Article","@id":"https:\/\/jornalboasnoticias.com.br\/home\/coreia-do-sul-aprova-lei-que-proibe-comercializacao-de-carne-de-caes\/#article","isPartOf":{"@id":"https:\/\/jornalboasnoticias.com.br\/home\/coreia-do-sul-aprova-lei-que-proibe-comercializacao-de-carne-de-caes\/"},"author":{"name":"Maria Bonatto","@id":"https:\/\/jornalboasnoticias.com.br\/home\/#\/schema\/person\/71a4be4d1685617d6d00f15f0f2952ee"},"headline":"Coreia do Sul aprova lei que pro\u00edbe comercializa\u00e7\u00e3o de carne de c\u00e3es","datePublished":"2024-01-09T13:01:19+00:00","mainEntityOfPage":{"@id":"https:\/\/jornalboasnoticias.com.br\/home\/coreia-do-sul-aprova-lei-que-proibe-comercializacao-de-carne-de-caes\/"},"wordCount":171,"commentCount":0,"publisher":{"@id":"https:\/\/jornalboasnoticias.com.br\/home\/#organization"},"image":{"@id":"https:\/\/jornalboasnoticias.com.br\/home\/coreia-do-sul-aprova-lei-que-proibe-comercializacao-de-carne-de-caes\/#primaryimage"},"thumbnailUrl":"https:\/\/jornalboasnoticias.com.br\/home\/wp-content\/uploads\/2024\/01\/IMG_0565-e1704805265184.webp","articleSection":["INTERNACIONAL"],"inLanguage":"pt-BR","potentialAction":[{"@type":"CommentAction","name":"Comment","target":["https:\/\/jornalboasnoticias.com.br\/home\/coreia-do-sul-aprova-lei-que-proibe-comercializacao-de-carne-de-caes\/#respond"]}]},{"@type":"WebPage","@id":"https:\/\/jornalboasnoticias.com.br\/home\/coreia-do-sul-aprova-lei-que-proibe-comercializacao-de-carne-de-caes\/","url":"https:\/\/jornalboasnoticias.com.br\/home\/coreia-do-sul-aprova-lei-que-proibe-comercializacao-de-carne-de-caes\/","name":"Coreia do Sul aprova lei que pro\u00edbe comercializa\u00e7\u00e3o de carne de c\u00e3es - Jornal","isPartOf":{"@id":"https:\/\/jornalboasnoticias.com.br\/home\/#website"},"primaryImageOfPage":{"@id":"https:\/\/jornalboasnoticias.com.br\/home\/coreia-do-sul-aprova-lei-que-proibe-comercializacao-de-carne-de-caes\/#primaryimage"},"image":{"@id":"https:\/\/jornalboasnoticias.com.br\/home\/coreia-do-sul-aprova-lei-que-proibe-comercializacao-de-carne-de-caes\/#primaryimage"},"thumbnailUrl":"https:\/\/jornalboasnoticias.com.br\/home\/wp-content\/uploads\/2024\/01\/IMG_0565-e1704805265184.webp","datePublished":"2024-01-09T13:01:19+00:00","description":"Coreia do Sul aprova lei que pro\u00edbe comercializa\u00e7\u00e3o de carne de c\u00e3es","breadcrumb":{"@id":"https:\/\/jornalboasnoticias.com.br\/home\/coreia-do-sul-aprova-lei-que-proibe-comercializacao-de-carne-de-caes\/#breadcrumb"},"inLanguage":"pt-BR","potentialAction":[{"@type":"ReadAction","target":["https:\/\/jornalboasnoticias.com.br\/home\/coreia-do-sul-aprova-lei-que-proibe-comercializacao-de-carne-de-caes\/"]}]},{"@type":"ImageObject","inLanguage":"pt-BR","@id":"https:\/\/jornalboasnoticias.com.br\/home\/coreia-do-sul-aprova-lei-que-proibe-comercializacao-de-carne-de-caes\/#primaryimage","url":"https:\/\/jornalboasnoticias.com.br\/home\/wp-content\/uploads\/2024\/01\/IMG_0565-e1704805265184.webp","contentUrl":"https:\/\/jornalboasnoticias.com.br\/home\/wp-content\/uploads\/2024\/01\/IMG_0565-e1704805265184.webp","width":800,"height":537,"caption":"Divulga\u00e7\u00e3o"},{"@type":"BreadcrumbList","@id":"https:\/\/jornalboasnoticias.com.br\/home\/coreia-do-sul-aprova-lei-que-proibe-comercializacao-de-carne-de-caes\/#breadcrumb","itemListElement":[{"@type":"ListItem","position":1,"name":"In\u00edcio","item":"https:\/\/jornalboasnoticias.com.br\/home\/"},{"@type":"ListItem","position":2,"name":"Coreia do Sul aprova lei que pro\u00edbe comercializa\u00e7\u00e3o de carne de c\u00e3es"}]},{"@type":"WebSite","@id":"https:\/\/jornalboasnoticias.com.br\/home\/#website","url":"https:\/\/jornalboasnoticias.com.br\/home\/","name":"Jornal Boas Not\u00edcias","description":"Boas not\u00edcias","publisher":{"@id":"https:\/\/jornalboasnoticias.com.br\/home\/#organization"},"potentialAction":[{"@type":"SearchAction","target":{"@type":"EntryPoint","urlTemplate":"https:\/\/jornalboasnoticias.com.br\/home\/?s={search_term_string}"},"query-input":{"@type":"PropertyValueSpecification","valueRequired":true,"valueName":"search_term_string"}}],"inLanguage":"pt-BR"},{"@type":"Organization","@id":"https:\/\/jornalboasnoticias.com.br\/home\/#organization","name":"Coq Editora Ltda","alternateName":"Jornal Boas Noticias","url":"https:\/\/jornalboasnoticias.com.br\/home\/","logo":{"@type":"ImageObject","inLanguage":"pt-BR","@id":"https:\/\/jornalboasnoticias.com.br\/home\/#\/schema\/logo\/image\/","url":"https:\/\/jornalboasnoticias.com.br\/home\/wp-content\/uploads\/2024\/07\/cropped-logo.jpg","contentUrl":"https:\/\/jornalboasnoticias.com.br\/home\/wp-content\/uploads\/2024\/07\/cropped-logo.jpg","width":290,"height":142,"caption":"Coq Editora Ltda"},"image":{"@id":"https:\/\/jornalboasnoticias.com.br\/home\/#\/schema\/logo\/image\/"},"sameAs":["https:\/\/www.facebook.com\/boasnoticiasjornal"]},{"@type":"Person","@id":"https:\/\/jornalboasnoticias.com.br\/home\/#\/schema\/person\/71a4be4d1685617d6d00f15f0f2952ee","name":"Maria Bonatto","image":{"@type":"ImageObject","inLanguage":"pt-BR","@id":"https:\/\/secure.gravatar.com\/avatar\/61bdbd92f7d53dd2fedfe556279602d97507ae906fdeb9624602488dcdcd042f?s=96&d=mm&r=g","url":"https:\/\/secure.gravatar.com\/avatar\/61bdbd92f7d53dd2fedfe556279602d97507ae906fdeb9624602488dcdcd042f?s=96&d=mm&r=g","contentUrl":"https:\/\/secure.gravatar.com\/avatar\/61bdbd92f7d53dd2fedfe556279602d97507ae906fdeb9624602488dcdcd042f?s=96&d=mm&r=g","caption":"Maria Bonatto"},"url":"https:\/\/jornalboasnoticias.com.br\/home\/author\/ana-bonatto\/"}]}},"_links":{"self":[{"href":"https:\/\/jornalboasnoticias.com.br\/home\/wp-json\/wp\/v2\/posts\/42472","targetHints":{"allow":["GET"]}}],"collection":[{"href":"https:\/\/jornalboasnoticias.com.br\/home\/wp-json\/wp\/v2\/posts"}],"about":[{"href":"https:\/\/jornalboasnoticias.com.br\/home\/wp-json\/wp\/v2\/types\/post"}],"author":[{"embeddable":true,"href":"https:\/\/jornalboasnoticias.com.br\/home\/wp-json\/wp\/v2\/users\/2"}],"replies":[{"embeddable":true,"href":"https:\/\/jornalboasnoticias.com.br\/home\/wp-json\/wp\/v2\/comments?post=42472"}],"version-history":[{"count":0,"href":"https:\/\/jornalboasnoticias.com.br\/home\/wp-json\/wp\/v2\/posts\/42472\/revisions"}],"wp:featuredmedia":[{"embeddable":true,"href":"https:\/\/jornalboasnoticias.com.br\/home\/wp-json\/wp\/v2\/media\/42473"}],"wp:attachment":[{"href":"https:\/\/jornalboasnoticias.com.br\/home\/wp-json\/wp\/v2\/media?parent=42472"}],"wp:term":[{"taxonomy":"category","embeddable":true,"href":"https:\/\/jornalboasnoticias.com.br\/home\/wp-json\/wp\/v2\/categories?post=42472"},{"taxonomy":"post_tag","embeddable":true,"href":"https:\/\/jornalboasnoticias.com.br\/home\/wp-json\/wp\/v2\/tags?post=42472"}],"curies":[{"name":"wp","href":"https:\/\/api.w.org\/{rel}","templated":true}]}}