{"id":42461,"date":"2024-01-08T18:19:25","date_gmt":"2024-01-08T21:19:25","guid":{"rendered":"https:\/\/www.jornalboasnoticias.com.br\/?p=42461"},"modified":"2024-01-08T18:19:25","modified_gmt":"2024-01-08T21:19:25","slug":"com-desconto-de-6-confira-os-valores-do-ipva-dos-20-veiculos-mais-emplacados-em-2023","status":"publish","type":"post","link":"https:\/\/jornalboasnoticias.com.br\/home\/com-desconto-de-6-confira-os-valores-do-ipva-dos-20-veiculos-mais-emplacados-em-2023\/","title":{"rendered":"Com desconto de 6%, confira os valores do IPVA dos 20 ve\u00edculos mais emplacados em 2023"},"content":{"rendered":"<blockquote>\n<p style=\"text-align: center;\">Um Vencimento para o pagamento \u00e0 vista e primeira parcela vai de 17 a 23 de janeiro.<\/p>\n<\/blockquote>\n<figure id=\"attachment_42462\" aria-describedby=\"caption-attachment-42462\" style=\"width: 547px\" class=\"wp-caption aligncenter\"><img loading=\"lazy\" decoding=\"async\" class=\"size-medium wp-image-42462\" src=\"https:\/\/jornalboasnoticias.com.br\/home\/wp-content\/uploads\/2024\/01\/IMG_0555-scaled-e1704748740369-547x365.jpeg\" alt=\"\" width=\"547\" height=\"365\" \/><figcaption id=\"caption-attachment-42462\" class=\"wp-caption-text\">Foto: Geraldo Bubniak\/AEN<\/figcaption><\/figure>\n<p>Com 6% de desconto no pagamento \u00e0 vista, as condi\u00e7\u00f5es de pagamento do IPVA est\u00e3o melhores a partir deste ano. Para exemplificar a mudan\u00e7a, a Secretaria da Fazenda elaborou uma lista de exemplos com o valor do IPVA lan\u00e7ado para os 20 ve\u00edculos \u2013 12 autom\u00f3veis e 8 motocicletas \u2013 mais vendidos em 2023. Ela tamb\u00e9m aponta para o atual perfil de consumidores do Estado.<\/p>\n<p>Os propriet\u00e1rios de ve\u00edculos do Paran\u00e1 j\u00e1 podem efetuar o pagamento do IPVA referente ao ano de 2024. O prazo para o pagamento \u00e0 vista e primeira parcela vai de 17 at\u00e9 23 de janeiro, variando de acordo com o n\u00famero final da placa do ve\u00edculo. Al\u00e9m dos contribuintes que optarem pelo pagamento \u00e0 vista, para quem preferir parcelar h\u00e1 op\u00e7\u00e3o de quita\u00e7\u00e3o em at\u00e9 cinco vezes, sem desconto.<\/p>\n<p>A al\u00edquota do IPVA no Paran\u00e1 permanece em 3,5% sobre o valor venal de carros e motos em geral. Para \u00f4nibus, caminh\u00f5es, ve\u00edculos de carga, de aluguel ou movidos a g\u00e1s natural veicular (GNV), a al\u00edquota \u00e9 de 1%.<\/p>\n<p>Uma alternativa de pagamento do IPVA \u00e9 o pix, por meio do QR Code inserido na guia de recolhimento, a partir de mais de 800 institui\u00e7\u00f5es financeiras. O pagamento nessa modalidade \u00e9 compensado em at\u00e9 24 horas e pode ser feito nos canais eletr\u00f4nicos dos bancos ou por meio de aplicativos, n\u00e3o limitados aos parceiros do Estado. Al\u00e9m disso, \u00e9 poss\u00edvel pagar o IPVA com cart\u00e3o de cr\u00e9dito, que permite parcelar os d\u00e9bitos em at\u00e9 12 vezes.<\/p>\n<p>Outra possibilidade \u00e9 o uso do aplicativo Servi\u00e7os R\u00e1pidos, da Receita Estadual, dispon\u00edvel para\u00a0<strong><a class=\"0\" href=\"https:\/\/play.google.com\/store\/apps\/details?id=br.gov.pr.celepar.receita.servicos&amp;pli=1\" target=\"_blank\" rel=\"nofollow noopener\">Android<\/a><\/strong>\u00a0e\u00a0<strong><a class=\"0\" href=\"https:\/\/apps.apple.com\/br\/app\/receita-paran%C3%A1\/id1613796501\" target=\"_blank\" rel=\"nofollow noopener\">iOS<\/a><\/strong>, que traz os servi\u00e7os na palma da m\u00e3o, inclusive o acesso a guias de pagamento do IPVA.<\/p>\n<p>Assim como j\u00e1 ocorria em anos anteriores, as guias n\u00e3o s\u00e3o mais enviadas pelos correios aos endere\u00e7os dos contribuintes. Elas devem ser emitidas pelo\u00a0<strong><a class=\"0\" href=\"https:\/\/www.contribuinte.fazenda.pr.gov.br\/ipva\/faces\/home;jsessionid=_pXVgFhzrxh46dZWWLsXnBYT9r76vIljbOW7CHkWPmYimShN2MWZ!736016086\" target=\"_blank\" rel=\"nofollow noopener\">Portal IPVA<\/a><\/strong>\u00a0ou pelo\u00a0<strong><a class=\"0\" href=\"https:\/\/arrecadacao.fazenda.pr.gov.br\/arrecadacao\/\" target=\"_blank\" rel=\"nofollow noopener\">Portal de Pagamentos de Tributos<\/a><\/strong>.<\/p>\n<p><strong>SITES FALSOS<\/strong>\u00a0\u2013 A Secretaria da Fazenda alerta os contribuintes sobre a presen\u00e7a de sites fraudulentos relacionados \u00e0 cobran\u00e7a do IPVA. A recomenda\u00e7\u00e3o \u00e9 gerar sempre as guias de pagamento atrav\u00e9s dos sites oficiais, identific\u00e1veis por endere\u00e7os que terminam com a extens\u00e3o \u201c.pr.gov.br\u201d, ou utilizar o app da Receita Estadual.<\/p>\n<p><strong>Veja abaixo a lista de exemplos com valores do IPVA 2024, referentes ao ano de fabrica\u00e7\u00e3o de 2023 \u2013 autom\u00f3veis do mesmo modelo, por\u00e9m mais antigos, podem ter o IPVA mais baixo.<\/strong><\/p>\n<p><strong>AUTOM\u00d3VEIS<\/strong><\/p>\n<p>Modelo \u2013 IPVA \u00e0 vista (6% de desconto) \u2013 parcelas (5x)<\/p>\n<p>Renault Kwid Zen 2 \u2013 R$ 1.856,91 \u2013 R$ 395,09<\/p>\n<p>VW Polo Track MA \u2013 R$ 2.392,39\u00a0\u2013 R$ 509,02<\/p>\n<p>VW Saveiro CS Robust MPI \u2013 R$ 760,68 \u2013 R$ 161,85<\/p>\n<p>Chevrolet Onix 1.0 LT2 \u2013 R$ 2.631,11 \u2013 R$ 559,81<\/p>\n<p>VW Nivus HL TSI\u00a0\u2013 R$ 4.240,88 \u2013 R$ 902,31<\/p>\n<p>Toyota Corolla XEI 2.0\u00a0\u2013 R$ 4.417,22 \u2013 R$ 939,83<\/p>\n<p>Hyundai HB20 1.0 Comfort \u2013 R$ 2.422,03 \u2013 R$ 515,33<\/p>\n<p>Fiat Strada Freedom 1.3 CS\u00a0\u2013 R$ 873,03 \u2013 R$ 185,75<\/p>\n<p>Toyota Corolla Cross XRE 2.0 \u2013 R$ 4.978,89 \u2013 R$ 1.059,34<\/p>\n<p>Fiat Strada Endurance CS\u00a0\u2013 R$ 807,33 \u2013 R$ 171,77<\/p>\n<p>VW T-Cross HL TSI \u2013 R$ 4.815,67 \u2013 R$ 1.024,61<\/p>\n<p>VW T-Cross TSI \u2013 R$ 3.952,44 \u2013 R$ 840,95<\/p>\n<p><strong>MOTOCICLETAS<\/strong><\/p>\n<p>Modelo \u2013 IPVA \u00e0 vista (6% de desconto) \u2013 parcelas (5x)<\/p>\n<p>Honda CG 160 Fan \u2013 R$ 488,86\u00a0\u2013 R$ 104,01<\/p>\n<p>Honda Biz 125 \u2013 R$ 495,15 \u2013 R$ 105,35<\/p>\n<p>Honda CG 160 Start \u2013 R$ 451,55 \u2013 R$ 96,08<\/p>\n<p>Honda CG 160 Titan\u00a0\u2013 R$ 533,18 \u2013 R$ 113,44<\/p>\n<p>Honda NXR160 Bros ESDD \u2013 R$ 629,51 \u2013 R$ 133,94<\/p>\n<p>Honda Biz 110I \u2013 R$ 380,62 \u2013 R$ 80,98<\/p>\n<p>Honda CB300F Twister ABS \u2013 R$ 730,08 \u2013 R$ 155,34<\/p>\n<p>Yamaha FZ25 Fazer\u00a0\u2013 R$ 652,14 \u2013 R$ 138,75<\/p>\n<p><strong>Confira o calend\u00e1rio de vencimento do IPVA 2024:<\/strong><\/p>\n<p>FINAL DE PLACA &#8211; prazo de pagamento da quota \u00fanica<\/p>\n<p>1 e 2 &#8211; 17\/01\/2024<\/p>\n<p>3 e 4 &#8211; 18\/01\/2024<\/p>\n<p>5 e 6 &#8211; 19\/01\/2024<\/p>\n<p>7 e 8 &#8211; 22\/01\/2024<\/p>\n<p>9 e 0 &#8211; 23\/01\/2024<\/p>\n<p>FINAL DE PLACA &#8211; cinco parcelas<\/p>\n<p>1 e 2 &#8211; 17\/01, 19\/02, 18\/03, 17\/04, 17\/05<\/p>\n<p>3 e 4 &#8211; 18\/01, 20\/02, 19\/03, 18\/04, 20\/05<\/p>\n<p>5 e 6 &#8211; 19\/01, 21\/02, 20\/03, 19\/04, 21\/05<\/p>\n<p>7 e 8 &#8211; 22\/01, 22\/02, 21\/03, 22\/04, 22\/05<\/p>\n<p>9 e 0 &#8211; 23\/01, 23\/02, 22\/03, 23\/04, 23\/05<\/p>\n<p>(AEN)<\/p>\n","protected":false},"excerpt":{"rendered":"<p>Um Vencimento para o pagamento \u00e0 vista e primeira parcela vai de 17 a 23<\/p>\n","protected":false},"author":2,"featured_media":42462,"comment_status":"open","ping_status":"open","sticky":false,"template":"","format":"standard","meta":{"footnotes":""},"categories":[3,4],"tags":[],"class_list":["post-42461","post","type-post","status-publish","format-standard","has-post-thumbnail","hentry","category-destaques","category-parana"],"yoast_head":"<!-- This site is optimized with the Yoast SEO plugin v27.5 - https:\/\/yoast.com\/product\/yoast-seo-wordpress\/ -->\n<title>Com desconto de 6%, confira os valores do IPVA dos 20 ve\u00edculos mais emplacados em 2023 - Jornal<\/title>\n<meta name=\"description\" content=\"Com desconto de 6%, confira os valores do IPVA dos 20 ve\u00edculos mais emplacados em 2023\" \/>\n<meta name=\"robots\" content=\"index, follow, max-snippet:-1, max-image-preview:large, max-video-preview:-1\" \/>\n<link rel=\"canonical\" href=\"https:\/\/jornalboasnoticias.com.br\/home\/com-desconto-de-6-confira-os-valores-do-ipva-dos-20-veiculos-mais-emplacados-em-2023\/\" \/>\n<meta property=\"og:locale\" content=\"pt_BR\" \/>\n<meta property=\"og:type\" content=\"article\" \/>\n<meta property=\"og:title\" content=\"Com desconto de 6%, confira os valores do IPVA dos 20 ve\u00edculos mais emplacados em 2023 - Jornal\" \/>\n<meta property=\"og:description\" content=\"Com desconto de 6%, confira os valores do IPVA dos 20 ve\u00edculos mais emplacados em 2023\" \/>\n<meta property=\"og:url\" content=\"https:\/\/jornalboasnoticias.com.br\/home\/com-desconto-de-6-confira-os-valores-do-ipva-dos-20-veiculos-mais-emplacados-em-2023\/\" \/>\n<meta property=\"og:site_name\" content=\"Jornal\" \/>\n<meta property=\"article:publisher\" content=\"https:\/\/www.facebook.com\/boasnoticiasjornal\" \/>\n<meta property=\"article:published_time\" content=\"2024-01-08T21:19:25+00:00\" \/>\n<meta property=\"og:image\" content=\"https:\/\/jornalboasnoticias.com.br\/home\/wp-content\/uploads\/2024\/01\/IMG_0555-scaled-e1704748740369.jpeg\" \/>\n\t<meta property=\"og:image:width\" content=\"800\" \/>\n\t<meta property=\"og:image:height\" content=\"534\" \/>\n\t<meta property=\"og:image:type\" content=\"image\/jpeg\" \/>\n<meta name=\"author\" content=\"Maria Bonatto\" \/>\n<meta name=\"twitter:card\" content=\"summary_large_image\" \/>\n<meta name=\"twitter:label1\" content=\"Escrito por\" \/>\n\t<meta name=\"twitter:data1\" content=\"Maria Bonatto\" \/>\n\t<meta name=\"twitter:label2\" content=\"Est. tempo de leitura\" \/>\n\t<meta name=\"twitter:data2\" content=\"3 minutos\" \/>\n<script type=\"application\/ld+json\" class=\"yoast-schema-graph\">{\"@context\":\"https:\\\/\\\/schema.org\",\"@graph\":[{\"@type\":\"Article\",\"@id\":\"https:\\\/\\\/jornalboasnoticias.com.br\\\/home\\\/com-desconto-de-6-confira-os-valores-do-ipva-dos-20-veiculos-mais-emplacados-em-2023\\\/#article\",\"isPartOf\":{\"@id\":\"https:\\\/\\\/jornalboasnoticias.com.br\\\/home\\\/com-desconto-de-6-confira-os-valores-do-ipva-dos-20-veiculos-mais-emplacados-em-2023\\\/\"},\"author\":{\"name\":\"Maria Bonatto\",\"@id\":\"https:\\\/\\\/jornalboasnoticias.com.br\\\/home\\\/#\\\/schema\\\/person\\\/71a4be4d1685617d6d00f15f0f2952ee\"},\"headline\":\"Com desconto de 6%, confira os valores do IPVA dos 20 ve\u00edculos mais emplacados em 2023\",\"datePublished\":\"2024-01-08T21:19:25+00:00\",\"mainEntityOfPage\":{\"@id\":\"https:\\\/\\\/jornalboasnoticias.com.br\\\/home\\\/com-desconto-de-6-confira-os-valores-do-ipva-dos-20-veiculos-mais-emplacados-em-2023\\\/\"},\"wordCount\":628,\"commentCount\":0,\"publisher\":{\"@id\":\"https:\\\/\\\/jornalboasnoticias.com.br\\\/home\\\/#organization\"},\"image\":{\"@id\":\"https:\\\/\\\/jornalboasnoticias.com.br\\\/home\\\/com-desconto-de-6-confira-os-valores-do-ipva-dos-20-veiculos-mais-emplacados-em-2023\\\/#primaryimage\"},\"thumbnailUrl\":\"https:\\\/\\\/jornalboasnoticias.com.br\\\/home\\\/wp-content\\\/uploads\\\/2024\\\/01\\\/IMG_0555-scaled-e1704748740369.jpeg\",\"articleSection\":[\"DESTAQUE\",\"PARAN\u00c1\"],\"inLanguage\":\"pt-BR\",\"potentialAction\":[{\"@type\":\"CommentAction\",\"name\":\"Comment\",\"target\":[\"https:\\\/\\\/jornalboasnoticias.com.br\\\/home\\\/com-desconto-de-6-confira-os-valores-do-ipva-dos-20-veiculos-mais-emplacados-em-2023\\\/#respond\"]}]},{\"@type\":\"WebPage\",\"@id\":\"https:\\\/\\\/jornalboasnoticias.com.br\\\/home\\\/com-desconto-de-6-confira-os-valores-do-ipva-dos-20-veiculos-mais-emplacados-em-2023\\\/\",\"url\":\"https:\\\/\\\/jornalboasnoticias.com.br\\\/home\\\/com-desconto-de-6-confira-os-valores-do-ipva-dos-20-veiculos-mais-emplacados-em-2023\\\/\",\"name\":\"Com desconto de 6%, confira os valores do IPVA dos 20 ve\u00edculos mais emplacados em 2023 - Jornal\",\"isPartOf\":{\"@id\":\"https:\\\/\\\/jornalboasnoticias.com.br\\\/home\\\/#website\"},\"primaryImageOfPage\":{\"@id\":\"https:\\\/\\\/jornalboasnoticias.com.br\\\/home\\\/com-desconto-de-6-confira-os-valores-do-ipva-dos-20-veiculos-mais-emplacados-em-2023\\\/#primaryimage\"},\"image\":{\"@id\":\"https:\\\/\\\/jornalboasnoticias.com.br\\\/home\\\/com-desconto-de-6-confira-os-valores-do-ipva-dos-20-veiculos-mais-emplacados-em-2023\\\/#primaryimage\"},\"thumbnailUrl\":\"https:\\\/\\\/jornalboasnoticias.com.br\\\/home\\\/wp-content\\\/uploads\\\/2024\\\/01\\\/IMG_0555-scaled-e1704748740369.jpeg\",\"datePublished\":\"2024-01-08T21:19:25+00:00\",\"description\":\"Com desconto de 6%, confira os valores do IPVA dos 20 ve\u00edculos mais emplacados em 2023\",\"breadcrumb\":{\"@id\":\"https:\\\/\\\/jornalboasnoticias.com.br\\\/home\\\/com-desconto-de-6-confira-os-valores-do-ipva-dos-20-veiculos-mais-emplacados-em-2023\\\/#breadcrumb\"},\"inLanguage\":\"pt-BR\",\"potentialAction\":[{\"@type\":\"ReadAction\",\"target\":[\"https:\\\/\\\/jornalboasnoticias.com.br\\\/home\\\/com-desconto-de-6-confira-os-valores-do-ipva-dos-20-veiculos-mais-emplacados-em-2023\\\/\"]}]},{\"@type\":\"ImageObject\",\"inLanguage\":\"pt-BR\",\"@id\":\"https:\\\/\\\/jornalboasnoticias.com.br\\\/home\\\/com-desconto-de-6-confira-os-valores-do-ipva-dos-20-veiculos-mais-emplacados-em-2023\\\/#primaryimage\",\"url\":\"https:\\\/\\\/jornalboasnoticias.com.br\\\/home\\\/wp-content\\\/uploads\\\/2024\\\/01\\\/IMG_0555-scaled-e1704748740369.jpeg\",\"contentUrl\":\"https:\\\/\\\/jornalboasnoticias.com.br\\\/home\\\/wp-content\\\/uploads\\\/2024\\\/01\\\/IMG_0555-scaled-e1704748740369.jpeg\",\"width\":800,\"height\":534,\"caption\":\"Foto: Geraldo Bubniak\\\/AEN\"},{\"@type\":\"BreadcrumbList\",\"@id\":\"https:\\\/\\\/jornalboasnoticias.com.br\\\/home\\\/com-desconto-de-6-confira-os-valores-do-ipva-dos-20-veiculos-mais-emplacados-em-2023\\\/#breadcrumb\",\"itemListElement\":[{\"@type\":\"ListItem\",\"position\":1,\"name\":\"In\u00edcio\",\"item\":\"https:\\\/\\\/jornalboasnoticias.com.br\\\/home\\\/\"},{\"@type\":\"ListItem\",\"position\":2,\"name\":\"Com desconto de 6%, confira os valores do IPVA dos 20 ve\u00edculos mais emplacados em 2023\"}]},{\"@type\":\"WebSite\",\"@id\":\"https:\\\/\\\/jornalboasnoticias.com.br\\\/home\\\/#website\",\"url\":\"https:\\\/\\\/jornalboasnoticias.com.br\\\/home\\\/\",\"name\":\"Jornal Boas Not\u00edcias\",\"description\":\"Boas not\u00edcias\",\"publisher\":{\"@id\":\"https:\\\/\\\/jornalboasnoticias.com.br\\\/home\\\/#organization\"},\"potentialAction\":[{\"@type\":\"SearchAction\",\"target\":{\"@type\":\"EntryPoint\",\"urlTemplate\":\"https:\\\/\\\/jornalboasnoticias.com.br\\\/home\\\/?s={search_term_string}\"},\"query-input\":{\"@type\":\"PropertyValueSpecification\",\"valueRequired\":true,\"valueName\":\"search_term_string\"}}],\"inLanguage\":\"pt-BR\"},{\"@type\":\"Organization\",\"@id\":\"https:\\\/\\\/jornalboasnoticias.com.br\\\/home\\\/#organization\",\"name\":\"Coq Editora Ltda\",\"alternateName\":\"Jornal Boas Noticias\",\"url\":\"https:\\\/\\\/jornalboasnoticias.com.br\\\/home\\\/\",\"logo\":{\"@type\":\"ImageObject\",\"inLanguage\":\"pt-BR\",\"@id\":\"https:\\\/\\\/jornalboasnoticias.com.br\\\/home\\\/#\\\/schema\\\/logo\\\/image\\\/\",\"url\":\"https:\\\/\\\/jornalboasnoticias.com.br\\\/home\\\/wp-content\\\/uploads\\\/2024\\\/07\\\/cropped-logo.jpg\",\"contentUrl\":\"https:\\\/\\\/jornalboasnoticias.com.br\\\/home\\\/wp-content\\\/uploads\\\/2024\\\/07\\\/cropped-logo.jpg\",\"width\":290,\"height\":142,\"caption\":\"Coq Editora Ltda\"},\"image\":{\"@id\":\"https:\\\/\\\/jornalboasnoticias.com.br\\\/home\\\/#\\\/schema\\\/logo\\\/image\\\/\"},\"sameAs\":[\"https:\\\/\\\/www.facebook.com\\\/boasnoticiasjornal\"]},{\"@type\":\"Person\",\"@id\":\"https:\\\/\\\/jornalboasnoticias.com.br\\\/home\\\/#\\\/schema\\\/person\\\/71a4be4d1685617d6d00f15f0f2952ee\",\"name\":\"Maria Bonatto\",\"image\":{\"@type\":\"ImageObject\",\"inLanguage\":\"pt-BR\",\"@id\":\"https:\\\/\\\/secure.gravatar.com\\\/avatar\\\/61bdbd92f7d53dd2fedfe556279602d97507ae906fdeb9624602488dcdcd042f?s=96&d=mm&r=g\",\"url\":\"https:\\\/\\\/secure.gravatar.com\\\/avatar\\\/61bdbd92f7d53dd2fedfe556279602d97507ae906fdeb9624602488dcdcd042f?s=96&d=mm&r=g\",\"contentUrl\":\"https:\\\/\\\/secure.gravatar.com\\\/avatar\\\/61bdbd92f7d53dd2fedfe556279602d97507ae906fdeb9624602488dcdcd042f?s=96&d=mm&r=g\",\"caption\":\"Maria Bonatto\"},\"url\":\"https:\\\/\\\/jornalboasnoticias.com.br\\\/home\\\/author\\\/ana-bonatto\\\/\"}]}<\/script>\n<!-- \/ Yoast SEO plugin. -->","yoast_head_json":{"title":"Com desconto de 6%, confira os valores do IPVA dos 20 ve\u00edculos mais emplacados em 2023 - Jornal","description":"Com desconto de 6%, confira os valores do IPVA dos 20 ve\u00edculos mais emplacados em 2023","robots":{"index":"index","follow":"follow","max-snippet":"max-snippet:-1","max-image-preview":"max-image-preview:large","max-video-preview":"max-video-preview:-1"},"canonical":"https:\/\/jornalboasnoticias.com.br\/home\/com-desconto-de-6-confira-os-valores-do-ipva-dos-20-veiculos-mais-emplacados-em-2023\/","og_locale":"pt_BR","og_type":"article","og_title":"Com desconto de 6%, confira os valores do IPVA dos 20 ve\u00edculos mais emplacados em 2023 - Jornal","og_description":"Com desconto de 6%, confira os valores do IPVA dos 20 ve\u00edculos mais emplacados em 2023","og_url":"https:\/\/jornalboasnoticias.com.br\/home\/com-desconto-de-6-confira-os-valores-do-ipva-dos-20-veiculos-mais-emplacados-em-2023\/","og_site_name":"Jornal","article_publisher":"https:\/\/www.facebook.com\/boasnoticiasjornal","article_published_time":"2024-01-08T21:19:25+00:00","og_image":[{"width":800,"height":534,"url":"https:\/\/jornalboasnoticias.com.br\/home\/wp-content\/uploads\/2024\/01\/IMG_0555-scaled-e1704748740369.jpeg","type":"image\/jpeg"}],"author":"Maria Bonatto","twitter_card":"summary_large_image","twitter_misc":{"Escrito por":"Maria Bonatto","Est. tempo de leitura":"3 minutos"},"schema":{"@context":"https:\/\/schema.org","@graph":[{"@type":"Article","@id":"https:\/\/jornalboasnoticias.com.br\/home\/com-desconto-de-6-confira-os-valores-do-ipva-dos-20-veiculos-mais-emplacados-em-2023\/#article","isPartOf":{"@id":"https:\/\/jornalboasnoticias.com.br\/home\/com-desconto-de-6-confira-os-valores-do-ipva-dos-20-veiculos-mais-emplacados-em-2023\/"},"author":{"name":"Maria Bonatto","@id":"https:\/\/jornalboasnoticias.com.br\/home\/#\/schema\/person\/71a4be4d1685617d6d00f15f0f2952ee"},"headline":"Com desconto de 6%, confira os valores do IPVA dos 20 ve\u00edculos mais emplacados em 2023","datePublished":"2024-01-08T21:19:25+00:00","mainEntityOfPage":{"@id":"https:\/\/jornalboasnoticias.com.br\/home\/com-desconto-de-6-confira-os-valores-do-ipva-dos-20-veiculos-mais-emplacados-em-2023\/"},"wordCount":628,"commentCount":0,"publisher":{"@id":"https:\/\/jornalboasnoticias.com.br\/home\/#organization"},"image":{"@id":"https:\/\/jornalboasnoticias.com.br\/home\/com-desconto-de-6-confira-os-valores-do-ipva-dos-20-veiculos-mais-emplacados-em-2023\/#primaryimage"},"thumbnailUrl":"https:\/\/jornalboasnoticias.com.br\/home\/wp-content\/uploads\/2024\/01\/IMG_0555-scaled-e1704748740369.jpeg","articleSection":["DESTAQUE","PARAN\u00c1"],"inLanguage":"pt-BR","potentialAction":[{"@type":"CommentAction","name":"Comment","target":["https:\/\/jornalboasnoticias.com.br\/home\/com-desconto-de-6-confira-os-valores-do-ipva-dos-20-veiculos-mais-emplacados-em-2023\/#respond"]}]},{"@type":"WebPage","@id":"https:\/\/jornalboasnoticias.com.br\/home\/com-desconto-de-6-confira-os-valores-do-ipva-dos-20-veiculos-mais-emplacados-em-2023\/","url":"https:\/\/jornalboasnoticias.com.br\/home\/com-desconto-de-6-confira-os-valores-do-ipva-dos-20-veiculos-mais-emplacados-em-2023\/","name":"Com desconto de 6%, confira os valores do IPVA dos 20 ve\u00edculos mais emplacados em 2023 - Jornal","isPartOf":{"@id":"https:\/\/jornalboasnoticias.com.br\/home\/#website"},"primaryImageOfPage":{"@id":"https:\/\/jornalboasnoticias.com.br\/home\/com-desconto-de-6-confira-os-valores-do-ipva-dos-20-veiculos-mais-emplacados-em-2023\/#primaryimage"},"image":{"@id":"https:\/\/jornalboasnoticias.com.br\/home\/com-desconto-de-6-confira-os-valores-do-ipva-dos-20-veiculos-mais-emplacados-em-2023\/#primaryimage"},"thumbnailUrl":"https:\/\/jornalboasnoticias.com.br\/home\/wp-content\/uploads\/2024\/01\/IMG_0555-scaled-e1704748740369.jpeg","datePublished":"2024-01-08T21:19:25+00:00","description":"Com desconto de 6%, confira os valores do IPVA dos 20 ve\u00edculos mais emplacados em 2023","breadcrumb":{"@id":"https:\/\/jornalboasnoticias.com.br\/home\/com-desconto-de-6-confira-os-valores-do-ipva-dos-20-veiculos-mais-emplacados-em-2023\/#breadcrumb"},"inLanguage":"pt-BR","potentialAction":[{"@type":"ReadAction","target":["https:\/\/jornalboasnoticias.com.br\/home\/com-desconto-de-6-confira-os-valores-do-ipva-dos-20-veiculos-mais-emplacados-em-2023\/"]}]},{"@type":"ImageObject","inLanguage":"pt-BR","@id":"https:\/\/jornalboasnoticias.com.br\/home\/com-desconto-de-6-confira-os-valores-do-ipva-dos-20-veiculos-mais-emplacados-em-2023\/#primaryimage","url":"https:\/\/jornalboasnoticias.com.br\/home\/wp-content\/uploads\/2024\/01\/IMG_0555-scaled-e1704748740369.jpeg","contentUrl":"https:\/\/jornalboasnoticias.com.br\/home\/wp-content\/uploads\/2024\/01\/IMG_0555-scaled-e1704748740369.jpeg","width":800,"height":534,"caption":"Foto: Geraldo Bubniak\/AEN"},{"@type":"BreadcrumbList","@id":"https:\/\/jornalboasnoticias.com.br\/home\/com-desconto-de-6-confira-os-valores-do-ipva-dos-20-veiculos-mais-emplacados-em-2023\/#breadcrumb","itemListElement":[{"@type":"ListItem","position":1,"name":"In\u00edcio","item":"https:\/\/jornalboasnoticias.com.br\/home\/"},{"@type":"ListItem","position":2,"name":"Com desconto de 6%, confira os valores do IPVA dos 20 ve\u00edculos mais emplacados em 2023"}]},{"@type":"WebSite","@id":"https:\/\/jornalboasnoticias.com.br\/home\/#website","url":"https:\/\/jornalboasnoticias.com.br\/home\/","name":"Jornal Boas Not\u00edcias","description":"Boas not\u00edcias","publisher":{"@id":"https:\/\/jornalboasnoticias.com.br\/home\/#organization"},"potentialAction":[{"@type":"SearchAction","target":{"@type":"EntryPoint","urlTemplate":"https:\/\/jornalboasnoticias.com.br\/home\/?s={search_term_string}"},"query-input":{"@type":"PropertyValueSpecification","valueRequired":true,"valueName":"search_term_string"}}],"inLanguage":"pt-BR"},{"@type":"Organization","@id":"https:\/\/jornalboasnoticias.com.br\/home\/#organization","name":"Coq Editora Ltda","alternateName":"Jornal Boas Noticias","url":"https:\/\/jornalboasnoticias.com.br\/home\/","logo":{"@type":"ImageObject","inLanguage":"pt-BR","@id":"https:\/\/jornalboasnoticias.com.br\/home\/#\/schema\/logo\/image\/","url":"https:\/\/jornalboasnoticias.com.br\/home\/wp-content\/uploads\/2024\/07\/cropped-logo.jpg","contentUrl":"https:\/\/jornalboasnoticias.com.br\/home\/wp-content\/uploads\/2024\/07\/cropped-logo.jpg","width":290,"height":142,"caption":"Coq Editora Ltda"},"image":{"@id":"https:\/\/jornalboasnoticias.com.br\/home\/#\/schema\/logo\/image\/"},"sameAs":["https:\/\/www.facebook.com\/boasnoticiasjornal"]},{"@type":"Person","@id":"https:\/\/jornalboasnoticias.com.br\/home\/#\/schema\/person\/71a4be4d1685617d6d00f15f0f2952ee","name":"Maria Bonatto","image":{"@type":"ImageObject","inLanguage":"pt-BR","@id":"https:\/\/secure.gravatar.com\/avatar\/61bdbd92f7d53dd2fedfe556279602d97507ae906fdeb9624602488dcdcd042f?s=96&d=mm&r=g","url":"https:\/\/secure.gravatar.com\/avatar\/61bdbd92f7d53dd2fedfe556279602d97507ae906fdeb9624602488dcdcd042f?s=96&d=mm&r=g","contentUrl":"https:\/\/secure.gravatar.com\/avatar\/61bdbd92f7d53dd2fedfe556279602d97507ae906fdeb9624602488dcdcd042f?s=96&d=mm&r=g","caption":"Maria Bonatto"},"url":"https:\/\/jornalboasnoticias.com.br\/home\/author\/ana-bonatto\/"}]}},"_links":{"self":[{"href":"https:\/\/jornalboasnoticias.com.br\/home\/wp-json\/wp\/v2\/posts\/42461","targetHints":{"allow":["GET"]}}],"collection":[{"href":"https:\/\/jornalboasnoticias.com.br\/home\/wp-json\/wp\/v2\/posts"}],"about":[{"href":"https:\/\/jornalboasnoticias.com.br\/home\/wp-json\/wp\/v2\/types\/post"}],"author":[{"embeddable":true,"href":"https:\/\/jornalboasnoticias.com.br\/home\/wp-json\/wp\/v2\/users\/2"}],"replies":[{"embeddable":true,"href":"https:\/\/jornalboasnoticias.com.br\/home\/wp-json\/wp\/v2\/comments?post=42461"}],"version-history":[{"count":0,"href":"https:\/\/jornalboasnoticias.com.br\/home\/wp-json\/wp\/v2\/posts\/42461\/revisions"}],"wp:featuredmedia":[{"embeddable":true,"href":"https:\/\/jornalboasnoticias.com.br\/home\/wp-json\/wp\/v2\/media\/42462"}],"wp:attachment":[{"href":"https:\/\/jornalboasnoticias.com.br\/home\/wp-json\/wp\/v2\/media?parent=42461"}],"wp:term":[{"taxonomy":"category","embeddable":true,"href":"https:\/\/jornalboasnoticias.com.br\/home\/wp-json\/wp\/v2\/categories?post=42461"},{"taxonomy":"post_tag","embeddable":true,"href":"https:\/\/jornalboasnoticias.com.br\/home\/wp-json\/wp\/v2\/tags?post=42461"}],"curies":[{"name":"wp","href":"https:\/\/api.w.org\/{rel}","templated":true}]}}