{"id":42458,"date":"2024-01-08T18:16:00","date_gmt":"2024-01-08T21:16:00","guid":{"rendered":"https:\/\/www.jornalboasnoticias.com.br\/?p=42458"},"modified":"2024-01-08T18:16:00","modified_gmt":"2024-01-08T21:16:00","slug":"felicidade-do-idoso-inicia-as-atividades-2024","status":"publish","type":"post","link":"https:\/\/jornalboasnoticias.com.br\/home\/felicidade-do-idoso-inicia-as-atividades-2024\/","title":{"rendered":"FeliCidade do Idoso inicia as atividades 2024"},"content":{"rendered":"<blockquote>\n<p style=\"text-align: center;\">Sal\u00e3o comunit\u00e1rio ficou lotado para o primeiro dia das atividades no ano novo<\/p>\n<\/blockquote>\n<figure id=\"attachment_42459\" aria-describedby=\"caption-attachment-42459\" style=\"width: 548px\" class=\"wp-caption aligncenter\"><img loading=\"lazy\" decoding=\"async\" class=\"size-medium wp-image-42459\" src=\"https:\/\/jornalboasnoticias.com.br\/home\/wp-content\/uploads\/2024\/01\/IMG_0554-e1704748503509-548x365.jpeg\" alt=\"\" width=\"548\" height=\"365\" \/><figcaption id=\"caption-attachment-42459\" class=\"wp-caption-text\">Foto: Vanderlei Faria\/Secom<\/figcaption><\/figure>\n<p>Depois de um breve per\u00edodo de recesso, o Programa FeliCidade do Idoso, realizado de segunda a sexta-feira, no Parque Tarqu\u00ednio, no bairro Parque S\u00e3o Paulo, retomou hoje (8) as atividades normais.<\/p>\n<p>O sal\u00e3o comunit\u00e1rio do bairro estava lotado de senhores e senhoras \u00e1vidos para iniciar com o p\u00e9 direito este novo ano, uma vez que as atividades ser\u00e3o realizadas normalmente a partir de agora.<\/p>\n<p>&#8220;Neste retorno das atividades do programa FeliCidade do Idoso, queremos convidar todas as pessoas com 60 anos ou mais para participarem conosco deste grande programa de inclus\u00e3o. Aqui, al\u00e9m das atividades f\u00edsicas e culturais, nossos idosos recebem caf\u00e9 da manh\u00e3, almo\u00e7o e lanche \u00e0 tarde, al\u00e9m de transporte gratuito para participar junto conosco desta a\u00e7\u00e3o que a cada ano s\u00f3 melhora&#8221;, disse o secret\u00e1rio de Assist\u00eancia Social, Hudson Moreschi J\u00fanior.<\/p>\n<p>Neste retorno das atividades no Programa FeliCidade do Idoso, o secret\u00e1rio de sa\u00fade, Miroslau Bailak, tamb\u00e9m participou, falando da import\u00e2ncia de manter a sa\u00fade f\u00edsica e mental em dia, e tamb\u00e9m orientando sobre as prioridades que os idosos de Cascavel t\u00eam nas unidades de sa\u00fade.<\/p>\n<p>&#8220;Nas nossas unidades, independentemente do bairro onde moram e procuram atendimento, nossos idosos t\u00eam prioridade. Queremos oferecer a eles este benef\u00edcio, que n\u00e3o \u00e9 apenas um direito legal, mas uma forma de mostrar todo nosso respeito a esta parcela da popula\u00e7\u00e3o que escreveu e construiu nossa hist\u00f3ria&#8221;.<\/p>\n<p>Hoje, Cascavel conta com uma popula\u00e7\u00e3o superior a 50 mil pessoas com 60 anos ou mais, segundo a Secretaria de Assist\u00eancia Social. E o Programa atende a aproximadamente 1,3 mil pessoas.<\/p>\n<h2><strong>Sede pr\u00f3pria<\/strong><\/h2>\n<p>O governo municipal tem investido cada vez mais em pol\u00edticas p\u00fablicas para valorizar essa popula\u00e7\u00e3o que se doou tanto pelo munic\u00edpio.<\/p>\n<p>E a novidade \u00e9 a sede pr\u00f3pria do programa, com cerca de 500 metros quadrados de \u00e1rea constru\u00edda, que est\u00e1 quase pronta.<\/p>\n<p>A nova sede do programa est\u00e1 instalada na Rua Wenceslau Braz, no Parque Tarquinio, ao lado do Sal\u00e3o Comunit\u00e1rio do Parque S\u00e3o Paulo, onde atualmente s\u00e3o realizados os encontros do Programa. &#8220;Estamos nos \u00faltimos detalhes da obra e queremos, j\u00e1 no m\u00eas de fevereiro, fazer a entrega deste pr\u00e9dio totalmente mobiliado e equipado para os nossos idosos&#8221;, explicou o secret\u00e1rio, Hudson Moreschi.<\/p>\n<p>A nova sede do programa Felicidade do Idoso, um centro de conviv\u00eancia para idosos, ter\u00e1 cerca de 500 metros quadrados. O investimento \u00e9 de mais de R$ 1,6 milh\u00e3o.<\/p>\n<p>&#8220;Sonhamos com esse espa\u00e7o transformado na Cidade do Idoso. Todos os dias aqui n\u00f3s temos caf\u00e9 da manh\u00e3, almo\u00e7o, brincadeiras, cultura e entretenimento para os nossos idosos. Agora n\u00f3s teremos sede para nossas oficinas. Estou muito feliz, uma cidade precisa respeitar as pessoas, e \u00e9 isso que estamos fazendo aqui, depois de uma vida trabalhando eles merecem isso que estamos fazendo&#8221;, declarou o Prefeito Paranhos.<\/p>\n<p>O pr\u00e9dio vai oferecer aos servidores melhores condi\u00e7\u00f5es de trabalho e um ambiente mais adequado aos idosos. A estrutura conta com salas individuais de atendimento, salas de grupo para os trabalhos coletivos, cozinha, refeit\u00f3rio, banheiros.<\/p>\n<p>&#8220;\u00c9 uma amplia\u00e7\u00e3o do programa que garantir\u00e1 atingirmos um maior p\u00fablico de pessoas de 60 anos, independentemente do perfil socioecon\u00f4mico, garantindo melhores condi\u00e7\u00f5es de sa\u00fade f\u00edsica e psicol\u00f3gica. A amplia\u00e7\u00e3o ir\u00e1 proporcionar uma velhice mais feliz para todos&#8221;, destaca Hudson.<\/p>\n<p>Para participar do programa da Secretaria de Assist\u00eancia Social \u00e9 f\u00e1cil, o \u00fanico requisito \u00e9 ter 60 anos ou mais. A inscri\u00e7\u00e3o \u00e9 totalmente gratuita e pode ser feita durante a semana, no Parque Tarqu\u00ednio. O interessado precisa levar RG, CPF e comprovantes de resid\u00eancia e vacina.<\/p>\n<p>(Secom)<\/p>\n","protected":false},"excerpt":{"rendered":"<p>Sal\u00e3o comunit\u00e1rio ficou lotado para o primeiro dia das atividades no ano novo Depois de<\/p>\n","protected":false},"author":2,"featured_media":42459,"comment_status":"open","ping_status":"open","sticky":false,"template":"","format":"standard","meta":{"footnotes":""},"categories":[2],"tags":[],"class_list":["post-42458","post","type-post","status-publish","format-standard","has-post-thumbnail","hentry","category-cascavel"],"yoast_head":"<!-- This site is optimized with the Yoast SEO plugin v27.5 - https:\/\/yoast.com\/product\/yoast-seo-wordpress\/ -->\n<title>FeliCidade do Idoso inicia as atividades 2024 - Jornal<\/title>\n<meta name=\"description\" content=\"FeliCidade do Idoso inicia as atividades 2024\" \/>\n<meta name=\"robots\" content=\"index, follow, max-snippet:-1, max-image-preview:large, max-video-preview:-1\" \/>\n<link rel=\"canonical\" href=\"https:\/\/jornalboasnoticias.com.br\/home\/felicidade-do-idoso-inicia-as-atividades-2024\/\" \/>\n<meta property=\"og:locale\" content=\"pt_BR\" \/>\n<meta property=\"og:type\" content=\"article\" \/>\n<meta property=\"og:title\" content=\"FeliCidade do Idoso inicia as atividades 2024 - Jornal\" \/>\n<meta property=\"og:description\" content=\"FeliCidade do Idoso inicia as atividades 2024\" \/>\n<meta property=\"og:url\" content=\"https:\/\/jornalboasnoticias.com.br\/home\/felicidade-do-idoso-inicia-as-atividades-2024\/\" \/>\n<meta property=\"og:site_name\" content=\"Jornal\" \/>\n<meta property=\"article:publisher\" content=\"https:\/\/www.facebook.com\/boasnoticiasjornal\" \/>\n<meta property=\"article:published_time\" content=\"2024-01-08T21:16:00+00:00\" \/>\n<meta property=\"og:image\" content=\"https:\/\/jornalboasnoticias.com.br\/home\/wp-content\/uploads\/2024\/01\/IMG_0554-e1704748503509.jpeg\" \/>\n\t<meta property=\"og:image:width\" content=\"800\" \/>\n\t<meta property=\"og:image:height\" content=\"533\" \/>\n\t<meta property=\"og:image:type\" content=\"image\/jpeg\" \/>\n<meta name=\"author\" content=\"Maria Bonatto\" \/>\n<meta name=\"twitter:card\" content=\"summary_large_image\" \/>\n<meta name=\"twitter:label1\" content=\"Escrito por\" \/>\n\t<meta name=\"twitter:data1\" content=\"Maria Bonatto\" \/>\n\t<meta name=\"twitter:label2\" content=\"Est. tempo de leitura\" \/>\n\t<meta name=\"twitter:data2\" content=\"3 minutos\" \/>\n<script type=\"application\/ld+json\" class=\"yoast-schema-graph\">{\"@context\":\"https:\\\/\\\/schema.org\",\"@graph\":[{\"@type\":\"Article\",\"@id\":\"https:\\\/\\\/jornalboasnoticias.com.br\\\/home\\\/felicidade-do-idoso-inicia-as-atividades-2024\\\/#article\",\"isPartOf\":{\"@id\":\"https:\\\/\\\/jornalboasnoticias.com.br\\\/home\\\/felicidade-do-idoso-inicia-as-atividades-2024\\\/\"},\"author\":{\"name\":\"Maria Bonatto\",\"@id\":\"https:\\\/\\\/jornalboasnoticias.com.br\\\/home\\\/#\\\/schema\\\/person\\\/71a4be4d1685617d6d00f15f0f2952ee\"},\"headline\":\"FeliCidade do Idoso inicia as atividades 2024\",\"datePublished\":\"2024-01-08T21:16:00+00:00\",\"mainEntityOfPage\":{\"@id\":\"https:\\\/\\\/jornalboasnoticias.com.br\\\/home\\\/felicidade-do-idoso-inicia-as-atividades-2024\\\/\"},\"wordCount\":661,\"commentCount\":0,\"publisher\":{\"@id\":\"https:\\\/\\\/jornalboasnoticias.com.br\\\/home\\\/#organization\"},\"image\":{\"@id\":\"https:\\\/\\\/jornalboasnoticias.com.br\\\/home\\\/felicidade-do-idoso-inicia-as-atividades-2024\\\/#primaryimage\"},\"thumbnailUrl\":\"https:\\\/\\\/jornalboasnoticias.com.br\\\/home\\\/wp-content\\\/uploads\\\/2024\\\/01\\\/IMG_0554-e1704748503509.jpeg\",\"articleSection\":[\"CASCAVEL\"],\"inLanguage\":\"pt-BR\",\"potentialAction\":[{\"@type\":\"CommentAction\",\"name\":\"Comment\",\"target\":[\"https:\\\/\\\/jornalboasnoticias.com.br\\\/home\\\/felicidade-do-idoso-inicia-as-atividades-2024\\\/#respond\"]}]},{\"@type\":\"WebPage\",\"@id\":\"https:\\\/\\\/jornalboasnoticias.com.br\\\/home\\\/felicidade-do-idoso-inicia-as-atividades-2024\\\/\",\"url\":\"https:\\\/\\\/jornalboasnoticias.com.br\\\/home\\\/felicidade-do-idoso-inicia-as-atividades-2024\\\/\",\"name\":\"FeliCidade do Idoso inicia as atividades 2024 - Jornal\",\"isPartOf\":{\"@id\":\"https:\\\/\\\/jornalboasnoticias.com.br\\\/home\\\/#website\"},\"primaryImageOfPage\":{\"@id\":\"https:\\\/\\\/jornalboasnoticias.com.br\\\/home\\\/felicidade-do-idoso-inicia-as-atividades-2024\\\/#primaryimage\"},\"image\":{\"@id\":\"https:\\\/\\\/jornalboasnoticias.com.br\\\/home\\\/felicidade-do-idoso-inicia-as-atividades-2024\\\/#primaryimage\"},\"thumbnailUrl\":\"https:\\\/\\\/jornalboasnoticias.com.br\\\/home\\\/wp-content\\\/uploads\\\/2024\\\/01\\\/IMG_0554-e1704748503509.jpeg\",\"datePublished\":\"2024-01-08T21:16:00+00:00\",\"description\":\"FeliCidade do Idoso inicia as atividades 2024\",\"breadcrumb\":{\"@id\":\"https:\\\/\\\/jornalboasnoticias.com.br\\\/home\\\/felicidade-do-idoso-inicia-as-atividades-2024\\\/#breadcrumb\"},\"inLanguage\":\"pt-BR\",\"potentialAction\":[{\"@type\":\"ReadAction\",\"target\":[\"https:\\\/\\\/jornalboasnoticias.com.br\\\/home\\\/felicidade-do-idoso-inicia-as-atividades-2024\\\/\"]}]},{\"@type\":\"ImageObject\",\"inLanguage\":\"pt-BR\",\"@id\":\"https:\\\/\\\/jornalboasnoticias.com.br\\\/home\\\/felicidade-do-idoso-inicia-as-atividades-2024\\\/#primaryimage\",\"url\":\"https:\\\/\\\/jornalboasnoticias.com.br\\\/home\\\/wp-content\\\/uploads\\\/2024\\\/01\\\/IMG_0554-e1704748503509.jpeg\",\"contentUrl\":\"https:\\\/\\\/jornalboasnoticias.com.br\\\/home\\\/wp-content\\\/uploads\\\/2024\\\/01\\\/IMG_0554-e1704748503509.jpeg\",\"width\":800,\"height\":533,\"caption\":\"Foto: Vanderlei Faria\\\/Secom\"},{\"@type\":\"BreadcrumbList\",\"@id\":\"https:\\\/\\\/jornalboasnoticias.com.br\\\/home\\\/felicidade-do-idoso-inicia-as-atividades-2024\\\/#breadcrumb\",\"itemListElement\":[{\"@type\":\"ListItem\",\"position\":1,\"name\":\"In\u00edcio\",\"item\":\"https:\\\/\\\/jornalboasnoticias.com.br\\\/home\\\/\"},{\"@type\":\"ListItem\",\"position\":2,\"name\":\"FeliCidade do Idoso inicia as atividades 2024\"}]},{\"@type\":\"WebSite\",\"@id\":\"https:\\\/\\\/jornalboasnoticias.com.br\\\/home\\\/#website\",\"url\":\"https:\\\/\\\/jornalboasnoticias.com.br\\\/home\\\/\",\"name\":\"Jornal Boas Not\u00edcias\",\"description\":\"Boas not\u00edcias\",\"publisher\":{\"@id\":\"https:\\\/\\\/jornalboasnoticias.com.br\\\/home\\\/#organization\"},\"potentialAction\":[{\"@type\":\"SearchAction\",\"target\":{\"@type\":\"EntryPoint\",\"urlTemplate\":\"https:\\\/\\\/jornalboasnoticias.com.br\\\/home\\\/?s={search_term_string}\"},\"query-input\":{\"@type\":\"PropertyValueSpecification\",\"valueRequired\":true,\"valueName\":\"search_term_string\"}}],\"inLanguage\":\"pt-BR\"},{\"@type\":\"Organization\",\"@id\":\"https:\\\/\\\/jornalboasnoticias.com.br\\\/home\\\/#organization\",\"name\":\"Coq Editora Ltda\",\"alternateName\":\"Jornal Boas Noticias\",\"url\":\"https:\\\/\\\/jornalboasnoticias.com.br\\\/home\\\/\",\"logo\":{\"@type\":\"ImageObject\",\"inLanguage\":\"pt-BR\",\"@id\":\"https:\\\/\\\/jornalboasnoticias.com.br\\\/home\\\/#\\\/schema\\\/logo\\\/image\\\/\",\"url\":\"https:\\\/\\\/jornalboasnoticias.com.br\\\/home\\\/wp-content\\\/uploads\\\/2024\\\/07\\\/cropped-logo.jpg\",\"contentUrl\":\"https:\\\/\\\/jornalboasnoticias.com.br\\\/home\\\/wp-content\\\/uploads\\\/2024\\\/07\\\/cropped-logo.jpg\",\"width\":290,\"height\":142,\"caption\":\"Coq Editora Ltda\"},\"image\":{\"@id\":\"https:\\\/\\\/jornalboasnoticias.com.br\\\/home\\\/#\\\/schema\\\/logo\\\/image\\\/\"},\"sameAs\":[\"https:\\\/\\\/www.facebook.com\\\/boasnoticiasjornal\"]},{\"@type\":\"Person\",\"@id\":\"https:\\\/\\\/jornalboasnoticias.com.br\\\/home\\\/#\\\/schema\\\/person\\\/71a4be4d1685617d6d00f15f0f2952ee\",\"name\":\"Maria Bonatto\",\"image\":{\"@type\":\"ImageObject\",\"inLanguage\":\"pt-BR\",\"@id\":\"https:\\\/\\\/secure.gravatar.com\\\/avatar\\\/61bdbd92f7d53dd2fedfe556279602d97507ae906fdeb9624602488dcdcd042f?s=96&d=mm&r=g\",\"url\":\"https:\\\/\\\/secure.gravatar.com\\\/avatar\\\/61bdbd92f7d53dd2fedfe556279602d97507ae906fdeb9624602488dcdcd042f?s=96&d=mm&r=g\",\"contentUrl\":\"https:\\\/\\\/secure.gravatar.com\\\/avatar\\\/61bdbd92f7d53dd2fedfe556279602d97507ae906fdeb9624602488dcdcd042f?s=96&d=mm&r=g\",\"caption\":\"Maria Bonatto\"},\"url\":\"https:\\\/\\\/jornalboasnoticias.com.br\\\/home\\\/author\\\/ana-bonatto\\\/\"}]}<\/script>\n<!-- \/ Yoast SEO plugin. -->","yoast_head_json":{"title":"FeliCidade do Idoso inicia as atividades 2024 - Jornal","description":"FeliCidade do Idoso inicia as atividades 2024","robots":{"index":"index","follow":"follow","max-snippet":"max-snippet:-1","max-image-preview":"max-image-preview:large","max-video-preview":"max-video-preview:-1"},"canonical":"https:\/\/jornalboasnoticias.com.br\/home\/felicidade-do-idoso-inicia-as-atividades-2024\/","og_locale":"pt_BR","og_type":"article","og_title":"FeliCidade do Idoso inicia as atividades 2024 - Jornal","og_description":"FeliCidade do Idoso inicia as atividades 2024","og_url":"https:\/\/jornalboasnoticias.com.br\/home\/felicidade-do-idoso-inicia-as-atividades-2024\/","og_site_name":"Jornal","article_publisher":"https:\/\/www.facebook.com\/boasnoticiasjornal","article_published_time":"2024-01-08T21:16:00+00:00","og_image":[{"width":800,"height":533,"url":"https:\/\/jornalboasnoticias.com.br\/home\/wp-content\/uploads\/2024\/01\/IMG_0554-e1704748503509.jpeg","type":"image\/jpeg"}],"author":"Maria Bonatto","twitter_card":"summary_large_image","twitter_misc":{"Escrito por":"Maria Bonatto","Est. tempo de leitura":"3 minutos"},"schema":{"@context":"https:\/\/schema.org","@graph":[{"@type":"Article","@id":"https:\/\/jornalboasnoticias.com.br\/home\/felicidade-do-idoso-inicia-as-atividades-2024\/#article","isPartOf":{"@id":"https:\/\/jornalboasnoticias.com.br\/home\/felicidade-do-idoso-inicia-as-atividades-2024\/"},"author":{"name":"Maria Bonatto","@id":"https:\/\/jornalboasnoticias.com.br\/home\/#\/schema\/person\/71a4be4d1685617d6d00f15f0f2952ee"},"headline":"FeliCidade do Idoso inicia as atividades 2024","datePublished":"2024-01-08T21:16:00+00:00","mainEntityOfPage":{"@id":"https:\/\/jornalboasnoticias.com.br\/home\/felicidade-do-idoso-inicia-as-atividades-2024\/"},"wordCount":661,"commentCount":0,"publisher":{"@id":"https:\/\/jornalboasnoticias.com.br\/home\/#organization"},"image":{"@id":"https:\/\/jornalboasnoticias.com.br\/home\/felicidade-do-idoso-inicia-as-atividades-2024\/#primaryimage"},"thumbnailUrl":"https:\/\/jornalboasnoticias.com.br\/home\/wp-content\/uploads\/2024\/01\/IMG_0554-e1704748503509.jpeg","articleSection":["CASCAVEL"],"inLanguage":"pt-BR","potentialAction":[{"@type":"CommentAction","name":"Comment","target":["https:\/\/jornalboasnoticias.com.br\/home\/felicidade-do-idoso-inicia-as-atividades-2024\/#respond"]}]},{"@type":"WebPage","@id":"https:\/\/jornalboasnoticias.com.br\/home\/felicidade-do-idoso-inicia-as-atividades-2024\/","url":"https:\/\/jornalboasnoticias.com.br\/home\/felicidade-do-idoso-inicia-as-atividades-2024\/","name":"FeliCidade do Idoso inicia as atividades 2024 - Jornal","isPartOf":{"@id":"https:\/\/jornalboasnoticias.com.br\/home\/#website"},"primaryImageOfPage":{"@id":"https:\/\/jornalboasnoticias.com.br\/home\/felicidade-do-idoso-inicia-as-atividades-2024\/#primaryimage"},"image":{"@id":"https:\/\/jornalboasnoticias.com.br\/home\/felicidade-do-idoso-inicia-as-atividades-2024\/#primaryimage"},"thumbnailUrl":"https:\/\/jornalboasnoticias.com.br\/home\/wp-content\/uploads\/2024\/01\/IMG_0554-e1704748503509.jpeg","datePublished":"2024-01-08T21:16:00+00:00","description":"FeliCidade do Idoso inicia as atividades 2024","breadcrumb":{"@id":"https:\/\/jornalboasnoticias.com.br\/home\/felicidade-do-idoso-inicia-as-atividades-2024\/#breadcrumb"},"inLanguage":"pt-BR","potentialAction":[{"@type":"ReadAction","target":["https:\/\/jornalboasnoticias.com.br\/home\/felicidade-do-idoso-inicia-as-atividades-2024\/"]}]},{"@type":"ImageObject","inLanguage":"pt-BR","@id":"https:\/\/jornalboasnoticias.com.br\/home\/felicidade-do-idoso-inicia-as-atividades-2024\/#primaryimage","url":"https:\/\/jornalboasnoticias.com.br\/home\/wp-content\/uploads\/2024\/01\/IMG_0554-e1704748503509.jpeg","contentUrl":"https:\/\/jornalboasnoticias.com.br\/home\/wp-content\/uploads\/2024\/01\/IMG_0554-e1704748503509.jpeg","width":800,"height":533,"caption":"Foto: Vanderlei Faria\/Secom"},{"@type":"BreadcrumbList","@id":"https:\/\/jornalboasnoticias.com.br\/home\/felicidade-do-idoso-inicia-as-atividades-2024\/#breadcrumb","itemListElement":[{"@type":"ListItem","position":1,"name":"In\u00edcio","item":"https:\/\/jornalboasnoticias.com.br\/home\/"},{"@type":"ListItem","position":2,"name":"FeliCidade do Idoso inicia as atividades 2024"}]},{"@type":"WebSite","@id":"https:\/\/jornalboasnoticias.com.br\/home\/#website","url":"https:\/\/jornalboasnoticias.com.br\/home\/","name":"Jornal Boas Not\u00edcias","description":"Boas not\u00edcias","publisher":{"@id":"https:\/\/jornalboasnoticias.com.br\/home\/#organization"},"potentialAction":[{"@type":"SearchAction","target":{"@type":"EntryPoint","urlTemplate":"https:\/\/jornalboasnoticias.com.br\/home\/?s={search_term_string}"},"query-input":{"@type":"PropertyValueSpecification","valueRequired":true,"valueName":"search_term_string"}}],"inLanguage":"pt-BR"},{"@type":"Organization","@id":"https:\/\/jornalboasnoticias.com.br\/home\/#organization","name":"Coq Editora Ltda","alternateName":"Jornal Boas Noticias","url":"https:\/\/jornalboasnoticias.com.br\/home\/","logo":{"@type":"ImageObject","inLanguage":"pt-BR","@id":"https:\/\/jornalboasnoticias.com.br\/home\/#\/schema\/logo\/image\/","url":"https:\/\/jornalboasnoticias.com.br\/home\/wp-content\/uploads\/2024\/07\/cropped-logo.jpg","contentUrl":"https:\/\/jornalboasnoticias.com.br\/home\/wp-content\/uploads\/2024\/07\/cropped-logo.jpg","width":290,"height":142,"caption":"Coq Editora Ltda"},"image":{"@id":"https:\/\/jornalboasnoticias.com.br\/home\/#\/schema\/logo\/image\/"},"sameAs":["https:\/\/www.facebook.com\/boasnoticiasjornal"]},{"@type":"Person","@id":"https:\/\/jornalboasnoticias.com.br\/home\/#\/schema\/person\/71a4be4d1685617d6d00f15f0f2952ee","name":"Maria Bonatto","image":{"@type":"ImageObject","inLanguage":"pt-BR","@id":"https:\/\/secure.gravatar.com\/avatar\/61bdbd92f7d53dd2fedfe556279602d97507ae906fdeb9624602488dcdcd042f?s=96&d=mm&r=g","url":"https:\/\/secure.gravatar.com\/avatar\/61bdbd92f7d53dd2fedfe556279602d97507ae906fdeb9624602488dcdcd042f?s=96&d=mm&r=g","contentUrl":"https:\/\/secure.gravatar.com\/avatar\/61bdbd92f7d53dd2fedfe556279602d97507ae906fdeb9624602488dcdcd042f?s=96&d=mm&r=g","caption":"Maria Bonatto"},"url":"https:\/\/jornalboasnoticias.com.br\/home\/author\/ana-bonatto\/"}]}},"_links":{"self":[{"href":"https:\/\/jornalboasnoticias.com.br\/home\/wp-json\/wp\/v2\/posts\/42458","targetHints":{"allow":["GET"]}}],"collection":[{"href":"https:\/\/jornalboasnoticias.com.br\/home\/wp-json\/wp\/v2\/posts"}],"about":[{"href":"https:\/\/jornalboasnoticias.com.br\/home\/wp-json\/wp\/v2\/types\/post"}],"author":[{"embeddable":true,"href":"https:\/\/jornalboasnoticias.com.br\/home\/wp-json\/wp\/v2\/users\/2"}],"replies":[{"embeddable":true,"href":"https:\/\/jornalboasnoticias.com.br\/home\/wp-json\/wp\/v2\/comments?post=42458"}],"version-history":[{"count":0,"href":"https:\/\/jornalboasnoticias.com.br\/home\/wp-json\/wp\/v2\/posts\/42458\/revisions"}],"wp:featuredmedia":[{"embeddable":true,"href":"https:\/\/jornalboasnoticias.com.br\/home\/wp-json\/wp\/v2\/media\/42459"}],"wp:attachment":[{"href":"https:\/\/jornalboasnoticias.com.br\/home\/wp-json\/wp\/v2\/media?parent=42458"}],"wp:term":[{"taxonomy":"category","embeddable":true,"href":"https:\/\/jornalboasnoticias.com.br\/home\/wp-json\/wp\/v2\/categories?post=42458"},{"taxonomy":"post_tag","embeddable":true,"href":"https:\/\/jornalboasnoticias.com.br\/home\/wp-json\/wp\/v2\/tags?post=42458"}],"curies":[{"name":"wp","href":"https:\/\/api.w.org\/{rel}","templated":true}]}}