{"id":42455,"date":"2024-01-08T18:09:47","date_gmt":"2024-01-08T21:09:47","guid":{"rendered":"https:\/\/www.jornalboasnoticias.com.br\/?p=42455"},"modified":"2024-01-08T18:09:47","modified_gmt":"2024-01-08T21:09:47","slug":"recreacao-mais-de-17-mil-criancas-participam-de-colonia-de-ferias-em-cascavel","status":"publish","type":"post","link":"https:\/\/jornalboasnoticias.com.br\/home\/recreacao-mais-de-17-mil-criancas-participam-de-colonia-de-ferias-em-cascavel\/","title":{"rendered":"RECREA\u00c7\u00c3O: Mais de 1,7 mil crian\u00e7as participam de Col\u00f4nia de F\u00e9rias em Cascavel"},"content":{"rendered":"<blockquote>\n<p style=\"text-align: center;\">Atendidos em Centros de Conviv\u00eancia da Assist\u00eancia Social t\u00eam programa\u00e7\u00e3o animada com atividades l\u00fadicas e culturais, gincanas e esportes<\/p>\n<\/blockquote>\n<article class=\"conteudo-noticia\">\n<figure id=\"attachment_42456\" aria-describedby=\"caption-attachment-42456\" style=\"width: 487px\" class=\"wp-caption aligncenter\"><img loading=\"lazy\" decoding=\"async\" class=\"size-medium wp-image-42456\" src=\"https:\/\/jornalboasnoticias.com.br\/home\/wp-content\/uploads\/2024\/01\/IMG_0553-487x365.jpeg\" alt=\"\" width=\"487\" height=\"365\" \/><figcaption id=\"caption-attachment-42456\" class=\"wp-caption-text\">Divulga\u00e7\u00e3o<\/figcaption><\/figure>\n<p>Os centros de conviv\u00eancia da Secretaria de Assist\u00eancia Social de Cascavel n\u00e3o param durante o per\u00edodo de f\u00e9rias escolares. Ao contr\u00e1rio, a programa\u00e7\u00e3o \u00e9 ainda mais intensa, por conta da Col\u00f4nia de F\u00e9rias. S\u00e3o mais de 1,7 mil crian\u00e7as e adolescentes que est\u00e3o participando das atividades de recrea\u00e7\u00e3o ativas desde a primeira semana de janeiro e se estendem ao longo deste m\u00eas, nos CCIs do XIV de Novembro, Morumbi e Cascavel Velho, nos Cras Riviera e Cancelli, nos Eureca I e II, Centro da Juventude e Pra\u00e7a CEU.<\/p>\n<p>S\u00e3o ofertadas atividades socioeducativas l\u00fadicas, jogos, brincadeiras, gincanas, esportes, entre outros passatempos.<\/p>\n<p>Todas as atividades organizadas s\u00e3o direcionadas \u00e0s faixas et\u00e1rias, com supervis\u00e3o de educadores, orientadores sociais, oficineiros e equipes t\u00e9cnicas. A col\u00f4nia ter\u00e1 a\u00e7\u00f5es para crian\u00e7as, adolescentes e at\u00e9 mesmo idosos que s\u00e3o atendidos na rede da assist\u00eancia.<\/p>\n<p>Vale destacar que os atendimentos nos centros de conviv\u00eancia s\u00e3o totalmente gratuitos e voltados para as pessoas em situa\u00e7\u00e3o de vulnerabilidade social do munic\u00edpio.<\/p>\n<h2>PROGRAMA\u00c7\u00c3O COL\u00d4NIA DE F\u00c9RIAS<\/h2>\n<p>Eureca II: Rua Apalais, 930 &#8211; Santa Cruz<br \/>\n&#8211; As atividades ser\u00e3o realizadas apenas no per\u00edodo vespertino, das 13h30 \u00e0s 16h30, mantendo-se a oferta de refei\u00e7\u00e3o na entrada e na antes da sa\u00edda.<br \/>\nModalidade I &#8211; 0 a 5 anos: frequ\u00eancia de uma vez por semana, \u00e0s quartas feiras. As atividades s\u00e3o destinadas \u00e0s crian\u00e7as junto com um cuidador (familiar maior de idade).<\/p>\n<p>&#8211; Modalidade II &#8211; 6 a 15 anos: frequ\u00eancia de duas vezes pro semana, sendo que um grupo vir\u00e1 \u00e0s segundas e quintas-feiras e, o outro, nas ter\u00e7as e sextas-feiras. Os grupos ser\u00e3o divididos de forma a equiparar quantidade de crian\u00e7as\/adolescentes e propiciar que os grupos de irm\u00e3os compare\u00e7am no mesmo dia, para facilitar a participa\u00e7\u00e3o.<\/p>\n<p>Eureca I: Rua Felicidade, 631 &#8211; Interlagos<br \/>\n&#8211; As atividades ser\u00e3o realizadas apenas no per\u00edodo vespertino, das 13h \u00e0s 16h.<br \/>\n&#8211; Modalidade II &#8211; 06 a 08 anos: Segunda-feira e quarta-feira.<br \/>\n&#8211; Modalidade II &#8211; 09 a 11 anos: Ter\u00e7a-feira e sexta-feira<br \/>\n&#8211; Modalidade I &#8211; Primeira Inf\u00e2ncia: Quinta-feira (11\/01) e Ter\u00e7a-feira (23\/01)<\/p>\n<p>CRAS Cancelli: Rua Ernesto Farina, 555 &#8211; Claudete<br \/>\n10\/01 (quarta): Manh\u00e3 e tarde; &#8211; 11\/01 (quinta): Tarde &#8211; Projeto Digna Idade; &#8211; 19\/01 (sexta): Manh\u00e3; &#8211; 24\/01 (quarta): Manh\u00e3 e tarde; &#8211; 02\/02 (sexta): Manh\u00e3.<\/p>\n<p>CCI Morumbi: Rua Florencio Galafassi, 20, Loteamento Campo Belo<br \/>\n12\/01: Gincanas; &#8211; 15\/01 a 19\/01: Jogos; 22\/01 a 26\/01: Artes.<\/p>\n<p>CCI XIV de Novembro: Rua Francisco Guaran\u00e1 de Menezes &#8211; 1122<br \/>\nTodos os dias \u00e0 tarde<\/p>\n<p>CCI Cascavel Velho: Avenida Comil, 1085<br \/>\nTodos os dias \u00e0 tarde<\/p>\n<p>Pra\u00e7a CEU: Rua Cai\u00e7aras, 401 &#8211; Santa Cruz<br \/>\n02\/01\/24 a 05\/01\/24 &#8211; Tarde<br \/>\n08\/01\/24 a 12\/01\/24 &#8211; Tarde<\/p>\n<p>CRAS Riviera: Rua Panam\u00e1, 406 &#8211; Floresta<br \/>\n09-10\/01 &#8211; 08h30 \u00e0s 11h<br \/>\n16-17\/01 &#8211; 08h30 \u00e0s 11h<br \/>\n23-24\/01 &#8211; 08h30 \u00e0s 11h<br \/>\n30-31\/01 &#8211; 08h30 \u00e0s 11h<\/p>\n<p>Centro da Juventude: Rua Felicidade, 601 &#8211; Interlagos<br \/>\nAt\u00e9 dia 22\/01 &#8211; 13h00 \u00e0s 16h30<\/p>\n<\/article>\n<div class=\"bloco-conteudo-plugin\">(Secom)<\/div>\n","protected":false},"excerpt":{"rendered":"<p>Atendidos em Centros de Conviv\u00eancia da Assist\u00eancia Social t\u00eam programa\u00e7\u00e3o animada com atividades l\u00fadicas e<\/p>\n","protected":false},"author":2,"featured_media":42456,"comment_status":"open","ping_status":"open","sticky":false,"template":"","format":"standard","meta":{"footnotes":""},"categories":[2],"tags":[],"class_list":["post-42455","post","type-post","status-publish","format-standard","has-post-thumbnail","hentry","category-cascavel"],"yoast_head":"<!-- This site is optimized with the Yoast SEO plugin v27.5 - https:\/\/yoast.com\/product\/yoast-seo-wordpress\/ -->\n<title>RECREA\u00c7\u00c3O: Mais de 1,7 mil crian\u00e7as participam de Col\u00f4nia de F\u00e9rias em Cascavel - Jornal<\/title>\n<meta name=\"description\" content=\"RECREA\u00c7\u00c3O: Mais de 1,7 mil crian\u00e7as participam de Col\u00f4nia de F\u00e9rias em Cascavel\" \/>\n<meta name=\"robots\" content=\"index, follow, max-snippet:-1, max-image-preview:large, max-video-preview:-1\" \/>\n<link rel=\"canonical\" href=\"https:\/\/jornalboasnoticias.com.br\/home\/recreacao-mais-de-17-mil-criancas-participam-de-colonia-de-ferias-em-cascavel\/\" \/>\n<meta property=\"og:locale\" content=\"pt_BR\" \/>\n<meta property=\"og:type\" content=\"article\" \/>\n<meta property=\"og:title\" content=\"RECREA\u00c7\u00c3O: Mais de 1,7 mil crian\u00e7as participam de Col\u00f4nia de F\u00e9rias em Cascavel - Jornal\" \/>\n<meta property=\"og:description\" content=\"RECREA\u00c7\u00c3O: Mais de 1,7 mil crian\u00e7as participam de Col\u00f4nia de F\u00e9rias em Cascavel\" \/>\n<meta property=\"og:url\" content=\"https:\/\/jornalboasnoticias.com.br\/home\/recreacao-mais-de-17-mil-criancas-participam-de-colonia-de-ferias-em-cascavel\/\" \/>\n<meta property=\"og:site_name\" content=\"Jornal\" \/>\n<meta property=\"article:publisher\" content=\"https:\/\/www.facebook.com\/boasnoticiasjornal\" \/>\n<meta property=\"article:published_time\" content=\"2024-01-08T21:09:47+00:00\" \/>\n<meta property=\"og:image\" content=\"https:\/\/jornalboasnoticias.com.br\/home\/wp-content\/uploads\/2024\/01\/IMG_0553.jpeg\" \/>\n\t<meta property=\"og:image:width\" content=\"900\" \/>\n\t<meta property=\"og:image:height\" content=\"675\" \/>\n\t<meta property=\"og:image:type\" content=\"image\/jpeg\" \/>\n<meta name=\"author\" content=\"Maria Bonatto\" \/>\n<meta name=\"twitter:card\" content=\"summary_large_image\" \/>\n<meta name=\"twitter:label1\" content=\"Escrito por\" \/>\n\t<meta name=\"twitter:data1\" content=\"Maria Bonatto\" \/>\n\t<meta name=\"twitter:label2\" content=\"Est. tempo de leitura\" \/>\n\t<meta name=\"twitter:data2\" content=\"3 minutos\" \/>\n<script type=\"application\/ld+json\" class=\"yoast-schema-graph\">{\"@context\":\"https:\\\/\\\/schema.org\",\"@graph\":[{\"@type\":\"Article\",\"@id\":\"https:\\\/\\\/jornalboasnoticias.com.br\\\/home\\\/recreacao-mais-de-17-mil-criancas-participam-de-colonia-de-ferias-em-cascavel\\\/#article\",\"isPartOf\":{\"@id\":\"https:\\\/\\\/jornalboasnoticias.com.br\\\/home\\\/recreacao-mais-de-17-mil-criancas-participam-de-colonia-de-ferias-em-cascavel\\\/\"},\"author\":{\"name\":\"Maria Bonatto\",\"@id\":\"https:\\\/\\\/jornalboasnoticias.com.br\\\/home\\\/#\\\/schema\\\/person\\\/71a4be4d1685617d6d00f15f0f2952ee\"},\"headline\":\"RECREA\u00c7\u00c3O: Mais de 1,7 mil crian\u00e7as participam de Col\u00f4nia de F\u00e9rias em Cascavel\",\"datePublished\":\"2024-01-08T21:09:47+00:00\",\"mainEntityOfPage\":{\"@id\":\"https:\\\/\\\/jornalboasnoticias.com.br\\\/home\\\/recreacao-mais-de-17-mil-criancas-participam-de-colonia-de-ferias-em-cascavel\\\/\"},\"wordCount\":546,\"commentCount\":0,\"publisher\":{\"@id\":\"https:\\\/\\\/jornalboasnoticias.com.br\\\/home\\\/#organization\"},\"image\":{\"@id\":\"https:\\\/\\\/jornalboasnoticias.com.br\\\/home\\\/recreacao-mais-de-17-mil-criancas-participam-de-colonia-de-ferias-em-cascavel\\\/#primaryimage\"},\"thumbnailUrl\":\"https:\\\/\\\/jornalboasnoticias.com.br\\\/home\\\/wp-content\\\/uploads\\\/2024\\\/01\\\/IMG_0553.jpeg\",\"articleSection\":[\"CASCAVEL\"],\"inLanguage\":\"pt-BR\",\"potentialAction\":[{\"@type\":\"CommentAction\",\"name\":\"Comment\",\"target\":[\"https:\\\/\\\/jornalboasnoticias.com.br\\\/home\\\/recreacao-mais-de-17-mil-criancas-participam-de-colonia-de-ferias-em-cascavel\\\/#respond\"]}]},{\"@type\":\"WebPage\",\"@id\":\"https:\\\/\\\/jornalboasnoticias.com.br\\\/home\\\/recreacao-mais-de-17-mil-criancas-participam-de-colonia-de-ferias-em-cascavel\\\/\",\"url\":\"https:\\\/\\\/jornalboasnoticias.com.br\\\/home\\\/recreacao-mais-de-17-mil-criancas-participam-de-colonia-de-ferias-em-cascavel\\\/\",\"name\":\"RECREA\u00c7\u00c3O: Mais de 1,7 mil crian\u00e7as participam de Col\u00f4nia de F\u00e9rias em Cascavel - Jornal\",\"isPartOf\":{\"@id\":\"https:\\\/\\\/jornalboasnoticias.com.br\\\/home\\\/#website\"},\"primaryImageOfPage\":{\"@id\":\"https:\\\/\\\/jornalboasnoticias.com.br\\\/home\\\/recreacao-mais-de-17-mil-criancas-participam-de-colonia-de-ferias-em-cascavel\\\/#primaryimage\"},\"image\":{\"@id\":\"https:\\\/\\\/jornalboasnoticias.com.br\\\/home\\\/recreacao-mais-de-17-mil-criancas-participam-de-colonia-de-ferias-em-cascavel\\\/#primaryimage\"},\"thumbnailUrl\":\"https:\\\/\\\/jornalboasnoticias.com.br\\\/home\\\/wp-content\\\/uploads\\\/2024\\\/01\\\/IMG_0553.jpeg\",\"datePublished\":\"2024-01-08T21:09:47+00:00\",\"description\":\"RECREA\u00c7\u00c3O: Mais de 1,7 mil crian\u00e7as participam de Col\u00f4nia de F\u00e9rias em Cascavel\",\"breadcrumb\":{\"@id\":\"https:\\\/\\\/jornalboasnoticias.com.br\\\/home\\\/recreacao-mais-de-17-mil-criancas-participam-de-colonia-de-ferias-em-cascavel\\\/#breadcrumb\"},\"inLanguage\":\"pt-BR\",\"potentialAction\":[{\"@type\":\"ReadAction\",\"target\":[\"https:\\\/\\\/jornalboasnoticias.com.br\\\/home\\\/recreacao-mais-de-17-mil-criancas-participam-de-colonia-de-ferias-em-cascavel\\\/\"]}]},{\"@type\":\"ImageObject\",\"inLanguage\":\"pt-BR\",\"@id\":\"https:\\\/\\\/jornalboasnoticias.com.br\\\/home\\\/recreacao-mais-de-17-mil-criancas-participam-de-colonia-de-ferias-em-cascavel\\\/#primaryimage\",\"url\":\"https:\\\/\\\/jornalboasnoticias.com.br\\\/home\\\/wp-content\\\/uploads\\\/2024\\\/01\\\/IMG_0553.jpeg\",\"contentUrl\":\"https:\\\/\\\/jornalboasnoticias.com.br\\\/home\\\/wp-content\\\/uploads\\\/2024\\\/01\\\/IMG_0553.jpeg\",\"width\":900,\"height\":675},{\"@type\":\"BreadcrumbList\",\"@id\":\"https:\\\/\\\/jornalboasnoticias.com.br\\\/home\\\/recreacao-mais-de-17-mil-criancas-participam-de-colonia-de-ferias-em-cascavel\\\/#breadcrumb\",\"itemListElement\":[{\"@type\":\"ListItem\",\"position\":1,\"name\":\"In\u00edcio\",\"item\":\"https:\\\/\\\/jornalboasnoticias.com.br\\\/home\\\/\"},{\"@type\":\"ListItem\",\"position\":2,\"name\":\"RECREA\u00c7\u00c3O: Mais de 1,7 mil crian\u00e7as participam de Col\u00f4nia de F\u00e9rias em Cascavel\"}]},{\"@type\":\"WebSite\",\"@id\":\"https:\\\/\\\/jornalboasnoticias.com.br\\\/home\\\/#website\",\"url\":\"https:\\\/\\\/jornalboasnoticias.com.br\\\/home\\\/\",\"name\":\"Jornal Boas Not\u00edcias\",\"description\":\"Boas not\u00edcias\",\"publisher\":{\"@id\":\"https:\\\/\\\/jornalboasnoticias.com.br\\\/home\\\/#organization\"},\"potentialAction\":[{\"@type\":\"SearchAction\",\"target\":{\"@type\":\"EntryPoint\",\"urlTemplate\":\"https:\\\/\\\/jornalboasnoticias.com.br\\\/home\\\/?s={search_term_string}\"},\"query-input\":{\"@type\":\"PropertyValueSpecification\",\"valueRequired\":true,\"valueName\":\"search_term_string\"}}],\"inLanguage\":\"pt-BR\"},{\"@type\":\"Organization\",\"@id\":\"https:\\\/\\\/jornalboasnoticias.com.br\\\/home\\\/#organization\",\"name\":\"Coq Editora Ltda\",\"alternateName\":\"Jornal Boas Noticias\",\"url\":\"https:\\\/\\\/jornalboasnoticias.com.br\\\/home\\\/\",\"logo\":{\"@type\":\"ImageObject\",\"inLanguage\":\"pt-BR\",\"@id\":\"https:\\\/\\\/jornalboasnoticias.com.br\\\/home\\\/#\\\/schema\\\/logo\\\/image\\\/\",\"url\":\"https:\\\/\\\/jornalboasnoticias.com.br\\\/home\\\/wp-content\\\/uploads\\\/2024\\\/07\\\/cropped-logo.jpg\",\"contentUrl\":\"https:\\\/\\\/jornalboasnoticias.com.br\\\/home\\\/wp-content\\\/uploads\\\/2024\\\/07\\\/cropped-logo.jpg\",\"width\":290,\"height\":142,\"caption\":\"Coq Editora Ltda\"},\"image\":{\"@id\":\"https:\\\/\\\/jornalboasnoticias.com.br\\\/home\\\/#\\\/schema\\\/logo\\\/image\\\/\"},\"sameAs\":[\"https:\\\/\\\/www.facebook.com\\\/boasnoticiasjornal\"]},{\"@type\":\"Person\",\"@id\":\"https:\\\/\\\/jornalboasnoticias.com.br\\\/home\\\/#\\\/schema\\\/person\\\/71a4be4d1685617d6d00f15f0f2952ee\",\"name\":\"Maria Bonatto\",\"image\":{\"@type\":\"ImageObject\",\"inLanguage\":\"pt-BR\",\"@id\":\"https:\\\/\\\/secure.gravatar.com\\\/avatar\\\/61bdbd92f7d53dd2fedfe556279602d97507ae906fdeb9624602488dcdcd042f?s=96&d=mm&r=g\",\"url\":\"https:\\\/\\\/secure.gravatar.com\\\/avatar\\\/61bdbd92f7d53dd2fedfe556279602d97507ae906fdeb9624602488dcdcd042f?s=96&d=mm&r=g\",\"contentUrl\":\"https:\\\/\\\/secure.gravatar.com\\\/avatar\\\/61bdbd92f7d53dd2fedfe556279602d97507ae906fdeb9624602488dcdcd042f?s=96&d=mm&r=g\",\"caption\":\"Maria Bonatto\"},\"url\":\"https:\\\/\\\/jornalboasnoticias.com.br\\\/home\\\/author\\\/ana-bonatto\\\/\"}]}<\/script>\n<!-- \/ Yoast SEO plugin. -->","yoast_head_json":{"title":"RECREA\u00c7\u00c3O: Mais de 1,7 mil crian\u00e7as participam de Col\u00f4nia de F\u00e9rias em Cascavel - Jornal","description":"RECREA\u00c7\u00c3O: Mais de 1,7 mil crian\u00e7as participam de Col\u00f4nia de F\u00e9rias em Cascavel","robots":{"index":"index","follow":"follow","max-snippet":"max-snippet:-1","max-image-preview":"max-image-preview:large","max-video-preview":"max-video-preview:-1"},"canonical":"https:\/\/jornalboasnoticias.com.br\/home\/recreacao-mais-de-17-mil-criancas-participam-de-colonia-de-ferias-em-cascavel\/","og_locale":"pt_BR","og_type":"article","og_title":"RECREA\u00c7\u00c3O: Mais de 1,7 mil crian\u00e7as participam de Col\u00f4nia de F\u00e9rias em Cascavel - Jornal","og_description":"RECREA\u00c7\u00c3O: Mais de 1,7 mil crian\u00e7as participam de Col\u00f4nia de F\u00e9rias em Cascavel","og_url":"https:\/\/jornalboasnoticias.com.br\/home\/recreacao-mais-de-17-mil-criancas-participam-de-colonia-de-ferias-em-cascavel\/","og_site_name":"Jornal","article_publisher":"https:\/\/www.facebook.com\/boasnoticiasjornal","article_published_time":"2024-01-08T21:09:47+00:00","og_image":[{"width":900,"height":675,"url":"https:\/\/jornalboasnoticias.com.br\/home\/wp-content\/uploads\/2024\/01\/IMG_0553.jpeg","type":"image\/jpeg"}],"author":"Maria Bonatto","twitter_card":"summary_large_image","twitter_misc":{"Escrito por":"Maria Bonatto","Est. tempo de leitura":"3 minutos"},"schema":{"@context":"https:\/\/schema.org","@graph":[{"@type":"Article","@id":"https:\/\/jornalboasnoticias.com.br\/home\/recreacao-mais-de-17-mil-criancas-participam-de-colonia-de-ferias-em-cascavel\/#article","isPartOf":{"@id":"https:\/\/jornalboasnoticias.com.br\/home\/recreacao-mais-de-17-mil-criancas-participam-de-colonia-de-ferias-em-cascavel\/"},"author":{"name":"Maria Bonatto","@id":"https:\/\/jornalboasnoticias.com.br\/home\/#\/schema\/person\/71a4be4d1685617d6d00f15f0f2952ee"},"headline":"RECREA\u00c7\u00c3O: Mais de 1,7 mil crian\u00e7as participam de Col\u00f4nia de F\u00e9rias em Cascavel","datePublished":"2024-01-08T21:09:47+00:00","mainEntityOfPage":{"@id":"https:\/\/jornalboasnoticias.com.br\/home\/recreacao-mais-de-17-mil-criancas-participam-de-colonia-de-ferias-em-cascavel\/"},"wordCount":546,"commentCount":0,"publisher":{"@id":"https:\/\/jornalboasnoticias.com.br\/home\/#organization"},"image":{"@id":"https:\/\/jornalboasnoticias.com.br\/home\/recreacao-mais-de-17-mil-criancas-participam-de-colonia-de-ferias-em-cascavel\/#primaryimage"},"thumbnailUrl":"https:\/\/jornalboasnoticias.com.br\/home\/wp-content\/uploads\/2024\/01\/IMG_0553.jpeg","articleSection":["CASCAVEL"],"inLanguage":"pt-BR","potentialAction":[{"@type":"CommentAction","name":"Comment","target":["https:\/\/jornalboasnoticias.com.br\/home\/recreacao-mais-de-17-mil-criancas-participam-de-colonia-de-ferias-em-cascavel\/#respond"]}]},{"@type":"WebPage","@id":"https:\/\/jornalboasnoticias.com.br\/home\/recreacao-mais-de-17-mil-criancas-participam-de-colonia-de-ferias-em-cascavel\/","url":"https:\/\/jornalboasnoticias.com.br\/home\/recreacao-mais-de-17-mil-criancas-participam-de-colonia-de-ferias-em-cascavel\/","name":"RECREA\u00c7\u00c3O: Mais de 1,7 mil crian\u00e7as participam de Col\u00f4nia de F\u00e9rias em Cascavel - Jornal","isPartOf":{"@id":"https:\/\/jornalboasnoticias.com.br\/home\/#website"},"primaryImageOfPage":{"@id":"https:\/\/jornalboasnoticias.com.br\/home\/recreacao-mais-de-17-mil-criancas-participam-de-colonia-de-ferias-em-cascavel\/#primaryimage"},"image":{"@id":"https:\/\/jornalboasnoticias.com.br\/home\/recreacao-mais-de-17-mil-criancas-participam-de-colonia-de-ferias-em-cascavel\/#primaryimage"},"thumbnailUrl":"https:\/\/jornalboasnoticias.com.br\/home\/wp-content\/uploads\/2024\/01\/IMG_0553.jpeg","datePublished":"2024-01-08T21:09:47+00:00","description":"RECREA\u00c7\u00c3O: Mais de 1,7 mil crian\u00e7as participam de Col\u00f4nia de F\u00e9rias em Cascavel","breadcrumb":{"@id":"https:\/\/jornalboasnoticias.com.br\/home\/recreacao-mais-de-17-mil-criancas-participam-de-colonia-de-ferias-em-cascavel\/#breadcrumb"},"inLanguage":"pt-BR","potentialAction":[{"@type":"ReadAction","target":["https:\/\/jornalboasnoticias.com.br\/home\/recreacao-mais-de-17-mil-criancas-participam-de-colonia-de-ferias-em-cascavel\/"]}]},{"@type":"ImageObject","inLanguage":"pt-BR","@id":"https:\/\/jornalboasnoticias.com.br\/home\/recreacao-mais-de-17-mil-criancas-participam-de-colonia-de-ferias-em-cascavel\/#primaryimage","url":"https:\/\/jornalboasnoticias.com.br\/home\/wp-content\/uploads\/2024\/01\/IMG_0553.jpeg","contentUrl":"https:\/\/jornalboasnoticias.com.br\/home\/wp-content\/uploads\/2024\/01\/IMG_0553.jpeg","width":900,"height":675},{"@type":"BreadcrumbList","@id":"https:\/\/jornalboasnoticias.com.br\/home\/recreacao-mais-de-17-mil-criancas-participam-de-colonia-de-ferias-em-cascavel\/#breadcrumb","itemListElement":[{"@type":"ListItem","position":1,"name":"In\u00edcio","item":"https:\/\/jornalboasnoticias.com.br\/home\/"},{"@type":"ListItem","position":2,"name":"RECREA\u00c7\u00c3O: Mais de 1,7 mil crian\u00e7as participam de Col\u00f4nia de F\u00e9rias em Cascavel"}]},{"@type":"WebSite","@id":"https:\/\/jornalboasnoticias.com.br\/home\/#website","url":"https:\/\/jornalboasnoticias.com.br\/home\/","name":"Jornal Boas Not\u00edcias","description":"Boas not\u00edcias","publisher":{"@id":"https:\/\/jornalboasnoticias.com.br\/home\/#organization"},"potentialAction":[{"@type":"SearchAction","target":{"@type":"EntryPoint","urlTemplate":"https:\/\/jornalboasnoticias.com.br\/home\/?s={search_term_string}"},"query-input":{"@type":"PropertyValueSpecification","valueRequired":true,"valueName":"search_term_string"}}],"inLanguage":"pt-BR"},{"@type":"Organization","@id":"https:\/\/jornalboasnoticias.com.br\/home\/#organization","name":"Coq Editora Ltda","alternateName":"Jornal Boas Noticias","url":"https:\/\/jornalboasnoticias.com.br\/home\/","logo":{"@type":"ImageObject","inLanguage":"pt-BR","@id":"https:\/\/jornalboasnoticias.com.br\/home\/#\/schema\/logo\/image\/","url":"https:\/\/jornalboasnoticias.com.br\/home\/wp-content\/uploads\/2024\/07\/cropped-logo.jpg","contentUrl":"https:\/\/jornalboasnoticias.com.br\/home\/wp-content\/uploads\/2024\/07\/cropped-logo.jpg","width":290,"height":142,"caption":"Coq Editora Ltda"},"image":{"@id":"https:\/\/jornalboasnoticias.com.br\/home\/#\/schema\/logo\/image\/"},"sameAs":["https:\/\/www.facebook.com\/boasnoticiasjornal"]},{"@type":"Person","@id":"https:\/\/jornalboasnoticias.com.br\/home\/#\/schema\/person\/71a4be4d1685617d6d00f15f0f2952ee","name":"Maria Bonatto","image":{"@type":"ImageObject","inLanguage":"pt-BR","@id":"https:\/\/secure.gravatar.com\/avatar\/61bdbd92f7d53dd2fedfe556279602d97507ae906fdeb9624602488dcdcd042f?s=96&d=mm&r=g","url":"https:\/\/secure.gravatar.com\/avatar\/61bdbd92f7d53dd2fedfe556279602d97507ae906fdeb9624602488dcdcd042f?s=96&d=mm&r=g","contentUrl":"https:\/\/secure.gravatar.com\/avatar\/61bdbd92f7d53dd2fedfe556279602d97507ae906fdeb9624602488dcdcd042f?s=96&d=mm&r=g","caption":"Maria Bonatto"},"url":"https:\/\/jornalboasnoticias.com.br\/home\/author\/ana-bonatto\/"}]}},"_links":{"self":[{"href":"https:\/\/jornalboasnoticias.com.br\/home\/wp-json\/wp\/v2\/posts\/42455","targetHints":{"allow":["GET"]}}],"collection":[{"href":"https:\/\/jornalboasnoticias.com.br\/home\/wp-json\/wp\/v2\/posts"}],"about":[{"href":"https:\/\/jornalboasnoticias.com.br\/home\/wp-json\/wp\/v2\/types\/post"}],"author":[{"embeddable":true,"href":"https:\/\/jornalboasnoticias.com.br\/home\/wp-json\/wp\/v2\/users\/2"}],"replies":[{"embeddable":true,"href":"https:\/\/jornalboasnoticias.com.br\/home\/wp-json\/wp\/v2\/comments?post=42455"}],"version-history":[{"count":0,"href":"https:\/\/jornalboasnoticias.com.br\/home\/wp-json\/wp\/v2\/posts\/42455\/revisions"}],"wp:featuredmedia":[{"embeddable":true,"href":"https:\/\/jornalboasnoticias.com.br\/home\/wp-json\/wp\/v2\/media\/42456"}],"wp:attachment":[{"href":"https:\/\/jornalboasnoticias.com.br\/home\/wp-json\/wp\/v2\/media?parent=42455"}],"wp:term":[{"taxonomy":"category","embeddable":true,"href":"https:\/\/jornalboasnoticias.com.br\/home\/wp-json\/wp\/v2\/categories?post=42455"},{"taxonomy":"post_tag","embeddable":true,"href":"https:\/\/jornalboasnoticias.com.br\/home\/wp-json\/wp\/v2\/tags?post=42455"}],"curies":[{"name":"wp","href":"https:\/\/api.w.org\/{rel}","templated":true}]}}