{"id":42450,"date":"2024-01-08T17:39:06","date_gmt":"2024-01-08T20:39:06","guid":{"rendered":"https:\/\/www.jornalboasnoticias.com.br\/?p=42450"},"modified":"2024-01-08T17:39:06","modified_gmt":"2024-01-08T20:39:06","slug":"vacinacao-contra-covid-19-e-obrigatoria-em-publico-infantil-e-grupos-prioritarios-terao-dose-anual-de-reforco","status":"publish","type":"post","link":"https:\/\/jornalboasnoticias.com.br\/home\/vacinacao-contra-covid-19-e-obrigatoria-em-publico-infantil-e-grupos-prioritarios-terao-dose-anual-de-reforco\/","title":{"rendered":"Vacina\u00e7\u00e3o contra covid-19 \u00e9 obrigat\u00f3ria em p\u00fablico infantil e grupos priorit\u00e1rios ter\u00e3o dose anual de refor\u00e7o"},"content":{"rendered":"<blockquote>\n<p style=\"text-align: center;\">A vacina \u00e9 gratuita e aplicada em todas as unidades de sa\u00fade de Cascavel, sempre a partir das 8h<\/p>\n<\/blockquote>\n<figure id=\"attachment_19627\" aria-describedby=\"caption-attachment-19627\" style=\"width: 800px\" class=\"wp-caption aligncenter\"><img loading=\"lazy\" decoding=\"async\" class=\"wp-image-19627 size-large\" src=\"https:\/\/www.jornalboasnoticias.com.br\/wp-content\/uploads\/2022\/02\/vacina-infantil-840x503.jpg\" alt=\"\" width=\"800\" height=\"479\" \/><figcaption id=\"caption-attachment-19627\" class=\"wp-caption-text\">\u00a9 T\u00e2nia R\u00eago\/Ag\u00eancia Brasil<\/figcaption><\/figure>\n<p>Aten\u00e7\u00e3o, pais: o Minist\u00e9rio da Sa\u00fade determinou que a vacina de covid-19 ser\u00e1 obrigat\u00f3ria para o p\u00fablico infantil a partir deste ano de 2024, inclusive, j\u00e1 est\u00e1 no Calend\u00e1rio Nacional de Vacina\u00e7\u00e3o.<\/p>\n<p>A vacina pedi\u00e1trica \u00e9 destinada para crian\u00e7as entre 6 meses e 4 anos. O esquema vacinal ser\u00e1 composto por tr\u00eas doses (D1, D2 e D3), sendo que entre a D1 e D2 a aplica\u00e7\u00e3o deve ocorrer com intervalo de quatro semanas, j\u00e1 entre a D2 e a D3 esse espa\u00e7o deve ser de oito semanas. A rede municipal de ensino, inclusive, cobrar\u00e1 a imuniza\u00e7\u00e3o no ato das matr\u00edculas.<\/p>\n<p>Em Cascavel, todas as unidades de sa\u00fade aplicam as doses de segunda a sexta-feira, sempre a partir das 8h at\u00e9 15 minutos antes do fechamento de cada unidade. As vacinas s\u00e3o as respons\u00e1veis por evitar os casos mais graves da doen\u00e7a. Os imunizantes salvam vidas.<\/p>\n<h2>NOVIDADES<\/h2>\n<p>Em 2024 tamb\u00e9m h\u00e1 mudan\u00e7as em rela\u00e7\u00e3o \u00e0s doses de refor\u00e7o. Pessoas com 60 anos ou mais, gestantes, pu\u00e9rperas (m\u00e3es que tiveram filho h\u00e1 at\u00e9 45 dias) e imunocomprometidos ter\u00e3o direito a uma dose semestral de refor\u00e7o.<\/p>\n<p>Al\u00e9m disso, a vacina contra a covid tamb\u00e9m passa a ser anual para trabalhadores da sa\u00fade, pessoas em situa\u00e7\u00e3o de rua, moradores e funcion\u00e1rios de institui\u00e7\u00f5es de longa perman\u00eancia, pessoas com comorbidades ou defici\u00eancia permanente que tenham cinco anos ou mais; entre outros. (confira abaixo)<\/p>\n<p>A vacina\u00e7\u00e3o \u00e9 gratuita e est\u00e1 dispon\u00edvel em toda a rede de sa\u00fade p\u00fablica de Cascavel.<\/p>\n<h2>P\u00fablico priorit\u00e1rio para dose de refor\u00e7o semestral<\/h2>\n<p>Pessoas com 60 anos ou mais<\/p>\n<p>Gestantes e pu\u00e9rperas (m\u00e3es que tiveram filho h\u00e1 at\u00e9 45 dias)<\/p>\n<p>Imunocomprometidos com cinco anos ou mais<\/p>\n<p>P\u00fablico priorit\u00e1rio para dose de refor\u00e7o anual<\/p>\n<p>Trabalhadores da sa\u00fade<\/p>\n<p>Pessoas em situa\u00e7\u00e3o de rua<\/p>\n<p>Pessoas com comorbidades com cinco anos ou mais<\/p>\n<p>Pessoas com defici\u00eancia permanente com cinco anos ou mais<\/p>\n<p>Ind\u00edgenas, ribeirinhos, quilombolas com cinco anos ou mais<\/p>\n<p>Moradores e funcion\u00e1rios de institui\u00e7\u00f5es de longa perman\u00eancia<\/p>\n<p>Pessoas privadas de liberdade, jovens cumprindo medida socioeducativa e funcion\u00e1rios do sistema de priva\u00e7\u00e3o de liberdade.<\/p>\n<p>(Secom)<\/p>\n","protected":false},"excerpt":{"rendered":"<p>A vacina \u00e9 gratuita e aplicada em todas as unidades de sa\u00fade de Cascavel, sempre<\/p>\n","protected":false},"author":2,"featured_media":19627,"comment_status":"open","ping_status":"open","sticky":false,"template":"","format":"standard","meta":{"footnotes":""},"categories":[2],"tags":[],"class_list":["post-42450","post","type-post","status-publish","format-standard","has-post-thumbnail","hentry","category-cascavel"],"yoast_head":"<!-- This site is optimized with the Yoast SEO plugin v27.5 - https:\/\/yoast.com\/product\/yoast-seo-wordpress\/ -->\n<title>Vacina\u00e7\u00e3o contra covid-19 \u00e9 obrigat\u00f3ria em p\u00fablico infantil e grupos priorit\u00e1rios ter\u00e3o dose anual de refor\u00e7o - Jornal<\/title>\n<meta name=\"description\" content=\"Vacina\u00e7\u00e3o contra covid-19 \u00e9 obrigat\u00f3ria em p\u00fablico infantil e grupos priorit\u00e1rios ter\u00e3o dose anual de refor\u00e7o\" \/>\n<meta name=\"robots\" content=\"index, follow, max-snippet:-1, max-image-preview:large, max-video-preview:-1\" \/>\n<link rel=\"canonical\" href=\"https:\/\/jornalboasnoticias.com.br\/home\/vacinacao-contra-covid-19-e-obrigatoria-em-publico-infantil-e-grupos-prioritarios-terao-dose-anual-de-reforco\/\" \/>\n<meta property=\"og:locale\" content=\"pt_BR\" \/>\n<meta property=\"og:type\" content=\"article\" \/>\n<meta property=\"og:title\" content=\"Vacina\u00e7\u00e3o contra covid-19 \u00e9 obrigat\u00f3ria em p\u00fablico infantil e grupos priorit\u00e1rios ter\u00e3o dose anual de refor\u00e7o - Jornal\" \/>\n<meta property=\"og:description\" content=\"Vacina\u00e7\u00e3o contra covid-19 \u00e9 obrigat\u00f3ria em p\u00fablico infantil e grupos priorit\u00e1rios ter\u00e3o dose anual de refor\u00e7o\" \/>\n<meta property=\"og:url\" content=\"https:\/\/jornalboasnoticias.com.br\/home\/vacinacao-contra-covid-19-e-obrigatoria-em-publico-infantil-e-grupos-prioritarios-terao-dose-anual-de-reforco\/\" \/>\n<meta property=\"og:site_name\" content=\"Jornal\" \/>\n<meta property=\"article:publisher\" content=\"https:\/\/www.facebook.com\/boasnoticiasjornal\" \/>\n<meta property=\"article:published_time\" content=\"2024-01-08T20:39:06+00:00\" \/>\n<meta property=\"og:image\" content=\"https:\/\/jornalboasnoticias.com.br\/home\/wp-content\/uploads\/2022\/02\/vacina-infantil-e1643980923845.jpg\" \/>\n\t<meta property=\"og:image:width\" content=\"600\" \/>\n\t<meta property=\"og:image:height\" content=\"359\" \/>\n\t<meta property=\"og:image:type\" content=\"image\/jpeg\" \/>\n<meta name=\"author\" content=\"Maria Bonatto\" \/>\n<meta name=\"twitter:card\" content=\"summary_large_image\" \/>\n<meta name=\"twitter:label1\" content=\"Escrito por\" \/>\n\t<meta name=\"twitter:data1\" content=\"Maria Bonatto\" \/>\n\t<meta name=\"twitter:label2\" content=\"Est. tempo de leitura\" \/>\n\t<meta name=\"twitter:data2\" content=\"2 minutos\" \/>\n<script type=\"application\/ld+json\" class=\"yoast-schema-graph\">{\"@context\":\"https:\\\/\\\/schema.org\",\"@graph\":[{\"@type\":\"Article\",\"@id\":\"https:\\\/\\\/jornalboasnoticias.com.br\\\/home\\\/vacinacao-contra-covid-19-e-obrigatoria-em-publico-infantil-e-grupos-prioritarios-terao-dose-anual-de-reforco\\\/#article\",\"isPartOf\":{\"@id\":\"https:\\\/\\\/jornalboasnoticias.com.br\\\/home\\\/vacinacao-contra-covid-19-e-obrigatoria-em-publico-infantil-e-grupos-prioritarios-terao-dose-anual-de-reforco\\\/\"},\"author\":{\"name\":\"Maria Bonatto\",\"@id\":\"https:\\\/\\\/jornalboasnoticias.com.br\\\/home\\\/#\\\/schema\\\/person\\\/71a4be4d1685617d6d00f15f0f2952ee\"},\"headline\":\"Vacina\u00e7\u00e3o contra covid-19 \u00e9 obrigat\u00f3ria em p\u00fablico infantil e grupos priorit\u00e1rios ter\u00e3o dose anual de refor\u00e7o\",\"datePublished\":\"2024-01-08T20:39:06+00:00\",\"mainEntityOfPage\":{\"@id\":\"https:\\\/\\\/jornalboasnoticias.com.br\\\/home\\\/vacinacao-contra-covid-19-e-obrigatoria-em-publico-infantil-e-grupos-prioritarios-terao-dose-anual-de-reforco\\\/\"},\"wordCount\":437,\"commentCount\":0,\"publisher\":{\"@id\":\"https:\\\/\\\/jornalboasnoticias.com.br\\\/home\\\/#organization\"},\"image\":{\"@id\":\"https:\\\/\\\/jornalboasnoticias.com.br\\\/home\\\/vacinacao-contra-covid-19-e-obrigatoria-em-publico-infantil-e-grupos-prioritarios-terao-dose-anual-de-reforco\\\/#primaryimage\"},\"thumbnailUrl\":\"https:\\\/\\\/jornalboasnoticias.com.br\\\/home\\\/wp-content\\\/uploads\\\/2022\\\/02\\\/vacina-infantil-e1643980923845.jpg\",\"articleSection\":[\"CASCAVEL\"],\"inLanguage\":\"pt-BR\",\"potentialAction\":[{\"@type\":\"CommentAction\",\"name\":\"Comment\",\"target\":[\"https:\\\/\\\/jornalboasnoticias.com.br\\\/home\\\/vacinacao-contra-covid-19-e-obrigatoria-em-publico-infantil-e-grupos-prioritarios-terao-dose-anual-de-reforco\\\/#respond\"]}]},{\"@type\":\"WebPage\",\"@id\":\"https:\\\/\\\/jornalboasnoticias.com.br\\\/home\\\/vacinacao-contra-covid-19-e-obrigatoria-em-publico-infantil-e-grupos-prioritarios-terao-dose-anual-de-reforco\\\/\",\"url\":\"https:\\\/\\\/jornalboasnoticias.com.br\\\/home\\\/vacinacao-contra-covid-19-e-obrigatoria-em-publico-infantil-e-grupos-prioritarios-terao-dose-anual-de-reforco\\\/\",\"name\":\"Vacina\u00e7\u00e3o contra covid-19 \u00e9 obrigat\u00f3ria em p\u00fablico infantil e grupos priorit\u00e1rios ter\u00e3o dose anual de refor\u00e7o - Jornal\",\"isPartOf\":{\"@id\":\"https:\\\/\\\/jornalboasnoticias.com.br\\\/home\\\/#website\"},\"primaryImageOfPage\":{\"@id\":\"https:\\\/\\\/jornalboasnoticias.com.br\\\/home\\\/vacinacao-contra-covid-19-e-obrigatoria-em-publico-infantil-e-grupos-prioritarios-terao-dose-anual-de-reforco\\\/#primaryimage\"},\"image\":{\"@id\":\"https:\\\/\\\/jornalboasnoticias.com.br\\\/home\\\/vacinacao-contra-covid-19-e-obrigatoria-em-publico-infantil-e-grupos-prioritarios-terao-dose-anual-de-reforco\\\/#primaryimage\"},\"thumbnailUrl\":\"https:\\\/\\\/jornalboasnoticias.com.br\\\/home\\\/wp-content\\\/uploads\\\/2022\\\/02\\\/vacina-infantil-e1643980923845.jpg\",\"datePublished\":\"2024-01-08T20:39:06+00:00\",\"description\":\"Vacina\u00e7\u00e3o contra covid-19 \u00e9 obrigat\u00f3ria em p\u00fablico infantil e grupos priorit\u00e1rios ter\u00e3o dose anual de refor\u00e7o\",\"breadcrumb\":{\"@id\":\"https:\\\/\\\/jornalboasnoticias.com.br\\\/home\\\/vacinacao-contra-covid-19-e-obrigatoria-em-publico-infantil-e-grupos-prioritarios-terao-dose-anual-de-reforco\\\/#breadcrumb\"},\"inLanguage\":\"pt-BR\",\"potentialAction\":[{\"@type\":\"ReadAction\",\"target\":[\"https:\\\/\\\/jornalboasnoticias.com.br\\\/home\\\/vacinacao-contra-covid-19-e-obrigatoria-em-publico-infantil-e-grupos-prioritarios-terao-dose-anual-de-reforco\\\/\"]}]},{\"@type\":\"ImageObject\",\"inLanguage\":\"pt-BR\",\"@id\":\"https:\\\/\\\/jornalboasnoticias.com.br\\\/home\\\/vacinacao-contra-covid-19-e-obrigatoria-em-publico-infantil-e-grupos-prioritarios-terao-dose-anual-de-reforco\\\/#primaryimage\",\"url\":\"https:\\\/\\\/jornalboasnoticias.com.br\\\/home\\\/wp-content\\\/uploads\\\/2022\\\/02\\\/vacina-infantil-e1643980923845.jpg\",\"contentUrl\":\"https:\\\/\\\/jornalboasnoticias.com.br\\\/home\\\/wp-content\\\/uploads\\\/2022\\\/02\\\/vacina-infantil-e1643980923845.jpg\",\"width\":600,\"height\":359,\"caption\":\"\u00a9 T\u00e2nia R\u00eago\\\/Ag\u00eancia Brasil\"},{\"@type\":\"BreadcrumbList\",\"@id\":\"https:\\\/\\\/jornalboasnoticias.com.br\\\/home\\\/vacinacao-contra-covid-19-e-obrigatoria-em-publico-infantil-e-grupos-prioritarios-terao-dose-anual-de-reforco\\\/#breadcrumb\",\"itemListElement\":[{\"@type\":\"ListItem\",\"position\":1,\"name\":\"In\u00edcio\",\"item\":\"https:\\\/\\\/jornalboasnoticias.com.br\\\/home\\\/\"},{\"@type\":\"ListItem\",\"position\":2,\"name\":\"Vacina\u00e7\u00e3o contra covid-19 \u00e9 obrigat\u00f3ria em p\u00fablico infantil e grupos priorit\u00e1rios ter\u00e3o dose anual de refor\u00e7o\"}]},{\"@type\":\"WebSite\",\"@id\":\"https:\\\/\\\/jornalboasnoticias.com.br\\\/home\\\/#website\",\"url\":\"https:\\\/\\\/jornalboasnoticias.com.br\\\/home\\\/\",\"name\":\"Jornal Boas Not\u00edcias\",\"description\":\"Boas not\u00edcias\",\"publisher\":{\"@id\":\"https:\\\/\\\/jornalboasnoticias.com.br\\\/home\\\/#organization\"},\"potentialAction\":[{\"@type\":\"SearchAction\",\"target\":{\"@type\":\"EntryPoint\",\"urlTemplate\":\"https:\\\/\\\/jornalboasnoticias.com.br\\\/home\\\/?s={search_term_string}\"},\"query-input\":{\"@type\":\"PropertyValueSpecification\",\"valueRequired\":true,\"valueName\":\"search_term_string\"}}],\"inLanguage\":\"pt-BR\"},{\"@type\":\"Organization\",\"@id\":\"https:\\\/\\\/jornalboasnoticias.com.br\\\/home\\\/#organization\",\"name\":\"Coq Editora Ltda\",\"alternateName\":\"Jornal Boas Noticias\",\"url\":\"https:\\\/\\\/jornalboasnoticias.com.br\\\/home\\\/\",\"logo\":{\"@type\":\"ImageObject\",\"inLanguage\":\"pt-BR\",\"@id\":\"https:\\\/\\\/jornalboasnoticias.com.br\\\/home\\\/#\\\/schema\\\/logo\\\/image\\\/\",\"url\":\"https:\\\/\\\/jornalboasnoticias.com.br\\\/home\\\/wp-content\\\/uploads\\\/2024\\\/07\\\/cropped-logo.jpg\",\"contentUrl\":\"https:\\\/\\\/jornalboasnoticias.com.br\\\/home\\\/wp-content\\\/uploads\\\/2024\\\/07\\\/cropped-logo.jpg\",\"width\":290,\"height\":142,\"caption\":\"Coq Editora Ltda\"},\"image\":{\"@id\":\"https:\\\/\\\/jornalboasnoticias.com.br\\\/home\\\/#\\\/schema\\\/logo\\\/image\\\/\"},\"sameAs\":[\"https:\\\/\\\/www.facebook.com\\\/boasnoticiasjornal\"]},{\"@type\":\"Person\",\"@id\":\"https:\\\/\\\/jornalboasnoticias.com.br\\\/home\\\/#\\\/schema\\\/person\\\/71a4be4d1685617d6d00f15f0f2952ee\",\"name\":\"Maria Bonatto\",\"image\":{\"@type\":\"ImageObject\",\"inLanguage\":\"pt-BR\",\"@id\":\"https:\\\/\\\/secure.gravatar.com\\\/avatar\\\/61bdbd92f7d53dd2fedfe556279602d97507ae906fdeb9624602488dcdcd042f?s=96&d=mm&r=g\",\"url\":\"https:\\\/\\\/secure.gravatar.com\\\/avatar\\\/61bdbd92f7d53dd2fedfe556279602d97507ae906fdeb9624602488dcdcd042f?s=96&d=mm&r=g\",\"contentUrl\":\"https:\\\/\\\/secure.gravatar.com\\\/avatar\\\/61bdbd92f7d53dd2fedfe556279602d97507ae906fdeb9624602488dcdcd042f?s=96&d=mm&r=g\",\"caption\":\"Maria Bonatto\"},\"url\":\"https:\\\/\\\/jornalboasnoticias.com.br\\\/home\\\/author\\\/ana-bonatto\\\/\"}]}<\/script>\n<!-- \/ Yoast SEO plugin. -->","yoast_head_json":{"title":"Vacina\u00e7\u00e3o contra covid-19 \u00e9 obrigat\u00f3ria em p\u00fablico infantil e grupos priorit\u00e1rios ter\u00e3o dose anual de refor\u00e7o - Jornal","description":"Vacina\u00e7\u00e3o contra covid-19 \u00e9 obrigat\u00f3ria em p\u00fablico infantil e grupos priorit\u00e1rios ter\u00e3o dose anual de refor\u00e7o","robots":{"index":"index","follow":"follow","max-snippet":"max-snippet:-1","max-image-preview":"max-image-preview:large","max-video-preview":"max-video-preview:-1"},"canonical":"https:\/\/jornalboasnoticias.com.br\/home\/vacinacao-contra-covid-19-e-obrigatoria-em-publico-infantil-e-grupos-prioritarios-terao-dose-anual-de-reforco\/","og_locale":"pt_BR","og_type":"article","og_title":"Vacina\u00e7\u00e3o contra covid-19 \u00e9 obrigat\u00f3ria em p\u00fablico infantil e grupos priorit\u00e1rios ter\u00e3o dose anual de refor\u00e7o - Jornal","og_description":"Vacina\u00e7\u00e3o contra covid-19 \u00e9 obrigat\u00f3ria em p\u00fablico infantil e grupos priorit\u00e1rios ter\u00e3o dose anual de refor\u00e7o","og_url":"https:\/\/jornalboasnoticias.com.br\/home\/vacinacao-contra-covid-19-e-obrigatoria-em-publico-infantil-e-grupos-prioritarios-terao-dose-anual-de-reforco\/","og_site_name":"Jornal","article_publisher":"https:\/\/www.facebook.com\/boasnoticiasjornal","article_published_time":"2024-01-08T20:39:06+00:00","og_image":[{"width":600,"height":359,"url":"https:\/\/jornalboasnoticias.com.br\/home\/wp-content\/uploads\/2022\/02\/vacina-infantil-e1643980923845.jpg","type":"image\/jpeg"}],"author":"Maria Bonatto","twitter_card":"summary_large_image","twitter_misc":{"Escrito por":"Maria Bonatto","Est. tempo de leitura":"2 minutos"},"schema":{"@context":"https:\/\/schema.org","@graph":[{"@type":"Article","@id":"https:\/\/jornalboasnoticias.com.br\/home\/vacinacao-contra-covid-19-e-obrigatoria-em-publico-infantil-e-grupos-prioritarios-terao-dose-anual-de-reforco\/#article","isPartOf":{"@id":"https:\/\/jornalboasnoticias.com.br\/home\/vacinacao-contra-covid-19-e-obrigatoria-em-publico-infantil-e-grupos-prioritarios-terao-dose-anual-de-reforco\/"},"author":{"name":"Maria Bonatto","@id":"https:\/\/jornalboasnoticias.com.br\/home\/#\/schema\/person\/71a4be4d1685617d6d00f15f0f2952ee"},"headline":"Vacina\u00e7\u00e3o contra covid-19 \u00e9 obrigat\u00f3ria em p\u00fablico infantil e grupos priorit\u00e1rios ter\u00e3o dose anual de refor\u00e7o","datePublished":"2024-01-08T20:39:06+00:00","mainEntityOfPage":{"@id":"https:\/\/jornalboasnoticias.com.br\/home\/vacinacao-contra-covid-19-e-obrigatoria-em-publico-infantil-e-grupos-prioritarios-terao-dose-anual-de-reforco\/"},"wordCount":437,"commentCount":0,"publisher":{"@id":"https:\/\/jornalboasnoticias.com.br\/home\/#organization"},"image":{"@id":"https:\/\/jornalboasnoticias.com.br\/home\/vacinacao-contra-covid-19-e-obrigatoria-em-publico-infantil-e-grupos-prioritarios-terao-dose-anual-de-reforco\/#primaryimage"},"thumbnailUrl":"https:\/\/jornalboasnoticias.com.br\/home\/wp-content\/uploads\/2022\/02\/vacina-infantil-e1643980923845.jpg","articleSection":["CASCAVEL"],"inLanguage":"pt-BR","potentialAction":[{"@type":"CommentAction","name":"Comment","target":["https:\/\/jornalboasnoticias.com.br\/home\/vacinacao-contra-covid-19-e-obrigatoria-em-publico-infantil-e-grupos-prioritarios-terao-dose-anual-de-reforco\/#respond"]}]},{"@type":"WebPage","@id":"https:\/\/jornalboasnoticias.com.br\/home\/vacinacao-contra-covid-19-e-obrigatoria-em-publico-infantil-e-grupos-prioritarios-terao-dose-anual-de-reforco\/","url":"https:\/\/jornalboasnoticias.com.br\/home\/vacinacao-contra-covid-19-e-obrigatoria-em-publico-infantil-e-grupos-prioritarios-terao-dose-anual-de-reforco\/","name":"Vacina\u00e7\u00e3o contra covid-19 \u00e9 obrigat\u00f3ria em p\u00fablico infantil e grupos priorit\u00e1rios ter\u00e3o dose anual de refor\u00e7o - Jornal","isPartOf":{"@id":"https:\/\/jornalboasnoticias.com.br\/home\/#website"},"primaryImageOfPage":{"@id":"https:\/\/jornalboasnoticias.com.br\/home\/vacinacao-contra-covid-19-e-obrigatoria-em-publico-infantil-e-grupos-prioritarios-terao-dose-anual-de-reforco\/#primaryimage"},"image":{"@id":"https:\/\/jornalboasnoticias.com.br\/home\/vacinacao-contra-covid-19-e-obrigatoria-em-publico-infantil-e-grupos-prioritarios-terao-dose-anual-de-reforco\/#primaryimage"},"thumbnailUrl":"https:\/\/jornalboasnoticias.com.br\/home\/wp-content\/uploads\/2022\/02\/vacina-infantil-e1643980923845.jpg","datePublished":"2024-01-08T20:39:06+00:00","description":"Vacina\u00e7\u00e3o contra covid-19 \u00e9 obrigat\u00f3ria em p\u00fablico infantil e grupos priorit\u00e1rios ter\u00e3o dose anual de refor\u00e7o","breadcrumb":{"@id":"https:\/\/jornalboasnoticias.com.br\/home\/vacinacao-contra-covid-19-e-obrigatoria-em-publico-infantil-e-grupos-prioritarios-terao-dose-anual-de-reforco\/#breadcrumb"},"inLanguage":"pt-BR","potentialAction":[{"@type":"ReadAction","target":["https:\/\/jornalboasnoticias.com.br\/home\/vacinacao-contra-covid-19-e-obrigatoria-em-publico-infantil-e-grupos-prioritarios-terao-dose-anual-de-reforco\/"]}]},{"@type":"ImageObject","inLanguage":"pt-BR","@id":"https:\/\/jornalboasnoticias.com.br\/home\/vacinacao-contra-covid-19-e-obrigatoria-em-publico-infantil-e-grupos-prioritarios-terao-dose-anual-de-reforco\/#primaryimage","url":"https:\/\/jornalboasnoticias.com.br\/home\/wp-content\/uploads\/2022\/02\/vacina-infantil-e1643980923845.jpg","contentUrl":"https:\/\/jornalboasnoticias.com.br\/home\/wp-content\/uploads\/2022\/02\/vacina-infantil-e1643980923845.jpg","width":600,"height":359,"caption":"\u00a9 T\u00e2nia R\u00eago\/Ag\u00eancia Brasil"},{"@type":"BreadcrumbList","@id":"https:\/\/jornalboasnoticias.com.br\/home\/vacinacao-contra-covid-19-e-obrigatoria-em-publico-infantil-e-grupos-prioritarios-terao-dose-anual-de-reforco\/#breadcrumb","itemListElement":[{"@type":"ListItem","position":1,"name":"In\u00edcio","item":"https:\/\/jornalboasnoticias.com.br\/home\/"},{"@type":"ListItem","position":2,"name":"Vacina\u00e7\u00e3o contra covid-19 \u00e9 obrigat\u00f3ria em p\u00fablico infantil e grupos priorit\u00e1rios ter\u00e3o dose anual de refor\u00e7o"}]},{"@type":"WebSite","@id":"https:\/\/jornalboasnoticias.com.br\/home\/#website","url":"https:\/\/jornalboasnoticias.com.br\/home\/","name":"Jornal Boas Not\u00edcias","description":"Boas not\u00edcias","publisher":{"@id":"https:\/\/jornalboasnoticias.com.br\/home\/#organization"},"potentialAction":[{"@type":"SearchAction","target":{"@type":"EntryPoint","urlTemplate":"https:\/\/jornalboasnoticias.com.br\/home\/?s={search_term_string}"},"query-input":{"@type":"PropertyValueSpecification","valueRequired":true,"valueName":"search_term_string"}}],"inLanguage":"pt-BR"},{"@type":"Organization","@id":"https:\/\/jornalboasnoticias.com.br\/home\/#organization","name":"Coq Editora Ltda","alternateName":"Jornal Boas Noticias","url":"https:\/\/jornalboasnoticias.com.br\/home\/","logo":{"@type":"ImageObject","inLanguage":"pt-BR","@id":"https:\/\/jornalboasnoticias.com.br\/home\/#\/schema\/logo\/image\/","url":"https:\/\/jornalboasnoticias.com.br\/home\/wp-content\/uploads\/2024\/07\/cropped-logo.jpg","contentUrl":"https:\/\/jornalboasnoticias.com.br\/home\/wp-content\/uploads\/2024\/07\/cropped-logo.jpg","width":290,"height":142,"caption":"Coq Editora Ltda"},"image":{"@id":"https:\/\/jornalboasnoticias.com.br\/home\/#\/schema\/logo\/image\/"},"sameAs":["https:\/\/www.facebook.com\/boasnoticiasjornal"]},{"@type":"Person","@id":"https:\/\/jornalboasnoticias.com.br\/home\/#\/schema\/person\/71a4be4d1685617d6d00f15f0f2952ee","name":"Maria Bonatto","image":{"@type":"ImageObject","inLanguage":"pt-BR","@id":"https:\/\/secure.gravatar.com\/avatar\/61bdbd92f7d53dd2fedfe556279602d97507ae906fdeb9624602488dcdcd042f?s=96&d=mm&r=g","url":"https:\/\/secure.gravatar.com\/avatar\/61bdbd92f7d53dd2fedfe556279602d97507ae906fdeb9624602488dcdcd042f?s=96&d=mm&r=g","contentUrl":"https:\/\/secure.gravatar.com\/avatar\/61bdbd92f7d53dd2fedfe556279602d97507ae906fdeb9624602488dcdcd042f?s=96&d=mm&r=g","caption":"Maria Bonatto"},"url":"https:\/\/jornalboasnoticias.com.br\/home\/author\/ana-bonatto\/"}]}},"_links":{"self":[{"href":"https:\/\/jornalboasnoticias.com.br\/home\/wp-json\/wp\/v2\/posts\/42450","targetHints":{"allow":["GET"]}}],"collection":[{"href":"https:\/\/jornalboasnoticias.com.br\/home\/wp-json\/wp\/v2\/posts"}],"about":[{"href":"https:\/\/jornalboasnoticias.com.br\/home\/wp-json\/wp\/v2\/types\/post"}],"author":[{"embeddable":true,"href":"https:\/\/jornalboasnoticias.com.br\/home\/wp-json\/wp\/v2\/users\/2"}],"replies":[{"embeddable":true,"href":"https:\/\/jornalboasnoticias.com.br\/home\/wp-json\/wp\/v2\/comments?post=42450"}],"version-history":[{"count":0,"href":"https:\/\/jornalboasnoticias.com.br\/home\/wp-json\/wp\/v2\/posts\/42450\/revisions"}],"wp:featuredmedia":[{"embeddable":true,"href":"https:\/\/jornalboasnoticias.com.br\/home\/wp-json\/wp\/v2\/media\/19627"}],"wp:attachment":[{"href":"https:\/\/jornalboasnoticias.com.br\/home\/wp-json\/wp\/v2\/media?parent=42450"}],"wp:term":[{"taxonomy":"category","embeddable":true,"href":"https:\/\/jornalboasnoticias.com.br\/home\/wp-json\/wp\/v2\/categories?post=42450"},{"taxonomy":"post_tag","embeddable":true,"href":"https:\/\/jornalboasnoticias.com.br\/home\/wp-json\/wp\/v2\/tags?post=42450"}],"curies":[{"name":"wp","href":"https:\/\/api.w.org\/{rel}","templated":true}]}}