{"id":42443,"date":"2024-01-08T13:38:51","date_gmt":"2024-01-08T16:38:51","guid":{"rendered":"https:\/\/www.jornalboasnoticias.com.br\/?p=42443"},"modified":"2024-01-08T13:38:51","modified_gmt":"2024-01-08T16:38:51","slug":"cascavel-avanca-para-consolidar-anel-viario-rural","status":"publish","type":"post","link":"https:\/\/jornalboasnoticias.com.br\/home\/cascavel-avanca-para-consolidar-anel-viario-rural\/","title":{"rendered":"Cascavel avan\u00e7a para consolidar Anel Vi\u00e1rio Rural"},"content":{"rendered":"<blockquote>\n<p style=\"text-align: center;\">Obras de pavimenta\u00e7\u00e3o no interior melhoram as condi\u00e7\u00f5es de escoamento da safra e transporte de alunos, al\u00e9m de interligarem os distritos de Cascavel<\/p>\n<\/blockquote>\n<figure id=\"attachment_42444\" aria-describedby=\"caption-attachment-42444\" style=\"width: 548px\" class=\"wp-caption aligncenter\"><img loading=\"lazy\" decoding=\"async\" class=\"size-medium wp-image-42444\" src=\"https:\/\/jornalboasnoticias.com.br\/home\/wp-content\/uploads\/2024\/01\/IMG_0547-e1704731884782-548x365.jpeg\" alt=\"\" width=\"548\" height=\"365\" \/><figcaption id=\"caption-attachment-42444\" class=\"wp-caption-text\">Foto: Manoel Teixeira\/ Secom<\/figcaption><\/figure>\n<p>O ano novo chegou e a Secretaria de Agricultura j\u00e1 elaborou seu cronograma de obras e trabalhos a serem realizados na zona rural do Munic\u00edpio.<\/p>\n<p>Entre estas a\u00e7\u00f5es est\u00e1 a conclus\u00e3o da pavimenta\u00e7\u00e3o da Estrada Linha Novo Horizonte, no Distrito de Sede Alvorada. Ao todo, ser\u00e3o 20,7 quil\u00f4metros de extens\u00e3o que v\u00e3o receber o asfalto TST. \u201cDeste total, j\u00e1 conclu\u00edmos uma extens\u00e3o de 16,0 km e este ano concluiremos os 4,7 km restantes, a\u00ed a gente entrega essa obra\u201d, disse o secret\u00e1rio de agricultura, Renato Segalla.<\/p>\n<p>Ainda no Distrito de Sede Alvorada, na Linha S\u00e3o Roque Lopei, a Seagri est\u00e1 executando mais 3,3 quil\u00f4metros de asfalto em TST. \u201cJ\u00e1 fizemos um quil\u00f4metro e os dois quil\u00f4metros restantes, estamos fazendo a base para depois a gente fazer a pavimenta\u00e7\u00e3o asf\u00e1ltica\u201d.<\/p>\n<h2><strong>Anel Vi\u00e1rio Rural<\/strong><\/h2>\n<p>Com foco na melhoria da infraestrutura, mais de 450 quil\u00f4metros de novas estradas j\u00e1 foram constru\u00eddos nesta administra\u00e7\u00e3o, abrangendo asfaltamento, readequa\u00e7\u00e3o, cal\u00e7amento, al\u00e9m da abertura de po\u00e7os artesianos, constru\u00e7\u00e3o de pontes, bueiros e muito mais.<\/p>\n<p>Cascavel, que possui uma malha vi\u00e1ria de 3.450 quil\u00f4metros, est\u00e1 recebendo constantes trabalhos de manuten\u00e7\u00e3o, adequa\u00e7\u00e3o e conserva\u00e7\u00e3o. Anualmente, em m\u00e9dia, cerca de 800 quil\u00f4metros s\u00e3o alvo dessas interven\u00e7\u00f5es, visando garantir a qualidade das estradas.<\/p>\n<p>Atualmente, as obras em andamento est\u00e3o focadas na constru\u00e7\u00e3o do Anel Vi\u00e1rio Rural, projeto que totaliza 155 quil\u00f4metros de estradas, conectando os sete distritos rurais do munic\u00edpio.<\/p>\n<p>Al\u00e9m das obras no Distrito de Sede Alvorada, cerca de nove quil\u00f4metros da Estrada Rio da Paz, no distrito de Diamante, foram pavimentados.<\/p>\n<p>Outras interven\u00e7\u00f5es incluem 6,2 quil\u00f4metros de cal\u00e7amento com pedra irregular na Estrada Rio do Salto at\u00e9 a Comunidade Nossa Senhora de Lourdes, e mais sete quil\u00f4metros de TST na estrada Linha Peroba, tamb\u00e9m no Distrito de Diamante.<\/p>\n<p>A melhoria da Estrada Gramadinho, Linha Zanatta, e diversas outras frentes de trabalho espalhadas pelos sete distritos do munic\u00edpio tamb\u00e9m est\u00e1 em andamento.<\/p>\n<p>As obras do Anel Vi\u00e1rio Rural s\u00e3o executadas em parceria com a Itaipu Binacional e o governo do Estado do Paran\u00e1.<\/p>\n<p>\u201cEntramos em 2024 a todo vapor, na verdade, dentro daquele planejamento que a gente tinha em 2003. 2024 ser\u00e1 um ano produtivo de bastante entrega e estamos com expectativa muito positiva\u201d, concluiu o secret\u00e1rio, Renato Segalla.<\/p>\n<p>(Secom)<\/p>\n","protected":false},"excerpt":{"rendered":"<p>Obras de pavimenta\u00e7\u00e3o no interior melhoram as condi\u00e7\u00f5es de escoamento da safra e transporte de<\/p>\n","protected":false},"author":2,"featured_media":42444,"comment_status":"open","ping_status":"open","sticky":false,"template":"","format":"standard","meta":{"footnotes":""},"categories":[2,3],"tags":[],"class_list":["post-42443","post","type-post","status-publish","format-standard","has-post-thumbnail","hentry","category-cascavel","category-destaques"],"yoast_head":"<!-- This site is optimized with the Yoast SEO plugin v27.5 - https:\/\/yoast.com\/product\/yoast-seo-wordpress\/ -->\n<title>Cascavel avan\u00e7a para consolidar Anel Vi\u00e1rio Rural - Jornal<\/title>\n<meta name=\"description\" content=\"Cascavel avan\u00e7a para consolidar Anel Vi\u00e1rio Rural\" \/>\n<meta name=\"robots\" content=\"index, follow, max-snippet:-1, max-image-preview:large, max-video-preview:-1\" \/>\n<link rel=\"canonical\" href=\"https:\/\/jornalboasnoticias.com.br\/home\/cascavel-avanca-para-consolidar-anel-viario-rural\/\" \/>\n<meta property=\"og:locale\" content=\"pt_BR\" \/>\n<meta property=\"og:type\" content=\"article\" \/>\n<meta property=\"og:title\" content=\"Cascavel avan\u00e7a para consolidar Anel Vi\u00e1rio Rural - Jornal\" \/>\n<meta property=\"og:description\" content=\"Cascavel avan\u00e7a para consolidar Anel Vi\u00e1rio Rural\" \/>\n<meta property=\"og:url\" content=\"https:\/\/jornalboasnoticias.com.br\/home\/cascavel-avanca-para-consolidar-anel-viario-rural\/\" \/>\n<meta property=\"og:site_name\" content=\"Jornal\" \/>\n<meta property=\"article:publisher\" content=\"https:\/\/www.facebook.com\/boasnoticiasjornal\" \/>\n<meta property=\"article:published_time\" content=\"2024-01-08T16:38:51+00:00\" \/>\n<meta property=\"og:image\" content=\"https:\/\/jornalboasnoticias.com.br\/home\/wp-content\/uploads\/2024\/01\/IMG_0547-e1704731884782.jpeg\" \/>\n\t<meta property=\"og:image:width\" content=\"800\" \/>\n\t<meta property=\"og:image:height\" content=\"533\" \/>\n\t<meta property=\"og:image:type\" content=\"image\/jpeg\" \/>\n<meta name=\"author\" content=\"Maria Bonatto\" \/>\n<meta name=\"twitter:card\" content=\"summary_large_image\" \/>\n<meta name=\"twitter:label1\" content=\"Escrito por\" \/>\n\t<meta name=\"twitter:data1\" content=\"Maria Bonatto\" \/>\n\t<meta name=\"twitter:label2\" content=\"Est. tempo de leitura\" \/>\n\t<meta name=\"twitter:data2\" content=\"2 minutos\" \/>\n<script type=\"application\/ld+json\" class=\"yoast-schema-graph\">{\"@context\":\"https:\\\/\\\/schema.org\",\"@graph\":[{\"@type\":\"Article\",\"@id\":\"https:\\\/\\\/jornalboasnoticias.com.br\\\/home\\\/cascavel-avanca-para-consolidar-anel-viario-rural\\\/#article\",\"isPartOf\":{\"@id\":\"https:\\\/\\\/jornalboasnoticias.com.br\\\/home\\\/cascavel-avanca-para-consolidar-anel-viario-rural\\\/\"},\"author\":{\"name\":\"Maria Bonatto\",\"@id\":\"https:\\\/\\\/jornalboasnoticias.com.br\\\/home\\\/#\\\/schema\\\/person\\\/71a4be4d1685617d6d00f15f0f2952ee\"},\"headline\":\"Cascavel avan\u00e7a para consolidar Anel Vi\u00e1rio Rural\",\"datePublished\":\"2024-01-08T16:38:51+00:00\",\"mainEntityOfPage\":{\"@id\":\"https:\\\/\\\/jornalboasnoticias.com.br\\\/home\\\/cascavel-avanca-para-consolidar-anel-viario-rural\\\/\"},\"wordCount\":456,\"commentCount\":0,\"publisher\":{\"@id\":\"https:\\\/\\\/jornalboasnoticias.com.br\\\/home\\\/#organization\"},\"image\":{\"@id\":\"https:\\\/\\\/jornalboasnoticias.com.br\\\/home\\\/cascavel-avanca-para-consolidar-anel-viario-rural\\\/#primaryimage\"},\"thumbnailUrl\":\"https:\\\/\\\/jornalboasnoticias.com.br\\\/home\\\/wp-content\\\/uploads\\\/2024\\\/01\\\/IMG_0547-e1704731884782.jpeg\",\"articleSection\":[\"CASCAVEL\",\"DESTAQUE\"],\"inLanguage\":\"pt-BR\",\"potentialAction\":[{\"@type\":\"CommentAction\",\"name\":\"Comment\",\"target\":[\"https:\\\/\\\/jornalboasnoticias.com.br\\\/home\\\/cascavel-avanca-para-consolidar-anel-viario-rural\\\/#respond\"]}]},{\"@type\":\"WebPage\",\"@id\":\"https:\\\/\\\/jornalboasnoticias.com.br\\\/home\\\/cascavel-avanca-para-consolidar-anel-viario-rural\\\/\",\"url\":\"https:\\\/\\\/jornalboasnoticias.com.br\\\/home\\\/cascavel-avanca-para-consolidar-anel-viario-rural\\\/\",\"name\":\"Cascavel avan\u00e7a para consolidar Anel Vi\u00e1rio Rural - Jornal\",\"isPartOf\":{\"@id\":\"https:\\\/\\\/jornalboasnoticias.com.br\\\/home\\\/#website\"},\"primaryImageOfPage\":{\"@id\":\"https:\\\/\\\/jornalboasnoticias.com.br\\\/home\\\/cascavel-avanca-para-consolidar-anel-viario-rural\\\/#primaryimage\"},\"image\":{\"@id\":\"https:\\\/\\\/jornalboasnoticias.com.br\\\/home\\\/cascavel-avanca-para-consolidar-anel-viario-rural\\\/#primaryimage\"},\"thumbnailUrl\":\"https:\\\/\\\/jornalboasnoticias.com.br\\\/home\\\/wp-content\\\/uploads\\\/2024\\\/01\\\/IMG_0547-e1704731884782.jpeg\",\"datePublished\":\"2024-01-08T16:38:51+00:00\",\"description\":\"Cascavel avan\u00e7a para consolidar Anel Vi\u00e1rio Rural\",\"breadcrumb\":{\"@id\":\"https:\\\/\\\/jornalboasnoticias.com.br\\\/home\\\/cascavel-avanca-para-consolidar-anel-viario-rural\\\/#breadcrumb\"},\"inLanguage\":\"pt-BR\",\"potentialAction\":[{\"@type\":\"ReadAction\",\"target\":[\"https:\\\/\\\/jornalboasnoticias.com.br\\\/home\\\/cascavel-avanca-para-consolidar-anel-viario-rural\\\/\"]}]},{\"@type\":\"ImageObject\",\"inLanguage\":\"pt-BR\",\"@id\":\"https:\\\/\\\/jornalboasnoticias.com.br\\\/home\\\/cascavel-avanca-para-consolidar-anel-viario-rural\\\/#primaryimage\",\"url\":\"https:\\\/\\\/jornalboasnoticias.com.br\\\/home\\\/wp-content\\\/uploads\\\/2024\\\/01\\\/IMG_0547-e1704731884782.jpeg\",\"contentUrl\":\"https:\\\/\\\/jornalboasnoticias.com.br\\\/home\\\/wp-content\\\/uploads\\\/2024\\\/01\\\/IMG_0547-e1704731884782.jpeg\",\"width\":800,\"height\":533,\"caption\":\"Foto: Manoel Teixeira\\\/ Secom\"},{\"@type\":\"BreadcrumbList\",\"@id\":\"https:\\\/\\\/jornalboasnoticias.com.br\\\/home\\\/cascavel-avanca-para-consolidar-anel-viario-rural\\\/#breadcrumb\",\"itemListElement\":[{\"@type\":\"ListItem\",\"position\":1,\"name\":\"In\u00edcio\",\"item\":\"https:\\\/\\\/jornalboasnoticias.com.br\\\/home\\\/\"},{\"@type\":\"ListItem\",\"position\":2,\"name\":\"Cascavel avan\u00e7a para consolidar Anel Vi\u00e1rio Rural\"}]},{\"@type\":\"WebSite\",\"@id\":\"https:\\\/\\\/jornalboasnoticias.com.br\\\/home\\\/#website\",\"url\":\"https:\\\/\\\/jornalboasnoticias.com.br\\\/home\\\/\",\"name\":\"Jornal Boas Not\u00edcias\",\"description\":\"Boas not\u00edcias\",\"publisher\":{\"@id\":\"https:\\\/\\\/jornalboasnoticias.com.br\\\/home\\\/#organization\"},\"potentialAction\":[{\"@type\":\"SearchAction\",\"target\":{\"@type\":\"EntryPoint\",\"urlTemplate\":\"https:\\\/\\\/jornalboasnoticias.com.br\\\/home\\\/?s={search_term_string}\"},\"query-input\":{\"@type\":\"PropertyValueSpecification\",\"valueRequired\":true,\"valueName\":\"search_term_string\"}}],\"inLanguage\":\"pt-BR\"},{\"@type\":\"Organization\",\"@id\":\"https:\\\/\\\/jornalboasnoticias.com.br\\\/home\\\/#organization\",\"name\":\"Coq Editora Ltda\",\"alternateName\":\"Jornal Boas Noticias\",\"url\":\"https:\\\/\\\/jornalboasnoticias.com.br\\\/home\\\/\",\"logo\":{\"@type\":\"ImageObject\",\"inLanguage\":\"pt-BR\",\"@id\":\"https:\\\/\\\/jornalboasnoticias.com.br\\\/home\\\/#\\\/schema\\\/logo\\\/image\\\/\",\"url\":\"https:\\\/\\\/jornalboasnoticias.com.br\\\/home\\\/wp-content\\\/uploads\\\/2024\\\/07\\\/cropped-logo.jpg\",\"contentUrl\":\"https:\\\/\\\/jornalboasnoticias.com.br\\\/home\\\/wp-content\\\/uploads\\\/2024\\\/07\\\/cropped-logo.jpg\",\"width\":290,\"height\":142,\"caption\":\"Coq Editora Ltda\"},\"image\":{\"@id\":\"https:\\\/\\\/jornalboasnoticias.com.br\\\/home\\\/#\\\/schema\\\/logo\\\/image\\\/\"},\"sameAs\":[\"https:\\\/\\\/www.facebook.com\\\/boasnoticiasjornal\"]},{\"@type\":\"Person\",\"@id\":\"https:\\\/\\\/jornalboasnoticias.com.br\\\/home\\\/#\\\/schema\\\/person\\\/71a4be4d1685617d6d00f15f0f2952ee\",\"name\":\"Maria Bonatto\",\"image\":{\"@type\":\"ImageObject\",\"inLanguage\":\"pt-BR\",\"@id\":\"https:\\\/\\\/secure.gravatar.com\\\/avatar\\\/61bdbd92f7d53dd2fedfe556279602d97507ae906fdeb9624602488dcdcd042f?s=96&d=mm&r=g\",\"url\":\"https:\\\/\\\/secure.gravatar.com\\\/avatar\\\/61bdbd92f7d53dd2fedfe556279602d97507ae906fdeb9624602488dcdcd042f?s=96&d=mm&r=g\",\"contentUrl\":\"https:\\\/\\\/secure.gravatar.com\\\/avatar\\\/61bdbd92f7d53dd2fedfe556279602d97507ae906fdeb9624602488dcdcd042f?s=96&d=mm&r=g\",\"caption\":\"Maria Bonatto\"},\"url\":\"https:\\\/\\\/jornalboasnoticias.com.br\\\/home\\\/author\\\/ana-bonatto\\\/\"}]}<\/script>\n<!-- \/ Yoast SEO plugin. -->","yoast_head_json":{"title":"Cascavel avan\u00e7a para consolidar Anel Vi\u00e1rio Rural - Jornal","description":"Cascavel avan\u00e7a para consolidar Anel Vi\u00e1rio Rural","robots":{"index":"index","follow":"follow","max-snippet":"max-snippet:-1","max-image-preview":"max-image-preview:large","max-video-preview":"max-video-preview:-1"},"canonical":"https:\/\/jornalboasnoticias.com.br\/home\/cascavel-avanca-para-consolidar-anel-viario-rural\/","og_locale":"pt_BR","og_type":"article","og_title":"Cascavel avan\u00e7a para consolidar Anel Vi\u00e1rio Rural - Jornal","og_description":"Cascavel avan\u00e7a para consolidar Anel Vi\u00e1rio Rural","og_url":"https:\/\/jornalboasnoticias.com.br\/home\/cascavel-avanca-para-consolidar-anel-viario-rural\/","og_site_name":"Jornal","article_publisher":"https:\/\/www.facebook.com\/boasnoticiasjornal","article_published_time":"2024-01-08T16:38:51+00:00","og_image":[{"width":800,"height":533,"url":"https:\/\/jornalboasnoticias.com.br\/home\/wp-content\/uploads\/2024\/01\/IMG_0547-e1704731884782.jpeg","type":"image\/jpeg"}],"author":"Maria Bonatto","twitter_card":"summary_large_image","twitter_misc":{"Escrito por":"Maria Bonatto","Est. tempo de leitura":"2 minutos"},"schema":{"@context":"https:\/\/schema.org","@graph":[{"@type":"Article","@id":"https:\/\/jornalboasnoticias.com.br\/home\/cascavel-avanca-para-consolidar-anel-viario-rural\/#article","isPartOf":{"@id":"https:\/\/jornalboasnoticias.com.br\/home\/cascavel-avanca-para-consolidar-anel-viario-rural\/"},"author":{"name":"Maria Bonatto","@id":"https:\/\/jornalboasnoticias.com.br\/home\/#\/schema\/person\/71a4be4d1685617d6d00f15f0f2952ee"},"headline":"Cascavel avan\u00e7a para consolidar Anel Vi\u00e1rio Rural","datePublished":"2024-01-08T16:38:51+00:00","mainEntityOfPage":{"@id":"https:\/\/jornalboasnoticias.com.br\/home\/cascavel-avanca-para-consolidar-anel-viario-rural\/"},"wordCount":456,"commentCount":0,"publisher":{"@id":"https:\/\/jornalboasnoticias.com.br\/home\/#organization"},"image":{"@id":"https:\/\/jornalboasnoticias.com.br\/home\/cascavel-avanca-para-consolidar-anel-viario-rural\/#primaryimage"},"thumbnailUrl":"https:\/\/jornalboasnoticias.com.br\/home\/wp-content\/uploads\/2024\/01\/IMG_0547-e1704731884782.jpeg","articleSection":["CASCAVEL","DESTAQUE"],"inLanguage":"pt-BR","potentialAction":[{"@type":"CommentAction","name":"Comment","target":["https:\/\/jornalboasnoticias.com.br\/home\/cascavel-avanca-para-consolidar-anel-viario-rural\/#respond"]}]},{"@type":"WebPage","@id":"https:\/\/jornalboasnoticias.com.br\/home\/cascavel-avanca-para-consolidar-anel-viario-rural\/","url":"https:\/\/jornalboasnoticias.com.br\/home\/cascavel-avanca-para-consolidar-anel-viario-rural\/","name":"Cascavel avan\u00e7a para consolidar Anel Vi\u00e1rio Rural - Jornal","isPartOf":{"@id":"https:\/\/jornalboasnoticias.com.br\/home\/#website"},"primaryImageOfPage":{"@id":"https:\/\/jornalboasnoticias.com.br\/home\/cascavel-avanca-para-consolidar-anel-viario-rural\/#primaryimage"},"image":{"@id":"https:\/\/jornalboasnoticias.com.br\/home\/cascavel-avanca-para-consolidar-anel-viario-rural\/#primaryimage"},"thumbnailUrl":"https:\/\/jornalboasnoticias.com.br\/home\/wp-content\/uploads\/2024\/01\/IMG_0547-e1704731884782.jpeg","datePublished":"2024-01-08T16:38:51+00:00","description":"Cascavel avan\u00e7a para consolidar Anel Vi\u00e1rio Rural","breadcrumb":{"@id":"https:\/\/jornalboasnoticias.com.br\/home\/cascavel-avanca-para-consolidar-anel-viario-rural\/#breadcrumb"},"inLanguage":"pt-BR","potentialAction":[{"@type":"ReadAction","target":["https:\/\/jornalboasnoticias.com.br\/home\/cascavel-avanca-para-consolidar-anel-viario-rural\/"]}]},{"@type":"ImageObject","inLanguage":"pt-BR","@id":"https:\/\/jornalboasnoticias.com.br\/home\/cascavel-avanca-para-consolidar-anel-viario-rural\/#primaryimage","url":"https:\/\/jornalboasnoticias.com.br\/home\/wp-content\/uploads\/2024\/01\/IMG_0547-e1704731884782.jpeg","contentUrl":"https:\/\/jornalboasnoticias.com.br\/home\/wp-content\/uploads\/2024\/01\/IMG_0547-e1704731884782.jpeg","width":800,"height":533,"caption":"Foto: Manoel Teixeira\/ Secom"},{"@type":"BreadcrumbList","@id":"https:\/\/jornalboasnoticias.com.br\/home\/cascavel-avanca-para-consolidar-anel-viario-rural\/#breadcrumb","itemListElement":[{"@type":"ListItem","position":1,"name":"In\u00edcio","item":"https:\/\/jornalboasnoticias.com.br\/home\/"},{"@type":"ListItem","position":2,"name":"Cascavel avan\u00e7a para consolidar Anel Vi\u00e1rio Rural"}]},{"@type":"WebSite","@id":"https:\/\/jornalboasnoticias.com.br\/home\/#website","url":"https:\/\/jornalboasnoticias.com.br\/home\/","name":"Jornal Boas Not\u00edcias","description":"Boas not\u00edcias","publisher":{"@id":"https:\/\/jornalboasnoticias.com.br\/home\/#organization"},"potentialAction":[{"@type":"SearchAction","target":{"@type":"EntryPoint","urlTemplate":"https:\/\/jornalboasnoticias.com.br\/home\/?s={search_term_string}"},"query-input":{"@type":"PropertyValueSpecification","valueRequired":true,"valueName":"search_term_string"}}],"inLanguage":"pt-BR"},{"@type":"Organization","@id":"https:\/\/jornalboasnoticias.com.br\/home\/#organization","name":"Coq Editora Ltda","alternateName":"Jornal Boas Noticias","url":"https:\/\/jornalboasnoticias.com.br\/home\/","logo":{"@type":"ImageObject","inLanguage":"pt-BR","@id":"https:\/\/jornalboasnoticias.com.br\/home\/#\/schema\/logo\/image\/","url":"https:\/\/jornalboasnoticias.com.br\/home\/wp-content\/uploads\/2024\/07\/cropped-logo.jpg","contentUrl":"https:\/\/jornalboasnoticias.com.br\/home\/wp-content\/uploads\/2024\/07\/cropped-logo.jpg","width":290,"height":142,"caption":"Coq Editora Ltda"},"image":{"@id":"https:\/\/jornalboasnoticias.com.br\/home\/#\/schema\/logo\/image\/"},"sameAs":["https:\/\/www.facebook.com\/boasnoticiasjornal"]},{"@type":"Person","@id":"https:\/\/jornalboasnoticias.com.br\/home\/#\/schema\/person\/71a4be4d1685617d6d00f15f0f2952ee","name":"Maria Bonatto","image":{"@type":"ImageObject","inLanguage":"pt-BR","@id":"https:\/\/secure.gravatar.com\/avatar\/61bdbd92f7d53dd2fedfe556279602d97507ae906fdeb9624602488dcdcd042f?s=96&d=mm&r=g","url":"https:\/\/secure.gravatar.com\/avatar\/61bdbd92f7d53dd2fedfe556279602d97507ae906fdeb9624602488dcdcd042f?s=96&d=mm&r=g","contentUrl":"https:\/\/secure.gravatar.com\/avatar\/61bdbd92f7d53dd2fedfe556279602d97507ae906fdeb9624602488dcdcd042f?s=96&d=mm&r=g","caption":"Maria Bonatto"},"url":"https:\/\/jornalboasnoticias.com.br\/home\/author\/ana-bonatto\/"}]}},"_links":{"self":[{"href":"https:\/\/jornalboasnoticias.com.br\/home\/wp-json\/wp\/v2\/posts\/42443","targetHints":{"allow":["GET"]}}],"collection":[{"href":"https:\/\/jornalboasnoticias.com.br\/home\/wp-json\/wp\/v2\/posts"}],"about":[{"href":"https:\/\/jornalboasnoticias.com.br\/home\/wp-json\/wp\/v2\/types\/post"}],"author":[{"embeddable":true,"href":"https:\/\/jornalboasnoticias.com.br\/home\/wp-json\/wp\/v2\/users\/2"}],"replies":[{"embeddable":true,"href":"https:\/\/jornalboasnoticias.com.br\/home\/wp-json\/wp\/v2\/comments?post=42443"}],"version-history":[{"count":0,"href":"https:\/\/jornalboasnoticias.com.br\/home\/wp-json\/wp\/v2\/posts\/42443\/revisions"}],"wp:featuredmedia":[{"embeddable":true,"href":"https:\/\/jornalboasnoticias.com.br\/home\/wp-json\/wp\/v2\/media\/42444"}],"wp:attachment":[{"href":"https:\/\/jornalboasnoticias.com.br\/home\/wp-json\/wp\/v2\/media?parent=42443"}],"wp:term":[{"taxonomy":"category","embeddable":true,"href":"https:\/\/jornalboasnoticias.com.br\/home\/wp-json\/wp\/v2\/categories?post=42443"},{"taxonomy":"post_tag","embeddable":true,"href":"https:\/\/jornalboasnoticias.com.br\/home\/wp-json\/wp\/v2\/tags?post=42443"}],"curies":[{"name":"wp","href":"https:\/\/api.w.org\/{rel}","templated":true}]}}