{"id":42420,"date":"2024-01-05T10:39:46","date_gmt":"2024-01-05T13:39:46","guid":{"rendered":"https:\/\/www.jornalboasnoticias.com.br\/?p=42420"},"modified":"2024-01-05T10:39:46","modified_gmt":"2024-01-05T13:39:46","slug":"prazo-para-pedir-dispensa-de-prova-do-enade-2023-ja-comecou","status":"publish","type":"post","link":"https:\/\/jornalboasnoticias.com.br\/home\/prazo-para-pedir-dispensa-de-prova-do-enade-2023-ja-comecou\/","title":{"rendered":"Prazo para pedir dispensa de prova do Enade 2023 j\u00e1 come\u00e7ou"},"content":{"rendered":"<blockquote>\n<p style=\"text-align: center;\">Pedido deve ser feito at\u00e9 9 de fevereiro<\/p>\n<\/blockquote>\n<figure id=\"attachment_42421\" aria-describedby=\"caption-attachment-42421\" style=\"width: 610px\" class=\"wp-caption aligncenter\"><img loading=\"lazy\" decoding=\"async\" class=\"size-medium wp-image-42421\" src=\"https:\/\/jornalboasnoticias.com.br\/home\/wp-content\/uploads\/2024\/01\/antcrz_20181125_2110-e1704461970336-610x365.webp\" alt=\"\" width=\"610\" height=\"365\" \/><figcaption id=\"caption-attachment-42421\" class=\"wp-caption-text\">\u00a9 Antonio Cruz\/ Ag\u00eancia Brasil<\/figcaption><\/figure>\n<p>J\u00e1 est\u00e1 aberto o prazo para solicitar dispensa da prova do Exame Nacional de Desempenho dos Estudantes (Enade) 2023. O pedido deve ser feito at\u00e9 o dia 9 de fevereiro, por meio do\u00a0<a href=\"https:\/\/enade.inep.gov.br\/enade\/#!\/index%C2%A0\" target=\"_blank\" rel=\"noopener\">Sistema Enade<\/a>, pelo estudante ou pela institui\u00e7\u00e3o de educa\u00e7\u00e3o superior, a depender da motiva\u00e7\u00e3o da aus\u00eancia. De acordo com o Minist\u00e9rio da Educa\u00e7\u00e3o, em ambas as situa\u00e7\u00f5es, \u00e9 preciso comprovar o motivo da falta, mediante documenta\u00e7\u00e3o, conforme as exig\u00eancias previstas em edital.\u00a0<img decoding=\"async\" src=\"https:\/\/agenciabrasil.ebc.com.br\/ebc.png?id=1575256&amp;o=node\" \/><img decoding=\"async\" src=\"https:\/\/agenciabrasil.ebc.com.br\/ebc.gif?id=1575256&amp;o=node\" \/><\/p>\n<p>\u201cO estudante pode solicitar a dispensa da prova, mas precisa ter cumprido o requisito de preencher o Question\u00e1rio do Estudante\u201d, destacou a pasta. Entre as situa\u00e7\u00f5es previstas como justificativa de aus\u00eancia est\u00e3o\u00a0acidente, assalto, casamento, extravio, perda, furto ou roubo de documento de identifica\u00e7\u00e3o, luto, quest\u00f5es relacionadas \u00e0 sa\u00fade, \u00e0 maternidade ou \u00e0 paternidade, al\u00e9m de compromissos profissionais e priva\u00e7\u00e3o de liberdade.<\/p>\n<p>\u201cCabe pontuar que pessoas eliminadas do exame no local de aplica\u00e7\u00e3o n\u00e3o podem solicitar a dispensa\u201d, refor\u00e7ou o minist\u00e9rio. Casos de aus\u00eancia decorrentes de motivos pessoais ou profissionais devem ser registrados pelos estudantes e analisados pelos respectivos coordenadores de curso. J\u00e1 os casos de aus\u00eancia por compromissos acad\u00eamicos vinculados ao curso avaliado devem ser registrados pelos coordenadores.<\/p>\n<h2>Enade<\/h2>\n<p>Realizado anualmente pelo Instituto Nacional de Estudos e Pesquisas Educacionais An\u00edsio Teixeira (Inep), o exame avalia o rendimento dos concluintes dos cursos de gradua\u00e7\u00e3o em rela\u00e7\u00e3o aos conte\u00fados program\u00e1ticos previstos nas diretrizes curriculares, o desenvolvimento de compet\u00eancias e habilidades necess\u00e1rias ao aprofundamento da forma\u00e7\u00e3o geral e profissional, bem como o n\u00edvel de atualiza\u00e7\u00e3o dos estudantes com rela\u00e7\u00e3o \u00e0 realidade brasileira e mundial.<\/p>\n<p>A inscri\u00e7\u00e3o \u00e9 obrigat\u00f3ria para ingressantes e concluintes de cursos de bacharelado, superiores de tecnologia e licenciaturas vinculados \u00e0s \u00e1reas avaliadas.<\/p>\n<p>(Ag\u00eancia Brasil)<\/p>\n","protected":false},"excerpt":{"rendered":"<p>Pedido deve ser feito at\u00e9 9 de fevereiro J\u00e1 est\u00e1 aberto o prazo para solicitar<\/p>\n","protected":false},"author":2,"featured_media":42421,"comment_status":"open","ping_status":"open","sticky":false,"template":"","format":"standard","meta":{"footnotes":""},"categories":[8],"tags":[],"class_list":["post-42420","post","type-post","status-publish","format-standard","has-post-thumbnail","hentry","category-educacao"],"yoast_head":"<!-- This site is optimized with the Yoast SEO plugin v27.5 - https:\/\/yoast.com\/product\/yoast-seo-wordpress\/ -->\n<title>Prazo para pedir dispensa de prova do Enade 2023 j\u00e1 come\u00e7ou - Jornal<\/title>\n<meta name=\"description\" content=\"Prazo para pedir dispensa de prova do Enade 2023 j\u00e1 come\u00e7ou\" \/>\n<meta name=\"robots\" content=\"index, follow, max-snippet:-1, max-image-preview:large, max-video-preview:-1\" \/>\n<link rel=\"canonical\" href=\"https:\/\/jornalboasnoticias.com.br\/home\/prazo-para-pedir-dispensa-de-prova-do-enade-2023-ja-comecou\/\" \/>\n<meta property=\"og:locale\" content=\"pt_BR\" \/>\n<meta property=\"og:type\" content=\"article\" \/>\n<meta property=\"og:title\" content=\"Prazo para pedir dispensa de prova do Enade 2023 j\u00e1 come\u00e7ou - Jornal\" \/>\n<meta property=\"og:description\" content=\"Prazo para pedir dispensa de prova do Enade 2023 j\u00e1 come\u00e7ou\" \/>\n<meta property=\"og:url\" content=\"https:\/\/jornalboasnoticias.com.br\/home\/prazo-para-pedir-dispensa-de-prova-do-enade-2023-ja-comecou\/\" \/>\n<meta property=\"og:site_name\" content=\"Jornal\" \/>\n<meta property=\"article:publisher\" content=\"https:\/\/www.facebook.com\/boasnoticiasjornal\" \/>\n<meta property=\"article:published_time\" content=\"2024-01-05T13:39:46+00:00\" \/>\n<meta property=\"og:image\" content=\"https:\/\/jornalboasnoticias.com.br\/home\/wp-content\/uploads\/2024\/01\/antcrz_20181125_2110-e1704461970336.webp\" \/>\n\t<meta property=\"og:image:width\" content=\"800\" \/>\n\t<meta property=\"og:image:height\" content=\"479\" \/>\n\t<meta property=\"og:image:type\" content=\"image\/webp\" \/>\n<meta name=\"author\" content=\"Maria Bonatto\" \/>\n<meta name=\"twitter:card\" content=\"summary_large_image\" \/>\n<meta name=\"twitter:label1\" content=\"Escrito por\" \/>\n\t<meta name=\"twitter:data1\" content=\"Maria Bonatto\" \/>\n\t<meta name=\"twitter:label2\" content=\"Est. tempo de leitura\" \/>\n\t<meta name=\"twitter:data2\" content=\"2 minutos\" \/>\n<script type=\"application\/ld+json\" class=\"yoast-schema-graph\">{\"@context\":\"https:\\\/\\\/schema.org\",\"@graph\":[{\"@type\":\"Article\",\"@id\":\"https:\\\/\\\/jornalboasnoticias.com.br\\\/home\\\/prazo-para-pedir-dispensa-de-prova-do-enade-2023-ja-comecou\\\/#article\",\"isPartOf\":{\"@id\":\"https:\\\/\\\/jornalboasnoticias.com.br\\\/home\\\/prazo-para-pedir-dispensa-de-prova-do-enade-2023-ja-comecou\\\/\"},\"author\":{\"name\":\"Maria Bonatto\",\"@id\":\"https:\\\/\\\/jornalboasnoticias.com.br\\\/home\\\/#\\\/schema\\\/person\\\/71a4be4d1685617d6d00f15f0f2952ee\"},\"headline\":\"Prazo para pedir dispensa de prova do Enade 2023 j\u00e1 come\u00e7ou\",\"datePublished\":\"2024-01-05T13:39:46+00:00\",\"mainEntityOfPage\":{\"@id\":\"https:\\\/\\\/jornalboasnoticias.com.br\\\/home\\\/prazo-para-pedir-dispensa-de-prova-do-enade-2023-ja-comecou\\\/\"},\"wordCount\":341,\"commentCount\":0,\"publisher\":{\"@id\":\"https:\\\/\\\/jornalboasnoticias.com.br\\\/home\\\/#organization\"},\"image\":{\"@id\":\"https:\\\/\\\/jornalboasnoticias.com.br\\\/home\\\/prazo-para-pedir-dispensa-de-prova-do-enade-2023-ja-comecou\\\/#primaryimage\"},\"thumbnailUrl\":\"https:\\\/\\\/jornalboasnoticias.com.br\\\/home\\\/wp-content\\\/uploads\\\/2024\\\/01\\\/antcrz_20181125_2110-e1704461970336.webp\",\"articleSection\":[\"EDUCA\u00c7\u00c3O\"],\"inLanguage\":\"pt-BR\",\"potentialAction\":[{\"@type\":\"CommentAction\",\"name\":\"Comment\",\"target\":[\"https:\\\/\\\/jornalboasnoticias.com.br\\\/home\\\/prazo-para-pedir-dispensa-de-prova-do-enade-2023-ja-comecou\\\/#respond\"]}]},{\"@type\":\"WebPage\",\"@id\":\"https:\\\/\\\/jornalboasnoticias.com.br\\\/home\\\/prazo-para-pedir-dispensa-de-prova-do-enade-2023-ja-comecou\\\/\",\"url\":\"https:\\\/\\\/jornalboasnoticias.com.br\\\/home\\\/prazo-para-pedir-dispensa-de-prova-do-enade-2023-ja-comecou\\\/\",\"name\":\"Prazo para pedir dispensa de prova do Enade 2023 j\u00e1 come\u00e7ou - Jornal\",\"isPartOf\":{\"@id\":\"https:\\\/\\\/jornalboasnoticias.com.br\\\/home\\\/#website\"},\"primaryImageOfPage\":{\"@id\":\"https:\\\/\\\/jornalboasnoticias.com.br\\\/home\\\/prazo-para-pedir-dispensa-de-prova-do-enade-2023-ja-comecou\\\/#primaryimage\"},\"image\":{\"@id\":\"https:\\\/\\\/jornalboasnoticias.com.br\\\/home\\\/prazo-para-pedir-dispensa-de-prova-do-enade-2023-ja-comecou\\\/#primaryimage\"},\"thumbnailUrl\":\"https:\\\/\\\/jornalboasnoticias.com.br\\\/home\\\/wp-content\\\/uploads\\\/2024\\\/01\\\/antcrz_20181125_2110-e1704461970336.webp\",\"datePublished\":\"2024-01-05T13:39:46+00:00\",\"description\":\"Prazo para pedir dispensa de prova do Enade 2023 j\u00e1 come\u00e7ou\",\"breadcrumb\":{\"@id\":\"https:\\\/\\\/jornalboasnoticias.com.br\\\/home\\\/prazo-para-pedir-dispensa-de-prova-do-enade-2023-ja-comecou\\\/#breadcrumb\"},\"inLanguage\":\"pt-BR\",\"potentialAction\":[{\"@type\":\"ReadAction\",\"target\":[\"https:\\\/\\\/jornalboasnoticias.com.br\\\/home\\\/prazo-para-pedir-dispensa-de-prova-do-enade-2023-ja-comecou\\\/\"]}]},{\"@type\":\"ImageObject\",\"inLanguage\":\"pt-BR\",\"@id\":\"https:\\\/\\\/jornalboasnoticias.com.br\\\/home\\\/prazo-para-pedir-dispensa-de-prova-do-enade-2023-ja-comecou\\\/#primaryimage\",\"url\":\"https:\\\/\\\/jornalboasnoticias.com.br\\\/home\\\/wp-content\\\/uploads\\\/2024\\\/01\\\/antcrz_20181125_2110-e1704461970336.webp\",\"contentUrl\":\"https:\\\/\\\/jornalboasnoticias.com.br\\\/home\\\/wp-content\\\/uploads\\\/2024\\\/01\\\/antcrz_20181125_2110-e1704461970336.webp\",\"width\":800,\"height\":479,\"caption\":\"\u00a9 Antonio Cruz\\\/ Ag\u00eancia Brasil\"},{\"@type\":\"BreadcrumbList\",\"@id\":\"https:\\\/\\\/jornalboasnoticias.com.br\\\/home\\\/prazo-para-pedir-dispensa-de-prova-do-enade-2023-ja-comecou\\\/#breadcrumb\",\"itemListElement\":[{\"@type\":\"ListItem\",\"position\":1,\"name\":\"In\u00edcio\",\"item\":\"https:\\\/\\\/jornalboasnoticias.com.br\\\/home\\\/\"},{\"@type\":\"ListItem\",\"position\":2,\"name\":\"Prazo para pedir dispensa de prova do Enade 2023 j\u00e1 come\u00e7ou\"}]},{\"@type\":\"WebSite\",\"@id\":\"https:\\\/\\\/jornalboasnoticias.com.br\\\/home\\\/#website\",\"url\":\"https:\\\/\\\/jornalboasnoticias.com.br\\\/home\\\/\",\"name\":\"Jornal Boas Not\u00edcias\",\"description\":\"Boas not\u00edcias\",\"publisher\":{\"@id\":\"https:\\\/\\\/jornalboasnoticias.com.br\\\/home\\\/#organization\"},\"potentialAction\":[{\"@type\":\"SearchAction\",\"target\":{\"@type\":\"EntryPoint\",\"urlTemplate\":\"https:\\\/\\\/jornalboasnoticias.com.br\\\/home\\\/?s={search_term_string}\"},\"query-input\":{\"@type\":\"PropertyValueSpecification\",\"valueRequired\":true,\"valueName\":\"search_term_string\"}}],\"inLanguage\":\"pt-BR\"},{\"@type\":\"Organization\",\"@id\":\"https:\\\/\\\/jornalboasnoticias.com.br\\\/home\\\/#organization\",\"name\":\"Coq Editora Ltda\",\"alternateName\":\"Jornal Boas Noticias\",\"url\":\"https:\\\/\\\/jornalboasnoticias.com.br\\\/home\\\/\",\"logo\":{\"@type\":\"ImageObject\",\"inLanguage\":\"pt-BR\",\"@id\":\"https:\\\/\\\/jornalboasnoticias.com.br\\\/home\\\/#\\\/schema\\\/logo\\\/image\\\/\",\"url\":\"https:\\\/\\\/jornalboasnoticias.com.br\\\/home\\\/wp-content\\\/uploads\\\/2024\\\/07\\\/cropped-logo.jpg\",\"contentUrl\":\"https:\\\/\\\/jornalboasnoticias.com.br\\\/home\\\/wp-content\\\/uploads\\\/2024\\\/07\\\/cropped-logo.jpg\",\"width\":290,\"height\":142,\"caption\":\"Coq Editora Ltda\"},\"image\":{\"@id\":\"https:\\\/\\\/jornalboasnoticias.com.br\\\/home\\\/#\\\/schema\\\/logo\\\/image\\\/\"},\"sameAs\":[\"https:\\\/\\\/www.facebook.com\\\/boasnoticiasjornal\"]},{\"@type\":\"Person\",\"@id\":\"https:\\\/\\\/jornalboasnoticias.com.br\\\/home\\\/#\\\/schema\\\/person\\\/71a4be4d1685617d6d00f15f0f2952ee\",\"name\":\"Maria Bonatto\",\"image\":{\"@type\":\"ImageObject\",\"inLanguage\":\"pt-BR\",\"@id\":\"https:\\\/\\\/secure.gravatar.com\\\/avatar\\\/61bdbd92f7d53dd2fedfe556279602d97507ae906fdeb9624602488dcdcd042f?s=96&d=mm&r=g\",\"url\":\"https:\\\/\\\/secure.gravatar.com\\\/avatar\\\/61bdbd92f7d53dd2fedfe556279602d97507ae906fdeb9624602488dcdcd042f?s=96&d=mm&r=g\",\"contentUrl\":\"https:\\\/\\\/secure.gravatar.com\\\/avatar\\\/61bdbd92f7d53dd2fedfe556279602d97507ae906fdeb9624602488dcdcd042f?s=96&d=mm&r=g\",\"caption\":\"Maria Bonatto\"},\"url\":\"https:\\\/\\\/jornalboasnoticias.com.br\\\/home\\\/author\\\/ana-bonatto\\\/\"}]}<\/script>\n<!-- \/ Yoast SEO plugin. -->","yoast_head_json":{"title":"Prazo para pedir dispensa de prova do Enade 2023 j\u00e1 come\u00e7ou - Jornal","description":"Prazo para pedir dispensa de prova do Enade 2023 j\u00e1 come\u00e7ou","robots":{"index":"index","follow":"follow","max-snippet":"max-snippet:-1","max-image-preview":"max-image-preview:large","max-video-preview":"max-video-preview:-1"},"canonical":"https:\/\/jornalboasnoticias.com.br\/home\/prazo-para-pedir-dispensa-de-prova-do-enade-2023-ja-comecou\/","og_locale":"pt_BR","og_type":"article","og_title":"Prazo para pedir dispensa de prova do Enade 2023 j\u00e1 come\u00e7ou - Jornal","og_description":"Prazo para pedir dispensa de prova do Enade 2023 j\u00e1 come\u00e7ou","og_url":"https:\/\/jornalboasnoticias.com.br\/home\/prazo-para-pedir-dispensa-de-prova-do-enade-2023-ja-comecou\/","og_site_name":"Jornal","article_publisher":"https:\/\/www.facebook.com\/boasnoticiasjornal","article_published_time":"2024-01-05T13:39:46+00:00","og_image":[{"width":800,"height":479,"url":"https:\/\/jornalboasnoticias.com.br\/home\/wp-content\/uploads\/2024\/01\/antcrz_20181125_2110-e1704461970336.webp","type":"image\/webp"}],"author":"Maria Bonatto","twitter_card":"summary_large_image","twitter_misc":{"Escrito por":"Maria Bonatto","Est. tempo de leitura":"2 minutos"},"schema":{"@context":"https:\/\/schema.org","@graph":[{"@type":"Article","@id":"https:\/\/jornalboasnoticias.com.br\/home\/prazo-para-pedir-dispensa-de-prova-do-enade-2023-ja-comecou\/#article","isPartOf":{"@id":"https:\/\/jornalboasnoticias.com.br\/home\/prazo-para-pedir-dispensa-de-prova-do-enade-2023-ja-comecou\/"},"author":{"name":"Maria Bonatto","@id":"https:\/\/jornalboasnoticias.com.br\/home\/#\/schema\/person\/71a4be4d1685617d6d00f15f0f2952ee"},"headline":"Prazo para pedir dispensa de prova do Enade 2023 j\u00e1 come\u00e7ou","datePublished":"2024-01-05T13:39:46+00:00","mainEntityOfPage":{"@id":"https:\/\/jornalboasnoticias.com.br\/home\/prazo-para-pedir-dispensa-de-prova-do-enade-2023-ja-comecou\/"},"wordCount":341,"commentCount":0,"publisher":{"@id":"https:\/\/jornalboasnoticias.com.br\/home\/#organization"},"image":{"@id":"https:\/\/jornalboasnoticias.com.br\/home\/prazo-para-pedir-dispensa-de-prova-do-enade-2023-ja-comecou\/#primaryimage"},"thumbnailUrl":"https:\/\/jornalboasnoticias.com.br\/home\/wp-content\/uploads\/2024\/01\/antcrz_20181125_2110-e1704461970336.webp","articleSection":["EDUCA\u00c7\u00c3O"],"inLanguage":"pt-BR","potentialAction":[{"@type":"CommentAction","name":"Comment","target":["https:\/\/jornalboasnoticias.com.br\/home\/prazo-para-pedir-dispensa-de-prova-do-enade-2023-ja-comecou\/#respond"]}]},{"@type":"WebPage","@id":"https:\/\/jornalboasnoticias.com.br\/home\/prazo-para-pedir-dispensa-de-prova-do-enade-2023-ja-comecou\/","url":"https:\/\/jornalboasnoticias.com.br\/home\/prazo-para-pedir-dispensa-de-prova-do-enade-2023-ja-comecou\/","name":"Prazo para pedir dispensa de prova do Enade 2023 j\u00e1 come\u00e7ou - Jornal","isPartOf":{"@id":"https:\/\/jornalboasnoticias.com.br\/home\/#website"},"primaryImageOfPage":{"@id":"https:\/\/jornalboasnoticias.com.br\/home\/prazo-para-pedir-dispensa-de-prova-do-enade-2023-ja-comecou\/#primaryimage"},"image":{"@id":"https:\/\/jornalboasnoticias.com.br\/home\/prazo-para-pedir-dispensa-de-prova-do-enade-2023-ja-comecou\/#primaryimage"},"thumbnailUrl":"https:\/\/jornalboasnoticias.com.br\/home\/wp-content\/uploads\/2024\/01\/antcrz_20181125_2110-e1704461970336.webp","datePublished":"2024-01-05T13:39:46+00:00","description":"Prazo para pedir dispensa de prova do Enade 2023 j\u00e1 come\u00e7ou","breadcrumb":{"@id":"https:\/\/jornalboasnoticias.com.br\/home\/prazo-para-pedir-dispensa-de-prova-do-enade-2023-ja-comecou\/#breadcrumb"},"inLanguage":"pt-BR","potentialAction":[{"@type":"ReadAction","target":["https:\/\/jornalboasnoticias.com.br\/home\/prazo-para-pedir-dispensa-de-prova-do-enade-2023-ja-comecou\/"]}]},{"@type":"ImageObject","inLanguage":"pt-BR","@id":"https:\/\/jornalboasnoticias.com.br\/home\/prazo-para-pedir-dispensa-de-prova-do-enade-2023-ja-comecou\/#primaryimage","url":"https:\/\/jornalboasnoticias.com.br\/home\/wp-content\/uploads\/2024\/01\/antcrz_20181125_2110-e1704461970336.webp","contentUrl":"https:\/\/jornalboasnoticias.com.br\/home\/wp-content\/uploads\/2024\/01\/antcrz_20181125_2110-e1704461970336.webp","width":800,"height":479,"caption":"\u00a9 Antonio Cruz\/ Ag\u00eancia Brasil"},{"@type":"BreadcrumbList","@id":"https:\/\/jornalboasnoticias.com.br\/home\/prazo-para-pedir-dispensa-de-prova-do-enade-2023-ja-comecou\/#breadcrumb","itemListElement":[{"@type":"ListItem","position":1,"name":"In\u00edcio","item":"https:\/\/jornalboasnoticias.com.br\/home\/"},{"@type":"ListItem","position":2,"name":"Prazo para pedir dispensa de prova do Enade 2023 j\u00e1 come\u00e7ou"}]},{"@type":"WebSite","@id":"https:\/\/jornalboasnoticias.com.br\/home\/#website","url":"https:\/\/jornalboasnoticias.com.br\/home\/","name":"Jornal Boas Not\u00edcias","description":"Boas not\u00edcias","publisher":{"@id":"https:\/\/jornalboasnoticias.com.br\/home\/#organization"},"potentialAction":[{"@type":"SearchAction","target":{"@type":"EntryPoint","urlTemplate":"https:\/\/jornalboasnoticias.com.br\/home\/?s={search_term_string}"},"query-input":{"@type":"PropertyValueSpecification","valueRequired":true,"valueName":"search_term_string"}}],"inLanguage":"pt-BR"},{"@type":"Organization","@id":"https:\/\/jornalboasnoticias.com.br\/home\/#organization","name":"Coq Editora Ltda","alternateName":"Jornal Boas Noticias","url":"https:\/\/jornalboasnoticias.com.br\/home\/","logo":{"@type":"ImageObject","inLanguage":"pt-BR","@id":"https:\/\/jornalboasnoticias.com.br\/home\/#\/schema\/logo\/image\/","url":"https:\/\/jornalboasnoticias.com.br\/home\/wp-content\/uploads\/2024\/07\/cropped-logo.jpg","contentUrl":"https:\/\/jornalboasnoticias.com.br\/home\/wp-content\/uploads\/2024\/07\/cropped-logo.jpg","width":290,"height":142,"caption":"Coq Editora Ltda"},"image":{"@id":"https:\/\/jornalboasnoticias.com.br\/home\/#\/schema\/logo\/image\/"},"sameAs":["https:\/\/www.facebook.com\/boasnoticiasjornal"]},{"@type":"Person","@id":"https:\/\/jornalboasnoticias.com.br\/home\/#\/schema\/person\/71a4be4d1685617d6d00f15f0f2952ee","name":"Maria Bonatto","image":{"@type":"ImageObject","inLanguage":"pt-BR","@id":"https:\/\/secure.gravatar.com\/avatar\/61bdbd92f7d53dd2fedfe556279602d97507ae906fdeb9624602488dcdcd042f?s=96&d=mm&r=g","url":"https:\/\/secure.gravatar.com\/avatar\/61bdbd92f7d53dd2fedfe556279602d97507ae906fdeb9624602488dcdcd042f?s=96&d=mm&r=g","contentUrl":"https:\/\/secure.gravatar.com\/avatar\/61bdbd92f7d53dd2fedfe556279602d97507ae906fdeb9624602488dcdcd042f?s=96&d=mm&r=g","caption":"Maria Bonatto"},"url":"https:\/\/jornalboasnoticias.com.br\/home\/author\/ana-bonatto\/"}]}},"_links":{"self":[{"href":"https:\/\/jornalboasnoticias.com.br\/home\/wp-json\/wp\/v2\/posts\/42420","targetHints":{"allow":["GET"]}}],"collection":[{"href":"https:\/\/jornalboasnoticias.com.br\/home\/wp-json\/wp\/v2\/posts"}],"about":[{"href":"https:\/\/jornalboasnoticias.com.br\/home\/wp-json\/wp\/v2\/types\/post"}],"author":[{"embeddable":true,"href":"https:\/\/jornalboasnoticias.com.br\/home\/wp-json\/wp\/v2\/users\/2"}],"replies":[{"embeddable":true,"href":"https:\/\/jornalboasnoticias.com.br\/home\/wp-json\/wp\/v2\/comments?post=42420"}],"version-history":[{"count":0,"href":"https:\/\/jornalboasnoticias.com.br\/home\/wp-json\/wp\/v2\/posts\/42420\/revisions"}],"wp:featuredmedia":[{"embeddable":true,"href":"https:\/\/jornalboasnoticias.com.br\/home\/wp-json\/wp\/v2\/media\/42421"}],"wp:attachment":[{"href":"https:\/\/jornalboasnoticias.com.br\/home\/wp-json\/wp\/v2\/media?parent=42420"}],"wp:term":[{"taxonomy":"category","embeddable":true,"href":"https:\/\/jornalboasnoticias.com.br\/home\/wp-json\/wp\/v2\/categories?post=42420"},{"taxonomy":"post_tag","embeddable":true,"href":"https:\/\/jornalboasnoticias.com.br\/home\/wp-json\/wp\/v2\/tags?post=42420"}],"curies":[{"name":"wp","href":"https:\/\/api.w.org\/{rel}","templated":true}]}}