{"id":33828,"date":"2023-02-22T10:48:37","date_gmt":"2023-02-22T13:48:37","guid":{"rendered":"https:\/\/www.jornalboasnoticias.com.br\/?p=33828"},"modified":"2023-02-22T10:48:37","modified_gmt":"2023-02-22T13:48:37","slug":"felipe-neto-fara-parte-de-grupo-do-governo-contra-discurso-de-odio","status":"publish","type":"post","link":"https:\/\/jornalboasnoticias.com.br\/home\/felipe-neto-fara-parte-de-grupo-do-governo-contra-discurso-de-odio\/","title":{"rendered":"Felipe Neto far\u00e1 parte de grupo do governo contra discurso de \u00f3dio"},"content":{"rendered":"<blockquote>\n<div class=\"m-head-single\">\n<p class=\"m-resume-single\">Nome do influenciador Felipe Neto est\u00e1 em portaria do Minist\u00e9rio dos Direitos Humanos como integrante de grupo comandado por Manuela d&#8217;\u00c1vila<\/p>\n<\/div>\n<\/blockquote>\n<p>Uma portaria do Minist\u00e9rio dos Direitos Humanos e da Cidadania, publicada no\u00a0<a href=\"https:\/\/portal.in.gov.br\/web\/dou\/-\/portaria-n-129-de-17-de-fevereiro-de-2023-465411989\" target=\"_blank\" rel=\"noopener\">Di\u00e1rio Oficial da Uni\u00e3o desta quarta-feira (22\/2)<\/a>, traz a cria\u00e7\u00e3o de um grupo de trabalho (GT) que tem como objetivo apresentar \u201cestrat\u00e9gias de combate ao discurso de \u00f3dio e ao extremismo\u201d. Entre os integrantes desse grupo est\u00e1 o influenciador\u00a0Felipe Neto.<\/p>\n<p data-gtm-vis-recent-on-screen-8752935_845=\"1653004\" data-gtm-vis-first-on-screen-8752935_845=\"1653004\" data-gtm-vis-total-visible-time-8752935_845=\"100\" data-gtm-vis-has-fired-8752935_845=\"1\">O grupo de trabalho ser\u00e1 presidido por\u00a0Manuela d\u2019\u00c1vila (PCdoB), candidata \u00e0 vice-presid\u00eancia pela chapa de Fernando Haddad (PT) em 2018. A jornalista Patr\u00edcia Campos Mello, a antrop\u00f3loga e pesquisadora D\u00e9bora Diniz e o epidemiologista e professor Pedro Hallal tamb\u00e9m fazem parte do GT.<\/p>\n<p data-gtm-vis-recent-on-screen-8752935_845=\"1653004\" data-gtm-vis-first-on-screen-8752935_845=\"1653004\" data-gtm-vis-total-visible-time-8752935_845=\"100\" data-gtm-vis-has-fired-8752935_845=\"1\">Leia a mat\u00e9ria completa no <a href=\"https:\/\/www.metropoles.com\/brasil\/felipe-neto-fara-parte-de-grupo-do-governo-contra-discurso-de-odio\">Portal Metr\u00f3poles<\/a><\/p>\n","protected":false},"excerpt":{"rendered":"<p>Nome do influenciador Felipe Neto est\u00e1 em portaria do Minist\u00e9rio dos Direitos Humanos como integrante<\/p>\n","protected":false},"author":2,"featured_media":33829,"comment_status":"open","ping_status":"open","sticky":false,"template":"","format":"standard","meta":{"footnotes":""},"categories":[6,3],"tags":[],"class_list":["post-33828","post","type-post","status-publish","format-standard","has-post-thumbnail","hentry","category-brasil","category-destaques"],"yoast_head":"<!-- This site is optimized with the Yoast SEO plugin v27.5 - https:\/\/yoast.com\/product\/yoast-seo-wordpress\/ -->\n<title>Felipe Neto far\u00e1 parte de grupo do governo contra discurso de \u00f3dio - Jornal<\/title>\n<meta name=\"description\" content=\"Felipe Neto far\u00e1 parte de grupo do governo contra discurso de \u00f3dio\" \/>\n<meta name=\"robots\" content=\"index, follow, max-snippet:-1, max-image-preview:large, max-video-preview:-1\" \/>\n<link rel=\"canonical\" href=\"https:\/\/jornalboasnoticias.com.br\/home\/felipe-neto-fara-parte-de-grupo-do-governo-contra-discurso-de-odio\/\" \/>\n<meta property=\"og:locale\" content=\"pt_BR\" \/>\n<meta property=\"og:type\" content=\"article\" \/>\n<meta property=\"og:title\" content=\"Felipe Neto far\u00e1 parte de grupo do governo contra discurso de \u00f3dio - Jornal\" \/>\n<meta property=\"og:description\" content=\"Felipe Neto far\u00e1 parte de grupo do governo contra discurso de \u00f3dio\" \/>\n<meta property=\"og:url\" content=\"https:\/\/jornalboasnoticias.com.br\/home\/felipe-neto-fara-parte-de-grupo-do-governo-contra-discurso-de-odio\/\" \/>\n<meta property=\"og:site_name\" content=\"Jornal\" \/>\n<meta property=\"article:publisher\" content=\"https:\/\/www.facebook.com\/boasnoticiasjornal\" \/>\n<meta property=\"article:published_time\" content=\"2023-02-22T13:48:37+00:00\" \/>\n<meta property=\"og:image\" content=\"https:\/\/jornalboasnoticias.com.br\/home\/wp-content\/uploads\/2023\/02\/Snapinsta.app_1080_314081182_1590943728006119_5071866506150555218_n-600x400-1.webp\" \/>\n\t<meta property=\"og:image:width\" content=\"600\" \/>\n\t<meta property=\"og:image:height\" content=\"400\" \/>\n\t<meta property=\"og:image:type\" content=\"image\/webp\" \/>\n<meta name=\"author\" content=\"Maria Bonatto\" \/>\n<meta name=\"twitter:card\" content=\"summary_large_image\" \/>\n<meta name=\"twitter:label1\" content=\"Escrito por\" \/>\n\t<meta name=\"twitter:data1\" content=\"Maria Bonatto\" \/>\n\t<meta name=\"twitter:label2\" content=\"Est. tempo de leitura\" \/>\n\t<meta name=\"twitter:data2\" content=\"1 minuto\" \/>\n<script type=\"application\/ld+json\" class=\"yoast-schema-graph\">{\"@context\":\"https:\\\/\\\/schema.org\",\"@graph\":[{\"@type\":\"Article\",\"@id\":\"https:\\\/\\\/jornalboasnoticias.com.br\\\/home\\\/felipe-neto-fara-parte-de-grupo-do-governo-contra-discurso-de-odio\\\/#article\",\"isPartOf\":{\"@id\":\"https:\\\/\\\/jornalboasnoticias.com.br\\\/home\\\/felipe-neto-fara-parte-de-grupo-do-governo-contra-discurso-de-odio\\\/\"},\"author\":{\"name\":\"Maria Bonatto\",\"@id\":\"https:\\\/\\\/jornalboasnoticias.com.br\\\/home\\\/#\\\/schema\\\/person\\\/71a4be4d1685617d6d00f15f0f2952ee\"},\"headline\":\"Felipe Neto far\u00e1 parte de grupo do governo contra discurso de \u00f3dio\",\"datePublished\":\"2023-02-22T13:48:37+00:00\",\"mainEntityOfPage\":{\"@id\":\"https:\\\/\\\/jornalboasnoticias.com.br\\\/home\\\/felipe-neto-fara-parte-de-grupo-do-governo-contra-discurso-de-odio\\\/\"},\"wordCount\":149,\"commentCount\":0,\"publisher\":{\"@id\":\"https:\\\/\\\/jornalboasnoticias.com.br\\\/home\\\/#organization\"},\"image\":{\"@id\":\"https:\\\/\\\/jornalboasnoticias.com.br\\\/home\\\/felipe-neto-fara-parte-de-grupo-do-governo-contra-discurso-de-odio\\\/#primaryimage\"},\"thumbnailUrl\":\"https:\\\/\\\/jornalboasnoticias.com.br\\\/home\\\/wp-content\\\/uploads\\\/2023\\\/02\\\/Snapinsta.app_1080_314081182_1590943728006119_5071866506150555218_n-600x400-1.webp\",\"articleSection\":[\"BRASIL\",\"DESTAQUE\"],\"inLanguage\":\"pt-BR\",\"potentialAction\":[{\"@type\":\"CommentAction\",\"name\":\"Comment\",\"target\":[\"https:\\\/\\\/jornalboasnoticias.com.br\\\/home\\\/felipe-neto-fara-parte-de-grupo-do-governo-contra-discurso-de-odio\\\/#respond\"]}]},{\"@type\":\"WebPage\",\"@id\":\"https:\\\/\\\/jornalboasnoticias.com.br\\\/home\\\/felipe-neto-fara-parte-de-grupo-do-governo-contra-discurso-de-odio\\\/\",\"url\":\"https:\\\/\\\/jornalboasnoticias.com.br\\\/home\\\/felipe-neto-fara-parte-de-grupo-do-governo-contra-discurso-de-odio\\\/\",\"name\":\"Felipe Neto far\u00e1 parte de grupo do governo contra discurso de \u00f3dio - Jornal\",\"isPartOf\":{\"@id\":\"https:\\\/\\\/jornalboasnoticias.com.br\\\/home\\\/#website\"},\"primaryImageOfPage\":{\"@id\":\"https:\\\/\\\/jornalboasnoticias.com.br\\\/home\\\/felipe-neto-fara-parte-de-grupo-do-governo-contra-discurso-de-odio\\\/#primaryimage\"},\"image\":{\"@id\":\"https:\\\/\\\/jornalboasnoticias.com.br\\\/home\\\/felipe-neto-fara-parte-de-grupo-do-governo-contra-discurso-de-odio\\\/#primaryimage\"},\"thumbnailUrl\":\"https:\\\/\\\/jornalboasnoticias.com.br\\\/home\\\/wp-content\\\/uploads\\\/2023\\\/02\\\/Snapinsta.app_1080_314081182_1590943728006119_5071866506150555218_n-600x400-1.webp\",\"datePublished\":\"2023-02-22T13:48:37+00:00\",\"description\":\"Felipe Neto far\u00e1 parte de grupo do governo contra discurso de \u00f3dio\",\"breadcrumb\":{\"@id\":\"https:\\\/\\\/jornalboasnoticias.com.br\\\/home\\\/felipe-neto-fara-parte-de-grupo-do-governo-contra-discurso-de-odio\\\/#breadcrumb\"},\"inLanguage\":\"pt-BR\",\"potentialAction\":[{\"@type\":\"ReadAction\",\"target\":[\"https:\\\/\\\/jornalboasnoticias.com.br\\\/home\\\/felipe-neto-fara-parte-de-grupo-do-governo-contra-discurso-de-odio\\\/\"]}]},{\"@type\":\"ImageObject\",\"inLanguage\":\"pt-BR\",\"@id\":\"https:\\\/\\\/jornalboasnoticias.com.br\\\/home\\\/felipe-neto-fara-parte-de-grupo-do-governo-contra-discurso-de-odio\\\/#primaryimage\",\"url\":\"https:\\\/\\\/jornalboasnoticias.com.br\\\/home\\\/wp-content\\\/uploads\\\/2023\\\/02\\\/Snapinsta.app_1080_314081182_1590943728006119_5071866506150555218_n-600x400-1.webp\",\"contentUrl\":\"https:\\\/\\\/jornalboasnoticias.com.br\\\/home\\\/wp-content\\\/uploads\\\/2023\\\/02\\\/Snapinsta.app_1080_314081182_1590943728006119_5071866506150555218_n-600x400-1.webp\",\"width\":600,\"height\":400},{\"@type\":\"BreadcrumbList\",\"@id\":\"https:\\\/\\\/jornalboasnoticias.com.br\\\/home\\\/felipe-neto-fara-parte-de-grupo-do-governo-contra-discurso-de-odio\\\/#breadcrumb\",\"itemListElement\":[{\"@type\":\"ListItem\",\"position\":1,\"name\":\"In\u00edcio\",\"item\":\"https:\\\/\\\/jornalboasnoticias.com.br\\\/home\\\/\"},{\"@type\":\"ListItem\",\"position\":2,\"name\":\"Felipe Neto far\u00e1 parte de grupo do governo contra discurso de \u00f3dio\"}]},{\"@type\":\"WebSite\",\"@id\":\"https:\\\/\\\/jornalboasnoticias.com.br\\\/home\\\/#website\",\"url\":\"https:\\\/\\\/jornalboasnoticias.com.br\\\/home\\\/\",\"name\":\"Jornal Boas Not\u00edcias\",\"description\":\"Boas not\u00edcias\",\"publisher\":{\"@id\":\"https:\\\/\\\/jornalboasnoticias.com.br\\\/home\\\/#organization\"},\"potentialAction\":[{\"@type\":\"SearchAction\",\"target\":{\"@type\":\"EntryPoint\",\"urlTemplate\":\"https:\\\/\\\/jornalboasnoticias.com.br\\\/home\\\/?s={search_term_string}\"},\"query-input\":{\"@type\":\"PropertyValueSpecification\",\"valueRequired\":true,\"valueName\":\"search_term_string\"}}],\"inLanguage\":\"pt-BR\"},{\"@type\":\"Organization\",\"@id\":\"https:\\\/\\\/jornalboasnoticias.com.br\\\/home\\\/#organization\",\"name\":\"Coq Editora Ltda\",\"alternateName\":\"Jornal Boas Noticias\",\"url\":\"https:\\\/\\\/jornalboasnoticias.com.br\\\/home\\\/\",\"logo\":{\"@type\":\"ImageObject\",\"inLanguage\":\"pt-BR\",\"@id\":\"https:\\\/\\\/jornalboasnoticias.com.br\\\/home\\\/#\\\/schema\\\/logo\\\/image\\\/\",\"url\":\"https:\\\/\\\/jornalboasnoticias.com.br\\\/home\\\/wp-content\\\/uploads\\\/2024\\\/07\\\/cropped-logo.jpg\",\"contentUrl\":\"https:\\\/\\\/jornalboasnoticias.com.br\\\/home\\\/wp-content\\\/uploads\\\/2024\\\/07\\\/cropped-logo.jpg\",\"width\":290,\"height\":142,\"caption\":\"Coq Editora Ltda\"},\"image\":{\"@id\":\"https:\\\/\\\/jornalboasnoticias.com.br\\\/home\\\/#\\\/schema\\\/logo\\\/image\\\/\"},\"sameAs\":[\"https:\\\/\\\/www.facebook.com\\\/boasnoticiasjornal\"]},{\"@type\":\"Person\",\"@id\":\"https:\\\/\\\/jornalboasnoticias.com.br\\\/home\\\/#\\\/schema\\\/person\\\/71a4be4d1685617d6d00f15f0f2952ee\",\"name\":\"Maria Bonatto\",\"image\":{\"@type\":\"ImageObject\",\"inLanguage\":\"pt-BR\",\"@id\":\"https:\\\/\\\/secure.gravatar.com\\\/avatar\\\/61bdbd92f7d53dd2fedfe556279602d97507ae906fdeb9624602488dcdcd042f?s=96&d=mm&r=g\",\"url\":\"https:\\\/\\\/secure.gravatar.com\\\/avatar\\\/61bdbd92f7d53dd2fedfe556279602d97507ae906fdeb9624602488dcdcd042f?s=96&d=mm&r=g\",\"contentUrl\":\"https:\\\/\\\/secure.gravatar.com\\\/avatar\\\/61bdbd92f7d53dd2fedfe556279602d97507ae906fdeb9624602488dcdcd042f?s=96&d=mm&r=g\",\"caption\":\"Maria Bonatto\"},\"url\":\"https:\\\/\\\/jornalboasnoticias.com.br\\\/home\\\/author\\\/ana-bonatto\\\/\"}]}<\/script>\n<!-- \/ Yoast SEO plugin. -->","yoast_head_json":{"title":"Felipe Neto far\u00e1 parte de grupo do governo contra discurso de \u00f3dio - Jornal","description":"Felipe Neto far\u00e1 parte de grupo do governo contra discurso de \u00f3dio","robots":{"index":"index","follow":"follow","max-snippet":"max-snippet:-1","max-image-preview":"max-image-preview:large","max-video-preview":"max-video-preview:-1"},"canonical":"https:\/\/jornalboasnoticias.com.br\/home\/felipe-neto-fara-parte-de-grupo-do-governo-contra-discurso-de-odio\/","og_locale":"pt_BR","og_type":"article","og_title":"Felipe Neto far\u00e1 parte de grupo do governo contra discurso de \u00f3dio - Jornal","og_description":"Felipe Neto far\u00e1 parte de grupo do governo contra discurso de \u00f3dio","og_url":"https:\/\/jornalboasnoticias.com.br\/home\/felipe-neto-fara-parte-de-grupo-do-governo-contra-discurso-de-odio\/","og_site_name":"Jornal","article_publisher":"https:\/\/www.facebook.com\/boasnoticiasjornal","article_published_time":"2023-02-22T13:48:37+00:00","og_image":[{"width":600,"height":400,"url":"https:\/\/jornalboasnoticias.com.br\/home\/wp-content\/uploads\/2023\/02\/Snapinsta.app_1080_314081182_1590943728006119_5071866506150555218_n-600x400-1.webp","type":"image\/webp"}],"author":"Maria Bonatto","twitter_card":"summary_large_image","twitter_misc":{"Escrito por":"Maria Bonatto","Est. tempo de leitura":"1 minuto"},"schema":{"@context":"https:\/\/schema.org","@graph":[{"@type":"Article","@id":"https:\/\/jornalboasnoticias.com.br\/home\/felipe-neto-fara-parte-de-grupo-do-governo-contra-discurso-de-odio\/#article","isPartOf":{"@id":"https:\/\/jornalboasnoticias.com.br\/home\/felipe-neto-fara-parte-de-grupo-do-governo-contra-discurso-de-odio\/"},"author":{"name":"Maria Bonatto","@id":"https:\/\/jornalboasnoticias.com.br\/home\/#\/schema\/person\/71a4be4d1685617d6d00f15f0f2952ee"},"headline":"Felipe Neto far\u00e1 parte de grupo do governo contra discurso de \u00f3dio","datePublished":"2023-02-22T13:48:37+00:00","mainEntityOfPage":{"@id":"https:\/\/jornalboasnoticias.com.br\/home\/felipe-neto-fara-parte-de-grupo-do-governo-contra-discurso-de-odio\/"},"wordCount":149,"commentCount":0,"publisher":{"@id":"https:\/\/jornalboasnoticias.com.br\/home\/#organization"},"image":{"@id":"https:\/\/jornalboasnoticias.com.br\/home\/felipe-neto-fara-parte-de-grupo-do-governo-contra-discurso-de-odio\/#primaryimage"},"thumbnailUrl":"https:\/\/jornalboasnoticias.com.br\/home\/wp-content\/uploads\/2023\/02\/Snapinsta.app_1080_314081182_1590943728006119_5071866506150555218_n-600x400-1.webp","articleSection":["BRASIL","DESTAQUE"],"inLanguage":"pt-BR","potentialAction":[{"@type":"CommentAction","name":"Comment","target":["https:\/\/jornalboasnoticias.com.br\/home\/felipe-neto-fara-parte-de-grupo-do-governo-contra-discurso-de-odio\/#respond"]}]},{"@type":"WebPage","@id":"https:\/\/jornalboasnoticias.com.br\/home\/felipe-neto-fara-parte-de-grupo-do-governo-contra-discurso-de-odio\/","url":"https:\/\/jornalboasnoticias.com.br\/home\/felipe-neto-fara-parte-de-grupo-do-governo-contra-discurso-de-odio\/","name":"Felipe Neto far\u00e1 parte de grupo do governo contra discurso de \u00f3dio - Jornal","isPartOf":{"@id":"https:\/\/jornalboasnoticias.com.br\/home\/#website"},"primaryImageOfPage":{"@id":"https:\/\/jornalboasnoticias.com.br\/home\/felipe-neto-fara-parte-de-grupo-do-governo-contra-discurso-de-odio\/#primaryimage"},"image":{"@id":"https:\/\/jornalboasnoticias.com.br\/home\/felipe-neto-fara-parte-de-grupo-do-governo-contra-discurso-de-odio\/#primaryimage"},"thumbnailUrl":"https:\/\/jornalboasnoticias.com.br\/home\/wp-content\/uploads\/2023\/02\/Snapinsta.app_1080_314081182_1590943728006119_5071866506150555218_n-600x400-1.webp","datePublished":"2023-02-22T13:48:37+00:00","description":"Felipe Neto far\u00e1 parte de grupo do governo contra discurso de \u00f3dio","breadcrumb":{"@id":"https:\/\/jornalboasnoticias.com.br\/home\/felipe-neto-fara-parte-de-grupo-do-governo-contra-discurso-de-odio\/#breadcrumb"},"inLanguage":"pt-BR","potentialAction":[{"@type":"ReadAction","target":["https:\/\/jornalboasnoticias.com.br\/home\/felipe-neto-fara-parte-de-grupo-do-governo-contra-discurso-de-odio\/"]}]},{"@type":"ImageObject","inLanguage":"pt-BR","@id":"https:\/\/jornalboasnoticias.com.br\/home\/felipe-neto-fara-parte-de-grupo-do-governo-contra-discurso-de-odio\/#primaryimage","url":"https:\/\/jornalboasnoticias.com.br\/home\/wp-content\/uploads\/2023\/02\/Snapinsta.app_1080_314081182_1590943728006119_5071866506150555218_n-600x400-1.webp","contentUrl":"https:\/\/jornalboasnoticias.com.br\/home\/wp-content\/uploads\/2023\/02\/Snapinsta.app_1080_314081182_1590943728006119_5071866506150555218_n-600x400-1.webp","width":600,"height":400},{"@type":"BreadcrumbList","@id":"https:\/\/jornalboasnoticias.com.br\/home\/felipe-neto-fara-parte-de-grupo-do-governo-contra-discurso-de-odio\/#breadcrumb","itemListElement":[{"@type":"ListItem","position":1,"name":"In\u00edcio","item":"https:\/\/jornalboasnoticias.com.br\/home\/"},{"@type":"ListItem","position":2,"name":"Felipe Neto far\u00e1 parte de grupo do governo contra discurso de \u00f3dio"}]},{"@type":"WebSite","@id":"https:\/\/jornalboasnoticias.com.br\/home\/#website","url":"https:\/\/jornalboasnoticias.com.br\/home\/","name":"Jornal Boas Not\u00edcias","description":"Boas not\u00edcias","publisher":{"@id":"https:\/\/jornalboasnoticias.com.br\/home\/#organization"},"potentialAction":[{"@type":"SearchAction","target":{"@type":"EntryPoint","urlTemplate":"https:\/\/jornalboasnoticias.com.br\/home\/?s={search_term_string}"},"query-input":{"@type":"PropertyValueSpecification","valueRequired":true,"valueName":"search_term_string"}}],"inLanguage":"pt-BR"},{"@type":"Organization","@id":"https:\/\/jornalboasnoticias.com.br\/home\/#organization","name":"Coq Editora Ltda","alternateName":"Jornal Boas Noticias","url":"https:\/\/jornalboasnoticias.com.br\/home\/","logo":{"@type":"ImageObject","inLanguage":"pt-BR","@id":"https:\/\/jornalboasnoticias.com.br\/home\/#\/schema\/logo\/image\/","url":"https:\/\/jornalboasnoticias.com.br\/home\/wp-content\/uploads\/2024\/07\/cropped-logo.jpg","contentUrl":"https:\/\/jornalboasnoticias.com.br\/home\/wp-content\/uploads\/2024\/07\/cropped-logo.jpg","width":290,"height":142,"caption":"Coq Editora Ltda"},"image":{"@id":"https:\/\/jornalboasnoticias.com.br\/home\/#\/schema\/logo\/image\/"},"sameAs":["https:\/\/www.facebook.com\/boasnoticiasjornal"]},{"@type":"Person","@id":"https:\/\/jornalboasnoticias.com.br\/home\/#\/schema\/person\/71a4be4d1685617d6d00f15f0f2952ee","name":"Maria Bonatto","image":{"@type":"ImageObject","inLanguage":"pt-BR","@id":"https:\/\/secure.gravatar.com\/avatar\/61bdbd92f7d53dd2fedfe556279602d97507ae906fdeb9624602488dcdcd042f?s=96&d=mm&r=g","url":"https:\/\/secure.gravatar.com\/avatar\/61bdbd92f7d53dd2fedfe556279602d97507ae906fdeb9624602488dcdcd042f?s=96&d=mm&r=g","contentUrl":"https:\/\/secure.gravatar.com\/avatar\/61bdbd92f7d53dd2fedfe556279602d97507ae906fdeb9624602488dcdcd042f?s=96&d=mm&r=g","caption":"Maria Bonatto"},"url":"https:\/\/jornalboasnoticias.com.br\/home\/author\/ana-bonatto\/"}]}},"_links":{"self":[{"href":"https:\/\/jornalboasnoticias.com.br\/home\/wp-json\/wp\/v2\/posts\/33828","targetHints":{"allow":["GET"]}}],"collection":[{"href":"https:\/\/jornalboasnoticias.com.br\/home\/wp-json\/wp\/v2\/posts"}],"about":[{"href":"https:\/\/jornalboasnoticias.com.br\/home\/wp-json\/wp\/v2\/types\/post"}],"author":[{"embeddable":true,"href":"https:\/\/jornalboasnoticias.com.br\/home\/wp-json\/wp\/v2\/users\/2"}],"replies":[{"embeddable":true,"href":"https:\/\/jornalboasnoticias.com.br\/home\/wp-json\/wp\/v2\/comments?post=33828"}],"version-history":[{"count":0,"href":"https:\/\/jornalboasnoticias.com.br\/home\/wp-json\/wp\/v2\/posts\/33828\/revisions"}],"wp:featuredmedia":[{"embeddable":true,"href":"https:\/\/jornalboasnoticias.com.br\/home\/wp-json\/wp\/v2\/media\/33829"}],"wp:attachment":[{"href":"https:\/\/jornalboasnoticias.com.br\/home\/wp-json\/wp\/v2\/media?parent=33828"}],"wp:term":[{"taxonomy":"category","embeddable":true,"href":"https:\/\/jornalboasnoticias.com.br\/home\/wp-json\/wp\/v2\/categories?post=33828"},{"taxonomy":"post_tag","embeddable":true,"href":"https:\/\/jornalboasnoticias.com.br\/home\/wp-json\/wp\/v2\/tags?post=33828"}],"curies":[{"name":"wp","href":"https:\/\/api.w.org\/{rel}","templated":true}]}}