{"id":32269,"date":"2023-01-04T14:13:22","date_gmt":"2023-01-04T17:13:22","guid":{"rendered":"https:\/\/www.jornalboasnoticias.com.br\/?p=32269"},"modified":"2023-01-04T14:13:22","modified_gmt":"2023-01-04T17:13:22","slug":"biblioteca-tem-contacao-de-historias-gratuita-nestas-ferias-em-cascavel","status":"publish","type":"post","link":"https:\/\/jornalboasnoticias.com.br\/home\/biblioteca-tem-contacao-de-historias-gratuita-nestas-ferias-em-cascavel\/","title":{"rendered":"Biblioteca tem conta\u00e7\u00e3o de hist\u00f3rias gratuita nestas f\u00e9rias em Cascavel"},"content":{"rendered":"<blockquote>\n<p style=\"text-align: center;\">Atividade come\u00e7a na pr\u00f3xima segunda-feira (9) e segue at\u00e9 dia 31 de janeiro, sempre \u00e0s 10h e \u00e0s 15h<\/p>\n<\/blockquote>\n<figure id=\"attachment_32270\" aria-describedby=\"caption-attachment-32270\" style=\"width: 548px\" class=\"wp-caption aligncenter\"><img loading=\"lazy\" decoding=\"async\" class=\"size-medium wp-image-32270\" src=\"https:\/\/www.jornalboasnoticias.com.br\/wp-content\/uploads\/2023\/01\/img_106C62C7D628329D384DB9C88BCD77F0F7BB9632-548x365.jpeg\" alt=\"\" width=\"548\" height=\"365\" \/><figcaption id=\"caption-attachment-32270\" class=\"wp-caption-text\">Divulga\u00e7\u00e3o<\/figcaption><\/figure>\n<p>Que tal tirar a crian\u00e7ada da frente do celular, computador ou TV nestas f\u00e9rias? A Biblioteca P\u00fablica de Cascavel abre a temporada da \u201cHora do Conto\u201d, que vai estimular a imagina\u00e7\u00e3o dos pequenos e incentiv\u00e1-los a mergulharem no universo da leitura.<\/p>\n<p>As conta\u00e7\u00f5es de hist\u00f3rias come\u00e7am a partir de segunda-feira (9) e seguem at\u00e9 o dia 31 de janeiro, sempre de segunda a sexta-feira. A atividade \u00e9 totalmente gratuita. A pr\u00f3pria equipe da Biblioteca Sand\u00e1lio dos Santos \u00e9 que far\u00e1 as apresenta\u00e7\u00f5es, sempre em duas sess\u00f5es: \u00e0s 10h e \u00e0s 15h.<\/p>\n<p>Ser\u00e3o in\u00fameras hist\u00f3rias da literatura infantil para encantar a garotada e promover a cultura, o valor de um bom livro e a magia que eles podem possibilitar. A atividade \u00e9 aberta para toda crian\u00e7ada, basta comparecer no hall do andar t\u00e9rreo da Biblioteca, que fica na Rua Paran\u00e1, 2786, no centro de Cascavel.<\/p>\n<p>A atividade \u00e9 uma alternativa de entretenimento para os pequenos cascavelenses que est\u00e3o aproveitando o per\u00edodo das f\u00e9rias. Em algumas apresenta\u00e7\u00f5es, as hist\u00f3rias ser\u00e3o interpretadas pelos contadores do projeto Cultura em A\u00e7\u00e3o.<\/p>\n<p>(Secom)<\/p>\n","protected":false},"excerpt":{"rendered":"<p>Atividade come\u00e7a na pr\u00f3xima segunda-feira (9) e segue at\u00e9 dia 31 de janeiro, sempre \u00e0s<\/p>\n","protected":false},"author":2,"featured_media":32270,"comment_status":"open","ping_status":"open","sticky":false,"template":"","format":"standard","meta":{"footnotes":""},"categories":[2],"tags":[],"class_list":["post-32269","post","type-post","status-publish","format-standard","has-post-thumbnail","hentry","category-cascavel"],"yoast_head":"<!-- This site is optimized with the Yoast SEO plugin v27.5 - https:\/\/yoast.com\/product\/yoast-seo-wordpress\/ -->\n<title>Biblioteca tem conta\u00e7\u00e3o de hist\u00f3rias gratuita nestas f\u00e9rias em Cascavel - Jornal<\/title>\n<meta name=\"description\" content=\"Biblioteca tem conta\u00e7\u00e3o de hist\u00f3rias gratuita nestas f\u00e9rias em Cascavel\" \/>\n<meta name=\"robots\" content=\"index, follow, max-snippet:-1, max-image-preview:large, max-video-preview:-1\" \/>\n<link rel=\"canonical\" href=\"https:\/\/jornalboasnoticias.com.br\/home\/biblioteca-tem-contacao-de-historias-gratuita-nestas-ferias-em-cascavel\/\" \/>\n<meta property=\"og:locale\" content=\"pt_BR\" \/>\n<meta property=\"og:type\" content=\"article\" \/>\n<meta property=\"og:title\" content=\"Biblioteca tem conta\u00e7\u00e3o de hist\u00f3rias gratuita nestas f\u00e9rias em Cascavel - Jornal\" \/>\n<meta property=\"og:description\" content=\"Biblioteca tem conta\u00e7\u00e3o de hist\u00f3rias gratuita nestas f\u00e9rias em Cascavel\" \/>\n<meta property=\"og:url\" content=\"https:\/\/jornalboasnoticias.com.br\/home\/biblioteca-tem-contacao-de-historias-gratuita-nestas-ferias-em-cascavel\/\" \/>\n<meta property=\"og:site_name\" content=\"Jornal\" \/>\n<meta property=\"article:publisher\" content=\"https:\/\/www.facebook.com\/boasnoticiasjornal\" \/>\n<meta property=\"article:published_time\" content=\"2023-01-04T17:13:22+00:00\" \/>\n<meta property=\"og:image\" content=\"https:\/\/jornalboasnoticias.com.br\/home\/wp-content\/uploads\/2023\/01\/img_106C62C7D628329D384DB9C88BCD77F0F7BB9632-e1672852362399.jpeg\" \/>\n\t<meta property=\"og:image:width\" content=\"600\" \/>\n\t<meta property=\"og:image:height\" content=\"400\" \/>\n\t<meta property=\"og:image:type\" content=\"image\/jpeg\" \/>\n<meta name=\"author\" content=\"Maria Bonatto\" \/>\n<meta name=\"twitter:card\" content=\"summary_large_image\" \/>\n<meta name=\"twitter:label1\" content=\"Escrito por\" \/>\n\t<meta name=\"twitter:data1\" content=\"Maria Bonatto\" \/>\n\t<meta name=\"twitter:label2\" content=\"Est. tempo de leitura\" \/>\n\t<meta name=\"twitter:data2\" content=\"1 minuto\" \/>\n<script type=\"application\/ld+json\" class=\"yoast-schema-graph\">{\"@context\":\"https:\\\/\\\/schema.org\",\"@graph\":[{\"@type\":\"Article\",\"@id\":\"https:\\\/\\\/jornalboasnoticias.com.br\\\/home\\\/biblioteca-tem-contacao-de-historias-gratuita-nestas-ferias-em-cascavel\\\/#article\",\"isPartOf\":{\"@id\":\"https:\\\/\\\/jornalboasnoticias.com.br\\\/home\\\/biblioteca-tem-contacao-de-historias-gratuita-nestas-ferias-em-cascavel\\\/\"},\"author\":{\"name\":\"Maria Bonatto\",\"@id\":\"https:\\\/\\\/jornalboasnoticias.com.br\\\/home\\\/#\\\/schema\\\/person\\\/71a4be4d1685617d6d00f15f0f2952ee\"},\"headline\":\"Biblioteca tem conta\u00e7\u00e3o de hist\u00f3rias gratuita nestas f\u00e9rias em Cascavel\",\"datePublished\":\"2023-01-04T17:13:22+00:00\",\"mainEntityOfPage\":{\"@id\":\"https:\\\/\\\/jornalboasnoticias.com.br\\\/home\\\/biblioteca-tem-contacao-de-historias-gratuita-nestas-ferias-em-cascavel\\\/\"},\"wordCount\":235,\"commentCount\":0,\"publisher\":{\"@id\":\"https:\\\/\\\/jornalboasnoticias.com.br\\\/home\\\/#organization\"},\"image\":{\"@id\":\"https:\\\/\\\/jornalboasnoticias.com.br\\\/home\\\/biblioteca-tem-contacao-de-historias-gratuita-nestas-ferias-em-cascavel\\\/#primaryimage\"},\"thumbnailUrl\":\"https:\\\/\\\/jornalboasnoticias.com.br\\\/home\\\/wp-content\\\/uploads\\\/2023\\\/01\\\/img_106C62C7D628329D384DB9C88BCD77F0F7BB9632-e1672852362399.jpeg\",\"articleSection\":[\"CASCAVEL\"],\"inLanguage\":\"pt-BR\",\"potentialAction\":[{\"@type\":\"CommentAction\",\"name\":\"Comment\",\"target\":[\"https:\\\/\\\/jornalboasnoticias.com.br\\\/home\\\/biblioteca-tem-contacao-de-historias-gratuita-nestas-ferias-em-cascavel\\\/#respond\"]}]},{\"@type\":\"WebPage\",\"@id\":\"https:\\\/\\\/jornalboasnoticias.com.br\\\/home\\\/biblioteca-tem-contacao-de-historias-gratuita-nestas-ferias-em-cascavel\\\/\",\"url\":\"https:\\\/\\\/jornalboasnoticias.com.br\\\/home\\\/biblioteca-tem-contacao-de-historias-gratuita-nestas-ferias-em-cascavel\\\/\",\"name\":\"Biblioteca tem conta\u00e7\u00e3o de hist\u00f3rias gratuita nestas f\u00e9rias em Cascavel - Jornal\",\"isPartOf\":{\"@id\":\"https:\\\/\\\/jornalboasnoticias.com.br\\\/home\\\/#website\"},\"primaryImageOfPage\":{\"@id\":\"https:\\\/\\\/jornalboasnoticias.com.br\\\/home\\\/biblioteca-tem-contacao-de-historias-gratuita-nestas-ferias-em-cascavel\\\/#primaryimage\"},\"image\":{\"@id\":\"https:\\\/\\\/jornalboasnoticias.com.br\\\/home\\\/biblioteca-tem-contacao-de-historias-gratuita-nestas-ferias-em-cascavel\\\/#primaryimage\"},\"thumbnailUrl\":\"https:\\\/\\\/jornalboasnoticias.com.br\\\/home\\\/wp-content\\\/uploads\\\/2023\\\/01\\\/img_106C62C7D628329D384DB9C88BCD77F0F7BB9632-e1672852362399.jpeg\",\"datePublished\":\"2023-01-04T17:13:22+00:00\",\"description\":\"Biblioteca tem conta\u00e7\u00e3o de hist\u00f3rias gratuita nestas f\u00e9rias em Cascavel\",\"breadcrumb\":{\"@id\":\"https:\\\/\\\/jornalboasnoticias.com.br\\\/home\\\/biblioteca-tem-contacao-de-historias-gratuita-nestas-ferias-em-cascavel\\\/#breadcrumb\"},\"inLanguage\":\"pt-BR\",\"potentialAction\":[{\"@type\":\"ReadAction\",\"target\":[\"https:\\\/\\\/jornalboasnoticias.com.br\\\/home\\\/biblioteca-tem-contacao-de-historias-gratuita-nestas-ferias-em-cascavel\\\/\"]}]},{\"@type\":\"ImageObject\",\"inLanguage\":\"pt-BR\",\"@id\":\"https:\\\/\\\/jornalboasnoticias.com.br\\\/home\\\/biblioteca-tem-contacao-de-historias-gratuita-nestas-ferias-em-cascavel\\\/#primaryimage\",\"url\":\"https:\\\/\\\/jornalboasnoticias.com.br\\\/home\\\/wp-content\\\/uploads\\\/2023\\\/01\\\/img_106C62C7D628329D384DB9C88BCD77F0F7BB9632-e1672852362399.jpeg\",\"contentUrl\":\"https:\\\/\\\/jornalboasnoticias.com.br\\\/home\\\/wp-content\\\/uploads\\\/2023\\\/01\\\/img_106C62C7D628329D384DB9C88BCD77F0F7BB9632-e1672852362399.jpeg\",\"width\":600,\"height\":400},{\"@type\":\"BreadcrumbList\",\"@id\":\"https:\\\/\\\/jornalboasnoticias.com.br\\\/home\\\/biblioteca-tem-contacao-de-historias-gratuita-nestas-ferias-em-cascavel\\\/#breadcrumb\",\"itemListElement\":[{\"@type\":\"ListItem\",\"position\":1,\"name\":\"In\u00edcio\",\"item\":\"https:\\\/\\\/jornalboasnoticias.com.br\\\/home\\\/\"},{\"@type\":\"ListItem\",\"position\":2,\"name\":\"Biblioteca tem conta\u00e7\u00e3o de hist\u00f3rias gratuita nestas f\u00e9rias em Cascavel\"}]},{\"@type\":\"WebSite\",\"@id\":\"https:\\\/\\\/jornalboasnoticias.com.br\\\/home\\\/#website\",\"url\":\"https:\\\/\\\/jornalboasnoticias.com.br\\\/home\\\/\",\"name\":\"Jornal Boas Not\u00edcias\",\"description\":\"Boas not\u00edcias\",\"publisher\":{\"@id\":\"https:\\\/\\\/jornalboasnoticias.com.br\\\/home\\\/#organization\"},\"potentialAction\":[{\"@type\":\"SearchAction\",\"target\":{\"@type\":\"EntryPoint\",\"urlTemplate\":\"https:\\\/\\\/jornalboasnoticias.com.br\\\/home\\\/?s={search_term_string}\"},\"query-input\":{\"@type\":\"PropertyValueSpecification\",\"valueRequired\":true,\"valueName\":\"search_term_string\"}}],\"inLanguage\":\"pt-BR\"},{\"@type\":\"Organization\",\"@id\":\"https:\\\/\\\/jornalboasnoticias.com.br\\\/home\\\/#organization\",\"name\":\"Coq Editora Ltda\",\"alternateName\":\"Jornal Boas Noticias\",\"url\":\"https:\\\/\\\/jornalboasnoticias.com.br\\\/home\\\/\",\"logo\":{\"@type\":\"ImageObject\",\"inLanguage\":\"pt-BR\",\"@id\":\"https:\\\/\\\/jornalboasnoticias.com.br\\\/home\\\/#\\\/schema\\\/logo\\\/image\\\/\",\"url\":\"https:\\\/\\\/jornalboasnoticias.com.br\\\/home\\\/wp-content\\\/uploads\\\/2024\\\/07\\\/cropped-logo.jpg\",\"contentUrl\":\"https:\\\/\\\/jornalboasnoticias.com.br\\\/home\\\/wp-content\\\/uploads\\\/2024\\\/07\\\/cropped-logo.jpg\",\"width\":290,\"height\":142,\"caption\":\"Coq Editora Ltda\"},\"image\":{\"@id\":\"https:\\\/\\\/jornalboasnoticias.com.br\\\/home\\\/#\\\/schema\\\/logo\\\/image\\\/\"},\"sameAs\":[\"https:\\\/\\\/www.facebook.com\\\/boasnoticiasjornal\"]},{\"@type\":\"Person\",\"@id\":\"https:\\\/\\\/jornalboasnoticias.com.br\\\/home\\\/#\\\/schema\\\/person\\\/71a4be4d1685617d6d00f15f0f2952ee\",\"name\":\"Maria Bonatto\",\"image\":{\"@type\":\"ImageObject\",\"inLanguage\":\"pt-BR\",\"@id\":\"https:\\\/\\\/secure.gravatar.com\\\/avatar\\\/61bdbd92f7d53dd2fedfe556279602d97507ae906fdeb9624602488dcdcd042f?s=96&d=mm&r=g\",\"url\":\"https:\\\/\\\/secure.gravatar.com\\\/avatar\\\/61bdbd92f7d53dd2fedfe556279602d97507ae906fdeb9624602488dcdcd042f?s=96&d=mm&r=g\",\"contentUrl\":\"https:\\\/\\\/secure.gravatar.com\\\/avatar\\\/61bdbd92f7d53dd2fedfe556279602d97507ae906fdeb9624602488dcdcd042f?s=96&d=mm&r=g\",\"caption\":\"Maria Bonatto\"},\"url\":\"https:\\\/\\\/jornalboasnoticias.com.br\\\/home\\\/author\\\/ana-bonatto\\\/\"}]}<\/script>\n<!-- \/ Yoast SEO plugin. -->","yoast_head_json":{"title":"Biblioteca tem conta\u00e7\u00e3o de hist\u00f3rias gratuita nestas f\u00e9rias em Cascavel - Jornal","description":"Biblioteca tem conta\u00e7\u00e3o de hist\u00f3rias gratuita nestas f\u00e9rias em Cascavel","robots":{"index":"index","follow":"follow","max-snippet":"max-snippet:-1","max-image-preview":"max-image-preview:large","max-video-preview":"max-video-preview:-1"},"canonical":"https:\/\/jornalboasnoticias.com.br\/home\/biblioteca-tem-contacao-de-historias-gratuita-nestas-ferias-em-cascavel\/","og_locale":"pt_BR","og_type":"article","og_title":"Biblioteca tem conta\u00e7\u00e3o de hist\u00f3rias gratuita nestas f\u00e9rias em Cascavel - Jornal","og_description":"Biblioteca tem conta\u00e7\u00e3o de hist\u00f3rias gratuita nestas f\u00e9rias em Cascavel","og_url":"https:\/\/jornalboasnoticias.com.br\/home\/biblioteca-tem-contacao-de-historias-gratuita-nestas-ferias-em-cascavel\/","og_site_name":"Jornal","article_publisher":"https:\/\/www.facebook.com\/boasnoticiasjornal","article_published_time":"2023-01-04T17:13:22+00:00","og_image":[{"width":600,"height":400,"url":"https:\/\/jornalboasnoticias.com.br\/home\/wp-content\/uploads\/2023\/01\/img_106C62C7D628329D384DB9C88BCD77F0F7BB9632-e1672852362399.jpeg","type":"image\/jpeg"}],"author":"Maria Bonatto","twitter_card":"summary_large_image","twitter_misc":{"Escrito por":"Maria Bonatto","Est. tempo de leitura":"1 minuto"},"schema":{"@context":"https:\/\/schema.org","@graph":[{"@type":"Article","@id":"https:\/\/jornalboasnoticias.com.br\/home\/biblioteca-tem-contacao-de-historias-gratuita-nestas-ferias-em-cascavel\/#article","isPartOf":{"@id":"https:\/\/jornalboasnoticias.com.br\/home\/biblioteca-tem-contacao-de-historias-gratuita-nestas-ferias-em-cascavel\/"},"author":{"name":"Maria Bonatto","@id":"https:\/\/jornalboasnoticias.com.br\/home\/#\/schema\/person\/71a4be4d1685617d6d00f15f0f2952ee"},"headline":"Biblioteca tem conta\u00e7\u00e3o de hist\u00f3rias gratuita nestas f\u00e9rias em Cascavel","datePublished":"2023-01-04T17:13:22+00:00","mainEntityOfPage":{"@id":"https:\/\/jornalboasnoticias.com.br\/home\/biblioteca-tem-contacao-de-historias-gratuita-nestas-ferias-em-cascavel\/"},"wordCount":235,"commentCount":0,"publisher":{"@id":"https:\/\/jornalboasnoticias.com.br\/home\/#organization"},"image":{"@id":"https:\/\/jornalboasnoticias.com.br\/home\/biblioteca-tem-contacao-de-historias-gratuita-nestas-ferias-em-cascavel\/#primaryimage"},"thumbnailUrl":"https:\/\/jornalboasnoticias.com.br\/home\/wp-content\/uploads\/2023\/01\/img_106C62C7D628329D384DB9C88BCD77F0F7BB9632-e1672852362399.jpeg","articleSection":["CASCAVEL"],"inLanguage":"pt-BR","potentialAction":[{"@type":"CommentAction","name":"Comment","target":["https:\/\/jornalboasnoticias.com.br\/home\/biblioteca-tem-contacao-de-historias-gratuita-nestas-ferias-em-cascavel\/#respond"]}]},{"@type":"WebPage","@id":"https:\/\/jornalboasnoticias.com.br\/home\/biblioteca-tem-contacao-de-historias-gratuita-nestas-ferias-em-cascavel\/","url":"https:\/\/jornalboasnoticias.com.br\/home\/biblioteca-tem-contacao-de-historias-gratuita-nestas-ferias-em-cascavel\/","name":"Biblioteca tem conta\u00e7\u00e3o de hist\u00f3rias gratuita nestas f\u00e9rias em Cascavel - Jornal","isPartOf":{"@id":"https:\/\/jornalboasnoticias.com.br\/home\/#website"},"primaryImageOfPage":{"@id":"https:\/\/jornalboasnoticias.com.br\/home\/biblioteca-tem-contacao-de-historias-gratuita-nestas-ferias-em-cascavel\/#primaryimage"},"image":{"@id":"https:\/\/jornalboasnoticias.com.br\/home\/biblioteca-tem-contacao-de-historias-gratuita-nestas-ferias-em-cascavel\/#primaryimage"},"thumbnailUrl":"https:\/\/jornalboasnoticias.com.br\/home\/wp-content\/uploads\/2023\/01\/img_106C62C7D628329D384DB9C88BCD77F0F7BB9632-e1672852362399.jpeg","datePublished":"2023-01-04T17:13:22+00:00","description":"Biblioteca tem conta\u00e7\u00e3o de hist\u00f3rias gratuita nestas f\u00e9rias em Cascavel","breadcrumb":{"@id":"https:\/\/jornalboasnoticias.com.br\/home\/biblioteca-tem-contacao-de-historias-gratuita-nestas-ferias-em-cascavel\/#breadcrumb"},"inLanguage":"pt-BR","potentialAction":[{"@type":"ReadAction","target":["https:\/\/jornalboasnoticias.com.br\/home\/biblioteca-tem-contacao-de-historias-gratuita-nestas-ferias-em-cascavel\/"]}]},{"@type":"ImageObject","inLanguage":"pt-BR","@id":"https:\/\/jornalboasnoticias.com.br\/home\/biblioteca-tem-contacao-de-historias-gratuita-nestas-ferias-em-cascavel\/#primaryimage","url":"https:\/\/jornalboasnoticias.com.br\/home\/wp-content\/uploads\/2023\/01\/img_106C62C7D628329D384DB9C88BCD77F0F7BB9632-e1672852362399.jpeg","contentUrl":"https:\/\/jornalboasnoticias.com.br\/home\/wp-content\/uploads\/2023\/01\/img_106C62C7D628329D384DB9C88BCD77F0F7BB9632-e1672852362399.jpeg","width":600,"height":400},{"@type":"BreadcrumbList","@id":"https:\/\/jornalboasnoticias.com.br\/home\/biblioteca-tem-contacao-de-historias-gratuita-nestas-ferias-em-cascavel\/#breadcrumb","itemListElement":[{"@type":"ListItem","position":1,"name":"In\u00edcio","item":"https:\/\/jornalboasnoticias.com.br\/home\/"},{"@type":"ListItem","position":2,"name":"Biblioteca tem conta\u00e7\u00e3o de hist\u00f3rias gratuita nestas f\u00e9rias em Cascavel"}]},{"@type":"WebSite","@id":"https:\/\/jornalboasnoticias.com.br\/home\/#website","url":"https:\/\/jornalboasnoticias.com.br\/home\/","name":"Jornal Boas Not\u00edcias","description":"Boas not\u00edcias","publisher":{"@id":"https:\/\/jornalboasnoticias.com.br\/home\/#organization"},"potentialAction":[{"@type":"SearchAction","target":{"@type":"EntryPoint","urlTemplate":"https:\/\/jornalboasnoticias.com.br\/home\/?s={search_term_string}"},"query-input":{"@type":"PropertyValueSpecification","valueRequired":true,"valueName":"search_term_string"}}],"inLanguage":"pt-BR"},{"@type":"Organization","@id":"https:\/\/jornalboasnoticias.com.br\/home\/#organization","name":"Coq Editora Ltda","alternateName":"Jornal Boas Noticias","url":"https:\/\/jornalboasnoticias.com.br\/home\/","logo":{"@type":"ImageObject","inLanguage":"pt-BR","@id":"https:\/\/jornalboasnoticias.com.br\/home\/#\/schema\/logo\/image\/","url":"https:\/\/jornalboasnoticias.com.br\/home\/wp-content\/uploads\/2024\/07\/cropped-logo.jpg","contentUrl":"https:\/\/jornalboasnoticias.com.br\/home\/wp-content\/uploads\/2024\/07\/cropped-logo.jpg","width":290,"height":142,"caption":"Coq Editora Ltda"},"image":{"@id":"https:\/\/jornalboasnoticias.com.br\/home\/#\/schema\/logo\/image\/"},"sameAs":["https:\/\/www.facebook.com\/boasnoticiasjornal"]},{"@type":"Person","@id":"https:\/\/jornalboasnoticias.com.br\/home\/#\/schema\/person\/71a4be4d1685617d6d00f15f0f2952ee","name":"Maria Bonatto","image":{"@type":"ImageObject","inLanguage":"pt-BR","@id":"https:\/\/secure.gravatar.com\/avatar\/61bdbd92f7d53dd2fedfe556279602d97507ae906fdeb9624602488dcdcd042f?s=96&d=mm&r=g","url":"https:\/\/secure.gravatar.com\/avatar\/61bdbd92f7d53dd2fedfe556279602d97507ae906fdeb9624602488dcdcd042f?s=96&d=mm&r=g","contentUrl":"https:\/\/secure.gravatar.com\/avatar\/61bdbd92f7d53dd2fedfe556279602d97507ae906fdeb9624602488dcdcd042f?s=96&d=mm&r=g","caption":"Maria Bonatto"},"url":"https:\/\/jornalboasnoticias.com.br\/home\/author\/ana-bonatto\/"}]}},"_links":{"self":[{"href":"https:\/\/jornalboasnoticias.com.br\/home\/wp-json\/wp\/v2\/posts\/32269","targetHints":{"allow":["GET"]}}],"collection":[{"href":"https:\/\/jornalboasnoticias.com.br\/home\/wp-json\/wp\/v2\/posts"}],"about":[{"href":"https:\/\/jornalboasnoticias.com.br\/home\/wp-json\/wp\/v2\/types\/post"}],"author":[{"embeddable":true,"href":"https:\/\/jornalboasnoticias.com.br\/home\/wp-json\/wp\/v2\/users\/2"}],"replies":[{"embeddable":true,"href":"https:\/\/jornalboasnoticias.com.br\/home\/wp-json\/wp\/v2\/comments?post=32269"}],"version-history":[{"count":0,"href":"https:\/\/jornalboasnoticias.com.br\/home\/wp-json\/wp\/v2\/posts\/32269\/revisions"}],"wp:featuredmedia":[{"embeddable":true,"href":"https:\/\/jornalboasnoticias.com.br\/home\/wp-json\/wp\/v2\/media\/32270"}],"wp:attachment":[{"href":"https:\/\/jornalboasnoticias.com.br\/home\/wp-json\/wp\/v2\/media?parent=32269"}],"wp:term":[{"taxonomy":"category","embeddable":true,"href":"https:\/\/jornalboasnoticias.com.br\/home\/wp-json\/wp\/v2\/categories?post=32269"},{"taxonomy":"post_tag","embeddable":true,"href":"https:\/\/jornalboasnoticias.com.br\/home\/wp-json\/wp\/v2\/tags?post=32269"}],"curies":[{"name":"wp","href":"https:\/\/api.w.org\/{rel}","templated":true}]}}