{"id":29913,"date":"2022-11-22T16:29:34","date_gmt":"2022-11-22T19:29:34","guid":{"rendered":"https:\/\/www.jornalboasnoticias.com.br\/?p=29913"},"modified":"2022-11-22T16:29:34","modified_gmt":"2022-11-22T19:29:34","slug":"estado-inicia-trabalhos-para-restaurar-trecho-da-pr-182-interditado-apos-deslizamento","status":"publish","type":"post","link":"https:\/\/jornalboasnoticias.com.br\/home\/estado-inicia-trabalhos-para-restaurar-trecho-da-pr-182-interditado-apos-deslizamento\/","title":{"rendered":"Estado inicia trabalhos para restaurar trecho da PR-182 interditado ap\u00f3s deslizamento"},"content":{"rendered":"<blockquote>\n<div class=\"not-escopo-destaque\">\n<div class=\"field field--name-field-escopo-destaque field--type-string-long field--label-hidden field--item\">Governo do Paran\u00e1 providenciou uma contrata\u00e7\u00e3o emergencial para atender rodovia, que ficou completamente interditada ap\u00f3s um deslizamento de terra causado pelas fortes chuvas de outubro.<\/div>\n<\/div>\n<\/blockquote>\n<div>\n<div id=\"gallery-news\">\n<div class=\"slick unslick slick--main slick--initialized\">\n<div class=\"slide__caption\" tabindex=\"-1\">\n<div class=\"slide__description\">Foto: DER<\/div>\n<\/div>\n<\/div>\n<\/div>\n<article class=\"node node--type-noticia node--promoted node--view-mode-full clearfix\" role=\"article\" data-history-node-id=\"54731\">\n<div class=\"node__content clearfix\">\n<div class=\"field field--name-field-texto field--type-text-long field--label-hidden field--item\">\n<p>O Departamento de Estradas de Rodagem do Paran\u00e1 (DER\/PR) iniciou os trabalhos para recupera\u00e7\u00e3o do trecho da PR-182, no acesso entre Salgado Filho e Flor da Serra do Sul, no Sudoeste do Estado, destru\u00eddo ap\u00f3s um deslizamento de terra causado pelas fortes chuvas em outubro.<\/p>\n<p>A execu\u00e7\u00e3o das obras foi contratada de forma emergencial pelo valor de R$ 9.146.342,95. O prazo de entrega \u00e9 de oito meses e a pista ficar\u00e1 completamente interditada at\u00e9 a conclus\u00e3o dos reparos. O DER\/PR j\u00e1 efetuou a sinaliza\u00e7\u00e3o adequada com cavaletes, cones e placas indicativas. Por se tratar de uma \u00e1rea de risco, \u00e9 imprescind\u00edvel que os usu\u00e1rios n\u00e3o ultrapassem o isolamento, sejam eles motoristas ou pedestres.<\/p>\n<p>Nesta etapa, antes da execu\u00e7\u00e3o das obras, ser\u00e3o feitas sondagens geot\u00e9cnicas para coleta de informa\u00e7\u00f5es sobre \u00e1rea. Na sequ\u00eancia, a empresa contratada ir\u00e1 apresentar o projeto de recupera\u00e7\u00e3o e de drenagem, al\u00e9m do plano estrutural para a estabiliza\u00e7\u00e3o de taludes.<\/p>\n<p>\u201cEstamos realizando a verifica\u00e7\u00e3o de quedas de barreira em outras regi\u00f5es ap\u00f3s o alto volume de chuvas dos \u00faltimos meses. Tamb\u00e9m solicitamos \u00e0 popula\u00e7\u00e3o que entre em contato conosco caso seja verificada qualquer situa\u00e7\u00e3o adversa\u201d, afirma o diretor-geral do DER\/PR, Alexandre Castro Fernandes.<\/p>\n<p><strong>DESVIO<\/strong>\u00a0\u2013 O tr\u00e1fego de ve\u00edculos pode ser desviado pela via municipal paralela \u00e0 rodovia, o que aumenta o deslocamento em apenas 2,1 quil\u00f4metros. O trecho n\u00e3o \u00e9 pavimentado, mas est\u00e1 em boas condi\u00e7\u00f5es de uso.<\/p>\n<p>J\u00e1 o tr\u00e1fego de longa dist\u00e2ncia e de ve\u00edculos pesados pode ser desviado para Francisco Beltr\u00e3o, pela PR-483 e PR-180, ou para Barrac\u00e3o, pela BR-163 e BR-280.<\/p>\n<p>(AEN)<\/p>\n<\/div>\n<\/div>\n<\/article>\n<\/div>\n","protected":false},"excerpt":{"rendered":"<p>Governo do Paran\u00e1 providenciou uma contrata\u00e7\u00e3o emergencial para atender rodovia, que ficou completamente interditada ap\u00f3s<\/p>\n","protected":false},"author":2,"featured_media":29914,"comment_status":"open","ping_status":"open","sticky":false,"template":"","format":"standard","meta":{"footnotes":""},"categories":[3,4],"tags":[],"class_list":["post-29913","post","type-post","status-publish","format-standard","has-post-thumbnail","hentry","category-destaques","category-parana"],"yoast_head":"<!-- This site is optimized with the Yoast SEO plugin v27.5 - https:\/\/yoast.com\/product\/yoast-seo-wordpress\/ -->\n<title>Estado inicia trabalhos para restaurar trecho da PR-182 interditado ap\u00f3s deslizamento - Jornal<\/title>\n<meta name=\"description\" content=\"Estado inicia trabalhos para restaurar trecho da PR-182 interditado ap\u00f3s deslizamento\" \/>\n<meta name=\"robots\" content=\"index, follow, max-snippet:-1, max-image-preview:large, max-video-preview:-1\" \/>\n<link rel=\"canonical\" href=\"https:\/\/jornalboasnoticias.com.br\/home\/estado-inicia-trabalhos-para-restaurar-trecho-da-pr-182-interditado-apos-deslizamento\/\" \/>\n<meta property=\"og:locale\" content=\"pt_BR\" \/>\n<meta property=\"og:type\" content=\"article\" \/>\n<meta property=\"og:title\" content=\"Estado inicia trabalhos para restaurar trecho da PR-182 interditado ap\u00f3s deslizamento - Jornal\" \/>\n<meta property=\"og:description\" content=\"Estado inicia trabalhos para restaurar trecho da PR-182 interditado ap\u00f3s deslizamento\" \/>\n<meta property=\"og:url\" content=\"https:\/\/jornalboasnoticias.com.br\/home\/estado-inicia-trabalhos-para-restaurar-trecho-da-pr-182-interditado-apos-deslizamento\/\" \/>\n<meta property=\"og:site_name\" content=\"Jornal\" \/>\n<meta property=\"article:publisher\" content=\"https:\/\/www.facebook.com\/boasnoticiasjornal\" \/>\n<meta property=\"article:published_time\" content=\"2022-11-22T19:29:34+00:00\" \/>\n<meta property=\"og:image\" content=\"https:\/\/jornalboasnoticias.com.br\/home\/wp-content\/uploads\/2022\/11\/pr-182_salgado_filho_deslizamento_03_0.jpg\" \/>\n\t<meta property=\"og:image:width\" content=\"1206\" \/>\n\t<meta property=\"og:image:height\" content=\"804\" \/>\n\t<meta property=\"og:image:type\" content=\"image\/jpeg\" \/>\n<meta name=\"author\" content=\"Maria Bonatto\" \/>\n<meta name=\"twitter:card\" content=\"summary_large_image\" \/>\n<meta name=\"twitter:label1\" content=\"Escrito por\" \/>\n\t<meta name=\"twitter:data1\" content=\"Maria Bonatto\" \/>\n\t<meta name=\"twitter:label2\" content=\"Est. tempo de leitura\" \/>\n\t<meta name=\"twitter:data2\" content=\"2 minutos\" \/>\n<script type=\"application\/ld+json\" class=\"yoast-schema-graph\">{\"@context\":\"https:\\\/\\\/schema.org\",\"@graph\":[{\"@type\":\"Article\",\"@id\":\"https:\\\/\\\/jornalboasnoticias.com.br\\\/home\\\/estado-inicia-trabalhos-para-restaurar-trecho-da-pr-182-interditado-apos-deslizamento\\\/#article\",\"isPartOf\":{\"@id\":\"https:\\\/\\\/jornalboasnoticias.com.br\\\/home\\\/estado-inicia-trabalhos-para-restaurar-trecho-da-pr-182-interditado-apos-deslizamento\\\/\"},\"author\":{\"name\":\"Maria Bonatto\",\"@id\":\"https:\\\/\\\/jornalboasnoticias.com.br\\\/home\\\/#\\\/schema\\\/person\\\/71a4be4d1685617d6d00f15f0f2952ee\"},\"headline\":\"Estado inicia trabalhos para restaurar trecho da PR-182 interditado ap\u00f3s deslizamento\",\"datePublished\":\"2022-11-22T19:29:34+00:00\",\"mainEntityOfPage\":{\"@id\":\"https:\\\/\\\/jornalboasnoticias.com.br\\\/home\\\/estado-inicia-trabalhos-para-restaurar-trecho-da-pr-182-interditado-apos-deslizamento\\\/\"},\"wordCount\":329,\"commentCount\":0,\"publisher\":{\"@id\":\"https:\\\/\\\/jornalboasnoticias.com.br\\\/home\\\/#organization\"},\"image\":{\"@id\":\"https:\\\/\\\/jornalboasnoticias.com.br\\\/home\\\/estado-inicia-trabalhos-para-restaurar-trecho-da-pr-182-interditado-apos-deslizamento\\\/#primaryimage\"},\"thumbnailUrl\":\"https:\\\/\\\/jornalboasnoticias.com.br\\\/home\\\/wp-content\\\/uploads\\\/2022\\\/11\\\/pr-182_salgado_filho_deslizamento_03_0.jpg\",\"articleSection\":[\"DESTAQUE\",\"PARAN\u00c1\"],\"inLanguage\":\"pt-BR\",\"potentialAction\":[{\"@type\":\"CommentAction\",\"name\":\"Comment\",\"target\":[\"https:\\\/\\\/jornalboasnoticias.com.br\\\/home\\\/estado-inicia-trabalhos-para-restaurar-trecho-da-pr-182-interditado-apos-deslizamento\\\/#respond\"]}]},{\"@type\":\"WebPage\",\"@id\":\"https:\\\/\\\/jornalboasnoticias.com.br\\\/home\\\/estado-inicia-trabalhos-para-restaurar-trecho-da-pr-182-interditado-apos-deslizamento\\\/\",\"url\":\"https:\\\/\\\/jornalboasnoticias.com.br\\\/home\\\/estado-inicia-trabalhos-para-restaurar-trecho-da-pr-182-interditado-apos-deslizamento\\\/\",\"name\":\"Estado inicia trabalhos para restaurar trecho da PR-182 interditado ap\u00f3s deslizamento - Jornal\",\"isPartOf\":{\"@id\":\"https:\\\/\\\/jornalboasnoticias.com.br\\\/home\\\/#website\"},\"primaryImageOfPage\":{\"@id\":\"https:\\\/\\\/jornalboasnoticias.com.br\\\/home\\\/estado-inicia-trabalhos-para-restaurar-trecho-da-pr-182-interditado-apos-deslizamento\\\/#primaryimage\"},\"image\":{\"@id\":\"https:\\\/\\\/jornalboasnoticias.com.br\\\/home\\\/estado-inicia-trabalhos-para-restaurar-trecho-da-pr-182-interditado-apos-deslizamento\\\/#primaryimage\"},\"thumbnailUrl\":\"https:\\\/\\\/jornalboasnoticias.com.br\\\/home\\\/wp-content\\\/uploads\\\/2022\\\/11\\\/pr-182_salgado_filho_deslizamento_03_0.jpg\",\"datePublished\":\"2022-11-22T19:29:34+00:00\",\"description\":\"Estado inicia trabalhos para restaurar trecho da PR-182 interditado ap\u00f3s deslizamento\",\"breadcrumb\":{\"@id\":\"https:\\\/\\\/jornalboasnoticias.com.br\\\/home\\\/estado-inicia-trabalhos-para-restaurar-trecho-da-pr-182-interditado-apos-deslizamento\\\/#breadcrumb\"},\"inLanguage\":\"pt-BR\",\"potentialAction\":[{\"@type\":\"ReadAction\",\"target\":[\"https:\\\/\\\/jornalboasnoticias.com.br\\\/home\\\/estado-inicia-trabalhos-para-restaurar-trecho-da-pr-182-interditado-apos-deslizamento\\\/\"]}]},{\"@type\":\"ImageObject\",\"inLanguage\":\"pt-BR\",\"@id\":\"https:\\\/\\\/jornalboasnoticias.com.br\\\/home\\\/estado-inicia-trabalhos-para-restaurar-trecho-da-pr-182-interditado-apos-deslizamento\\\/#primaryimage\",\"url\":\"https:\\\/\\\/jornalboasnoticias.com.br\\\/home\\\/wp-content\\\/uploads\\\/2022\\\/11\\\/pr-182_salgado_filho_deslizamento_03_0.jpg\",\"contentUrl\":\"https:\\\/\\\/jornalboasnoticias.com.br\\\/home\\\/wp-content\\\/uploads\\\/2022\\\/11\\\/pr-182_salgado_filho_deslizamento_03_0.jpg\",\"width\":1206,\"height\":804,\"caption\":\"PR-182 Salgado Filho DER\\\/PR inicia trabalhos para restaurar trecho da PR-182 interditado ap\u00f3s deslizamento -\"},{\"@type\":\"BreadcrumbList\",\"@id\":\"https:\\\/\\\/jornalboasnoticias.com.br\\\/home\\\/estado-inicia-trabalhos-para-restaurar-trecho-da-pr-182-interditado-apos-deslizamento\\\/#breadcrumb\",\"itemListElement\":[{\"@type\":\"ListItem\",\"position\":1,\"name\":\"In\u00edcio\",\"item\":\"https:\\\/\\\/jornalboasnoticias.com.br\\\/home\\\/\"},{\"@type\":\"ListItem\",\"position\":2,\"name\":\"Estado inicia trabalhos para restaurar trecho da PR-182 interditado ap\u00f3s deslizamento\"}]},{\"@type\":\"WebSite\",\"@id\":\"https:\\\/\\\/jornalboasnoticias.com.br\\\/home\\\/#website\",\"url\":\"https:\\\/\\\/jornalboasnoticias.com.br\\\/home\\\/\",\"name\":\"Jornal Boas Not\u00edcias\",\"description\":\"Boas not\u00edcias\",\"publisher\":{\"@id\":\"https:\\\/\\\/jornalboasnoticias.com.br\\\/home\\\/#organization\"},\"potentialAction\":[{\"@type\":\"SearchAction\",\"target\":{\"@type\":\"EntryPoint\",\"urlTemplate\":\"https:\\\/\\\/jornalboasnoticias.com.br\\\/home\\\/?s={search_term_string}\"},\"query-input\":{\"@type\":\"PropertyValueSpecification\",\"valueRequired\":true,\"valueName\":\"search_term_string\"}}],\"inLanguage\":\"pt-BR\"},{\"@type\":\"Organization\",\"@id\":\"https:\\\/\\\/jornalboasnoticias.com.br\\\/home\\\/#organization\",\"name\":\"Coq Editora Ltda\",\"alternateName\":\"Jornal Boas Noticias\",\"url\":\"https:\\\/\\\/jornalboasnoticias.com.br\\\/home\\\/\",\"logo\":{\"@type\":\"ImageObject\",\"inLanguage\":\"pt-BR\",\"@id\":\"https:\\\/\\\/jornalboasnoticias.com.br\\\/home\\\/#\\\/schema\\\/logo\\\/image\\\/\",\"url\":\"https:\\\/\\\/jornalboasnoticias.com.br\\\/home\\\/wp-content\\\/uploads\\\/2024\\\/07\\\/cropped-logo.jpg\",\"contentUrl\":\"https:\\\/\\\/jornalboasnoticias.com.br\\\/home\\\/wp-content\\\/uploads\\\/2024\\\/07\\\/cropped-logo.jpg\",\"width\":290,\"height\":142,\"caption\":\"Coq Editora Ltda\"},\"image\":{\"@id\":\"https:\\\/\\\/jornalboasnoticias.com.br\\\/home\\\/#\\\/schema\\\/logo\\\/image\\\/\"},\"sameAs\":[\"https:\\\/\\\/www.facebook.com\\\/boasnoticiasjornal\"]},{\"@type\":\"Person\",\"@id\":\"https:\\\/\\\/jornalboasnoticias.com.br\\\/home\\\/#\\\/schema\\\/person\\\/71a4be4d1685617d6d00f15f0f2952ee\",\"name\":\"Maria Bonatto\",\"image\":{\"@type\":\"ImageObject\",\"inLanguage\":\"pt-BR\",\"@id\":\"https:\\\/\\\/secure.gravatar.com\\\/avatar\\\/61bdbd92f7d53dd2fedfe556279602d97507ae906fdeb9624602488dcdcd042f?s=96&d=mm&r=g\",\"url\":\"https:\\\/\\\/secure.gravatar.com\\\/avatar\\\/61bdbd92f7d53dd2fedfe556279602d97507ae906fdeb9624602488dcdcd042f?s=96&d=mm&r=g\",\"contentUrl\":\"https:\\\/\\\/secure.gravatar.com\\\/avatar\\\/61bdbd92f7d53dd2fedfe556279602d97507ae906fdeb9624602488dcdcd042f?s=96&d=mm&r=g\",\"caption\":\"Maria Bonatto\"},\"url\":\"https:\\\/\\\/jornalboasnoticias.com.br\\\/home\\\/author\\\/ana-bonatto\\\/\"}]}<\/script>\n<!-- \/ Yoast SEO plugin. -->","yoast_head_json":{"title":"Estado inicia trabalhos para restaurar trecho da PR-182 interditado ap\u00f3s deslizamento - Jornal","description":"Estado inicia trabalhos para restaurar trecho da PR-182 interditado ap\u00f3s deslizamento","robots":{"index":"index","follow":"follow","max-snippet":"max-snippet:-1","max-image-preview":"max-image-preview:large","max-video-preview":"max-video-preview:-1"},"canonical":"https:\/\/jornalboasnoticias.com.br\/home\/estado-inicia-trabalhos-para-restaurar-trecho-da-pr-182-interditado-apos-deslizamento\/","og_locale":"pt_BR","og_type":"article","og_title":"Estado inicia trabalhos para restaurar trecho da PR-182 interditado ap\u00f3s deslizamento - Jornal","og_description":"Estado inicia trabalhos para restaurar trecho da PR-182 interditado ap\u00f3s deslizamento","og_url":"https:\/\/jornalboasnoticias.com.br\/home\/estado-inicia-trabalhos-para-restaurar-trecho-da-pr-182-interditado-apos-deslizamento\/","og_site_name":"Jornal","article_publisher":"https:\/\/www.facebook.com\/boasnoticiasjornal","article_published_time":"2022-11-22T19:29:34+00:00","og_image":[{"width":1206,"height":804,"url":"https:\/\/jornalboasnoticias.com.br\/home\/wp-content\/uploads\/2022\/11\/pr-182_salgado_filho_deslizamento_03_0.jpg","type":"image\/jpeg"}],"author":"Maria Bonatto","twitter_card":"summary_large_image","twitter_misc":{"Escrito por":"Maria Bonatto","Est. tempo de leitura":"2 minutos"},"schema":{"@context":"https:\/\/schema.org","@graph":[{"@type":"Article","@id":"https:\/\/jornalboasnoticias.com.br\/home\/estado-inicia-trabalhos-para-restaurar-trecho-da-pr-182-interditado-apos-deslizamento\/#article","isPartOf":{"@id":"https:\/\/jornalboasnoticias.com.br\/home\/estado-inicia-trabalhos-para-restaurar-trecho-da-pr-182-interditado-apos-deslizamento\/"},"author":{"name":"Maria Bonatto","@id":"https:\/\/jornalboasnoticias.com.br\/home\/#\/schema\/person\/71a4be4d1685617d6d00f15f0f2952ee"},"headline":"Estado inicia trabalhos para restaurar trecho da PR-182 interditado ap\u00f3s deslizamento","datePublished":"2022-11-22T19:29:34+00:00","mainEntityOfPage":{"@id":"https:\/\/jornalboasnoticias.com.br\/home\/estado-inicia-trabalhos-para-restaurar-trecho-da-pr-182-interditado-apos-deslizamento\/"},"wordCount":329,"commentCount":0,"publisher":{"@id":"https:\/\/jornalboasnoticias.com.br\/home\/#organization"},"image":{"@id":"https:\/\/jornalboasnoticias.com.br\/home\/estado-inicia-trabalhos-para-restaurar-trecho-da-pr-182-interditado-apos-deslizamento\/#primaryimage"},"thumbnailUrl":"https:\/\/jornalboasnoticias.com.br\/home\/wp-content\/uploads\/2022\/11\/pr-182_salgado_filho_deslizamento_03_0.jpg","articleSection":["DESTAQUE","PARAN\u00c1"],"inLanguage":"pt-BR","potentialAction":[{"@type":"CommentAction","name":"Comment","target":["https:\/\/jornalboasnoticias.com.br\/home\/estado-inicia-trabalhos-para-restaurar-trecho-da-pr-182-interditado-apos-deslizamento\/#respond"]}]},{"@type":"WebPage","@id":"https:\/\/jornalboasnoticias.com.br\/home\/estado-inicia-trabalhos-para-restaurar-trecho-da-pr-182-interditado-apos-deslizamento\/","url":"https:\/\/jornalboasnoticias.com.br\/home\/estado-inicia-trabalhos-para-restaurar-trecho-da-pr-182-interditado-apos-deslizamento\/","name":"Estado inicia trabalhos para restaurar trecho da PR-182 interditado ap\u00f3s deslizamento - Jornal","isPartOf":{"@id":"https:\/\/jornalboasnoticias.com.br\/home\/#website"},"primaryImageOfPage":{"@id":"https:\/\/jornalboasnoticias.com.br\/home\/estado-inicia-trabalhos-para-restaurar-trecho-da-pr-182-interditado-apos-deslizamento\/#primaryimage"},"image":{"@id":"https:\/\/jornalboasnoticias.com.br\/home\/estado-inicia-trabalhos-para-restaurar-trecho-da-pr-182-interditado-apos-deslizamento\/#primaryimage"},"thumbnailUrl":"https:\/\/jornalboasnoticias.com.br\/home\/wp-content\/uploads\/2022\/11\/pr-182_salgado_filho_deslizamento_03_0.jpg","datePublished":"2022-11-22T19:29:34+00:00","description":"Estado inicia trabalhos para restaurar trecho da PR-182 interditado ap\u00f3s deslizamento","breadcrumb":{"@id":"https:\/\/jornalboasnoticias.com.br\/home\/estado-inicia-trabalhos-para-restaurar-trecho-da-pr-182-interditado-apos-deslizamento\/#breadcrumb"},"inLanguage":"pt-BR","potentialAction":[{"@type":"ReadAction","target":["https:\/\/jornalboasnoticias.com.br\/home\/estado-inicia-trabalhos-para-restaurar-trecho-da-pr-182-interditado-apos-deslizamento\/"]}]},{"@type":"ImageObject","inLanguage":"pt-BR","@id":"https:\/\/jornalboasnoticias.com.br\/home\/estado-inicia-trabalhos-para-restaurar-trecho-da-pr-182-interditado-apos-deslizamento\/#primaryimage","url":"https:\/\/jornalboasnoticias.com.br\/home\/wp-content\/uploads\/2022\/11\/pr-182_salgado_filho_deslizamento_03_0.jpg","contentUrl":"https:\/\/jornalboasnoticias.com.br\/home\/wp-content\/uploads\/2022\/11\/pr-182_salgado_filho_deslizamento_03_0.jpg","width":1206,"height":804,"caption":"PR-182 Salgado Filho DER\/PR inicia trabalhos para restaurar trecho da PR-182 interditado ap\u00f3s deslizamento -"},{"@type":"BreadcrumbList","@id":"https:\/\/jornalboasnoticias.com.br\/home\/estado-inicia-trabalhos-para-restaurar-trecho-da-pr-182-interditado-apos-deslizamento\/#breadcrumb","itemListElement":[{"@type":"ListItem","position":1,"name":"In\u00edcio","item":"https:\/\/jornalboasnoticias.com.br\/home\/"},{"@type":"ListItem","position":2,"name":"Estado inicia trabalhos para restaurar trecho da PR-182 interditado ap\u00f3s deslizamento"}]},{"@type":"WebSite","@id":"https:\/\/jornalboasnoticias.com.br\/home\/#website","url":"https:\/\/jornalboasnoticias.com.br\/home\/","name":"Jornal Boas Not\u00edcias","description":"Boas not\u00edcias","publisher":{"@id":"https:\/\/jornalboasnoticias.com.br\/home\/#organization"},"potentialAction":[{"@type":"SearchAction","target":{"@type":"EntryPoint","urlTemplate":"https:\/\/jornalboasnoticias.com.br\/home\/?s={search_term_string}"},"query-input":{"@type":"PropertyValueSpecification","valueRequired":true,"valueName":"search_term_string"}}],"inLanguage":"pt-BR"},{"@type":"Organization","@id":"https:\/\/jornalboasnoticias.com.br\/home\/#organization","name":"Coq Editora Ltda","alternateName":"Jornal Boas Noticias","url":"https:\/\/jornalboasnoticias.com.br\/home\/","logo":{"@type":"ImageObject","inLanguage":"pt-BR","@id":"https:\/\/jornalboasnoticias.com.br\/home\/#\/schema\/logo\/image\/","url":"https:\/\/jornalboasnoticias.com.br\/home\/wp-content\/uploads\/2024\/07\/cropped-logo.jpg","contentUrl":"https:\/\/jornalboasnoticias.com.br\/home\/wp-content\/uploads\/2024\/07\/cropped-logo.jpg","width":290,"height":142,"caption":"Coq Editora Ltda"},"image":{"@id":"https:\/\/jornalboasnoticias.com.br\/home\/#\/schema\/logo\/image\/"},"sameAs":["https:\/\/www.facebook.com\/boasnoticiasjornal"]},{"@type":"Person","@id":"https:\/\/jornalboasnoticias.com.br\/home\/#\/schema\/person\/71a4be4d1685617d6d00f15f0f2952ee","name":"Maria Bonatto","image":{"@type":"ImageObject","inLanguage":"pt-BR","@id":"https:\/\/secure.gravatar.com\/avatar\/61bdbd92f7d53dd2fedfe556279602d97507ae906fdeb9624602488dcdcd042f?s=96&d=mm&r=g","url":"https:\/\/secure.gravatar.com\/avatar\/61bdbd92f7d53dd2fedfe556279602d97507ae906fdeb9624602488dcdcd042f?s=96&d=mm&r=g","contentUrl":"https:\/\/secure.gravatar.com\/avatar\/61bdbd92f7d53dd2fedfe556279602d97507ae906fdeb9624602488dcdcd042f?s=96&d=mm&r=g","caption":"Maria Bonatto"},"url":"https:\/\/jornalboasnoticias.com.br\/home\/author\/ana-bonatto\/"}]}},"_links":{"self":[{"href":"https:\/\/jornalboasnoticias.com.br\/home\/wp-json\/wp\/v2\/posts\/29913","targetHints":{"allow":["GET"]}}],"collection":[{"href":"https:\/\/jornalboasnoticias.com.br\/home\/wp-json\/wp\/v2\/posts"}],"about":[{"href":"https:\/\/jornalboasnoticias.com.br\/home\/wp-json\/wp\/v2\/types\/post"}],"author":[{"embeddable":true,"href":"https:\/\/jornalboasnoticias.com.br\/home\/wp-json\/wp\/v2\/users\/2"}],"replies":[{"embeddable":true,"href":"https:\/\/jornalboasnoticias.com.br\/home\/wp-json\/wp\/v2\/comments?post=29913"}],"version-history":[{"count":0,"href":"https:\/\/jornalboasnoticias.com.br\/home\/wp-json\/wp\/v2\/posts\/29913\/revisions"}],"wp:featuredmedia":[{"embeddable":true,"href":"https:\/\/jornalboasnoticias.com.br\/home\/wp-json\/wp\/v2\/media\/29914"}],"wp:attachment":[{"href":"https:\/\/jornalboasnoticias.com.br\/home\/wp-json\/wp\/v2\/media?parent=29913"}],"wp:term":[{"taxonomy":"category","embeddable":true,"href":"https:\/\/jornalboasnoticias.com.br\/home\/wp-json\/wp\/v2\/categories?post=29913"},{"taxonomy":"post_tag","embeddable":true,"href":"https:\/\/jornalboasnoticias.com.br\/home\/wp-json\/wp\/v2\/tags?post=29913"}],"curies":[{"name":"wp","href":"https:\/\/api.w.org\/{rel}","templated":true}]}}