{"id":19718,"date":"2022-02-07T10:19:53","date_gmt":"2022-02-07T13:19:53","guid":{"rendered":"https:\/\/www.jornalboasnoticias.com.br\/?p=19718"},"modified":"2022-02-07T10:19:53","modified_gmt":"2022-02-07T13:19:53","slug":"vacinas-para-criancas-de-5-a-11-anos-serao-distribuidos-ate-o-dia-15","status":"publish","type":"post","link":"https:\/\/jornalboasnoticias.com.br\/home\/vacinas-para-criancas-de-5-a-11-anos-serao-distribuidos-ate-o-dia-15\/","title":{"rendered":"Vacinas para crian\u00e7as de 5 a 11 anos ser\u00e3o distribu\u00eddos at\u00e9 o dia 15"},"content":{"rendered":"<blockquote>\n<p style=\"text-align: center;\">Informa\u00e7\u00e3o foi dada hoje pelo ministro da Sa\u00fade<\/p>\n<\/blockquote>\n<figure id=\"attachment_18981\" aria-describedby=\"caption-attachment-18981\" style=\"width: 548px\" class=\"wp-caption aligncenter\"><img loading=\"lazy\" decoding=\"async\" class=\"size-medium wp-image-18981\" src=\"https:\/\/www.jornalboasnoticias.com.br\/wp-content\/uploads\/2022\/01\/9ABB8EBC-1ABC-4449-AC4E-189BF700D522-548x365.jpeg\" alt=\"\" width=\"548\" height=\"365\" \/><figcaption id=\"caption-attachment-18981\" class=\"wp-caption-text\"><em>Foto: Geraldo Bubniak\/AEN<\/em><\/figcaption><\/figure>\n<p>At\u00e9\u00a0o dia\u00a015 de fevereiro\u00a0todas as doses para a vacina\u00e7\u00e3o de crian\u00e7as entre\u00a0cinco\u00a0e 11 anos\u00a0de idade\u00a0ser\u00e3o distribu\u00eddas.\u00a0A informa\u00e7\u00e3o foi dada pelo ministro da Sa\u00fade , Marcelo Queiroga, em conversa com jornalistas na manh\u00e3 desta\u00a0segunda-feira (7). &#8220;Estamos trabalhando fortemente para antecipar as doses infantis para que os pais exer\u00e7am o direito de vacinar seus filhos\u201d, afirmou o ministro.<img decoding=\"async\" src=\"https:\/\/agenciabrasil.ebc.com.br\/ebc.png?id=1440772&amp;o=node\" \/><img decoding=\"async\" src=\"https:\/\/agenciabrasil.ebc.com.br\/ebc.gif?id=1440772&amp;o=node\" \/><\/p>\n<p>No Brasil, onde 20 milh\u00f5es de crian\u00e7as que podem receber o imunizante, a Ag\u00eancia Nacional de Vigil\u00e2ncia Sanit\u00e1ria ( Anvisa) autorizou vacinas pedi\u00e1tricas da Pfizer e a CoronaVac, que devem ser aplicadas em de duas. &#8220;Todas as vacinas foram desenvolvidas em curto espa\u00e7o de tempo, mas temos que avan\u00e7ar de maneira sustentada trazendo os pais para buscar a imuniza\u00e7\u00e3o, sem obrig\u00e1-los&#8221;, destacou Queiroga.<\/p>\n<p>(Ag\u00eancia Brasil)<\/p>\n","protected":false},"excerpt":{"rendered":"<p>Informa\u00e7\u00e3o foi dada hoje pelo ministro da Sa\u00fade At\u00e9\u00a0o dia\u00a015 de fevereiro\u00a0todas as doses para<\/p>\n","protected":false},"author":2,"featured_media":18981,"comment_status":"open","ping_status":"open","sticky":false,"template":"","format":"standard","meta":{"footnotes":""},"categories":[2],"tags":[],"class_list":["post-19718","post","type-post","status-publish","format-standard","has-post-thumbnail","hentry","category-cascavel"],"yoast_head":"<!-- This site is optimized with the Yoast SEO plugin v27.5 - https:\/\/yoast.com\/product\/yoast-seo-wordpress\/ -->\n<title>Vacinas para crian\u00e7as de 5 a 11 anos ser\u00e3o distribu\u00eddos at\u00e9 o dia 15 - Jornal<\/title>\n<meta name=\"description\" content=\"Vacinas para crian\u00e7as de 5 a 11 anos ser\u00e3o distribu\u00eddos at\u00e9 o dia 15\" \/>\n<meta name=\"robots\" content=\"index, follow, max-snippet:-1, max-image-preview:large, max-video-preview:-1\" \/>\n<link rel=\"canonical\" href=\"https:\/\/jornalboasnoticias.com.br\/home\/vacinas-para-criancas-de-5-a-11-anos-serao-distribuidos-ate-o-dia-15\/\" \/>\n<meta property=\"og:locale\" content=\"pt_BR\" \/>\n<meta property=\"og:type\" content=\"article\" \/>\n<meta property=\"og:title\" content=\"Vacinas para crian\u00e7as de 5 a 11 anos ser\u00e3o distribu\u00eddos at\u00e9 o dia 15 - Jornal\" \/>\n<meta property=\"og:description\" content=\"Vacinas para crian\u00e7as de 5 a 11 anos ser\u00e3o distribu\u00eddos at\u00e9 o dia 15\" \/>\n<meta property=\"og:url\" content=\"https:\/\/jornalboasnoticias.com.br\/home\/vacinas-para-criancas-de-5-a-11-anos-serao-distribuidos-ate-o-dia-15\/\" \/>\n<meta property=\"og:site_name\" content=\"Jornal\" \/>\n<meta property=\"article:publisher\" content=\"https:\/\/www.facebook.com\/boasnoticiasjornal\" \/>\n<meta property=\"article:published_time\" content=\"2022-02-07T13:19:53+00:00\" \/>\n<meta property=\"og:image\" content=\"https:\/\/jornalboasnoticias.com.br\/home\/wp-content\/uploads\/2022\/01\/9ABB8EBC-1ABC-4449-AC4E-189BF700D522-scaled-1.jpeg\" \/>\n\t<meta property=\"og:image:width\" content=\"2560\" \/>\n\t<meta property=\"og:image:height\" content=\"1707\" \/>\n\t<meta property=\"og:image:type\" content=\"image\/jpeg\" \/>\n<meta name=\"author\" content=\"Maria Bonatto\" \/>\n<meta name=\"twitter:card\" content=\"summary_large_image\" \/>\n<meta name=\"twitter:label1\" content=\"Escrito por\" \/>\n\t<meta name=\"twitter:data1\" content=\"Maria Bonatto\" \/>\n\t<meta name=\"twitter:label2\" content=\"Est. tempo de leitura\" \/>\n\t<meta name=\"twitter:data2\" content=\"1 minuto\" \/>\n<script type=\"application\/ld+json\" class=\"yoast-schema-graph\">{\"@context\":\"https:\\\/\\\/schema.org\",\"@graph\":[{\"@type\":\"Article\",\"@id\":\"https:\\\/\\\/jornalboasnoticias.com.br\\\/home\\\/vacinas-para-criancas-de-5-a-11-anos-serao-distribuidos-ate-o-dia-15\\\/#article\",\"isPartOf\":{\"@id\":\"https:\\\/\\\/jornalboasnoticias.com.br\\\/home\\\/vacinas-para-criancas-de-5-a-11-anos-serao-distribuidos-ate-o-dia-15\\\/\"},\"author\":{\"name\":\"Maria Bonatto\",\"@id\":\"https:\\\/\\\/jornalboasnoticias.com.br\\\/home\\\/#\\\/schema\\\/person\\\/71a4be4d1685617d6d00f15f0f2952ee\"},\"headline\":\"Vacinas para crian\u00e7as de 5 a 11 anos ser\u00e3o distribu\u00eddos at\u00e9 o dia 15\",\"datePublished\":\"2022-02-07T13:19:53+00:00\",\"mainEntityOfPage\":{\"@id\":\"https:\\\/\\\/jornalboasnoticias.com.br\\\/home\\\/vacinas-para-criancas-de-5-a-11-anos-serao-distribuidos-ate-o-dia-15\\\/\"},\"wordCount\":177,\"commentCount\":0,\"publisher\":{\"@id\":\"https:\\\/\\\/jornalboasnoticias.com.br\\\/home\\\/#organization\"},\"image\":{\"@id\":\"https:\\\/\\\/jornalboasnoticias.com.br\\\/home\\\/vacinas-para-criancas-de-5-a-11-anos-serao-distribuidos-ate-o-dia-15\\\/#primaryimage\"},\"thumbnailUrl\":\"https:\\\/\\\/jornalboasnoticias.com.br\\\/home\\\/wp-content\\\/uploads\\\/2022\\\/01\\\/9ABB8EBC-1ABC-4449-AC4E-189BF700D522-scaled-1.jpeg\",\"articleSection\":[\"CASCAVEL\"],\"inLanguage\":\"pt-BR\",\"potentialAction\":[{\"@type\":\"CommentAction\",\"name\":\"Comment\",\"target\":[\"https:\\\/\\\/jornalboasnoticias.com.br\\\/home\\\/vacinas-para-criancas-de-5-a-11-anos-serao-distribuidos-ate-o-dia-15\\\/#respond\"]}]},{\"@type\":\"WebPage\",\"@id\":\"https:\\\/\\\/jornalboasnoticias.com.br\\\/home\\\/vacinas-para-criancas-de-5-a-11-anos-serao-distribuidos-ate-o-dia-15\\\/\",\"url\":\"https:\\\/\\\/jornalboasnoticias.com.br\\\/home\\\/vacinas-para-criancas-de-5-a-11-anos-serao-distribuidos-ate-o-dia-15\\\/\",\"name\":\"Vacinas para crian\u00e7as de 5 a 11 anos ser\u00e3o distribu\u00eddos at\u00e9 o dia 15 - Jornal\",\"isPartOf\":{\"@id\":\"https:\\\/\\\/jornalboasnoticias.com.br\\\/home\\\/#website\"},\"primaryImageOfPage\":{\"@id\":\"https:\\\/\\\/jornalboasnoticias.com.br\\\/home\\\/vacinas-para-criancas-de-5-a-11-anos-serao-distribuidos-ate-o-dia-15\\\/#primaryimage\"},\"image\":{\"@id\":\"https:\\\/\\\/jornalboasnoticias.com.br\\\/home\\\/vacinas-para-criancas-de-5-a-11-anos-serao-distribuidos-ate-o-dia-15\\\/#primaryimage\"},\"thumbnailUrl\":\"https:\\\/\\\/jornalboasnoticias.com.br\\\/home\\\/wp-content\\\/uploads\\\/2022\\\/01\\\/9ABB8EBC-1ABC-4449-AC4E-189BF700D522-scaled-1.jpeg\",\"datePublished\":\"2022-02-07T13:19:53+00:00\",\"description\":\"Vacinas para crian\u00e7as de 5 a 11 anos ser\u00e3o distribu\u00eddos at\u00e9 o dia 15\",\"breadcrumb\":{\"@id\":\"https:\\\/\\\/jornalboasnoticias.com.br\\\/home\\\/vacinas-para-criancas-de-5-a-11-anos-serao-distribuidos-ate-o-dia-15\\\/#breadcrumb\"},\"inLanguage\":\"pt-BR\",\"potentialAction\":[{\"@type\":\"ReadAction\",\"target\":[\"https:\\\/\\\/jornalboasnoticias.com.br\\\/home\\\/vacinas-para-criancas-de-5-a-11-anos-serao-distribuidos-ate-o-dia-15\\\/\"]}]},{\"@type\":\"ImageObject\",\"inLanguage\":\"pt-BR\",\"@id\":\"https:\\\/\\\/jornalboasnoticias.com.br\\\/home\\\/vacinas-para-criancas-de-5-a-11-anos-serao-distribuidos-ate-o-dia-15\\\/#primaryimage\",\"url\":\"https:\\\/\\\/jornalboasnoticias.com.br\\\/home\\\/wp-content\\\/uploads\\\/2022\\\/01\\\/9ABB8EBC-1ABC-4449-AC4E-189BF700D522-scaled-1.jpeg\",\"contentUrl\":\"https:\\\/\\\/jornalboasnoticias.com.br\\\/home\\\/wp-content\\\/uploads\\\/2022\\\/01\\\/9ABB8EBC-1ABC-4449-AC4E-189BF700D522-scaled-1.jpeg\",\"width\":2560,\"height\":1707,\"caption\":\"Foto: Geraldo Bubniak\\\/AEN\"},{\"@type\":\"BreadcrumbList\",\"@id\":\"https:\\\/\\\/jornalboasnoticias.com.br\\\/home\\\/vacinas-para-criancas-de-5-a-11-anos-serao-distribuidos-ate-o-dia-15\\\/#breadcrumb\",\"itemListElement\":[{\"@type\":\"ListItem\",\"position\":1,\"name\":\"In\u00edcio\",\"item\":\"https:\\\/\\\/jornalboasnoticias.com.br\\\/home\\\/\"},{\"@type\":\"ListItem\",\"position\":2,\"name\":\"Vacinas para crian\u00e7as de 5 a 11 anos ser\u00e3o distribu\u00eddos at\u00e9 o dia 15\"}]},{\"@type\":\"WebSite\",\"@id\":\"https:\\\/\\\/jornalboasnoticias.com.br\\\/home\\\/#website\",\"url\":\"https:\\\/\\\/jornalboasnoticias.com.br\\\/home\\\/\",\"name\":\"Jornal Boas Not\u00edcias\",\"description\":\"Boas not\u00edcias\",\"publisher\":{\"@id\":\"https:\\\/\\\/jornalboasnoticias.com.br\\\/home\\\/#organization\"},\"potentialAction\":[{\"@type\":\"SearchAction\",\"target\":{\"@type\":\"EntryPoint\",\"urlTemplate\":\"https:\\\/\\\/jornalboasnoticias.com.br\\\/home\\\/?s={search_term_string}\"},\"query-input\":{\"@type\":\"PropertyValueSpecification\",\"valueRequired\":true,\"valueName\":\"search_term_string\"}}],\"inLanguage\":\"pt-BR\"},{\"@type\":\"Organization\",\"@id\":\"https:\\\/\\\/jornalboasnoticias.com.br\\\/home\\\/#organization\",\"name\":\"Coq Editora Ltda\",\"alternateName\":\"Jornal Boas Noticias\",\"url\":\"https:\\\/\\\/jornalboasnoticias.com.br\\\/home\\\/\",\"logo\":{\"@type\":\"ImageObject\",\"inLanguage\":\"pt-BR\",\"@id\":\"https:\\\/\\\/jornalboasnoticias.com.br\\\/home\\\/#\\\/schema\\\/logo\\\/image\\\/\",\"url\":\"https:\\\/\\\/jornalboasnoticias.com.br\\\/home\\\/wp-content\\\/uploads\\\/2024\\\/07\\\/cropped-logo.jpg\",\"contentUrl\":\"https:\\\/\\\/jornalboasnoticias.com.br\\\/home\\\/wp-content\\\/uploads\\\/2024\\\/07\\\/cropped-logo.jpg\",\"width\":290,\"height\":142,\"caption\":\"Coq Editora Ltda\"},\"image\":{\"@id\":\"https:\\\/\\\/jornalboasnoticias.com.br\\\/home\\\/#\\\/schema\\\/logo\\\/image\\\/\"},\"sameAs\":[\"https:\\\/\\\/www.facebook.com\\\/boasnoticiasjornal\"]},{\"@type\":\"Person\",\"@id\":\"https:\\\/\\\/jornalboasnoticias.com.br\\\/home\\\/#\\\/schema\\\/person\\\/71a4be4d1685617d6d00f15f0f2952ee\",\"name\":\"Maria Bonatto\",\"image\":{\"@type\":\"ImageObject\",\"inLanguage\":\"pt-BR\",\"@id\":\"https:\\\/\\\/secure.gravatar.com\\\/avatar\\\/61bdbd92f7d53dd2fedfe556279602d97507ae906fdeb9624602488dcdcd042f?s=96&d=mm&r=g\",\"url\":\"https:\\\/\\\/secure.gravatar.com\\\/avatar\\\/61bdbd92f7d53dd2fedfe556279602d97507ae906fdeb9624602488dcdcd042f?s=96&d=mm&r=g\",\"contentUrl\":\"https:\\\/\\\/secure.gravatar.com\\\/avatar\\\/61bdbd92f7d53dd2fedfe556279602d97507ae906fdeb9624602488dcdcd042f?s=96&d=mm&r=g\",\"caption\":\"Maria Bonatto\"},\"url\":\"https:\\\/\\\/jornalboasnoticias.com.br\\\/home\\\/author\\\/ana-bonatto\\\/\"}]}<\/script>\n<!-- \/ Yoast SEO plugin. -->","yoast_head_json":{"title":"Vacinas para crian\u00e7as de 5 a 11 anos ser\u00e3o distribu\u00eddos at\u00e9 o dia 15 - Jornal","description":"Vacinas para crian\u00e7as de 5 a 11 anos ser\u00e3o distribu\u00eddos at\u00e9 o dia 15","robots":{"index":"index","follow":"follow","max-snippet":"max-snippet:-1","max-image-preview":"max-image-preview:large","max-video-preview":"max-video-preview:-1"},"canonical":"https:\/\/jornalboasnoticias.com.br\/home\/vacinas-para-criancas-de-5-a-11-anos-serao-distribuidos-ate-o-dia-15\/","og_locale":"pt_BR","og_type":"article","og_title":"Vacinas para crian\u00e7as de 5 a 11 anos ser\u00e3o distribu\u00eddos at\u00e9 o dia 15 - Jornal","og_description":"Vacinas para crian\u00e7as de 5 a 11 anos ser\u00e3o distribu\u00eddos at\u00e9 o dia 15","og_url":"https:\/\/jornalboasnoticias.com.br\/home\/vacinas-para-criancas-de-5-a-11-anos-serao-distribuidos-ate-o-dia-15\/","og_site_name":"Jornal","article_publisher":"https:\/\/www.facebook.com\/boasnoticiasjornal","article_published_time":"2022-02-07T13:19:53+00:00","og_image":[{"width":2560,"height":1707,"url":"https:\/\/jornalboasnoticias.com.br\/home\/wp-content\/uploads\/2022\/01\/9ABB8EBC-1ABC-4449-AC4E-189BF700D522-scaled-1.jpeg","type":"image\/jpeg"}],"author":"Maria Bonatto","twitter_card":"summary_large_image","twitter_misc":{"Escrito por":"Maria Bonatto","Est. tempo de leitura":"1 minuto"},"schema":{"@context":"https:\/\/schema.org","@graph":[{"@type":"Article","@id":"https:\/\/jornalboasnoticias.com.br\/home\/vacinas-para-criancas-de-5-a-11-anos-serao-distribuidos-ate-o-dia-15\/#article","isPartOf":{"@id":"https:\/\/jornalboasnoticias.com.br\/home\/vacinas-para-criancas-de-5-a-11-anos-serao-distribuidos-ate-o-dia-15\/"},"author":{"name":"Maria Bonatto","@id":"https:\/\/jornalboasnoticias.com.br\/home\/#\/schema\/person\/71a4be4d1685617d6d00f15f0f2952ee"},"headline":"Vacinas para crian\u00e7as de 5 a 11 anos ser\u00e3o distribu\u00eddos at\u00e9 o dia 15","datePublished":"2022-02-07T13:19:53+00:00","mainEntityOfPage":{"@id":"https:\/\/jornalboasnoticias.com.br\/home\/vacinas-para-criancas-de-5-a-11-anos-serao-distribuidos-ate-o-dia-15\/"},"wordCount":177,"commentCount":0,"publisher":{"@id":"https:\/\/jornalboasnoticias.com.br\/home\/#organization"},"image":{"@id":"https:\/\/jornalboasnoticias.com.br\/home\/vacinas-para-criancas-de-5-a-11-anos-serao-distribuidos-ate-o-dia-15\/#primaryimage"},"thumbnailUrl":"https:\/\/jornalboasnoticias.com.br\/home\/wp-content\/uploads\/2022\/01\/9ABB8EBC-1ABC-4449-AC4E-189BF700D522-scaled-1.jpeg","articleSection":["CASCAVEL"],"inLanguage":"pt-BR","potentialAction":[{"@type":"CommentAction","name":"Comment","target":["https:\/\/jornalboasnoticias.com.br\/home\/vacinas-para-criancas-de-5-a-11-anos-serao-distribuidos-ate-o-dia-15\/#respond"]}]},{"@type":"WebPage","@id":"https:\/\/jornalboasnoticias.com.br\/home\/vacinas-para-criancas-de-5-a-11-anos-serao-distribuidos-ate-o-dia-15\/","url":"https:\/\/jornalboasnoticias.com.br\/home\/vacinas-para-criancas-de-5-a-11-anos-serao-distribuidos-ate-o-dia-15\/","name":"Vacinas para crian\u00e7as de 5 a 11 anos ser\u00e3o distribu\u00eddos at\u00e9 o dia 15 - Jornal","isPartOf":{"@id":"https:\/\/jornalboasnoticias.com.br\/home\/#website"},"primaryImageOfPage":{"@id":"https:\/\/jornalboasnoticias.com.br\/home\/vacinas-para-criancas-de-5-a-11-anos-serao-distribuidos-ate-o-dia-15\/#primaryimage"},"image":{"@id":"https:\/\/jornalboasnoticias.com.br\/home\/vacinas-para-criancas-de-5-a-11-anos-serao-distribuidos-ate-o-dia-15\/#primaryimage"},"thumbnailUrl":"https:\/\/jornalboasnoticias.com.br\/home\/wp-content\/uploads\/2022\/01\/9ABB8EBC-1ABC-4449-AC4E-189BF700D522-scaled-1.jpeg","datePublished":"2022-02-07T13:19:53+00:00","description":"Vacinas para crian\u00e7as de 5 a 11 anos ser\u00e3o distribu\u00eddos at\u00e9 o dia 15","breadcrumb":{"@id":"https:\/\/jornalboasnoticias.com.br\/home\/vacinas-para-criancas-de-5-a-11-anos-serao-distribuidos-ate-o-dia-15\/#breadcrumb"},"inLanguage":"pt-BR","potentialAction":[{"@type":"ReadAction","target":["https:\/\/jornalboasnoticias.com.br\/home\/vacinas-para-criancas-de-5-a-11-anos-serao-distribuidos-ate-o-dia-15\/"]}]},{"@type":"ImageObject","inLanguage":"pt-BR","@id":"https:\/\/jornalboasnoticias.com.br\/home\/vacinas-para-criancas-de-5-a-11-anos-serao-distribuidos-ate-o-dia-15\/#primaryimage","url":"https:\/\/jornalboasnoticias.com.br\/home\/wp-content\/uploads\/2022\/01\/9ABB8EBC-1ABC-4449-AC4E-189BF700D522-scaled-1.jpeg","contentUrl":"https:\/\/jornalboasnoticias.com.br\/home\/wp-content\/uploads\/2022\/01\/9ABB8EBC-1ABC-4449-AC4E-189BF700D522-scaled-1.jpeg","width":2560,"height":1707,"caption":"Foto: Geraldo Bubniak\/AEN"},{"@type":"BreadcrumbList","@id":"https:\/\/jornalboasnoticias.com.br\/home\/vacinas-para-criancas-de-5-a-11-anos-serao-distribuidos-ate-o-dia-15\/#breadcrumb","itemListElement":[{"@type":"ListItem","position":1,"name":"In\u00edcio","item":"https:\/\/jornalboasnoticias.com.br\/home\/"},{"@type":"ListItem","position":2,"name":"Vacinas para crian\u00e7as de 5 a 11 anos ser\u00e3o distribu\u00eddos at\u00e9 o dia 15"}]},{"@type":"WebSite","@id":"https:\/\/jornalboasnoticias.com.br\/home\/#website","url":"https:\/\/jornalboasnoticias.com.br\/home\/","name":"Jornal Boas Not\u00edcias","description":"Boas not\u00edcias","publisher":{"@id":"https:\/\/jornalboasnoticias.com.br\/home\/#organization"},"potentialAction":[{"@type":"SearchAction","target":{"@type":"EntryPoint","urlTemplate":"https:\/\/jornalboasnoticias.com.br\/home\/?s={search_term_string}"},"query-input":{"@type":"PropertyValueSpecification","valueRequired":true,"valueName":"search_term_string"}}],"inLanguage":"pt-BR"},{"@type":"Organization","@id":"https:\/\/jornalboasnoticias.com.br\/home\/#organization","name":"Coq Editora Ltda","alternateName":"Jornal Boas Noticias","url":"https:\/\/jornalboasnoticias.com.br\/home\/","logo":{"@type":"ImageObject","inLanguage":"pt-BR","@id":"https:\/\/jornalboasnoticias.com.br\/home\/#\/schema\/logo\/image\/","url":"https:\/\/jornalboasnoticias.com.br\/home\/wp-content\/uploads\/2024\/07\/cropped-logo.jpg","contentUrl":"https:\/\/jornalboasnoticias.com.br\/home\/wp-content\/uploads\/2024\/07\/cropped-logo.jpg","width":290,"height":142,"caption":"Coq Editora Ltda"},"image":{"@id":"https:\/\/jornalboasnoticias.com.br\/home\/#\/schema\/logo\/image\/"},"sameAs":["https:\/\/www.facebook.com\/boasnoticiasjornal"]},{"@type":"Person","@id":"https:\/\/jornalboasnoticias.com.br\/home\/#\/schema\/person\/71a4be4d1685617d6d00f15f0f2952ee","name":"Maria Bonatto","image":{"@type":"ImageObject","inLanguage":"pt-BR","@id":"https:\/\/secure.gravatar.com\/avatar\/61bdbd92f7d53dd2fedfe556279602d97507ae906fdeb9624602488dcdcd042f?s=96&d=mm&r=g","url":"https:\/\/secure.gravatar.com\/avatar\/61bdbd92f7d53dd2fedfe556279602d97507ae906fdeb9624602488dcdcd042f?s=96&d=mm&r=g","contentUrl":"https:\/\/secure.gravatar.com\/avatar\/61bdbd92f7d53dd2fedfe556279602d97507ae906fdeb9624602488dcdcd042f?s=96&d=mm&r=g","caption":"Maria Bonatto"},"url":"https:\/\/jornalboasnoticias.com.br\/home\/author\/ana-bonatto\/"}]}},"_links":{"self":[{"href":"https:\/\/jornalboasnoticias.com.br\/home\/wp-json\/wp\/v2\/posts\/19718","targetHints":{"allow":["GET"]}}],"collection":[{"href":"https:\/\/jornalboasnoticias.com.br\/home\/wp-json\/wp\/v2\/posts"}],"about":[{"href":"https:\/\/jornalboasnoticias.com.br\/home\/wp-json\/wp\/v2\/types\/post"}],"author":[{"embeddable":true,"href":"https:\/\/jornalboasnoticias.com.br\/home\/wp-json\/wp\/v2\/users\/2"}],"replies":[{"embeddable":true,"href":"https:\/\/jornalboasnoticias.com.br\/home\/wp-json\/wp\/v2\/comments?post=19718"}],"version-history":[{"count":0,"href":"https:\/\/jornalboasnoticias.com.br\/home\/wp-json\/wp\/v2\/posts\/19718\/revisions"}],"wp:featuredmedia":[{"embeddable":true,"href":"https:\/\/jornalboasnoticias.com.br\/home\/wp-json\/wp\/v2\/media\/18981"}],"wp:attachment":[{"href":"https:\/\/jornalboasnoticias.com.br\/home\/wp-json\/wp\/v2\/media?parent=19718"}],"wp:term":[{"taxonomy":"category","embeddable":true,"href":"https:\/\/jornalboasnoticias.com.br\/home\/wp-json\/wp\/v2\/categories?post=19718"},{"taxonomy":"post_tag","embeddable":true,"href":"https:\/\/jornalboasnoticias.com.br\/home\/wp-json\/wp\/v2\/tags?post=19718"}],"curies":[{"name":"wp","href":"https:\/\/api.w.org\/{rel}","templated":true}]}}